{"id":375009,"date":"2024-08-14T08:31:44","date_gmt":"2024-08-14T11:31:44","guid":{"rendered":"https:\/\/blogdofarnesio.com.br\/?p=375009"},"modified":"2024-08-13T16:33:19","modified_gmt":"2024-08-13T19:33:19","slug":"enem-dos-concursos-prova-e-neste-domingo18-veja-locais-horarios-e-regras","status":"publish","type":"post","link":"https:\/\/blogdofarnesio.com.br\/?p=375009","title":{"rendered":"\u2018Enem dos concursos\u2019: prova \u00e9 neste domingo,18; veja locais, hor\u00e1rios e regras"},"content":{"rendered":"<header id=\"header-main\" class=\"header-istoe active\">\n<div class=\"cabecalho\">\n<div class=\"cabecalho-container\">\n<div class=\"cabecalho-col-1\">\n<div class=\"cabecalho-col-1-linha-1\"><\/div>\n<\/div>\n<\/div>\n<\/div>\n<\/header>\n<div class=\"general\" data-gjs-type=\"default\" data-gjs-selectable=\"false\" data-gjs-hoverable=\"false\">\n<div class=\"box-content\" data-gjs-type=\"default\" data-gjs-selectable=\"false\" data-gjs-hoverable=\"false\">\n<section class=\"section-materia\">\n<header class=\"page-header active\">\n<div class=\"share_box mob\"><\/div>\n<\/header>\n<section class=\"conteudo\">\n<article>\n<div class=\"content-infos\">\n<div class=\"texts\">\n<p>A prova do<strong>\u00a0CPNU (Concurso P\u00fablico Nacional Unificado)<\/strong>, chamado tamb\u00e9m de\u00a0<strong>\u201cEnem dos concursos\u201d<\/strong>, ser\u00e1 realizada neste domingo, 18.<\/p>\n<\/div>\n<\/div>\n<p>Os mais de\u00a0<strong>2 milh\u00f5es de inscritos<\/strong> para 21 \u00f3rg\u00e3os federais far\u00e3o as avalia\u00e7\u00f5es em 3.665 locais de aplica\u00e7\u00e3o e 75.730 salas, distribu\u00eddas em 228 munic\u00edpios de todos os estados brasileiros.<\/p>\n<p>Haver\u00e1 quest\u00f5es objetivas espec\u00edficas e dissertativas, por \u00e1rea de atua\u00e7\u00e3o.\u00a0A divulga\u00e7\u00e3o dos resultados finais est\u00e1 prevista para 21 de novembro de 2024.<\/p>\n<p>Para as 6.640 vagas em 21 \u00f3rg\u00e3os do governo federal, ser\u00e1 formado um banco com cerca de 13 mil aprovados. Os integrantes desta reserva poder\u00e3o ser convocados a cada seis meses, ou conforme haja necessidade por conta da libera\u00e7\u00e3o de cargos.<\/p>\n<div class=\"N1ZRT5Ds\">\n<div id=\"v3-adslot-truvid\"><\/div>\n<\/div>\n<p><strong><a href=\"https:\/\/istoedinheiro.com.br\/enem-dos-concursos-governo-criara-lista-de-espera-com-13-mil-aprovados\/\" target=\"_blank\" rel=\"noopener\">+ \u2018Enem dos concursos\u2019: governo criar\u00e1 lista de espera com 13 mil aprovados<\/a><\/strong><br \/>\n<strong><a href=\"https:\/\/istoedinheiro.com.br\/enem-dos-concursos-candidatos-ja-podem-acessar-cartao-e-conferir-local-de-prova\/\" target=\"_blank\" rel=\"noopener\">+ Candidatos j\u00e1 podem acessar cart\u00e3o e conferir local de prova<\/a><\/strong><\/p>\n<h3>Locais e hor\u00e1rios<\/h3>\n<p>Para saber os locais de prova, os candidatos podem acessar o\u00a0<strong>cart\u00e3o de confirma\u00e7\u00e3o de inscri\u00e7\u00e3o<\/strong>.<\/p>\n<p>O documento est\u00e1 dispon\u00edvel na\u00a0<strong>\u201c\u00c1rea do Candidato\u201d<\/strong>, mesma p\u00e1gina em que a pessoa fez a inscri\u00e7\u00e3o (<strong><a href=\"https:\/\/cpnu.cesgranrio.org.br\/login\" target=\"_blank\" rel=\"noopener\">neste link<\/a><\/strong>). Para acessar, \u00e9 preciso fazer login com os dados da conta\u00a0<strong>GOV.BR<\/strong>.<\/p>\n<p>O cart\u00e3o de confirma\u00e7\u00e3o tem, entre outras informa\u00e7\u00f5es, o n\u00famero de inscri\u00e7\u00e3o, data e hora de prova.<\/p>\n<div class=\"2B7ZYcyi\">\n<div id=\"v3-adslot-truvid\" data-google-query-id=\"CJPpiuPr4ocDFelYuAQdQ08waw\">\n<div id=\"google_ads_iframe_\/22452847\/v3-dinheiro-default_0__container__\">\n<p>O Minist\u00e9rio da Gest\u00e3o e a Funda\u00e7\u00e3o Cesgranrio recomendam levar o cart\u00e3o no dia da realiza\u00e7\u00e3o da prova, apesar de n\u00e3o ser obrigat\u00f3rio.<\/p>\n<\/div>\n<\/div>\n<\/div>\n<\/article>\n<\/section>\n<\/section>\n<\/div>\n<\/div>\n","protected":false},"excerpt":{"rendered":"<p>A prova do\u00a0CPNU (Concurso P\u00fablico Nacional Unificado), chamado tamb\u00e9m de\u00a0\u201cEnem dos concursos\u201d, ser\u00e1 realizada neste domingo, 18. Os mais de\u00a02 milh\u00f5es de inscritos para 21 \u00f3rg\u00e3os federais far\u00e3o as avalia\u00e7\u00f5es em 3.665 locais de aplica\u00e7\u00e3o e 75.730 salas, distribu\u00eddas em 228 munic\u00edpios de todos os estados brasileiros. Haver\u00e1 quest\u00f5es objetivas espec\u00edficas e dissertativas, por \u00e1rea de atua\u00e7\u00e3o.\u00a0A divulga\u00e7\u00e3o dos resultados finais est\u00e1 prevista para 21 de novembro de 2024. Para as 6.640 vagas em 21 \u00f3rg\u00e3os do governo federal, ser\u00e1 formado um banco com cerca de 13 mil aprovados. Os integrantes desta reserva poder\u00e3o ser convocados a cada seis meses, ou conforme haja necessidade por conta da libera\u00e7\u00e3o de cargos. + \u2018Enem dos concursos\u2019: governo criar\u00e1 lista de espera com&hellip; <\/p>\n","protected":false},"author":2,"featured_media":242911,"comment_status":"open","ping_status":"open","sticky":false,"template":"","format":"standard","meta":{"_acf_changed":false,"footnotes":""},"categories":[31],"tags":[],"class_list":["post-375009","post","type-post","status-publish","format-standard","has-post-thumbnail","hentry","category-concursos"],"acf":[],"yoast_head":"<!-- This site is optimized with the Yoast SEO plugin v27.4 - https:\/\/yoast.com\/product\/yoast-seo-wordpress\/ -->\n<title>\u2018Enem dos concursos\u2019: prova \u00e9 neste domingo,18; veja locais, hor\u00e1rios e regras - Blog do Farn\u00e9sio<\/title>\n<meta name=\"robots\" content=\"index, follow, max-snippet:-1, max-image-preview:large, max-video-preview:-1\" \/>\n<link rel=\"canonical\" href=\"https:\/\/blogdofarnesio.com.br\/?p=375009\" \/>\n<meta property=\"og:locale\" content=\"pt_BR\" \/>\n<meta property=\"og:type\" content=\"article\" \/>\n<meta property=\"og:title\" content=\"\u2018Enem dos concursos\u2019: prova \u00e9 neste domingo,18; veja locais, hor\u00e1rios e regras - Blog do Farn\u00e9sio\" \/>\n<meta property=\"og:description\" content=\"A prova do\u00a0CPNU (Concurso P\u00fablico Nacional Unificado), chamado tamb\u00e9m de\u00a0\u201cEnem dos concursos\u201d, ser\u00e1 realizada neste domingo, 18. Os mais de\u00a02 milh\u00f5es de inscritos para 21 \u00f3rg\u00e3os federais far\u00e3o as avalia\u00e7\u00f5es em 3.665 locais de aplica\u00e7\u00e3o e 75.730 salas, distribu\u00eddas em 228 munic\u00edpios de todos os estados brasileiros. Haver\u00e1 quest\u00f5es objetivas espec\u00edficas e dissertativas, por \u00e1rea de atua\u00e7\u00e3o.\u00a0A divulga\u00e7\u00e3o dos resultados finais est\u00e1 prevista para 21 de novembro de 2024. Para as 6.640 vagas em 21 \u00f3rg\u00e3os do governo federal, ser\u00e1 formado um banco com cerca de 13 mil aprovados. Os integrantes desta reserva poder\u00e3o ser convocados a cada seis meses, ou conforme haja necessidade por conta da libera\u00e7\u00e3o de cargos. + \u2018Enem dos concursos\u2019: governo criar\u00e1 lista de espera com&hellip;\" \/>\n<meta property=\"og:url\" content=\"https:\/\/blogdofarnesio.com.br\/?p=375009\" \/>\n<meta property=\"og:site_name\" content=\"Blog do Farn\u00e9sio\" \/>\n<meta property=\"article:publisher\" content=\"https:\/\/www.facebook.com\/BlogQuerSaberPolitica\/\" \/>\n<meta property=\"article:author\" content=\"https:\/\/www.facebook.com\/?ref=tn_tnmn\" \/>\n<meta property=\"article:published_time\" content=\"2024-08-14T11:31:44+00:00\" \/>\n<meta property=\"og:image\" content=\"https:\/\/blogdofarnesio.com.br\/wp-content\/uploads\/2019\/11\/blogqspconcursos...jpg\" \/>\n\t<meta property=\"og:image:width\" content=\"600\" \/>\n\t<meta property=\"og:image:height\" content=\"294\" \/>\n\t<meta property=\"og:image:type\" content=\"image\/jpeg\" \/>\n<meta name=\"author\" content=\"Farn\u00e9sio\" \/>\n<meta name=\"twitter:card\" content=\"summary_large_image\" \/>\n<meta name=\"twitter:label1\" content=\"Escrito por\" \/>\n\t<meta name=\"twitter:data1\" content=\"Farn\u00e9sio\" \/>\n\t<meta name=\"twitter:label2\" content=\"Est. tempo de leitura\" \/>\n\t<meta name=\"twitter:data2\" content=\"2 minutos\" \/>\n<script type=\"application\/ld+json\" class=\"yoast-schema-graph\">{\"@context\":\"https:\\\/\\\/schema.org\",\"@graph\":[{\"@type\":\"Article\",\"@id\":\"https:\\\/\\\/blogdofarnesio.com.br\\\/?p=375009#article\",\"isPartOf\":{\"@id\":\"https:\\\/\\\/blogdofarnesio.com.br\\\/?p=375009\"},\"author\":{\"name\":\"Farn\u00e9sio\",\"@id\":\"https:\\\/\\\/blogdofarnesio.com.br\\\/#\\\/schema\\\/person\\\/bb9b23ae3ad0609ce8df7b6c9e76824d\"},\"headline\":\"\u2018Enem dos concursos\u2019: prova \u00e9 neste domingo,18; veja locais, hor\u00e1rios e regras\",\"datePublished\":\"2024-08-14T11:31:44+00:00\",\"mainEntityOfPage\":{\"@id\":\"https:\\\/\\\/blogdofarnesio.com.br\\\/?p=375009\"},\"wordCount\":262,\"commentCount\":0,\"publisher\":{\"@id\":\"https:\\\/\\\/blogdofarnesio.com.br\\\/#organization\"},\"image\":{\"@id\":\"https:\\\/\\\/blogdofarnesio.com.br\\\/?p=375009#primaryimage\"},\"thumbnailUrl\":\"https:\\\/\\\/blogdofarnesio.com.br\\\/wp-content\\\/uploads\\\/2019\\\/11\\\/blogqspconcursos...jpg\",\"articleSection\":[\"Concursos\"],\"inLanguage\":\"pt-BR\",\"potentialAction\":[{\"@type\":\"CommentAction\",\"name\":\"Comment\",\"target\":[\"https:\\\/\\\/blogdofarnesio.com.br\\\/?p=375009#respond\"]}]},{\"@type\":\"WebPage\",\"@id\":\"https:\\\/\\\/blogdofarnesio.com.br\\\/?p=375009\",\"url\":\"https:\\\/\\\/blogdofarnesio.com.br\\\/?p=375009\",\"name\":\"\u2018Enem dos concursos\u2019: prova \u00e9 neste domingo,18; veja locais, hor\u00e1rios e regras - Blog do Farn\u00e9sio\",\"isPartOf\":{\"@id\":\"https:\\\/\\\/blogdofarnesio.com.br\\\/#website\"},\"primaryImageOfPage\":{\"@id\":\"https:\\\/\\\/blogdofarnesio.com.br\\\/?p=375009#primaryimage\"},\"image\":{\"@id\":\"https:\\\/\\\/blogdofarnesio.com.br\\\/?p=375009#primaryimage\"},\"thumbnailUrl\":\"https:\\\/\\\/blogdofarnesio.com.br\\\/wp-content\\\/uploads\\\/2019\\\/11\\\/blogqspconcursos...jpg\",\"datePublished\":\"2024-08-14T11:31:44+00:00\",\"breadcrumb\":{\"@id\":\"https:\\\/\\\/blogdofarnesio.com.br\\\/?p=375009#breadcrumb\"},\"inLanguage\":\"pt-BR\",\"potentialAction\":[{\"@type\":\"ReadAction\",\"target\":[\"https:\\\/\\\/blogdofarnesio.com.br\\\/?p=375009\"]}]},{\"@type\":\"ImageObject\",\"inLanguage\":\"pt-BR\",\"@id\":\"https:\\\/\\\/blogdofarnesio.com.br\\\/?p=375009#primaryimage\",\"url\":\"https:\\\/\\\/blogdofarnesio.com.br\\\/wp-content\\\/uploads\\\/2019\\\/11\\\/blogqspconcursos...jpg\",\"contentUrl\":\"https:\\\/\\\/blogdofarnesio.com.br\\\/wp-content\\\/uploads\\\/2019\\\/11\\\/blogqspconcursos...jpg\",\"width\":600,\"height\":294},{\"@type\":\"BreadcrumbList\",\"@id\":\"https:\\\/\\\/blogdofarnesio.com.br\\\/?p=375009#breadcrumb\",\"itemListElement\":[{\"@type\":\"ListItem\",\"position\":1,\"name\":\"In\u00edcio\",\"item\":\"https:\\\/\\\/blogdofarnesio.com.br\\\/\"},{\"@type\":\"ListItem\",\"position\":2,\"name\":\"\u2018Enem dos concursos\u2019: prova \u00e9 neste domingo,18; veja locais, hor\u00e1rios e regras\"}]},{\"@type\":\"WebSite\",\"@id\":\"https:\\\/\\\/blogdofarnesio.com.br\\\/#website\",\"url\":\"https:\\\/\\\/blogdofarnesio.com.br\\\/\",\"name\":\"Blog do Farn\u00e9sio\",\"description\":\"Quer Saber Pol\u00edtica?\",\"publisher\":{\"@id\":\"https:\\\/\\\/blogdofarnesio.com.br\\\/#organization\"},\"potentialAction\":[{\"@type\":\"SearchAction\",\"target\":{\"@type\":\"EntryPoint\",\"urlTemplate\":\"https:\\\/\\\/blogdofarnesio.com.br\\\/?s={search_term_string}\"},\"query-input\":{\"@type\":\"PropertyValueSpecification\",\"valueRequired\":true,\"valueName\":\"search_term_string\"}}],\"inLanguage\":\"pt-BR\"},{\"@type\":\"Organization\",\"@id\":\"https:\\\/\\\/blogdofarnesio.com.br\\\/#organization\",\"name\":\"Blog do Farn\u00e9sio\",\"url\":\"https:\\\/\\\/blogdofarnesio.com.br\\\/\",\"logo\":{\"@type\":\"ImageObject\",\"inLanguage\":\"pt-BR\",\"@id\":\"https:\\\/\\\/blogdofarnesio.com.br\\\/#\\\/schema\\\/logo\\\/image\\\/\",\"url\":\"https:\\\/\\\/blogdofarnesio.com.br\\\/wp-content\\\/uploads\\\/2026\\\/03\\\/cropped-logo_new-1.png\",\"contentUrl\":\"https:\\\/\\\/blogdofarnesio.com.br\\\/wp-content\\\/uploads\\\/2026\\\/03\\\/cropped-logo_new-1.png\",\"width\":881,\"height\":685,\"caption\":\"Blog do Farn\u00e9sio\"},\"image\":{\"@id\":\"https:\\\/\\\/blogdofarnesio.com.br\\\/#\\\/schema\\\/logo\\\/image\\\/\"},\"sameAs\":[\"https:\\\/\\\/www.facebook.com\\\/BlogQuerSaberPolitica\\\/\"]},{\"@type\":\"Person\",\"@id\":\"https:\\\/\\\/blogdofarnesio.com.br\\\/#\\\/schema\\\/person\\\/bb9b23ae3ad0609ce8df7b6c9e76824d\",\"name\":\"Farn\u00e9sio\",\"image\":{\"@type\":\"ImageObject\",\"inLanguage\":\"pt-BR\",\"@id\":\"https:\\\/\\\/secure.gravatar.com\\\/avatar\\\/986aa4c61ccdb66f8555bf88fc2a65609d00bcabd4d2d94377a727547345cbca?s=96&d=mm&r=g\",\"url\":\"https:\\\/\\\/secure.gravatar.com\\\/avatar\\\/986aa4c61ccdb66f8555bf88fc2a65609d00bcabd4d2d94377a727547345cbca?s=96&d=mm&r=g\",\"contentUrl\":\"https:\\\/\\\/secure.gravatar.com\\\/avatar\\\/986aa4c61ccdb66f8555bf88fc2a65609d00bcabd4d2d94377a727547345cbca?s=96&d=mm&r=g\",\"caption\":\"Farn\u00e9sio\"},\"description\":\"Radialista blogueiro, chegou a Petrolina\\\/Juazeiro em setembro de 1980, Farn\u00e9sio Silva \u00e9 de Arapiraca-Alagoas.\",\"sameAs\":[\"http:\\\/\\\/blogdofarnesio.com.br\",\"https:\\\/\\\/www.facebook.com\\\/?ref=tn_tnmn\",\"https:\\\/\\\/www.instagram.com\\\/?utm_source=pwa_homescreen\",\"https:\\\/\\\/youtube.com.br\\\/\"],\"url\":\"https:\\\/\\\/blogdofarnesio.com.br\\\/?author=2\"}]}<\/script>\n<!-- \/ Yoast SEO plugin. -->","yoast_head_json":{"title":"\u2018Enem dos concursos\u2019: prova \u00e9 neste domingo,18; veja locais, hor\u00e1rios e regras - Blog do Farn\u00e9sio","robots":{"index":"index","follow":"follow","max-snippet":"max-snippet:-1","max-image-preview":"max-image-preview:large","max-video-preview":"max-video-preview:-1"},"canonical":"https:\/\/blogdofarnesio.com.br\/?p=375009","og_locale":"pt_BR","og_type":"article","og_title":"\u2018Enem dos concursos\u2019: prova \u00e9 neste domingo,18; veja locais, hor\u00e1rios e regras - Blog do Farn\u00e9sio","og_description":"A prova do\u00a0CPNU (Concurso P\u00fablico Nacional Unificado), chamado tamb\u00e9m de\u00a0\u201cEnem dos concursos\u201d, ser\u00e1 realizada neste domingo, 18. Os mais de\u00a02 milh\u00f5es de inscritos para 21 \u00f3rg\u00e3os federais far\u00e3o as avalia\u00e7\u00f5es em 3.665 locais de aplica\u00e7\u00e3o e 75.730 salas, distribu\u00eddas em 228 munic\u00edpios de todos os estados brasileiros. Haver\u00e1 quest\u00f5es objetivas espec\u00edficas e dissertativas, por \u00e1rea de atua\u00e7\u00e3o.\u00a0A divulga\u00e7\u00e3o dos resultados finais est\u00e1 prevista para 21 de novembro de 2024. Para as 6.640 vagas em 21 \u00f3rg\u00e3os do governo federal, ser\u00e1 formado um banco com cerca de 13 mil aprovados. Os integrantes desta reserva poder\u00e3o ser convocados a cada seis meses, ou conforme haja necessidade por conta da libera\u00e7\u00e3o de cargos. + \u2018Enem dos concursos\u2019: governo criar\u00e1 lista de espera com&hellip;","og_url":"https:\/\/blogdofarnesio.com.br\/?p=375009","og_site_name":"Blog do Farn\u00e9sio","article_publisher":"https:\/\/www.facebook.com\/BlogQuerSaberPolitica\/","article_author":"https:\/\/www.facebook.com\/?ref=tn_tnmn","article_published_time":"2024-08-14T11:31:44+00:00","og_image":[{"width":600,"height":294,"url":"https:\/\/blogdofarnesio.com.br\/wp-content\/uploads\/2019\/11\/blogqspconcursos...jpg","type":"image\/jpeg"}],"author":"Farn\u00e9sio","twitter_card":"summary_large_image","twitter_misc":{"Escrito por":"Farn\u00e9sio","Est. tempo de leitura":"2 minutos"},"schema":{"@context":"https:\/\/schema.org","@graph":[{"@type":"Article","@id":"https:\/\/blogdofarnesio.com.br\/?p=375009#article","isPartOf":{"@id":"https:\/\/blogdofarnesio.com.br\/?p=375009"},"author":{"name":"Farn\u00e9sio","@id":"https:\/\/blogdofarnesio.com.br\/#\/schema\/person\/bb9b23ae3ad0609ce8df7b6c9e76824d"},"headline":"\u2018Enem dos concursos\u2019: prova \u00e9 neste domingo,18; veja locais, hor\u00e1rios e regras","datePublished":"2024-08-14T11:31:44+00:00","mainEntityOfPage":{"@id":"https:\/\/blogdofarnesio.com.br\/?p=375009"},"wordCount":262,"commentCount":0,"publisher":{"@id":"https:\/\/blogdofarnesio.com.br\/#organization"},"image":{"@id":"https:\/\/blogdofarnesio.com.br\/?p=375009#primaryimage"},"thumbnailUrl":"https:\/\/blogdofarnesio.com.br\/wp-content\/uploads\/2019\/11\/blogqspconcursos...jpg","articleSection":["Concursos"],"inLanguage":"pt-BR","potentialAction":[{"@type":"CommentAction","name":"Comment","target":["https:\/\/blogdofarnesio.com.br\/?p=375009#respond"]}]},{"@type":"WebPage","@id":"https:\/\/blogdofarnesio.com.br\/?p=375009","url":"https:\/\/blogdofarnesio.com.br\/?p=375009","name":"\u2018Enem dos concursos\u2019: prova \u00e9 neste domingo,18; veja locais, hor\u00e1rios e regras - Blog do Farn\u00e9sio","isPartOf":{"@id":"https:\/\/blogdofarnesio.com.br\/#website"},"primaryImageOfPage":{"@id":"https:\/\/blogdofarnesio.com.br\/?p=375009#primaryimage"},"image":{"@id":"https:\/\/blogdofarnesio.com.br\/?p=375009#primaryimage"},"thumbnailUrl":"https:\/\/blogdofarnesio.com.br\/wp-content\/uploads\/2019\/11\/blogqspconcursos...jpg","datePublished":"2024-08-14T11:31:44+00:00","breadcrumb":{"@id":"https:\/\/blogdofarnesio.com.br\/?p=375009#breadcrumb"},"inLanguage":"pt-BR","potentialAction":[{"@type":"ReadAction","target":["https:\/\/blogdofarnesio.com.br\/?p=375009"]}]},{"@type":"ImageObject","inLanguage":"pt-BR","@id":"https:\/\/blogdofarnesio.com.br\/?p=375009#primaryimage","url":"https:\/\/blogdofarnesio.com.br\/wp-content\/uploads\/2019\/11\/blogqspconcursos...jpg","contentUrl":"https:\/\/blogdofarnesio.com.br\/wp-content\/uploads\/2019\/11\/blogqspconcursos...jpg","width":600,"height":294},{"@type":"BreadcrumbList","@id":"https:\/\/blogdofarnesio.com.br\/?p=375009#breadcrumb","itemListElement":[{"@type":"ListItem","position":1,"name":"In\u00edcio","item":"https:\/\/blogdofarnesio.com.br\/"},{"@type":"ListItem","position":2,"name":"\u2018Enem dos concursos\u2019: prova \u00e9 neste domingo,18; veja locais, hor\u00e1rios e regras"}]},{"@type":"WebSite","@id":"https:\/\/blogdofarnesio.com.br\/#website","url":"https:\/\/blogdofarnesio.com.br\/","name":"Blog do Farn\u00e9sio","description":"Quer Saber Pol\u00edtica?","publisher":{"@id":"https:\/\/blogdofarnesio.com.br\/#organization"},"potentialAction":[{"@type":"SearchAction","target":{"@type":"EntryPoint","urlTemplate":"https:\/\/blogdofarnesio.com.br\/?s={search_term_string}"},"query-input":{"@type":"PropertyValueSpecification","valueRequired":true,"valueName":"search_term_string"}}],"inLanguage":"pt-BR"},{"@type":"Organization","@id":"https:\/\/blogdofarnesio.com.br\/#organization","name":"Blog do Farn\u00e9sio","url":"https:\/\/blogdofarnesio.com.br\/","logo":{"@type":"ImageObject","inLanguage":"pt-BR","@id":"https:\/\/blogdofarnesio.com.br\/#\/schema\/logo\/image\/","url":"https:\/\/blogdofarnesio.com.br\/wp-content\/uploads\/2026\/03\/cropped-logo_new-1.png","contentUrl":"https:\/\/blogdofarnesio.com.br\/wp-content\/uploads\/2026\/03\/cropped-logo_new-1.png","width":881,"height":685,"caption":"Blog do Farn\u00e9sio"},"image":{"@id":"https:\/\/blogdofarnesio.com.br\/#\/schema\/logo\/image\/"},"sameAs":["https:\/\/www.facebook.com\/BlogQuerSaberPolitica\/"]},{"@type":"Person","@id":"https:\/\/blogdofarnesio.com.br\/#\/schema\/person\/bb9b23ae3ad0609ce8df7b6c9e76824d","name":"Farn\u00e9sio","image":{"@type":"ImageObject","inLanguage":"pt-BR","@id":"https:\/\/secure.gravatar.com\/avatar\/986aa4c61ccdb66f8555bf88fc2a65609d00bcabd4d2d94377a727547345cbca?s=96&d=mm&r=g","url":"https:\/\/secure.gravatar.com\/avatar\/986aa4c61ccdb66f8555bf88fc2a65609d00bcabd4d2d94377a727547345cbca?s=96&d=mm&r=g","contentUrl":"https:\/\/secure.gravatar.com\/avatar\/986aa4c61ccdb66f8555bf88fc2a65609d00bcabd4d2d94377a727547345cbca?s=96&d=mm&r=g","caption":"Farn\u00e9sio"},"description":"Radialista blogueiro, chegou a Petrolina\/Juazeiro em setembro de 1980, Farn\u00e9sio Silva \u00e9 de Arapiraca-Alagoas.","sameAs":["http:\/\/blogdofarnesio.com.br","https:\/\/www.facebook.com\/?ref=tn_tnmn","https:\/\/www.instagram.com\/?utm_source=pwa_homescreen","https:\/\/youtube.com.br\/"],"url":"https:\/\/blogdofarnesio.com.br\/?author=2"}]}},"_links":{"self":[{"href":"https:\/\/blogdofarnesio.com.br\/index.php?rest_route=\/wp\/v2\/posts\/375009","targetHints":{"allow":["GET"]}}],"collection":[{"href":"https:\/\/blogdofarnesio.com.br\/index.php?rest_route=\/wp\/v2\/posts"}],"about":[{"href":"https:\/\/blogdofarnesio.com.br\/index.php?rest_route=\/wp\/v2\/types\/post"}],"author":[{"embeddable":true,"href":"https:\/\/blogdofarnesio.com.br\/index.php?rest_route=\/wp\/v2\/users\/2"}],"replies":[{"embeddable":true,"href":"https:\/\/blogdofarnesio.com.br\/index.php?rest_route=%2Fwp%2Fv2%2Fcomments&post=375009"}],"version-history":[{"count":0,"href":"https:\/\/blogdofarnesio.com.br\/index.php?rest_route=\/wp\/v2\/posts\/375009\/revisions"}],"wp:featuredmedia":[{"embeddable":true,"href":"https:\/\/blogdofarnesio.com.br\/index.php?rest_route=\/wp\/v2\/media\/242911"}],"wp:attachment":[{"href":"https:\/\/blogdofarnesio.com.br\/index.php?rest_route=%2Fwp%2Fv2%2Fmedia&parent=375009"}],"wp:term":[{"taxonomy":"category","embeddable":true,"href":"https:\/\/blogdofarnesio.com.br\/index.php?rest_route=%2Fwp%2Fv2%2Fcategories&post=375009"},{"taxonomy":"post_tag","embeddable":true,"href":"https:\/\/blogdofarnesio.com.br\/index.php?rest_route=%2Fwp%2Fv2%2Ftags&post=375009"}],"curies":[{"name":"wp","href":"https:\/\/api.w.org\/{rel}","templated":true}]}}