{"id":374651,"date":"2024-08-08T14:31:09","date_gmt":"2024-08-08T17:31:09","guid":{"rendered":"https:\/\/blogdofarnesio.com.br\/?p=374651"},"modified":"2024-08-08T13:10:13","modified_gmt":"2024-08-08T16:10:13","slug":"bn-seculus-buscando-a-reeleicao-prefeito-marcos-lobo-lidera-a-eleicao-em-uaua-com-51-das-intencoes-de-voto","status":"publish","type":"post","link":"https:\/\/blogdofarnesio.com.br\/?p=374651","title":{"rendered":"BN\/S\u00e9culus: Buscando a reelei\u00e7\u00e3o, prefeito Marcos L\u00f4bo lidera a elei\u00e7\u00e3o em Uau\u00e1 com 51% das inten\u00e7\u00f5es de voto"},"content":{"rendered":"<p>BN &#8211; O atual prefeito e candidato a sucess\u00e3o em Uau\u00e1, Marcos L\u00f4bo (Avante), atingiu 51,54% das inten\u00e7\u00f5es de voto e desponta como favorito na corrida eleitoral no munic\u00edpio. Ele tem 63,31% de aprova\u00e7\u00e3o entre os moradores da cidade. \u00c9 o que indica o levantamento contratado pelo Bahia Not\u00edcias junto \u00e0 empresa S\u00e9culus An\u00e1lise e Pesquisa.<\/p>\n<p><img decoding=\"async\" src=\"https:\/\/cdn.bahianoticias.com.br\/fotos\/municipios_noticias\/40680\/mg\/uau%C3%A1%201..jpg\" \/><\/p>\n<p>Com rela\u00e7\u00e3o ao atual mandato de L\u00f4bo, 14,16% dos uauaenses desaprovaram o mandato e 22,53% n\u00e3o souberam ou n\u00e3o opinaram. A respeito das avalia\u00e7\u00f5es da gest\u00e3o, 21,33% dos entrevistados classificou como \u201c\u00f3timo\u201d, 37,88% como \u201cbom\u201d e 25,94% como &#8220;regular&#8221;. 3,07% dos entrevistados avaliou como \u201cruim\u201d e 8,70% como \u201cp\u00e9ssimo\u201d. 3,07% n\u00e3o opinaram.<\/p>\n<p><img decoding=\"async\" src=\"https:\/\/cdn.bahianoticias.com.br\/fotos\/municipios_noticias\/40680\/mg\/uau%C3%A1%202..jpg\" \/><\/p>\n<p>A pesquisa ouviu 586 eleitores entre os dias 26 a 29\u00a0de julho de 2024 e tem margem de erro de 4% para mais ou para menos e 95% de intervalo de confian\u00e7a. O levantamento est\u00e1 registrado no Tribunal Superior Eleitoral (TSE) sob n.\u00b0 BA-07722\/2024.<\/p>\n<p>&nbsp;<\/p>\n<p>CEN\u00c1RIOS ELEITORAIS<\/p>\n<p>&nbsp;<\/p>\n<p><img decoding=\"async\" src=\"https:\/\/cdn.bahianoticias.com.br\/fotos\/municipios_noticias\/40680\/mg\/uau%C3%A1%203..jpg\" \/><\/p>\n<p>Em entrevista espont\u00e2nea, quando n\u00e3o s\u00e3o apresentados os nomes dos candidatos, Marcos L\u00f4bo aparece em 48,12% das respostas. O principal candidato da oposi\u00e7\u00e3o, Marcos Aur\u00e9lio, aparece com 12,46%. Os candidatos Lindiomar, Marcos, Jorge e Rita, aparecem todos com 0,17%, individualmente. Outros 7,17% dos eleitores responderam \u201cnenhum\u201d e 31,57% n\u00e3o souberam ou n\u00e3o opinaram.<\/p>\n<p>&nbsp;<\/p>\n<p><img decoding=\"async\" src=\"https:\/\/cdn.bahianoticias.com.br\/fotos\/municipios_noticias\/40680\/mg\/uaua%204..jpg\" \/><\/p>\n<p>Em cen\u00e1rio estimulado, quando s\u00e3o apresentados os nomes dos candidatos, o atual prefeito lidera com 51,54% das inten\u00e7\u00f5es de voto contra 14,33% de Marcos Aur\u00e9lio. 7,34% dos eleitores n\u00e3o votariam em nenhum e 26,79% n\u00e3o opinaram.<\/p>\n","protected":false},"excerpt":{"rendered":"<p>BN &#8211; O atual prefeito e candidato a sucess\u00e3o em Uau\u00e1, Marcos L\u00f4bo (Avante), atingiu 51,54% das inten\u00e7\u00f5es de voto e desponta como favorito na corrida eleitoral no munic\u00edpio. Ele tem 63,31% de aprova\u00e7\u00e3o entre os moradores da cidade. \u00c9 o que indica o levantamento contratado pelo Bahia Not\u00edcias junto \u00e0 empresa S\u00e9culus An\u00e1lise e Pesquisa. Com rela\u00e7\u00e3o ao atual mandato de L\u00f4bo, 14,16% dos uauaenses desaprovaram o mandato e 22,53% n\u00e3o souberam ou n\u00e3o opinaram. A respeito das avalia\u00e7\u00f5es da gest\u00e3o, 21,33% dos entrevistados classificou como \u201c\u00f3timo\u201d, 37,88% como \u201cbom\u201d e 25,94% como &#8220;regular&#8221;. 3,07% dos entrevistados avaliou como \u201cruim\u201d e 8,70% como \u201cp\u00e9ssimo\u201d. 3,07% n\u00e3o opinaram. A pesquisa ouviu 586 eleitores entre os dias 26 a 29\u00a0de julho&hellip; <\/p>\n","protected":false},"author":2,"featured_media":374652,"comment_status":"open","ping_status":"open","sticky":false,"template":"","format":"standard","meta":{"_acf_changed":false,"footnotes":""},"categories":[27,51],"tags":[],"class_list":["post-374651","post","type-post","status-publish","format-standard","has-post-thumbnail","hentry","category-cidades","category-pesquisa"],"acf":[],"yoast_head":"<!-- This site is optimized with the Yoast SEO plugin v27.4 - https:\/\/yoast.com\/product\/yoast-seo-wordpress\/ -->\n<title>BN\/S\u00e9culus: Buscando a reelei\u00e7\u00e3o, prefeito Marcos L\u00f4bo lidera a elei\u00e7\u00e3o em Uau\u00e1 com 51% das inten\u00e7\u00f5es de voto - Blog do Farn\u00e9sio<\/title>\n<meta name=\"robots\" content=\"index, follow, max-snippet:-1, max-image-preview:large, max-video-preview:-1\" \/>\n<link rel=\"canonical\" href=\"https:\/\/blogdofarnesio.com.br\/?p=374651\" \/>\n<meta property=\"og:locale\" content=\"pt_BR\" \/>\n<meta property=\"og:type\" content=\"article\" \/>\n<meta property=\"og:title\" content=\"BN\/S\u00e9culus: Buscando a reelei\u00e7\u00e3o, prefeito Marcos L\u00f4bo lidera a elei\u00e7\u00e3o em Uau\u00e1 com 51% das inten\u00e7\u00f5es de voto - Blog do Farn\u00e9sio\" \/>\n<meta property=\"og:description\" content=\"BN &#8211; O atual prefeito e candidato a sucess\u00e3o em Uau\u00e1, Marcos L\u00f4bo (Avante), atingiu 51,54% das inten\u00e7\u00f5es de voto e desponta como favorito na corrida eleitoral no munic\u00edpio. Ele tem 63,31% de aprova\u00e7\u00e3o entre os moradores da cidade. \u00c9 o que indica o levantamento contratado pelo Bahia Not\u00edcias junto \u00e0 empresa S\u00e9culus An\u00e1lise e Pesquisa. Com rela\u00e7\u00e3o ao atual mandato de L\u00f4bo, 14,16% dos uauaenses desaprovaram o mandato e 22,53% n\u00e3o souberam ou n\u00e3o opinaram. A respeito das avalia\u00e7\u00f5es da gest\u00e3o, 21,33% dos entrevistados classificou como \u201c\u00f3timo\u201d, 37,88% como \u201cbom\u201d e 25,94% como &#8220;regular&#8221;. 3,07% dos entrevistados avaliou como \u201cruim\u201d e 8,70% como \u201cp\u00e9ssimo\u201d. 3,07% n\u00e3o opinaram. A pesquisa ouviu 586 eleitores entre os dias 26 a 29\u00a0de julho&hellip;\" \/>\n<meta property=\"og:url\" content=\"https:\/\/blogdofarnesio.com.br\/?p=374651\" \/>\n<meta property=\"og:site_name\" content=\"Blog do Farn\u00e9sio\" \/>\n<meta property=\"article:publisher\" content=\"https:\/\/www.facebook.com\/BlogQuerSaberPolitica\/\" \/>\n<meta property=\"article:author\" content=\"https:\/\/www.facebook.com\/?ref=tn_tnmn\" \/>\n<meta property=\"article:published_time\" content=\"2024-08-08T17:31:09+00:00\" \/>\n<meta property=\"og:image\" content=\"https:\/\/blogdofarnesio.com.br\/wp-content\/uploads\/2024\/08\/blogqspuaua-pref-marcos-lobo-e1723133360672.webp\" \/>\n\t<meta property=\"og:image:width\" content=\"600\" \/>\n\t<meta property=\"og:image:height\" content=\"315\" \/>\n\t<meta property=\"og:image:type\" content=\"image\/webp\" \/>\n<meta name=\"author\" content=\"Farn\u00e9sio\" \/>\n<meta name=\"twitter:card\" content=\"summary_large_image\" \/>\n<meta name=\"twitter:label1\" content=\"Escrito por\" \/>\n\t<meta name=\"twitter:data1\" content=\"Farn\u00e9sio\" \/>\n\t<meta name=\"twitter:label2\" content=\"Est. tempo de leitura\" \/>\n\t<meta name=\"twitter:data2\" content=\"3 minutos\" \/>\n<script type=\"application\/ld+json\" class=\"yoast-schema-graph\">{\"@context\":\"https:\\\/\\\/schema.org\",\"@graph\":[{\"@type\":\"Article\",\"@id\":\"https:\\\/\\\/blogdofarnesio.com.br\\\/?p=374651#article\",\"isPartOf\":{\"@id\":\"https:\\\/\\\/blogdofarnesio.com.br\\\/?p=374651\"},\"author\":{\"name\":\"Farn\u00e9sio\",\"@id\":\"https:\\\/\\\/blogdofarnesio.com.br\\\/#\\\/schema\\\/person\\\/bb9b23ae3ad0609ce8df7b6c9e76824d\"},\"headline\":\"BN\\\/S\u00e9culus: Buscando a reelei\u00e7\u00e3o, prefeito Marcos L\u00f4bo lidera a elei\u00e7\u00e3o em Uau\u00e1 com 51% das inten\u00e7\u00f5es de voto\",\"datePublished\":\"2024-08-08T17:31:09+00:00\",\"mainEntityOfPage\":{\"@id\":\"https:\\\/\\\/blogdofarnesio.com.br\\\/?p=374651\"},\"wordCount\":275,\"commentCount\":0,\"publisher\":{\"@id\":\"https:\\\/\\\/blogdofarnesio.com.br\\\/#organization\"},\"image\":{\"@id\":\"https:\\\/\\\/blogdofarnesio.com.br\\\/?p=374651#primaryimage\"},\"thumbnailUrl\":\"https:\\\/\\\/blogdofarnesio.com.br\\\/wp-content\\\/uploads\\\/2024\\\/08\\\/blogqspuaua-pref-marcos-lobo-e1723133360672.webp\",\"articleSection\":[\"Cidades\",\"Pesquisa\"],\"inLanguage\":\"pt-BR\",\"potentialAction\":[{\"@type\":\"CommentAction\",\"name\":\"Comment\",\"target\":[\"https:\\\/\\\/blogdofarnesio.com.br\\\/?p=374651#respond\"]}]},{\"@type\":\"WebPage\",\"@id\":\"https:\\\/\\\/blogdofarnesio.com.br\\\/?p=374651\",\"url\":\"https:\\\/\\\/blogdofarnesio.com.br\\\/?p=374651\",\"name\":\"BN\\\/S\u00e9culus: Buscando a reelei\u00e7\u00e3o, prefeito Marcos L\u00f4bo lidera a elei\u00e7\u00e3o em Uau\u00e1 com 51% das inten\u00e7\u00f5es de voto - Blog do Farn\u00e9sio\",\"isPartOf\":{\"@id\":\"https:\\\/\\\/blogdofarnesio.com.br\\\/#website\"},\"primaryImageOfPage\":{\"@id\":\"https:\\\/\\\/blogdofarnesio.com.br\\\/?p=374651#primaryimage\"},\"image\":{\"@id\":\"https:\\\/\\\/blogdofarnesio.com.br\\\/?p=374651#primaryimage\"},\"thumbnailUrl\":\"https:\\\/\\\/blogdofarnesio.com.br\\\/wp-content\\\/uploads\\\/2024\\\/08\\\/blogqspuaua-pref-marcos-lobo-e1723133360672.webp\",\"datePublished\":\"2024-08-08T17:31:09+00:00\",\"breadcrumb\":{\"@id\":\"https:\\\/\\\/blogdofarnesio.com.br\\\/?p=374651#breadcrumb\"},\"inLanguage\":\"pt-BR\",\"potentialAction\":[{\"@type\":\"ReadAction\",\"target\":[\"https:\\\/\\\/blogdofarnesio.com.br\\\/?p=374651\"]}]},{\"@type\":\"ImageObject\",\"inLanguage\":\"pt-BR\",\"@id\":\"https:\\\/\\\/blogdofarnesio.com.br\\\/?p=374651#primaryimage\",\"url\":\"https:\\\/\\\/blogdofarnesio.com.br\\\/wp-content\\\/uploads\\\/2024\\\/08\\\/blogqspuaua-pref-marcos-lobo-e1723133360672.webp\",\"contentUrl\":\"https:\\\/\\\/blogdofarnesio.com.br\\\/wp-content\\\/uploads\\\/2024\\\/08\\\/blogqspuaua-pref-marcos-lobo-e1723133360672.webp\",\"width\":600,\"height\":315},{\"@type\":\"BreadcrumbList\",\"@id\":\"https:\\\/\\\/blogdofarnesio.com.br\\\/?p=374651#breadcrumb\",\"itemListElement\":[{\"@type\":\"ListItem\",\"position\":1,\"name\":\"In\u00edcio\",\"item\":\"https:\\\/\\\/blogdofarnesio.com.br\\\/\"},{\"@type\":\"ListItem\",\"position\":2,\"name\":\"BN\\\/S\u00e9culus: Buscando a reelei\u00e7\u00e3o, prefeito Marcos L\u00f4bo lidera a elei\u00e7\u00e3o em Uau\u00e1 com 51% das inten\u00e7\u00f5es de voto\"}]},{\"@type\":\"WebSite\",\"@id\":\"https:\\\/\\\/blogdofarnesio.com.br\\\/#website\",\"url\":\"https:\\\/\\\/blogdofarnesio.com.br\\\/\",\"name\":\"Blog do Farn\u00e9sio\",\"description\":\"Quer Saber Pol\u00edtica?\",\"publisher\":{\"@id\":\"https:\\\/\\\/blogdofarnesio.com.br\\\/#organization\"},\"potentialAction\":[{\"@type\":\"SearchAction\",\"target\":{\"@type\":\"EntryPoint\",\"urlTemplate\":\"https:\\\/\\\/blogdofarnesio.com.br\\\/?s={search_term_string}\"},\"query-input\":{\"@type\":\"PropertyValueSpecification\",\"valueRequired\":true,\"valueName\":\"search_term_string\"}}],\"inLanguage\":\"pt-BR\"},{\"@type\":\"Organization\",\"@id\":\"https:\\\/\\\/blogdofarnesio.com.br\\\/#organization\",\"name\":\"Blog do Farn\u00e9sio\",\"url\":\"https:\\\/\\\/blogdofarnesio.com.br\\\/\",\"logo\":{\"@type\":\"ImageObject\",\"inLanguage\":\"pt-BR\",\"@id\":\"https:\\\/\\\/blogdofarnesio.com.br\\\/#\\\/schema\\\/logo\\\/image\\\/\",\"url\":\"https:\\\/\\\/blogdofarnesio.com.br\\\/wp-content\\\/uploads\\\/2026\\\/03\\\/cropped-logo_new-1.png\",\"contentUrl\":\"https:\\\/\\\/blogdofarnesio.com.br\\\/wp-content\\\/uploads\\\/2026\\\/03\\\/cropped-logo_new-1.png\",\"width\":881,\"height\":685,\"caption\":\"Blog do Farn\u00e9sio\"},\"image\":{\"@id\":\"https:\\\/\\\/blogdofarnesio.com.br\\\/#\\\/schema\\\/logo\\\/image\\\/\"},\"sameAs\":[\"https:\\\/\\\/www.facebook.com\\\/BlogQuerSaberPolitica\\\/\"]},{\"@type\":\"Person\",\"@id\":\"https:\\\/\\\/blogdofarnesio.com.br\\\/#\\\/schema\\\/person\\\/bb9b23ae3ad0609ce8df7b6c9e76824d\",\"name\":\"Farn\u00e9sio\",\"image\":{\"@type\":\"ImageObject\",\"inLanguage\":\"pt-BR\",\"@id\":\"https:\\\/\\\/secure.gravatar.com\\\/avatar\\\/986aa4c61ccdb66f8555bf88fc2a65609d00bcabd4d2d94377a727547345cbca?s=96&d=mm&r=g\",\"url\":\"https:\\\/\\\/secure.gravatar.com\\\/avatar\\\/986aa4c61ccdb66f8555bf88fc2a65609d00bcabd4d2d94377a727547345cbca?s=96&d=mm&r=g\",\"contentUrl\":\"https:\\\/\\\/secure.gravatar.com\\\/avatar\\\/986aa4c61ccdb66f8555bf88fc2a65609d00bcabd4d2d94377a727547345cbca?s=96&d=mm&r=g\",\"caption\":\"Farn\u00e9sio\"},\"description\":\"Radialista blogueiro, chegou a Petrolina\\\/Juazeiro em setembro de 1980, Farn\u00e9sio Silva \u00e9 de Arapiraca-Alagoas.\",\"sameAs\":[\"http:\\\/\\\/blogdofarnesio.com.br\",\"https:\\\/\\\/www.facebook.com\\\/?ref=tn_tnmn\",\"https:\\\/\\\/www.instagram.com\\\/?utm_source=pwa_homescreen\",\"https:\\\/\\\/youtube.com.br\\\/\"],\"url\":\"https:\\\/\\\/blogdofarnesio.com.br\\\/?author=2\"}]}<\/script>\n<!-- \/ Yoast SEO plugin. -->","yoast_head_json":{"title":"BN\/S\u00e9culus: Buscando a reelei\u00e7\u00e3o, prefeito Marcos L\u00f4bo lidera a elei\u00e7\u00e3o em Uau\u00e1 com 51% das inten\u00e7\u00f5es de voto - Blog do Farn\u00e9sio","robots":{"index":"index","follow":"follow","max-snippet":"max-snippet:-1","max-image-preview":"max-image-preview:large","max-video-preview":"max-video-preview:-1"},"canonical":"https:\/\/blogdofarnesio.com.br\/?p=374651","og_locale":"pt_BR","og_type":"article","og_title":"BN\/S\u00e9culus: Buscando a reelei\u00e7\u00e3o, prefeito Marcos L\u00f4bo lidera a elei\u00e7\u00e3o em Uau\u00e1 com 51% das inten\u00e7\u00f5es de voto - Blog do Farn\u00e9sio","og_description":"BN &#8211; O atual prefeito e candidato a sucess\u00e3o em Uau\u00e1, Marcos L\u00f4bo (Avante), atingiu 51,54% das inten\u00e7\u00f5es de voto e desponta como favorito na corrida eleitoral no munic\u00edpio. Ele tem 63,31% de aprova\u00e7\u00e3o entre os moradores da cidade. \u00c9 o que indica o levantamento contratado pelo Bahia Not\u00edcias junto \u00e0 empresa S\u00e9culus An\u00e1lise e Pesquisa. Com rela\u00e7\u00e3o ao atual mandato de L\u00f4bo, 14,16% dos uauaenses desaprovaram o mandato e 22,53% n\u00e3o souberam ou n\u00e3o opinaram. A respeito das avalia\u00e7\u00f5es da gest\u00e3o, 21,33% dos entrevistados classificou como \u201c\u00f3timo\u201d, 37,88% como \u201cbom\u201d e 25,94% como &#8220;regular&#8221;. 3,07% dos entrevistados avaliou como \u201cruim\u201d e 8,70% como \u201cp\u00e9ssimo\u201d. 3,07% n\u00e3o opinaram. A pesquisa ouviu 586 eleitores entre os dias 26 a 29\u00a0de julho&hellip;","og_url":"https:\/\/blogdofarnesio.com.br\/?p=374651","og_site_name":"Blog do Farn\u00e9sio","article_publisher":"https:\/\/www.facebook.com\/BlogQuerSaberPolitica\/","article_author":"https:\/\/www.facebook.com\/?ref=tn_tnmn","article_published_time":"2024-08-08T17:31:09+00:00","og_image":[{"width":600,"height":315,"url":"https:\/\/blogdofarnesio.com.br\/wp-content\/uploads\/2024\/08\/blogqspuaua-pref-marcos-lobo-e1723133360672.webp","type":"image\/webp"}],"author":"Farn\u00e9sio","twitter_card":"summary_large_image","twitter_misc":{"Escrito por":"Farn\u00e9sio","Est. tempo de leitura":"3 minutos"},"schema":{"@context":"https:\/\/schema.org","@graph":[{"@type":"Article","@id":"https:\/\/blogdofarnesio.com.br\/?p=374651#article","isPartOf":{"@id":"https:\/\/blogdofarnesio.com.br\/?p=374651"},"author":{"name":"Farn\u00e9sio","@id":"https:\/\/blogdofarnesio.com.br\/#\/schema\/person\/bb9b23ae3ad0609ce8df7b6c9e76824d"},"headline":"BN\/S\u00e9culus: Buscando a reelei\u00e7\u00e3o, prefeito Marcos L\u00f4bo lidera a elei\u00e7\u00e3o em Uau\u00e1 com 51% das inten\u00e7\u00f5es de voto","datePublished":"2024-08-08T17:31:09+00:00","mainEntityOfPage":{"@id":"https:\/\/blogdofarnesio.com.br\/?p=374651"},"wordCount":275,"commentCount":0,"publisher":{"@id":"https:\/\/blogdofarnesio.com.br\/#organization"},"image":{"@id":"https:\/\/blogdofarnesio.com.br\/?p=374651#primaryimage"},"thumbnailUrl":"https:\/\/blogdofarnesio.com.br\/wp-content\/uploads\/2024\/08\/blogqspuaua-pref-marcos-lobo-e1723133360672.webp","articleSection":["Cidades","Pesquisa"],"inLanguage":"pt-BR","potentialAction":[{"@type":"CommentAction","name":"Comment","target":["https:\/\/blogdofarnesio.com.br\/?p=374651#respond"]}]},{"@type":"WebPage","@id":"https:\/\/blogdofarnesio.com.br\/?p=374651","url":"https:\/\/blogdofarnesio.com.br\/?p=374651","name":"BN\/S\u00e9culus: Buscando a reelei\u00e7\u00e3o, prefeito Marcos L\u00f4bo lidera a elei\u00e7\u00e3o em Uau\u00e1 com 51% das inten\u00e7\u00f5es de voto - Blog do Farn\u00e9sio","isPartOf":{"@id":"https:\/\/blogdofarnesio.com.br\/#website"},"primaryImageOfPage":{"@id":"https:\/\/blogdofarnesio.com.br\/?p=374651#primaryimage"},"image":{"@id":"https:\/\/blogdofarnesio.com.br\/?p=374651#primaryimage"},"thumbnailUrl":"https:\/\/blogdofarnesio.com.br\/wp-content\/uploads\/2024\/08\/blogqspuaua-pref-marcos-lobo-e1723133360672.webp","datePublished":"2024-08-08T17:31:09+00:00","breadcrumb":{"@id":"https:\/\/blogdofarnesio.com.br\/?p=374651#breadcrumb"},"inLanguage":"pt-BR","potentialAction":[{"@type":"ReadAction","target":["https:\/\/blogdofarnesio.com.br\/?p=374651"]}]},{"@type":"ImageObject","inLanguage":"pt-BR","@id":"https:\/\/blogdofarnesio.com.br\/?p=374651#primaryimage","url":"https:\/\/blogdofarnesio.com.br\/wp-content\/uploads\/2024\/08\/blogqspuaua-pref-marcos-lobo-e1723133360672.webp","contentUrl":"https:\/\/blogdofarnesio.com.br\/wp-content\/uploads\/2024\/08\/blogqspuaua-pref-marcos-lobo-e1723133360672.webp","width":600,"height":315},{"@type":"BreadcrumbList","@id":"https:\/\/blogdofarnesio.com.br\/?p=374651#breadcrumb","itemListElement":[{"@type":"ListItem","position":1,"name":"In\u00edcio","item":"https:\/\/blogdofarnesio.com.br\/"},{"@type":"ListItem","position":2,"name":"BN\/S\u00e9culus: Buscando a reelei\u00e7\u00e3o, prefeito Marcos L\u00f4bo lidera a elei\u00e7\u00e3o em Uau\u00e1 com 51% das inten\u00e7\u00f5es de voto"}]},{"@type":"WebSite","@id":"https:\/\/blogdofarnesio.com.br\/#website","url":"https:\/\/blogdofarnesio.com.br\/","name":"Blog do Farn\u00e9sio","description":"Quer Saber Pol\u00edtica?","publisher":{"@id":"https:\/\/blogdofarnesio.com.br\/#organization"},"potentialAction":[{"@type":"SearchAction","target":{"@type":"EntryPoint","urlTemplate":"https:\/\/blogdofarnesio.com.br\/?s={search_term_string}"},"query-input":{"@type":"PropertyValueSpecification","valueRequired":true,"valueName":"search_term_string"}}],"inLanguage":"pt-BR"},{"@type":"Organization","@id":"https:\/\/blogdofarnesio.com.br\/#organization","name":"Blog do Farn\u00e9sio","url":"https:\/\/blogdofarnesio.com.br\/","logo":{"@type":"ImageObject","inLanguage":"pt-BR","@id":"https:\/\/blogdofarnesio.com.br\/#\/schema\/logo\/image\/","url":"https:\/\/blogdofarnesio.com.br\/wp-content\/uploads\/2026\/03\/cropped-logo_new-1.png","contentUrl":"https:\/\/blogdofarnesio.com.br\/wp-content\/uploads\/2026\/03\/cropped-logo_new-1.png","width":881,"height":685,"caption":"Blog do Farn\u00e9sio"},"image":{"@id":"https:\/\/blogdofarnesio.com.br\/#\/schema\/logo\/image\/"},"sameAs":["https:\/\/www.facebook.com\/BlogQuerSaberPolitica\/"]},{"@type":"Person","@id":"https:\/\/blogdofarnesio.com.br\/#\/schema\/person\/bb9b23ae3ad0609ce8df7b6c9e76824d","name":"Farn\u00e9sio","image":{"@type":"ImageObject","inLanguage":"pt-BR","@id":"https:\/\/secure.gravatar.com\/avatar\/986aa4c61ccdb66f8555bf88fc2a65609d00bcabd4d2d94377a727547345cbca?s=96&d=mm&r=g","url":"https:\/\/secure.gravatar.com\/avatar\/986aa4c61ccdb66f8555bf88fc2a65609d00bcabd4d2d94377a727547345cbca?s=96&d=mm&r=g","contentUrl":"https:\/\/secure.gravatar.com\/avatar\/986aa4c61ccdb66f8555bf88fc2a65609d00bcabd4d2d94377a727547345cbca?s=96&d=mm&r=g","caption":"Farn\u00e9sio"},"description":"Radialista blogueiro, chegou a Petrolina\/Juazeiro em setembro de 1980, Farn\u00e9sio Silva \u00e9 de Arapiraca-Alagoas.","sameAs":["http:\/\/blogdofarnesio.com.br","https:\/\/www.facebook.com\/?ref=tn_tnmn","https:\/\/www.instagram.com\/?utm_source=pwa_homescreen","https:\/\/youtube.com.br\/"],"url":"https:\/\/blogdofarnesio.com.br\/?author=2"}]}},"_links":{"self":[{"href":"https:\/\/blogdofarnesio.com.br\/index.php?rest_route=\/wp\/v2\/posts\/374651","targetHints":{"allow":["GET"]}}],"collection":[{"href":"https:\/\/blogdofarnesio.com.br\/index.php?rest_route=\/wp\/v2\/posts"}],"about":[{"href":"https:\/\/blogdofarnesio.com.br\/index.php?rest_route=\/wp\/v2\/types\/post"}],"author":[{"embeddable":true,"href":"https:\/\/blogdofarnesio.com.br\/index.php?rest_route=\/wp\/v2\/users\/2"}],"replies":[{"embeddable":true,"href":"https:\/\/blogdofarnesio.com.br\/index.php?rest_route=%2Fwp%2Fv2%2Fcomments&post=374651"}],"version-history":[{"count":0,"href":"https:\/\/blogdofarnesio.com.br\/index.php?rest_route=\/wp\/v2\/posts\/374651\/revisions"}],"wp:featuredmedia":[{"embeddable":true,"href":"https:\/\/blogdofarnesio.com.br\/index.php?rest_route=\/wp\/v2\/media\/374652"}],"wp:attachment":[{"href":"https:\/\/blogdofarnesio.com.br\/index.php?rest_route=%2Fwp%2Fv2%2Fmedia&parent=374651"}],"wp:term":[{"taxonomy":"category","embeddable":true,"href":"https:\/\/blogdofarnesio.com.br\/index.php?rest_route=%2Fwp%2Fv2%2Fcategories&post=374651"},{"taxonomy":"post_tag","embeddable":true,"href":"https:\/\/blogdofarnesio.com.br\/index.php?rest_route=%2Fwp%2Fv2%2Ftags&post=374651"}],"curies":[{"name":"wp","href":"https:\/\/api.w.org\/{rel}","templated":true}]}}