{"id":374648,"date":"2024-08-08T14:00:29","date_gmt":"2024-08-08T17:00:29","guid":{"rendered":"https:\/\/blogdofarnesio.com.br\/?p=374648"},"modified":"2024-08-08T12:51:21","modified_gmt":"2024-08-08T15:51:21","slug":"3a-sessao-do-first-friday-sera-online-nesta-sexta-feira-9-no-cemafauna","status":"publish","type":"post","link":"https:\/\/blogdofarnesio.com.br\/?p=374648","title":{"rendered":"3\u00aa Sess\u00e3o do First Friday ser\u00e1 online nesta sexta-feira (9) no Cemafauna"},"content":{"rendered":"<p>Nesta sexta-feira (9), o Centro de Conserva\u00e7\u00e3o e Manejo de Fauna da Caatinga (Cemafauna), localizado no Campus de Ci\u00eancias Agr\u00e1rias da Universidade Federal do Vale do S\u00e3o Francisco (Univasf) em Petrolina, promover\u00e1 a 3\u00aa Sess\u00e3o do First Friday 2024 Webinar com o tema \u2018Expedi\u00e7\u00e3o Cient\u00edfica do Baixo S\u00e3o Francisco: qualidade da \u00c1gua e Sa\u00fade dos Peixes\u2019.<\/p>\n<p>A palestra ter\u00e1 in\u00edcio \u00e0s 9h30 e ser\u00e1 transmitida pelo canal oficial do Cemafauna no Youtube:\u00a0\u00a0<a href=\"https:\/\/youtube.com\/@cemafaunacaatinga?si=BCM2SXNmX3ktv0vh\" target=\"_blank\" rel=\"noopener\" data-saferedirecturl=\"https:\/\/www.google.com\/url?q=https:\/\/youtube.com\/@cemafaunacaatinga?si%3DBCM2SXNmX3ktv0vh&amp;source=gmail&amp;ust=1723215598765000&amp;usg=AOvVaw2Bl-vInTJqhyUH_8DchFJN\">https:\/\/youtube.com\/@<wbr \/>cemafaunacaatinga?si=<wbr \/>BCM2SXNmX3ktv0vh<\/a>.<\/p>\n<p>Os interessados ainda podem se inscrever de maneira gratuita pelo site\u00a0<a href=\"https:\/\/www.even3.com.br\/3firstfriday2024\/\" target=\"_blank\" rel=\"noopener\" data-saferedirecturl=\"https:\/\/www.google.com\/url?q=https:\/\/www.even3.com.br\/3firstfriday2024\/&amp;source=gmail&amp;ust=1723215598765000&amp;usg=AOvVaw3zx2kKULCjTzzORCyDmz4r\">https:\/\/www.even3.com.br\/<wbr \/>3firstfriday2024\/<\/a>. O evento tem como convidado o professor Doutor da Universidade Federal de Alagoas (UFAL), Emerson Carlos Soares e o mediador \u00e9 o pesquisador do Cemafauna, Augusto Bentinho. Os certificados tamb\u00e9m ficar\u00e3o dispon\u00edveis pelo site Even3 acima mencionado.<\/p>\n<p dir=\"auto\">Texto: Jaquelyne Costa<\/p>\n<p>Assessora de Comunica\u00e7\u00e3o do Cemafauna\/Univasf<\/p>\n","protected":false},"excerpt":{"rendered":"<p>Nesta sexta-feira (9), o Centro de Conserva\u00e7\u00e3o e Manejo de Fauna da Caatinga (Cemafauna), localizado no Campus de Ci\u00eancias Agr\u00e1rias da Universidade Federal do Vale do S\u00e3o Francisco (Univasf) em Petrolina, promover\u00e1 a 3\u00aa Sess\u00e3o do First Friday 2024 Webinar com o tema \u2018Expedi\u00e7\u00e3o Cient\u00edfica do Baixo S\u00e3o Francisco: qualidade da \u00c1gua e Sa\u00fade dos Peixes\u2019. A palestra ter\u00e1 in\u00edcio \u00e0s 9h30 e ser\u00e1 transmitida pelo canal oficial do Cemafauna no Youtube:\u00a0\u00a0https:\/\/youtube.com\/@cemafaunacaatinga?si=BCM2SXNmX3ktv0vh. Os interessados ainda podem se inscrever de maneira gratuita pelo site\u00a0https:\/\/www.even3.com.br\/3firstfriday2024\/. O evento tem como convidado o professor Doutor da Universidade Federal de Alagoas (UFAL), Emerson Carlos Soares e o mediador \u00e9 o pesquisador do Cemafauna, Augusto Bentinho. Os certificados tamb\u00e9m ficar\u00e3o dispon\u00edveis pelo site Even3 acima mencionado.&hellip; <\/p>\n","protected":false},"author":2,"featured_media":374649,"comment_status":"open","ping_status":"open","sticky":false,"template":"","format":"standard","meta":{"_acf_changed":false,"footnotes":""},"categories":[29],"tags":[],"class_list":["post-374648","post","type-post","status-publish","format-standard","has-post-thumbnail","hentry","category-meio-ambiente"],"acf":[],"yoast_head":"<!-- This site is optimized with the Yoast SEO plugin v27.4 - https:\/\/yoast.com\/product\/yoast-seo-wordpress\/ -->\n<title>3\u00aa Sess\u00e3o do First Friday ser\u00e1 online nesta sexta-feira (9) no Cemafauna - Blog do Farn\u00e9sio<\/title>\n<meta name=\"robots\" content=\"index, follow, max-snippet:-1, max-image-preview:large, max-video-preview:-1\" \/>\n<link rel=\"canonical\" href=\"https:\/\/blogdofarnesio.com.br\/?p=374648\" \/>\n<meta property=\"og:locale\" content=\"pt_BR\" \/>\n<meta property=\"og:type\" content=\"article\" \/>\n<meta property=\"og:title\" content=\"3\u00aa Sess\u00e3o do First Friday ser\u00e1 online nesta sexta-feira (9) no Cemafauna - Blog do Farn\u00e9sio\" \/>\n<meta property=\"og:description\" content=\"Nesta sexta-feira (9), o Centro de Conserva\u00e7\u00e3o e Manejo de Fauna da Caatinga (Cemafauna), localizado no Campus de Ci\u00eancias Agr\u00e1rias da Universidade Federal do Vale do S\u00e3o Francisco (Univasf) em Petrolina, promover\u00e1 a 3\u00aa Sess\u00e3o do First Friday 2024 Webinar com o tema \u2018Expedi\u00e7\u00e3o Cient\u00edfica do Baixo S\u00e3o Francisco: qualidade da \u00c1gua e Sa\u00fade dos Peixes\u2019. A palestra ter\u00e1 in\u00edcio \u00e0s 9h30 e ser\u00e1 transmitida pelo canal oficial do Cemafauna no Youtube:\u00a0\u00a0https:\/\/youtube.com\/@cemafaunacaatinga?si=BCM2SXNmX3ktv0vh. Os interessados ainda podem se inscrever de maneira gratuita pelo site\u00a0https:\/\/www.even3.com.br\/3firstfriday2024\/. O evento tem como convidado o professor Doutor da Universidade Federal de Alagoas (UFAL), Emerson Carlos Soares e o mediador \u00e9 o pesquisador do Cemafauna, Augusto Bentinho. Os certificados tamb\u00e9m ficar\u00e3o dispon\u00edveis pelo site Even3 acima mencionado.&hellip;\" \/>\n<meta property=\"og:url\" content=\"https:\/\/blogdofarnesio.com.br\/?p=374648\" \/>\n<meta property=\"og:site_name\" content=\"Blog do Farn\u00e9sio\" \/>\n<meta property=\"article:publisher\" content=\"https:\/\/www.facebook.com\/BlogQuerSaberPolitica\/\" \/>\n<meta property=\"article:author\" content=\"https:\/\/www.facebook.com\/?ref=tn_tnmn\" \/>\n<meta property=\"article:published_time\" content=\"2024-08-08T17:00:29+00:00\" \/>\n<meta property=\"og:image\" content=\"https:\/\/blogdofarnesio.com.br\/wp-content\/uploads\/2024\/08\/a91655d3-f0e8-48b9-9742-e91172e44c5b-e1723132236326.jpeg\" \/>\n\t<meta property=\"og:image:width\" content=\"480\" \/>\n\t<meta property=\"og:image:height\" content=\"480\" \/>\n\t<meta property=\"og:image:type\" content=\"image\/jpeg\" \/>\n<meta name=\"author\" content=\"Farn\u00e9sio\" \/>\n<meta name=\"twitter:card\" content=\"summary_large_image\" \/>\n<meta name=\"twitter:label1\" content=\"Escrito por\" \/>\n\t<meta name=\"twitter:data1\" content=\"Farn\u00e9sio\" \/>\n\t<meta name=\"twitter:label2\" content=\"Est. tempo de leitura\" \/>\n\t<meta name=\"twitter:data2\" content=\"1 minuto\" \/>\n<script type=\"application\/ld+json\" class=\"yoast-schema-graph\">{\"@context\":\"https:\\\/\\\/schema.org\",\"@graph\":[{\"@type\":\"Article\",\"@id\":\"https:\\\/\\\/blogdofarnesio.com.br\\\/?p=374648#article\",\"isPartOf\":{\"@id\":\"https:\\\/\\\/blogdofarnesio.com.br\\\/?p=374648\"},\"author\":{\"name\":\"Farn\u00e9sio\",\"@id\":\"https:\\\/\\\/blogdofarnesio.com.br\\\/#\\\/schema\\\/person\\\/bb9b23ae3ad0609ce8df7b6c9e76824d\"},\"headline\":\"3\u00aa Sess\u00e3o do First Friday ser\u00e1 online nesta sexta-feira (9) no Cemafauna\",\"datePublished\":\"2024-08-08T17:00:29+00:00\",\"mainEntityOfPage\":{\"@id\":\"https:\\\/\\\/blogdofarnesio.com.br\\\/?p=374648\"},\"wordCount\":165,\"commentCount\":0,\"publisher\":{\"@id\":\"https:\\\/\\\/blogdofarnesio.com.br\\\/#organization\"},\"image\":{\"@id\":\"https:\\\/\\\/blogdofarnesio.com.br\\\/?p=374648#primaryimage\"},\"thumbnailUrl\":\"https:\\\/\\\/blogdofarnesio.com.br\\\/wp-content\\\/uploads\\\/2024\\\/08\\\/a91655d3-f0e8-48b9-9742-e91172e44c5b-e1723132236326.jpeg\",\"articleSection\":[\"Meio Ambiente\"],\"inLanguage\":\"pt-BR\",\"potentialAction\":[{\"@type\":\"CommentAction\",\"name\":\"Comment\",\"target\":[\"https:\\\/\\\/blogdofarnesio.com.br\\\/?p=374648#respond\"]}]},{\"@type\":\"WebPage\",\"@id\":\"https:\\\/\\\/blogdofarnesio.com.br\\\/?p=374648\",\"url\":\"https:\\\/\\\/blogdofarnesio.com.br\\\/?p=374648\",\"name\":\"3\u00aa Sess\u00e3o do First Friday ser\u00e1 online nesta sexta-feira (9) no Cemafauna - Blog do Farn\u00e9sio\",\"isPartOf\":{\"@id\":\"https:\\\/\\\/blogdofarnesio.com.br\\\/#website\"},\"primaryImageOfPage\":{\"@id\":\"https:\\\/\\\/blogdofarnesio.com.br\\\/?p=374648#primaryimage\"},\"image\":{\"@id\":\"https:\\\/\\\/blogdofarnesio.com.br\\\/?p=374648#primaryimage\"},\"thumbnailUrl\":\"https:\\\/\\\/blogdofarnesio.com.br\\\/wp-content\\\/uploads\\\/2024\\\/08\\\/a91655d3-f0e8-48b9-9742-e91172e44c5b-e1723132236326.jpeg\",\"datePublished\":\"2024-08-08T17:00:29+00:00\",\"breadcrumb\":{\"@id\":\"https:\\\/\\\/blogdofarnesio.com.br\\\/?p=374648#breadcrumb\"},\"inLanguage\":\"pt-BR\",\"potentialAction\":[{\"@type\":\"ReadAction\",\"target\":[\"https:\\\/\\\/blogdofarnesio.com.br\\\/?p=374648\"]}]},{\"@type\":\"ImageObject\",\"inLanguage\":\"pt-BR\",\"@id\":\"https:\\\/\\\/blogdofarnesio.com.br\\\/?p=374648#primaryimage\",\"url\":\"https:\\\/\\\/blogdofarnesio.com.br\\\/wp-content\\\/uploads\\\/2024\\\/08\\\/a91655d3-f0e8-48b9-9742-e91172e44c5b-e1723132236326.jpeg\",\"contentUrl\":\"https:\\\/\\\/blogdofarnesio.com.br\\\/wp-content\\\/uploads\\\/2024\\\/08\\\/a91655d3-f0e8-48b9-9742-e91172e44c5b-e1723132236326.jpeg\",\"width\":480,\"height\":480},{\"@type\":\"BreadcrumbList\",\"@id\":\"https:\\\/\\\/blogdofarnesio.com.br\\\/?p=374648#breadcrumb\",\"itemListElement\":[{\"@type\":\"ListItem\",\"position\":1,\"name\":\"In\u00edcio\",\"item\":\"https:\\\/\\\/blogdofarnesio.com.br\\\/\"},{\"@type\":\"ListItem\",\"position\":2,\"name\":\"3\u00aa Sess\u00e3o do First Friday ser\u00e1 online nesta sexta-feira (9) no Cemafauna\"}]},{\"@type\":\"WebSite\",\"@id\":\"https:\\\/\\\/blogdofarnesio.com.br\\\/#website\",\"url\":\"https:\\\/\\\/blogdofarnesio.com.br\\\/\",\"name\":\"Blog do Farn\u00e9sio\",\"description\":\"Quer Saber Pol\u00edtica?\",\"publisher\":{\"@id\":\"https:\\\/\\\/blogdofarnesio.com.br\\\/#organization\"},\"potentialAction\":[{\"@type\":\"SearchAction\",\"target\":{\"@type\":\"EntryPoint\",\"urlTemplate\":\"https:\\\/\\\/blogdofarnesio.com.br\\\/?s={search_term_string}\"},\"query-input\":{\"@type\":\"PropertyValueSpecification\",\"valueRequired\":true,\"valueName\":\"search_term_string\"}}],\"inLanguage\":\"pt-BR\"},{\"@type\":\"Organization\",\"@id\":\"https:\\\/\\\/blogdofarnesio.com.br\\\/#organization\",\"name\":\"Blog do Farn\u00e9sio\",\"url\":\"https:\\\/\\\/blogdofarnesio.com.br\\\/\",\"logo\":{\"@type\":\"ImageObject\",\"inLanguage\":\"pt-BR\",\"@id\":\"https:\\\/\\\/blogdofarnesio.com.br\\\/#\\\/schema\\\/logo\\\/image\\\/\",\"url\":\"https:\\\/\\\/blogdofarnesio.com.br\\\/wp-content\\\/uploads\\\/2026\\\/03\\\/cropped-logo_new-1.png\",\"contentUrl\":\"https:\\\/\\\/blogdofarnesio.com.br\\\/wp-content\\\/uploads\\\/2026\\\/03\\\/cropped-logo_new-1.png\",\"width\":881,\"height\":685,\"caption\":\"Blog do Farn\u00e9sio\"},\"image\":{\"@id\":\"https:\\\/\\\/blogdofarnesio.com.br\\\/#\\\/schema\\\/logo\\\/image\\\/\"},\"sameAs\":[\"https:\\\/\\\/www.facebook.com\\\/BlogQuerSaberPolitica\\\/\"]},{\"@type\":\"Person\",\"@id\":\"https:\\\/\\\/blogdofarnesio.com.br\\\/#\\\/schema\\\/person\\\/bb9b23ae3ad0609ce8df7b6c9e76824d\",\"name\":\"Farn\u00e9sio\",\"image\":{\"@type\":\"ImageObject\",\"inLanguage\":\"pt-BR\",\"@id\":\"https:\\\/\\\/secure.gravatar.com\\\/avatar\\\/986aa4c61ccdb66f8555bf88fc2a65609d00bcabd4d2d94377a727547345cbca?s=96&d=mm&r=g\",\"url\":\"https:\\\/\\\/secure.gravatar.com\\\/avatar\\\/986aa4c61ccdb66f8555bf88fc2a65609d00bcabd4d2d94377a727547345cbca?s=96&d=mm&r=g\",\"contentUrl\":\"https:\\\/\\\/secure.gravatar.com\\\/avatar\\\/986aa4c61ccdb66f8555bf88fc2a65609d00bcabd4d2d94377a727547345cbca?s=96&d=mm&r=g\",\"caption\":\"Farn\u00e9sio\"},\"description\":\"Radialista blogueiro, chegou a Petrolina\\\/Juazeiro em setembro de 1980, Farn\u00e9sio Silva \u00e9 de Arapiraca-Alagoas.\",\"sameAs\":[\"http:\\\/\\\/blogdofarnesio.com.br\",\"https:\\\/\\\/www.facebook.com\\\/?ref=tn_tnmn\",\"https:\\\/\\\/www.instagram.com\\\/?utm_source=pwa_homescreen\",\"https:\\\/\\\/youtube.com.br\\\/\"],\"url\":\"https:\\\/\\\/blogdofarnesio.com.br\\\/?author=2\"}]}<\/script>\n<!-- \/ Yoast SEO plugin. -->","yoast_head_json":{"title":"3\u00aa Sess\u00e3o do First Friday ser\u00e1 online nesta sexta-feira (9) no Cemafauna - Blog do Farn\u00e9sio","robots":{"index":"index","follow":"follow","max-snippet":"max-snippet:-1","max-image-preview":"max-image-preview:large","max-video-preview":"max-video-preview:-1"},"canonical":"https:\/\/blogdofarnesio.com.br\/?p=374648","og_locale":"pt_BR","og_type":"article","og_title":"3\u00aa Sess\u00e3o do First Friday ser\u00e1 online nesta sexta-feira (9) no Cemafauna - Blog do Farn\u00e9sio","og_description":"Nesta sexta-feira (9), o Centro de Conserva\u00e7\u00e3o e Manejo de Fauna da Caatinga (Cemafauna), localizado no Campus de Ci\u00eancias Agr\u00e1rias da Universidade Federal do Vale do S\u00e3o Francisco (Univasf) em Petrolina, promover\u00e1 a 3\u00aa Sess\u00e3o do First Friday 2024 Webinar com o tema \u2018Expedi\u00e7\u00e3o Cient\u00edfica do Baixo S\u00e3o Francisco: qualidade da \u00c1gua e Sa\u00fade dos Peixes\u2019. A palestra ter\u00e1 in\u00edcio \u00e0s 9h30 e ser\u00e1 transmitida pelo canal oficial do Cemafauna no Youtube:\u00a0\u00a0https:\/\/youtube.com\/@cemafaunacaatinga?si=BCM2SXNmX3ktv0vh. Os interessados ainda podem se inscrever de maneira gratuita pelo site\u00a0https:\/\/www.even3.com.br\/3firstfriday2024\/. O evento tem como convidado o professor Doutor da Universidade Federal de Alagoas (UFAL), Emerson Carlos Soares e o mediador \u00e9 o pesquisador do Cemafauna, Augusto Bentinho. Os certificados tamb\u00e9m ficar\u00e3o dispon\u00edveis pelo site Even3 acima mencionado.&hellip;","og_url":"https:\/\/blogdofarnesio.com.br\/?p=374648","og_site_name":"Blog do Farn\u00e9sio","article_publisher":"https:\/\/www.facebook.com\/BlogQuerSaberPolitica\/","article_author":"https:\/\/www.facebook.com\/?ref=tn_tnmn","article_published_time":"2024-08-08T17:00:29+00:00","og_image":[{"width":480,"height":480,"url":"https:\/\/blogdofarnesio.com.br\/wp-content\/uploads\/2024\/08\/a91655d3-f0e8-48b9-9742-e91172e44c5b-e1723132236326.jpeg","type":"image\/jpeg"}],"author":"Farn\u00e9sio","twitter_card":"summary_large_image","twitter_misc":{"Escrito por":"Farn\u00e9sio","Est. tempo de leitura":"1 minuto"},"schema":{"@context":"https:\/\/schema.org","@graph":[{"@type":"Article","@id":"https:\/\/blogdofarnesio.com.br\/?p=374648#article","isPartOf":{"@id":"https:\/\/blogdofarnesio.com.br\/?p=374648"},"author":{"name":"Farn\u00e9sio","@id":"https:\/\/blogdofarnesio.com.br\/#\/schema\/person\/bb9b23ae3ad0609ce8df7b6c9e76824d"},"headline":"3\u00aa Sess\u00e3o do First Friday ser\u00e1 online nesta sexta-feira (9) no Cemafauna","datePublished":"2024-08-08T17:00:29+00:00","mainEntityOfPage":{"@id":"https:\/\/blogdofarnesio.com.br\/?p=374648"},"wordCount":165,"commentCount":0,"publisher":{"@id":"https:\/\/blogdofarnesio.com.br\/#organization"},"image":{"@id":"https:\/\/blogdofarnesio.com.br\/?p=374648#primaryimage"},"thumbnailUrl":"https:\/\/blogdofarnesio.com.br\/wp-content\/uploads\/2024\/08\/a91655d3-f0e8-48b9-9742-e91172e44c5b-e1723132236326.jpeg","articleSection":["Meio Ambiente"],"inLanguage":"pt-BR","potentialAction":[{"@type":"CommentAction","name":"Comment","target":["https:\/\/blogdofarnesio.com.br\/?p=374648#respond"]}]},{"@type":"WebPage","@id":"https:\/\/blogdofarnesio.com.br\/?p=374648","url":"https:\/\/blogdofarnesio.com.br\/?p=374648","name":"3\u00aa Sess\u00e3o do First Friday ser\u00e1 online nesta sexta-feira (9) no Cemafauna - Blog do Farn\u00e9sio","isPartOf":{"@id":"https:\/\/blogdofarnesio.com.br\/#website"},"primaryImageOfPage":{"@id":"https:\/\/blogdofarnesio.com.br\/?p=374648#primaryimage"},"image":{"@id":"https:\/\/blogdofarnesio.com.br\/?p=374648#primaryimage"},"thumbnailUrl":"https:\/\/blogdofarnesio.com.br\/wp-content\/uploads\/2024\/08\/a91655d3-f0e8-48b9-9742-e91172e44c5b-e1723132236326.jpeg","datePublished":"2024-08-08T17:00:29+00:00","breadcrumb":{"@id":"https:\/\/blogdofarnesio.com.br\/?p=374648#breadcrumb"},"inLanguage":"pt-BR","potentialAction":[{"@type":"ReadAction","target":["https:\/\/blogdofarnesio.com.br\/?p=374648"]}]},{"@type":"ImageObject","inLanguage":"pt-BR","@id":"https:\/\/blogdofarnesio.com.br\/?p=374648#primaryimage","url":"https:\/\/blogdofarnesio.com.br\/wp-content\/uploads\/2024\/08\/a91655d3-f0e8-48b9-9742-e91172e44c5b-e1723132236326.jpeg","contentUrl":"https:\/\/blogdofarnesio.com.br\/wp-content\/uploads\/2024\/08\/a91655d3-f0e8-48b9-9742-e91172e44c5b-e1723132236326.jpeg","width":480,"height":480},{"@type":"BreadcrumbList","@id":"https:\/\/blogdofarnesio.com.br\/?p=374648#breadcrumb","itemListElement":[{"@type":"ListItem","position":1,"name":"In\u00edcio","item":"https:\/\/blogdofarnesio.com.br\/"},{"@type":"ListItem","position":2,"name":"3\u00aa Sess\u00e3o do First Friday ser\u00e1 online nesta sexta-feira (9) no Cemafauna"}]},{"@type":"WebSite","@id":"https:\/\/blogdofarnesio.com.br\/#website","url":"https:\/\/blogdofarnesio.com.br\/","name":"Blog do Farn\u00e9sio","description":"Quer Saber Pol\u00edtica?","publisher":{"@id":"https:\/\/blogdofarnesio.com.br\/#organization"},"potentialAction":[{"@type":"SearchAction","target":{"@type":"EntryPoint","urlTemplate":"https:\/\/blogdofarnesio.com.br\/?s={search_term_string}"},"query-input":{"@type":"PropertyValueSpecification","valueRequired":true,"valueName":"search_term_string"}}],"inLanguage":"pt-BR"},{"@type":"Organization","@id":"https:\/\/blogdofarnesio.com.br\/#organization","name":"Blog do Farn\u00e9sio","url":"https:\/\/blogdofarnesio.com.br\/","logo":{"@type":"ImageObject","inLanguage":"pt-BR","@id":"https:\/\/blogdofarnesio.com.br\/#\/schema\/logo\/image\/","url":"https:\/\/blogdofarnesio.com.br\/wp-content\/uploads\/2026\/03\/cropped-logo_new-1.png","contentUrl":"https:\/\/blogdofarnesio.com.br\/wp-content\/uploads\/2026\/03\/cropped-logo_new-1.png","width":881,"height":685,"caption":"Blog do Farn\u00e9sio"},"image":{"@id":"https:\/\/blogdofarnesio.com.br\/#\/schema\/logo\/image\/"},"sameAs":["https:\/\/www.facebook.com\/BlogQuerSaberPolitica\/"]},{"@type":"Person","@id":"https:\/\/blogdofarnesio.com.br\/#\/schema\/person\/bb9b23ae3ad0609ce8df7b6c9e76824d","name":"Farn\u00e9sio","image":{"@type":"ImageObject","inLanguage":"pt-BR","@id":"https:\/\/secure.gravatar.com\/avatar\/986aa4c61ccdb66f8555bf88fc2a65609d00bcabd4d2d94377a727547345cbca?s=96&d=mm&r=g","url":"https:\/\/secure.gravatar.com\/avatar\/986aa4c61ccdb66f8555bf88fc2a65609d00bcabd4d2d94377a727547345cbca?s=96&d=mm&r=g","contentUrl":"https:\/\/secure.gravatar.com\/avatar\/986aa4c61ccdb66f8555bf88fc2a65609d00bcabd4d2d94377a727547345cbca?s=96&d=mm&r=g","caption":"Farn\u00e9sio"},"description":"Radialista blogueiro, chegou a Petrolina\/Juazeiro em setembro de 1980, Farn\u00e9sio Silva \u00e9 de Arapiraca-Alagoas.","sameAs":["http:\/\/blogdofarnesio.com.br","https:\/\/www.facebook.com\/?ref=tn_tnmn","https:\/\/www.instagram.com\/?utm_source=pwa_homescreen","https:\/\/youtube.com.br\/"],"url":"https:\/\/blogdofarnesio.com.br\/?author=2"}]}},"_links":{"self":[{"href":"https:\/\/blogdofarnesio.com.br\/index.php?rest_route=\/wp\/v2\/posts\/374648","targetHints":{"allow":["GET"]}}],"collection":[{"href":"https:\/\/blogdofarnesio.com.br\/index.php?rest_route=\/wp\/v2\/posts"}],"about":[{"href":"https:\/\/blogdofarnesio.com.br\/index.php?rest_route=\/wp\/v2\/types\/post"}],"author":[{"embeddable":true,"href":"https:\/\/blogdofarnesio.com.br\/index.php?rest_route=\/wp\/v2\/users\/2"}],"replies":[{"embeddable":true,"href":"https:\/\/blogdofarnesio.com.br\/index.php?rest_route=%2Fwp%2Fv2%2Fcomments&post=374648"}],"version-history":[{"count":0,"href":"https:\/\/blogdofarnesio.com.br\/index.php?rest_route=\/wp\/v2\/posts\/374648\/revisions"}],"wp:featuredmedia":[{"embeddable":true,"href":"https:\/\/blogdofarnesio.com.br\/index.php?rest_route=\/wp\/v2\/media\/374649"}],"wp:attachment":[{"href":"https:\/\/blogdofarnesio.com.br\/index.php?rest_route=%2Fwp%2Fv2%2Fmedia&parent=374648"}],"wp:term":[{"taxonomy":"category","embeddable":true,"href":"https:\/\/blogdofarnesio.com.br\/index.php?rest_route=%2Fwp%2Fv2%2Fcategories&post=374648"},{"taxonomy":"post_tag","embeddable":true,"href":"https:\/\/blogdofarnesio.com.br\/index.php?rest_route=%2Fwp%2Fv2%2Ftags&post=374648"}],"curies":[{"name":"wp","href":"https:\/\/api.w.org\/{rel}","templated":true}]}}