{"id":374638,"date":"2024-08-08T11:00:05","date_gmt":"2024-08-08T14:00:05","guid":{"rendered":"https:\/\/blogdofarnesio.com.br\/?p=374638"},"modified":"2024-08-08T11:02:59","modified_gmt":"2024-08-08T14:02:59","slug":"com-03-contas-rejeitadas-pelo-tce-pe-gustavo-caribe-prefeito-de-belem-do-sao-francisco-esta-na-lista-de-ficha-suja","status":"publish","type":"post","link":"https:\/\/blogdofarnesio.com.br\/?p=374638","title":{"rendered":"Com 03 contas rejeitadas pelo TCE-PE, Gustavo Carib\u00e9, prefeito de Bel\u00e9m do S\u00e3o francisco est\u00e1 na lista de ficha suja"},"content":{"rendered":"<div class=\"entry-content clearfix\">\n<p>O Tribunal de Contas do Estado de Pernambuco (TCE-PE) entregou ao Tribunal Regional Eleitoral de Pernambuco (TRE-PE) nessa quarta-feira, 7, a lista com os nomes de 1.267 prefeitos e gestores p\u00fablicos que tiveram contas rejeitas ou julgadas irregulares nos \u00faltimos oito anos.<\/p>\n<p>Na\u00a0<a href=\"https:\/\/www.tcepe.tc.br\/internet\/docs\/tce\/lista-eleicao\/listaChefeExecutivo_20240807.pdf\" target=\"_blank\" rel=\"noopener\">rela\u00e7\u00e3o de prefeitos<\/a> aparece o gestor municipal de Bel\u00e9m do S\u00e3o francisco, Gustavo Carib\u00e9, que pretende tentar mais uma reelei\u00e7\u00e3o este ano, e teve as contas relativas aos anos de 2014, 2015 e 2016 rejeitadas pela corte. Outro ex-prefeito da cidade tamb\u00e9m est\u00e1 na lista, o prof\u00ba Lic\u00ednio, com as contas de 2017 tamb\u00e9m rejeitadas<\/p>\n<p><a href=\"https:\/\/www.alvinhopatriota.com.br\/prefeito-de-parnamirim-e-secretario-de-educacao-de-salgueiro-estao-na-lista-de-fichas-sujas-entregue-pelo-tce-pe-ao-tre-pe\/entrega_list_eleicao_2024\/\" rel=\"attachment wp-att-288341\"><img loading=\"lazy\" decoding=\"async\" class=\"aligncenter wp-image-288341\" src=\"https:\/\/www.alvinhopatriota.com.br\/wp-content\/uploads\/2024\/08\/entrega_list_eleicao_2024.jpeg\" sizes=\"auto, (max-width: 355px) 100vw, 355px\" srcset=\"https:\/\/www.alvinhopatriota.com.br\/wp-content\/uploads\/2024\/08\/entrega_list_eleicao_2024.jpeg 450w, https:\/\/www.alvinhopatriota.com.br\/wp-content\/uploads\/2024\/08\/entrega_list_eleicao_2024-300x199.jpeg 300w, https:\/\/www.alvinhopatriota.com.br\/wp-content\/uploads\/2024\/08\/entrega_list_eleicao_2024-150x100.jpeg 150w\" alt=\"\" width=\"478\" height=\"318\" \/><\/a>Segundo o TCE-PE, Nininho teve as contas do exerc\u00edcio financeiro de 2014 julgadas irregulares pelo tribunal e rejeitadas na C\u00e2mara de Vereadores no dia 26 de dezembro de 2023. J\u00e1 Marcelo se tornou ficha suja por conta de um processo que transitou em julgado em novembro do ano passado, referente a irregularidades no transporte escolar.<\/p>\n<p>O presidente do TCE, conselheiro Valdecir Pascoal, explica que a lista entregue ao TRE-PE tem dois prop\u00f3sitos: \u201cO primeiro \u00e9 cumprir um dever legal, em atendimento \u00e0s exig\u00eancias da legisla\u00e7\u00e3o eleitoral. O segundo objetivo, igualmente importante, \u00e9 auxiliar o cidad\u00e3o a exercer o seu voto com qualidade e informa\u00e7\u00e3o. Esse dado de transpar\u00eancia qualifica a democracia\u201d, destaca.<\/p>\n<\/div>\n","protected":false},"excerpt":{"rendered":"<p>O Tribunal de Contas do Estado de Pernambuco (TCE-PE) entregou ao Tribunal Regional Eleitoral de Pernambuco (TRE-PE) nessa quarta-feira, 7, a lista com os nomes de 1.267 prefeitos e gestores p\u00fablicos que tiveram contas rejeitas ou julgadas irregulares nos \u00faltimos oito anos. Na\u00a0rela\u00e7\u00e3o de prefeitos aparece o gestor municipal de Bel\u00e9m do S\u00e3o francisco, Gustavo Carib\u00e9, que pretende tentar mais uma reelei\u00e7\u00e3o este ano, e teve as contas relativas aos anos de 2014, 2015 e 2016 rejeitadas pela corte. Outro ex-prefeito da cidade tamb\u00e9m est\u00e1 na lista, o prof\u00ba Lic\u00ednio, com as contas de 2017 tamb\u00e9m rejeitadas Segundo o TCE-PE, Nininho teve as contas do exerc\u00edcio financeiro de 2014 julgadas irregulares pelo tribunal e rejeitadas na C\u00e2mara de Vereadores no&hellip; <\/p>\n","protected":false},"author":2,"featured_media":275477,"comment_status":"open","ping_status":"open","sticky":false,"template":"","format":"standard","meta":{"_acf_changed":false,"footnotes":""},"categories":[23],"tags":[],"class_list":["post-374638","post","type-post","status-publish","format-standard","has-post-thumbnail","hentry","category-justica"],"acf":[],"yoast_head":"<!-- This site is optimized with the Yoast SEO plugin v27.4 - https:\/\/yoast.com\/product\/yoast-seo-wordpress\/ -->\n<title>Com 03 contas rejeitadas pelo TCE-PE, Gustavo Carib\u00e9, prefeito de Bel\u00e9m do S\u00e3o francisco est\u00e1 na lista de ficha suja - Blog do Farn\u00e9sio<\/title>\n<meta name=\"robots\" content=\"index, follow, max-snippet:-1, max-image-preview:large, max-video-preview:-1\" \/>\n<link rel=\"canonical\" href=\"https:\/\/blogdofarnesio.com.br\/?p=374638\" \/>\n<meta property=\"og:locale\" content=\"pt_BR\" \/>\n<meta property=\"og:type\" content=\"article\" \/>\n<meta property=\"og:title\" content=\"Com 03 contas rejeitadas pelo TCE-PE, Gustavo Carib\u00e9, prefeito de Bel\u00e9m do S\u00e3o francisco est\u00e1 na lista de ficha suja - Blog do Farn\u00e9sio\" \/>\n<meta property=\"og:description\" content=\"O Tribunal de Contas do Estado de Pernambuco (TCE-PE) entregou ao Tribunal Regional Eleitoral de Pernambuco (TRE-PE) nessa quarta-feira, 7, a lista com os nomes de 1.267 prefeitos e gestores p\u00fablicos que tiveram contas rejeitas ou julgadas irregulares nos \u00faltimos oito anos. Na\u00a0rela\u00e7\u00e3o de prefeitos aparece o gestor municipal de Bel\u00e9m do S\u00e3o francisco, Gustavo Carib\u00e9, que pretende tentar mais uma reelei\u00e7\u00e3o este ano, e teve as contas relativas aos anos de 2014, 2015 e 2016 rejeitadas pela corte. Outro ex-prefeito da cidade tamb\u00e9m est\u00e1 na lista, o prof\u00ba Lic\u00ednio, com as contas de 2017 tamb\u00e9m rejeitadas Segundo o TCE-PE, Nininho teve as contas do exerc\u00edcio financeiro de 2014 julgadas irregulares pelo tribunal e rejeitadas na C\u00e2mara de Vereadores no&hellip;\" \/>\n<meta property=\"og:url\" content=\"https:\/\/blogdofarnesio.com.br\/?p=374638\" \/>\n<meta property=\"og:site_name\" content=\"Blog do Farn\u00e9sio\" \/>\n<meta property=\"article:publisher\" content=\"https:\/\/www.facebook.com\/BlogQuerSaberPolitica\/\" \/>\n<meta property=\"article:author\" content=\"https:\/\/www.facebook.com\/?ref=tn_tnmn\" \/>\n<meta property=\"article:published_time\" content=\"2024-08-08T14:00:05+00:00\" \/>\n<meta property=\"article:modified_time\" content=\"2024-08-08T14:02:59+00:00\" \/>\n<meta property=\"og:image\" content=\"https:\/\/blogdofarnesio.com.br\/wp-content\/uploads\/2021\/01\/blogqspbelem-pref-gustavo-caribe-e1723125004489.jpg\" \/>\n\t<meta property=\"og:image:width\" content=\"608\" \/>\n\t<meta property=\"og:image:height\" content=\"467\" \/>\n\t<meta property=\"og:image:type\" content=\"image\/jpeg\" \/>\n<meta name=\"author\" content=\"Farn\u00e9sio\" \/>\n<meta name=\"twitter:card\" content=\"summary_large_image\" \/>\n<meta name=\"twitter:label1\" content=\"Escrito por\" \/>\n\t<meta name=\"twitter:data1\" content=\"Farn\u00e9sio\" \/>\n\t<meta name=\"twitter:label2\" content=\"Est. tempo de leitura\" \/>\n\t<meta name=\"twitter:data2\" content=\"2 minutos\" \/>\n<script type=\"application\/ld+json\" class=\"yoast-schema-graph\">{\"@context\":\"https:\\\/\\\/schema.org\",\"@graph\":[{\"@type\":\"Article\",\"@id\":\"https:\\\/\\\/blogdofarnesio.com.br\\\/?p=374638#article\",\"isPartOf\":{\"@id\":\"https:\\\/\\\/blogdofarnesio.com.br\\\/?p=374638\"},\"author\":{\"name\":\"Farn\u00e9sio\",\"@id\":\"https:\\\/\\\/blogdofarnesio.com.br\\\/#\\\/schema\\\/person\\\/bb9b23ae3ad0609ce8df7b6c9e76824d\"},\"headline\":\"Com 03 contas rejeitadas pelo TCE-PE, Gustavo Carib\u00e9, prefeito de Bel\u00e9m do S\u00e3o francisco est\u00e1 na lista de ficha suja\",\"datePublished\":\"2024-08-08T14:00:05+00:00\",\"dateModified\":\"2024-08-08T14:02:59+00:00\",\"mainEntityOfPage\":{\"@id\":\"https:\\\/\\\/blogdofarnesio.com.br\\\/?p=374638\"},\"wordCount\":236,\"commentCount\":0,\"publisher\":{\"@id\":\"https:\\\/\\\/blogdofarnesio.com.br\\\/#organization\"},\"image\":{\"@id\":\"https:\\\/\\\/blogdofarnesio.com.br\\\/?p=374638#primaryimage\"},\"thumbnailUrl\":\"https:\\\/\\\/blogdofarnesio.com.br\\\/wp-content\\\/uploads\\\/2021\\\/01\\\/blogqspbelem-pref-gustavo-caribe-e1723125004489.jpg\",\"articleSection\":[\"Justi\u00e7a\"],\"inLanguage\":\"pt-BR\",\"potentialAction\":[{\"@type\":\"CommentAction\",\"name\":\"Comment\",\"target\":[\"https:\\\/\\\/blogdofarnesio.com.br\\\/?p=374638#respond\"]}]},{\"@type\":\"WebPage\",\"@id\":\"https:\\\/\\\/blogdofarnesio.com.br\\\/?p=374638\",\"url\":\"https:\\\/\\\/blogdofarnesio.com.br\\\/?p=374638\",\"name\":\"Com 03 contas rejeitadas pelo TCE-PE, Gustavo Carib\u00e9, prefeito de Bel\u00e9m do S\u00e3o francisco est\u00e1 na lista de ficha suja - Blog do Farn\u00e9sio\",\"isPartOf\":{\"@id\":\"https:\\\/\\\/blogdofarnesio.com.br\\\/#website\"},\"primaryImageOfPage\":{\"@id\":\"https:\\\/\\\/blogdofarnesio.com.br\\\/?p=374638#primaryimage\"},\"image\":{\"@id\":\"https:\\\/\\\/blogdofarnesio.com.br\\\/?p=374638#primaryimage\"},\"thumbnailUrl\":\"https:\\\/\\\/blogdofarnesio.com.br\\\/wp-content\\\/uploads\\\/2021\\\/01\\\/blogqspbelem-pref-gustavo-caribe-e1723125004489.jpg\",\"datePublished\":\"2024-08-08T14:00:05+00:00\",\"dateModified\":\"2024-08-08T14:02:59+00:00\",\"breadcrumb\":{\"@id\":\"https:\\\/\\\/blogdofarnesio.com.br\\\/?p=374638#breadcrumb\"},\"inLanguage\":\"pt-BR\",\"potentialAction\":[{\"@type\":\"ReadAction\",\"target\":[\"https:\\\/\\\/blogdofarnesio.com.br\\\/?p=374638\"]}]},{\"@type\":\"ImageObject\",\"inLanguage\":\"pt-BR\",\"@id\":\"https:\\\/\\\/blogdofarnesio.com.br\\\/?p=374638#primaryimage\",\"url\":\"https:\\\/\\\/blogdofarnesio.com.br\\\/wp-content\\\/uploads\\\/2021\\\/01\\\/blogqspbelem-pref-gustavo-caribe-e1723125004489.jpg\",\"contentUrl\":\"https:\\\/\\\/blogdofarnesio.com.br\\\/wp-content\\\/uploads\\\/2021\\\/01\\\/blogqspbelem-pref-gustavo-caribe-e1723125004489.jpg\",\"width\":608,\"height\":467},{\"@type\":\"BreadcrumbList\",\"@id\":\"https:\\\/\\\/blogdofarnesio.com.br\\\/?p=374638#breadcrumb\",\"itemListElement\":[{\"@type\":\"ListItem\",\"position\":1,\"name\":\"In\u00edcio\",\"item\":\"https:\\\/\\\/blogdofarnesio.com.br\\\/\"},{\"@type\":\"ListItem\",\"position\":2,\"name\":\"Com 03 contas rejeitadas pelo TCE-PE, Gustavo Carib\u00e9, prefeito de Bel\u00e9m do S\u00e3o francisco est\u00e1 na lista de ficha suja\"}]},{\"@type\":\"WebSite\",\"@id\":\"https:\\\/\\\/blogdofarnesio.com.br\\\/#website\",\"url\":\"https:\\\/\\\/blogdofarnesio.com.br\\\/\",\"name\":\"Blog do Farn\u00e9sio\",\"description\":\"Quer Saber Pol\u00edtica?\",\"publisher\":{\"@id\":\"https:\\\/\\\/blogdofarnesio.com.br\\\/#organization\"},\"potentialAction\":[{\"@type\":\"SearchAction\",\"target\":{\"@type\":\"EntryPoint\",\"urlTemplate\":\"https:\\\/\\\/blogdofarnesio.com.br\\\/?s={search_term_string}\"},\"query-input\":{\"@type\":\"PropertyValueSpecification\",\"valueRequired\":true,\"valueName\":\"search_term_string\"}}],\"inLanguage\":\"pt-BR\"},{\"@type\":\"Organization\",\"@id\":\"https:\\\/\\\/blogdofarnesio.com.br\\\/#organization\",\"name\":\"Blog do Farn\u00e9sio\",\"url\":\"https:\\\/\\\/blogdofarnesio.com.br\\\/\",\"logo\":{\"@type\":\"ImageObject\",\"inLanguage\":\"pt-BR\",\"@id\":\"https:\\\/\\\/blogdofarnesio.com.br\\\/#\\\/schema\\\/logo\\\/image\\\/\",\"url\":\"https:\\\/\\\/blogdofarnesio.com.br\\\/wp-content\\\/uploads\\\/2026\\\/03\\\/cropped-logo_new-1.png\",\"contentUrl\":\"https:\\\/\\\/blogdofarnesio.com.br\\\/wp-content\\\/uploads\\\/2026\\\/03\\\/cropped-logo_new-1.png\",\"width\":881,\"height\":685,\"caption\":\"Blog do Farn\u00e9sio\"},\"image\":{\"@id\":\"https:\\\/\\\/blogdofarnesio.com.br\\\/#\\\/schema\\\/logo\\\/image\\\/\"},\"sameAs\":[\"https:\\\/\\\/www.facebook.com\\\/BlogQuerSaberPolitica\\\/\"]},{\"@type\":\"Person\",\"@id\":\"https:\\\/\\\/blogdofarnesio.com.br\\\/#\\\/schema\\\/person\\\/bb9b23ae3ad0609ce8df7b6c9e76824d\",\"name\":\"Farn\u00e9sio\",\"image\":{\"@type\":\"ImageObject\",\"inLanguage\":\"pt-BR\",\"@id\":\"https:\\\/\\\/secure.gravatar.com\\\/avatar\\\/986aa4c61ccdb66f8555bf88fc2a65609d00bcabd4d2d94377a727547345cbca?s=96&d=mm&r=g\",\"url\":\"https:\\\/\\\/secure.gravatar.com\\\/avatar\\\/986aa4c61ccdb66f8555bf88fc2a65609d00bcabd4d2d94377a727547345cbca?s=96&d=mm&r=g\",\"contentUrl\":\"https:\\\/\\\/secure.gravatar.com\\\/avatar\\\/986aa4c61ccdb66f8555bf88fc2a65609d00bcabd4d2d94377a727547345cbca?s=96&d=mm&r=g\",\"caption\":\"Farn\u00e9sio\"},\"description\":\"Radialista blogueiro, chegou a Petrolina\\\/Juazeiro em setembro de 1980, Farn\u00e9sio Silva \u00e9 de Arapiraca-Alagoas.\",\"sameAs\":[\"http:\\\/\\\/blogdofarnesio.com.br\",\"https:\\\/\\\/www.facebook.com\\\/?ref=tn_tnmn\",\"https:\\\/\\\/www.instagram.com\\\/?utm_source=pwa_homescreen\",\"https:\\\/\\\/youtube.com.br\\\/\"],\"url\":\"https:\\\/\\\/blogdofarnesio.com.br\\\/?author=2\"}]}<\/script>\n<!-- \/ Yoast SEO plugin. -->","yoast_head_json":{"title":"Com 03 contas rejeitadas pelo TCE-PE, Gustavo Carib\u00e9, prefeito de Bel\u00e9m do S\u00e3o francisco est\u00e1 na lista de ficha suja - Blog do Farn\u00e9sio","robots":{"index":"index","follow":"follow","max-snippet":"max-snippet:-1","max-image-preview":"max-image-preview:large","max-video-preview":"max-video-preview:-1"},"canonical":"https:\/\/blogdofarnesio.com.br\/?p=374638","og_locale":"pt_BR","og_type":"article","og_title":"Com 03 contas rejeitadas pelo TCE-PE, Gustavo Carib\u00e9, prefeito de Bel\u00e9m do S\u00e3o francisco est\u00e1 na lista de ficha suja - Blog do Farn\u00e9sio","og_description":"O Tribunal de Contas do Estado de Pernambuco (TCE-PE) entregou ao Tribunal Regional Eleitoral de Pernambuco (TRE-PE) nessa quarta-feira, 7, a lista com os nomes de 1.267 prefeitos e gestores p\u00fablicos que tiveram contas rejeitas ou julgadas irregulares nos \u00faltimos oito anos. Na\u00a0rela\u00e7\u00e3o de prefeitos aparece o gestor municipal de Bel\u00e9m do S\u00e3o francisco, Gustavo Carib\u00e9, que pretende tentar mais uma reelei\u00e7\u00e3o este ano, e teve as contas relativas aos anos de 2014, 2015 e 2016 rejeitadas pela corte. Outro ex-prefeito da cidade tamb\u00e9m est\u00e1 na lista, o prof\u00ba Lic\u00ednio, com as contas de 2017 tamb\u00e9m rejeitadas Segundo o TCE-PE, Nininho teve as contas do exerc\u00edcio financeiro de 2014 julgadas irregulares pelo tribunal e rejeitadas na C\u00e2mara de Vereadores no&hellip;","og_url":"https:\/\/blogdofarnesio.com.br\/?p=374638","og_site_name":"Blog do Farn\u00e9sio","article_publisher":"https:\/\/www.facebook.com\/BlogQuerSaberPolitica\/","article_author":"https:\/\/www.facebook.com\/?ref=tn_tnmn","article_published_time":"2024-08-08T14:00:05+00:00","article_modified_time":"2024-08-08T14:02:59+00:00","og_image":[{"width":608,"height":467,"url":"https:\/\/blogdofarnesio.com.br\/wp-content\/uploads\/2021\/01\/blogqspbelem-pref-gustavo-caribe-e1723125004489.jpg","type":"image\/jpeg"}],"author":"Farn\u00e9sio","twitter_card":"summary_large_image","twitter_misc":{"Escrito por":"Farn\u00e9sio","Est. tempo de leitura":"2 minutos"},"schema":{"@context":"https:\/\/schema.org","@graph":[{"@type":"Article","@id":"https:\/\/blogdofarnesio.com.br\/?p=374638#article","isPartOf":{"@id":"https:\/\/blogdofarnesio.com.br\/?p=374638"},"author":{"name":"Farn\u00e9sio","@id":"https:\/\/blogdofarnesio.com.br\/#\/schema\/person\/bb9b23ae3ad0609ce8df7b6c9e76824d"},"headline":"Com 03 contas rejeitadas pelo TCE-PE, Gustavo Carib\u00e9, prefeito de Bel\u00e9m do S\u00e3o francisco est\u00e1 na lista de ficha suja","datePublished":"2024-08-08T14:00:05+00:00","dateModified":"2024-08-08T14:02:59+00:00","mainEntityOfPage":{"@id":"https:\/\/blogdofarnesio.com.br\/?p=374638"},"wordCount":236,"commentCount":0,"publisher":{"@id":"https:\/\/blogdofarnesio.com.br\/#organization"},"image":{"@id":"https:\/\/blogdofarnesio.com.br\/?p=374638#primaryimage"},"thumbnailUrl":"https:\/\/blogdofarnesio.com.br\/wp-content\/uploads\/2021\/01\/blogqspbelem-pref-gustavo-caribe-e1723125004489.jpg","articleSection":["Justi\u00e7a"],"inLanguage":"pt-BR","potentialAction":[{"@type":"CommentAction","name":"Comment","target":["https:\/\/blogdofarnesio.com.br\/?p=374638#respond"]}]},{"@type":"WebPage","@id":"https:\/\/blogdofarnesio.com.br\/?p=374638","url":"https:\/\/blogdofarnesio.com.br\/?p=374638","name":"Com 03 contas rejeitadas pelo TCE-PE, Gustavo Carib\u00e9, prefeito de Bel\u00e9m do S\u00e3o francisco est\u00e1 na lista de ficha suja - Blog do Farn\u00e9sio","isPartOf":{"@id":"https:\/\/blogdofarnesio.com.br\/#website"},"primaryImageOfPage":{"@id":"https:\/\/blogdofarnesio.com.br\/?p=374638#primaryimage"},"image":{"@id":"https:\/\/blogdofarnesio.com.br\/?p=374638#primaryimage"},"thumbnailUrl":"https:\/\/blogdofarnesio.com.br\/wp-content\/uploads\/2021\/01\/blogqspbelem-pref-gustavo-caribe-e1723125004489.jpg","datePublished":"2024-08-08T14:00:05+00:00","dateModified":"2024-08-08T14:02:59+00:00","breadcrumb":{"@id":"https:\/\/blogdofarnesio.com.br\/?p=374638#breadcrumb"},"inLanguage":"pt-BR","potentialAction":[{"@type":"ReadAction","target":["https:\/\/blogdofarnesio.com.br\/?p=374638"]}]},{"@type":"ImageObject","inLanguage":"pt-BR","@id":"https:\/\/blogdofarnesio.com.br\/?p=374638#primaryimage","url":"https:\/\/blogdofarnesio.com.br\/wp-content\/uploads\/2021\/01\/blogqspbelem-pref-gustavo-caribe-e1723125004489.jpg","contentUrl":"https:\/\/blogdofarnesio.com.br\/wp-content\/uploads\/2021\/01\/blogqspbelem-pref-gustavo-caribe-e1723125004489.jpg","width":608,"height":467},{"@type":"BreadcrumbList","@id":"https:\/\/blogdofarnesio.com.br\/?p=374638#breadcrumb","itemListElement":[{"@type":"ListItem","position":1,"name":"In\u00edcio","item":"https:\/\/blogdofarnesio.com.br\/"},{"@type":"ListItem","position":2,"name":"Com 03 contas rejeitadas pelo TCE-PE, Gustavo Carib\u00e9, prefeito de Bel\u00e9m do S\u00e3o francisco est\u00e1 na lista de ficha suja"}]},{"@type":"WebSite","@id":"https:\/\/blogdofarnesio.com.br\/#website","url":"https:\/\/blogdofarnesio.com.br\/","name":"Blog do Farn\u00e9sio","description":"Quer Saber Pol\u00edtica?","publisher":{"@id":"https:\/\/blogdofarnesio.com.br\/#organization"},"potentialAction":[{"@type":"SearchAction","target":{"@type":"EntryPoint","urlTemplate":"https:\/\/blogdofarnesio.com.br\/?s={search_term_string}"},"query-input":{"@type":"PropertyValueSpecification","valueRequired":true,"valueName":"search_term_string"}}],"inLanguage":"pt-BR"},{"@type":"Organization","@id":"https:\/\/blogdofarnesio.com.br\/#organization","name":"Blog do Farn\u00e9sio","url":"https:\/\/blogdofarnesio.com.br\/","logo":{"@type":"ImageObject","inLanguage":"pt-BR","@id":"https:\/\/blogdofarnesio.com.br\/#\/schema\/logo\/image\/","url":"https:\/\/blogdofarnesio.com.br\/wp-content\/uploads\/2026\/03\/cropped-logo_new-1.png","contentUrl":"https:\/\/blogdofarnesio.com.br\/wp-content\/uploads\/2026\/03\/cropped-logo_new-1.png","width":881,"height":685,"caption":"Blog do Farn\u00e9sio"},"image":{"@id":"https:\/\/blogdofarnesio.com.br\/#\/schema\/logo\/image\/"},"sameAs":["https:\/\/www.facebook.com\/BlogQuerSaberPolitica\/"]},{"@type":"Person","@id":"https:\/\/blogdofarnesio.com.br\/#\/schema\/person\/bb9b23ae3ad0609ce8df7b6c9e76824d","name":"Farn\u00e9sio","image":{"@type":"ImageObject","inLanguage":"pt-BR","@id":"https:\/\/secure.gravatar.com\/avatar\/986aa4c61ccdb66f8555bf88fc2a65609d00bcabd4d2d94377a727547345cbca?s=96&d=mm&r=g","url":"https:\/\/secure.gravatar.com\/avatar\/986aa4c61ccdb66f8555bf88fc2a65609d00bcabd4d2d94377a727547345cbca?s=96&d=mm&r=g","contentUrl":"https:\/\/secure.gravatar.com\/avatar\/986aa4c61ccdb66f8555bf88fc2a65609d00bcabd4d2d94377a727547345cbca?s=96&d=mm&r=g","caption":"Farn\u00e9sio"},"description":"Radialista blogueiro, chegou a Petrolina\/Juazeiro em setembro de 1980, Farn\u00e9sio Silva \u00e9 de Arapiraca-Alagoas.","sameAs":["http:\/\/blogdofarnesio.com.br","https:\/\/www.facebook.com\/?ref=tn_tnmn","https:\/\/www.instagram.com\/?utm_source=pwa_homescreen","https:\/\/youtube.com.br\/"],"url":"https:\/\/blogdofarnesio.com.br\/?author=2"}]}},"_links":{"self":[{"href":"https:\/\/blogdofarnesio.com.br\/index.php?rest_route=\/wp\/v2\/posts\/374638","targetHints":{"allow":["GET"]}}],"collection":[{"href":"https:\/\/blogdofarnesio.com.br\/index.php?rest_route=\/wp\/v2\/posts"}],"about":[{"href":"https:\/\/blogdofarnesio.com.br\/index.php?rest_route=\/wp\/v2\/types\/post"}],"author":[{"embeddable":true,"href":"https:\/\/blogdofarnesio.com.br\/index.php?rest_route=\/wp\/v2\/users\/2"}],"replies":[{"embeddable":true,"href":"https:\/\/blogdofarnesio.com.br\/index.php?rest_route=%2Fwp%2Fv2%2Fcomments&post=374638"}],"version-history":[{"count":0,"href":"https:\/\/blogdofarnesio.com.br\/index.php?rest_route=\/wp\/v2\/posts\/374638\/revisions"}],"wp:featuredmedia":[{"embeddable":true,"href":"https:\/\/blogdofarnesio.com.br\/index.php?rest_route=\/wp\/v2\/media\/275477"}],"wp:attachment":[{"href":"https:\/\/blogdofarnesio.com.br\/index.php?rest_route=%2Fwp%2Fv2%2Fmedia&parent=374638"}],"wp:term":[{"taxonomy":"category","embeddable":true,"href":"https:\/\/blogdofarnesio.com.br\/index.php?rest_route=%2Fwp%2Fv2%2Fcategories&post=374638"},{"taxonomy":"post_tag","embeddable":true,"href":"https:\/\/blogdofarnesio.com.br\/index.php?rest_route=%2Fwp%2Fv2%2Ftags&post=374638"}],"curies":[{"name":"wp","href":"https:\/\/api.w.org\/{rel}","templated":true}]}}