{"id":374625,"date":"2024-08-08T12:00:34","date_gmt":"2024-08-08T15:00:34","guid":{"rendered":"https:\/\/blogdofarnesio.com.br\/?p=374625"},"modified":"2024-08-08T11:40:56","modified_gmt":"2024-08-08T14:40:56","slug":"programa-de-mobilidade-estudantil-interies-esta-com-inscricoes-abertas-para-o-periodo-letivo-2024-2-da-facape","status":"publish","type":"post","link":"https:\/\/blogdofarnesio.com.br\/?p=374625","title":{"rendered":"Programa de Mobilidade Estudantil InterIES est\u00e1 com inscri\u00e7\u00f5es abertas para o Per\u00edodo Letivo 2024.2 da Facape"},"content":{"rendered":"<div class=\"documentDescription\" style=\"text-align: left;\">O Programa de Mobilidade Estudantil InterIES, parceria entre a Universidade Federal do Vale do S\u00e3o Francisco (Univasf), Universidade do Estado da Bahia (Uneb), Universidade de Pernambuco (UPE), Faculdade de Petrolina (Facape) e Instituto Federal do Sert\u00e3o Pernambucano (IFSert\u00e3oPE), est\u00e1 com inscri\u00e7\u00f5es abertas para sele\u00e7\u00e3o de estudantes que desejam cursar disciplinas no per\u00edodo letivo 2024.2 da Facape.<\/div>\n<div class=\"documentDescription\" style=\"text-align: left;\"><\/div>\n<div class=\"documentDescription\" style=\"text-align: left;\">Podem participar do processo seletivo discentes de gradua\u00e7\u00e3o regularmente matriculados no 1\u00ba ou 2\u00ba per\u00edodo de 2024 das IES conveniadas. As inscri\u00e7\u00f5es est\u00e3o abertas de hoje (7) at\u00e9 14 de agosto.<\/div>\n<div>\n<p>Os interessados devem fazer as inscri\u00e7\u00f5es nas suas IES de origem, como consta no\u00a0<a class=\"internal-link\" title=\"\" href=\"https:\/\/portais.univasf.edu.br\/noticias\/Editaln02FACAPE06.08.2024MobilidadeEstudantilInterIESSemestre2024.2.pdf\" target=\"_blank\" rel=\"noopener\">Edital N\u00ba 2\/2024<\/a>. Na Univasf, os estudantes devem se inscrever atrav\u00e9s do e-mail dpeg.proen@univasf.edu.br.<\/p>\n<p>Os candidatos dever\u00e3o preencher devidamente o formul\u00e1rio de inscri\u00e7\u00e3o (Anexo \u00danico do Edital) e anexar os seguintes documentos: c\u00f3pia autenticada da identidade, CPF e comprovante de resid\u00eancia atualizado; hist\u00f3rico escolar emitido pelo setor respons\u00e1vel; comprovante de matr\u00edcula considerando o semestre letivo vigente no momento da inscri\u00e7\u00e3o; e ementas e conte\u00fados program\u00e1ticos das disciplinas que pretendem cursar na Facape.<\/p>\n<p>Para se inscrever, o discente deve ter conclu\u00eddo pelo menos 20% da carga hor\u00e1ria de integraliza\u00e7\u00e3o do seu curso de gradua\u00e7\u00e3o, exclu\u00eddos o Est\u00e1gio Curricular e Atividades Complementares; n\u00e3o ter participado do Programa de Mobilidade Estudantil InterIES por tr\u00eas vezes consecutivas ou alternadas; estar apto a iniciar as atividades acad\u00eamicas no 2\u00ba semestre letivo de 2024 na Facape; n\u00e3o exceder o limite semestral da carga hor\u00e1ria de disciplinas previsto no regimento interno da IES do participante; e\u00a0 ter cumprido todos os pr\u00e9-requisitos exigidos pelo Conv\u00eanio.<\/p>\n<p>O resultado preliminar do processo seletivo ser\u00e1 divulgado no dia 22 de agosto e a interposi\u00e7\u00e3o de recursos contra o resultado deve ser feita no dia 23. A divulga\u00e7\u00e3o do resultado definitivo est\u00e1 prevista para ser realizada no dia 26 de agosto. A confirma\u00e7\u00e3o da matr\u00edcula com presen\u00e7a do aluno na Facape deve ser realizada nos dias 27 e 28 de agosto.<\/p>\n<\/div>\n","protected":false},"excerpt":{"rendered":"<p>O Programa de Mobilidade Estudantil InterIES, parceria entre a Universidade Federal do Vale do S\u00e3o Francisco (Univasf), Universidade do Estado da Bahia (Uneb), Universidade de Pernambuco (UPE), Faculdade de Petrolina (Facape) e Instituto Federal do Sert\u00e3o Pernambucano (IFSert\u00e3oPE), est\u00e1 com inscri\u00e7\u00f5es abertas para sele\u00e7\u00e3o de estudantes que desejam cursar disciplinas no per\u00edodo letivo 2024.2 da Facape. Podem participar do processo seletivo discentes de gradua\u00e7\u00e3o regularmente matriculados no 1\u00ba ou 2\u00ba per\u00edodo de 2024 das IES conveniadas. As inscri\u00e7\u00f5es est\u00e3o abertas de hoje (7) at\u00e9 14 de agosto. Os interessados devem fazer as inscri\u00e7\u00f5es nas suas IES de origem, como consta no\u00a0Edital N\u00ba 2\/2024. Na Univasf, os estudantes devem se inscrever atrav\u00e9s do e-mail dpeg.proen@univasf.edu.br. Os candidatos dever\u00e3o preencher devidamente o&hellip; <\/p>\n","protected":false},"author":2,"featured_media":347848,"comment_status":"open","ping_status":"open","sticky":false,"template":"","format":"standard","meta":{"_acf_changed":false,"footnotes":""},"categories":[6],"tags":[],"class_list":["post-374625","post","type-post","status-publish","format-standard","has-post-thumbnail","hentry","category-educacao"],"acf":[],"yoast_head":"<!-- This site is optimized with the Yoast SEO plugin v27.4 - https:\/\/yoast.com\/product\/yoast-seo-wordpress\/ -->\n<title>Programa de Mobilidade Estudantil InterIES est\u00e1 com inscri\u00e7\u00f5es abertas para o Per\u00edodo Letivo 2024.2 da Facape - Blog do Farn\u00e9sio<\/title>\n<meta name=\"robots\" content=\"index, follow, max-snippet:-1, max-image-preview:large, max-video-preview:-1\" \/>\n<link rel=\"canonical\" href=\"https:\/\/blogdofarnesio.com.br\/?p=374625\" \/>\n<meta property=\"og:locale\" content=\"pt_BR\" \/>\n<meta property=\"og:type\" content=\"article\" \/>\n<meta property=\"og:title\" content=\"Programa de Mobilidade Estudantil InterIES est\u00e1 com inscri\u00e7\u00f5es abertas para o Per\u00edodo Letivo 2024.2 da Facape - Blog do Farn\u00e9sio\" \/>\n<meta property=\"og:description\" content=\"O Programa de Mobilidade Estudantil InterIES, parceria entre a Universidade Federal do Vale do S\u00e3o Francisco (Univasf), Universidade do Estado da Bahia (Uneb), Universidade de Pernambuco (UPE), Faculdade de Petrolina (Facape) e Instituto Federal do Sert\u00e3o Pernambucano (IFSert\u00e3oPE), est\u00e1 com inscri\u00e7\u00f5es abertas para sele\u00e7\u00e3o de estudantes que desejam cursar disciplinas no per\u00edodo letivo 2024.2 da Facape. Podem participar do processo seletivo discentes de gradua\u00e7\u00e3o regularmente matriculados no 1\u00ba ou 2\u00ba per\u00edodo de 2024 das IES conveniadas. As inscri\u00e7\u00f5es est\u00e3o abertas de hoje (7) at\u00e9 14 de agosto. Os interessados devem fazer as inscri\u00e7\u00f5es nas suas IES de origem, como consta no\u00a0Edital N\u00ba 2\/2024. Na Univasf, os estudantes devem se inscrever atrav\u00e9s do e-mail dpeg.proen@univasf.edu.br. Os candidatos dever\u00e3o preencher devidamente o&hellip;\" \/>\n<meta property=\"og:url\" content=\"https:\/\/blogdofarnesio.com.br\/?p=374625\" \/>\n<meta property=\"og:site_name\" content=\"Blog do Farn\u00e9sio\" \/>\n<meta property=\"article:publisher\" content=\"https:\/\/www.facebook.com\/BlogQuerSaberPolitica\/\" \/>\n<meta property=\"article:author\" content=\"https:\/\/www.facebook.com\/?ref=tn_tnmn\" \/>\n<meta property=\"article:published_time\" content=\"2024-08-08T15:00:34+00:00\" \/>\n<meta property=\"og:image\" content=\"https:\/\/blogdofarnesio.com.br\/wp-content\/uploads\/2023\/08\/blogqspunivasf-interies-mobilidade-e1723070830735.jpg\" \/>\n\t<meta property=\"og:image:width\" content=\"580\" \/>\n\t<meta property=\"og:image:height\" content=\"292\" \/>\n\t<meta property=\"og:image:type\" content=\"image\/jpeg\" \/>\n<meta name=\"author\" content=\"Farn\u00e9sio\" \/>\n<meta name=\"twitter:card\" content=\"summary_large_image\" \/>\n<meta name=\"twitter:label1\" content=\"Escrito por\" \/>\n\t<meta name=\"twitter:data1\" content=\"Farn\u00e9sio\" \/>\n\t<meta name=\"twitter:label2\" content=\"Est. tempo de leitura\" \/>\n\t<meta name=\"twitter:data2\" content=\"2 minutos\" \/>\n<script type=\"application\/ld+json\" class=\"yoast-schema-graph\">{\"@context\":\"https:\\\/\\\/schema.org\",\"@graph\":[{\"@type\":\"Article\",\"@id\":\"https:\\\/\\\/blogdofarnesio.com.br\\\/?p=374625#article\",\"isPartOf\":{\"@id\":\"https:\\\/\\\/blogdofarnesio.com.br\\\/?p=374625\"},\"author\":{\"name\":\"Farn\u00e9sio\",\"@id\":\"https:\\\/\\\/blogdofarnesio.com.br\\\/#\\\/schema\\\/person\\\/bb9b23ae3ad0609ce8df7b6c9e76824d\"},\"headline\":\"Programa de Mobilidade Estudantil InterIES est\u00e1 com inscri\u00e7\u00f5es abertas para o Per\u00edodo Letivo 2024.2 da Facape\",\"datePublished\":\"2024-08-08T15:00:34+00:00\",\"mainEntityOfPage\":{\"@id\":\"https:\\\/\\\/blogdofarnesio.com.br\\\/?p=374625\"},\"wordCount\":367,\"commentCount\":0,\"publisher\":{\"@id\":\"https:\\\/\\\/blogdofarnesio.com.br\\\/#organization\"},\"image\":{\"@id\":\"https:\\\/\\\/blogdofarnesio.com.br\\\/?p=374625#primaryimage\"},\"thumbnailUrl\":\"https:\\\/\\\/blogdofarnesio.com.br\\\/wp-content\\\/uploads\\\/2023\\\/08\\\/blogqspunivasf-interies-mobilidade-e1723070830735.jpg\",\"articleSection\":[\"Educa\u00e7\u00e3o\"],\"inLanguage\":\"pt-BR\",\"potentialAction\":[{\"@type\":\"CommentAction\",\"name\":\"Comment\",\"target\":[\"https:\\\/\\\/blogdofarnesio.com.br\\\/?p=374625#respond\"]}]},{\"@type\":\"WebPage\",\"@id\":\"https:\\\/\\\/blogdofarnesio.com.br\\\/?p=374625\",\"url\":\"https:\\\/\\\/blogdofarnesio.com.br\\\/?p=374625\",\"name\":\"Programa de Mobilidade Estudantil InterIES est\u00e1 com inscri\u00e7\u00f5es abertas para o Per\u00edodo Letivo 2024.2 da Facape - Blog do Farn\u00e9sio\",\"isPartOf\":{\"@id\":\"https:\\\/\\\/blogdofarnesio.com.br\\\/#website\"},\"primaryImageOfPage\":{\"@id\":\"https:\\\/\\\/blogdofarnesio.com.br\\\/?p=374625#primaryimage\"},\"image\":{\"@id\":\"https:\\\/\\\/blogdofarnesio.com.br\\\/?p=374625#primaryimage\"},\"thumbnailUrl\":\"https:\\\/\\\/blogdofarnesio.com.br\\\/wp-content\\\/uploads\\\/2023\\\/08\\\/blogqspunivasf-interies-mobilidade-e1723070830735.jpg\",\"datePublished\":\"2024-08-08T15:00:34+00:00\",\"breadcrumb\":{\"@id\":\"https:\\\/\\\/blogdofarnesio.com.br\\\/?p=374625#breadcrumb\"},\"inLanguage\":\"pt-BR\",\"potentialAction\":[{\"@type\":\"ReadAction\",\"target\":[\"https:\\\/\\\/blogdofarnesio.com.br\\\/?p=374625\"]}]},{\"@type\":\"ImageObject\",\"inLanguage\":\"pt-BR\",\"@id\":\"https:\\\/\\\/blogdofarnesio.com.br\\\/?p=374625#primaryimage\",\"url\":\"https:\\\/\\\/blogdofarnesio.com.br\\\/wp-content\\\/uploads\\\/2023\\\/08\\\/blogqspunivasf-interies-mobilidade-e1723070830735.jpg\",\"contentUrl\":\"https:\\\/\\\/blogdofarnesio.com.br\\\/wp-content\\\/uploads\\\/2023\\\/08\\\/blogqspunivasf-interies-mobilidade-e1723070830735.jpg\",\"width\":580,\"height\":292},{\"@type\":\"BreadcrumbList\",\"@id\":\"https:\\\/\\\/blogdofarnesio.com.br\\\/?p=374625#breadcrumb\",\"itemListElement\":[{\"@type\":\"ListItem\",\"position\":1,\"name\":\"In\u00edcio\",\"item\":\"https:\\\/\\\/blogdofarnesio.com.br\\\/\"},{\"@type\":\"ListItem\",\"position\":2,\"name\":\"Programa de Mobilidade Estudantil InterIES est\u00e1 com inscri\u00e7\u00f5es abertas para o Per\u00edodo Letivo 2024.2 da Facape\"}]},{\"@type\":\"WebSite\",\"@id\":\"https:\\\/\\\/blogdofarnesio.com.br\\\/#website\",\"url\":\"https:\\\/\\\/blogdofarnesio.com.br\\\/\",\"name\":\"Blog do Farn\u00e9sio\",\"description\":\"Quer Saber Pol\u00edtica?\",\"publisher\":{\"@id\":\"https:\\\/\\\/blogdofarnesio.com.br\\\/#organization\"},\"potentialAction\":[{\"@type\":\"SearchAction\",\"target\":{\"@type\":\"EntryPoint\",\"urlTemplate\":\"https:\\\/\\\/blogdofarnesio.com.br\\\/?s={search_term_string}\"},\"query-input\":{\"@type\":\"PropertyValueSpecification\",\"valueRequired\":true,\"valueName\":\"search_term_string\"}}],\"inLanguage\":\"pt-BR\"},{\"@type\":\"Organization\",\"@id\":\"https:\\\/\\\/blogdofarnesio.com.br\\\/#organization\",\"name\":\"Blog do Farn\u00e9sio\",\"url\":\"https:\\\/\\\/blogdofarnesio.com.br\\\/\",\"logo\":{\"@type\":\"ImageObject\",\"inLanguage\":\"pt-BR\",\"@id\":\"https:\\\/\\\/blogdofarnesio.com.br\\\/#\\\/schema\\\/logo\\\/image\\\/\",\"url\":\"https:\\\/\\\/blogdofarnesio.com.br\\\/wp-content\\\/uploads\\\/2026\\\/03\\\/cropped-logo_new-1.png\",\"contentUrl\":\"https:\\\/\\\/blogdofarnesio.com.br\\\/wp-content\\\/uploads\\\/2026\\\/03\\\/cropped-logo_new-1.png\",\"width\":881,\"height\":685,\"caption\":\"Blog do Farn\u00e9sio\"},\"image\":{\"@id\":\"https:\\\/\\\/blogdofarnesio.com.br\\\/#\\\/schema\\\/logo\\\/image\\\/\"},\"sameAs\":[\"https:\\\/\\\/www.facebook.com\\\/BlogQuerSaberPolitica\\\/\"]},{\"@type\":\"Person\",\"@id\":\"https:\\\/\\\/blogdofarnesio.com.br\\\/#\\\/schema\\\/person\\\/bb9b23ae3ad0609ce8df7b6c9e76824d\",\"name\":\"Farn\u00e9sio\",\"image\":{\"@type\":\"ImageObject\",\"inLanguage\":\"pt-BR\",\"@id\":\"https:\\\/\\\/secure.gravatar.com\\\/avatar\\\/986aa4c61ccdb66f8555bf88fc2a65609d00bcabd4d2d94377a727547345cbca?s=96&d=mm&r=g\",\"url\":\"https:\\\/\\\/secure.gravatar.com\\\/avatar\\\/986aa4c61ccdb66f8555bf88fc2a65609d00bcabd4d2d94377a727547345cbca?s=96&d=mm&r=g\",\"contentUrl\":\"https:\\\/\\\/secure.gravatar.com\\\/avatar\\\/986aa4c61ccdb66f8555bf88fc2a65609d00bcabd4d2d94377a727547345cbca?s=96&d=mm&r=g\",\"caption\":\"Farn\u00e9sio\"},\"description\":\"Radialista blogueiro, chegou a Petrolina\\\/Juazeiro em setembro de 1980, Farn\u00e9sio Silva \u00e9 de Arapiraca-Alagoas.\",\"sameAs\":[\"http:\\\/\\\/blogdofarnesio.com.br\",\"https:\\\/\\\/www.facebook.com\\\/?ref=tn_tnmn\",\"https:\\\/\\\/www.instagram.com\\\/?utm_source=pwa_homescreen\",\"https:\\\/\\\/youtube.com.br\\\/\"],\"url\":\"https:\\\/\\\/blogdofarnesio.com.br\\\/?author=2\"}]}<\/script>\n<!-- \/ Yoast SEO plugin. -->","yoast_head_json":{"title":"Programa de Mobilidade Estudantil InterIES est\u00e1 com inscri\u00e7\u00f5es abertas para o Per\u00edodo Letivo 2024.2 da Facape - Blog do Farn\u00e9sio","robots":{"index":"index","follow":"follow","max-snippet":"max-snippet:-1","max-image-preview":"max-image-preview:large","max-video-preview":"max-video-preview:-1"},"canonical":"https:\/\/blogdofarnesio.com.br\/?p=374625","og_locale":"pt_BR","og_type":"article","og_title":"Programa de Mobilidade Estudantil InterIES est\u00e1 com inscri\u00e7\u00f5es abertas para o Per\u00edodo Letivo 2024.2 da Facape - Blog do Farn\u00e9sio","og_description":"O Programa de Mobilidade Estudantil InterIES, parceria entre a Universidade Federal do Vale do S\u00e3o Francisco (Univasf), Universidade do Estado da Bahia (Uneb), Universidade de Pernambuco (UPE), Faculdade de Petrolina (Facape) e Instituto Federal do Sert\u00e3o Pernambucano (IFSert\u00e3oPE), est\u00e1 com inscri\u00e7\u00f5es abertas para sele\u00e7\u00e3o de estudantes que desejam cursar disciplinas no per\u00edodo letivo 2024.2 da Facape. Podem participar do processo seletivo discentes de gradua\u00e7\u00e3o regularmente matriculados no 1\u00ba ou 2\u00ba per\u00edodo de 2024 das IES conveniadas. As inscri\u00e7\u00f5es est\u00e3o abertas de hoje (7) at\u00e9 14 de agosto. Os interessados devem fazer as inscri\u00e7\u00f5es nas suas IES de origem, como consta no\u00a0Edital N\u00ba 2\/2024. Na Univasf, os estudantes devem se inscrever atrav\u00e9s do e-mail dpeg.proen@univasf.edu.br. Os candidatos dever\u00e3o preencher devidamente o&hellip;","og_url":"https:\/\/blogdofarnesio.com.br\/?p=374625","og_site_name":"Blog do Farn\u00e9sio","article_publisher":"https:\/\/www.facebook.com\/BlogQuerSaberPolitica\/","article_author":"https:\/\/www.facebook.com\/?ref=tn_tnmn","article_published_time":"2024-08-08T15:00:34+00:00","og_image":[{"width":580,"height":292,"url":"https:\/\/blogdofarnesio.com.br\/wp-content\/uploads\/2023\/08\/blogqspunivasf-interies-mobilidade-e1723070830735.jpg","type":"image\/jpeg"}],"author":"Farn\u00e9sio","twitter_card":"summary_large_image","twitter_misc":{"Escrito por":"Farn\u00e9sio","Est. tempo de leitura":"2 minutos"},"schema":{"@context":"https:\/\/schema.org","@graph":[{"@type":"Article","@id":"https:\/\/blogdofarnesio.com.br\/?p=374625#article","isPartOf":{"@id":"https:\/\/blogdofarnesio.com.br\/?p=374625"},"author":{"name":"Farn\u00e9sio","@id":"https:\/\/blogdofarnesio.com.br\/#\/schema\/person\/bb9b23ae3ad0609ce8df7b6c9e76824d"},"headline":"Programa de Mobilidade Estudantil InterIES est\u00e1 com inscri\u00e7\u00f5es abertas para o Per\u00edodo Letivo 2024.2 da Facape","datePublished":"2024-08-08T15:00:34+00:00","mainEntityOfPage":{"@id":"https:\/\/blogdofarnesio.com.br\/?p=374625"},"wordCount":367,"commentCount":0,"publisher":{"@id":"https:\/\/blogdofarnesio.com.br\/#organization"},"image":{"@id":"https:\/\/blogdofarnesio.com.br\/?p=374625#primaryimage"},"thumbnailUrl":"https:\/\/blogdofarnesio.com.br\/wp-content\/uploads\/2023\/08\/blogqspunivasf-interies-mobilidade-e1723070830735.jpg","articleSection":["Educa\u00e7\u00e3o"],"inLanguage":"pt-BR","potentialAction":[{"@type":"CommentAction","name":"Comment","target":["https:\/\/blogdofarnesio.com.br\/?p=374625#respond"]}]},{"@type":"WebPage","@id":"https:\/\/blogdofarnesio.com.br\/?p=374625","url":"https:\/\/blogdofarnesio.com.br\/?p=374625","name":"Programa de Mobilidade Estudantil InterIES est\u00e1 com inscri\u00e7\u00f5es abertas para o Per\u00edodo Letivo 2024.2 da Facape - Blog do Farn\u00e9sio","isPartOf":{"@id":"https:\/\/blogdofarnesio.com.br\/#website"},"primaryImageOfPage":{"@id":"https:\/\/blogdofarnesio.com.br\/?p=374625#primaryimage"},"image":{"@id":"https:\/\/blogdofarnesio.com.br\/?p=374625#primaryimage"},"thumbnailUrl":"https:\/\/blogdofarnesio.com.br\/wp-content\/uploads\/2023\/08\/blogqspunivasf-interies-mobilidade-e1723070830735.jpg","datePublished":"2024-08-08T15:00:34+00:00","breadcrumb":{"@id":"https:\/\/blogdofarnesio.com.br\/?p=374625#breadcrumb"},"inLanguage":"pt-BR","potentialAction":[{"@type":"ReadAction","target":["https:\/\/blogdofarnesio.com.br\/?p=374625"]}]},{"@type":"ImageObject","inLanguage":"pt-BR","@id":"https:\/\/blogdofarnesio.com.br\/?p=374625#primaryimage","url":"https:\/\/blogdofarnesio.com.br\/wp-content\/uploads\/2023\/08\/blogqspunivasf-interies-mobilidade-e1723070830735.jpg","contentUrl":"https:\/\/blogdofarnesio.com.br\/wp-content\/uploads\/2023\/08\/blogqspunivasf-interies-mobilidade-e1723070830735.jpg","width":580,"height":292},{"@type":"BreadcrumbList","@id":"https:\/\/blogdofarnesio.com.br\/?p=374625#breadcrumb","itemListElement":[{"@type":"ListItem","position":1,"name":"In\u00edcio","item":"https:\/\/blogdofarnesio.com.br\/"},{"@type":"ListItem","position":2,"name":"Programa de Mobilidade Estudantil InterIES est\u00e1 com inscri\u00e7\u00f5es abertas para o Per\u00edodo Letivo 2024.2 da Facape"}]},{"@type":"WebSite","@id":"https:\/\/blogdofarnesio.com.br\/#website","url":"https:\/\/blogdofarnesio.com.br\/","name":"Blog do Farn\u00e9sio","description":"Quer Saber Pol\u00edtica?","publisher":{"@id":"https:\/\/blogdofarnesio.com.br\/#organization"},"potentialAction":[{"@type":"SearchAction","target":{"@type":"EntryPoint","urlTemplate":"https:\/\/blogdofarnesio.com.br\/?s={search_term_string}"},"query-input":{"@type":"PropertyValueSpecification","valueRequired":true,"valueName":"search_term_string"}}],"inLanguage":"pt-BR"},{"@type":"Organization","@id":"https:\/\/blogdofarnesio.com.br\/#organization","name":"Blog do Farn\u00e9sio","url":"https:\/\/blogdofarnesio.com.br\/","logo":{"@type":"ImageObject","inLanguage":"pt-BR","@id":"https:\/\/blogdofarnesio.com.br\/#\/schema\/logo\/image\/","url":"https:\/\/blogdofarnesio.com.br\/wp-content\/uploads\/2026\/03\/cropped-logo_new-1.png","contentUrl":"https:\/\/blogdofarnesio.com.br\/wp-content\/uploads\/2026\/03\/cropped-logo_new-1.png","width":881,"height":685,"caption":"Blog do Farn\u00e9sio"},"image":{"@id":"https:\/\/blogdofarnesio.com.br\/#\/schema\/logo\/image\/"},"sameAs":["https:\/\/www.facebook.com\/BlogQuerSaberPolitica\/"]},{"@type":"Person","@id":"https:\/\/blogdofarnesio.com.br\/#\/schema\/person\/bb9b23ae3ad0609ce8df7b6c9e76824d","name":"Farn\u00e9sio","image":{"@type":"ImageObject","inLanguage":"pt-BR","@id":"https:\/\/secure.gravatar.com\/avatar\/986aa4c61ccdb66f8555bf88fc2a65609d00bcabd4d2d94377a727547345cbca?s=96&d=mm&r=g","url":"https:\/\/secure.gravatar.com\/avatar\/986aa4c61ccdb66f8555bf88fc2a65609d00bcabd4d2d94377a727547345cbca?s=96&d=mm&r=g","contentUrl":"https:\/\/secure.gravatar.com\/avatar\/986aa4c61ccdb66f8555bf88fc2a65609d00bcabd4d2d94377a727547345cbca?s=96&d=mm&r=g","caption":"Farn\u00e9sio"},"description":"Radialista blogueiro, chegou a Petrolina\/Juazeiro em setembro de 1980, Farn\u00e9sio Silva \u00e9 de Arapiraca-Alagoas.","sameAs":["http:\/\/blogdofarnesio.com.br","https:\/\/www.facebook.com\/?ref=tn_tnmn","https:\/\/www.instagram.com\/?utm_source=pwa_homescreen","https:\/\/youtube.com.br\/"],"url":"https:\/\/blogdofarnesio.com.br\/?author=2"}]}},"_links":{"self":[{"href":"https:\/\/blogdofarnesio.com.br\/index.php?rest_route=\/wp\/v2\/posts\/374625","targetHints":{"allow":["GET"]}}],"collection":[{"href":"https:\/\/blogdofarnesio.com.br\/index.php?rest_route=\/wp\/v2\/posts"}],"about":[{"href":"https:\/\/blogdofarnesio.com.br\/index.php?rest_route=\/wp\/v2\/types\/post"}],"author":[{"embeddable":true,"href":"https:\/\/blogdofarnesio.com.br\/index.php?rest_route=\/wp\/v2\/users\/2"}],"replies":[{"embeddable":true,"href":"https:\/\/blogdofarnesio.com.br\/index.php?rest_route=%2Fwp%2Fv2%2Fcomments&post=374625"}],"version-history":[{"count":0,"href":"https:\/\/blogdofarnesio.com.br\/index.php?rest_route=\/wp\/v2\/posts\/374625\/revisions"}],"wp:featuredmedia":[{"embeddable":true,"href":"https:\/\/blogdofarnesio.com.br\/index.php?rest_route=\/wp\/v2\/media\/347848"}],"wp:attachment":[{"href":"https:\/\/blogdofarnesio.com.br\/index.php?rest_route=%2Fwp%2Fv2%2Fmedia&parent=374625"}],"wp:term":[{"taxonomy":"category","embeddable":true,"href":"https:\/\/blogdofarnesio.com.br\/index.php?rest_route=%2Fwp%2Fv2%2Fcategories&post=374625"},{"taxonomy":"post_tag","embeddable":true,"href":"https:\/\/blogdofarnesio.com.br\/index.php?rest_route=%2Fwp%2Fv2%2Ftags&post=374625"}],"curies":[{"name":"wp","href":"https:\/\/api.w.org\/{rel}","templated":true}]}}