{"id":374589,"date":"2024-08-08T11:30:17","date_gmt":"2024-08-08T14:30:17","guid":{"rendered":"https:\/\/blogdofarnesio.com.br\/?p=374589"},"modified":"2024-08-08T10:57:49","modified_gmt":"2024-08-08T13:57:49","slug":"sebrae-prorroga-inscricoes-para-selecao-publica-na-bahia","status":"publish","type":"post","link":"https:\/\/blogdofarnesio.com.br\/?p=374589","title":{"rendered":"Sebrae prorroga inscri\u00e7\u00f5es para sele\u00e7\u00e3o p\u00fablica na Bahia"},"content":{"rendered":"<p style=\"font-weight: 400;\">O Sebrae Bahia anuncia prorroga\u00e7\u00e3o das inscri\u00e7\u00f5es para a sele\u00e7\u00e3o p\u00fablica at\u00e9 as 23h59 do dia 18\/08\/2024. As Inscri\u00e7\u00f5es devem ser feitas pelo site da Funda\u00e7\u00e3o CEFET Bahia, onde tamb\u00e9m est\u00e1 dispon\u00edvel o comunicado completo (acesse em:<a href=\"http:\/\/bit.ly\/selecaosebrae2024\" data-saferedirecturl=\"https:\/\/www.google.com\/url?q=http:\/\/bit.ly\/selecaosebrae2024&amp;source=gmail&amp;ust=1723141146624000&amp;usg=AOvVaw2TmgpewuYDhj4ucSeF5iDT\">\u00a0bit.ly\/selecaosebrae2024<\/a>).<\/p>\n<p style=\"font-weight: 400;\">As vagas s\u00e3o para os cargos de Analista I e II na organiza\u00e7\u00e3o, com sal\u00e1rios que v\u00e3o de R$ 6.098,70 a R$ 9.733,99, al\u00e9m de benef\u00edcios. O Sebrae traz oportunidades em Salvador e no interior do estado para diversas \u00e1reas de forma\u00e7\u00e3o, com atua\u00e7\u00e3o nos setores de Aquisi\u00e7\u00f5es; Administrativo e Financeiro; Gest\u00e3o de Programas, Projetos e Processos; Integridade Corporativa ou Auditoria Interna; Atendimento a Neg\u00f3cios; Engenharia Civil e Arquitetura; Tecnologia da Informa\u00e7\u00e3o e Comunica\u00e7\u00e3o \u2013 Sistemas e Infraestrutura de TI; An\u00e1lise de Dados; Comunica\u00e7\u00e3o, Marketing e M\u00eddias; e Jur\u00eddico.<\/p>\n<p style=\"font-weight: 400;\">D\u00favidas e solicita\u00e7\u00f5es de mais informa\u00e7\u00f5es sobre a sele\u00e7\u00e3o podem ser direcionadas para o e-mail:\u00a0<a href=\"mailto:selecao@fundacaocefetbahia.org.br\">selecao@fundacaocefetbahia.org.br<\/a>.<\/p>\n<p style=\"font-weight: 400;\">\n","protected":false},"excerpt":{"rendered":"<p>O Sebrae Bahia anuncia prorroga\u00e7\u00e3o das inscri\u00e7\u00f5es para a sele\u00e7\u00e3o p\u00fablica at\u00e9 as 23h59 do dia 18\/08\/2024. As Inscri\u00e7\u00f5es devem ser feitas pelo site da Funda\u00e7\u00e3o CEFET Bahia, onde tamb\u00e9m est\u00e1 dispon\u00edvel o comunicado completo (acesse em:\u00a0bit.ly\/selecaosebrae2024). As vagas s\u00e3o para os cargos de Analista I e II na organiza\u00e7\u00e3o, com sal\u00e1rios que v\u00e3o de R$ 6.098,70 a R$ 9.733,99, al\u00e9m de benef\u00edcios. O Sebrae traz oportunidades em Salvador e no interior do estado para diversas \u00e1reas de forma\u00e7\u00e3o, com atua\u00e7\u00e3o nos setores de Aquisi\u00e7\u00f5es; Administrativo e Financeiro; Gest\u00e3o de Programas, Projetos e Processos; Integridade Corporativa ou Auditoria Interna; Atendimento a Neg\u00f3cios; Engenharia Civil e Arquitetura; Tecnologia da Informa\u00e7\u00e3o e Comunica\u00e7\u00e3o \u2013 Sistemas e Infraestrutura de TI; An\u00e1lise de Dados;&hellip; <\/p>\n","protected":false},"author":2,"featured_media":149581,"comment_status":"open","ping_status":"open","sticky":false,"template":"","format":"standard","meta":{"_acf_changed":false,"footnotes":""},"categories":[20],"tags":[],"class_list":["post-374589","post","type-post","status-publish","format-standard","has-post-thumbnail","hentry","category-economia"],"acf":[],"yoast_head":"<!-- This site is optimized with the Yoast SEO plugin v27.4 - https:\/\/yoast.com\/product\/yoast-seo-wordpress\/ -->\n<title>Sebrae prorroga inscri\u00e7\u00f5es para sele\u00e7\u00e3o p\u00fablica na Bahia - Blog do Farn\u00e9sio<\/title>\n<meta name=\"robots\" content=\"index, follow, max-snippet:-1, max-image-preview:large, max-video-preview:-1\" \/>\n<link rel=\"canonical\" href=\"https:\/\/blogdofarnesio.com.br\/?p=374589\" \/>\n<meta property=\"og:locale\" content=\"pt_BR\" \/>\n<meta property=\"og:type\" content=\"article\" \/>\n<meta property=\"og:title\" content=\"Sebrae prorroga inscri\u00e7\u00f5es para sele\u00e7\u00e3o p\u00fablica na Bahia - Blog do Farn\u00e9sio\" \/>\n<meta property=\"og:description\" content=\"O Sebrae Bahia anuncia prorroga\u00e7\u00e3o das inscri\u00e7\u00f5es para a sele\u00e7\u00e3o p\u00fablica at\u00e9 as 23h59 do dia 18\/08\/2024. As Inscri\u00e7\u00f5es devem ser feitas pelo site da Funda\u00e7\u00e3o CEFET Bahia, onde tamb\u00e9m est\u00e1 dispon\u00edvel o comunicado completo (acesse em:\u00a0bit.ly\/selecaosebrae2024). As vagas s\u00e3o para os cargos de Analista I e II na organiza\u00e7\u00e3o, com sal\u00e1rios que v\u00e3o de R$ 6.098,70 a R$ 9.733,99, al\u00e9m de benef\u00edcios. O Sebrae traz oportunidades em Salvador e no interior do estado para diversas \u00e1reas de forma\u00e7\u00e3o, com atua\u00e7\u00e3o nos setores de Aquisi\u00e7\u00f5es; Administrativo e Financeiro; Gest\u00e3o de Programas, Projetos e Processos; Integridade Corporativa ou Auditoria Interna; Atendimento a Neg\u00f3cios; Engenharia Civil e Arquitetura; Tecnologia da Informa\u00e7\u00e3o e Comunica\u00e7\u00e3o \u2013 Sistemas e Infraestrutura de TI; An\u00e1lise de Dados;&hellip;\" \/>\n<meta property=\"og:url\" content=\"https:\/\/blogdofarnesio.com.br\/?p=374589\" \/>\n<meta property=\"og:site_name\" content=\"Blog do Farn\u00e9sio\" \/>\n<meta property=\"article:publisher\" content=\"https:\/\/www.facebook.com\/BlogQuerSaberPolitica\/\" \/>\n<meta property=\"article:author\" content=\"https:\/\/www.facebook.com\/?ref=tn_tnmn\" \/>\n<meta property=\"article:published_time\" content=\"2024-08-08T14:30:17+00:00\" \/>\n<meta property=\"og:image\" content=\"https:\/\/blogdofarnesio.com.br\/wp-content\/uploads\/2016\/10\/blog-qsp-sebrae-juazeiro.jpg\" \/>\n\t<meta property=\"og:image:width\" content=\"448\" \/>\n\t<meta property=\"og:image:height\" content=\"270\" \/>\n\t<meta property=\"og:image:type\" content=\"image\/jpeg\" \/>\n<meta name=\"author\" content=\"Farn\u00e9sio\" \/>\n<meta name=\"twitter:card\" content=\"summary_large_image\" \/>\n<meta name=\"twitter:label1\" content=\"Escrito por\" \/>\n\t<meta name=\"twitter:data1\" content=\"Farn\u00e9sio\" \/>\n\t<meta name=\"twitter:label2\" content=\"Est. tempo de leitura\" \/>\n\t<meta name=\"twitter:data2\" content=\"1 minuto\" \/>\n<script type=\"application\/ld+json\" class=\"yoast-schema-graph\">{\"@context\":\"https:\\\/\\\/schema.org\",\"@graph\":[{\"@type\":\"Article\",\"@id\":\"https:\\\/\\\/blogdofarnesio.com.br\\\/?p=374589#article\",\"isPartOf\":{\"@id\":\"https:\\\/\\\/blogdofarnesio.com.br\\\/?p=374589\"},\"author\":{\"name\":\"Farn\u00e9sio\",\"@id\":\"https:\\\/\\\/blogdofarnesio.com.br\\\/#\\\/schema\\\/person\\\/bb9b23ae3ad0609ce8df7b6c9e76824d\"},\"headline\":\"Sebrae prorroga inscri\u00e7\u00f5es para sele\u00e7\u00e3o p\u00fablica na Bahia\",\"datePublished\":\"2024-08-08T14:30:17+00:00\",\"mainEntityOfPage\":{\"@id\":\"https:\\\/\\\/blogdofarnesio.com.br\\\/?p=374589\"},\"wordCount\":184,\"commentCount\":0,\"publisher\":{\"@id\":\"https:\\\/\\\/blogdofarnesio.com.br\\\/#organization\"},\"image\":{\"@id\":\"https:\\\/\\\/blogdofarnesio.com.br\\\/?p=374589#primaryimage\"},\"thumbnailUrl\":\"https:\\\/\\\/blogdofarnesio.com.br\\\/wp-content\\\/uploads\\\/2016\\\/10\\\/blog-qsp-sebrae-juazeiro.jpg\",\"articleSection\":[\"Economia\"],\"inLanguage\":\"pt-BR\",\"potentialAction\":[{\"@type\":\"CommentAction\",\"name\":\"Comment\",\"target\":[\"https:\\\/\\\/blogdofarnesio.com.br\\\/?p=374589#respond\"]}]},{\"@type\":\"WebPage\",\"@id\":\"https:\\\/\\\/blogdofarnesio.com.br\\\/?p=374589\",\"url\":\"https:\\\/\\\/blogdofarnesio.com.br\\\/?p=374589\",\"name\":\"Sebrae prorroga inscri\u00e7\u00f5es para sele\u00e7\u00e3o p\u00fablica na Bahia - Blog do Farn\u00e9sio\",\"isPartOf\":{\"@id\":\"https:\\\/\\\/blogdofarnesio.com.br\\\/#website\"},\"primaryImageOfPage\":{\"@id\":\"https:\\\/\\\/blogdofarnesio.com.br\\\/?p=374589#primaryimage\"},\"image\":{\"@id\":\"https:\\\/\\\/blogdofarnesio.com.br\\\/?p=374589#primaryimage\"},\"thumbnailUrl\":\"https:\\\/\\\/blogdofarnesio.com.br\\\/wp-content\\\/uploads\\\/2016\\\/10\\\/blog-qsp-sebrae-juazeiro.jpg\",\"datePublished\":\"2024-08-08T14:30:17+00:00\",\"breadcrumb\":{\"@id\":\"https:\\\/\\\/blogdofarnesio.com.br\\\/?p=374589#breadcrumb\"},\"inLanguage\":\"pt-BR\",\"potentialAction\":[{\"@type\":\"ReadAction\",\"target\":[\"https:\\\/\\\/blogdofarnesio.com.br\\\/?p=374589\"]}]},{\"@type\":\"ImageObject\",\"inLanguage\":\"pt-BR\",\"@id\":\"https:\\\/\\\/blogdofarnesio.com.br\\\/?p=374589#primaryimage\",\"url\":\"https:\\\/\\\/blogdofarnesio.com.br\\\/wp-content\\\/uploads\\\/2016\\\/10\\\/blog-qsp-sebrae-juazeiro.jpg\",\"contentUrl\":\"https:\\\/\\\/blogdofarnesio.com.br\\\/wp-content\\\/uploads\\\/2016\\\/10\\\/blog-qsp-sebrae-juazeiro.jpg\",\"width\":448,\"height\":270},{\"@type\":\"BreadcrumbList\",\"@id\":\"https:\\\/\\\/blogdofarnesio.com.br\\\/?p=374589#breadcrumb\",\"itemListElement\":[{\"@type\":\"ListItem\",\"position\":1,\"name\":\"In\u00edcio\",\"item\":\"https:\\\/\\\/blogdofarnesio.com.br\\\/\"},{\"@type\":\"ListItem\",\"position\":2,\"name\":\"Sebrae prorroga inscri\u00e7\u00f5es para sele\u00e7\u00e3o p\u00fablica na Bahia\"}]},{\"@type\":\"WebSite\",\"@id\":\"https:\\\/\\\/blogdofarnesio.com.br\\\/#website\",\"url\":\"https:\\\/\\\/blogdofarnesio.com.br\\\/\",\"name\":\"Blog do Farn\u00e9sio\",\"description\":\"Quer Saber Pol\u00edtica?\",\"publisher\":{\"@id\":\"https:\\\/\\\/blogdofarnesio.com.br\\\/#organization\"},\"potentialAction\":[{\"@type\":\"SearchAction\",\"target\":{\"@type\":\"EntryPoint\",\"urlTemplate\":\"https:\\\/\\\/blogdofarnesio.com.br\\\/?s={search_term_string}\"},\"query-input\":{\"@type\":\"PropertyValueSpecification\",\"valueRequired\":true,\"valueName\":\"search_term_string\"}}],\"inLanguage\":\"pt-BR\"},{\"@type\":\"Organization\",\"@id\":\"https:\\\/\\\/blogdofarnesio.com.br\\\/#organization\",\"name\":\"Blog do Farn\u00e9sio\",\"url\":\"https:\\\/\\\/blogdofarnesio.com.br\\\/\",\"logo\":{\"@type\":\"ImageObject\",\"inLanguage\":\"pt-BR\",\"@id\":\"https:\\\/\\\/blogdofarnesio.com.br\\\/#\\\/schema\\\/logo\\\/image\\\/\",\"url\":\"https:\\\/\\\/blogdofarnesio.com.br\\\/wp-content\\\/uploads\\\/2026\\\/03\\\/cropped-logo_new-1.png\",\"contentUrl\":\"https:\\\/\\\/blogdofarnesio.com.br\\\/wp-content\\\/uploads\\\/2026\\\/03\\\/cropped-logo_new-1.png\",\"width\":881,\"height\":685,\"caption\":\"Blog do Farn\u00e9sio\"},\"image\":{\"@id\":\"https:\\\/\\\/blogdofarnesio.com.br\\\/#\\\/schema\\\/logo\\\/image\\\/\"},\"sameAs\":[\"https:\\\/\\\/www.facebook.com\\\/BlogQuerSaberPolitica\\\/\"]},{\"@type\":\"Person\",\"@id\":\"https:\\\/\\\/blogdofarnesio.com.br\\\/#\\\/schema\\\/person\\\/bb9b23ae3ad0609ce8df7b6c9e76824d\",\"name\":\"Farn\u00e9sio\",\"image\":{\"@type\":\"ImageObject\",\"inLanguage\":\"pt-BR\",\"@id\":\"https:\\\/\\\/secure.gravatar.com\\\/avatar\\\/986aa4c61ccdb66f8555bf88fc2a65609d00bcabd4d2d94377a727547345cbca?s=96&d=mm&r=g\",\"url\":\"https:\\\/\\\/secure.gravatar.com\\\/avatar\\\/986aa4c61ccdb66f8555bf88fc2a65609d00bcabd4d2d94377a727547345cbca?s=96&d=mm&r=g\",\"contentUrl\":\"https:\\\/\\\/secure.gravatar.com\\\/avatar\\\/986aa4c61ccdb66f8555bf88fc2a65609d00bcabd4d2d94377a727547345cbca?s=96&d=mm&r=g\",\"caption\":\"Farn\u00e9sio\"},\"description\":\"Radialista blogueiro, chegou a Petrolina\\\/Juazeiro em setembro de 1980, Farn\u00e9sio Silva \u00e9 de Arapiraca-Alagoas.\",\"sameAs\":[\"http:\\\/\\\/blogdofarnesio.com.br\",\"https:\\\/\\\/www.facebook.com\\\/?ref=tn_tnmn\",\"https:\\\/\\\/www.instagram.com\\\/?utm_source=pwa_homescreen\",\"https:\\\/\\\/youtube.com.br\\\/\"],\"url\":\"https:\\\/\\\/blogdofarnesio.com.br\\\/?author=2\"}]}<\/script>\n<!-- \/ Yoast SEO plugin. -->","yoast_head_json":{"title":"Sebrae prorroga inscri\u00e7\u00f5es para sele\u00e7\u00e3o p\u00fablica na Bahia - Blog do Farn\u00e9sio","robots":{"index":"index","follow":"follow","max-snippet":"max-snippet:-1","max-image-preview":"max-image-preview:large","max-video-preview":"max-video-preview:-1"},"canonical":"https:\/\/blogdofarnesio.com.br\/?p=374589","og_locale":"pt_BR","og_type":"article","og_title":"Sebrae prorroga inscri\u00e7\u00f5es para sele\u00e7\u00e3o p\u00fablica na Bahia - Blog do Farn\u00e9sio","og_description":"O Sebrae Bahia anuncia prorroga\u00e7\u00e3o das inscri\u00e7\u00f5es para a sele\u00e7\u00e3o p\u00fablica at\u00e9 as 23h59 do dia 18\/08\/2024. As Inscri\u00e7\u00f5es devem ser feitas pelo site da Funda\u00e7\u00e3o CEFET Bahia, onde tamb\u00e9m est\u00e1 dispon\u00edvel o comunicado completo (acesse em:\u00a0bit.ly\/selecaosebrae2024). As vagas s\u00e3o para os cargos de Analista I e II na organiza\u00e7\u00e3o, com sal\u00e1rios que v\u00e3o de R$ 6.098,70 a R$ 9.733,99, al\u00e9m de benef\u00edcios. O Sebrae traz oportunidades em Salvador e no interior do estado para diversas \u00e1reas de forma\u00e7\u00e3o, com atua\u00e7\u00e3o nos setores de Aquisi\u00e7\u00f5es; Administrativo e Financeiro; Gest\u00e3o de Programas, Projetos e Processos; Integridade Corporativa ou Auditoria Interna; Atendimento a Neg\u00f3cios; Engenharia Civil e Arquitetura; Tecnologia da Informa\u00e7\u00e3o e Comunica\u00e7\u00e3o \u2013 Sistemas e Infraestrutura de TI; An\u00e1lise de Dados;&hellip;","og_url":"https:\/\/blogdofarnesio.com.br\/?p=374589","og_site_name":"Blog do Farn\u00e9sio","article_publisher":"https:\/\/www.facebook.com\/BlogQuerSaberPolitica\/","article_author":"https:\/\/www.facebook.com\/?ref=tn_tnmn","article_published_time":"2024-08-08T14:30:17+00:00","og_image":[{"width":448,"height":270,"url":"https:\/\/blogdofarnesio.com.br\/wp-content\/uploads\/2016\/10\/blog-qsp-sebrae-juazeiro.jpg","type":"image\/jpeg"}],"author":"Farn\u00e9sio","twitter_card":"summary_large_image","twitter_misc":{"Escrito por":"Farn\u00e9sio","Est. tempo de leitura":"1 minuto"},"schema":{"@context":"https:\/\/schema.org","@graph":[{"@type":"Article","@id":"https:\/\/blogdofarnesio.com.br\/?p=374589#article","isPartOf":{"@id":"https:\/\/blogdofarnesio.com.br\/?p=374589"},"author":{"name":"Farn\u00e9sio","@id":"https:\/\/blogdofarnesio.com.br\/#\/schema\/person\/bb9b23ae3ad0609ce8df7b6c9e76824d"},"headline":"Sebrae prorroga inscri\u00e7\u00f5es para sele\u00e7\u00e3o p\u00fablica na Bahia","datePublished":"2024-08-08T14:30:17+00:00","mainEntityOfPage":{"@id":"https:\/\/blogdofarnesio.com.br\/?p=374589"},"wordCount":184,"commentCount":0,"publisher":{"@id":"https:\/\/blogdofarnesio.com.br\/#organization"},"image":{"@id":"https:\/\/blogdofarnesio.com.br\/?p=374589#primaryimage"},"thumbnailUrl":"https:\/\/blogdofarnesio.com.br\/wp-content\/uploads\/2016\/10\/blog-qsp-sebrae-juazeiro.jpg","articleSection":["Economia"],"inLanguage":"pt-BR","potentialAction":[{"@type":"CommentAction","name":"Comment","target":["https:\/\/blogdofarnesio.com.br\/?p=374589#respond"]}]},{"@type":"WebPage","@id":"https:\/\/blogdofarnesio.com.br\/?p=374589","url":"https:\/\/blogdofarnesio.com.br\/?p=374589","name":"Sebrae prorroga inscri\u00e7\u00f5es para sele\u00e7\u00e3o p\u00fablica na Bahia - Blog do Farn\u00e9sio","isPartOf":{"@id":"https:\/\/blogdofarnesio.com.br\/#website"},"primaryImageOfPage":{"@id":"https:\/\/blogdofarnesio.com.br\/?p=374589#primaryimage"},"image":{"@id":"https:\/\/blogdofarnesio.com.br\/?p=374589#primaryimage"},"thumbnailUrl":"https:\/\/blogdofarnesio.com.br\/wp-content\/uploads\/2016\/10\/blog-qsp-sebrae-juazeiro.jpg","datePublished":"2024-08-08T14:30:17+00:00","breadcrumb":{"@id":"https:\/\/blogdofarnesio.com.br\/?p=374589#breadcrumb"},"inLanguage":"pt-BR","potentialAction":[{"@type":"ReadAction","target":["https:\/\/blogdofarnesio.com.br\/?p=374589"]}]},{"@type":"ImageObject","inLanguage":"pt-BR","@id":"https:\/\/blogdofarnesio.com.br\/?p=374589#primaryimage","url":"https:\/\/blogdofarnesio.com.br\/wp-content\/uploads\/2016\/10\/blog-qsp-sebrae-juazeiro.jpg","contentUrl":"https:\/\/blogdofarnesio.com.br\/wp-content\/uploads\/2016\/10\/blog-qsp-sebrae-juazeiro.jpg","width":448,"height":270},{"@type":"BreadcrumbList","@id":"https:\/\/blogdofarnesio.com.br\/?p=374589#breadcrumb","itemListElement":[{"@type":"ListItem","position":1,"name":"In\u00edcio","item":"https:\/\/blogdofarnesio.com.br\/"},{"@type":"ListItem","position":2,"name":"Sebrae prorroga inscri\u00e7\u00f5es para sele\u00e7\u00e3o p\u00fablica na Bahia"}]},{"@type":"WebSite","@id":"https:\/\/blogdofarnesio.com.br\/#website","url":"https:\/\/blogdofarnesio.com.br\/","name":"Blog do Farn\u00e9sio","description":"Quer Saber Pol\u00edtica?","publisher":{"@id":"https:\/\/blogdofarnesio.com.br\/#organization"},"potentialAction":[{"@type":"SearchAction","target":{"@type":"EntryPoint","urlTemplate":"https:\/\/blogdofarnesio.com.br\/?s={search_term_string}"},"query-input":{"@type":"PropertyValueSpecification","valueRequired":true,"valueName":"search_term_string"}}],"inLanguage":"pt-BR"},{"@type":"Organization","@id":"https:\/\/blogdofarnesio.com.br\/#organization","name":"Blog do Farn\u00e9sio","url":"https:\/\/blogdofarnesio.com.br\/","logo":{"@type":"ImageObject","inLanguage":"pt-BR","@id":"https:\/\/blogdofarnesio.com.br\/#\/schema\/logo\/image\/","url":"https:\/\/blogdofarnesio.com.br\/wp-content\/uploads\/2026\/03\/cropped-logo_new-1.png","contentUrl":"https:\/\/blogdofarnesio.com.br\/wp-content\/uploads\/2026\/03\/cropped-logo_new-1.png","width":881,"height":685,"caption":"Blog do Farn\u00e9sio"},"image":{"@id":"https:\/\/blogdofarnesio.com.br\/#\/schema\/logo\/image\/"},"sameAs":["https:\/\/www.facebook.com\/BlogQuerSaberPolitica\/"]},{"@type":"Person","@id":"https:\/\/blogdofarnesio.com.br\/#\/schema\/person\/bb9b23ae3ad0609ce8df7b6c9e76824d","name":"Farn\u00e9sio","image":{"@type":"ImageObject","inLanguage":"pt-BR","@id":"https:\/\/secure.gravatar.com\/avatar\/986aa4c61ccdb66f8555bf88fc2a65609d00bcabd4d2d94377a727547345cbca?s=96&d=mm&r=g","url":"https:\/\/secure.gravatar.com\/avatar\/986aa4c61ccdb66f8555bf88fc2a65609d00bcabd4d2d94377a727547345cbca?s=96&d=mm&r=g","contentUrl":"https:\/\/secure.gravatar.com\/avatar\/986aa4c61ccdb66f8555bf88fc2a65609d00bcabd4d2d94377a727547345cbca?s=96&d=mm&r=g","caption":"Farn\u00e9sio"},"description":"Radialista blogueiro, chegou a Petrolina\/Juazeiro em setembro de 1980, Farn\u00e9sio Silva \u00e9 de Arapiraca-Alagoas.","sameAs":["http:\/\/blogdofarnesio.com.br","https:\/\/www.facebook.com\/?ref=tn_tnmn","https:\/\/www.instagram.com\/?utm_source=pwa_homescreen","https:\/\/youtube.com.br\/"],"url":"https:\/\/blogdofarnesio.com.br\/?author=2"}]}},"_links":{"self":[{"href":"https:\/\/blogdofarnesio.com.br\/index.php?rest_route=\/wp\/v2\/posts\/374589","targetHints":{"allow":["GET"]}}],"collection":[{"href":"https:\/\/blogdofarnesio.com.br\/index.php?rest_route=\/wp\/v2\/posts"}],"about":[{"href":"https:\/\/blogdofarnesio.com.br\/index.php?rest_route=\/wp\/v2\/types\/post"}],"author":[{"embeddable":true,"href":"https:\/\/blogdofarnesio.com.br\/index.php?rest_route=\/wp\/v2\/users\/2"}],"replies":[{"embeddable":true,"href":"https:\/\/blogdofarnesio.com.br\/index.php?rest_route=%2Fwp%2Fv2%2Fcomments&post=374589"}],"version-history":[{"count":0,"href":"https:\/\/blogdofarnesio.com.br\/index.php?rest_route=\/wp\/v2\/posts\/374589\/revisions"}],"wp:featuredmedia":[{"embeddable":true,"href":"https:\/\/blogdofarnesio.com.br\/index.php?rest_route=\/wp\/v2\/media\/149581"}],"wp:attachment":[{"href":"https:\/\/blogdofarnesio.com.br\/index.php?rest_route=%2Fwp%2Fv2%2Fmedia&parent=374589"}],"wp:term":[{"taxonomy":"category","embeddable":true,"href":"https:\/\/blogdofarnesio.com.br\/index.php?rest_route=%2Fwp%2Fv2%2Fcategories&post=374589"},{"taxonomy":"post_tag","embeddable":true,"href":"https:\/\/blogdofarnesio.com.br\/index.php?rest_route=%2Fwp%2Fv2%2Ftags&post=374589"}],"curies":[{"name":"wp","href":"https:\/\/api.w.org\/{rel}","templated":true}]}}