{"id":374549,"date":"2024-08-08T13:00:17","date_gmt":"2024-08-08T16:00:17","guid":{"rendered":"https:\/\/blogdofarnesio.com.br\/?p=374549"},"modified":"2024-08-08T11:45:45","modified_gmt":"2024-08-08T14:45:45","slug":"embrapa-anuncia-novo-concurso-publico-com-890-vagas","status":"publish","type":"post","link":"https:\/\/blogdofarnesio.com.br\/?p=374549","title":{"rendered":"Embrapa anuncia novo concurso p\u00fablico com 890 vagas"},"content":{"rendered":"<h1><\/h1>\n<p>Ap\u00f3s 14 anos sem um novo concurso, a\u00a0<a style=\"font-weight: 900;\" href=\"https:\/\/www.embrapa.br\/\"><strong>EMBRAPA (Empresa Brasileira de Pesquisa Agropecu\u00e1ria)<\/strong><\/a>\u00a0confirmou uma excelente not\u00edcia para aqueles que aguardavam ansiosamente por novas vagas.<\/p>\n<p>A presidente da institui\u00e7\u00e3o, Silvia Massruh\u00e1, anunciou recentemente que 890 vagas efetivas foram autorizadas e ser\u00e3o distribu\u00eddas ao longo dos pr\u00f3ximos anos: 2024, 2025, 2026 e 2027. Com isso, a expectativa \u00e9 de que o edital para o pr\u00f3ximo concurso EMBRAPA seja lan\u00e7ado ainda no primeiro semestre de 2024.<\/p>\n<p>De acordo com Massruh\u00e1, pelo menos 268 vagas ser\u00e3o ofertadas j\u00e1 no pr\u00f3ximo certame, contemplando as carreiras de Pesquisador, T\u00e9cnico e Analista. Dependendo da fun\u00e7\u00e3o, as remunera\u00e7\u00f5es iniciais podem alcan\u00e7ar at\u00e9 R$ 11 mil. Com a novidade, candidatos j\u00e1 podem come\u00e7ar a se preparar e aproveitar simulados gratuitos dispon\u00edveis online.<\/p>\n<h3>Por que a EMBRAPA est\u00e1 realizando um novo concurso?<\/h3>\n<p>A realiza\u00e7\u00e3o do novo concurso EMBRAPA foi confirmada em 9 de agosto de 2023 pela presidente Silvia Massruh\u00e1. Esta sele\u00e7\u00e3o est\u00e1 sendo viabilizada devido ao d\u00e9ficit atual de servidores na institui\u00e7\u00e3o. O \u00faltimo concurso da EMBRAPA aconteceu em 2014, e a institui\u00e7\u00e3o continuou chamando aprovados que estavam em cadastro reserva at\u00e9 o fim da vig\u00eancia do edital.<\/p>\n<p>A situa\u00e7\u00e3o de car\u00eancia de pessoal se agravou ap\u00f3s um programa de demiss\u00f5es que ocorreu em 2019, em que muitos servidores prestes a se aposentar foram desligados. Portanto, a nova sele\u00e7\u00e3o chega em um momento cr\u00edtico e oportuno para a empresa p\u00fablica.<\/p>\n<h3>Quantas vagas est\u00e3o confirmadas no concurso EMBRAPA?<\/h3>\n<p>A presidente Silvia Massruh\u00e1 garantiu que 890 vagas ser\u00e3o distribu\u00eddas nos pr\u00f3ximos anos, mas estudos internos apontam para a necessidade de contratar at\u00e9 1.126 profissionais, considerando o impacto or\u00e7ament\u00e1rio. Isso significa que a EMBRAPA poder\u00e1 incluir vagas para cadastro reserva al\u00e9m das oportunidades imediatas.<\/p>\n<p>Qual o limite do quadro de pessoal da EMBRAPA?<\/p>\n<p>De acordo com a Portaria SEST\/SEDDMME n\u00ba 8.698\/2021, a EMBRAPA tem um limite total de 8.934 vagas, divididas entre:<\/p>\n<p>8.893 do quadro permanente<\/p>\n<p>41 do quadro tempor\u00e1rio de anistiados<\/p>\n<p>Atualmente, pelo Portal da Transpar\u00eancia, a EMBRAPA conta com cerca de 7,8 mil servidores ativos.<\/p>\n<p>Como funcionar\u00e3o as inscri\u00e7\u00f5es do concurso EMBRAPA?<\/p>\n<p>Os candidatos interessados em participar do pr\u00f3ximo concurso EMBRAPA devem seguir alguns requisitos gerais, com base em concursos anteriores:<\/p>\n<p>Nacionalidade brasileira ou portuguesa, amparada pelo estatuto de igualdade entre brasileiros e portugueses.<\/p>\n<p>Estar em dia com as obriga\u00e7\u00f5es eleitorais.<\/p>\n<p>Certificado de reservista ou de dispensa de incorpora\u00e7\u00e3o para candidatos do sexo masculino.<\/p>\n<p>Idade m\u00ednima de 18 anos completos na data de contrata\u00e7\u00e3o.<\/p>\n<p>Aptid\u00e3o f\u00edsica e mental para exercer as atribui\u00e7\u00f5es do cargo.<\/p>\n<h3>Quais s\u00e3o as vagas do concurso EMBRAPA?<\/h3>\n<p>A EMBRAPA oferece cargos nas \u00e1reas de T\u00e9cnico, Analista e Pesquisador, cada um com suas especificidades e remunera\u00e7\u00f5es. As exig\u00eancias gerais incluem:<\/p>\n<p>T\u00e9cnico de N\u00edvel Superior<\/p>\n<p><strong>Requisitos:<\/strong>\u00a0Diploma de gradua\u00e7\u00e3o na especialidade escolhida, registro no concelho de classe e, \u00e0s vezes, experi\u00eancia m\u00ednima de um ano na \u00e1rea ap\u00f3s a gradua\u00e7\u00e3o.<\/p>\n<p><strong>Atribui\u00e7\u00f5es:<\/strong>\u00a0Ger\u00eancia de atividades or\u00e7ament\u00e1rias, financeiras, cont\u00e1beis e de auditoria, elabora\u00e7\u00e3o e an\u00e1lise de relat\u00f3rios e pareceres.<\/p>\n<p><strong>Remunera\u00e7\u00e3o Inicial:<\/strong>\u00a0R$ 4.790,41<\/p>\n<p>Analista<\/p>\n<p><strong>Requisitos:<\/strong>\u00a0Diploma de gradua\u00e7\u00e3o na especialidade pretendida, registro no conselho de classe e, possivelmente, mestrado.<\/p>\n<p><strong>Atribui\u00e7\u00f5es:<\/strong>\u00a0Gerenciamento de projetos de suporte \u00e0 pesquisa, administra\u00e7\u00e3o de processos internos e desenvolvimento de solu\u00e7\u00f5es estrat\u00e9gicas.<\/p>\n<p><strong>Remunera\u00e7\u00e3o Inicial:<\/strong>\u00a0R$ 9.415,06<\/p>\n<p>Pesquisador<\/p>\n<p><strong>Requisitos:<\/strong>\u00a0Diploma de gradua\u00e7\u00e3o na especialidade escolhida, mestrado ou doutorado conforme a \u00e1rea.<\/p>\n<p><strong>Atribui\u00e7\u00f5es:<\/strong>\u00a0Elabora\u00e7\u00e3o, execu\u00e7\u00e3o e avalia\u00e7\u00e3o de projetos de pesquisa e desenvolvimento relacionados \u00e0 atividade-fim da EMBRAPA.<\/p>\n<p><strong>Remunera\u00e7\u00e3o Inicial:<\/strong>\u00a0R$ 11.047,22<\/p>\n<h3>Por que participar do concurso EMBRAPA?<\/h3>\n<p>Al\u00e9m das remunera\u00e7\u00f5es, a EMBRAPA oferece diversos benef\u00edcios aos seus servidores, incluindo:<\/p>\n<p>Assist\u00eancia M\u00e9dica<\/p>\n<p>Seguro de Vida em Grupo<\/p>\n<p>Aux\u00edlio Transporte<\/p>\n<p>Seguridade Social<\/p>\n<p>Aux\u00edlio Alimenta\u00e7\u00e3o\/Refei\u00e7\u00e3o<\/p>\n<p>Aux\u00edlio para filho com defici\u00eancia<\/p>\n<p>Adicional por Tempo de Servi\u00e7o<\/p>\n<p>Adicional de Titularidade<\/p>\n<p>Mais informa\u00e7\u00f5es sobre o conte\u00fado das provas, as especialidades contempladas e o cronograma completo do concurso EMBRAPA ser\u00e3o divulgadas no edital de abertura previsto para o primeiro semestre de 2024.<\/p>\n<p>Agbr<\/p>\n","protected":false},"excerpt":{"rendered":"<p>Ap\u00f3s 14 anos sem um novo concurso, a\u00a0EMBRAPA (Empresa Brasileira de Pesquisa Agropecu\u00e1ria)\u00a0confirmou uma excelente not\u00edcia para aqueles que aguardavam ansiosamente por novas vagas. A presidente da institui\u00e7\u00e3o, Silvia Massruh\u00e1, anunciou recentemente que 890 vagas efetivas foram autorizadas e ser\u00e3o distribu\u00eddas ao longo dos pr\u00f3ximos anos: 2024, 2025, 2026 e 2027. Com isso, a expectativa \u00e9 de que o edital para o pr\u00f3ximo concurso EMBRAPA seja lan\u00e7ado ainda no primeiro semestre de 2024. De acordo com Massruh\u00e1, pelo menos 268 vagas ser\u00e3o ofertadas j\u00e1 no pr\u00f3ximo certame, contemplando as carreiras de Pesquisador, T\u00e9cnico e Analista. Dependendo da fun\u00e7\u00e3o, as remunera\u00e7\u00f5es iniciais podem alcan\u00e7ar at\u00e9 R$ 11 mil. Com a novidade, candidatos j\u00e1 podem come\u00e7ar a se preparar e aproveitar simulados&hellip; <\/p>\n","protected":false},"author":2,"featured_media":186785,"comment_status":"open","ping_status":"open","sticky":false,"template":"","format":"standard","meta":{"_acf_changed":false,"footnotes":""},"categories":[31],"tags":[],"class_list":["post-374549","post","type-post","status-publish","format-standard","has-post-thumbnail","hentry","category-concursos"],"acf":[],"yoast_head":"<!-- This site is optimized with the Yoast SEO plugin v27.4 - https:\/\/yoast.com\/product\/yoast-seo-wordpress\/ -->\n<title>Embrapa anuncia novo concurso p\u00fablico com 890 vagas - Blog do Farn\u00e9sio<\/title>\n<meta name=\"robots\" content=\"index, follow, max-snippet:-1, max-image-preview:large, max-video-preview:-1\" \/>\n<link rel=\"canonical\" href=\"https:\/\/blogdofarnesio.com.br\/?p=374549\" \/>\n<meta property=\"og:locale\" content=\"pt_BR\" \/>\n<meta property=\"og:type\" content=\"article\" \/>\n<meta property=\"og:title\" content=\"Embrapa anuncia novo concurso p\u00fablico com 890 vagas - Blog do Farn\u00e9sio\" \/>\n<meta property=\"og:description\" content=\"Ap\u00f3s 14 anos sem um novo concurso, a\u00a0EMBRAPA (Empresa Brasileira de Pesquisa Agropecu\u00e1ria)\u00a0confirmou uma excelente not\u00edcia para aqueles que aguardavam ansiosamente por novas vagas. A presidente da institui\u00e7\u00e3o, Silvia Massruh\u00e1, anunciou recentemente que 890 vagas efetivas foram autorizadas e ser\u00e3o distribu\u00eddas ao longo dos pr\u00f3ximos anos: 2024, 2025, 2026 e 2027. Com isso, a expectativa \u00e9 de que o edital para o pr\u00f3ximo concurso EMBRAPA seja lan\u00e7ado ainda no primeiro semestre de 2024. De acordo com Massruh\u00e1, pelo menos 268 vagas ser\u00e3o ofertadas j\u00e1 no pr\u00f3ximo certame, contemplando as carreiras de Pesquisador, T\u00e9cnico e Analista. Dependendo da fun\u00e7\u00e3o, as remunera\u00e7\u00f5es iniciais podem alcan\u00e7ar at\u00e9 R$ 11 mil. Com a novidade, candidatos j\u00e1 podem come\u00e7ar a se preparar e aproveitar simulados&hellip;\" \/>\n<meta property=\"og:url\" content=\"https:\/\/blogdofarnesio.com.br\/?p=374549\" \/>\n<meta property=\"og:site_name\" content=\"Blog do Farn\u00e9sio\" \/>\n<meta property=\"article:publisher\" content=\"https:\/\/www.facebook.com\/BlogQuerSaberPolitica\/\" \/>\n<meta property=\"article:author\" content=\"https:\/\/www.facebook.com\/?ref=tn_tnmn\" \/>\n<meta property=\"article:published_time\" content=\"2024-08-08T16:00:17+00:00\" \/>\n<meta property=\"og:image\" content=\"https:\/\/blogdofarnesio.com.br\/wp-content\/uploads\/2018\/01\/blogqspEmbrapa.jpg\" \/>\n\t<meta property=\"og:image:width\" content=\"580\" \/>\n\t<meta property=\"og:image:height\" content=\"280\" \/>\n\t<meta property=\"og:image:type\" content=\"image\/jpeg\" \/>\n<meta name=\"author\" content=\"Farn\u00e9sio\" \/>\n<meta name=\"twitter:card\" content=\"summary_large_image\" \/>\n<meta name=\"twitter:label1\" content=\"Escrito por\" \/>\n\t<meta name=\"twitter:data1\" content=\"Farn\u00e9sio\" \/>\n\t<meta name=\"twitter:label2\" content=\"Est. tempo de leitura\" \/>\n\t<meta name=\"twitter:data2\" content=\"4 minutos\" \/>\n<script type=\"application\/ld+json\" class=\"yoast-schema-graph\">{\"@context\":\"https:\\\/\\\/schema.org\",\"@graph\":[{\"@type\":\"Article\",\"@id\":\"https:\\\/\\\/blogdofarnesio.com.br\\\/?p=374549#article\",\"isPartOf\":{\"@id\":\"https:\\\/\\\/blogdofarnesio.com.br\\\/?p=374549\"},\"author\":{\"name\":\"Farn\u00e9sio\",\"@id\":\"https:\\\/\\\/blogdofarnesio.com.br\\\/#\\\/schema\\\/person\\\/bb9b23ae3ad0609ce8df7b6c9e76824d\"},\"headline\":\"Embrapa anuncia novo concurso p\u00fablico com 890 vagas\",\"datePublished\":\"2024-08-08T16:00:17+00:00\",\"mainEntityOfPage\":{\"@id\":\"https:\\\/\\\/blogdofarnesio.com.br\\\/?p=374549\"},\"wordCount\":719,\"commentCount\":0,\"publisher\":{\"@id\":\"https:\\\/\\\/blogdofarnesio.com.br\\\/#organization\"},\"image\":{\"@id\":\"https:\\\/\\\/blogdofarnesio.com.br\\\/?p=374549#primaryimage\"},\"thumbnailUrl\":\"https:\\\/\\\/blogdofarnesio.com.br\\\/wp-content\\\/uploads\\\/2018\\\/01\\\/blogqspEmbrapa.jpg\",\"articleSection\":[\"Concursos\"],\"inLanguage\":\"pt-BR\",\"potentialAction\":[{\"@type\":\"CommentAction\",\"name\":\"Comment\",\"target\":[\"https:\\\/\\\/blogdofarnesio.com.br\\\/?p=374549#respond\"]}]},{\"@type\":\"WebPage\",\"@id\":\"https:\\\/\\\/blogdofarnesio.com.br\\\/?p=374549\",\"url\":\"https:\\\/\\\/blogdofarnesio.com.br\\\/?p=374549\",\"name\":\"Embrapa anuncia novo concurso p\u00fablico com 890 vagas - Blog do Farn\u00e9sio\",\"isPartOf\":{\"@id\":\"https:\\\/\\\/blogdofarnesio.com.br\\\/#website\"},\"primaryImageOfPage\":{\"@id\":\"https:\\\/\\\/blogdofarnesio.com.br\\\/?p=374549#primaryimage\"},\"image\":{\"@id\":\"https:\\\/\\\/blogdofarnesio.com.br\\\/?p=374549#primaryimage\"},\"thumbnailUrl\":\"https:\\\/\\\/blogdofarnesio.com.br\\\/wp-content\\\/uploads\\\/2018\\\/01\\\/blogqspEmbrapa.jpg\",\"datePublished\":\"2024-08-08T16:00:17+00:00\",\"breadcrumb\":{\"@id\":\"https:\\\/\\\/blogdofarnesio.com.br\\\/?p=374549#breadcrumb\"},\"inLanguage\":\"pt-BR\",\"potentialAction\":[{\"@type\":\"ReadAction\",\"target\":[\"https:\\\/\\\/blogdofarnesio.com.br\\\/?p=374549\"]}]},{\"@type\":\"ImageObject\",\"inLanguage\":\"pt-BR\",\"@id\":\"https:\\\/\\\/blogdofarnesio.com.br\\\/?p=374549#primaryimage\",\"url\":\"https:\\\/\\\/blogdofarnesio.com.br\\\/wp-content\\\/uploads\\\/2018\\\/01\\\/blogqspEmbrapa.jpg\",\"contentUrl\":\"https:\\\/\\\/blogdofarnesio.com.br\\\/wp-content\\\/uploads\\\/2018\\\/01\\\/blogqspEmbrapa.jpg\",\"width\":580,\"height\":280},{\"@type\":\"BreadcrumbList\",\"@id\":\"https:\\\/\\\/blogdofarnesio.com.br\\\/?p=374549#breadcrumb\",\"itemListElement\":[{\"@type\":\"ListItem\",\"position\":1,\"name\":\"In\u00edcio\",\"item\":\"https:\\\/\\\/blogdofarnesio.com.br\\\/\"},{\"@type\":\"ListItem\",\"position\":2,\"name\":\"Embrapa anuncia novo concurso p\u00fablico com 890 vagas\"}]},{\"@type\":\"WebSite\",\"@id\":\"https:\\\/\\\/blogdofarnesio.com.br\\\/#website\",\"url\":\"https:\\\/\\\/blogdofarnesio.com.br\\\/\",\"name\":\"Blog do Farn\u00e9sio\",\"description\":\"Quer Saber Pol\u00edtica?\",\"publisher\":{\"@id\":\"https:\\\/\\\/blogdofarnesio.com.br\\\/#organization\"},\"potentialAction\":[{\"@type\":\"SearchAction\",\"target\":{\"@type\":\"EntryPoint\",\"urlTemplate\":\"https:\\\/\\\/blogdofarnesio.com.br\\\/?s={search_term_string}\"},\"query-input\":{\"@type\":\"PropertyValueSpecification\",\"valueRequired\":true,\"valueName\":\"search_term_string\"}}],\"inLanguage\":\"pt-BR\"},{\"@type\":\"Organization\",\"@id\":\"https:\\\/\\\/blogdofarnesio.com.br\\\/#organization\",\"name\":\"Blog do Farn\u00e9sio\",\"url\":\"https:\\\/\\\/blogdofarnesio.com.br\\\/\",\"logo\":{\"@type\":\"ImageObject\",\"inLanguage\":\"pt-BR\",\"@id\":\"https:\\\/\\\/blogdofarnesio.com.br\\\/#\\\/schema\\\/logo\\\/image\\\/\",\"url\":\"https:\\\/\\\/blogdofarnesio.com.br\\\/wp-content\\\/uploads\\\/2026\\\/03\\\/cropped-logo_new-1.png\",\"contentUrl\":\"https:\\\/\\\/blogdofarnesio.com.br\\\/wp-content\\\/uploads\\\/2026\\\/03\\\/cropped-logo_new-1.png\",\"width\":881,\"height\":685,\"caption\":\"Blog do Farn\u00e9sio\"},\"image\":{\"@id\":\"https:\\\/\\\/blogdofarnesio.com.br\\\/#\\\/schema\\\/logo\\\/image\\\/\"},\"sameAs\":[\"https:\\\/\\\/www.facebook.com\\\/BlogQuerSaberPolitica\\\/\"]},{\"@type\":\"Person\",\"@id\":\"https:\\\/\\\/blogdofarnesio.com.br\\\/#\\\/schema\\\/person\\\/bb9b23ae3ad0609ce8df7b6c9e76824d\",\"name\":\"Farn\u00e9sio\",\"image\":{\"@type\":\"ImageObject\",\"inLanguage\":\"pt-BR\",\"@id\":\"https:\\\/\\\/secure.gravatar.com\\\/avatar\\\/986aa4c61ccdb66f8555bf88fc2a65609d00bcabd4d2d94377a727547345cbca?s=96&d=mm&r=g\",\"url\":\"https:\\\/\\\/secure.gravatar.com\\\/avatar\\\/986aa4c61ccdb66f8555bf88fc2a65609d00bcabd4d2d94377a727547345cbca?s=96&d=mm&r=g\",\"contentUrl\":\"https:\\\/\\\/secure.gravatar.com\\\/avatar\\\/986aa4c61ccdb66f8555bf88fc2a65609d00bcabd4d2d94377a727547345cbca?s=96&d=mm&r=g\",\"caption\":\"Farn\u00e9sio\"},\"description\":\"Radialista blogueiro, chegou a Petrolina\\\/Juazeiro em setembro de 1980, Farn\u00e9sio Silva \u00e9 de Arapiraca-Alagoas.\",\"sameAs\":[\"http:\\\/\\\/blogdofarnesio.com.br\",\"https:\\\/\\\/www.facebook.com\\\/?ref=tn_tnmn\",\"https:\\\/\\\/www.instagram.com\\\/?utm_source=pwa_homescreen\",\"https:\\\/\\\/youtube.com.br\\\/\"],\"url\":\"https:\\\/\\\/blogdofarnesio.com.br\\\/?author=2\"}]}<\/script>\n<!-- \/ Yoast SEO plugin. -->","yoast_head_json":{"title":"Embrapa anuncia novo concurso p\u00fablico com 890 vagas - Blog do Farn\u00e9sio","robots":{"index":"index","follow":"follow","max-snippet":"max-snippet:-1","max-image-preview":"max-image-preview:large","max-video-preview":"max-video-preview:-1"},"canonical":"https:\/\/blogdofarnesio.com.br\/?p=374549","og_locale":"pt_BR","og_type":"article","og_title":"Embrapa anuncia novo concurso p\u00fablico com 890 vagas - Blog do Farn\u00e9sio","og_description":"Ap\u00f3s 14 anos sem um novo concurso, a\u00a0EMBRAPA (Empresa Brasileira de Pesquisa Agropecu\u00e1ria)\u00a0confirmou uma excelente not\u00edcia para aqueles que aguardavam ansiosamente por novas vagas. A presidente da institui\u00e7\u00e3o, Silvia Massruh\u00e1, anunciou recentemente que 890 vagas efetivas foram autorizadas e ser\u00e3o distribu\u00eddas ao longo dos pr\u00f3ximos anos: 2024, 2025, 2026 e 2027. Com isso, a expectativa \u00e9 de que o edital para o pr\u00f3ximo concurso EMBRAPA seja lan\u00e7ado ainda no primeiro semestre de 2024. De acordo com Massruh\u00e1, pelo menos 268 vagas ser\u00e3o ofertadas j\u00e1 no pr\u00f3ximo certame, contemplando as carreiras de Pesquisador, T\u00e9cnico e Analista. Dependendo da fun\u00e7\u00e3o, as remunera\u00e7\u00f5es iniciais podem alcan\u00e7ar at\u00e9 R$ 11 mil. Com a novidade, candidatos j\u00e1 podem come\u00e7ar a se preparar e aproveitar simulados&hellip;","og_url":"https:\/\/blogdofarnesio.com.br\/?p=374549","og_site_name":"Blog do Farn\u00e9sio","article_publisher":"https:\/\/www.facebook.com\/BlogQuerSaberPolitica\/","article_author":"https:\/\/www.facebook.com\/?ref=tn_tnmn","article_published_time":"2024-08-08T16:00:17+00:00","og_image":[{"width":580,"height":280,"url":"https:\/\/blogdofarnesio.com.br\/wp-content\/uploads\/2018\/01\/blogqspEmbrapa.jpg","type":"image\/jpeg"}],"author":"Farn\u00e9sio","twitter_card":"summary_large_image","twitter_misc":{"Escrito por":"Farn\u00e9sio","Est. tempo de leitura":"4 minutos"},"schema":{"@context":"https:\/\/schema.org","@graph":[{"@type":"Article","@id":"https:\/\/blogdofarnesio.com.br\/?p=374549#article","isPartOf":{"@id":"https:\/\/blogdofarnesio.com.br\/?p=374549"},"author":{"name":"Farn\u00e9sio","@id":"https:\/\/blogdofarnesio.com.br\/#\/schema\/person\/bb9b23ae3ad0609ce8df7b6c9e76824d"},"headline":"Embrapa anuncia novo concurso p\u00fablico com 890 vagas","datePublished":"2024-08-08T16:00:17+00:00","mainEntityOfPage":{"@id":"https:\/\/blogdofarnesio.com.br\/?p=374549"},"wordCount":719,"commentCount":0,"publisher":{"@id":"https:\/\/blogdofarnesio.com.br\/#organization"},"image":{"@id":"https:\/\/blogdofarnesio.com.br\/?p=374549#primaryimage"},"thumbnailUrl":"https:\/\/blogdofarnesio.com.br\/wp-content\/uploads\/2018\/01\/blogqspEmbrapa.jpg","articleSection":["Concursos"],"inLanguage":"pt-BR","potentialAction":[{"@type":"CommentAction","name":"Comment","target":["https:\/\/blogdofarnesio.com.br\/?p=374549#respond"]}]},{"@type":"WebPage","@id":"https:\/\/blogdofarnesio.com.br\/?p=374549","url":"https:\/\/blogdofarnesio.com.br\/?p=374549","name":"Embrapa anuncia novo concurso p\u00fablico com 890 vagas - Blog do Farn\u00e9sio","isPartOf":{"@id":"https:\/\/blogdofarnesio.com.br\/#website"},"primaryImageOfPage":{"@id":"https:\/\/blogdofarnesio.com.br\/?p=374549#primaryimage"},"image":{"@id":"https:\/\/blogdofarnesio.com.br\/?p=374549#primaryimage"},"thumbnailUrl":"https:\/\/blogdofarnesio.com.br\/wp-content\/uploads\/2018\/01\/blogqspEmbrapa.jpg","datePublished":"2024-08-08T16:00:17+00:00","breadcrumb":{"@id":"https:\/\/blogdofarnesio.com.br\/?p=374549#breadcrumb"},"inLanguage":"pt-BR","potentialAction":[{"@type":"ReadAction","target":["https:\/\/blogdofarnesio.com.br\/?p=374549"]}]},{"@type":"ImageObject","inLanguage":"pt-BR","@id":"https:\/\/blogdofarnesio.com.br\/?p=374549#primaryimage","url":"https:\/\/blogdofarnesio.com.br\/wp-content\/uploads\/2018\/01\/blogqspEmbrapa.jpg","contentUrl":"https:\/\/blogdofarnesio.com.br\/wp-content\/uploads\/2018\/01\/blogqspEmbrapa.jpg","width":580,"height":280},{"@type":"BreadcrumbList","@id":"https:\/\/blogdofarnesio.com.br\/?p=374549#breadcrumb","itemListElement":[{"@type":"ListItem","position":1,"name":"In\u00edcio","item":"https:\/\/blogdofarnesio.com.br\/"},{"@type":"ListItem","position":2,"name":"Embrapa anuncia novo concurso p\u00fablico com 890 vagas"}]},{"@type":"WebSite","@id":"https:\/\/blogdofarnesio.com.br\/#website","url":"https:\/\/blogdofarnesio.com.br\/","name":"Blog do Farn\u00e9sio","description":"Quer Saber Pol\u00edtica?","publisher":{"@id":"https:\/\/blogdofarnesio.com.br\/#organization"},"potentialAction":[{"@type":"SearchAction","target":{"@type":"EntryPoint","urlTemplate":"https:\/\/blogdofarnesio.com.br\/?s={search_term_string}"},"query-input":{"@type":"PropertyValueSpecification","valueRequired":true,"valueName":"search_term_string"}}],"inLanguage":"pt-BR"},{"@type":"Organization","@id":"https:\/\/blogdofarnesio.com.br\/#organization","name":"Blog do Farn\u00e9sio","url":"https:\/\/blogdofarnesio.com.br\/","logo":{"@type":"ImageObject","inLanguage":"pt-BR","@id":"https:\/\/blogdofarnesio.com.br\/#\/schema\/logo\/image\/","url":"https:\/\/blogdofarnesio.com.br\/wp-content\/uploads\/2026\/03\/cropped-logo_new-1.png","contentUrl":"https:\/\/blogdofarnesio.com.br\/wp-content\/uploads\/2026\/03\/cropped-logo_new-1.png","width":881,"height":685,"caption":"Blog do Farn\u00e9sio"},"image":{"@id":"https:\/\/blogdofarnesio.com.br\/#\/schema\/logo\/image\/"},"sameAs":["https:\/\/www.facebook.com\/BlogQuerSaberPolitica\/"]},{"@type":"Person","@id":"https:\/\/blogdofarnesio.com.br\/#\/schema\/person\/bb9b23ae3ad0609ce8df7b6c9e76824d","name":"Farn\u00e9sio","image":{"@type":"ImageObject","inLanguage":"pt-BR","@id":"https:\/\/secure.gravatar.com\/avatar\/986aa4c61ccdb66f8555bf88fc2a65609d00bcabd4d2d94377a727547345cbca?s=96&d=mm&r=g","url":"https:\/\/secure.gravatar.com\/avatar\/986aa4c61ccdb66f8555bf88fc2a65609d00bcabd4d2d94377a727547345cbca?s=96&d=mm&r=g","contentUrl":"https:\/\/secure.gravatar.com\/avatar\/986aa4c61ccdb66f8555bf88fc2a65609d00bcabd4d2d94377a727547345cbca?s=96&d=mm&r=g","caption":"Farn\u00e9sio"},"description":"Radialista blogueiro, chegou a Petrolina\/Juazeiro em setembro de 1980, Farn\u00e9sio Silva \u00e9 de Arapiraca-Alagoas.","sameAs":["http:\/\/blogdofarnesio.com.br","https:\/\/www.facebook.com\/?ref=tn_tnmn","https:\/\/www.instagram.com\/?utm_source=pwa_homescreen","https:\/\/youtube.com.br\/"],"url":"https:\/\/blogdofarnesio.com.br\/?author=2"}]}},"_links":{"self":[{"href":"https:\/\/blogdofarnesio.com.br\/index.php?rest_route=\/wp\/v2\/posts\/374549","targetHints":{"allow":["GET"]}}],"collection":[{"href":"https:\/\/blogdofarnesio.com.br\/index.php?rest_route=\/wp\/v2\/posts"}],"about":[{"href":"https:\/\/blogdofarnesio.com.br\/index.php?rest_route=\/wp\/v2\/types\/post"}],"author":[{"embeddable":true,"href":"https:\/\/blogdofarnesio.com.br\/index.php?rest_route=\/wp\/v2\/users\/2"}],"replies":[{"embeddable":true,"href":"https:\/\/blogdofarnesio.com.br\/index.php?rest_route=%2Fwp%2Fv2%2Fcomments&post=374549"}],"version-history":[{"count":0,"href":"https:\/\/blogdofarnesio.com.br\/index.php?rest_route=\/wp\/v2\/posts\/374549\/revisions"}],"wp:featuredmedia":[{"embeddable":true,"href":"https:\/\/blogdofarnesio.com.br\/index.php?rest_route=\/wp\/v2\/media\/186785"}],"wp:attachment":[{"href":"https:\/\/blogdofarnesio.com.br\/index.php?rest_route=%2Fwp%2Fv2%2Fmedia&parent=374549"}],"wp:term":[{"taxonomy":"category","embeddable":true,"href":"https:\/\/blogdofarnesio.com.br\/index.php?rest_route=%2Fwp%2Fv2%2Fcategories&post=374549"},{"taxonomy":"post_tag","embeddable":true,"href":"https:\/\/blogdofarnesio.com.br\/index.php?rest_route=%2Fwp%2Fv2%2Ftags&post=374549"}],"curies":[{"name":"wp","href":"https:\/\/api.w.org\/{rel}","templated":true}]}}