{"id":374360,"date":"2024-08-04T12:10:14","date_gmt":"2024-08-04T15:10:14","guid":{"rendered":"https:\/\/blogdofarnesio.com.br\/?p=374360"},"modified":"2024-08-04T12:10:14","modified_gmt":"2024-08-04T15:10:14","slug":"eleicoes-2024-wagner-fala-em-inquietude-de-aliados-em-juazeiro-e-indica-que-pendencia-judicial-de-isaac-sera-superada","status":"publish","type":"post","link":"https:\/\/blogdofarnesio.com.br\/?p=374360","title":{"rendered":"Elei\u00e7\u00f5es 2024: Wagner fala em \u201cinquietude\u201d de aliados em Juazeiro e indica que pend\u00eancia judicial de Isaac ser\u00e1 superada"},"content":{"rendered":"<div class=\"sc-b4c8ccf3-0 fsXNOt\">\n<h3 class=\"sc-b4c8ccf3-1 ireAxk\"><span style=\"font-size: 16px;\">Por Maur\u00edcio Leiro \/ Anderson Ramos\/BN &#8211;\u00a0<\/span><\/h3>\n<\/div>\n<div class=\"sc-81cf810-1 bYubFg\">\n<div class=\"sc-81cf810-3 gCNTHg\">\n<p>Um dos principais fiadores da candidatura de Isaac Carvalho (PT), em Juazeiro, o senador Jaques Wagner (PT) indicou que o colega de partido deve mesmo manter o nome na corrida eleitoral do munic\u00edpio da regi\u00e3o do Sert\u00e3o do S\u00e3o Francisco, mesmo a contragosto de aliados da Federa\u00e7\u00e3o Brasil da Esperan\u00e7a (PT-PCdoB-PV).<\/p>\n<p>At\u00e9 o momento, Isaac continua ineleg\u00edvel por conta de um processo judicial. Apesar disso, o petista marcou conven\u00e7\u00e3o para homologa\u00e7\u00e3o de sua candidatura para esta segunda-feira (5), data limite para a oficializa\u00e7\u00e3o no pleito.<\/p>\n<p>\u201cParticularmente em Juazeiro ainda tem uma pend\u00eancia judicial que tudo aponta que ser\u00e1 superada, mas \u00e9 \u00f3bvio que h\u00e1 uma inquietude dos aliados de querer saber se resolve ou n\u00e3o resolve, estamos trabalhando esperando essa solu\u00e7\u00e3o. O juiz deu cinco dias ent\u00e3o acaba no come\u00e7o da semana, o registro da candidatura \u00e9 posterior, s\u00e3o 15 dias e portanto voc\u00ea pode fazer a conven\u00e7\u00e3o e depois ir buscar a regulariza\u00e7\u00e3o, Se ela n\u00e3o chegar teria que haver uma substitui\u00e7\u00e3o\u201d, disse Wagner.<\/p>\n<p>Na sexta (2), o<a href=\"https:\/\/www.bahianoticias.com.br\/municipios\/noticia\/40586-tj-ba-deu-aval-para-acordo-com-mp-ba-e-isaac-carvalho-pode-retomar-elegibilidade-em-juazeiro-diz-assessoria\" target=\"_blank\" rel=\"noopener\">\u00a0Tribunal de Justi\u00e7a da Bahia (TJ-BA) reformou decis\u00e3o do Juiz de Juazeiro<\/a>, e determinou que o munic\u00edpio se manifeste em cinco dias sobre o acordo que garante a candidatura de Isaac.<\/p>\n<p>Ap\u00f3s o prazo, o acordo j\u00e1 pode ser homologado, conforme ajustado com o autor da a\u00e7\u00e3o, o Minist\u00e9rio P\u00fablico da Bahia (MP-BA). Portanto, antes da data do registro de candidatura, dia 15 de agosto, Isaac estar\u00e1 livre de qualquer impedimento eleitoral.<\/p>\n<\/div>\n<\/div>\n","protected":false},"excerpt":{"rendered":"<p>Por Maur\u00edcio Leiro \/ Anderson Ramos\/BN &#8211;\u00a0 Um dos principais fiadores da candidatura de Isaac Carvalho (PT), em Juazeiro, o senador Jaques Wagner (PT) indicou que o colega de partido deve mesmo manter o nome na corrida eleitoral do munic\u00edpio da regi\u00e3o do Sert\u00e3o do S\u00e3o Francisco, mesmo a contragosto de aliados da Federa\u00e7\u00e3o Brasil da Esperan\u00e7a (PT-PCdoB-PV). At\u00e9 o momento, Isaac continua ineleg\u00edvel por conta de um processo judicial. Apesar disso, o petista marcou conven\u00e7\u00e3o para homologa\u00e7\u00e3o de sua candidatura para esta segunda-feira (5), data limite para a oficializa\u00e7\u00e3o no pleito. \u201cParticularmente em Juazeiro ainda tem uma pend\u00eancia judicial que tudo aponta que ser\u00e1 superada, mas \u00e9 \u00f3bvio que h\u00e1 uma inquietude dos aliados de querer saber se resolve&hellip; <\/p>\n","protected":false},"author":2,"featured_media":229604,"comment_status":"open","ping_status":"open","sticky":false,"template":"","format":"standard","meta":{"_acf_changed":false,"footnotes":""},"categories":[34],"tags":[],"class_list":["post-374360","post","type-post","status-publish","format-standard","has-post-thumbnail","hentry","category-eleicoes"],"acf":[],"yoast_head":"<!-- This site is optimized with the Yoast SEO plugin v27.4 - https:\/\/yoast.com\/product\/yoast-seo-wordpress\/ -->\n<title>Elei\u00e7\u00f5es 2024: Wagner fala em \u201cinquietude\u201d de aliados em Juazeiro e indica que pend\u00eancia judicial de Isaac ser\u00e1 superada - Blog do Farn\u00e9sio<\/title>\n<meta name=\"robots\" content=\"index, follow, max-snippet:-1, max-image-preview:large, max-video-preview:-1\" \/>\n<link rel=\"canonical\" href=\"https:\/\/blogdofarnesio.com.br\/?p=374360\" \/>\n<meta property=\"og:locale\" content=\"pt_BR\" \/>\n<meta property=\"og:type\" content=\"article\" \/>\n<meta property=\"og:title\" content=\"Elei\u00e7\u00f5es 2024: Wagner fala em \u201cinquietude\u201d de aliados em Juazeiro e indica que pend\u00eancia judicial de Isaac ser\u00e1 superada - Blog do Farn\u00e9sio\" \/>\n<meta property=\"og:description\" content=\"Por Maur\u00edcio Leiro \/ Anderson Ramos\/BN &#8211;\u00a0 Um dos principais fiadores da candidatura de Isaac Carvalho (PT), em Juazeiro, o senador Jaques Wagner (PT) indicou que o colega de partido deve mesmo manter o nome na corrida eleitoral do munic\u00edpio da regi\u00e3o do Sert\u00e3o do S\u00e3o Francisco, mesmo a contragosto de aliados da Federa\u00e7\u00e3o Brasil da Esperan\u00e7a (PT-PCdoB-PV). At\u00e9 o momento, Isaac continua ineleg\u00edvel por conta de um processo judicial. Apesar disso, o petista marcou conven\u00e7\u00e3o para homologa\u00e7\u00e3o de sua candidatura para esta segunda-feira (5), data limite para a oficializa\u00e7\u00e3o no pleito. \u201cParticularmente em Juazeiro ainda tem uma pend\u00eancia judicial que tudo aponta que ser\u00e1 superada, mas \u00e9 \u00f3bvio que h\u00e1 uma inquietude dos aliados de querer saber se resolve&hellip;\" \/>\n<meta property=\"og:url\" content=\"https:\/\/blogdofarnesio.com.br\/?p=374360\" \/>\n<meta property=\"og:site_name\" content=\"Blog do Farn\u00e9sio\" \/>\n<meta property=\"article:publisher\" content=\"https:\/\/www.facebook.com\/BlogQuerSaberPolitica\/\" \/>\n<meta property=\"article:author\" content=\"https:\/\/www.facebook.com\/?ref=tn_tnmn\" \/>\n<meta property=\"article:published_time\" content=\"2024-08-04T15:10:14+00:00\" \/>\n<meta property=\"og:image\" content=\"https:\/\/blogdofarnesio.com.br\/wp-content\/uploads\/2019\/06\/blogqsp-isaacwagner.jpg\" \/>\n\t<meta property=\"og:image:width\" content=\"600\" \/>\n\t<meta property=\"og:image:height\" content=\"420\" \/>\n\t<meta property=\"og:image:type\" content=\"image\/jpeg\" \/>\n<meta name=\"author\" content=\"Farn\u00e9sio\" \/>\n<meta name=\"twitter:card\" content=\"summary_large_image\" \/>\n<meta name=\"twitter:label1\" content=\"Escrito por\" \/>\n\t<meta name=\"twitter:data1\" content=\"Farn\u00e9sio\" \/>\n\t<meta name=\"twitter:label2\" content=\"Est. tempo de leitura\" \/>\n\t<meta name=\"twitter:data2\" content=\"2 minutos\" \/>\n<script type=\"application\/ld+json\" class=\"yoast-schema-graph\">{\"@context\":\"https:\\\/\\\/schema.org\",\"@graph\":[{\"@type\":\"Article\",\"@id\":\"https:\\\/\\\/blogdofarnesio.com.br\\\/?p=374360#article\",\"isPartOf\":{\"@id\":\"https:\\\/\\\/blogdofarnesio.com.br\\\/?p=374360\"},\"author\":{\"name\":\"Farn\u00e9sio\",\"@id\":\"https:\\\/\\\/blogdofarnesio.com.br\\\/#\\\/schema\\\/person\\\/bb9b23ae3ad0609ce8df7b6c9e76824d\"},\"headline\":\"Elei\u00e7\u00f5es 2024: Wagner fala em \u201cinquietude\u201d de aliados em Juazeiro e indica que pend\u00eancia judicial de Isaac ser\u00e1 superada\",\"datePublished\":\"2024-08-04T15:10:14+00:00\",\"mainEntityOfPage\":{\"@id\":\"https:\\\/\\\/blogdofarnesio.com.br\\\/?p=374360\"},\"wordCount\":290,\"commentCount\":0,\"publisher\":{\"@id\":\"https:\\\/\\\/blogdofarnesio.com.br\\\/#organization\"},\"image\":{\"@id\":\"https:\\\/\\\/blogdofarnesio.com.br\\\/?p=374360#primaryimage\"},\"thumbnailUrl\":\"https:\\\/\\\/blogdofarnesio.com.br\\\/wp-content\\\/uploads\\\/2019\\\/06\\\/blogqsp-isaacwagner.jpg\",\"articleSection\":[\"Elei\u00e7\u00f5es\"],\"inLanguage\":\"pt-BR\",\"potentialAction\":[{\"@type\":\"CommentAction\",\"name\":\"Comment\",\"target\":[\"https:\\\/\\\/blogdofarnesio.com.br\\\/?p=374360#respond\"]}]},{\"@type\":\"WebPage\",\"@id\":\"https:\\\/\\\/blogdofarnesio.com.br\\\/?p=374360\",\"url\":\"https:\\\/\\\/blogdofarnesio.com.br\\\/?p=374360\",\"name\":\"Elei\u00e7\u00f5es 2024: Wagner fala em \u201cinquietude\u201d de aliados em Juazeiro e indica que pend\u00eancia judicial de Isaac ser\u00e1 superada - Blog do Farn\u00e9sio\",\"isPartOf\":{\"@id\":\"https:\\\/\\\/blogdofarnesio.com.br\\\/#website\"},\"primaryImageOfPage\":{\"@id\":\"https:\\\/\\\/blogdofarnesio.com.br\\\/?p=374360#primaryimage\"},\"image\":{\"@id\":\"https:\\\/\\\/blogdofarnesio.com.br\\\/?p=374360#primaryimage\"},\"thumbnailUrl\":\"https:\\\/\\\/blogdofarnesio.com.br\\\/wp-content\\\/uploads\\\/2019\\\/06\\\/blogqsp-isaacwagner.jpg\",\"datePublished\":\"2024-08-04T15:10:14+00:00\",\"breadcrumb\":{\"@id\":\"https:\\\/\\\/blogdofarnesio.com.br\\\/?p=374360#breadcrumb\"},\"inLanguage\":\"pt-BR\",\"potentialAction\":[{\"@type\":\"ReadAction\",\"target\":[\"https:\\\/\\\/blogdofarnesio.com.br\\\/?p=374360\"]}]},{\"@type\":\"ImageObject\",\"inLanguage\":\"pt-BR\",\"@id\":\"https:\\\/\\\/blogdofarnesio.com.br\\\/?p=374360#primaryimage\",\"url\":\"https:\\\/\\\/blogdofarnesio.com.br\\\/wp-content\\\/uploads\\\/2019\\\/06\\\/blogqsp-isaacwagner.jpg\",\"contentUrl\":\"https:\\\/\\\/blogdofarnesio.com.br\\\/wp-content\\\/uploads\\\/2019\\\/06\\\/blogqsp-isaacwagner.jpg\",\"width\":600,\"height\":420},{\"@type\":\"BreadcrumbList\",\"@id\":\"https:\\\/\\\/blogdofarnesio.com.br\\\/?p=374360#breadcrumb\",\"itemListElement\":[{\"@type\":\"ListItem\",\"position\":1,\"name\":\"In\u00edcio\",\"item\":\"https:\\\/\\\/blogdofarnesio.com.br\\\/\"},{\"@type\":\"ListItem\",\"position\":2,\"name\":\"Elei\u00e7\u00f5es 2024: Wagner fala em \u201cinquietude\u201d de aliados em Juazeiro e indica que pend\u00eancia judicial de Isaac ser\u00e1 superada\"}]},{\"@type\":\"WebSite\",\"@id\":\"https:\\\/\\\/blogdofarnesio.com.br\\\/#website\",\"url\":\"https:\\\/\\\/blogdofarnesio.com.br\\\/\",\"name\":\"Blog do Farn\u00e9sio\",\"description\":\"Quer Saber Pol\u00edtica?\",\"publisher\":{\"@id\":\"https:\\\/\\\/blogdofarnesio.com.br\\\/#organization\"},\"potentialAction\":[{\"@type\":\"SearchAction\",\"target\":{\"@type\":\"EntryPoint\",\"urlTemplate\":\"https:\\\/\\\/blogdofarnesio.com.br\\\/?s={search_term_string}\"},\"query-input\":{\"@type\":\"PropertyValueSpecification\",\"valueRequired\":true,\"valueName\":\"search_term_string\"}}],\"inLanguage\":\"pt-BR\"},{\"@type\":\"Organization\",\"@id\":\"https:\\\/\\\/blogdofarnesio.com.br\\\/#organization\",\"name\":\"Blog do Farn\u00e9sio\",\"url\":\"https:\\\/\\\/blogdofarnesio.com.br\\\/\",\"logo\":{\"@type\":\"ImageObject\",\"inLanguage\":\"pt-BR\",\"@id\":\"https:\\\/\\\/blogdofarnesio.com.br\\\/#\\\/schema\\\/logo\\\/image\\\/\",\"url\":\"https:\\\/\\\/blogdofarnesio.com.br\\\/wp-content\\\/uploads\\\/2026\\\/03\\\/cropped-logo_new-1.png\",\"contentUrl\":\"https:\\\/\\\/blogdofarnesio.com.br\\\/wp-content\\\/uploads\\\/2026\\\/03\\\/cropped-logo_new-1.png\",\"width\":881,\"height\":685,\"caption\":\"Blog do Farn\u00e9sio\"},\"image\":{\"@id\":\"https:\\\/\\\/blogdofarnesio.com.br\\\/#\\\/schema\\\/logo\\\/image\\\/\"},\"sameAs\":[\"https:\\\/\\\/www.facebook.com\\\/BlogQuerSaberPolitica\\\/\"]},{\"@type\":\"Person\",\"@id\":\"https:\\\/\\\/blogdofarnesio.com.br\\\/#\\\/schema\\\/person\\\/bb9b23ae3ad0609ce8df7b6c9e76824d\",\"name\":\"Farn\u00e9sio\",\"image\":{\"@type\":\"ImageObject\",\"inLanguage\":\"pt-BR\",\"@id\":\"https:\\\/\\\/secure.gravatar.com\\\/avatar\\\/986aa4c61ccdb66f8555bf88fc2a65609d00bcabd4d2d94377a727547345cbca?s=96&d=mm&r=g\",\"url\":\"https:\\\/\\\/secure.gravatar.com\\\/avatar\\\/986aa4c61ccdb66f8555bf88fc2a65609d00bcabd4d2d94377a727547345cbca?s=96&d=mm&r=g\",\"contentUrl\":\"https:\\\/\\\/secure.gravatar.com\\\/avatar\\\/986aa4c61ccdb66f8555bf88fc2a65609d00bcabd4d2d94377a727547345cbca?s=96&d=mm&r=g\",\"caption\":\"Farn\u00e9sio\"},\"description\":\"Radialista blogueiro, chegou a Petrolina\\\/Juazeiro em setembro de 1980, Farn\u00e9sio Silva \u00e9 de Arapiraca-Alagoas.\",\"sameAs\":[\"http:\\\/\\\/blogdofarnesio.com.br\",\"https:\\\/\\\/www.facebook.com\\\/?ref=tn_tnmn\",\"https:\\\/\\\/www.instagram.com\\\/?utm_source=pwa_homescreen\",\"https:\\\/\\\/youtube.com.br\\\/\"],\"url\":\"https:\\\/\\\/blogdofarnesio.com.br\\\/?author=2\"}]}<\/script>\n<!-- \/ Yoast SEO plugin. -->","yoast_head_json":{"title":"Elei\u00e7\u00f5es 2024: Wagner fala em \u201cinquietude\u201d de aliados em Juazeiro e indica que pend\u00eancia judicial de Isaac ser\u00e1 superada - Blog do Farn\u00e9sio","robots":{"index":"index","follow":"follow","max-snippet":"max-snippet:-1","max-image-preview":"max-image-preview:large","max-video-preview":"max-video-preview:-1"},"canonical":"https:\/\/blogdofarnesio.com.br\/?p=374360","og_locale":"pt_BR","og_type":"article","og_title":"Elei\u00e7\u00f5es 2024: Wagner fala em \u201cinquietude\u201d de aliados em Juazeiro e indica que pend\u00eancia judicial de Isaac ser\u00e1 superada - Blog do Farn\u00e9sio","og_description":"Por Maur\u00edcio Leiro \/ Anderson Ramos\/BN &#8211;\u00a0 Um dos principais fiadores da candidatura de Isaac Carvalho (PT), em Juazeiro, o senador Jaques Wagner (PT) indicou que o colega de partido deve mesmo manter o nome na corrida eleitoral do munic\u00edpio da regi\u00e3o do Sert\u00e3o do S\u00e3o Francisco, mesmo a contragosto de aliados da Federa\u00e7\u00e3o Brasil da Esperan\u00e7a (PT-PCdoB-PV). At\u00e9 o momento, Isaac continua ineleg\u00edvel por conta de um processo judicial. Apesar disso, o petista marcou conven\u00e7\u00e3o para homologa\u00e7\u00e3o de sua candidatura para esta segunda-feira (5), data limite para a oficializa\u00e7\u00e3o no pleito. \u201cParticularmente em Juazeiro ainda tem uma pend\u00eancia judicial que tudo aponta que ser\u00e1 superada, mas \u00e9 \u00f3bvio que h\u00e1 uma inquietude dos aliados de querer saber se resolve&hellip;","og_url":"https:\/\/blogdofarnesio.com.br\/?p=374360","og_site_name":"Blog do Farn\u00e9sio","article_publisher":"https:\/\/www.facebook.com\/BlogQuerSaberPolitica\/","article_author":"https:\/\/www.facebook.com\/?ref=tn_tnmn","article_published_time":"2024-08-04T15:10:14+00:00","og_image":[{"width":600,"height":420,"url":"https:\/\/blogdofarnesio.com.br\/wp-content\/uploads\/2019\/06\/blogqsp-isaacwagner.jpg","type":"image\/jpeg"}],"author":"Farn\u00e9sio","twitter_card":"summary_large_image","twitter_misc":{"Escrito por":"Farn\u00e9sio","Est. tempo de leitura":"2 minutos"},"schema":{"@context":"https:\/\/schema.org","@graph":[{"@type":"Article","@id":"https:\/\/blogdofarnesio.com.br\/?p=374360#article","isPartOf":{"@id":"https:\/\/blogdofarnesio.com.br\/?p=374360"},"author":{"name":"Farn\u00e9sio","@id":"https:\/\/blogdofarnesio.com.br\/#\/schema\/person\/bb9b23ae3ad0609ce8df7b6c9e76824d"},"headline":"Elei\u00e7\u00f5es 2024: Wagner fala em \u201cinquietude\u201d de aliados em Juazeiro e indica que pend\u00eancia judicial de Isaac ser\u00e1 superada","datePublished":"2024-08-04T15:10:14+00:00","mainEntityOfPage":{"@id":"https:\/\/blogdofarnesio.com.br\/?p=374360"},"wordCount":290,"commentCount":0,"publisher":{"@id":"https:\/\/blogdofarnesio.com.br\/#organization"},"image":{"@id":"https:\/\/blogdofarnesio.com.br\/?p=374360#primaryimage"},"thumbnailUrl":"https:\/\/blogdofarnesio.com.br\/wp-content\/uploads\/2019\/06\/blogqsp-isaacwagner.jpg","articleSection":["Elei\u00e7\u00f5es"],"inLanguage":"pt-BR","potentialAction":[{"@type":"CommentAction","name":"Comment","target":["https:\/\/blogdofarnesio.com.br\/?p=374360#respond"]}]},{"@type":"WebPage","@id":"https:\/\/blogdofarnesio.com.br\/?p=374360","url":"https:\/\/blogdofarnesio.com.br\/?p=374360","name":"Elei\u00e7\u00f5es 2024: Wagner fala em \u201cinquietude\u201d de aliados em Juazeiro e indica que pend\u00eancia judicial de Isaac ser\u00e1 superada - Blog do Farn\u00e9sio","isPartOf":{"@id":"https:\/\/blogdofarnesio.com.br\/#website"},"primaryImageOfPage":{"@id":"https:\/\/blogdofarnesio.com.br\/?p=374360#primaryimage"},"image":{"@id":"https:\/\/blogdofarnesio.com.br\/?p=374360#primaryimage"},"thumbnailUrl":"https:\/\/blogdofarnesio.com.br\/wp-content\/uploads\/2019\/06\/blogqsp-isaacwagner.jpg","datePublished":"2024-08-04T15:10:14+00:00","breadcrumb":{"@id":"https:\/\/blogdofarnesio.com.br\/?p=374360#breadcrumb"},"inLanguage":"pt-BR","potentialAction":[{"@type":"ReadAction","target":["https:\/\/blogdofarnesio.com.br\/?p=374360"]}]},{"@type":"ImageObject","inLanguage":"pt-BR","@id":"https:\/\/blogdofarnesio.com.br\/?p=374360#primaryimage","url":"https:\/\/blogdofarnesio.com.br\/wp-content\/uploads\/2019\/06\/blogqsp-isaacwagner.jpg","contentUrl":"https:\/\/blogdofarnesio.com.br\/wp-content\/uploads\/2019\/06\/blogqsp-isaacwagner.jpg","width":600,"height":420},{"@type":"BreadcrumbList","@id":"https:\/\/blogdofarnesio.com.br\/?p=374360#breadcrumb","itemListElement":[{"@type":"ListItem","position":1,"name":"In\u00edcio","item":"https:\/\/blogdofarnesio.com.br\/"},{"@type":"ListItem","position":2,"name":"Elei\u00e7\u00f5es 2024: Wagner fala em \u201cinquietude\u201d de aliados em Juazeiro e indica que pend\u00eancia judicial de Isaac ser\u00e1 superada"}]},{"@type":"WebSite","@id":"https:\/\/blogdofarnesio.com.br\/#website","url":"https:\/\/blogdofarnesio.com.br\/","name":"Blog do Farn\u00e9sio","description":"Quer Saber Pol\u00edtica?","publisher":{"@id":"https:\/\/blogdofarnesio.com.br\/#organization"},"potentialAction":[{"@type":"SearchAction","target":{"@type":"EntryPoint","urlTemplate":"https:\/\/blogdofarnesio.com.br\/?s={search_term_string}"},"query-input":{"@type":"PropertyValueSpecification","valueRequired":true,"valueName":"search_term_string"}}],"inLanguage":"pt-BR"},{"@type":"Organization","@id":"https:\/\/blogdofarnesio.com.br\/#organization","name":"Blog do Farn\u00e9sio","url":"https:\/\/blogdofarnesio.com.br\/","logo":{"@type":"ImageObject","inLanguage":"pt-BR","@id":"https:\/\/blogdofarnesio.com.br\/#\/schema\/logo\/image\/","url":"https:\/\/blogdofarnesio.com.br\/wp-content\/uploads\/2026\/03\/cropped-logo_new-1.png","contentUrl":"https:\/\/blogdofarnesio.com.br\/wp-content\/uploads\/2026\/03\/cropped-logo_new-1.png","width":881,"height":685,"caption":"Blog do Farn\u00e9sio"},"image":{"@id":"https:\/\/blogdofarnesio.com.br\/#\/schema\/logo\/image\/"},"sameAs":["https:\/\/www.facebook.com\/BlogQuerSaberPolitica\/"]},{"@type":"Person","@id":"https:\/\/blogdofarnesio.com.br\/#\/schema\/person\/bb9b23ae3ad0609ce8df7b6c9e76824d","name":"Farn\u00e9sio","image":{"@type":"ImageObject","inLanguage":"pt-BR","@id":"https:\/\/secure.gravatar.com\/avatar\/986aa4c61ccdb66f8555bf88fc2a65609d00bcabd4d2d94377a727547345cbca?s=96&d=mm&r=g","url":"https:\/\/secure.gravatar.com\/avatar\/986aa4c61ccdb66f8555bf88fc2a65609d00bcabd4d2d94377a727547345cbca?s=96&d=mm&r=g","contentUrl":"https:\/\/secure.gravatar.com\/avatar\/986aa4c61ccdb66f8555bf88fc2a65609d00bcabd4d2d94377a727547345cbca?s=96&d=mm&r=g","caption":"Farn\u00e9sio"},"description":"Radialista blogueiro, chegou a Petrolina\/Juazeiro em setembro de 1980, Farn\u00e9sio Silva \u00e9 de Arapiraca-Alagoas.","sameAs":["http:\/\/blogdofarnesio.com.br","https:\/\/www.facebook.com\/?ref=tn_tnmn","https:\/\/www.instagram.com\/?utm_source=pwa_homescreen","https:\/\/youtube.com.br\/"],"url":"https:\/\/blogdofarnesio.com.br\/?author=2"}]}},"_links":{"self":[{"href":"https:\/\/blogdofarnesio.com.br\/index.php?rest_route=\/wp\/v2\/posts\/374360","targetHints":{"allow":["GET"]}}],"collection":[{"href":"https:\/\/blogdofarnesio.com.br\/index.php?rest_route=\/wp\/v2\/posts"}],"about":[{"href":"https:\/\/blogdofarnesio.com.br\/index.php?rest_route=\/wp\/v2\/types\/post"}],"author":[{"embeddable":true,"href":"https:\/\/blogdofarnesio.com.br\/index.php?rest_route=\/wp\/v2\/users\/2"}],"replies":[{"embeddable":true,"href":"https:\/\/blogdofarnesio.com.br\/index.php?rest_route=%2Fwp%2Fv2%2Fcomments&post=374360"}],"version-history":[{"count":0,"href":"https:\/\/blogdofarnesio.com.br\/index.php?rest_route=\/wp\/v2\/posts\/374360\/revisions"}],"wp:featuredmedia":[{"embeddable":true,"href":"https:\/\/blogdofarnesio.com.br\/index.php?rest_route=\/wp\/v2\/media\/229604"}],"wp:attachment":[{"href":"https:\/\/blogdofarnesio.com.br\/index.php?rest_route=%2Fwp%2Fv2%2Fmedia&parent=374360"}],"wp:term":[{"taxonomy":"category","embeddable":true,"href":"https:\/\/blogdofarnesio.com.br\/index.php?rest_route=%2Fwp%2Fv2%2Fcategories&post=374360"},{"taxonomy":"post_tag","embeddable":true,"href":"https:\/\/blogdofarnesio.com.br\/index.php?rest_route=%2Fwp%2Fv2%2Ftags&post=374360"}],"curies":[{"name":"wp","href":"https:\/\/api.w.org\/{rel}","templated":true}]}}