{"id":373735,"date":"2024-07-26T09:30:29","date_gmt":"2024-07-26T12:30:29","guid":{"rendered":"https:\/\/blogdofarnesio.com.br\/?p=373735"},"modified":"2024-07-25T15:53:40","modified_gmt":"2024-07-25T18:53:40","slug":"biama-do-hospital-dom-malan-em-petrolina-realizara-ii-simposio-de-aleitamento-materno","status":"publish","type":"post","link":"https:\/\/blogdofarnesio.com.br\/?p=373735","title":{"rendered":"Biama do Hospital Dom Malan em Petrolina realizar\u00e1 II Simp\u00f3sio de Aleitamento Materno"},"content":{"rendered":"<p style=\"font-weight: 400;\">O Hospital Dom Malan em Petrolina, Sert\u00e3o de Pernambuco, atrav\u00e9s do Banco de Incentivo e Apoio ao Aleitamento Materno (BIAMA)\u00a0 do HDM, realizar\u00e1 nos dias 02 e 03 de agosto, o II Simp\u00f3sio Regional do Banco de Leite Humano como uma das atividades da Semana Mundial do Aleitamento Materno. Este ano o tema central: \u201cAmamenta\u00e7\u00e3o, apoie em todas as situa\u00e7\u00f5es\u201dque tem como proposta mobilizar\u00e1 a sociedade para melhorar o apoio \u00e0 amamenta\u00e7\u00e3o para todos e, assim, n\u00e3o permitir que as desigualdades ou falta de acesso ao apoio \u00e0 amamenta\u00e7\u00e3o.<\/p>\n<p style=\"font-weight: 400;\"><strong>Programa\u00e7\u00e3o<\/strong><\/p>\n<p style=\"font-weight: 400;\">O evento inclui palestras, minicursos e o tradicional mama\u00e7o promovido pelo Biama com m\u00e3es que s\u00e3o assistidas pelo Banco de Leite Humano com v\u00e1rias m\u00e3es amamentando seus beb\u00eas.<\/p>\n<p style=\"font-weight: 400;\">\u201c<em>Para o primeiro dia teremos um a mesa redonda para discutir o tema deste ano do Minist\u00e9rio da Sa\u00fade: \u201cAmamenta\u00e7\u00e3o, apoie em todas as situa\u00e7\u00f5es\u201d, com palestra com a enfermeira do Instituto Fernandes Filgueira, Nina Aurora Mello que vai abordar a Maternidade Amiga da Crian\u00e7a: um desafio de inclus\u00e3o de todas as fam\u00edlias na promo\u00e7\u00e3o ao aleitamento materno. Tamb\u00e9m teremos minicursos para tratar dos cuidados com o beb\u00ea prematuro e os aspectos psicol\u00f3gicos da m\u00e3e, e vamos debater tamb\u00e9m o processamento do leite humano e o processo de pasteuriza\u00e7\u00e3o. No segundo dia, coordenadora estadual da rede de bancos de leite humano, Vilneide Maria dos Santos, vamos abordar alimenta\u00e7\u00e3o de prematuros, finalizando com o mama\u00e7o,\u201d<\/em>\u00a0explicou a gerente do Biama, a enfermeira Joice Fonseca.\u201d<\/p>\n<p style=\"font-weight: 400;\"><strong>Inscri\u00e7\u00f5es<\/strong><\/p>\n<p style=\"font-weight: 400;\">O projeto do Simp\u00f3sio surgiu em 2023 com o objetivo de reunir profissionais de sa\u00fade, pesquisadores e acad\u00eamicos interessados em discutir e compartilhar conhecimentos atualizados, pr\u00e1ticas bem-sucedidas, pesquisas cient\u00edficas e desafios relacionados \u00e0 amamenta\u00e7\u00e3o, visando a melhoria da sa\u00fade materno-infantil e o fortalecimento do aleitamento materno.<\/p>\n<p style=\"font-weight: 400;\">O evento acontecer\u00e1 das 8h \u00e0s 17h, no Audit\u00f3rio da Biblioteca da UNIVASF Estudantes e profissionais de sa\u00fade, podem se inscrever com trabalhos acad\u00eamicos no link:<\/p>\n<p style=\"font-weight: 400;\"><a href=\"https:\/\/doity.com.br\/ii-simpsio-refional-do-banco-de-leite-humano-do-hospital-dom-malanismep\" data-saferedirecturl=\"https:\/\/www.google.com\/url?q=https:\/\/doity.com.br\/ii-simpsio-refional-do-banco-de-leite-humano-do-hospital-dom-malanismep&amp;source=gmail&amp;ust=1721995434268000&amp;usg=AOvVaw3khm2-S60XzB1KWvDBa_oF\">https:\/\/doity.com.br\/ii-simpsio-refional-do-banco-de-leite-humano-do-hospital-dom-malanismep<\/a><\/p>\n<p style=\"font-weight: 400;\">\u00a0A Semana de Aleitamento Materno segue no Hospital Dom Malan Ismep at\u00e9 o dia 6 de agosto, com distribui\u00e7\u00e3o de la\u00e7os dourados, s\u00edmbolo do agosto dourado, com exposi\u00e7\u00e3o e com o tradicional \u201cForr\u00f3 do Peito&#8221;, no Espa\u00e7o de Conviv\u00eancia do Hospital Dom Malan.<\/p>\n<p style=\"font-weight: 400;\"><strong>Semana Mundial de Aleitamento Materno<\/strong><\/p>\n<p style=\"font-weight: 400;\">A Semana Mundial de Aleitamento Materno teve in\u00edcio em 1990, num encontro da Organiza\u00e7\u00e3o Mundial de Sa\u00fade com a UNICEF, momento em que foi gerado um documento conhecido como \u201cDeclara\u00e7\u00e3o de Innocenti\u201d. Para cumprir os compromissos assumidos pelos pa\u00edses ap\u00f3s a assinatura deste documento, em 1991 foi fundada a Alian\u00e7a Mundial de A\u00e7\u00e3o Pr\u00f3-Amamenta\u00e7\u00e3o (WABA, sigla em ingl\u00eas). Em 1992, a WABA criou a Semana Mundial de Aleitamento Materno e, todos os anos, define um tema a ser explorado e lan\u00e7a materiais que s\u00e3o traduzidos em 14 idiomas com a participa\u00e7\u00e3o de cerca de 120 pa\u00edses. O m\u00eas de agosto \u00e9 conhecido como Agosto Dourado por simbolizar a luta pelo incentivo \u00e0 amamenta\u00e7\u00e3o \u2013 a cor dourada est\u00e1 relacionada ao padr\u00e3o ouro de qualidade do leite materno<strong>.<\/strong><\/p>\n<p style=\"font-weight: 400;\"><strong>\u00a0<\/strong><\/p>\n<p style=\"font-weight: 400;\">Assessoria de Comunica\u00e7\u00e3o do Hospital Dom Malan &#8211; ISMEP<\/p>\n","protected":false},"excerpt":{"rendered":"<p>O Hospital Dom Malan em Petrolina, Sert\u00e3o de Pernambuco, atrav\u00e9s do Banco de Incentivo e Apoio ao Aleitamento Materno (BIAMA)\u00a0 do HDM, realizar\u00e1 nos dias 02 e 03 de agosto, o II Simp\u00f3sio Regional do Banco de Leite Humano como uma das atividades da Semana Mundial do Aleitamento Materno. Este ano o tema central: \u201cAmamenta\u00e7\u00e3o, apoie em todas as situa\u00e7\u00f5es\u201dque tem como proposta mobilizar\u00e1 a sociedade para melhorar o apoio \u00e0 amamenta\u00e7\u00e3o para todos e, assim, n\u00e3o permitir que as desigualdades ou falta de acesso ao apoio \u00e0 amamenta\u00e7\u00e3o. Programa\u00e7\u00e3o O evento inclui palestras, minicursos e o tradicional mama\u00e7o promovido pelo Biama com m\u00e3es que s\u00e3o assistidas pelo Banco de Leite Humano com v\u00e1rias m\u00e3es amamentando seus beb\u00eas. \u201cPara o&hellip; <\/p>\n","protected":false},"author":2,"featured_media":373736,"comment_status":"open","ping_status":"open","sticky":false,"template":"","format":"standard","meta":{"_acf_changed":false,"footnotes":""},"categories":[4],"tags":[],"class_list":["post-373735","post","type-post","status-publish","format-standard","has-post-thumbnail","hentry","category-saude"],"acf":[],"yoast_head":"<!-- This site is optimized with the Yoast SEO plugin v27.4 - https:\/\/yoast.com\/product\/yoast-seo-wordpress\/ -->\n<title>Biama do Hospital Dom Malan em Petrolina realizar\u00e1 II Simp\u00f3sio de Aleitamento Materno - Blog do Farn\u00e9sio<\/title>\n<meta name=\"robots\" content=\"index, follow, max-snippet:-1, max-image-preview:large, max-video-preview:-1\" \/>\n<link rel=\"canonical\" href=\"https:\/\/blogdofarnesio.com.br\/?p=373735\" \/>\n<meta property=\"og:locale\" content=\"pt_BR\" \/>\n<meta property=\"og:type\" content=\"article\" \/>\n<meta property=\"og:title\" content=\"Biama do Hospital Dom Malan em Petrolina realizar\u00e1 II Simp\u00f3sio de Aleitamento Materno - Blog do Farn\u00e9sio\" \/>\n<meta property=\"og:description\" content=\"O Hospital Dom Malan em Petrolina, Sert\u00e3o de Pernambuco, atrav\u00e9s do Banco de Incentivo e Apoio ao Aleitamento Materno (BIAMA)\u00a0 do HDM, realizar\u00e1 nos dias 02 e 03 de agosto, o II Simp\u00f3sio Regional do Banco de Leite Humano como uma das atividades da Semana Mundial do Aleitamento Materno. Este ano o tema central: \u201cAmamenta\u00e7\u00e3o, apoie em todas as situa\u00e7\u00f5es\u201dque tem como proposta mobilizar\u00e1 a sociedade para melhorar o apoio \u00e0 amamenta\u00e7\u00e3o para todos e, assim, n\u00e3o permitir que as desigualdades ou falta de acesso ao apoio \u00e0 amamenta\u00e7\u00e3o. Programa\u00e7\u00e3o O evento inclui palestras, minicursos e o tradicional mama\u00e7o promovido pelo Biama com m\u00e3es que s\u00e3o assistidas pelo Banco de Leite Humano com v\u00e1rias m\u00e3es amamentando seus beb\u00eas. \u201cPara o&hellip;\" \/>\n<meta property=\"og:url\" content=\"https:\/\/blogdofarnesio.com.br\/?p=373735\" \/>\n<meta property=\"og:site_name\" content=\"Blog do Farn\u00e9sio\" \/>\n<meta property=\"article:publisher\" content=\"https:\/\/www.facebook.com\/BlogQuerSaberPolitica\/\" \/>\n<meta property=\"article:author\" content=\"https:\/\/www.facebook.com\/?ref=tn_tnmn\" \/>\n<meta property=\"article:published_time\" content=\"2024-07-26T12:30:29+00:00\" \/>\n<meta property=\"og:image\" content=\"https:\/\/blogdofarnesio.com.br\/wp-content\/uploads\/2024\/07\/simposio-aleitamento-Biama-2024-e1721933557951.jpeg\" \/>\n\t<meta property=\"og:image:width\" content=\"583\" \/>\n\t<meta property=\"og:image:height\" content=\"235\" \/>\n\t<meta property=\"og:image:type\" content=\"image\/jpeg\" \/>\n<meta name=\"author\" content=\"Farn\u00e9sio\" \/>\n<meta name=\"twitter:card\" content=\"summary_large_image\" \/>\n<meta name=\"twitter:label1\" content=\"Escrito por\" \/>\n\t<meta name=\"twitter:data1\" content=\"Farn\u00e9sio\" \/>\n\t<meta name=\"twitter:label2\" content=\"Est. tempo de leitura\" \/>\n\t<meta name=\"twitter:data2\" content=\"3 minutos\" \/>\n<script type=\"application\/ld+json\" class=\"yoast-schema-graph\">{\"@context\":\"https:\\\/\\\/schema.org\",\"@graph\":[{\"@type\":\"Article\",\"@id\":\"https:\\\/\\\/blogdofarnesio.com.br\\\/?p=373735#article\",\"isPartOf\":{\"@id\":\"https:\\\/\\\/blogdofarnesio.com.br\\\/?p=373735\"},\"author\":{\"name\":\"Farn\u00e9sio\",\"@id\":\"https:\\\/\\\/blogdofarnesio.com.br\\\/#\\\/schema\\\/person\\\/bb9b23ae3ad0609ce8df7b6c9e76824d\"},\"headline\":\"Biama do Hospital Dom Malan em Petrolina realizar\u00e1 II Simp\u00f3sio de Aleitamento Materno\",\"datePublished\":\"2024-07-26T12:30:29+00:00\",\"mainEntityOfPage\":{\"@id\":\"https:\\\/\\\/blogdofarnesio.com.br\\\/?p=373735\"},\"wordCount\":569,\"commentCount\":0,\"publisher\":{\"@id\":\"https:\\\/\\\/blogdofarnesio.com.br\\\/#organization\"},\"image\":{\"@id\":\"https:\\\/\\\/blogdofarnesio.com.br\\\/?p=373735#primaryimage\"},\"thumbnailUrl\":\"https:\\\/\\\/blogdofarnesio.com.br\\\/wp-content\\\/uploads\\\/2024\\\/07\\\/simposio-aleitamento-Biama-2024-e1721933557951.jpeg\",\"articleSection\":[\"Sa\u00fade\"],\"inLanguage\":\"pt-BR\",\"potentialAction\":[{\"@type\":\"CommentAction\",\"name\":\"Comment\",\"target\":[\"https:\\\/\\\/blogdofarnesio.com.br\\\/?p=373735#respond\"]}]},{\"@type\":\"WebPage\",\"@id\":\"https:\\\/\\\/blogdofarnesio.com.br\\\/?p=373735\",\"url\":\"https:\\\/\\\/blogdofarnesio.com.br\\\/?p=373735\",\"name\":\"Biama do Hospital Dom Malan em Petrolina realizar\u00e1 II Simp\u00f3sio de Aleitamento Materno - Blog do Farn\u00e9sio\",\"isPartOf\":{\"@id\":\"https:\\\/\\\/blogdofarnesio.com.br\\\/#website\"},\"primaryImageOfPage\":{\"@id\":\"https:\\\/\\\/blogdofarnesio.com.br\\\/?p=373735#primaryimage\"},\"image\":{\"@id\":\"https:\\\/\\\/blogdofarnesio.com.br\\\/?p=373735#primaryimage\"},\"thumbnailUrl\":\"https:\\\/\\\/blogdofarnesio.com.br\\\/wp-content\\\/uploads\\\/2024\\\/07\\\/simposio-aleitamento-Biama-2024-e1721933557951.jpeg\",\"datePublished\":\"2024-07-26T12:30:29+00:00\",\"breadcrumb\":{\"@id\":\"https:\\\/\\\/blogdofarnesio.com.br\\\/?p=373735#breadcrumb\"},\"inLanguage\":\"pt-BR\",\"potentialAction\":[{\"@type\":\"ReadAction\",\"target\":[\"https:\\\/\\\/blogdofarnesio.com.br\\\/?p=373735\"]}]},{\"@type\":\"ImageObject\",\"inLanguage\":\"pt-BR\",\"@id\":\"https:\\\/\\\/blogdofarnesio.com.br\\\/?p=373735#primaryimage\",\"url\":\"https:\\\/\\\/blogdofarnesio.com.br\\\/wp-content\\\/uploads\\\/2024\\\/07\\\/simposio-aleitamento-Biama-2024-e1721933557951.jpeg\",\"contentUrl\":\"https:\\\/\\\/blogdofarnesio.com.br\\\/wp-content\\\/uploads\\\/2024\\\/07\\\/simposio-aleitamento-Biama-2024-e1721933557951.jpeg\",\"width\":583,\"height\":235},{\"@type\":\"BreadcrumbList\",\"@id\":\"https:\\\/\\\/blogdofarnesio.com.br\\\/?p=373735#breadcrumb\",\"itemListElement\":[{\"@type\":\"ListItem\",\"position\":1,\"name\":\"In\u00edcio\",\"item\":\"https:\\\/\\\/blogdofarnesio.com.br\\\/\"},{\"@type\":\"ListItem\",\"position\":2,\"name\":\"Biama do Hospital Dom Malan em Petrolina realizar\u00e1 II Simp\u00f3sio de Aleitamento Materno\"}]},{\"@type\":\"WebSite\",\"@id\":\"https:\\\/\\\/blogdofarnesio.com.br\\\/#website\",\"url\":\"https:\\\/\\\/blogdofarnesio.com.br\\\/\",\"name\":\"Blog do Farn\u00e9sio\",\"description\":\"Quer Saber Pol\u00edtica?\",\"publisher\":{\"@id\":\"https:\\\/\\\/blogdofarnesio.com.br\\\/#organization\"},\"potentialAction\":[{\"@type\":\"SearchAction\",\"target\":{\"@type\":\"EntryPoint\",\"urlTemplate\":\"https:\\\/\\\/blogdofarnesio.com.br\\\/?s={search_term_string}\"},\"query-input\":{\"@type\":\"PropertyValueSpecification\",\"valueRequired\":true,\"valueName\":\"search_term_string\"}}],\"inLanguage\":\"pt-BR\"},{\"@type\":\"Organization\",\"@id\":\"https:\\\/\\\/blogdofarnesio.com.br\\\/#organization\",\"name\":\"Blog do Farn\u00e9sio\",\"url\":\"https:\\\/\\\/blogdofarnesio.com.br\\\/\",\"logo\":{\"@type\":\"ImageObject\",\"inLanguage\":\"pt-BR\",\"@id\":\"https:\\\/\\\/blogdofarnesio.com.br\\\/#\\\/schema\\\/logo\\\/image\\\/\",\"url\":\"https:\\\/\\\/blogdofarnesio.com.br\\\/wp-content\\\/uploads\\\/2026\\\/03\\\/cropped-logo_new-1.png\",\"contentUrl\":\"https:\\\/\\\/blogdofarnesio.com.br\\\/wp-content\\\/uploads\\\/2026\\\/03\\\/cropped-logo_new-1.png\",\"width\":881,\"height\":685,\"caption\":\"Blog do Farn\u00e9sio\"},\"image\":{\"@id\":\"https:\\\/\\\/blogdofarnesio.com.br\\\/#\\\/schema\\\/logo\\\/image\\\/\"},\"sameAs\":[\"https:\\\/\\\/www.facebook.com\\\/BlogQuerSaberPolitica\\\/\"]},{\"@type\":\"Person\",\"@id\":\"https:\\\/\\\/blogdofarnesio.com.br\\\/#\\\/schema\\\/person\\\/bb9b23ae3ad0609ce8df7b6c9e76824d\",\"name\":\"Farn\u00e9sio\",\"image\":{\"@type\":\"ImageObject\",\"inLanguage\":\"pt-BR\",\"@id\":\"https:\\\/\\\/secure.gravatar.com\\\/avatar\\\/986aa4c61ccdb66f8555bf88fc2a65609d00bcabd4d2d94377a727547345cbca?s=96&d=mm&r=g\",\"url\":\"https:\\\/\\\/secure.gravatar.com\\\/avatar\\\/986aa4c61ccdb66f8555bf88fc2a65609d00bcabd4d2d94377a727547345cbca?s=96&d=mm&r=g\",\"contentUrl\":\"https:\\\/\\\/secure.gravatar.com\\\/avatar\\\/986aa4c61ccdb66f8555bf88fc2a65609d00bcabd4d2d94377a727547345cbca?s=96&d=mm&r=g\",\"caption\":\"Farn\u00e9sio\"},\"description\":\"Radialista blogueiro, chegou a Petrolina\\\/Juazeiro em setembro de 1980, Farn\u00e9sio Silva \u00e9 de Arapiraca-Alagoas.\",\"sameAs\":[\"http:\\\/\\\/blogdofarnesio.com.br\",\"https:\\\/\\\/www.facebook.com\\\/?ref=tn_tnmn\",\"https:\\\/\\\/www.instagram.com\\\/?utm_source=pwa_homescreen\",\"https:\\\/\\\/youtube.com.br\\\/\"],\"url\":\"https:\\\/\\\/blogdofarnesio.com.br\\\/?author=2\"}]}<\/script>\n<!-- \/ Yoast SEO plugin. -->","yoast_head_json":{"title":"Biama do Hospital Dom Malan em Petrolina realizar\u00e1 II Simp\u00f3sio de Aleitamento Materno - Blog do Farn\u00e9sio","robots":{"index":"index","follow":"follow","max-snippet":"max-snippet:-1","max-image-preview":"max-image-preview:large","max-video-preview":"max-video-preview:-1"},"canonical":"https:\/\/blogdofarnesio.com.br\/?p=373735","og_locale":"pt_BR","og_type":"article","og_title":"Biama do Hospital Dom Malan em Petrolina realizar\u00e1 II Simp\u00f3sio de Aleitamento Materno - Blog do Farn\u00e9sio","og_description":"O Hospital Dom Malan em Petrolina, Sert\u00e3o de Pernambuco, atrav\u00e9s do Banco de Incentivo e Apoio ao Aleitamento Materno (BIAMA)\u00a0 do HDM, realizar\u00e1 nos dias 02 e 03 de agosto, o II Simp\u00f3sio Regional do Banco de Leite Humano como uma das atividades da Semana Mundial do Aleitamento Materno. Este ano o tema central: \u201cAmamenta\u00e7\u00e3o, apoie em todas as situa\u00e7\u00f5es\u201dque tem como proposta mobilizar\u00e1 a sociedade para melhorar o apoio \u00e0 amamenta\u00e7\u00e3o para todos e, assim, n\u00e3o permitir que as desigualdades ou falta de acesso ao apoio \u00e0 amamenta\u00e7\u00e3o. Programa\u00e7\u00e3o O evento inclui palestras, minicursos e o tradicional mama\u00e7o promovido pelo Biama com m\u00e3es que s\u00e3o assistidas pelo Banco de Leite Humano com v\u00e1rias m\u00e3es amamentando seus beb\u00eas. \u201cPara o&hellip;","og_url":"https:\/\/blogdofarnesio.com.br\/?p=373735","og_site_name":"Blog do Farn\u00e9sio","article_publisher":"https:\/\/www.facebook.com\/BlogQuerSaberPolitica\/","article_author":"https:\/\/www.facebook.com\/?ref=tn_tnmn","article_published_time":"2024-07-26T12:30:29+00:00","og_image":[{"width":583,"height":235,"url":"https:\/\/blogdofarnesio.com.br\/wp-content\/uploads\/2024\/07\/simposio-aleitamento-Biama-2024-e1721933557951.jpeg","type":"image\/jpeg"}],"author":"Farn\u00e9sio","twitter_card":"summary_large_image","twitter_misc":{"Escrito por":"Farn\u00e9sio","Est. tempo de leitura":"3 minutos"},"schema":{"@context":"https:\/\/schema.org","@graph":[{"@type":"Article","@id":"https:\/\/blogdofarnesio.com.br\/?p=373735#article","isPartOf":{"@id":"https:\/\/blogdofarnesio.com.br\/?p=373735"},"author":{"name":"Farn\u00e9sio","@id":"https:\/\/blogdofarnesio.com.br\/#\/schema\/person\/bb9b23ae3ad0609ce8df7b6c9e76824d"},"headline":"Biama do Hospital Dom Malan em Petrolina realizar\u00e1 II Simp\u00f3sio de Aleitamento Materno","datePublished":"2024-07-26T12:30:29+00:00","mainEntityOfPage":{"@id":"https:\/\/blogdofarnesio.com.br\/?p=373735"},"wordCount":569,"commentCount":0,"publisher":{"@id":"https:\/\/blogdofarnesio.com.br\/#organization"},"image":{"@id":"https:\/\/blogdofarnesio.com.br\/?p=373735#primaryimage"},"thumbnailUrl":"https:\/\/blogdofarnesio.com.br\/wp-content\/uploads\/2024\/07\/simposio-aleitamento-Biama-2024-e1721933557951.jpeg","articleSection":["Sa\u00fade"],"inLanguage":"pt-BR","potentialAction":[{"@type":"CommentAction","name":"Comment","target":["https:\/\/blogdofarnesio.com.br\/?p=373735#respond"]}]},{"@type":"WebPage","@id":"https:\/\/blogdofarnesio.com.br\/?p=373735","url":"https:\/\/blogdofarnesio.com.br\/?p=373735","name":"Biama do Hospital Dom Malan em Petrolina realizar\u00e1 II Simp\u00f3sio de Aleitamento Materno - Blog do Farn\u00e9sio","isPartOf":{"@id":"https:\/\/blogdofarnesio.com.br\/#website"},"primaryImageOfPage":{"@id":"https:\/\/blogdofarnesio.com.br\/?p=373735#primaryimage"},"image":{"@id":"https:\/\/blogdofarnesio.com.br\/?p=373735#primaryimage"},"thumbnailUrl":"https:\/\/blogdofarnesio.com.br\/wp-content\/uploads\/2024\/07\/simposio-aleitamento-Biama-2024-e1721933557951.jpeg","datePublished":"2024-07-26T12:30:29+00:00","breadcrumb":{"@id":"https:\/\/blogdofarnesio.com.br\/?p=373735#breadcrumb"},"inLanguage":"pt-BR","potentialAction":[{"@type":"ReadAction","target":["https:\/\/blogdofarnesio.com.br\/?p=373735"]}]},{"@type":"ImageObject","inLanguage":"pt-BR","@id":"https:\/\/blogdofarnesio.com.br\/?p=373735#primaryimage","url":"https:\/\/blogdofarnesio.com.br\/wp-content\/uploads\/2024\/07\/simposio-aleitamento-Biama-2024-e1721933557951.jpeg","contentUrl":"https:\/\/blogdofarnesio.com.br\/wp-content\/uploads\/2024\/07\/simposio-aleitamento-Biama-2024-e1721933557951.jpeg","width":583,"height":235},{"@type":"BreadcrumbList","@id":"https:\/\/blogdofarnesio.com.br\/?p=373735#breadcrumb","itemListElement":[{"@type":"ListItem","position":1,"name":"In\u00edcio","item":"https:\/\/blogdofarnesio.com.br\/"},{"@type":"ListItem","position":2,"name":"Biama do Hospital Dom Malan em Petrolina realizar\u00e1 II Simp\u00f3sio de Aleitamento Materno"}]},{"@type":"WebSite","@id":"https:\/\/blogdofarnesio.com.br\/#website","url":"https:\/\/blogdofarnesio.com.br\/","name":"Blog do Farn\u00e9sio","description":"Quer Saber Pol\u00edtica?","publisher":{"@id":"https:\/\/blogdofarnesio.com.br\/#organization"},"potentialAction":[{"@type":"SearchAction","target":{"@type":"EntryPoint","urlTemplate":"https:\/\/blogdofarnesio.com.br\/?s={search_term_string}"},"query-input":{"@type":"PropertyValueSpecification","valueRequired":true,"valueName":"search_term_string"}}],"inLanguage":"pt-BR"},{"@type":"Organization","@id":"https:\/\/blogdofarnesio.com.br\/#organization","name":"Blog do Farn\u00e9sio","url":"https:\/\/blogdofarnesio.com.br\/","logo":{"@type":"ImageObject","inLanguage":"pt-BR","@id":"https:\/\/blogdofarnesio.com.br\/#\/schema\/logo\/image\/","url":"https:\/\/blogdofarnesio.com.br\/wp-content\/uploads\/2026\/03\/cropped-logo_new-1.png","contentUrl":"https:\/\/blogdofarnesio.com.br\/wp-content\/uploads\/2026\/03\/cropped-logo_new-1.png","width":881,"height":685,"caption":"Blog do Farn\u00e9sio"},"image":{"@id":"https:\/\/blogdofarnesio.com.br\/#\/schema\/logo\/image\/"},"sameAs":["https:\/\/www.facebook.com\/BlogQuerSaberPolitica\/"]},{"@type":"Person","@id":"https:\/\/blogdofarnesio.com.br\/#\/schema\/person\/bb9b23ae3ad0609ce8df7b6c9e76824d","name":"Farn\u00e9sio","image":{"@type":"ImageObject","inLanguage":"pt-BR","@id":"https:\/\/secure.gravatar.com\/avatar\/986aa4c61ccdb66f8555bf88fc2a65609d00bcabd4d2d94377a727547345cbca?s=96&d=mm&r=g","url":"https:\/\/secure.gravatar.com\/avatar\/986aa4c61ccdb66f8555bf88fc2a65609d00bcabd4d2d94377a727547345cbca?s=96&d=mm&r=g","contentUrl":"https:\/\/secure.gravatar.com\/avatar\/986aa4c61ccdb66f8555bf88fc2a65609d00bcabd4d2d94377a727547345cbca?s=96&d=mm&r=g","caption":"Farn\u00e9sio"},"description":"Radialista blogueiro, chegou a Petrolina\/Juazeiro em setembro de 1980, Farn\u00e9sio Silva \u00e9 de Arapiraca-Alagoas.","sameAs":["http:\/\/blogdofarnesio.com.br","https:\/\/www.facebook.com\/?ref=tn_tnmn","https:\/\/www.instagram.com\/?utm_source=pwa_homescreen","https:\/\/youtube.com.br\/"],"url":"https:\/\/blogdofarnesio.com.br\/?author=2"}]}},"_links":{"self":[{"href":"https:\/\/blogdofarnesio.com.br\/index.php?rest_route=\/wp\/v2\/posts\/373735","targetHints":{"allow":["GET"]}}],"collection":[{"href":"https:\/\/blogdofarnesio.com.br\/index.php?rest_route=\/wp\/v2\/posts"}],"about":[{"href":"https:\/\/blogdofarnesio.com.br\/index.php?rest_route=\/wp\/v2\/types\/post"}],"author":[{"embeddable":true,"href":"https:\/\/blogdofarnesio.com.br\/index.php?rest_route=\/wp\/v2\/users\/2"}],"replies":[{"embeddable":true,"href":"https:\/\/blogdofarnesio.com.br\/index.php?rest_route=%2Fwp%2Fv2%2Fcomments&post=373735"}],"version-history":[{"count":0,"href":"https:\/\/blogdofarnesio.com.br\/index.php?rest_route=\/wp\/v2\/posts\/373735\/revisions"}],"wp:featuredmedia":[{"embeddable":true,"href":"https:\/\/blogdofarnesio.com.br\/index.php?rest_route=\/wp\/v2\/media\/373736"}],"wp:attachment":[{"href":"https:\/\/blogdofarnesio.com.br\/index.php?rest_route=%2Fwp%2Fv2%2Fmedia&parent=373735"}],"wp:term":[{"taxonomy":"category","embeddable":true,"href":"https:\/\/blogdofarnesio.com.br\/index.php?rest_route=%2Fwp%2Fv2%2Fcategories&post=373735"},{"taxonomy":"post_tag","embeddable":true,"href":"https:\/\/blogdofarnesio.com.br\/index.php?rest_route=%2Fwp%2Fv2%2Ftags&post=373735"}],"curies":[{"name":"wp","href":"https:\/\/api.w.org\/{rel}","templated":true}]}}