{"id":373593,"date":"2024-07-24T08:30:35","date_gmt":"2024-07-24T11:30:35","guid":{"rendered":"https:\/\/blogdofarnesio.com.br\/?p=373593"},"modified":"2024-07-23T15:41:46","modified_gmt":"2024-07-23T18:41:46","slug":"uma-cooperativa-entre-o-rio-e-a-historia","status":"publish","type":"post","link":"https:\/\/blogdofarnesio.com.br\/?p=373593","title":{"rendered":"Uma cooperativa, entre o rio e a hist\u00f3ria"},"content":{"rendered":"<p><b>Carlos Laerte &#8211;\u00a0<\/b><\/p>\n<p>Uva branca, vermelha e preta. O Rio S\u00e3o Francisco, o clima, a tecnologia e o cooperativismo, est\u00e3o ajudando a transformar o semi\u00e1rido nordestino num verdadeiro mar de uvas de variado colorido, sabores, croc\u00e2ncia e aromas \u00fanicos. Navegando ao sabor destes ventos favor\u00e1veis, uma cooperativa de produ\u00e7\u00e3o de uvas de mesa sem sementes, de Petrolina, no Vale do S\u00e3o Francisco, vem se revelando pelo exemplo de empreendedorismo, produtividade, desenvolvimento sustent\u00e1vel com equil\u00edbrio ambiental, uni\u00e3o e empoderamento feminino.<\/p>\n<p>A Cooperativa de Produtores Exportadores do Vale do S\u00e3o Francisco (Coopexvale), nasceu h\u00e1 20 anos, da vis\u00e3o empreendedora de 27 produtores rurais, somada \u00e0 necessidade comum de uma estrutura comercial e de log\u00edstica, que fizesse chegar as uvas nos quatro cantos do pa\u00eds. \u201cNo in\u00edcio, enfrentamos dificuldades em todos os sentidos, mas a partir das primeiras opera\u00e7\u00f5es de compra e venda bem-sucedidas tudo foi se ajustando naturalmente\u201c, lembra o presidente da organiza\u00e7\u00e3o, \u00c1lvaro Solano (foto).<\/p>\n<p><img loading=\"lazy\" decoding=\"async\" class=\"aligncenter wp-image-373594 size-full\" src=\"https:\/\/blogdofarnesio.com.br\/wp-content\/uploads\/2024\/07\/Alvaro-Solano-presidente-da-Coopexvale-e1721760036719.jpeg\" alt=\"\" width=\"580\" height=\"435\" \/><\/p>\n<p>Localizada na maior regi\u00e3o produtora de uvas de mesa do Brasil, onde estima-se ter, atualmente, 12 mil hectares em produ\u00e7\u00e3o e responder por cerca de 95% das exporta\u00e7\u00f5es nacionais da fruta, a cooperativa n\u00e3o demorou a chamar a aten\u00e7\u00e3o do mundo. Em 2005, come\u00e7ou a exportar para mercados como os Estados Unidos e Continente Europeu. Atualmente, al\u00e9m destes, s\u00e3o contemplados os mercados da Inglaterra, Holanda, Espanha, Irlanda, Argentina, Canad\u00e1 e Alemanha. No mercado interno, j\u00e1 se consolidaram os sabores inconfund\u00edveis com as marcas: Gota de Mel, Do\u00e7ura do Vale e Uvas do Campo.<\/p>\n<p>Tudo parecia estar em perfeita sintonia, at\u00e9 que chega 2008, e na bagagem, uma forte crise econ\u00f4mica, gerada nos Estados Unidos, com reflexo direto no dia-a-dia dos produtores de frutas do Vale. Com a insatisfa\u00e7\u00e3o generalizada entre os cooperados, tornou-se invi\u00e1vel a comercializa\u00e7\u00e3o das frutas no mercado exterior e alguns cooperados preferiram deixar a organiza\u00e7\u00e3o.<\/p>\n<p>A sa\u00edda de quadros importantes abalou as estruturas e deixou um rastro de inseguran\u00e7a e incertezas no n\u00facleo forte da organiza\u00e7\u00e3o. Mas foi por pouco tempo. Passado o sufoco, n\u00e3o demorou muito para a cooperativa ampliar o n\u00famero de cooperados, retomar investimentos e recuperar o \u00e2nimo do sonho sonhado junto.<\/p>\n<p>A combina\u00e7\u00e3o do clima com as tecnologias de irriga\u00e7\u00e3o, transformou o Vale do S\u00e3o Francisco na \u00fanica regi\u00e3o do mundo capaz de produzir duas safras e meia de uva de mesa por ano. Os parreiras irrigadas com as \u00e1guas fartas e f\u00e9rteis do Velho Chico, s\u00e3o alimentados atrav\u00e9s de uma moderna, eficiente e precisa distribui\u00e7\u00e3o de \u00e1gua.<\/p>\n<p><b>Exemplo de cooperativismo<\/b><\/p>\n<p>Sistemas de irriga\u00e7\u00e3o, a exemplo de gotejamento e microaspers\u00e3o, garantem o controle e a redu\u00e7\u00e3o do consumo da \u00e1gua, aumentando a produtividade e permitindo \u00e0s plantas uma maior absor\u00e7\u00e3o dos nutrientes atrav\u00e9s da fertirriga\u00e7\u00e3o. Acostumadas com a irriga\u00e7\u00e3o controlada, as uvas n\u00e3o suportam \u00e1gua em excesso e sofrem muito nos per\u00edodos chuvosos.<\/p>\n<p>Em novembro de 2022, outro epis\u00f3dio marcou a hist\u00f3ria de uni\u00e3o, tenacidade e determina\u00e7\u00e3o dos associados da Coopexvale. Depois de uma semana de fortes chuvas, com precipita\u00e7\u00f5es de at\u00e9 187 mm em um mesmo dia, seis hectares de parreirais de dois dos cooperados foram ao ch\u00e3o, gerando a possibilidade de um preju\u00edzo inicial de R$ 980 mil, caso n\u00e3o fossem levantados a tempo. O que aconteceu nos dias seguintes passou a ser conhecido como um dos maiores exemplos de cooperativismo em todo pa\u00eds.<\/p>\n<p>Os cooperados se uniram em mutir\u00e3o, e em surpreendentes dois dias e meio de intenso trabalho, conseguiram levantar manualmente os parreirais, planta por planta. O produtor e consultor de uvas Augusto Prado, recorda emocionado da determina\u00e7\u00e3o e altru\u00edsmo de cada um dos seus parceiros durante o duro trabalho bra\u00e7al. \u201cO desespero deu lugar \u00e0 esperan\u00e7a quando a ajuda foi chegando, de perto e de longe, com muita for\u00e7a de vontade e disposi\u00e7\u00e3o, mesmo embaixo de chuva.<\/p>\n<p>Um momento emblem\u00e1tico\u201c. Dif\u00edcil de esquecer e imortalizado pela C\u00e2mara de Vereadores de Petrolina, que concedeu em junho de 2023, por unanimidade, uma Mo\u00e7\u00e3o de Aplausos em reconhecimento ao exemplo de uni\u00e3o, for\u00e7a colaborativa e solidariedade dos fruticultores. O mutir\u00e3o tamb\u00e9m foi largamente divulgado pela imprensa nacional com a publica\u00e7\u00e3o de mat\u00e9rias em grandes ve\u00edculos, a exemplo da webs\u00e9rie Somos Coop na Estrada, apresentada pela jornalista Glenda Kozlowski.<\/p>\n<p><b>Sustentabilidade<\/b><\/p>\n<p>Hoje, 34 cooperados produzem 18 mil toneladas de uvas em uma \u00e1rea de aproximadamente 600 hectares, transformando a Coopexvale na segunda maior produtora de uva da regi\u00e3o e a primeira, entre as cooperativas, com maior produ\u00e7\u00e3o desta fruta no Vale. Um modelo de neg\u00f3cios sustent\u00e1vel e com uma vitalidade econ\u00f4mica financeira que hoje \u00e9 exemplo. A organiza\u00e7\u00e3o cresce aproximadamente 10% ao ano e gera 2.600 empregos diretos.<\/p>\n<p>&nbsp;<\/p>\n<p>Para manter todo esse fluxo em perfeito funcionamento, a sociedade ampliou os investimentos em estrutura, adquirindo 9 c\u00e2maras frias para acondicionamento, 6 t\u00faneis de resfriamento, docas de embarque\/recebimento das uvas e uma grande \u00e1rea para armazenagem. Foram feitos tamb\u00e9m investimentos no setor de vendas para o mercado interno e externo, assessoria e orienta\u00e7\u00e3o na colheita e p\u00f3s-colheita, controle de qualidade da fruta, compra e distribui\u00e7\u00e3o de insumos e embalagens.<\/p>\n<p>&nbsp;<\/p>\n<p>&nbsp;<\/p>\n<p><b>Controle de qualidade<\/b><\/p>\n<p>&nbsp;<\/p>\n<p>&nbsp;<\/p>\n<p>As uvas, colhidas \u00e0 m\u00e3o, cacho a cacho delicadamente, passam por um rigoroso controle de qualidade at\u00e9 a paletiza\u00e7\u00e3o e carregamento no caminh\u00e3o. Entre as variedades produzidas, destacam-se a Arra 15, BRS Vit\u00f3ria, Cherry Crush, Sugar Crisp, Autumn Crisp e Cotton Candy. O resultado de todos esses cuidados vem na forma de uma fruta saud\u00e1vel e sem res\u00edduos. Todos os cooperados obedecem ao protocolo normativo das Boas Pr\u00e1ticas Agr\u00edcolas (BPA), e possuem certifica\u00e7\u00f5es internacionais como o Global G.A.P, GRASP, SMETA\/ SEDEX, al\u00e9m de serem auditados diretamente pelos importadores e supermercados.<\/p>\n<p>&nbsp;<\/p>\n<p>Em paralelo, uma pol\u00edtica de capacita\u00e7\u00e3o e atualiza\u00e7\u00e3o, com a oferta de cursos, treinamentos, participa\u00e7\u00e3o de feiras nacionais e internacionais, mant\u00e9m a equipe em dia com os avan\u00e7os e inova\u00e7\u00f5es tecnol\u00f3gicas do setor, viabilizando ainda a promo\u00e7\u00e3o no trabalho e o crescimento profissional. Exemplo maior dessa estrat\u00e9gia \u00e9 a hist\u00f3ria de vida da colaboradora e gerente geral da cooperativa, Jucileide Vieira. Nascida em Petrolina, ela come\u00e7ou a lida na ro\u00e7a ainda adolescente, como trabalhadora rural em uma empresa produtora de frutas. Depois de v\u00e1rios empregos em atividades distintas da agricultura, Juscy ingressa em 2004 na cooperativa como assistente financeiro. Com o olhar atento de quem acompanhou a organiza\u00e7\u00e3o desde seus primeiros passos, ela marca presen\u00e7a no dia-a-dia dos cooperados em praticamente todas as decis\u00f5es. Seja nos detalhes da produ\u00e7\u00e3o e comercializa\u00e7\u00e3o das uvas ou nas a\u00e7\u00f5es de responsabilidade social.<\/p>\n<p>&nbsp;<\/p>\n<p><b>\u00a0<\/b><\/p>\n<p><b>Cooperativismo<\/b><\/p>\n<p><b>\u00a0<\/b><\/p>\n<p><b>\u00a0<\/b><\/p>\n<p>A Coopexvale participa eventualmente de campanhas e projetos em prol da comunidade, a exemplo das comemora\u00e7\u00f5es do Dia Internacional do Cooperativismo (Dia C), quando s\u00e3o feitas doa\u00e7\u00f5es \u00e0 entidades filantr\u00f3picas de Petrolina. Formada em Administra\u00e7\u00e3o de Empresas e p\u00f3s-graduada em Cooperativismo, Jucicleide Vieira hoje \u00e9 motivo de orgulho para a cooperativa. Todos os pernambucanos a respeitam tamb\u00e9m pelo trabalho exercido como coordenadora da Comiss\u00e3o de Mulheres Cooperativistas de Pernambuco e representante do Estado no Comit\u00ea Nacional do movimento Elas pelo Coop. Conquistas que refletem o empoderamento feminino, ampliando espa\u00e7os e a crescente participa\u00e7\u00e3o da mulher em cargos relevantes e com poder de decis\u00e3o. A hist\u00f3ria da Coopexvale se confunde com a trajet\u00f3ria de cada um dos seus cooperados e colaboradores. Um testamento com as letras todas da palavra cooperar, que une, move, eleva e converte habilidades individuais em resultados coletivos, transformando o doce sabor das uvas num legado de uni\u00e3o e trabalho, entre o Velho Chico e a hist\u00f3ria.<\/p>\n<div id=\"m_303735560563178685x_m_-3303439781421332452m_5542957908795349236m_-8906266336187722754m_3606854355023837302m_-5665625500402881832m_1123949009681992844m_-1947533347390378277m_5331751748118200370m_-1523410865922686620m_-7371910174494750581m_-8403343645772531910m_-4728634398855261870gmail-:1e6\">\n<div id=\"m_303735560563178685x_m_-3303439781421332452m_5542957908795349236m_-8906266336187722754m_3606854355023837302m_-5665625500402881832m_1123949009681992844m_-1947533347390378277m_5331751748118200370m_-1523410865922686620m_-7371910174494750581m_-8403343645772531910m_-4728634398855261870gmail-:17y\">\n<div><\/div>\n<div>\n<\/div>\n<div><b>CLAS Comunica\u00e7\u00e3o &amp; Marketing<\/b><\/div>\n<\/div>\n<\/div>\n","protected":false},"excerpt":{"rendered":"<p>Carlos Laerte &#8211;\u00a0 Uva branca, vermelha e preta. O Rio S\u00e3o Francisco, o clima, a tecnologia e o cooperativismo, est\u00e3o ajudando a transformar o semi\u00e1rido nordestino num verdadeiro mar de uvas de variado colorido, sabores, croc\u00e2ncia e aromas \u00fanicos. Navegando ao sabor destes ventos favor\u00e1veis, uma cooperativa de produ\u00e7\u00e3o de uvas de mesa sem sementes, de Petrolina, no Vale do S\u00e3o Francisco, vem se revelando pelo exemplo de empreendedorismo, produtividade, desenvolvimento sustent\u00e1vel com equil\u00edbrio ambiental, uni\u00e3o e empoderamento feminino. A Cooperativa de Produtores Exportadores do Vale do S\u00e3o Francisco (Coopexvale), nasceu h\u00e1 20 anos, da vis\u00e3o empreendedora de 27 produtores rurais, somada \u00e0 necessidade comum de uma estrutura comercial e de log\u00edstica, que fizesse chegar as uvas nos quatro cantos&hellip; <\/p>\n","protected":false},"author":2,"featured_media":373595,"comment_status":"open","ping_status":"open","sticky":false,"template":"","format":"standard","meta":{"_acf_changed":false,"footnotes":""},"categories":[13],"tags":[],"class_list":["post-373593","post","type-post","status-publish","format-standard","has-post-thumbnail","hentry","category-fruticultura"],"acf":[],"yoast_head":"<!-- This site is optimized with the Yoast SEO plugin v27.4 - https:\/\/yoast.com\/product\/yoast-seo-wordpress\/ -->\n<title>Uma cooperativa, entre o rio e a hist\u00f3ria - Blog do Farn\u00e9sio<\/title>\n<meta name=\"robots\" content=\"index, follow, max-snippet:-1, max-image-preview:large, max-video-preview:-1\" \/>\n<link rel=\"canonical\" href=\"https:\/\/blogdofarnesio.com.br\/?p=373593\" \/>\n<meta property=\"og:locale\" content=\"pt_BR\" \/>\n<meta property=\"og:type\" content=\"article\" \/>\n<meta property=\"og:title\" content=\"Uma cooperativa, entre o rio e a hist\u00f3ria - Blog do Farn\u00e9sio\" \/>\n<meta property=\"og:description\" content=\"Carlos Laerte &#8211;\u00a0 Uva branca, vermelha e preta. O Rio S\u00e3o Francisco, o clima, a tecnologia e o cooperativismo, est\u00e3o ajudando a transformar o semi\u00e1rido nordestino num verdadeiro mar de uvas de variado colorido, sabores, croc\u00e2ncia e aromas \u00fanicos. Navegando ao sabor destes ventos favor\u00e1veis, uma cooperativa de produ\u00e7\u00e3o de uvas de mesa sem sementes, de Petrolina, no Vale do S\u00e3o Francisco, vem se revelando pelo exemplo de empreendedorismo, produtividade, desenvolvimento sustent\u00e1vel com equil\u00edbrio ambiental, uni\u00e3o e empoderamento feminino. A Cooperativa de Produtores Exportadores do Vale do S\u00e3o Francisco (Coopexvale), nasceu h\u00e1 20 anos, da vis\u00e3o empreendedora de 27 produtores rurais, somada \u00e0 necessidade comum de uma estrutura comercial e de log\u00edstica, que fizesse chegar as uvas nos quatro cantos&hellip;\" \/>\n<meta property=\"og:url\" content=\"https:\/\/blogdofarnesio.com.br\/?p=373593\" \/>\n<meta property=\"og:site_name\" content=\"Blog do Farn\u00e9sio\" \/>\n<meta property=\"article:publisher\" content=\"https:\/\/www.facebook.com\/BlogQuerSaberPolitica\/\" \/>\n<meta property=\"article:author\" content=\"https:\/\/www.facebook.com\/?ref=tn_tnmn\" \/>\n<meta property=\"article:published_time\" content=\"2024-07-24T11:30:35+00:00\" \/>\n<meta property=\"og:image\" content=\"https:\/\/blogdofarnesio.com.br\/wp-content\/uploads\/2024\/07\/WhatsApp-Image-2024-07-22-at-17.22.22-e1721759915717.jpeg\" \/>\n\t<meta property=\"og:image:width\" content=\"580\" \/>\n\t<meta property=\"og:image:height\" content=\"358\" \/>\n\t<meta property=\"og:image:type\" content=\"image\/jpeg\" \/>\n<meta name=\"author\" content=\"Farn\u00e9sio\" \/>\n<meta name=\"twitter:card\" content=\"summary_large_image\" \/>\n<meta name=\"twitter:label1\" content=\"Escrito por\" \/>\n\t<meta name=\"twitter:data1\" content=\"Farn\u00e9sio\" \/>\n\t<meta name=\"twitter:label2\" content=\"Est. tempo de leitura\" \/>\n\t<meta name=\"twitter:data2\" content=\"8 minutos\" \/>\n<script type=\"application\/ld+json\" class=\"yoast-schema-graph\">{\"@context\":\"https:\\\/\\\/schema.org\",\"@graph\":[{\"@type\":\"Article\",\"@id\":\"https:\\\/\\\/blogdofarnesio.com.br\\\/?p=373593#article\",\"isPartOf\":{\"@id\":\"https:\\\/\\\/blogdofarnesio.com.br\\\/?p=373593\"},\"author\":{\"name\":\"Farn\u00e9sio\",\"@id\":\"https:\\\/\\\/blogdofarnesio.com.br\\\/#\\\/schema\\\/person\\\/bb9b23ae3ad0609ce8df7b6c9e76824d\"},\"headline\":\"Uma cooperativa, entre o rio e a hist\u00f3ria\",\"datePublished\":\"2024-07-24T11:30:35+00:00\",\"mainEntityOfPage\":{\"@id\":\"https:\\\/\\\/blogdofarnesio.com.br\\\/?p=373593\"},\"wordCount\":1358,\"commentCount\":0,\"publisher\":{\"@id\":\"https:\\\/\\\/blogdofarnesio.com.br\\\/#organization\"},\"image\":{\"@id\":\"https:\\\/\\\/blogdofarnesio.com.br\\\/?p=373593#primaryimage\"},\"thumbnailUrl\":\"https:\\\/\\\/blogdofarnesio.com.br\\\/wp-content\\\/uploads\\\/2024\\\/07\\\/WhatsApp-Image-2024-07-22-at-17.22.22-e1721759915717.jpeg\",\"articleSection\":[\"Fruticultura\"],\"inLanguage\":\"pt-BR\",\"potentialAction\":[{\"@type\":\"CommentAction\",\"name\":\"Comment\",\"target\":[\"https:\\\/\\\/blogdofarnesio.com.br\\\/?p=373593#respond\"]}]},{\"@type\":\"WebPage\",\"@id\":\"https:\\\/\\\/blogdofarnesio.com.br\\\/?p=373593\",\"url\":\"https:\\\/\\\/blogdofarnesio.com.br\\\/?p=373593\",\"name\":\"Uma cooperativa, entre o rio e a hist\u00f3ria - Blog do Farn\u00e9sio\",\"isPartOf\":{\"@id\":\"https:\\\/\\\/blogdofarnesio.com.br\\\/#website\"},\"primaryImageOfPage\":{\"@id\":\"https:\\\/\\\/blogdofarnesio.com.br\\\/?p=373593#primaryimage\"},\"image\":{\"@id\":\"https:\\\/\\\/blogdofarnesio.com.br\\\/?p=373593#primaryimage\"},\"thumbnailUrl\":\"https:\\\/\\\/blogdofarnesio.com.br\\\/wp-content\\\/uploads\\\/2024\\\/07\\\/WhatsApp-Image-2024-07-22-at-17.22.22-e1721759915717.jpeg\",\"datePublished\":\"2024-07-24T11:30:35+00:00\",\"breadcrumb\":{\"@id\":\"https:\\\/\\\/blogdofarnesio.com.br\\\/?p=373593#breadcrumb\"},\"inLanguage\":\"pt-BR\",\"potentialAction\":[{\"@type\":\"ReadAction\",\"target\":[\"https:\\\/\\\/blogdofarnesio.com.br\\\/?p=373593\"]}]},{\"@type\":\"ImageObject\",\"inLanguage\":\"pt-BR\",\"@id\":\"https:\\\/\\\/blogdofarnesio.com.br\\\/?p=373593#primaryimage\",\"url\":\"https:\\\/\\\/blogdofarnesio.com.br\\\/wp-content\\\/uploads\\\/2024\\\/07\\\/WhatsApp-Image-2024-07-22-at-17.22.22-e1721759915717.jpeg\",\"contentUrl\":\"https:\\\/\\\/blogdofarnesio.com.br\\\/wp-content\\\/uploads\\\/2024\\\/07\\\/WhatsApp-Image-2024-07-22-at-17.22.22-e1721759915717.jpeg\",\"width\":580,\"height\":358},{\"@type\":\"BreadcrumbList\",\"@id\":\"https:\\\/\\\/blogdofarnesio.com.br\\\/?p=373593#breadcrumb\",\"itemListElement\":[{\"@type\":\"ListItem\",\"position\":1,\"name\":\"In\u00edcio\",\"item\":\"https:\\\/\\\/blogdofarnesio.com.br\\\/\"},{\"@type\":\"ListItem\",\"position\":2,\"name\":\"Uma cooperativa, entre o rio e a hist\u00f3ria\"}]},{\"@type\":\"WebSite\",\"@id\":\"https:\\\/\\\/blogdofarnesio.com.br\\\/#website\",\"url\":\"https:\\\/\\\/blogdofarnesio.com.br\\\/\",\"name\":\"Blog do Farn\u00e9sio\",\"description\":\"Quer Saber Pol\u00edtica?\",\"publisher\":{\"@id\":\"https:\\\/\\\/blogdofarnesio.com.br\\\/#organization\"},\"potentialAction\":[{\"@type\":\"SearchAction\",\"target\":{\"@type\":\"EntryPoint\",\"urlTemplate\":\"https:\\\/\\\/blogdofarnesio.com.br\\\/?s={search_term_string}\"},\"query-input\":{\"@type\":\"PropertyValueSpecification\",\"valueRequired\":true,\"valueName\":\"search_term_string\"}}],\"inLanguage\":\"pt-BR\"},{\"@type\":\"Organization\",\"@id\":\"https:\\\/\\\/blogdofarnesio.com.br\\\/#organization\",\"name\":\"Blog do Farn\u00e9sio\",\"url\":\"https:\\\/\\\/blogdofarnesio.com.br\\\/\",\"logo\":{\"@type\":\"ImageObject\",\"inLanguage\":\"pt-BR\",\"@id\":\"https:\\\/\\\/blogdofarnesio.com.br\\\/#\\\/schema\\\/logo\\\/image\\\/\",\"url\":\"https:\\\/\\\/blogdofarnesio.com.br\\\/wp-content\\\/uploads\\\/2026\\\/03\\\/cropped-logo_new-1.png\",\"contentUrl\":\"https:\\\/\\\/blogdofarnesio.com.br\\\/wp-content\\\/uploads\\\/2026\\\/03\\\/cropped-logo_new-1.png\",\"width\":881,\"height\":685,\"caption\":\"Blog do Farn\u00e9sio\"},\"image\":{\"@id\":\"https:\\\/\\\/blogdofarnesio.com.br\\\/#\\\/schema\\\/logo\\\/image\\\/\"},\"sameAs\":[\"https:\\\/\\\/www.facebook.com\\\/BlogQuerSaberPolitica\\\/\"]},{\"@type\":\"Person\",\"@id\":\"https:\\\/\\\/blogdofarnesio.com.br\\\/#\\\/schema\\\/person\\\/bb9b23ae3ad0609ce8df7b6c9e76824d\",\"name\":\"Farn\u00e9sio\",\"image\":{\"@type\":\"ImageObject\",\"inLanguage\":\"pt-BR\",\"@id\":\"https:\\\/\\\/secure.gravatar.com\\\/avatar\\\/986aa4c61ccdb66f8555bf88fc2a65609d00bcabd4d2d94377a727547345cbca?s=96&d=mm&r=g\",\"url\":\"https:\\\/\\\/secure.gravatar.com\\\/avatar\\\/986aa4c61ccdb66f8555bf88fc2a65609d00bcabd4d2d94377a727547345cbca?s=96&d=mm&r=g\",\"contentUrl\":\"https:\\\/\\\/secure.gravatar.com\\\/avatar\\\/986aa4c61ccdb66f8555bf88fc2a65609d00bcabd4d2d94377a727547345cbca?s=96&d=mm&r=g\",\"caption\":\"Farn\u00e9sio\"},\"description\":\"Radialista blogueiro, chegou a Petrolina\\\/Juazeiro em setembro de 1980, Farn\u00e9sio Silva \u00e9 de Arapiraca-Alagoas.\",\"sameAs\":[\"http:\\\/\\\/blogdofarnesio.com.br\",\"https:\\\/\\\/www.facebook.com\\\/?ref=tn_tnmn\",\"https:\\\/\\\/www.instagram.com\\\/?utm_source=pwa_homescreen\",\"https:\\\/\\\/youtube.com.br\\\/\"],\"url\":\"https:\\\/\\\/blogdofarnesio.com.br\\\/?author=2\"}]}<\/script>\n<!-- \/ Yoast SEO plugin. -->","yoast_head_json":{"title":"Uma cooperativa, entre o rio e a hist\u00f3ria - Blog do Farn\u00e9sio","robots":{"index":"index","follow":"follow","max-snippet":"max-snippet:-1","max-image-preview":"max-image-preview:large","max-video-preview":"max-video-preview:-1"},"canonical":"https:\/\/blogdofarnesio.com.br\/?p=373593","og_locale":"pt_BR","og_type":"article","og_title":"Uma cooperativa, entre o rio e a hist\u00f3ria - Blog do Farn\u00e9sio","og_description":"Carlos Laerte &#8211;\u00a0 Uva branca, vermelha e preta. O Rio S\u00e3o Francisco, o clima, a tecnologia e o cooperativismo, est\u00e3o ajudando a transformar o semi\u00e1rido nordestino num verdadeiro mar de uvas de variado colorido, sabores, croc\u00e2ncia e aromas \u00fanicos. Navegando ao sabor destes ventos favor\u00e1veis, uma cooperativa de produ\u00e7\u00e3o de uvas de mesa sem sementes, de Petrolina, no Vale do S\u00e3o Francisco, vem se revelando pelo exemplo de empreendedorismo, produtividade, desenvolvimento sustent\u00e1vel com equil\u00edbrio ambiental, uni\u00e3o e empoderamento feminino. A Cooperativa de Produtores Exportadores do Vale do S\u00e3o Francisco (Coopexvale), nasceu h\u00e1 20 anos, da vis\u00e3o empreendedora de 27 produtores rurais, somada \u00e0 necessidade comum de uma estrutura comercial e de log\u00edstica, que fizesse chegar as uvas nos quatro cantos&hellip;","og_url":"https:\/\/blogdofarnesio.com.br\/?p=373593","og_site_name":"Blog do Farn\u00e9sio","article_publisher":"https:\/\/www.facebook.com\/BlogQuerSaberPolitica\/","article_author":"https:\/\/www.facebook.com\/?ref=tn_tnmn","article_published_time":"2024-07-24T11:30:35+00:00","og_image":[{"width":580,"height":358,"url":"https:\/\/blogdofarnesio.com.br\/wp-content\/uploads\/2024\/07\/WhatsApp-Image-2024-07-22-at-17.22.22-e1721759915717.jpeg","type":"image\/jpeg"}],"author":"Farn\u00e9sio","twitter_card":"summary_large_image","twitter_misc":{"Escrito por":"Farn\u00e9sio","Est. tempo de leitura":"8 minutos"},"schema":{"@context":"https:\/\/schema.org","@graph":[{"@type":"Article","@id":"https:\/\/blogdofarnesio.com.br\/?p=373593#article","isPartOf":{"@id":"https:\/\/blogdofarnesio.com.br\/?p=373593"},"author":{"name":"Farn\u00e9sio","@id":"https:\/\/blogdofarnesio.com.br\/#\/schema\/person\/bb9b23ae3ad0609ce8df7b6c9e76824d"},"headline":"Uma cooperativa, entre o rio e a hist\u00f3ria","datePublished":"2024-07-24T11:30:35+00:00","mainEntityOfPage":{"@id":"https:\/\/blogdofarnesio.com.br\/?p=373593"},"wordCount":1358,"commentCount":0,"publisher":{"@id":"https:\/\/blogdofarnesio.com.br\/#organization"},"image":{"@id":"https:\/\/blogdofarnesio.com.br\/?p=373593#primaryimage"},"thumbnailUrl":"https:\/\/blogdofarnesio.com.br\/wp-content\/uploads\/2024\/07\/WhatsApp-Image-2024-07-22-at-17.22.22-e1721759915717.jpeg","articleSection":["Fruticultura"],"inLanguage":"pt-BR","potentialAction":[{"@type":"CommentAction","name":"Comment","target":["https:\/\/blogdofarnesio.com.br\/?p=373593#respond"]}]},{"@type":"WebPage","@id":"https:\/\/blogdofarnesio.com.br\/?p=373593","url":"https:\/\/blogdofarnesio.com.br\/?p=373593","name":"Uma cooperativa, entre o rio e a hist\u00f3ria - Blog do Farn\u00e9sio","isPartOf":{"@id":"https:\/\/blogdofarnesio.com.br\/#website"},"primaryImageOfPage":{"@id":"https:\/\/blogdofarnesio.com.br\/?p=373593#primaryimage"},"image":{"@id":"https:\/\/blogdofarnesio.com.br\/?p=373593#primaryimage"},"thumbnailUrl":"https:\/\/blogdofarnesio.com.br\/wp-content\/uploads\/2024\/07\/WhatsApp-Image-2024-07-22-at-17.22.22-e1721759915717.jpeg","datePublished":"2024-07-24T11:30:35+00:00","breadcrumb":{"@id":"https:\/\/blogdofarnesio.com.br\/?p=373593#breadcrumb"},"inLanguage":"pt-BR","potentialAction":[{"@type":"ReadAction","target":["https:\/\/blogdofarnesio.com.br\/?p=373593"]}]},{"@type":"ImageObject","inLanguage":"pt-BR","@id":"https:\/\/blogdofarnesio.com.br\/?p=373593#primaryimage","url":"https:\/\/blogdofarnesio.com.br\/wp-content\/uploads\/2024\/07\/WhatsApp-Image-2024-07-22-at-17.22.22-e1721759915717.jpeg","contentUrl":"https:\/\/blogdofarnesio.com.br\/wp-content\/uploads\/2024\/07\/WhatsApp-Image-2024-07-22-at-17.22.22-e1721759915717.jpeg","width":580,"height":358},{"@type":"BreadcrumbList","@id":"https:\/\/blogdofarnesio.com.br\/?p=373593#breadcrumb","itemListElement":[{"@type":"ListItem","position":1,"name":"In\u00edcio","item":"https:\/\/blogdofarnesio.com.br\/"},{"@type":"ListItem","position":2,"name":"Uma cooperativa, entre o rio e a hist\u00f3ria"}]},{"@type":"WebSite","@id":"https:\/\/blogdofarnesio.com.br\/#website","url":"https:\/\/blogdofarnesio.com.br\/","name":"Blog do Farn\u00e9sio","description":"Quer Saber Pol\u00edtica?","publisher":{"@id":"https:\/\/blogdofarnesio.com.br\/#organization"},"potentialAction":[{"@type":"SearchAction","target":{"@type":"EntryPoint","urlTemplate":"https:\/\/blogdofarnesio.com.br\/?s={search_term_string}"},"query-input":{"@type":"PropertyValueSpecification","valueRequired":true,"valueName":"search_term_string"}}],"inLanguage":"pt-BR"},{"@type":"Organization","@id":"https:\/\/blogdofarnesio.com.br\/#organization","name":"Blog do Farn\u00e9sio","url":"https:\/\/blogdofarnesio.com.br\/","logo":{"@type":"ImageObject","inLanguage":"pt-BR","@id":"https:\/\/blogdofarnesio.com.br\/#\/schema\/logo\/image\/","url":"https:\/\/blogdofarnesio.com.br\/wp-content\/uploads\/2026\/03\/cropped-logo_new-1.png","contentUrl":"https:\/\/blogdofarnesio.com.br\/wp-content\/uploads\/2026\/03\/cropped-logo_new-1.png","width":881,"height":685,"caption":"Blog do Farn\u00e9sio"},"image":{"@id":"https:\/\/blogdofarnesio.com.br\/#\/schema\/logo\/image\/"},"sameAs":["https:\/\/www.facebook.com\/BlogQuerSaberPolitica\/"]},{"@type":"Person","@id":"https:\/\/blogdofarnesio.com.br\/#\/schema\/person\/bb9b23ae3ad0609ce8df7b6c9e76824d","name":"Farn\u00e9sio","image":{"@type":"ImageObject","inLanguage":"pt-BR","@id":"https:\/\/secure.gravatar.com\/avatar\/986aa4c61ccdb66f8555bf88fc2a65609d00bcabd4d2d94377a727547345cbca?s=96&d=mm&r=g","url":"https:\/\/secure.gravatar.com\/avatar\/986aa4c61ccdb66f8555bf88fc2a65609d00bcabd4d2d94377a727547345cbca?s=96&d=mm&r=g","contentUrl":"https:\/\/secure.gravatar.com\/avatar\/986aa4c61ccdb66f8555bf88fc2a65609d00bcabd4d2d94377a727547345cbca?s=96&d=mm&r=g","caption":"Farn\u00e9sio"},"description":"Radialista blogueiro, chegou a Petrolina\/Juazeiro em setembro de 1980, Farn\u00e9sio Silva \u00e9 de Arapiraca-Alagoas.","sameAs":["http:\/\/blogdofarnesio.com.br","https:\/\/www.facebook.com\/?ref=tn_tnmn","https:\/\/www.instagram.com\/?utm_source=pwa_homescreen","https:\/\/youtube.com.br\/"],"url":"https:\/\/blogdofarnesio.com.br\/?author=2"}]}},"_links":{"self":[{"href":"https:\/\/blogdofarnesio.com.br\/index.php?rest_route=\/wp\/v2\/posts\/373593","targetHints":{"allow":["GET"]}}],"collection":[{"href":"https:\/\/blogdofarnesio.com.br\/index.php?rest_route=\/wp\/v2\/posts"}],"about":[{"href":"https:\/\/blogdofarnesio.com.br\/index.php?rest_route=\/wp\/v2\/types\/post"}],"author":[{"embeddable":true,"href":"https:\/\/blogdofarnesio.com.br\/index.php?rest_route=\/wp\/v2\/users\/2"}],"replies":[{"embeddable":true,"href":"https:\/\/blogdofarnesio.com.br\/index.php?rest_route=%2Fwp%2Fv2%2Fcomments&post=373593"}],"version-history":[{"count":0,"href":"https:\/\/blogdofarnesio.com.br\/index.php?rest_route=\/wp\/v2\/posts\/373593\/revisions"}],"wp:featuredmedia":[{"embeddable":true,"href":"https:\/\/blogdofarnesio.com.br\/index.php?rest_route=\/wp\/v2\/media\/373595"}],"wp:attachment":[{"href":"https:\/\/blogdofarnesio.com.br\/index.php?rest_route=%2Fwp%2Fv2%2Fmedia&parent=373593"}],"wp:term":[{"taxonomy":"category","embeddable":true,"href":"https:\/\/blogdofarnesio.com.br\/index.php?rest_route=%2Fwp%2Fv2%2Fcategories&post=373593"},{"taxonomy":"post_tag","embeddable":true,"href":"https:\/\/blogdofarnesio.com.br\/index.php?rest_route=%2Fwp%2Fv2%2Ftags&post=373593"}],"curies":[{"name":"wp","href":"https:\/\/api.w.org\/{rel}","templated":true}]}}