{"id":372691,"date":"2024-07-09T11:34:51","date_gmt":"2024-07-09T14:34:51","guid":{"rendered":"https:\/\/blogdofarnesio.com.br\/?p=372691"},"modified":"2024-07-09T08:43:25","modified_gmt":"2024-07-09T11:43:25","slug":"servidores-do-ibama-e-icmbio-de-pernambuco-anunciam-greve-para-sexta-12","status":"publish","type":"post","link":"https:\/\/blogdofarnesio.com.br\/?p=372691","title":{"rendered":"Servidores do Ibama e ICMBio de Pernambuco anunciam greve para sexta (12)"},"content":{"rendered":"<div class=\"article-text article-limit-width\">\n<p>Em assembleia realizada na \u00faltima sexta-feira (05), os servidores e servidoras do Ibama e Icmbio de Pernambuco decidiram se unir ao movimento grevista nacional a partir do pr\u00f3ximo dia 12\u00a0de julho (sexta-feira). A decis\u00e3o foi tomada depois que o Superior Tribunal de Justi\u00e7a (STJ) expediu mandado de intima\u00e7\u00e3o determinando que 100% dos servidores\u00a0de cinco \u00e1reas de atua\u00e7\u00e3o dos \u00f3rg\u00e3os ambientais, dos estados que j\u00e1 estavam em greve, retornem ao trabalho.<\/p>\n<p>O Tribunal estabeleceu uma multa di\u00e1ria absurda de R$ 200 mil, que deve ser paga pela Condsef\/Fenadsef, em caso de descumprimento da decis\u00e3o, em uma atitude arbitr\u00e1ria contra o direito de greve protegido pela Constitui\u00e7\u00e3o Federal.<\/p>\n<p>Os(as) servidores(as) de Pernambuco do Ibama e Icmbio ir\u00e3o respeitar a decis\u00e3o. No entanto, todos os trabalhadores e trabalhadoras das \u00e1reas n\u00e3o apontadas pelo STJ para volta imediata ao trabalho, como a \u00e1rea administrativa, a fiscaliza\u00e7\u00e3o ambiental, qualidade ambiental, monitoramento e forma\u00e7\u00f5es ambientais e gest\u00e3o do cadastro t\u00e9cnico federal, ir\u00e3o parar suas atividades.<\/p>\n<p>\u201cEssa \u00e9 a resposta de Pernambuco em rep\u00fadio a decis\u00e3o do STJ. Este estado n\u00e3o poderia ficar de fora de um movimento que defende a reestrutura\u00e7\u00e3o da carreira ambiental, mais investimentos em infraestrutura, concursos p\u00fablicos e a melhoria salarial para a categoria, que tem a sua tabela de vencimentos congelada h\u00e1 20 anos\u201d, comentou o servidor do Ibama e diretor do Sindsep, Eduardo Albuquerque.<\/p>\n<p>As cinco atividades apontadas como essenciais pelo STJ s\u00e3o: licenciamento ambiental, gest\u00e3o de unidades de conserva\u00e7\u00e3o, resgate e reabilita\u00e7\u00e3o da fauna, controle e preven\u00e7\u00e3o de inc\u00eandios florestais e emerg\u00eancias ambientais.<\/p>\n<p>Enquanto parte dos(as) servidores(as) estiver em greve, as funcion\u00e1rias e funcion\u00e1rios p\u00fablicos das \u00e1reas consideradas como essenciais continuar\u00e3o mantendo a opera\u00e7\u00e3o padr\u00e3o. Ou seja, o atendimento presencial, que vem ocorrendo apenas em caso de emerg\u00eancias, continuar\u00e1 reduzido. Al\u00e9m disso, os\u00a0autos de infra\u00e7\u00e3o e concess\u00e3o de licen\u00e7as ambientais est\u00e3o sendo avaliados caso a caso, dentro da mobiliza\u00e7\u00e3o dos \u00f3rg\u00e3os. Al\u00e9m disso, 90% dos chefes de setores j\u00e1 entregaram as suas fun\u00e7\u00f5es administrativas de comando no Ibama.<\/p>\n<p>Durante a assembleia, foram indicados dois nomes, entre os presentes, para o Comando Nacional de Greve: V\u00e2nia Maria Passos dos Santos (Ibama) e\u00a0Ademilde Maria Lopes, a Midinha (ICMBio)<\/p>\n<\/div>\n","protected":false},"excerpt":{"rendered":"<p>Em assembleia realizada na \u00faltima sexta-feira (05), os servidores e servidoras do Ibama e Icmbio de Pernambuco decidiram se unir ao movimento grevista nacional a partir do pr\u00f3ximo dia 12\u00a0de julho (sexta-feira). A decis\u00e3o foi tomada depois que o Superior Tribunal de Justi\u00e7a (STJ) expediu mandado de intima\u00e7\u00e3o determinando que 100% dos servidores\u00a0de cinco \u00e1reas de atua\u00e7\u00e3o dos \u00f3rg\u00e3os ambientais, dos estados que j\u00e1 estavam em greve, retornem ao trabalho. O Tribunal estabeleceu uma multa di\u00e1ria absurda de R$ 200 mil, que deve ser paga pela Condsef\/Fenadsef, em caso de descumprimento da decis\u00e3o, em uma atitude arbitr\u00e1ria contra o direito de greve protegido pela Constitui\u00e7\u00e3o Federal. Os(as) servidores(as) de Pernambuco do Ibama e Icmbio ir\u00e3o respeitar a decis\u00e3o. No entanto,&hellip; <\/p>\n","protected":false},"author":2,"featured_media":372724,"comment_status":"open","ping_status":"open","sticky":false,"template":"","format":"standard","meta":{"_acf_changed":false,"footnotes":""},"categories":[29,19],"tags":[],"class_list":["post-372691","post","type-post","status-publish","format-standard","has-post-thumbnail","hentry","category-meio-ambiente","category-servidores"],"acf":[],"yoast_head":"<!-- This site is optimized with the Yoast SEO plugin v27.4 - https:\/\/yoast.com\/product\/yoast-seo-wordpress\/ -->\n<title>Servidores do Ibama e ICMBio de Pernambuco anunciam greve para sexta (12) - Blog do Farn\u00e9sio<\/title>\n<meta name=\"robots\" content=\"index, follow, max-snippet:-1, max-image-preview:large, max-video-preview:-1\" \/>\n<link rel=\"canonical\" href=\"https:\/\/blogdofarnesio.com.br\/?p=372691\" \/>\n<meta property=\"og:locale\" content=\"pt_BR\" \/>\n<meta property=\"og:type\" content=\"article\" \/>\n<meta property=\"og:title\" content=\"Servidores do Ibama e ICMBio de Pernambuco anunciam greve para sexta (12) - Blog do Farn\u00e9sio\" \/>\n<meta property=\"og:description\" content=\"Em assembleia realizada na \u00faltima sexta-feira (05), os servidores e servidoras do Ibama e Icmbio de Pernambuco decidiram se unir ao movimento grevista nacional a partir do pr\u00f3ximo dia 12\u00a0de julho (sexta-feira). A decis\u00e3o foi tomada depois que o Superior Tribunal de Justi\u00e7a (STJ) expediu mandado de intima\u00e7\u00e3o determinando que 100% dos servidores\u00a0de cinco \u00e1reas de atua\u00e7\u00e3o dos \u00f3rg\u00e3os ambientais, dos estados que j\u00e1 estavam em greve, retornem ao trabalho. O Tribunal estabeleceu uma multa di\u00e1ria absurda de R$ 200 mil, que deve ser paga pela Condsef\/Fenadsef, em caso de descumprimento da decis\u00e3o, em uma atitude arbitr\u00e1ria contra o direito de greve protegido pela Constitui\u00e7\u00e3o Federal. Os(as) servidores(as) de Pernambuco do Ibama e Icmbio ir\u00e3o respeitar a decis\u00e3o. No entanto,&hellip;\" \/>\n<meta property=\"og:url\" content=\"https:\/\/blogdofarnesio.com.br\/?p=372691\" \/>\n<meta property=\"og:site_name\" content=\"Blog do Farn\u00e9sio\" \/>\n<meta property=\"article:publisher\" content=\"https:\/\/www.facebook.com\/BlogQuerSaberPolitica\/\" \/>\n<meta property=\"article:author\" content=\"https:\/\/www.facebook.com\/?ref=tn_tnmn\" \/>\n<meta property=\"article:published_time\" content=\"2024-07-09T14:34:51+00:00\" \/>\n<meta property=\"og:image\" content=\"https:\/\/blogdofarnesio.com.br\/wp-content\/uploads\/2024\/07\/sindsep-ibama-icmbio-pernambuco-entram-greve-nesta-sexta-12-650-e1720479748633.jpg\" \/>\n\t<meta property=\"og:image:width\" content=\"592\" \/>\n\t<meta property=\"og:image:height\" content=\"323\" \/>\n\t<meta property=\"og:image:type\" content=\"image\/jpeg\" \/>\n<meta name=\"author\" content=\"Farn\u00e9sio\" \/>\n<meta name=\"twitter:card\" content=\"summary_large_image\" \/>\n<meta name=\"twitter:label1\" content=\"Escrito por\" \/>\n\t<meta name=\"twitter:data1\" content=\"Farn\u00e9sio\" \/>\n\t<meta name=\"twitter:label2\" content=\"Est. tempo de leitura\" \/>\n\t<meta name=\"twitter:data2\" content=\"3 minutos\" \/>\n<script type=\"application\/ld+json\" class=\"yoast-schema-graph\">{\"@context\":\"https:\\\/\\\/schema.org\",\"@graph\":[{\"@type\":\"Article\",\"@id\":\"https:\\\/\\\/blogdofarnesio.com.br\\\/?p=372691#article\",\"isPartOf\":{\"@id\":\"https:\\\/\\\/blogdofarnesio.com.br\\\/?p=372691\"},\"author\":{\"name\":\"Farn\u00e9sio\",\"@id\":\"https:\\\/\\\/blogdofarnesio.com.br\\\/#\\\/schema\\\/person\\\/bb9b23ae3ad0609ce8df7b6c9e76824d\"},\"headline\":\"Servidores do Ibama e ICMBio de Pernambuco anunciam greve para sexta (12)\",\"datePublished\":\"2024-07-09T14:34:51+00:00\",\"mainEntityOfPage\":{\"@id\":\"https:\\\/\\\/blogdofarnesio.com.br\\\/?p=372691\"},\"wordCount\":416,\"commentCount\":0,\"publisher\":{\"@id\":\"https:\\\/\\\/blogdofarnesio.com.br\\\/#organization\"},\"image\":{\"@id\":\"https:\\\/\\\/blogdofarnesio.com.br\\\/?p=372691#primaryimage\"},\"thumbnailUrl\":\"https:\\\/\\\/blogdofarnesio.com.br\\\/wp-content\\\/uploads\\\/2024\\\/07\\\/sindsep-ibama-icmbio-pernambuco-entram-greve-nesta-sexta-12-650-e1720479748633.jpg\",\"articleSection\":[\"Meio Ambiente\",\"Servidores\"],\"inLanguage\":\"pt-BR\",\"potentialAction\":[{\"@type\":\"CommentAction\",\"name\":\"Comment\",\"target\":[\"https:\\\/\\\/blogdofarnesio.com.br\\\/?p=372691#respond\"]}]},{\"@type\":\"WebPage\",\"@id\":\"https:\\\/\\\/blogdofarnesio.com.br\\\/?p=372691\",\"url\":\"https:\\\/\\\/blogdofarnesio.com.br\\\/?p=372691\",\"name\":\"Servidores do Ibama e ICMBio de Pernambuco anunciam greve para sexta (12) - Blog do Farn\u00e9sio\",\"isPartOf\":{\"@id\":\"https:\\\/\\\/blogdofarnesio.com.br\\\/#website\"},\"primaryImageOfPage\":{\"@id\":\"https:\\\/\\\/blogdofarnesio.com.br\\\/?p=372691#primaryimage\"},\"image\":{\"@id\":\"https:\\\/\\\/blogdofarnesio.com.br\\\/?p=372691#primaryimage\"},\"thumbnailUrl\":\"https:\\\/\\\/blogdofarnesio.com.br\\\/wp-content\\\/uploads\\\/2024\\\/07\\\/sindsep-ibama-icmbio-pernambuco-entram-greve-nesta-sexta-12-650-e1720479748633.jpg\",\"datePublished\":\"2024-07-09T14:34:51+00:00\",\"breadcrumb\":{\"@id\":\"https:\\\/\\\/blogdofarnesio.com.br\\\/?p=372691#breadcrumb\"},\"inLanguage\":\"pt-BR\",\"potentialAction\":[{\"@type\":\"ReadAction\",\"target\":[\"https:\\\/\\\/blogdofarnesio.com.br\\\/?p=372691\"]}]},{\"@type\":\"ImageObject\",\"inLanguage\":\"pt-BR\",\"@id\":\"https:\\\/\\\/blogdofarnesio.com.br\\\/?p=372691#primaryimage\",\"url\":\"https:\\\/\\\/blogdofarnesio.com.br\\\/wp-content\\\/uploads\\\/2024\\\/07\\\/sindsep-ibama-icmbio-pernambuco-entram-greve-nesta-sexta-12-650-e1720479748633.jpg\",\"contentUrl\":\"https:\\\/\\\/blogdofarnesio.com.br\\\/wp-content\\\/uploads\\\/2024\\\/07\\\/sindsep-ibama-icmbio-pernambuco-entram-greve-nesta-sexta-12-650-e1720479748633.jpg\",\"width\":592,\"height\":323},{\"@type\":\"BreadcrumbList\",\"@id\":\"https:\\\/\\\/blogdofarnesio.com.br\\\/?p=372691#breadcrumb\",\"itemListElement\":[{\"@type\":\"ListItem\",\"position\":1,\"name\":\"In\u00edcio\",\"item\":\"https:\\\/\\\/blogdofarnesio.com.br\\\/\"},{\"@type\":\"ListItem\",\"position\":2,\"name\":\"Servidores do Ibama e ICMBio de Pernambuco anunciam greve para sexta (12)\"}]},{\"@type\":\"WebSite\",\"@id\":\"https:\\\/\\\/blogdofarnesio.com.br\\\/#website\",\"url\":\"https:\\\/\\\/blogdofarnesio.com.br\\\/\",\"name\":\"Blog do Farn\u00e9sio\",\"description\":\"Quer Saber Pol\u00edtica?\",\"publisher\":{\"@id\":\"https:\\\/\\\/blogdofarnesio.com.br\\\/#organization\"},\"potentialAction\":[{\"@type\":\"SearchAction\",\"target\":{\"@type\":\"EntryPoint\",\"urlTemplate\":\"https:\\\/\\\/blogdofarnesio.com.br\\\/?s={search_term_string}\"},\"query-input\":{\"@type\":\"PropertyValueSpecification\",\"valueRequired\":true,\"valueName\":\"search_term_string\"}}],\"inLanguage\":\"pt-BR\"},{\"@type\":\"Organization\",\"@id\":\"https:\\\/\\\/blogdofarnesio.com.br\\\/#organization\",\"name\":\"Blog do Farn\u00e9sio\",\"url\":\"https:\\\/\\\/blogdofarnesio.com.br\\\/\",\"logo\":{\"@type\":\"ImageObject\",\"inLanguage\":\"pt-BR\",\"@id\":\"https:\\\/\\\/blogdofarnesio.com.br\\\/#\\\/schema\\\/logo\\\/image\\\/\",\"url\":\"https:\\\/\\\/blogdofarnesio.com.br\\\/wp-content\\\/uploads\\\/2026\\\/03\\\/cropped-logo_new-1.png\",\"contentUrl\":\"https:\\\/\\\/blogdofarnesio.com.br\\\/wp-content\\\/uploads\\\/2026\\\/03\\\/cropped-logo_new-1.png\",\"width\":881,\"height\":685,\"caption\":\"Blog do Farn\u00e9sio\"},\"image\":{\"@id\":\"https:\\\/\\\/blogdofarnesio.com.br\\\/#\\\/schema\\\/logo\\\/image\\\/\"},\"sameAs\":[\"https:\\\/\\\/www.facebook.com\\\/BlogQuerSaberPolitica\\\/\"]},{\"@type\":\"Person\",\"@id\":\"https:\\\/\\\/blogdofarnesio.com.br\\\/#\\\/schema\\\/person\\\/bb9b23ae3ad0609ce8df7b6c9e76824d\",\"name\":\"Farn\u00e9sio\",\"image\":{\"@type\":\"ImageObject\",\"inLanguage\":\"pt-BR\",\"@id\":\"https:\\\/\\\/secure.gravatar.com\\\/avatar\\\/986aa4c61ccdb66f8555bf88fc2a65609d00bcabd4d2d94377a727547345cbca?s=96&d=mm&r=g\",\"url\":\"https:\\\/\\\/secure.gravatar.com\\\/avatar\\\/986aa4c61ccdb66f8555bf88fc2a65609d00bcabd4d2d94377a727547345cbca?s=96&d=mm&r=g\",\"contentUrl\":\"https:\\\/\\\/secure.gravatar.com\\\/avatar\\\/986aa4c61ccdb66f8555bf88fc2a65609d00bcabd4d2d94377a727547345cbca?s=96&d=mm&r=g\",\"caption\":\"Farn\u00e9sio\"},\"description\":\"Radialista blogueiro, chegou a Petrolina\\\/Juazeiro em setembro de 1980, Farn\u00e9sio Silva \u00e9 de Arapiraca-Alagoas.\",\"sameAs\":[\"http:\\\/\\\/blogdofarnesio.com.br\",\"https:\\\/\\\/www.facebook.com\\\/?ref=tn_tnmn\",\"https:\\\/\\\/www.instagram.com\\\/?utm_source=pwa_homescreen\",\"https:\\\/\\\/youtube.com.br\\\/\"],\"url\":\"https:\\\/\\\/blogdofarnesio.com.br\\\/?author=2\"}]}<\/script>\n<!-- \/ Yoast SEO plugin. -->","yoast_head_json":{"title":"Servidores do Ibama e ICMBio de Pernambuco anunciam greve para sexta (12) - Blog do Farn\u00e9sio","robots":{"index":"index","follow":"follow","max-snippet":"max-snippet:-1","max-image-preview":"max-image-preview:large","max-video-preview":"max-video-preview:-1"},"canonical":"https:\/\/blogdofarnesio.com.br\/?p=372691","og_locale":"pt_BR","og_type":"article","og_title":"Servidores do Ibama e ICMBio de Pernambuco anunciam greve para sexta (12) - Blog do Farn\u00e9sio","og_description":"Em assembleia realizada na \u00faltima sexta-feira (05), os servidores e servidoras do Ibama e Icmbio de Pernambuco decidiram se unir ao movimento grevista nacional a partir do pr\u00f3ximo dia 12\u00a0de julho (sexta-feira). A decis\u00e3o foi tomada depois que o Superior Tribunal de Justi\u00e7a (STJ) expediu mandado de intima\u00e7\u00e3o determinando que 100% dos servidores\u00a0de cinco \u00e1reas de atua\u00e7\u00e3o dos \u00f3rg\u00e3os ambientais, dos estados que j\u00e1 estavam em greve, retornem ao trabalho. O Tribunal estabeleceu uma multa di\u00e1ria absurda de R$ 200 mil, que deve ser paga pela Condsef\/Fenadsef, em caso de descumprimento da decis\u00e3o, em uma atitude arbitr\u00e1ria contra o direito de greve protegido pela Constitui\u00e7\u00e3o Federal. Os(as) servidores(as) de Pernambuco do Ibama e Icmbio ir\u00e3o respeitar a decis\u00e3o. No entanto,&hellip;","og_url":"https:\/\/blogdofarnesio.com.br\/?p=372691","og_site_name":"Blog do Farn\u00e9sio","article_publisher":"https:\/\/www.facebook.com\/BlogQuerSaberPolitica\/","article_author":"https:\/\/www.facebook.com\/?ref=tn_tnmn","article_published_time":"2024-07-09T14:34:51+00:00","og_image":[{"width":592,"height":323,"url":"https:\/\/blogdofarnesio.com.br\/wp-content\/uploads\/2024\/07\/sindsep-ibama-icmbio-pernambuco-entram-greve-nesta-sexta-12-650-e1720479748633.jpg","type":"image\/jpeg"}],"author":"Farn\u00e9sio","twitter_card":"summary_large_image","twitter_misc":{"Escrito por":"Farn\u00e9sio","Est. tempo de leitura":"3 minutos"},"schema":{"@context":"https:\/\/schema.org","@graph":[{"@type":"Article","@id":"https:\/\/blogdofarnesio.com.br\/?p=372691#article","isPartOf":{"@id":"https:\/\/blogdofarnesio.com.br\/?p=372691"},"author":{"name":"Farn\u00e9sio","@id":"https:\/\/blogdofarnesio.com.br\/#\/schema\/person\/bb9b23ae3ad0609ce8df7b6c9e76824d"},"headline":"Servidores do Ibama e ICMBio de Pernambuco anunciam greve para sexta (12)","datePublished":"2024-07-09T14:34:51+00:00","mainEntityOfPage":{"@id":"https:\/\/blogdofarnesio.com.br\/?p=372691"},"wordCount":416,"commentCount":0,"publisher":{"@id":"https:\/\/blogdofarnesio.com.br\/#organization"},"image":{"@id":"https:\/\/blogdofarnesio.com.br\/?p=372691#primaryimage"},"thumbnailUrl":"https:\/\/blogdofarnesio.com.br\/wp-content\/uploads\/2024\/07\/sindsep-ibama-icmbio-pernambuco-entram-greve-nesta-sexta-12-650-e1720479748633.jpg","articleSection":["Meio Ambiente","Servidores"],"inLanguage":"pt-BR","potentialAction":[{"@type":"CommentAction","name":"Comment","target":["https:\/\/blogdofarnesio.com.br\/?p=372691#respond"]}]},{"@type":"WebPage","@id":"https:\/\/blogdofarnesio.com.br\/?p=372691","url":"https:\/\/blogdofarnesio.com.br\/?p=372691","name":"Servidores do Ibama e ICMBio de Pernambuco anunciam greve para sexta (12) - Blog do Farn\u00e9sio","isPartOf":{"@id":"https:\/\/blogdofarnesio.com.br\/#website"},"primaryImageOfPage":{"@id":"https:\/\/blogdofarnesio.com.br\/?p=372691#primaryimage"},"image":{"@id":"https:\/\/blogdofarnesio.com.br\/?p=372691#primaryimage"},"thumbnailUrl":"https:\/\/blogdofarnesio.com.br\/wp-content\/uploads\/2024\/07\/sindsep-ibama-icmbio-pernambuco-entram-greve-nesta-sexta-12-650-e1720479748633.jpg","datePublished":"2024-07-09T14:34:51+00:00","breadcrumb":{"@id":"https:\/\/blogdofarnesio.com.br\/?p=372691#breadcrumb"},"inLanguage":"pt-BR","potentialAction":[{"@type":"ReadAction","target":["https:\/\/blogdofarnesio.com.br\/?p=372691"]}]},{"@type":"ImageObject","inLanguage":"pt-BR","@id":"https:\/\/blogdofarnesio.com.br\/?p=372691#primaryimage","url":"https:\/\/blogdofarnesio.com.br\/wp-content\/uploads\/2024\/07\/sindsep-ibama-icmbio-pernambuco-entram-greve-nesta-sexta-12-650-e1720479748633.jpg","contentUrl":"https:\/\/blogdofarnesio.com.br\/wp-content\/uploads\/2024\/07\/sindsep-ibama-icmbio-pernambuco-entram-greve-nesta-sexta-12-650-e1720479748633.jpg","width":592,"height":323},{"@type":"BreadcrumbList","@id":"https:\/\/blogdofarnesio.com.br\/?p=372691#breadcrumb","itemListElement":[{"@type":"ListItem","position":1,"name":"In\u00edcio","item":"https:\/\/blogdofarnesio.com.br\/"},{"@type":"ListItem","position":2,"name":"Servidores do Ibama e ICMBio de Pernambuco anunciam greve para sexta (12)"}]},{"@type":"WebSite","@id":"https:\/\/blogdofarnesio.com.br\/#website","url":"https:\/\/blogdofarnesio.com.br\/","name":"Blog do Farn\u00e9sio","description":"Quer Saber Pol\u00edtica?","publisher":{"@id":"https:\/\/blogdofarnesio.com.br\/#organization"},"potentialAction":[{"@type":"SearchAction","target":{"@type":"EntryPoint","urlTemplate":"https:\/\/blogdofarnesio.com.br\/?s={search_term_string}"},"query-input":{"@type":"PropertyValueSpecification","valueRequired":true,"valueName":"search_term_string"}}],"inLanguage":"pt-BR"},{"@type":"Organization","@id":"https:\/\/blogdofarnesio.com.br\/#organization","name":"Blog do Farn\u00e9sio","url":"https:\/\/blogdofarnesio.com.br\/","logo":{"@type":"ImageObject","inLanguage":"pt-BR","@id":"https:\/\/blogdofarnesio.com.br\/#\/schema\/logo\/image\/","url":"https:\/\/blogdofarnesio.com.br\/wp-content\/uploads\/2026\/03\/cropped-logo_new-1.png","contentUrl":"https:\/\/blogdofarnesio.com.br\/wp-content\/uploads\/2026\/03\/cropped-logo_new-1.png","width":881,"height":685,"caption":"Blog do Farn\u00e9sio"},"image":{"@id":"https:\/\/blogdofarnesio.com.br\/#\/schema\/logo\/image\/"},"sameAs":["https:\/\/www.facebook.com\/BlogQuerSaberPolitica\/"]},{"@type":"Person","@id":"https:\/\/blogdofarnesio.com.br\/#\/schema\/person\/bb9b23ae3ad0609ce8df7b6c9e76824d","name":"Farn\u00e9sio","image":{"@type":"ImageObject","inLanguage":"pt-BR","@id":"https:\/\/secure.gravatar.com\/avatar\/986aa4c61ccdb66f8555bf88fc2a65609d00bcabd4d2d94377a727547345cbca?s=96&d=mm&r=g","url":"https:\/\/secure.gravatar.com\/avatar\/986aa4c61ccdb66f8555bf88fc2a65609d00bcabd4d2d94377a727547345cbca?s=96&d=mm&r=g","contentUrl":"https:\/\/secure.gravatar.com\/avatar\/986aa4c61ccdb66f8555bf88fc2a65609d00bcabd4d2d94377a727547345cbca?s=96&d=mm&r=g","caption":"Farn\u00e9sio"},"description":"Radialista blogueiro, chegou a Petrolina\/Juazeiro em setembro de 1980, Farn\u00e9sio Silva \u00e9 de Arapiraca-Alagoas.","sameAs":["http:\/\/blogdofarnesio.com.br","https:\/\/www.facebook.com\/?ref=tn_tnmn","https:\/\/www.instagram.com\/?utm_source=pwa_homescreen","https:\/\/youtube.com.br\/"],"url":"https:\/\/blogdofarnesio.com.br\/?author=2"}]}},"_links":{"self":[{"href":"https:\/\/blogdofarnesio.com.br\/index.php?rest_route=\/wp\/v2\/posts\/372691","targetHints":{"allow":["GET"]}}],"collection":[{"href":"https:\/\/blogdofarnesio.com.br\/index.php?rest_route=\/wp\/v2\/posts"}],"about":[{"href":"https:\/\/blogdofarnesio.com.br\/index.php?rest_route=\/wp\/v2\/types\/post"}],"author":[{"embeddable":true,"href":"https:\/\/blogdofarnesio.com.br\/index.php?rest_route=\/wp\/v2\/users\/2"}],"replies":[{"embeddable":true,"href":"https:\/\/blogdofarnesio.com.br\/index.php?rest_route=%2Fwp%2Fv2%2Fcomments&post=372691"}],"version-history":[{"count":0,"href":"https:\/\/blogdofarnesio.com.br\/index.php?rest_route=\/wp\/v2\/posts\/372691\/revisions"}],"wp:featuredmedia":[{"embeddable":true,"href":"https:\/\/blogdofarnesio.com.br\/index.php?rest_route=\/wp\/v2\/media\/372724"}],"wp:attachment":[{"href":"https:\/\/blogdofarnesio.com.br\/index.php?rest_route=%2Fwp%2Fv2%2Fmedia&parent=372691"}],"wp:term":[{"taxonomy":"category","embeddable":true,"href":"https:\/\/blogdofarnesio.com.br\/index.php?rest_route=%2Fwp%2Fv2%2Fcategories&post=372691"},{"taxonomy":"post_tag","embeddable":true,"href":"https:\/\/blogdofarnesio.com.br\/index.php?rest_route=%2Fwp%2Fv2%2Ftags&post=372691"}],"curies":[{"name":"wp","href":"https:\/\/api.w.org\/{rel}","templated":true}]}}