{"id":372375,"date":"2024-07-03T17:35:34","date_gmt":"2024-07-03T20:35:34","guid":{"rendered":"https:\/\/blogdofarnesio.com.br\/?p=372375"},"modified":"2024-07-03T17:20:12","modified_gmt":"2024-07-03T20:20:12","slug":"filho-mais-novo-de-bolsonaro-e-exonerado-de-gabinete-no-senado","status":"publish","type":"post","link":"https:\/\/blogdofarnesio.com.br\/?p=372375","title":{"rendered":"Filho mais novo de Bolsonaro \u00e9 exonerado de gabinete no Senado"},"content":{"rendered":"<div class=\"sc-81cf810-1 bYubFg\">\n<div class=\"sc-81cf810-2 hiSMeg\">\n<div class=\"imgCredits\">O filho mais novo do ex-presidente Jair Bolsonaro (PL), Jair Renan foi exonerado nesta segunda-feira (1) do cargo comissionado que ocupava no gabinete do senador bolsonarista Jorge Seif (PL-SC).<\/div>\n<\/div>\n<div class=\"sc-81cf810-3 gCNTHg\">\n<p dir=\"ltr\">De acordo com o\u00a0<a href=\"https:\/\/www.metropoles.com\/colunas\/igor-gadelha\/filhobolsonaro-exonerado-senado\" target=\"_blank\" rel=\"noopener\"><strong>Metr\u00f3poles<\/strong><\/a>, Seif afirmou que Jair Renan foi exonerado para poder discutir as elei\u00e7\u00f5es municipais deste ano, j\u00e1 que deve concorrer \u00e0 vaga de vereador da cidade de Balne\u00e1rio Cambori\u00fa, em Santa Catarina.<\/p>\n<p dir=\"ltr\">A legisla\u00e7\u00e3o eleitoral prev\u00ea que servidores p\u00fablicos, estatut\u00e1rios ou n\u00e3o, precisam se afastar dos cargos tr\u00eas meses antes do primeiro turno do pleito, marcado para 6 de outubro 2024.<\/p>\n<p dir=\"ltr\">Jair Renan ocupava o posto de auxiliar parlamentar desde 2023, com sal\u00e1rio l\u00edquido mensal de R$ 8.400,00. Ele dava expediente no escrit\u00f3rio do Senador em Balne\u00e1rio Cambori\u00fa, onde pretende concorrer a vereador.<\/p>\n<\/div>\n<\/div>\n","protected":false},"excerpt":{"rendered":"<p>O filho mais novo do ex-presidente Jair Bolsonaro (PL), Jair Renan foi exonerado nesta segunda-feira (1) do cargo comissionado que ocupava no gabinete do senador bolsonarista Jorge Seif (PL-SC). De acordo com o\u00a0Metr\u00f3poles, Seif afirmou que Jair Renan foi exonerado para poder discutir as elei\u00e7\u00f5es municipais deste ano, j\u00e1 que deve concorrer \u00e0 vaga de vereador da cidade de Balne\u00e1rio Cambori\u00fa, em Santa Catarina. A legisla\u00e7\u00e3o eleitoral prev\u00ea que servidores p\u00fablicos, estatut\u00e1rios ou n\u00e3o, precisam se afastar dos cargos tr\u00eas meses antes do primeiro turno do pleito, marcado para 6 de outubro 2024. Jair Renan ocupava o posto de auxiliar parlamentar desde 2023, com sal\u00e1rio l\u00edquido mensal de R$ 8.400,00. Ele dava expediente no escrit\u00f3rio do Senador em Balne\u00e1rio Cambori\u00fa,&hellip; <\/p>\n","protected":false},"author":2,"featured_media":372376,"comment_status":"open","ping_status":"open","sticky":false,"template":"","format":"standard","meta":{"_acf_changed":false,"footnotes":""},"categories":[1],"tags":[],"class_list":["post-372375","post","type-post","status-publish","format-standard","has-post-thumbnail","hentry","category-politica"],"acf":[],"yoast_head":"<!-- This site is optimized with the Yoast SEO plugin v27.4 - https:\/\/yoast.com\/product\/yoast-seo-wordpress\/ -->\n<title>Filho mais novo de Bolsonaro \u00e9 exonerado de gabinete no Senado - Blog do Farn\u00e9sio<\/title>\n<meta name=\"robots\" content=\"index, follow, max-snippet:-1, max-image-preview:large, max-video-preview:-1\" \/>\n<link rel=\"canonical\" href=\"https:\/\/blogdofarnesio.com.br\/?p=372375\" \/>\n<meta property=\"og:locale\" content=\"pt_BR\" \/>\n<meta property=\"og:type\" content=\"article\" \/>\n<meta property=\"og:title\" content=\"Filho mais novo de Bolsonaro \u00e9 exonerado de gabinete no Senado - Blog do Farn\u00e9sio\" \/>\n<meta property=\"og:description\" content=\"O filho mais novo do ex-presidente Jair Bolsonaro (PL), Jair Renan foi exonerado nesta segunda-feira (1) do cargo comissionado que ocupava no gabinete do senador bolsonarista Jorge Seif (PL-SC). De acordo com o\u00a0Metr\u00f3poles, Seif afirmou que Jair Renan foi exonerado para poder discutir as elei\u00e7\u00f5es municipais deste ano, j\u00e1 que deve concorrer \u00e0 vaga de vereador da cidade de Balne\u00e1rio Cambori\u00fa, em Santa Catarina. A legisla\u00e7\u00e3o eleitoral prev\u00ea que servidores p\u00fablicos, estatut\u00e1rios ou n\u00e3o, precisam se afastar dos cargos tr\u00eas meses antes do primeiro turno do pleito, marcado para 6 de outubro 2024. Jair Renan ocupava o posto de auxiliar parlamentar desde 2023, com sal\u00e1rio l\u00edquido mensal de R$ 8.400,00. Ele dava expediente no escrit\u00f3rio do Senador em Balne\u00e1rio Cambori\u00fa,&hellip;\" \/>\n<meta property=\"og:url\" content=\"https:\/\/blogdofarnesio.com.br\/?p=372375\" \/>\n<meta property=\"og:site_name\" content=\"Blog do Farn\u00e9sio\" \/>\n<meta property=\"article:publisher\" content=\"https:\/\/www.facebook.com\/BlogQuerSaberPolitica\/\" \/>\n<meta property=\"article:author\" content=\"https:\/\/www.facebook.com\/?ref=tn_tnmn\" \/>\n<meta property=\"article:published_time\" content=\"2024-07-03T20:35:34+00:00\" \/>\n<meta property=\"og:image\" content=\"https:\/\/blogdofarnesio.com.br\/wp-content\/uploads\/2024\/07\/blogqspjair-renam-bolso.jpg\" \/>\n\t<meta property=\"og:image:width\" content=\"580\" \/>\n\t<meta property=\"og:image:height\" content=\"360\" \/>\n\t<meta property=\"og:image:type\" content=\"image\/jpeg\" \/>\n<meta name=\"author\" content=\"Farn\u00e9sio\" \/>\n<meta name=\"twitter:card\" content=\"summary_large_image\" \/>\n<meta name=\"twitter:label1\" content=\"Escrito por\" \/>\n\t<meta name=\"twitter:data1\" content=\"Farn\u00e9sio\" \/>\n\t<meta name=\"twitter:label2\" content=\"Est. tempo de leitura\" \/>\n\t<meta name=\"twitter:data2\" content=\"1 minuto\" \/>\n<script type=\"application\/ld+json\" class=\"yoast-schema-graph\">{\"@context\":\"https:\\\/\\\/schema.org\",\"@graph\":[{\"@type\":\"Article\",\"@id\":\"https:\\\/\\\/blogdofarnesio.com.br\\\/?p=372375#article\",\"isPartOf\":{\"@id\":\"https:\\\/\\\/blogdofarnesio.com.br\\\/?p=372375\"},\"author\":{\"name\":\"Farn\u00e9sio\",\"@id\":\"https:\\\/\\\/blogdofarnesio.com.br\\\/#\\\/schema\\\/person\\\/bb9b23ae3ad0609ce8df7b6c9e76824d\"},\"headline\":\"Filho mais novo de Bolsonaro \u00e9 exonerado de gabinete no Senado\",\"datePublished\":\"2024-07-03T20:35:34+00:00\",\"mainEntityOfPage\":{\"@id\":\"https:\\\/\\\/blogdofarnesio.com.br\\\/?p=372375\"},\"wordCount\":142,\"commentCount\":0,\"publisher\":{\"@id\":\"https:\\\/\\\/blogdofarnesio.com.br\\\/#organization\"},\"image\":{\"@id\":\"https:\\\/\\\/blogdofarnesio.com.br\\\/?p=372375#primaryimage\"},\"thumbnailUrl\":\"https:\\\/\\\/blogdofarnesio.com.br\\\/wp-content\\\/uploads\\\/2024\\\/07\\\/blogqspjair-renam-bolso.jpg\",\"articleSection\":[\"Pol\u00edtica\"],\"inLanguage\":\"pt-BR\",\"potentialAction\":[{\"@type\":\"CommentAction\",\"name\":\"Comment\",\"target\":[\"https:\\\/\\\/blogdofarnesio.com.br\\\/?p=372375#respond\"]}]},{\"@type\":\"WebPage\",\"@id\":\"https:\\\/\\\/blogdofarnesio.com.br\\\/?p=372375\",\"url\":\"https:\\\/\\\/blogdofarnesio.com.br\\\/?p=372375\",\"name\":\"Filho mais novo de Bolsonaro \u00e9 exonerado de gabinete no Senado - Blog do Farn\u00e9sio\",\"isPartOf\":{\"@id\":\"https:\\\/\\\/blogdofarnesio.com.br\\\/#website\"},\"primaryImageOfPage\":{\"@id\":\"https:\\\/\\\/blogdofarnesio.com.br\\\/?p=372375#primaryimage\"},\"image\":{\"@id\":\"https:\\\/\\\/blogdofarnesio.com.br\\\/?p=372375#primaryimage\"},\"thumbnailUrl\":\"https:\\\/\\\/blogdofarnesio.com.br\\\/wp-content\\\/uploads\\\/2024\\\/07\\\/blogqspjair-renam-bolso.jpg\",\"datePublished\":\"2024-07-03T20:35:34+00:00\",\"breadcrumb\":{\"@id\":\"https:\\\/\\\/blogdofarnesio.com.br\\\/?p=372375#breadcrumb\"},\"inLanguage\":\"pt-BR\",\"potentialAction\":[{\"@type\":\"ReadAction\",\"target\":[\"https:\\\/\\\/blogdofarnesio.com.br\\\/?p=372375\"]}]},{\"@type\":\"ImageObject\",\"inLanguage\":\"pt-BR\",\"@id\":\"https:\\\/\\\/blogdofarnesio.com.br\\\/?p=372375#primaryimage\",\"url\":\"https:\\\/\\\/blogdofarnesio.com.br\\\/wp-content\\\/uploads\\\/2024\\\/07\\\/blogqspjair-renam-bolso.jpg\",\"contentUrl\":\"https:\\\/\\\/blogdofarnesio.com.br\\\/wp-content\\\/uploads\\\/2024\\\/07\\\/blogqspjair-renam-bolso.jpg\",\"width\":580,\"height\":360},{\"@type\":\"BreadcrumbList\",\"@id\":\"https:\\\/\\\/blogdofarnesio.com.br\\\/?p=372375#breadcrumb\",\"itemListElement\":[{\"@type\":\"ListItem\",\"position\":1,\"name\":\"In\u00edcio\",\"item\":\"https:\\\/\\\/blogdofarnesio.com.br\\\/\"},{\"@type\":\"ListItem\",\"position\":2,\"name\":\"Filho mais novo de Bolsonaro \u00e9 exonerado de gabinete no Senado\"}]},{\"@type\":\"WebSite\",\"@id\":\"https:\\\/\\\/blogdofarnesio.com.br\\\/#website\",\"url\":\"https:\\\/\\\/blogdofarnesio.com.br\\\/\",\"name\":\"Blog do Farn\u00e9sio\",\"description\":\"Quer Saber Pol\u00edtica?\",\"publisher\":{\"@id\":\"https:\\\/\\\/blogdofarnesio.com.br\\\/#organization\"},\"potentialAction\":[{\"@type\":\"SearchAction\",\"target\":{\"@type\":\"EntryPoint\",\"urlTemplate\":\"https:\\\/\\\/blogdofarnesio.com.br\\\/?s={search_term_string}\"},\"query-input\":{\"@type\":\"PropertyValueSpecification\",\"valueRequired\":true,\"valueName\":\"search_term_string\"}}],\"inLanguage\":\"pt-BR\"},{\"@type\":\"Organization\",\"@id\":\"https:\\\/\\\/blogdofarnesio.com.br\\\/#organization\",\"name\":\"Blog do Farn\u00e9sio\",\"url\":\"https:\\\/\\\/blogdofarnesio.com.br\\\/\",\"logo\":{\"@type\":\"ImageObject\",\"inLanguage\":\"pt-BR\",\"@id\":\"https:\\\/\\\/blogdofarnesio.com.br\\\/#\\\/schema\\\/logo\\\/image\\\/\",\"url\":\"https:\\\/\\\/blogdofarnesio.com.br\\\/wp-content\\\/uploads\\\/2026\\\/03\\\/cropped-logo_new-1.png\",\"contentUrl\":\"https:\\\/\\\/blogdofarnesio.com.br\\\/wp-content\\\/uploads\\\/2026\\\/03\\\/cropped-logo_new-1.png\",\"width\":881,\"height\":685,\"caption\":\"Blog do Farn\u00e9sio\"},\"image\":{\"@id\":\"https:\\\/\\\/blogdofarnesio.com.br\\\/#\\\/schema\\\/logo\\\/image\\\/\"},\"sameAs\":[\"https:\\\/\\\/www.facebook.com\\\/BlogQuerSaberPolitica\\\/\"]},{\"@type\":\"Person\",\"@id\":\"https:\\\/\\\/blogdofarnesio.com.br\\\/#\\\/schema\\\/person\\\/bb9b23ae3ad0609ce8df7b6c9e76824d\",\"name\":\"Farn\u00e9sio\",\"image\":{\"@type\":\"ImageObject\",\"inLanguage\":\"pt-BR\",\"@id\":\"https:\\\/\\\/secure.gravatar.com\\\/avatar\\\/986aa4c61ccdb66f8555bf88fc2a65609d00bcabd4d2d94377a727547345cbca?s=96&d=mm&r=g\",\"url\":\"https:\\\/\\\/secure.gravatar.com\\\/avatar\\\/986aa4c61ccdb66f8555bf88fc2a65609d00bcabd4d2d94377a727547345cbca?s=96&d=mm&r=g\",\"contentUrl\":\"https:\\\/\\\/secure.gravatar.com\\\/avatar\\\/986aa4c61ccdb66f8555bf88fc2a65609d00bcabd4d2d94377a727547345cbca?s=96&d=mm&r=g\",\"caption\":\"Farn\u00e9sio\"},\"description\":\"Radialista blogueiro, chegou a Petrolina\\\/Juazeiro em setembro de 1980, Farn\u00e9sio Silva \u00e9 de Arapiraca-Alagoas.\",\"sameAs\":[\"http:\\\/\\\/blogdofarnesio.com.br\",\"https:\\\/\\\/www.facebook.com\\\/?ref=tn_tnmn\",\"https:\\\/\\\/www.instagram.com\\\/?utm_source=pwa_homescreen\",\"https:\\\/\\\/youtube.com.br\\\/\"],\"url\":\"https:\\\/\\\/blogdofarnesio.com.br\\\/?author=2\"}]}<\/script>\n<!-- \/ Yoast SEO plugin. -->","yoast_head_json":{"title":"Filho mais novo de Bolsonaro \u00e9 exonerado de gabinete no Senado - Blog do Farn\u00e9sio","robots":{"index":"index","follow":"follow","max-snippet":"max-snippet:-1","max-image-preview":"max-image-preview:large","max-video-preview":"max-video-preview:-1"},"canonical":"https:\/\/blogdofarnesio.com.br\/?p=372375","og_locale":"pt_BR","og_type":"article","og_title":"Filho mais novo de Bolsonaro \u00e9 exonerado de gabinete no Senado - Blog do Farn\u00e9sio","og_description":"O filho mais novo do ex-presidente Jair Bolsonaro (PL), Jair Renan foi exonerado nesta segunda-feira (1) do cargo comissionado que ocupava no gabinete do senador bolsonarista Jorge Seif (PL-SC). De acordo com o\u00a0Metr\u00f3poles, Seif afirmou que Jair Renan foi exonerado para poder discutir as elei\u00e7\u00f5es municipais deste ano, j\u00e1 que deve concorrer \u00e0 vaga de vereador da cidade de Balne\u00e1rio Cambori\u00fa, em Santa Catarina. A legisla\u00e7\u00e3o eleitoral prev\u00ea que servidores p\u00fablicos, estatut\u00e1rios ou n\u00e3o, precisam se afastar dos cargos tr\u00eas meses antes do primeiro turno do pleito, marcado para 6 de outubro 2024. Jair Renan ocupava o posto de auxiliar parlamentar desde 2023, com sal\u00e1rio l\u00edquido mensal de R$ 8.400,00. Ele dava expediente no escrit\u00f3rio do Senador em Balne\u00e1rio Cambori\u00fa,&hellip;","og_url":"https:\/\/blogdofarnesio.com.br\/?p=372375","og_site_name":"Blog do Farn\u00e9sio","article_publisher":"https:\/\/www.facebook.com\/BlogQuerSaberPolitica\/","article_author":"https:\/\/www.facebook.com\/?ref=tn_tnmn","article_published_time":"2024-07-03T20:35:34+00:00","og_image":[{"width":580,"height":360,"url":"https:\/\/blogdofarnesio.com.br\/wp-content\/uploads\/2024\/07\/blogqspjair-renam-bolso.jpg","type":"image\/jpeg"}],"author":"Farn\u00e9sio","twitter_card":"summary_large_image","twitter_misc":{"Escrito por":"Farn\u00e9sio","Est. tempo de leitura":"1 minuto"},"schema":{"@context":"https:\/\/schema.org","@graph":[{"@type":"Article","@id":"https:\/\/blogdofarnesio.com.br\/?p=372375#article","isPartOf":{"@id":"https:\/\/blogdofarnesio.com.br\/?p=372375"},"author":{"name":"Farn\u00e9sio","@id":"https:\/\/blogdofarnesio.com.br\/#\/schema\/person\/bb9b23ae3ad0609ce8df7b6c9e76824d"},"headline":"Filho mais novo de Bolsonaro \u00e9 exonerado de gabinete no Senado","datePublished":"2024-07-03T20:35:34+00:00","mainEntityOfPage":{"@id":"https:\/\/blogdofarnesio.com.br\/?p=372375"},"wordCount":142,"commentCount":0,"publisher":{"@id":"https:\/\/blogdofarnesio.com.br\/#organization"},"image":{"@id":"https:\/\/blogdofarnesio.com.br\/?p=372375#primaryimage"},"thumbnailUrl":"https:\/\/blogdofarnesio.com.br\/wp-content\/uploads\/2024\/07\/blogqspjair-renam-bolso.jpg","articleSection":["Pol\u00edtica"],"inLanguage":"pt-BR","potentialAction":[{"@type":"CommentAction","name":"Comment","target":["https:\/\/blogdofarnesio.com.br\/?p=372375#respond"]}]},{"@type":"WebPage","@id":"https:\/\/blogdofarnesio.com.br\/?p=372375","url":"https:\/\/blogdofarnesio.com.br\/?p=372375","name":"Filho mais novo de Bolsonaro \u00e9 exonerado de gabinete no Senado - Blog do Farn\u00e9sio","isPartOf":{"@id":"https:\/\/blogdofarnesio.com.br\/#website"},"primaryImageOfPage":{"@id":"https:\/\/blogdofarnesio.com.br\/?p=372375#primaryimage"},"image":{"@id":"https:\/\/blogdofarnesio.com.br\/?p=372375#primaryimage"},"thumbnailUrl":"https:\/\/blogdofarnesio.com.br\/wp-content\/uploads\/2024\/07\/blogqspjair-renam-bolso.jpg","datePublished":"2024-07-03T20:35:34+00:00","breadcrumb":{"@id":"https:\/\/blogdofarnesio.com.br\/?p=372375#breadcrumb"},"inLanguage":"pt-BR","potentialAction":[{"@type":"ReadAction","target":["https:\/\/blogdofarnesio.com.br\/?p=372375"]}]},{"@type":"ImageObject","inLanguage":"pt-BR","@id":"https:\/\/blogdofarnesio.com.br\/?p=372375#primaryimage","url":"https:\/\/blogdofarnesio.com.br\/wp-content\/uploads\/2024\/07\/blogqspjair-renam-bolso.jpg","contentUrl":"https:\/\/blogdofarnesio.com.br\/wp-content\/uploads\/2024\/07\/blogqspjair-renam-bolso.jpg","width":580,"height":360},{"@type":"BreadcrumbList","@id":"https:\/\/blogdofarnesio.com.br\/?p=372375#breadcrumb","itemListElement":[{"@type":"ListItem","position":1,"name":"In\u00edcio","item":"https:\/\/blogdofarnesio.com.br\/"},{"@type":"ListItem","position":2,"name":"Filho mais novo de Bolsonaro \u00e9 exonerado de gabinete no Senado"}]},{"@type":"WebSite","@id":"https:\/\/blogdofarnesio.com.br\/#website","url":"https:\/\/blogdofarnesio.com.br\/","name":"Blog do Farn\u00e9sio","description":"Quer Saber Pol\u00edtica?","publisher":{"@id":"https:\/\/blogdofarnesio.com.br\/#organization"},"potentialAction":[{"@type":"SearchAction","target":{"@type":"EntryPoint","urlTemplate":"https:\/\/blogdofarnesio.com.br\/?s={search_term_string}"},"query-input":{"@type":"PropertyValueSpecification","valueRequired":true,"valueName":"search_term_string"}}],"inLanguage":"pt-BR"},{"@type":"Organization","@id":"https:\/\/blogdofarnesio.com.br\/#organization","name":"Blog do Farn\u00e9sio","url":"https:\/\/blogdofarnesio.com.br\/","logo":{"@type":"ImageObject","inLanguage":"pt-BR","@id":"https:\/\/blogdofarnesio.com.br\/#\/schema\/logo\/image\/","url":"https:\/\/blogdofarnesio.com.br\/wp-content\/uploads\/2026\/03\/cropped-logo_new-1.png","contentUrl":"https:\/\/blogdofarnesio.com.br\/wp-content\/uploads\/2026\/03\/cropped-logo_new-1.png","width":881,"height":685,"caption":"Blog do Farn\u00e9sio"},"image":{"@id":"https:\/\/blogdofarnesio.com.br\/#\/schema\/logo\/image\/"},"sameAs":["https:\/\/www.facebook.com\/BlogQuerSaberPolitica\/"]},{"@type":"Person","@id":"https:\/\/blogdofarnesio.com.br\/#\/schema\/person\/bb9b23ae3ad0609ce8df7b6c9e76824d","name":"Farn\u00e9sio","image":{"@type":"ImageObject","inLanguage":"pt-BR","@id":"https:\/\/secure.gravatar.com\/avatar\/986aa4c61ccdb66f8555bf88fc2a65609d00bcabd4d2d94377a727547345cbca?s=96&d=mm&r=g","url":"https:\/\/secure.gravatar.com\/avatar\/986aa4c61ccdb66f8555bf88fc2a65609d00bcabd4d2d94377a727547345cbca?s=96&d=mm&r=g","contentUrl":"https:\/\/secure.gravatar.com\/avatar\/986aa4c61ccdb66f8555bf88fc2a65609d00bcabd4d2d94377a727547345cbca?s=96&d=mm&r=g","caption":"Farn\u00e9sio"},"description":"Radialista blogueiro, chegou a Petrolina\/Juazeiro em setembro de 1980, Farn\u00e9sio Silva \u00e9 de Arapiraca-Alagoas.","sameAs":["http:\/\/blogdofarnesio.com.br","https:\/\/www.facebook.com\/?ref=tn_tnmn","https:\/\/www.instagram.com\/?utm_source=pwa_homescreen","https:\/\/youtube.com.br\/"],"url":"https:\/\/blogdofarnesio.com.br\/?author=2"}]}},"_links":{"self":[{"href":"https:\/\/blogdofarnesio.com.br\/index.php?rest_route=\/wp\/v2\/posts\/372375","targetHints":{"allow":["GET"]}}],"collection":[{"href":"https:\/\/blogdofarnesio.com.br\/index.php?rest_route=\/wp\/v2\/posts"}],"about":[{"href":"https:\/\/blogdofarnesio.com.br\/index.php?rest_route=\/wp\/v2\/types\/post"}],"author":[{"embeddable":true,"href":"https:\/\/blogdofarnesio.com.br\/index.php?rest_route=\/wp\/v2\/users\/2"}],"replies":[{"embeddable":true,"href":"https:\/\/blogdofarnesio.com.br\/index.php?rest_route=%2Fwp%2Fv2%2Fcomments&post=372375"}],"version-history":[{"count":0,"href":"https:\/\/blogdofarnesio.com.br\/index.php?rest_route=\/wp\/v2\/posts\/372375\/revisions"}],"wp:featuredmedia":[{"embeddable":true,"href":"https:\/\/blogdofarnesio.com.br\/index.php?rest_route=\/wp\/v2\/media\/372376"}],"wp:attachment":[{"href":"https:\/\/blogdofarnesio.com.br\/index.php?rest_route=%2Fwp%2Fv2%2Fmedia&parent=372375"}],"wp:term":[{"taxonomy":"category","embeddable":true,"href":"https:\/\/blogdofarnesio.com.br\/index.php?rest_route=%2Fwp%2Fv2%2Fcategories&post=372375"},{"taxonomy":"post_tag","embeddable":true,"href":"https:\/\/blogdofarnesio.com.br\/index.php?rest_route=%2Fwp%2Fv2%2Ftags&post=372375"}],"curies":[{"name":"wp","href":"https:\/\/api.w.org\/{rel}","templated":true}]}}