{"id":371776,"date":"2024-06-26T16:04:08","date_gmt":"2024-06-26T19:04:08","guid":{"rendered":"https:\/\/blogdofarnesio.com.br\/?p=371776"},"modified":"2024-06-26T13:26:30","modified_gmt":"2024-06-26T16:26:30","slug":"cantor-ivan-greg-leva-forro-para-alegria-dos-pacientes-e-funcionarios-do-hospital-dom-malan-em-petrolina","status":"publish","type":"post","link":"https:\/\/blogdofarnesio.com.br\/?p=371776","title":{"rendered":"Cantor Ivan Greg leva  forr\u00f3 para alegria dos pacientes e funcion\u00e1rios do Hospital Dom Malan em Petrolina"},"content":{"rendered":"<p style=\"font-weight: 400;\">Um trio p\u00e9 de serra encheu de forr\u00f3 os corredores e alas do Hospital Dom Malan da rede estadual de sa\u00fade em Petrolina, nesta quarta-feira (26). O cantor e sanfoneiro Ivan Greg, estendeu os festejos juninos aos funcion\u00e1rios e pacientes da unidade de sa\u00fade, ganhando o refor\u00e7o no tri\u00e2ngulo da diretora administrativa Ingride Lima. Um talento que a bacharel em gest\u00e3o de pessoas experimentou e gostou. \u201c <em>O que n\u00f3s queremos \u00e9 unir for\u00e7as e talentos para oferecer bem-estar aos nossos pacientes<\/em>, \u201d frisou Ingride.<\/p>\n<p><img loading=\"lazy\" decoding=\"async\" class=\"aligncenter wp-image-371777 size-full\" src=\"https:\/\/blogdofarnesio.com.br\/wp-content\/uploads\/2024\/06\/FESTA-JUNINA-HDM-PACIENTES-FOTO-JANKO-MOURA-e1719419043116.jpeg\" alt=\"\" width=\"520\" height=\"293\" \/><\/p>\n<p style=\"font-weight: 400;\">A equipe do voluntariado do HDM Ismep puxou o arrasta-p\u00e9 e improvisou uma quadrilha junina. \u201c<em>Nosso objetivo \u00e9 trazer a alegria das festas juninas para os pacientes que est\u00e3o internados aqui no hospital e para que os funcion\u00e1rios tamb\u00e9m saiam um pouco da rotina e recebe essa dose de alegria que o forr\u00f3 proporciona, \u201d<\/em>\u00a0ressaltou o coordenador do voluntariado do HDM Ismep, Ruy Holanda.<\/p>\n<p style=\"font-weight: 400;\">A trabalhadora rural, P\u00e2mela Pereira, 24 anos, moradora do Serrote do Urubu, deu \u00e0 luz \u00e0 Isadora de parto prematuro h\u00e1 tr\u00eas dias. \u201c<em>Ela nasceu com 900 gramas e vamos ficar aqui para ela ganhar peso, ficar mais forte. A festa de hoje \u00e9 boa porque n\u00e3o vivenciamos isso em casa porque estamos no hospital. Tivemos um pouco de forr\u00f3,\u201d<\/em>\u00a0comentou.<\/p>\n<p style=\"font-weight: 400;\">Para o Sanfoneiro e cantor Ivan Greg, 43 anos, a m\u00fasica \u00e9 uma comunica\u00e7\u00e3o envolvente em qualquer lugar. \u201c<em>Sempre bom levar m\u00fasica e ver a alegria das pessoas, mesmo que esteja passando por dificuldades, tornando o momento ainda mais especial e emocionante, \u201d\u00a0<\/em>destacou o artista.<\/p>\n<p style=\"font-weight: 400;\">\u201c<em>Pesquisas mostram consistentemente que emo\u00e7\u00f5es positivas, incluindo amor, esperan\u00e7a e alegria podem ajudar no processo de cura. N\u00f3s queremos oferecer momentos assim que contribuam com o bem-estar para os pacientes, \u201d<\/em>\u00a0destacou a diretora geral do Hospital Dom Malan Ismep, Daniele Moreno.<\/p>\n<p style=\"font-weight: 400;\">Assessoria de Comunica\u00e7\u00e3o HDM Ismep<\/p>\n","protected":false},"excerpt":{"rendered":"<p>Um trio p\u00e9 de serra encheu de forr\u00f3 os corredores e alas do Hospital Dom Malan da rede estadual de sa\u00fade em Petrolina, nesta quarta-feira (26). O cantor e sanfoneiro Ivan Greg, estendeu os festejos juninos aos funcion\u00e1rios e pacientes da unidade de sa\u00fade, ganhando o refor\u00e7o no tri\u00e2ngulo da diretora administrativa Ingride Lima. Um talento que a bacharel em gest\u00e3o de pessoas experimentou e gostou. \u201c O que n\u00f3s queremos \u00e9 unir for\u00e7as e talentos para oferecer bem-estar aos nossos pacientes, \u201d frisou Ingride. A equipe do voluntariado do HDM Ismep puxou o arrasta-p\u00e9 e improvisou uma quadrilha junina. \u201cNosso objetivo \u00e9 trazer a alegria das festas juninas para os pacientes que est\u00e3o internados aqui no hospital e para&hellip; <\/p>\n","protected":false},"author":2,"featured_media":371778,"comment_status":"open","ping_status":"open","sticky":false,"template":"","format":"standard","meta":{"_acf_changed":false,"footnotes":""},"categories":[22],"tags":[],"class_list":["post-371776","post","type-post","status-publish","format-standard","has-post-thumbnail","hentry","category-acao-social"],"acf":[],"yoast_head":"<!-- This site is optimized with the Yoast SEO plugin v27.4 - https:\/\/yoast.com\/product\/yoast-seo-wordpress\/ -->\n<title>Cantor Ivan Greg leva forr\u00f3 para alegria dos pacientes e funcion\u00e1rios do Hospital Dom Malan em Petrolina - Blog do Farn\u00e9sio<\/title>\n<meta name=\"robots\" content=\"index, follow, max-snippet:-1, max-image-preview:large, max-video-preview:-1\" \/>\n<link rel=\"canonical\" href=\"https:\/\/blogdofarnesio.com.br\/?p=371776\" \/>\n<meta property=\"og:locale\" content=\"pt_BR\" \/>\n<meta property=\"og:type\" content=\"article\" \/>\n<meta property=\"og:title\" content=\"Cantor Ivan Greg leva forr\u00f3 para alegria dos pacientes e funcion\u00e1rios do Hospital Dom Malan em Petrolina - Blog do Farn\u00e9sio\" \/>\n<meta property=\"og:description\" content=\"Um trio p\u00e9 de serra encheu de forr\u00f3 os corredores e alas do Hospital Dom Malan da rede estadual de sa\u00fade em Petrolina, nesta quarta-feira (26). O cantor e sanfoneiro Ivan Greg, estendeu os festejos juninos aos funcion\u00e1rios e pacientes da unidade de sa\u00fade, ganhando o refor\u00e7o no tri\u00e2ngulo da diretora administrativa Ingride Lima. Um talento que a bacharel em gest\u00e3o de pessoas experimentou e gostou. \u201c O que n\u00f3s queremos \u00e9 unir for\u00e7as e talentos para oferecer bem-estar aos nossos pacientes, \u201d frisou Ingride. A equipe do voluntariado do HDM Ismep puxou o arrasta-p\u00e9 e improvisou uma quadrilha junina. \u201cNosso objetivo \u00e9 trazer a alegria das festas juninas para os pacientes que est\u00e3o internados aqui no hospital e para&hellip;\" \/>\n<meta property=\"og:url\" content=\"https:\/\/blogdofarnesio.com.br\/?p=371776\" \/>\n<meta property=\"og:site_name\" content=\"Blog do Farn\u00e9sio\" \/>\n<meta property=\"article:publisher\" content=\"https:\/\/www.facebook.com\/BlogQuerSaberPolitica\/\" \/>\n<meta property=\"article:author\" content=\"https:\/\/www.facebook.com\/?ref=tn_tnmn\" \/>\n<meta property=\"article:published_time\" content=\"2024-06-26T19:04:08+00:00\" \/>\n<meta property=\"og:image\" content=\"https:\/\/blogdofarnesio.com.br\/wp-content\/uploads\/2024\/06\/FESTA-JUNINA-PACIENTES-HDM-1-e1719419000812.jpeg\" \/>\n\t<meta property=\"og:image:width\" content=\"560\" \/>\n\t<meta property=\"og:image:height\" content=\"415\" \/>\n\t<meta property=\"og:image:type\" content=\"image\/jpeg\" \/>\n<meta name=\"author\" content=\"Farn\u00e9sio\" \/>\n<meta name=\"twitter:card\" content=\"summary_large_image\" \/>\n<meta name=\"twitter:label1\" content=\"Escrito por\" \/>\n\t<meta name=\"twitter:data1\" content=\"Farn\u00e9sio\" \/>\n\t<meta name=\"twitter:label2\" content=\"Est. tempo de leitura\" \/>\n\t<meta name=\"twitter:data2\" content=\"3 minutos\" \/>\n<script type=\"application\/ld+json\" class=\"yoast-schema-graph\">{\"@context\":\"https:\\\/\\\/schema.org\",\"@graph\":[{\"@type\":\"Article\",\"@id\":\"https:\\\/\\\/blogdofarnesio.com.br\\\/?p=371776#article\",\"isPartOf\":{\"@id\":\"https:\\\/\\\/blogdofarnesio.com.br\\\/?p=371776\"},\"author\":{\"name\":\"Farn\u00e9sio\",\"@id\":\"https:\\\/\\\/blogdofarnesio.com.br\\\/#\\\/schema\\\/person\\\/bb9b23ae3ad0609ce8df7b6c9e76824d\"},\"headline\":\"Cantor Ivan Greg leva forr\u00f3 para alegria dos pacientes e funcion\u00e1rios do Hospital Dom Malan em Petrolina\",\"datePublished\":\"2024-06-26T19:04:08+00:00\",\"mainEntityOfPage\":{\"@id\":\"https:\\\/\\\/blogdofarnesio.com.br\\\/?p=371776\"},\"wordCount\":328,\"commentCount\":0,\"publisher\":{\"@id\":\"https:\\\/\\\/blogdofarnesio.com.br\\\/#organization\"},\"image\":{\"@id\":\"https:\\\/\\\/blogdofarnesio.com.br\\\/?p=371776#primaryimage\"},\"thumbnailUrl\":\"https:\\\/\\\/blogdofarnesio.com.br\\\/wp-content\\\/uploads\\\/2024\\\/06\\\/FESTA-JUNINA-PACIENTES-HDM-1-e1719419000812.jpeg\",\"articleSection\":[\"A\u00e7\u00e3o Social\"],\"inLanguage\":\"pt-BR\",\"potentialAction\":[{\"@type\":\"CommentAction\",\"name\":\"Comment\",\"target\":[\"https:\\\/\\\/blogdofarnesio.com.br\\\/?p=371776#respond\"]}]},{\"@type\":\"WebPage\",\"@id\":\"https:\\\/\\\/blogdofarnesio.com.br\\\/?p=371776\",\"url\":\"https:\\\/\\\/blogdofarnesio.com.br\\\/?p=371776\",\"name\":\"Cantor Ivan Greg leva forr\u00f3 para alegria dos pacientes e funcion\u00e1rios do Hospital Dom Malan em Petrolina - Blog do Farn\u00e9sio\",\"isPartOf\":{\"@id\":\"https:\\\/\\\/blogdofarnesio.com.br\\\/#website\"},\"primaryImageOfPage\":{\"@id\":\"https:\\\/\\\/blogdofarnesio.com.br\\\/?p=371776#primaryimage\"},\"image\":{\"@id\":\"https:\\\/\\\/blogdofarnesio.com.br\\\/?p=371776#primaryimage\"},\"thumbnailUrl\":\"https:\\\/\\\/blogdofarnesio.com.br\\\/wp-content\\\/uploads\\\/2024\\\/06\\\/FESTA-JUNINA-PACIENTES-HDM-1-e1719419000812.jpeg\",\"datePublished\":\"2024-06-26T19:04:08+00:00\",\"breadcrumb\":{\"@id\":\"https:\\\/\\\/blogdofarnesio.com.br\\\/?p=371776#breadcrumb\"},\"inLanguage\":\"pt-BR\",\"potentialAction\":[{\"@type\":\"ReadAction\",\"target\":[\"https:\\\/\\\/blogdofarnesio.com.br\\\/?p=371776\"]}]},{\"@type\":\"ImageObject\",\"inLanguage\":\"pt-BR\",\"@id\":\"https:\\\/\\\/blogdofarnesio.com.br\\\/?p=371776#primaryimage\",\"url\":\"https:\\\/\\\/blogdofarnesio.com.br\\\/wp-content\\\/uploads\\\/2024\\\/06\\\/FESTA-JUNINA-PACIENTES-HDM-1-e1719419000812.jpeg\",\"contentUrl\":\"https:\\\/\\\/blogdofarnesio.com.br\\\/wp-content\\\/uploads\\\/2024\\\/06\\\/FESTA-JUNINA-PACIENTES-HDM-1-e1719419000812.jpeg\",\"width\":560,\"height\":415},{\"@type\":\"BreadcrumbList\",\"@id\":\"https:\\\/\\\/blogdofarnesio.com.br\\\/?p=371776#breadcrumb\",\"itemListElement\":[{\"@type\":\"ListItem\",\"position\":1,\"name\":\"In\u00edcio\",\"item\":\"https:\\\/\\\/blogdofarnesio.com.br\\\/\"},{\"@type\":\"ListItem\",\"position\":2,\"name\":\"Cantor Ivan Greg leva forr\u00f3 para alegria dos pacientes e funcion\u00e1rios do Hospital Dom Malan em Petrolina\"}]},{\"@type\":\"WebSite\",\"@id\":\"https:\\\/\\\/blogdofarnesio.com.br\\\/#website\",\"url\":\"https:\\\/\\\/blogdofarnesio.com.br\\\/\",\"name\":\"Blog do Farn\u00e9sio\",\"description\":\"Quer Saber Pol\u00edtica?\",\"publisher\":{\"@id\":\"https:\\\/\\\/blogdofarnesio.com.br\\\/#organization\"},\"potentialAction\":[{\"@type\":\"SearchAction\",\"target\":{\"@type\":\"EntryPoint\",\"urlTemplate\":\"https:\\\/\\\/blogdofarnesio.com.br\\\/?s={search_term_string}\"},\"query-input\":{\"@type\":\"PropertyValueSpecification\",\"valueRequired\":true,\"valueName\":\"search_term_string\"}}],\"inLanguage\":\"pt-BR\"},{\"@type\":\"Organization\",\"@id\":\"https:\\\/\\\/blogdofarnesio.com.br\\\/#organization\",\"name\":\"Blog do Farn\u00e9sio\",\"url\":\"https:\\\/\\\/blogdofarnesio.com.br\\\/\",\"logo\":{\"@type\":\"ImageObject\",\"inLanguage\":\"pt-BR\",\"@id\":\"https:\\\/\\\/blogdofarnesio.com.br\\\/#\\\/schema\\\/logo\\\/image\\\/\",\"url\":\"https:\\\/\\\/blogdofarnesio.com.br\\\/wp-content\\\/uploads\\\/2026\\\/03\\\/cropped-logo_new-1.png\",\"contentUrl\":\"https:\\\/\\\/blogdofarnesio.com.br\\\/wp-content\\\/uploads\\\/2026\\\/03\\\/cropped-logo_new-1.png\",\"width\":881,\"height\":685,\"caption\":\"Blog do Farn\u00e9sio\"},\"image\":{\"@id\":\"https:\\\/\\\/blogdofarnesio.com.br\\\/#\\\/schema\\\/logo\\\/image\\\/\"},\"sameAs\":[\"https:\\\/\\\/www.facebook.com\\\/BlogQuerSaberPolitica\\\/\"]},{\"@type\":\"Person\",\"@id\":\"https:\\\/\\\/blogdofarnesio.com.br\\\/#\\\/schema\\\/person\\\/bb9b23ae3ad0609ce8df7b6c9e76824d\",\"name\":\"Farn\u00e9sio\",\"image\":{\"@type\":\"ImageObject\",\"inLanguage\":\"pt-BR\",\"@id\":\"https:\\\/\\\/secure.gravatar.com\\\/avatar\\\/986aa4c61ccdb66f8555bf88fc2a65609d00bcabd4d2d94377a727547345cbca?s=96&d=mm&r=g\",\"url\":\"https:\\\/\\\/secure.gravatar.com\\\/avatar\\\/986aa4c61ccdb66f8555bf88fc2a65609d00bcabd4d2d94377a727547345cbca?s=96&d=mm&r=g\",\"contentUrl\":\"https:\\\/\\\/secure.gravatar.com\\\/avatar\\\/986aa4c61ccdb66f8555bf88fc2a65609d00bcabd4d2d94377a727547345cbca?s=96&d=mm&r=g\",\"caption\":\"Farn\u00e9sio\"},\"description\":\"Radialista blogueiro, chegou a Petrolina\\\/Juazeiro em setembro de 1980, Farn\u00e9sio Silva \u00e9 de Arapiraca-Alagoas.\",\"sameAs\":[\"http:\\\/\\\/blogdofarnesio.com.br\",\"https:\\\/\\\/www.facebook.com\\\/?ref=tn_tnmn\",\"https:\\\/\\\/www.instagram.com\\\/?utm_source=pwa_homescreen\",\"https:\\\/\\\/youtube.com.br\\\/\"],\"url\":\"https:\\\/\\\/blogdofarnesio.com.br\\\/?author=2\"}]}<\/script>\n<!-- \/ Yoast SEO plugin. -->","yoast_head_json":{"title":"Cantor Ivan Greg leva forr\u00f3 para alegria dos pacientes e funcion\u00e1rios do Hospital Dom Malan em Petrolina - Blog do Farn\u00e9sio","robots":{"index":"index","follow":"follow","max-snippet":"max-snippet:-1","max-image-preview":"max-image-preview:large","max-video-preview":"max-video-preview:-1"},"canonical":"https:\/\/blogdofarnesio.com.br\/?p=371776","og_locale":"pt_BR","og_type":"article","og_title":"Cantor Ivan Greg leva forr\u00f3 para alegria dos pacientes e funcion\u00e1rios do Hospital Dom Malan em Petrolina - Blog do Farn\u00e9sio","og_description":"Um trio p\u00e9 de serra encheu de forr\u00f3 os corredores e alas do Hospital Dom Malan da rede estadual de sa\u00fade em Petrolina, nesta quarta-feira (26). O cantor e sanfoneiro Ivan Greg, estendeu os festejos juninos aos funcion\u00e1rios e pacientes da unidade de sa\u00fade, ganhando o refor\u00e7o no tri\u00e2ngulo da diretora administrativa Ingride Lima. Um talento que a bacharel em gest\u00e3o de pessoas experimentou e gostou. \u201c O que n\u00f3s queremos \u00e9 unir for\u00e7as e talentos para oferecer bem-estar aos nossos pacientes, \u201d frisou Ingride. A equipe do voluntariado do HDM Ismep puxou o arrasta-p\u00e9 e improvisou uma quadrilha junina. \u201cNosso objetivo \u00e9 trazer a alegria das festas juninas para os pacientes que est\u00e3o internados aqui no hospital e para&hellip;","og_url":"https:\/\/blogdofarnesio.com.br\/?p=371776","og_site_name":"Blog do Farn\u00e9sio","article_publisher":"https:\/\/www.facebook.com\/BlogQuerSaberPolitica\/","article_author":"https:\/\/www.facebook.com\/?ref=tn_tnmn","article_published_time":"2024-06-26T19:04:08+00:00","og_image":[{"width":560,"height":415,"url":"https:\/\/blogdofarnesio.com.br\/wp-content\/uploads\/2024\/06\/FESTA-JUNINA-PACIENTES-HDM-1-e1719419000812.jpeg","type":"image\/jpeg"}],"author":"Farn\u00e9sio","twitter_card":"summary_large_image","twitter_misc":{"Escrito por":"Farn\u00e9sio","Est. tempo de leitura":"3 minutos"},"schema":{"@context":"https:\/\/schema.org","@graph":[{"@type":"Article","@id":"https:\/\/blogdofarnesio.com.br\/?p=371776#article","isPartOf":{"@id":"https:\/\/blogdofarnesio.com.br\/?p=371776"},"author":{"name":"Farn\u00e9sio","@id":"https:\/\/blogdofarnesio.com.br\/#\/schema\/person\/bb9b23ae3ad0609ce8df7b6c9e76824d"},"headline":"Cantor Ivan Greg leva forr\u00f3 para alegria dos pacientes e funcion\u00e1rios do Hospital Dom Malan em Petrolina","datePublished":"2024-06-26T19:04:08+00:00","mainEntityOfPage":{"@id":"https:\/\/blogdofarnesio.com.br\/?p=371776"},"wordCount":328,"commentCount":0,"publisher":{"@id":"https:\/\/blogdofarnesio.com.br\/#organization"},"image":{"@id":"https:\/\/blogdofarnesio.com.br\/?p=371776#primaryimage"},"thumbnailUrl":"https:\/\/blogdofarnesio.com.br\/wp-content\/uploads\/2024\/06\/FESTA-JUNINA-PACIENTES-HDM-1-e1719419000812.jpeg","articleSection":["A\u00e7\u00e3o Social"],"inLanguage":"pt-BR","potentialAction":[{"@type":"CommentAction","name":"Comment","target":["https:\/\/blogdofarnesio.com.br\/?p=371776#respond"]}]},{"@type":"WebPage","@id":"https:\/\/blogdofarnesio.com.br\/?p=371776","url":"https:\/\/blogdofarnesio.com.br\/?p=371776","name":"Cantor Ivan Greg leva forr\u00f3 para alegria dos pacientes e funcion\u00e1rios do Hospital Dom Malan em Petrolina - Blog do Farn\u00e9sio","isPartOf":{"@id":"https:\/\/blogdofarnesio.com.br\/#website"},"primaryImageOfPage":{"@id":"https:\/\/blogdofarnesio.com.br\/?p=371776#primaryimage"},"image":{"@id":"https:\/\/blogdofarnesio.com.br\/?p=371776#primaryimage"},"thumbnailUrl":"https:\/\/blogdofarnesio.com.br\/wp-content\/uploads\/2024\/06\/FESTA-JUNINA-PACIENTES-HDM-1-e1719419000812.jpeg","datePublished":"2024-06-26T19:04:08+00:00","breadcrumb":{"@id":"https:\/\/blogdofarnesio.com.br\/?p=371776#breadcrumb"},"inLanguage":"pt-BR","potentialAction":[{"@type":"ReadAction","target":["https:\/\/blogdofarnesio.com.br\/?p=371776"]}]},{"@type":"ImageObject","inLanguage":"pt-BR","@id":"https:\/\/blogdofarnesio.com.br\/?p=371776#primaryimage","url":"https:\/\/blogdofarnesio.com.br\/wp-content\/uploads\/2024\/06\/FESTA-JUNINA-PACIENTES-HDM-1-e1719419000812.jpeg","contentUrl":"https:\/\/blogdofarnesio.com.br\/wp-content\/uploads\/2024\/06\/FESTA-JUNINA-PACIENTES-HDM-1-e1719419000812.jpeg","width":560,"height":415},{"@type":"BreadcrumbList","@id":"https:\/\/blogdofarnesio.com.br\/?p=371776#breadcrumb","itemListElement":[{"@type":"ListItem","position":1,"name":"In\u00edcio","item":"https:\/\/blogdofarnesio.com.br\/"},{"@type":"ListItem","position":2,"name":"Cantor Ivan Greg leva forr\u00f3 para alegria dos pacientes e funcion\u00e1rios do Hospital Dom Malan em Petrolina"}]},{"@type":"WebSite","@id":"https:\/\/blogdofarnesio.com.br\/#website","url":"https:\/\/blogdofarnesio.com.br\/","name":"Blog do Farn\u00e9sio","description":"Quer Saber Pol\u00edtica?","publisher":{"@id":"https:\/\/blogdofarnesio.com.br\/#organization"},"potentialAction":[{"@type":"SearchAction","target":{"@type":"EntryPoint","urlTemplate":"https:\/\/blogdofarnesio.com.br\/?s={search_term_string}"},"query-input":{"@type":"PropertyValueSpecification","valueRequired":true,"valueName":"search_term_string"}}],"inLanguage":"pt-BR"},{"@type":"Organization","@id":"https:\/\/blogdofarnesio.com.br\/#organization","name":"Blog do Farn\u00e9sio","url":"https:\/\/blogdofarnesio.com.br\/","logo":{"@type":"ImageObject","inLanguage":"pt-BR","@id":"https:\/\/blogdofarnesio.com.br\/#\/schema\/logo\/image\/","url":"https:\/\/blogdofarnesio.com.br\/wp-content\/uploads\/2026\/03\/cropped-logo_new-1.png","contentUrl":"https:\/\/blogdofarnesio.com.br\/wp-content\/uploads\/2026\/03\/cropped-logo_new-1.png","width":881,"height":685,"caption":"Blog do Farn\u00e9sio"},"image":{"@id":"https:\/\/blogdofarnesio.com.br\/#\/schema\/logo\/image\/"},"sameAs":["https:\/\/www.facebook.com\/BlogQuerSaberPolitica\/"]},{"@type":"Person","@id":"https:\/\/blogdofarnesio.com.br\/#\/schema\/person\/bb9b23ae3ad0609ce8df7b6c9e76824d","name":"Farn\u00e9sio","image":{"@type":"ImageObject","inLanguage":"pt-BR","@id":"https:\/\/secure.gravatar.com\/avatar\/986aa4c61ccdb66f8555bf88fc2a65609d00bcabd4d2d94377a727547345cbca?s=96&d=mm&r=g","url":"https:\/\/secure.gravatar.com\/avatar\/986aa4c61ccdb66f8555bf88fc2a65609d00bcabd4d2d94377a727547345cbca?s=96&d=mm&r=g","contentUrl":"https:\/\/secure.gravatar.com\/avatar\/986aa4c61ccdb66f8555bf88fc2a65609d00bcabd4d2d94377a727547345cbca?s=96&d=mm&r=g","caption":"Farn\u00e9sio"},"description":"Radialista blogueiro, chegou a Petrolina\/Juazeiro em setembro de 1980, Farn\u00e9sio Silva \u00e9 de Arapiraca-Alagoas.","sameAs":["http:\/\/blogdofarnesio.com.br","https:\/\/www.facebook.com\/?ref=tn_tnmn","https:\/\/www.instagram.com\/?utm_source=pwa_homescreen","https:\/\/youtube.com.br\/"],"url":"https:\/\/blogdofarnesio.com.br\/?author=2"}]}},"_links":{"self":[{"href":"https:\/\/blogdofarnesio.com.br\/index.php?rest_route=\/wp\/v2\/posts\/371776","targetHints":{"allow":["GET"]}}],"collection":[{"href":"https:\/\/blogdofarnesio.com.br\/index.php?rest_route=\/wp\/v2\/posts"}],"about":[{"href":"https:\/\/blogdofarnesio.com.br\/index.php?rest_route=\/wp\/v2\/types\/post"}],"author":[{"embeddable":true,"href":"https:\/\/blogdofarnesio.com.br\/index.php?rest_route=\/wp\/v2\/users\/2"}],"replies":[{"embeddable":true,"href":"https:\/\/blogdofarnesio.com.br\/index.php?rest_route=%2Fwp%2Fv2%2Fcomments&post=371776"}],"version-history":[{"count":0,"href":"https:\/\/blogdofarnesio.com.br\/index.php?rest_route=\/wp\/v2\/posts\/371776\/revisions"}],"wp:featuredmedia":[{"embeddable":true,"href":"https:\/\/blogdofarnesio.com.br\/index.php?rest_route=\/wp\/v2\/media\/371778"}],"wp:attachment":[{"href":"https:\/\/blogdofarnesio.com.br\/index.php?rest_route=%2Fwp%2Fv2%2Fmedia&parent=371776"}],"wp:term":[{"taxonomy":"category","embeddable":true,"href":"https:\/\/blogdofarnesio.com.br\/index.php?rest_route=%2Fwp%2Fv2%2Fcategories&post=371776"},{"taxonomy":"post_tag","embeddable":true,"href":"https:\/\/blogdofarnesio.com.br\/index.php?rest_route=%2Fwp%2Fv2%2Ftags&post=371776"}],"curies":[{"name":"wp","href":"https:\/\/api.w.org\/{rel}","templated":true}]}}