{"id":371539,"date":"2024-06-24T08:30:21","date_gmt":"2024-06-24T11:30:21","guid":{"rendered":"https:\/\/blogdofarnesio.com.br\/?p=371539"},"modified":"2024-06-22T10:46:39","modified_gmt":"2024-06-22T13:46:39","slug":"qual-a-origem-do-dia-de-sao-joao-saiba-mais-sobre-a-historia-da-festa-junina-2","status":"publish","type":"post","link":"https:\/\/blogdofarnesio.com.br\/?p=371539","title":{"rendered":"Qual a origem do Dia de S\u00e3o Jo\u00e3o? Saiba mais sobre a hist\u00f3ria da Festa Junina"},"content":{"rendered":"<header>\n<h2 class=\"description\"><em>Festividade religiosa da Pen\u00ednsula Ib\u00e9rica chegou ao Brasil com a coloniza\u00e7\u00e3o e incorporou elementos da cultura popular<\/em><\/h2>\n<div class=\"details-bar\">\n<div class=\"author-time\">\n<div class=\"place translated-links\">\n<p>O Dia de S\u00e3o Jo\u00e3o, marcado pelas tradicionais festas juninas nesta segunda feira (24), tem origem na religiosidade da Pen\u00ednsula Ib\u00e9rica. Ao chegar no Brasil com a coloniza\u00e7\u00e3o portuguesa, diversos elementos da cultura popular, como as <a href=\"http:\/\/www.brasildefatope.com.br\/2021\/06\/24\/festas-juninas-celebram-a-gastronomia-nordestina-e-o-milho\">comidas t\u00edpicas da colheita do milho nessa \u00e9poca do ano<\/a>, passaram a fazer parte da celebra\u00e7\u00e3o dos santos do m\u00eas de junho.<\/p>\n<p>Segundo a Igreja Cat\u00f3lica, S\u00e3o Jo\u00e3o \u00e9 na verdade Jo\u00e3o Batista. O personagem b\u00edblico \u00e9 considerado pela cren\u00e7a o precursor de Jesus e o \u00faltimo dos profetas. Jo\u00e3o Batista anunciou a chegada de Jesus Cristo e o batizou nas \u00e1guas do Rio Jord\u00e3o. Sua m\u00e3e, Santa Isabel, e Maria M\u00e3e de Jesus seriam primas.<\/p>\n<\/div>\n<\/div>\n<\/div>\n<figure>\n<div class=\"img-container\"><img decoding=\"async\" src=\"https:\/\/images02.brasildefato.com.br\/6ceb58dd777b2f12a9417e7a0e3d3338.jpeg\" alt=\"\" \/><\/div><figcaption>A homenagem aos santos juninos come\u00e7a com Santo Ant\u00f4nio, o santo casamenteiro, no dia 13 de junho &#8211; CNT- Divulga\u00e7\u00e3o<\/figcaption><\/figure>\n<\/header>\n<div class=\"content\">\n<div class=\"text-content\">\n<p>A homenagem aos santos juninos come\u00e7a com Santo Ant\u00f4nio, o santo casamenteiro, no dia 13 de junho. Depois, o nascimento de S\u00e3o Jo\u00e3o \u00e9 celebrado pela liturgia no dia 24; e S\u00e3o Pedro, no dia 29 de junho, encerra o m\u00eas de festejos acompanhados por dan\u00e7as, fogueiras e culin\u00e1ria t\u00edpica.<\/p>\n<p>A fogueira de S\u00e3o Jo\u00e3o, um dos principais s\u00edmbolos da festa junina, \u00e9 acesa na noite do dia 23 de junho e preparada para queimar durante v\u00e1rios dias de festa. Na cren\u00e7a cat\u00f3lica, a m\u00e3e de Jo\u00e3o Batista teria acendido uma fogueira no alto de uma montanha para avisar Maria sobre o nascimento de Jo\u00e3o.<\/p>\n<p><a href=\"https:\/\/www.brasildefato.com.br\/2023\/06\/15\/chegada-dos-festejos-de-sao-joao-aumenta-a-procura-por-aulas-de-forro-em-cidades-do-nordeste\" target=\"_blank\" rel=\"noopener\">::\u00a0Chegada dos festejos de S\u00e3o Jo\u00e3o aumenta a procura por aulas de forr\u00f3 em cidades do Nordeste\u00a0::<\/a><\/p>\n<p class=\"ckeditor-img-caption\"><img decoding=\"async\" src=\"https:\/\/images02.brasildefato.com.br\/3278ed4d3ca23fd6825099acd5de0e58.jpeg\" \/><br \/>\nRitmo que embala as festas do m\u00eas de junho, forr\u00f3 \u00e9 patrim\u00f4nio cultural imaterial do Brasil \/ Arnaldo Felix\/Prefeitura de Caruaru<\/p>\n<p>Outra origem da tradi\u00e7\u00e3o junina \u00e9 a pag\u00e3, ou seja, anterior ao cristianismo. As celebra\u00e7\u00f5es homenageavam deuses da natureza e da fertilidade.<\/p>\n<p>A \u00e9poca da festividade teria rela\u00e7\u00e3o com o solst\u00edcio de ver\u00e3o, que ocorre em junho no hemisf\u00e9rio norte. J\u00e1 no Brasil, com a chegada do solst\u00edcio de inverno, a fogueira aquece e simboliza a uni\u00e3o das pessoas ao seu redor.<\/p>\n<p>H\u00e1 registros anteriores \u00e0 Idade M\u00e9dia de povos camponeses em volta de fogueiras para agradecer a boa colheita e pedir prote\u00e7\u00e3o contra maus esp\u00edritos. O costume de acender grandes fogueiras nessa \u00e9poca do ano teria sido incorporado pelo cristianismo nas festas juninas. Assim, a Igreja Cat\u00f3lica passou a adotar um tipo de fogueira para cada santo popular, sendo a redonda de S\u00e3o Jo\u00e3o, quadrada de Santo Ant\u00f4nio, e a triangular de S\u00e3o Pedro.<\/p>\n<p>Trazida de Portugal como \u201cFesta Joanina\u201d, em refer\u00eancia a Jo\u00e3o Batista, logo as festas juninas ca\u00edram no gosto popular, principalmente no Nordeste.\u00a0 A cultura e o modo de vida do interior s\u00e3o protagonistas das festas de junho, que tamb\u00e9m \u00e9 sin\u00f4nimo de mesa farta.<\/p>\n<p>Tanto \u00e9 que Luiz Gonzaga eternizou na m\u00fasica \u201cA Festa do Milho\u201d, a import\u00e2ncia do cultivo a tempo de festejar o S\u00e3o Jo\u00e3o com pamonha e canjica. \u201cO sertanejo festeja \/ A grande festa do milho \/ Alegre igual a mam\u00e3e \/ De ver voltar o seu filho\u201d, canta o Rei do Bai\u00e3o.<\/p>\n<p>Para al\u00e9m dos significados religiosos, a influ\u00eancia de diversas culturas e cren\u00e7as faz da tradi\u00e7\u00e3o das festas juninas uma das maiores manifesta\u00e7\u00f5es folcl\u00f3ricas do pa\u00eds. No Nordeste, Campina Grande, na Para\u00edba, e Caruaru, em Pernambuco, rivalizam entre si o t\u00edtulo de &#8220;maior S\u00e3o Jo\u00e3o do mundo&#8221;, e a data \u00e9 considerada feriado.<\/p>\n<p><strong>Fonte:\u00a0<\/strong><a href=\"https:\/\/www.brasildefatorj.com.br\/2023\/06\/21\/qual-a-origem-do-dia-de-sao-joao-saiba-mais-sobre-a-historia-e-simbolismos-da-festa-junina\" target=\"_blank\" rel=\"noopener\">BdF Rio de Janeiro<\/a><\/p>\n<p class=\"editor\">Edi\u00e7\u00e3o: Cl\u00edvia Mesquita<\/p>\n<\/div>\n<\/div>\n","protected":false},"excerpt":{"rendered":"<p>Festividade religiosa da Pen\u00ednsula Ib\u00e9rica chegou ao Brasil com a coloniza\u00e7\u00e3o e incorporou elementos da cultura popular O Dia de S\u00e3o Jo\u00e3o, marcado pelas tradicionais festas juninas nesta segunda feira (24), tem origem na religiosidade da Pen\u00ednsula Ib\u00e9rica. Ao chegar no Brasil com a coloniza\u00e7\u00e3o portuguesa, diversos elementos da cultura popular, como as comidas t\u00edpicas da colheita do milho nessa \u00e9poca do ano, passaram a fazer parte da celebra\u00e7\u00e3o dos santos do m\u00eas de junho. Segundo a Igreja Cat\u00f3lica, S\u00e3o Jo\u00e3o \u00e9 na verdade Jo\u00e3o Batista. O personagem b\u00edblico \u00e9 considerado pela cren\u00e7a o precursor de Jesus e o \u00faltimo dos profetas. Jo\u00e3o Batista anunciou a chegada de Jesus Cristo e o batizou nas \u00e1guas do Rio Jord\u00e3o. Sua m\u00e3e,&hellip; <\/p>\n","protected":false},"author":2,"featured_media":166318,"comment_status":"open","ping_status":"open","sticky":false,"template":"","format":"standard","meta":{"_acf_changed":false,"footnotes":""},"categories":[43],"tags":[],"class_list":["post-371539","post","type-post","status-publish","format-standard","has-post-thumbnail","hentry","category-sem-categoria"],"acf":[],"yoast_head":"<!-- This site is optimized with the Yoast SEO plugin v27.4 - https:\/\/yoast.com\/product\/yoast-seo-wordpress\/ -->\n<title>Qual a origem do Dia de S\u00e3o Jo\u00e3o? Saiba mais sobre a hist\u00f3ria da Festa Junina - Blog do Farn\u00e9sio<\/title>\n<meta name=\"robots\" content=\"index, follow, max-snippet:-1, max-image-preview:large, max-video-preview:-1\" \/>\n<link rel=\"canonical\" href=\"https:\/\/blogdofarnesio.com.br\/?p=371539\" \/>\n<meta property=\"og:locale\" content=\"pt_BR\" \/>\n<meta property=\"og:type\" content=\"article\" \/>\n<meta property=\"og:title\" content=\"Qual a origem do Dia de S\u00e3o Jo\u00e3o? Saiba mais sobre a hist\u00f3ria da Festa Junina - Blog do Farn\u00e9sio\" \/>\n<meta property=\"og:description\" content=\"Festividade religiosa da Pen\u00ednsula Ib\u00e9rica chegou ao Brasil com a coloniza\u00e7\u00e3o e incorporou elementos da cultura popular O Dia de S\u00e3o Jo\u00e3o, marcado pelas tradicionais festas juninas nesta segunda feira (24), tem origem na religiosidade da Pen\u00ednsula Ib\u00e9rica. Ao chegar no Brasil com a coloniza\u00e7\u00e3o portuguesa, diversos elementos da cultura popular, como as comidas t\u00edpicas da colheita do milho nessa \u00e9poca do ano, passaram a fazer parte da celebra\u00e7\u00e3o dos santos do m\u00eas de junho. Segundo a Igreja Cat\u00f3lica, S\u00e3o Jo\u00e3o \u00e9 na verdade Jo\u00e3o Batista. O personagem b\u00edblico \u00e9 considerado pela cren\u00e7a o precursor de Jesus e o \u00faltimo dos profetas. Jo\u00e3o Batista anunciou a chegada de Jesus Cristo e o batizou nas \u00e1guas do Rio Jord\u00e3o. Sua m\u00e3e,&hellip;\" \/>\n<meta property=\"og:url\" content=\"https:\/\/blogdofarnesio.com.br\/?p=371539\" \/>\n<meta property=\"og:site_name\" content=\"Blog do Farn\u00e9sio\" \/>\n<meta property=\"article:publisher\" content=\"https:\/\/www.facebook.com\/BlogQuerSaberPolitica\/\" \/>\n<meta property=\"article:author\" content=\"https:\/\/www.facebook.com\/?ref=tn_tnmn\" \/>\n<meta property=\"article:published_time\" content=\"2024-06-24T11:30:21+00:00\" \/>\n<meta property=\"og:image\" content=\"https:\/\/blogdofarnesio.com.br\/wp-content\/uploads\/2017\/05\/blogqspsaojoao-1.png\" \/>\n\t<meta property=\"og:image:width\" content=\"320\" \/>\n\t<meta property=\"og:image:height\" content=\"318\" \/>\n\t<meta property=\"og:image:type\" content=\"image\/png\" \/>\n<meta name=\"author\" content=\"Farn\u00e9sio\" \/>\n<meta name=\"twitter:card\" content=\"summary_large_image\" \/>\n<meta name=\"twitter:label1\" content=\"Escrito por\" \/>\n\t<meta name=\"twitter:data1\" content=\"Farn\u00e9sio\" \/>\n\t<meta name=\"twitter:label2\" content=\"Est. tempo de leitura\" \/>\n\t<meta name=\"twitter:data2\" content=\"4 minutos\" \/>\n<script type=\"application\/ld+json\" class=\"yoast-schema-graph\">{\"@context\":\"https:\\\/\\\/schema.org\",\"@graph\":[{\"@type\":\"Article\",\"@id\":\"https:\\\/\\\/blogdofarnesio.com.br\\\/?p=371539#article\",\"isPartOf\":{\"@id\":\"https:\\\/\\\/blogdofarnesio.com.br\\\/?p=371539\"},\"author\":{\"name\":\"Farn\u00e9sio\",\"@id\":\"https:\\\/\\\/blogdofarnesio.com.br\\\/#\\\/schema\\\/person\\\/bb9b23ae3ad0609ce8df7b6c9e76824d\"},\"headline\":\"Qual a origem do Dia de S\u00e3o Jo\u00e3o? Saiba mais sobre a hist\u00f3ria da Festa Junina\",\"datePublished\":\"2024-06-24T11:30:21+00:00\",\"mainEntityOfPage\":{\"@id\":\"https:\\\/\\\/blogdofarnesio.com.br\\\/?p=371539\"},\"wordCount\":671,\"commentCount\":0,\"publisher\":{\"@id\":\"https:\\\/\\\/blogdofarnesio.com.br\\\/#organization\"},\"image\":{\"@id\":\"https:\\\/\\\/blogdofarnesio.com.br\\\/?p=371539#primaryimage\"},\"thumbnailUrl\":\"https:\\\/\\\/blogdofarnesio.com.br\\\/wp-content\\\/uploads\\\/2017\\\/05\\\/blogqspsaojoao-1.png\",\"inLanguage\":\"pt-BR\",\"potentialAction\":[{\"@type\":\"CommentAction\",\"name\":\"Comment\",\"target\":[\"https:\\\/\\\/blogdofarnesio.com.br\\\/?p=371539#respond\"]}]},{\"@type\":\"WebPage\",\"@id\":\"https:\\\/\\\/blogdofarnesio.com.br\\\/?p=371539\",\"url\":\"https:\\\/\\\/blogdofarnesio.com.br\\\/?p=371539\",\"name\":\"Qual a origem do Dia de S\u00e3o Jo\u00e3o? Saiba mais sobre a hist\u00f3ria da Festa Junina - Blog do Farn\u00e9sio\",\"isPartOf\":{\"@id\":\"https:\\\/\\\/blogdofarnesio.com.br\\\/#website\"},\"primaryImageOfPage\":{\"@id\":\"https:\\\/\\\/blogdofarnesio.com.br\\\/?p=371539#primaryimage\"},\"image\":{\"@id\":\"https:\\\/\\\/blogdofarnesio.com.br\\\/?p=371539#primaryimage\"},\"thumbnailUrl\":\"https:\\\/\\\/blogdofarnesio.com.br\\\/wp-content\\\/uploads\\\/2017\\\/05\\\/blogqspsaojoao-1.png\",\"datePublished\":\"2024-06-24T11:30:21+00:00\",\"breadcrumb\":{\"@id\":\"https:\\\/\\\/blogdofarnesio.com.br\\\/?p=371539#breadcrumb\"},\"inLanguage\":\"pt-BR\",\"potentialAction\":[{\"@type\":\"ReadAction\",\"target\":[\"https:\\\/\\\/blogdofarnesio.com.br\\\/?p=371539\"]}]},{\"@type\":\"ImageObject\",\"inLanguage\":\"pt-BR\",\"@id\":\"https:\\\/\\\/blogdofarnesio.com.br\\\/?p=371539#primaryimage\",\"url\":\"https:\\\/\\\/blogdofarnesio.com.br\\\/wp-content\\\/uploads\\\/2017\\\/05\\\/blogqspsaojoao-1.png\",\"contentUrl\":\"https:\\\/\\\/blogdofarnesio.com.br\\\/wp-content\\\/uploads\\\/2017\\\/05\\\/blogqspsaojoao-1.png\",\"width\":320,\"height\":318},{\"@type\":\"BreadcrumbList\",\"@id\":\"https:\\\/\\\/blogdofarnesio.com.br\\\/?p=371539#breadcrumb\",\"itemListElement\":[{\"@type\":\"ListItem\",\"position\":1,\"name\":\"In\u00edcio\",\"item\":\"https:\\\/\\\/blogdofarnesio.com.br\\\/\"},{\"@type\":\"ListItem\",\"position\":2,\"name\":\"Qual a origem do Dia de S\u00e3o Jo\u00e3o? Saiba mais sobre a hist\u00f3ria da Festa Junina\"}]},{\"@type\":\"WebSite\",\"@id\":\"https:\\\/\\\/blogdofarnesio.com.br\\\/#website\",\"url\":\"https:\\\/\\\/blogdofarnesio.com.br\\\/\",\"name\":\"Blog do Farn\u00e9sio\",\"description\":\"Quer Saber Pol\u00edtica?\",\"publisher\":{\"@id\":\"https:\\\/\\\/blogdofarnesio.com.br\\\/#organization\"},\"potentialAction\":[{\"@type\":\"SearchAction\",\"target\":{\"@type\":\"EntryPoint\",\"urlTemplate\":\"https:\\\/\\\/blogdofarnesio.com.br\\\/?s={search_term_string}\"},\"query-input\":{\"@type\":\"PropertyValueSpecification\",\"valueRequired\":true,\"valueName\":\"search_term_string\"}}],\"inLanguage\":\"pt-BR\"},{\"@type\":\"Organization\",\"@id\":\"https:\\\/\\\/blogdofarnesio.com.br\\\/#organization\",\"name\":\"Blog do Farn\u00e9sio\",\"url\":\"https:\\\/\\\/blogdofarnesio.com.br\\\/\",\"logo\":{\"@type\":\"ImageObject\",\"inLanguage\":\"pt-BR\",\"@id\":\"https:\\\/\\\/blogdofarnesio.com.br\\\/#\\\/schema\\\/logo\\\/image\\\/\",\"url\":\"https:\\\/\\\/blogdofarnesio.com.br\\\/wp-content\\\/uploads\\\/2026\\\/03\\\/cropped-logo_new-1.png\",\"contentUrl\":\"https:\\\/\\\/blogdofarnesio.com.br\\\/wp-content\\\/uploads\\\/2026\\\/03\\\/cropped-logo_new-1.png\",\"width\":881,\"height\":685,\"caption\":\"Blog do Farn\u00e9sio\"},\"image\":{\"@id\":\"https:\\\/\\\/blogdofarnesio.com.br\\\/#\\\/schema\\\/logo\\\/image\\\/\"},\"sameAs\":[\"https:\\\/\\\/www.facebook.com\\\/BlogQuerSaberPolitica\\\/\"]},{\"@type\":\"Person\",\"@id\":\"https:\\\/\\\/blogdofarnesio.com.br\\\/#\\\/schema\\\/person\\\/bb9b23ae3ad0609ce8df7b6c9e76824d\",\"name\":\"Farn\u00e9sio\",\"image\":{\"@type\":\"ImageObject\",\"inLanguage\":\"pt-BR\",\"@id\":\"https:\\\/\\\/secure.gravatar.com\\\/avatar\\\/986aa4c61ccdb66f8555bf88fc2a65609d00bcabd4d2d94377a727547345cbca?s=96&d=mm&r=g\",\"url\":\"https:\\\/\\\/secure.gravatar.com\\\/avatar\\\/986aa4c61ccdb66f8555bf88fc2a65609d00bcabd4d2d94377a727547345cbca?s=96&d=mm&r=g\",\"contentUrl\":\"https:\\\/\\\/secure.gravatar.com\\\/avatar\\\/986aa4c61ccdb66f8555bf88fc2a65609d00bcabd4d2d94377a727547345cbca?s=96&d=mm&r=g\",\"caption\":\"Farn\u00e9sio\"},\"description\":\"Radialista blogueiro, chegou a Petrolina\\\/Juazeiro em setembro de 1980, Farn\u00e9sio Silva \u00e9 de Arapiraca-Alagoas.\",\"sameAs\":[\"http:\\\/\\\/blogdofarnesio.com.br\",\"https:\\\/\\\/www.facebook.com\\\/?ref=tn_tnmn\",\"https:\\\/\\\/www.instagram.com\\\/?utm_source=pwa_homescreen\",\"https:\\\/\\\/youtube.com.br\\\/\"],\"url\":\"https:\\\/\\\/blogdofarnesio.com.br\\\/?author=2\"}]}<\/script>\n<!-- \/ Yoast SEO plugin. -->","yoast_head_json":{"title":"Qual a origem do Dia de S\u00e3o Jo\u00e3o? Saiba mais sobre a hist\u00f3ria da Festa Junina - Blog do Farn\u00e9sio","robots":{"index":"index","follow":"follow","max-snippet":"max-snippet:-1","max-image-preview":"max-image-preview:large","max-video-preview":"max-video-preview:-1"},"canonical":"https:\/\/blogdofarnesio.com.br\/?p=371539","og_locale":"pt_BR","og_type":"article","og_title":"Qual a origem do Dia de S\u00e3o Jo\u00e3o? Saiba mais sobre a hist\u00f3ria da Festa Junina - Blog do Farn\u00e9sio","og_description":"Festividade religiosa da Pen\u00ednsula Ib\u00e9rica chegou ao Brasil com a coloniza\u00e7\u00e3o e incorporou elementos da cultura popular O Dia de S\u00e3o Jo\u00e3o, marcado pelas tradicionais festas juninas nesta segunda feira (24), tem origem na religiosidade da Pen\u00ednsula Ib\u00e9rica. Ao chegar no Brasil com a coloniza\u00e7\u00e3o portuguesa, diversos elementos da cultura popular, como as comidas t\u00edpicas da colheita do milho nessa \u00e9poca do ano, passaram a fazer parte da celebra\u00e7\u00e3o dos santos do m\u00eas de junho. Segundo a Igreja Cat\u00f3lica, S\u00e3o Jo\u00e3o \u00e9 na verdade Jo\u00e3o Batista. O personagem b\u00edblico \u00e9 considerado pela cren\u00e7a o precursor de Jesus e o \u00faltimo dos profetas. Jo\u00e3o Batista anunciou a chegada de Jesus Cristo e o batizou nas \u00e1guas do Rio Jord\u00e3o. Sua m\u00e3e,&hellip;","og_url":"https:\/\/blogdofarnesio.com.br\/?p=371539","og_site_name":"Blog do Farn\u00e9sio","article_publisher":"https:\/\/www.facebook.com\/BlogQuerSaberPolitica\/","article_author":"https:\/\/www.facebook.com\/?ref=tn_tnmn","article_published_time":"2024-06-24T11:30:21+00:00","og_image":[{"width":320,"height":318,"url":"https:\/\/blogdofarnesio.com.br\/wp-content\/uploads\/2017\/05\/blogqspsaojoao-1.png","type":"image\/png"}],"author":"Farn\u00e9sio","twitter_card":"summary_large_image","twitter_misc":{"Escrito por":"Farn\u00e9sio","Est. tempo de leitura":"4 minutos"},"schema":{"@context":"https:\/\/schema.org","@graph":[{"@type":"Article","@id":"https:\/\/blogdofarnesio.com.br\/?p=371539#article","isPartOf":{"@id":"https:\/\/blogdofarnesio.com.br\/?p=371539"},"author":{"name":"Farn\u00e9sio","@id":"https:\/\/blogdofarnesio.com.br\/#\/schema\/person\/bb9b23ae3ad0609ce8df7b6c9e76824d"},"headline":"Qual a origem do Dia de S\u00e3o Jo\u00e3o? Saiba mais sobre a hist\u00f3ria da Festa Junina","datePublished":"2024-06-24T11:30:21+00:00","mainEntityOfPage":{"@id":"https:\/\/blogdofarnesio.com.br\/?p=371539"},"wordCount":671,"commentCount":0,"publisher":{"@id":"https:\/\/blogdofarnesio.com.br\/#organization"},"image":{"@id":"https:\/\/blogdofarnesio.com.br\/?p=371539#primaryimage"},"thumbnailUrl":"https:\/\/blogdofarnesio.com.br\/wp-content\/uploads\/2017\/05\/blogqspsaojoao-1.png","inLanguage":"pt-BR","potentialAction":[{"@type":"CommentAction","name":"Comment","target":["https:\/\/blogdofarnesio.com.br\/?p=371539#respond"]}]},{"@type":"WebPage","@id":"https:\/\/blogdofarnesio.com.br\/?p=371539","url":"https:\/\/blogdofarnesio.com.br\/?p=371539","name":"Qual a origem do Dia de S\u00e3o Jo\u00e3o? Saiba mais sobre a hist\u00f3ria da Festa Junina - Blog do Farn\u00e9sio","isPartOf":{"@id":"https:\/\/blogdofarnesio.com.br\/#website"},"primaryImageOfPage":{"@id":"https:\/\/blogdofarnesio.com.br\/?p=371539#primaryimage"},"image":{"@id":"https:\/\/blogdofarnesio.com.br\/?p=371539#primaryimage"},"thumbnailUrl":"https:\/\/blogdofarnesio.com.br\/wp-content\/uploads\/2017\/05\/blogqspsaojoao-1.png","datePublished":"2024-06-24T11:30:21+00:00","breadcrumb":{"@id":"https:\/\/blogdofarnesio.com.br\/?p=371539#breadcrumb"},"inLanguage":"pt-BR","potentialAction":[{"@type":"ReadAction","target":["https:\/\/blogdofarnesio.com.br\/?p=371539"]}]},{"@type":"ImageObject","inLanguage":"pt-BR","@id":"https:\/\/blogdofarnesio.com.br\/?p=371539#primaryimage","url":"https:\/\/blogdofarnesio.com.br\/wp-content\/uploads\/2017\/05\/blogqspsaojoao-1.png","contentUrl":"https:\/\/blogdofarnesio.com.br\/wp-content\/uploads\/2017\/05\/blogqspsaojoao-1.png","width":320,"height":318},{"@type":"BreadcrumbList","@id":"https:\/\/blogdofarnesio.com.br\/?p=371539#breadcrumb","itemListElement":[{"@type":"ListItem","position":1,"name":"In\u00edcio","item":"https:\/\/blogdofarnesio.com.br\/"},{"@type":"ListItem","position":2,"name":"Qual a origem do Dia de S\u00e3o Jo\u00e3o? Saiba mais sobre a hist\u00f3ria da Festa Junina"}]},{"@type":"WebSite","@id":"https:\/\/blogdofarnesio.com.br\/#website","url":"https:\/\/blogdofarnesio.com.br\/","name":"Blog do Farn\u00e9sio","description":"Quer Saber Pol\u00edtica?","publisher":{"@id":"https:\/\/blogdofarnesio.com.br\/#organization"},"potentialAction":[{"@type":"SearchAction","target":{"@type":"EntryPoint","urlTemplate":"https:\/\/blogdofarnesio.com.br\/?s={search_term_string}"},"query-input":{"@type":"PropertyValueSpecification","valueRequired":true,"valueName":"search_term_string"}}],"inLanguage":"pt-BR"},{"@type":"Organization","@id":"https:\/\/blogdofarnesio.com.br\/#organization","name":"Blog do Farn\u00e9sio","url":"https:\/\/blogdofarnesio.com.br\/","logo":{"@type":"ImageObject","inLanguage":"pt-BR","@id":"https:\/\/blogdofarnesio.com.br\/#\/schema\/logo\/image\/","url":"https:\/\/blogdofarnesio.com.br\/wp-content\/uploads\/2026\/03\/cropped-logo_new-1.png","contentUrl":"https:\/\/blogdofarnesio.com.br\/wp-content\/uploads\/2026\/03\/cropped-logo_new-1.png","width":881,"height":685,"caption":"Blog do Farn\u00e9sio"},"image":{"@id":"https:\/\/blogdofarnesio.com.br\/#\/schema\/logo\/image\/"},"sameAs":["https:\/\/www.facebook.com\/BlogQuerSaberPolitica\/"]},{"@type":"Person","@id":"https:\/\/blogdofarnesio.com.br\/#\/schema\/person\/bb9b23ae3ad0609ce8df7b6c9e76824d","name":"Farn\u00e9sio","image":{"@type":"ImageObject","inLanguage":"pt-BR","@id":"https:\/\/secure.gravatar.com\/avatar\/986aa4c61ccdb66f8555bf88fc2a65609d00bcabd4d2d94377a727547345cbca?s=96&d=mm&r=g","url":"https:\/\/secure.gravatar.com\/avatar\/986aa4c61ccdb66f8555bf88fc2a65609d00bcabd4d2d94377a727547345cbca?s=96&d=mm&r=g","contentUrl":"https:\/\/secure.gravatar.com\/avatar\/986aa4c61ccdb66f8555bf88fc2a65609d00bcabd4d2d94377a727547345cbca?s=96&d=mm&r=g","caption":"Farn\u00e9sio"},"description":"Radialista blogueiro, chegou a Petrolina\/Juazeiro em setembro de 1980, Farn\u00e9sio Silva \u00e9 de Arapiraca-Alagoas.","sameAs":["http:\/\/blogdofarnesio.com.br","https:\/\/www.facebook.com\/?ref=tn_tnmn","https:\/\/www.instagram.com\/?utm_source=pwa_homescreen","https:\/\/youtube.com.br\/"],"url":"https:\/\/blogdofarnesio.com.br\/?author=2"}]}},"_links":{"self":[{"href":"https:\/\/blogdofarnesio.com.br\/index.php?rest_route=\/wp\/v2\/posts\/371539","targetHints":{"allow":["GET"]}}],"collection":[{"href":"https:\/\/blogdofarnesio.com.br\/index.php?rest_route=\/wp\/v2\/posts"}],"about":[{"href":"https:\/\/blogdofarnesio.com.br\/index.php?rest_route=\/wp\/v2\/types\/post"}],"author":[{"embeddable":true,"href":"https:\/\/blogdofarnesio.com.br\/index.php?rest_route=\/wp\/v2\/users\/2"}],"replies":[{"embeddable":true,"href":"https:\/\/blogdofarnesio.com.br\/index.php?rest_route=%2Fwp%2Fv2%2Fcomments&post=371539"}],"version-history":[{"count":0,"href":"https:\/\/blogdofarnesio.com.br\/index.php?rest_route=\/wp\/v2\/posts\/371539\/revisions"}],"wp:featuredmedia":[{"embeddable":true,"href":"https:\/\/blogdofarnesio.com.br\/index.php?rest_route=\/wp\/v2\/media\/166318"}],"wp:attachment":[{"href":"https:\/\/blogdofarnesio.com.br\/index.php?rest_route=%2Fwp%2Fv2%2Fmedia&parent=371539"}],"wp:term":[{"taxonomy":"category","embeddable":true,"href":"https:\/\/blogdofarnesio.com.br\/index.php?rest_route=%2Fwp%2Fv2%2Fcategories&post=371539"},{"taxonomy":"post_tag","embeddable":true,"href":"https:\/\/blogdofarnesio.com.br\/index.php?rest_route=%2Fwp%2Fv2%2Ftags&post=371539"}],"curies":[{"name":"wp","href":"https:\/\/api.w.org\/{rel}","templated":true}]}}