{"id":371470,"date":"2024-06-21T12:03:07","date_gmt":"2024-06-21T15:03:07","guid":{"rendered":"https:\/\/blogdofarnesio.com.br\/?p=371470"},"modified":"2024-06-21T11:37:04","modified_gmt":"2024-06-21T14:37:04","slug":"prefeitura-de-juazeiro-divulga-resultado-da-7a-convocacao-do-processo-seletivo-simplificado","status":"publish","type":"post","link":"https:\/\/blogdofarnesio.com.br\/?p=371470","title":{"rendered":"Prefeitura de Juazeiro divulga resultado da 7\u00aa convoca\u00e7\u00e3o do Processo Seletivo Simplificado"},"content":{"rendered":"<div id=\"nav\">\n<div id=\"speedbump\">\n<div class=\"ObxnS\">\n<div class=\"MefFWe\">\n<div class=\"hbTneb\">\n<div class=\"KkSzKc\">A Prefeitura de Juazeiro, atrav\u00e9s da Secretaria de Gest\u00e3o de Pessoas (Segesp), divulgou no Di\u00e1rio Oficial do Munic\u00edpio (DOEM) nesta quinta-feira (20), o resultado da 7\u00aa convoca\u00e7\u00e3o do Processo Seletivo Simplificado para contrata\u00e7\u00e3o de profissionais tempor\u00e1rios.<\/div>\n<div class=\"KkSzKc\"><\/div>\n<div class=\"KkSzKc\">As orienta\u00e7\u00f5es gerais sobre a convoca\u00e7\u00e3o podem ser feridas no DOEM.<\/div>\n<\/div>\n<\/div>\n<\/div>\n<\/div>\n<\/div>\n<div id=\"views\">\n<div id=\"cv_\" class=\" q0CeU \">\n<div class=\"BMRW0e\">\n<div class=\"uQdvnb\">\n<div class=\"OM62re\">\n<div class=\"Atp2Qd\">\n<div class=\"gmSzme\" data-onclick=\"cvmsgcontainercl+23\">\n<div id=\"cvcmsg_1903aaca489367b2\" class=\"ArwC7c\">\n<div id=\"cvcfullmsg_1903aaca489367b2\" class=\"LnPMz\">\n<div id=\"cvcmsgbod_1903aaca489367b2\" class=\"qgRHze\">\n<div class=\"lR4FQe\">\n<div class=\"IoGNdb Zc0jMc \" dir=\"ltr\">\n<div dir=\"ltr\">\n<div class=\"gmail_signature\" dir=\"ltr\" data-smartmail=\"gmail_signature\">\n<div dir=\"ltr\">\n<p dir=\"ltr\">Os candidatos aprovados dever\u00e3o comparecer \u00e0 entrega da documenta\u00e7\u00e3o nos dias 25 e 26 de junho, na sede da Segesp, no hor\u00e1rio das 8h \u00e0s 14h.<\/p>\n<p dir=\"ltr\">\u00a0<a href=\"https:\/\/doem.org.br\/ba\/juazeiro\/diarios\/previsualizar\/ZNqR95a1\" target=\"_blank\" rel=\"noopener\" data-saferedirecturl=\"https:\/\/www.google.com\/url?hl=pt-BR&amp;q=https:\/\/doem.org.br\/ba\/juazeiro\/diarios\/previsualizar\/ZNqR95a1&amp;source=gmail&amp;ust=1719063476652000&amp;usg=AOvVaw1T75rmBSGaAS-7np1UiHsC\">A lista de\u00a0<\/a><a href=\"https:\/\/doem.org.br\/ba\/juazeiro\/diarios\/previsualizar\/ZNqR95a1\" target=\"_blank\" rel=\"noopener\" data-saferedirecturl=\"https:\/\/www.google.com\/url?hl=pt-BR&amp;q=https:\/\/doem.org.br\/ba\/juazeiro\/diarios\/previsualizar\/ZNqR95a1&amp;source=gmail&amp;ust=1719063476652000&amp;usg=AOvVaw1T75rmBSGaAS-7np1UiHsC\">documentos<\/a>\u00a0necess\u00e1rios est\u00e1 dispon\u00edvel aqui (\u00a0<a href=\"https:\/\/doem.org.br\/ba\/juazeiro\/diarios\/previsualizar\/ZNqR95a1\" target=\"_blank\" rel=\"noopener\" data-saferedirecturl=\"https:\/\/www.google.com\/url?hl=pt-BR&amp;q=https:\/\/doem.org.br\/ba\/juazeiro\/diarios\/previsualizar\/ZNqR95a1&amp;source=gmail&amp;ust=1719063476652000&amp;usg=AOvVaw1T75rmBSGaAS-7np1UiHsC\">https:\/\/doem.org.br\/ba\/juazeiro\/diarios\/previsualizar\/ZNqR95a1<wbr \/><wbr \/><\/a>\u00a0).<\/p>\n<\/div>\n<\/div>\n<\/div>\n<\/div>\n<\/div>\n<\/div>\n<\/div>\n<\/div>\n<\/div>\n<\/div>\n<\/div>\n<\/div>\n<\/div>\n<\/div>\n<\/div>\n","protected":false},"excerpt":{"rendered":"<p>A Prefeitura de Juazeiro, atrav\u00e9s da Secretaria de Gest\u00e3o de Pessoas (Segesp), divulgou no Di\u00e1rio Oficial do Munic\u00edpio (DOEM) nesta quinta-feira (20), o resultado da 7\u00aa convoca\u00e7\u00e3o do Processo Seletivo Simplificado para contrata\u00e7\u00e3o de profissionais tempor\u00e1rios. As orienta\u00e7\u00f5es gerais sobre a convoca\u00e7\u00e3o podem ser feridas no DOEM. Os candidatos aprovados dever\u00e3o comparecer \u00e0 entrega da documenta\u00e7\u00e3o nos dias 25 e 26 de junho, na sede da Segesp, no hor\u00e1rio das 8h \u00e0s 14h. \u00a0A lista de\u00a0documentos\u00a0necess\u00e1rios est\u00e1 dispon\u00edvel aqui (\u00a0https:\/\/doem.org.br\/ba\/juazeiro\/diarios\/previsualizar\/ZNqR95a1\u00a0).<\/p>\n","protected":false},"author":2,"featured_media":250047,"comment_status":"open","ping_status":"open","sticky":false,"template":"","format":"standard","meta":{"_acf_changed":false,"footnotes":""},"categories":[44,31],"tags":[],"class_list":["post-371470","post","type-post","status-publish","format-standard","has-post-thumbnail","hentry","category-administracao","category-concursos"],"acf":[],"yoast_head":"<!-- This site is optimized with the Yoast SEO plugin v27.4 - https:\/\/yoast.com\/product\/yoast-seo-wordpress\/ -->\n<title>Prefeitura de Juazeiro divulga resultado da 7\u00aa convoca\u00e7\u00e3o do Processo Seletivo Simplificado - Blog do Farn\u00e9sio<\/title>\n<meta name=\"robots\" content=\"index, follow, max-snippet:-1, max-image-preview:large, max-video-preview:-1\" \/>\n<link rel=\"canonical\" href=\"https:\/\/blogdofarnesio.com.br\/?p=371470\" \/>\n<meta property=\"og:locale\" content=\"pt_BR\" \/>\n<meta property=\"og:type\" content=\"article\" \/>\n<meta property=\"og:title\" content=\"Prefeitura de Juazeiro divulga resultado da 7\u00aa convoca\u00e7\u00e3o do Processo Seletivo Simplificado - Blog do Farn\u00e9sio\" \/>\n<meta property=\"og:description\" content=\"A Prefeitura de Juazeiro, atrav\u00e9s da Secretaria de Gest\u00e3o de Pessoas (Segesp), divulgou no Di\u00e1rio Oficial do Munic\u00edpio (DOEM) nesta quinta-feira (20), o resultado da 7\u00aa convoca\u00e7\u00e3o do Processo Seletivo Simplificado para contrata\u00e7\u00e3o de profissionais tempor\u00e1rios. As orienta\u00e7\u00f5es gerais sobre a convoca\u00e7\u00e3o podem ser feridas no DOEM. Os candidatos aprovados dever\u00e3o comparecer \u00e0 entrega da documenta\u00e7\u00e3o nos dias 25 e 26 de junho, na sede da Segesp, no hor\u00e1rio das 8h \u00e0s 14h. \u00a0A lista de\u00a0documentos\u00a0necess\u00e1rios est\u00e1 dispon\u00edvel aqui (\u00a0https:\/\/doem.org.br\/ba\/juazeiro\/diarios\/previsualizar\/ZNqR95a1\u00a0).\" \/>\n<meta property=\"og:url\" content=\"https:\/\/blogdofarnesio.com.br\/?p=371470\" \/>\n<meta property=\"og:site_name\" content=\"Blog do Farn\u00e9sio\" \/>\n<meta property=\"article:publisher\" content=\"https:\/\/www.facebook.com\/BlogQuerSaberPolitica\/\" \/>\n<meta property=\"article:author\" content=\"https:\/\/www.facebook.com\/?ref=tn_tnmn\" \/>\n<meta property=\"article:published_time\" content=\"2024-06-21T15:03:07+00:00\" \/>\n<meta property=\"og:image\" content=\"https:\/\/blogdofarnesio.com.br\/wp-content\/uploads\/2020\/02\/blogqspconcurso-convoca\u00e7\u00e3o..-e1635260596355.jpg\" \/>\n\t<meta property=\"og:image:width\" content=\"660\" \/>\n\t<meta property=\"og:image:height\" content=\"330\" \/>\n\t<meta property=\"og:image:type\" content=\"image\/jpeg\" \/>\n<meta name=\"author\" content=\"Farn\u00e9sio\" \/>\n<meta name=\"twitter:card\" content=\"summary_large_image\" \/>\n<meta name=\"twitter:label1\" content=\"Escrito por\" \/>\n\t<meta name=\"twitter:data1\" content=\"Farn\u00e9sio\" \/>\n\t<meta name=\"twitter:label2\" content=\"Est. tempo de leitura\" \/>\n\t<meta name=\"twitter:data2\" content=\"1 minuto\" \/>\n<script type=\"application\/ld+json\" class=\"yoast-schema-graph\">{\"@context\":\"https:\\\/\\\/schema.org\",\"@graph\":[{\"@type\":\"Article\",\"@id\":\"https:\\\/\\\/blogdofarnesio.com.br\\\/?p=371470#article\",\"isPartOf\":{\"@id\":\"https:\\\/\\\/blogdofarnesio.com.br\\\/?p=371470\"},\"author\":{\"name\":\"Farn\u00e9sio\",\"@id\":\"https:\\\/\\\/blogdofarnesio.com.br\\\/#\\\/schema\\\/person\\\/bb9b23ae3ad0609ce8df7b6c9e76824d\"},\"headline\":\"Prefeitura de Juazeiro divulga resultado da 7\u00aa convoca\u00e7\u00e3o do Processo Seletivo Simplificado\",\"datePublished\":\"2024-06-21T15:03:07+00:00\",\"mainEntityOfPage\":{\"@id\":\"https:\\\/\\\/blogdofarnesio.com.br\\\/?p=371470\"},\"wordCount\":112,\"commentCount\":0,\"publisher\":{\"@id\":\"https:\\\/\\\/blogdofarnesio.com.br\\\/#organization\"},\"image\":{\"@id\":\"https:\\\/\\\/blogdofarnesio.com.br\\\/?p=371470#primaryimage\"},\"thumbnailUrl\":\"https:\\\/\\\/blogdofarnesio.com.br\\\/wp-content\\\/uploads\\\/2020\\\/02\\\/blogqspconcurso-convoca\u00e7\u00e3o..-e1635260596355.jpg\",\"articleSection\":[\"Administra\u00e7\u00e3o\",\"Concursos\"],\"inLanguage\":\"pt-BR\",\"potentialAction\":[{\"@type\":\"CommentAction\",\"name\":\"Comment\",\"target\":[\"https:\\\/\\\/blogdofarnesio.com.br\\\/?p=371470#respond\"]}]},{\"@type\":\"WebPage\",\"@id\":\"https:\\\/\\\/blogdofarnesio.com.br\\\/?p=371470\",\"url\":\"https:\\\/\\\/blogdofarnesio.com.br\\\/?p=371470\",\"name\":\"Prefeitura de Juazeiro divulga resultado da 7\u00aa convoca\u00e7\u00e3o do Processo Seletivo Simplificado - Blog do Farn\u00e9sio\",\"isPartOf\":{\"@id\":\"https:\\\/\\\/blogdofarnesio.com.br\\\/#website\"},\"primaryImageOfPage\":{\"@id\":\"https:\\\/\\\/blogdofarnesio.com.br\\\/?p=371470#primaryimage\"},\"image\":{\"@id\":\"https:\\\/\\\/blogdofarnesio.com.br\\\/?p=371470#primaryimage\"},\"thumbnailUrl\":\"https:\\\/\\\/blogdofarnesio.com.br\\\/wp-content\\\/uploads\\\/2020\\\/02\\\/blogqspconcurso-convoca\u00e7\u00e3o..-e1635260596355.jpg\",\"datePublished\":\"2024-06-21T15:03:07+00:00\",\"breadcrumb\":{\"@id\":\"https:\\\/\\\/blogdofarnesio.com.br\\\/?p=371470#breadcrumb\"},\"inLanguage\":\"pt-BR\",\"potentialAction\":[{\"@type\":\"ReadAction\",\"target\":[\"https:\\\/\\\/blogdofarnesio.com.br\\\/?p=371470\"]}]},{\"@type\":\"ImageObject\",\"inLanguage\":\"pt-BR\",\"@id\":\"https:\\\/\\\/blogdofarnesio.com.br\\\/?p=371470#primaryimage\",\"url\":\"https:\\\/\\\/blogdofarnesio.com.br\\\/wp-content\\\/uploads\\\/2020\\\/02\\\/blogqspconcurso-convoca\u00e7\u00e3o..-e1635260596355.jpg\",\"contentUrl\":\"https:\\\/\\\/blogdofarnesio.com.br\\\/wp-content\\\/uploads\\\/2020\\\/02\\\/blogqspconcurso-convoca\u00e7\u00e3o..-e1635260596355.jpg\",\"width\":660,\"height\":330},{\"@type\":\"BreadcrumbList\",\"@id\":\"https:\\\/\\\/blogdofarnesio.com.br\\\/?p=371470#breadcrumb\",\"itemListElement\":[{\"@type\":\"ListItem\",\"position\":1,\"name\":\"In\u00edcio\",\"item\":\"https:\\\/\\\/blogdofarnesio.com.br\\\/\"},{\"@type\":\"ListItem\",\"position\":2,\"name\":\"Prefeitura de Juazeiro divulga resultado da 7\u00aa convoca\u00e7\u00e3o do Processo Seletivo Simplificado\"}]},{\"@type\":\"WebSite\",\"@id\":\"https:\\\/\\\/blogdofarnesio.com.br\\\/#website\",\"url\":\"https:\\\/\\\/blogdofarnesio.com.br\\\/\",\"name\":\"Blog do Farn\u00e9sio\",\"description\":\"Quer Saber Pol\u00edtica?\",\"publisher\":{\"@id\":\"https:\\\/\\\/blogdofarnesio.com.br\\\/#organization\"},\"potentialAction\":[{\"@type\":\"SearchAction\",\"target\":{\"@type\":\"EntryPoint\",\"urlTemplate\":\"https:\\\/\\\/blogdofarnesio.com.br\\\/?s={search_term_string}\"},\"query-input\":{\"@type\":\"PropertyValueSpecification\",\"valueRequired\":true,\"valueName\":\"search_term_string\"}}],\"inLanguage\":\"pt-BR\"},{\"@type\":\"Organization\",\"@id\":\"https:\\\/\\\/blogdofarnesio.com.br\\\/#organization\",\"name\":\"Blog do Farn\u00e9sio\",\"url\":\"https:\\\/\\\/blogdofarnesio.com.br\\\/\",\"logo\":{\"@type\":\"ImageObject\",\"inLanguage\":\"pt-BR\",\"@id\":\"https:\\\/\\\/blogdofarnesio.com.br\\\/#\\\/schema\\\/logo\\\/image\\\/\",\"url\":\"https:\\\/\\\/blogdofarnesio.com.br\\\/wp-content\\\/uploads\\\/2026\\\/03\\\/cropped-logo_new-1.png\",\"contentUrl\":\"https:\\\/\\\/blogdofarnesio.com.br\\\/wp-content\\\/uploads\\\/2026\\\/03\\\/cropped-logo_new-1.png\",\"width\":881,\"height\":685,\"caption\":\"Blog do Farn\u00e9sio\"},\"image\":{\"@id\":\"https:\\\/\\\/blogdofarnesio.com.br\\\/#\\\/schema\\\/logo\\\/image\\\/\"},\"sameAs\":[\"https:\\\/\\\/www.facebook.com\\\/BlogQuerSaberPolitica\\\/\"]},{\"@type\":\"Person\",\"@id\":\"https:\\\/\\\/blogdofarnesio.com.br\\\/#\\\/schema\\\/person\\\/bb9b23ae3ad0609ce8df7b6c9e76824d\",\"name\":\"Farn\u00e9sio\",\"image\":{\"@type\":\"ImageObject\",\"inLanguage\":\"pt-BR\",\"@id\":\"https:\\\/\\\/secure.gravatar.com\\\/avatar\\\/986aa4c61ccdb66f8555bf88fc2a65609d00bcabd4d2d94377a727547345cbca?s=96&d=mm&r=g\",\"url\":\"https:\\\/\\\/secure.gravatar.com\\\/avatar\\\/986aa4c61ccdb66f8555bf88fc2a65609d00bcabd4d2d94377a727547345cbca?s=96&d=mm&r=g\",\"contentUrl\":\"https:\\\/\\\/secure.gravatar.com\\\/avatar\\\/986aa4c61ccdb66f8555bf88fc2a65609d00bcabd4d2d94377a727547345cbca?s=96&d=mm&r=g\",\"caption\":\"Farn\u00e9sio\"},\"description\":\"Radialista blogueiro, chegou a Petrolina\\\/Juazeiro em setembro de 1980, Farn\u00e9sio Silva \u00e9 de Arapiraca-Alagoas.\",\"sameAs\":[\"http:\\\/\\\/blogdofarnesio.com.br\",\"https:\\\/\\\/www.facebook.com\\\/?ref=tn_tnmn\",\"https:\\\/\\\/www.instagram.com\\\/?utm_source=pwa_homescreen\",\"https:\\\/\\\/youtube.com.br\\\/\"],\"url\":\"https:\\\/\\\/blogdofarnesio.com.br\\\/?author=2\"}]}<\/script>\n<!-- \/ Yoast SEO plugin. -->","yoast_head_json":{"title":"Prefeitura de Juazeiro divulga resultado da 7\u00aa convoca\u00e7\u00e3o do Processo Seletivo Simplificado - Blog do Farn\u00e9sio","robots":{"index":"index","follow":"follow","max-snippet":"max-snippet:-1","max-image-preview":"max-image-preview:large","max-video-preview":"max-video-preview:-1"},"canonical":"https:\/\/blogdofarnesio.com.br\/?p=371470","og_locale":"pt_BR","og_type":"article","og_title":"Prefeitura de Juazeiro divulga resultado da 7\u00aa convoca\u00e7\u00e3o do Processo Seletivo Simplificado - Blog do Farn\u00e9sio","og_description":"A Prefeitura de Juazeiro, atrav\u00e9s da Secretaria de Gest\u00e3o de Pessoas (Segesp), divulgou no Di\u00e1rio Oficial do Munic\u00edpio (DOEM) nesta quinta-feira (20), o resultado da 7\u00aa convoca\u00e7\u00e3o do Processo Seletivo Simplificado para contrata\u00e7\u00e3o de profissionais tempor\u00e1rios. As orienta\u00e7\u00f5es gerais sobre a convoca\u00e7\u00e3o podem ser feridas no DOEM. Os candidatos aprovados dever\u00e3o comparecer \u00e0 entrega da documenta\u00e7\u00e3o nos dias 25 e 26 de junho, na sede da Segesp, no hor\u00e1rio das 8h \u00e0s 14h. \u00a0A lista de\u00a0documentos\u00a0necess\u00e1rios est\u00e1 dispon\u00edvel aqui (\u00a0https:\/\/doem.org.br\/ba\/juazeiro\/diarios\/previsualizar\/ZNqR95a1\u00a0).","og_url":"https:\/\/blogdofarnesio.com.br\/?p=371470","og_site_name":"Blog do Farn\u00e9sio","article_publisher":"https:\/\/www.facebook.com\/BlogQuerSaberPolitica\/","article_author":"https:\/\/www.facebook.com\/?ref=tn_tnmn","article_published_time":"2024-06-21T15:03:07+00:00","og_image":[{"width":660,"height":330,"url":"https:\/\/blogdofarnesio.com.br\/wp-content\/uploads\/2020\/02\/blogqspconcurso-convoca\u00e7\u00e3o..-e1635260596355.jpg","type":"image\/jpeg"}],"author":"Farn\u00e9sio","twitter_card":"summary_large_image","twitter_misc":{"Escrito por":"Farn\u00e9sio","Est. tempo de leitura":"1 minuto"},"schema":{"@context":"https:\/\/schema.org","@graph":[{"@type":"Article","@id":"https:\/\/blogdofarnesio.com.br\/?p=371470#article","isPartOf":{"@id":"https:\/\/blogdofarnesio.com.br\/?p=371470"},"author":{"name":"Farn\u00e9sio","@id":"https:\/\/blogdofarnesio.com.br\/#\/schema\/person\/bb9b23ae3ad0609ce8df7b6c9e76824d"},"headline":"Prefeitura de Juazeiro divulga resultado da 7\u00aa convoca\u00e7\u00e3o do Processo Seletivo Simplificado","datePublished":"2024-06-21T15:03:07+00:00","mainEntityOfPage":{"@id":"https:\/\/blogdofarnesio.com.br\/?p=371470"},"wordCount":112,"commentCount":0,"publisher":{"@id":"https:\/\/blogdofarnesio.com.br\/#organization"},"image":{"@id":"https:\/\/blogdofarnesio.com.br\/?p=371470#primaryimage"},"thumbnailUrl":"https:\/\/blogdofarnesio.com.br\/wp-content\/uploads\/2020\/02\/blogqspconcurso-convoca\u00e7\u00e3o..-e1635260596355.jpg","articleSection":["Administra\u00e7\u00e3o","Concursos"],"inLanguage":"pt-BR","potentialAction":[{"@type":"CommentAction","name":"Comment","target":["https:\/\/blogdofarnesio.com.br\/?p=371470#respond"]}]},{"@type":"WebPage","@id":"https:\/\/blogdofarnesio.com.br\/?p=371470","url":"https:\/\/blogdofarnesio.com.br\/?p=371470","name":"Prefeitura de Juazeiro divulga resultado da 7\u00aa convoca\u00e7\u00e3o do Processo Seletivo Simplificado - Blog do Farn\u00e9sio","isPartOf":{"@id":"https:\/\/blogdofarnesio.com.br\/#website"},"primaryImageOfPage":{"@id":"https:\/\/blogdofarnesio.com.br\/?p=371470#primaryimage"},"image":{"@id":"https:\/\/blogdofarnesio.com.br\/?p=371470#primaryimage"},"thumbnailUrl":"https:\/\/blogdofarnesio.com.br\/wp-content\/uploads\/2020\/02\/blogqspconcurso-convoca\u00e7\u00e3o..-e1635260596355.jpg","datePublished":"2024-06-21T15:03:07+00:00","breadcrumb":{"@id":"https:\/\/blogdofarnesio.com.br\/?p=371470#breadcrumb"},"inLanguage":"pt-BR","potentialAction":[{"@type":"ReadAction","target":["https:\/\/blogdofarnesio.com.br\/?p=371470"]}]},{"@type":"ImageObject","inLanguage":"pt-BR","@id":"https:\/\/blogdofarnesio.com.br\/?p=371470#primaryimage","url":"https:\/\/blogdofarnesio.com.br\/wp-content\/uploads\/2020\/02\/blogqspconcurso-convoca\u00e7\u00e3o..-e1635260596355.jpg","contentUrl":"https:\/\/blogdofarnesio.com.br\/wp-content\/uploads\/2020\/02\/blogqspconcurso-convoca\u00e7\u00e3o..-e1635260596355.jpg","width":660,"height":330},{"@type":"BreadcrumbList","@id":"https:\/\/blogdofarnesio.com.br\/?p=371470#breadcrumb","itemListElement":[{"@type":"ListItem","position":1,"name":"In\u00edcio","item":"https:\/\/blogdofarnesio.com.br\/"},{"@type":"ListItem","position":2,"name":"Prefeitura de Juazeiro divulga resultado da 7\u00aa convoca\u00e7\u00e3o do Processo Seletivo Simplificado"}]},{"@type":"WebSite","@id":"https:\/\/blogdofarnesio.com.br\/#website","url":"https:\/\/blogdofarnesio.com.br\/","name":"Blog do Farn\u00e9sio","description":"Quer Saber Pol\u00edtica?","publisher":{"@id":"https:\/\/blogdofarnesio.com.br\/#organization"},"potentialAction":[{"@type":"SearchAction","target":{"@type":"EntryPoint","urlTemplate":"https:\/\/blogdofarnesio.com.br\/?s={search_term_string}"},"query-input":{"@type":"PropertyValueSpecification","valueRequired":true,"valueName":"search_term_string"}}],"inLanguage":"pt-BR"},{"@type":"Organization","@id":"https:\/\/blogdofarnesio.com.br\/#organization","name":"Blog do Farn\u00e9sio","url":"https:\/\/blogdofarnesio.com.br\/","logo":{"@type":"ImageObject","inLanguage":"pt-BR","@id":"https:\/\/blogdofarnesio.com.br\/#\/schema\/logo\/image\/","url":"https:\/\/blogdofarnesio.com.br\/wp-content\/uploads\/2026\/03\/cropped-logo_new-1.png","contentUrl":"https:\/\/blogdofarnesio.com.br\/wp-content\/uploads\/2026\/03\/cropped-logo_new-1.png","width":881,"height":685,"caption":"Blog do Farn\u00e9sio"},"image":{"@id":"https:\/\/blogdofarnesio.com.br\/#\/schema\/logo\/image\/"},"sameAs":["https:\/\/www.facebook.com\/BlogQuerSaberPolitica\/"]},{"@type":"Person","@id":"https:\/\/blogdofarnesio.com.br\/#\/schema\/person\/bb9b23ae3ad0609ce8df7b6c9e76824d","name":"Farn\u00e9sio","image":{"@type":"ImageObject","inLanguage":"pt-BR","@id":"https:\/\/secure.gravatar.com\/avatar\/986aa4c61ccdb66f8555bf88fc2a65609d00bcabd4d2d94377a727547345cbca?s=96&d=mm&r=g","url":"https:\/\/secure.gravatar.com\/avatar\/986aa4c61ccdb66f8555bf88fc2a65609d00bcabd4d2d94377a727547345cbca?s=96&d=mm&r=g","contentUrl":"https:\/\/secure.gravatar.com\/avatar\/986aa4c61ccdb66f8555bf88fc2a65609d00bcabd4d2d94377a727547345cbca?s=96&d=mm&r=g","caption":"Farn\u00e9sio"},"description":"Radialista blogueiro, chegou a Petrolina\/Juazeiro em setembro de 1980, Farn\u00e9sio Silva \u00e9 de Arapiraca-Alagoas.","sameAs":["http:\/\/blogdofarnesio.com.br","https:\/\/www.facebook.com\/?ref=tn_tnmn","https:\/\/www.instagram.com\/?utm_source=pwa_homescreen","https:\/\/youtube.com.br\/"],"url":"https:\/\/blogdofarnesio.com.br\/?author=2"}]}},"_links":{"self":[{"href":"https:\/\/blogdofarnesio.com.br\/index.php?rest_route=\/wp\/v2\/posts\/371470","targetHints":{"allow":["GET"]}}],"collection":[{"href":"https:\/\/blogdofarnesio.com.br\/index.php?rest_route=\/wp\/v2\/posts"}],"about":[{"href":"https:\/\/blogdofarnesio.com.br\/index.php?rest_route=\/wp\/v2\/types\/post"}],"author":[{"embeddable":true,"href":"https:\/\/blogdofarnesio.com.br\/index.php?rest_route=\/wp\/v2\/users\/2"}],"replies":[{"embeddable":true,"href":"https:\/\/blogdofarnesio.com.br\/index.php?rest_route=%2Fwp%2Fv2%2Fcomments&post=371470"}],"version-history":[{"count":0,"href":"https:\/\/blogdofarnesio.com.br\/index.php?rest_route=\/wp\/v2\/posts\/371470\/revisions"}],"wp:featuredmedia":[{"embeddable":true,"href":"https:\/\/blogdofarnesio.com.br\/index.php?rest_route=\/wp\/v2\/media\/250047"}],"wp:attachment":[{"href":"https:\/\/blogdofarnesio.com.br\/index.php?rest_route=%2Fwp%2Fv2%2Fmedia&parent=371470"}],"wp:term":[{"taxonomy":"category","embeddable":true,"href":"https:\/\/blogdofarnesio.com.br\/index.php?rest_route=%2Fwp%2Fv2%2Fcategories&post=371470"},{"taxonomy":"post_tag","embeddable":true,"href":"https:\/\/blogdofarnesio.com.br\/index.php?rest_route=%2Fwp%2Fv2%2Ftags&post=371470"}],"curies":[{"name":"wp","href":"https:\/\/api.w.org\/{rel}","templated":true}]}}