{"id":371151,"date":"2024-06-18T13:00:04","date_gmt":"2024-06-18T16:00:04","guid":{"rendered":"https:\/\/blogdofarnesio.com.br\/?p=371151"},"modified":"2024-06-18T08:46:40","modified_gmt":"2024-06-18T11:46:40","slug":"taxa-de-inscricao-do-enem-deve-ser-paga-ate-amanha-19-6","status":"publish","type":"post","link":"https:\/\/blogdofarnesio.com.br\/?p=371151","title":{"rendered":"Taxa de inscri\u00e7\u00e3o do Enem deve ser paga at\u00e9 amanh\u00e3, 19\/6"},"content":{"rendered":"<div id=\"viewlet-above-content-body\">\n<div id=\"plone-document-byline\" class=\"documentByLine\">\n<div class=\"documentContributors\">Entre os dias 27 de maio e 14 de junho, foram registradas 5.055.699 solicita\u00e7\u00f5es de inscri\u00e7\u00f5es para o Exame Nacional do Ensino M\u00e9dio (Enem) 2024. Mais da metade (2.731.757) n\u00e3o vai precisar pagar a taxa, de R$ 85, porque teve a solicita\u00e7\u00e3o de isen\u00e7\u00e3o aprovada. Para os 2.323.942 pagantes, o prazo de pagamento termina na pr\u00f3xima quarta-feira, 19 de junho, respeitando os hor\u00e1rios de compensa\u00e7\u00e3o banc\u00e1ria.<\/div>\n<\/div>\n<\/div>\n<div id=\"content-core\">\n<div id=\"parent-fieldname-text\" class=\"\">\n<ul>\n<li>A inscri\u00e7\u00e3o s\u00f3 \u00e9 confirmada ap\u00f3s o pagamento da taxa.<\/li>\n<\/ul>\n<p>O valor deve ser pago por boleto do Banco do Brasil, que \u00e9 disponibilizado na P\u00e1gina do Participante ap\u00f3s acesso com o login \u00fanico do gov.br. Para pagar por Pix, basta acessar o QR Code que consta no boleto.<\/p>\n<p><strong>Rio Grande do Sul \u2013<\/strong>\u00a0O n\u00famero de inscritos ainda pode aumentar, porque o governo federal ampliou o per\u00edodo de inscri\u00e7\u00e3o para os moradores do Rio Grande do Sul. O prazo para esses participantes se inscreverem vai at\u00e9 a pr\u00f3xima sexta-feira, 21 de junho. No per\u00edodo regular, foram registradas 259.936 inscri\u00e7\u00f5es no estado. Esse p\u00fablico tamb\u00e9m ter\u00e1 a isen\u00e7\u00e3o da taxa de inscri\u00e7\u00e3o garantida, inclusive nos casos em que a justificativa de aus\u00eancia na edi\u00e7\u00e3o de 2023 foi reprovada.<\/p>\n<p><strong>Orienta\u00e7\u00f5es \u2013<\/strong>\u00a0O portal do Instituto Nacional de Estudos e Pesquisas Educacionais An\u00edsio Teixeira (Inep) conta com uma p\u00e1gina em que \u00e9 poss\u00edvel encontrar as principais orienta\u00e7\u00f5es para os participantes do Enem. H\u00e1 tamb\u00e9m uma se\u00e7\u00e3o destinada \u00e0s perguntas frequentes sobre o exame. Com isso, os interessados podem conferir os questionamentos mais comuns e os respectivos esclarecimentos.<\/p>\n<p><strong>Enem \u2013<\/strong>\u00a0O Exame Nacional do Ensino M\u00e9dio avalia o desempenho escolar dos estudantes ao t\u00e9rmino da educa\u00e7\u00e3o b\u00e1sica. Ao longo de mais de duas d\u00e9cadas de exist\u00eancia, o Enem se tornou a principal porta de entrada para a educa\u00e7\u00e3o superior no Brasil, por meio do Sistema de Sele\u00e7\u00e3o Unificada (Sisu) e de iniciativas como o Programa Universidade para Todos (Prouni).<\/p>\n<p>Institui\u00e7\u00f5es de ensino p\u00fablicas e privadas utilizam o Enem para selecionar estudantes. Os resultados s\u00e3o usados como crit\u00e9rio \u00fanico ou complementar dos processos seletivos, al\u00e9m de servirem de par\u00e2metro para acesso a aux\u00edlios governamentais, como o proporcionado pelo Fundo de Financiamento Estudantil (Fies).<\/p>\n<p>Os resultados individuais do Enem tamb\u00e9m podem ser aproveitados nos processos seletivos de institui\u00e7\u00f5es portuguesas que possuem conv\u00eanio com o Inep para aceitarem as notas do exame. Os acordos garantem acesso facilitado \u00e0s notas dos estudantes brasileiros interessados em cursar a educa\u00e7\u00e3o superior em Portugal<\/p>\n<\/div>\n<\/div>\n","protected":false},"excerpt":{"rendered":"<p>Entre os dias 27 de maio e 14 de junho, foram registradas 5.055.699 solicita\u00e7\u00f5es de inscri\u00e7\u00f5es para o Exame Nacional do Ensino M\u00e9dio (Enem) 2024. Mais da metade (2.731.757) n\u00e3o vai precisar pagar a taxa, de R$ 85, porque teve a solicita\u00e7\u00e3o de isen\u00e7\u00e3o aprovada. Para os 2.323.942 pagantes, o prazo de pagamento termina na pr\u00f3xima quarta-feira, 19 de junho, respeitando os hor\u00e1rios de compensa\u00e7\u00e3o banc\u00e1ria. A inscri\u00e7\u00e3o s\u00f3 \u00e9 confirmada ap\u00f3s o pagamento da taxa. O valor deve ser pago por boleto do Banco do Brasil, que \u00e9 disponibilizado na P\u00e1gina do Participante ap\u00f3s acesso com o login \u00fanico do gov.br. Para pagar por Pix, basta acessar o QR Code que consta no boleto. Rio Grande do Sul \u2013\u00a0O&hellip; <\/p>\n","protected":false},"author":2,"featured_media":369522,"comment_status":"open","ping_status":"open","sticky":false,"template":"","format":"standard","meta":{"_acf_changed":false,"footnotes":""},"categories":[6],"tags":[],"class_list":["post-371151","post","type-post","status-publish","format-standard","has-post-thumbnail","hentry","category-educacao"],"acf":[],"yoast_head":"<!-- This site is optimized with the Yoast SEO plugin v27.4 - https:\/\/yoast.com\/product\/yoast-seo-wordpress\/ -->\n<title>Taxa de inscri\u00e7\u00e3o do Enem deve ser paga at\u00e9 amanh\u00e3, 19\/6 - Blog do Farn\u00e9sio<\/title>\n<meta name=\"robots\" content=\"index, follow, max-snippet:-1, max-image-preview:large, max-video-preview:-1\" \/>\n<link rel=\"canonical\" href=\"https:\/\/blogdofarnesio.com.br\/?p=371151\" \/>\n<meta property=\"og:locale\" content=\"pt_BR\" \/>\n<meta property=\"og:type\" content=\"article\" \/>\n<meta property=\"og:title\" content=\"Taxa de inscri\u00e7\u00e3o do Enem deve ser paga at\u00e9 amanh\u00e3, 19\/6 - Blog do Farn\u00e9sio\" \/>\n<meta property=\"og:description\" content=\"Entre os dias 27 de maio e 14 de junho, foram registradas 5.055.699 solicita\u00e7\u00f5es de inscri\u00e7\u00f5es para o Exame Nacional do Ensino M\u00e9dio (Enem) 2024. Mais da metade (2.731.757) n\u00e3o vai precisar pagar a taxa, de R$ 85, porque teve a solicita\u00e7\u00e3o de isen\u00e7\u00e3o aprovada. Para os 2.323.942 pagantes, o prazo de pagamento termina na pr\u00f3xima quarta-feira, 19 de junho, respeitando os hor\u00e1rios de compensa\u00e7\u00e3o banc\u00e1ria. A inscri\u00e7\u00e3o s\u00f3 \u00e9 confirmada ap\u00f3s o pagamento da taxa. O valor deve ser pago por boleto do Banco do Brasil, que \u00e9 disponibilizado na P\u00e1gina do Participante ap\u00f3s acesso com o login \u00fanico do gov.br. Para pagar por Pix, basta acessar o QR Code que consta no boleto. Rio Grande do Sul \u2013\u00a0O&hellip;\" \/>\n<meta property=\"og:url\" content=\"https:\/\/blogdofarnesio.com.br\/?p=371151\" \/>\n<meta property=\"og:site_name\" content=\"Blog do Farn\u00e9sio\" \/>\n<meta property=\"article:publisher\" content=\"https:\/\/www.facebook.com\/BlogQuerSaberPolitica\/\" \/>\n<meta property=\"article:author\" content=\"https:\/\/www.facebook.com\/?ref=tn_tnmn\" \/>\n<meta property=\"article:published_time\" content=\"2024-06-18T16:00:04+00:00\" \/>\n<meta property=\"og:image\" content=\"https:\/\/blogdofarnesio.com.br\/wp-content\/uploads\/2024\/05\/blogqsp-enem.jpg\" \/>\n\t<meta property=\"og:image:width\" content=\"544\" \/>\n\t<meta property=\"og:image:height\" content=\"306\" \/>\n\t<meta property=\"og:image:type\" content=\"image\/jpeg\" \/>\n<meta name=\"author\" content=\"Farn\u00e9sio\" \/>\n<meta name=\"twitter:card\" content=\"summary_large_image\" \/>\n<meta name=\"twitter:label1\" content=\"Escrito por\" \/>\n\t<meta name=\"twitter:data1\" content=\"Farn\u00e9sio\" \/>\n\t<meta name=\"twitter:label2\" content=\"Est. tempo de leitura\" \/>\n\t<meta name=\"twitter:data2\" content=\"3 minutos\" \/>\n<script type=\"application\/ld+json\" class=\"yoast-schema-graph\">{\"@context\":\"https:\\\/\\\/schema.org\",\"@graph\":[{\"@type\":\"Article\",\"@id\":\"https:\\\/\\\/blogdofarnesio.com.br\\\/?p=371151#article\",\"isPartOf\":{\"@id\":\"https:\\\/\\\/blogdofarnesio.com.br\\\/?p=371151\"},\"author\":{\"name\":\"Farn\u00e9sio\",\"@id\":\"https:\\\/\\\/blogdofarnesio.com.br\\\/#\\\/schema\\\/person\\\/bb9b23ae3ad0609ce8df7b6c9e76824d\"},\"headline\":\"Taxa de inscri\u00e7\u00e3o do Enem deve ser paga at\u00e9 amanh\u00e3, 19\\\/6\",\"datePublished\":\"2024-06-18T16:00:04+00:00\",\"mainEntityOfPage\":{\"@id\":\"https:\\\/\\\/blogdofarnesio.com.br\\\/?p=371151\"},\"wordCount\":447,\"commentCount\":0,\"publisher\":{\"@id\":\"https:\\\/\\\/blogdofarnesio.com.br\\\/#organization\"},\"image\":{\"@id\":\"https:\\\/\\\/blogdofarnesio.com.br\\\/?p=371151#primaryimage\"},\"thumbnailUrl\":\"https:\\\/\\\/blogdofarnesio.com.br\\\/wp-content\\\/uploads\\\/2024\\\/05\\\/blogqsp-enem.jpg\",\"articleSection\":[\"Educa\u00e7\u00e3o\"],\"inLanguage\":\"pt-BR\",\"potentialAction\":[{\"@type\":\"CommentAction\",\"name\":\"Comment\",\"target\":[\"https:\\\/\\\/blogdofarnesio.com.br\\\/?p=371151#respond\"]}]},{\"@type\":\"WebPage\",\"@id\":\"https:\\\/\\\/blogdofarnesio.com.br\\\/?p=371151\",\"url\":\"https:\\\/\\\/blogdofarnesio.com.br\\\/?p=371151\",\"name\":\"Taxa de inscri\u00e7\u00e3o do Enem deve ser paga at\u00e9 amanh\u00e3, 19\\\/6 - Blog do Farn\u00e9sio\",\"isPartOf\":{\"@id\":\"https:\\\/\\\/blogdofarnesio.com.br\\\/#website\"},\"primaryImageOfPage\":{\"@id\":\"https:\\\/\\\/blogdofarnesio.com.br\\\/?p=371151#primaryimage\"},\"image\":{\"@id\":\"https:\\\/\\\/blogdofarnesio.com.br\\\/?p=371151#primaryimage\"},\"thumbnailUrl\":\"https:\\\/\\\/blogdofarnesio.com.br\\\/wp-content\\\/uploads\\\/2024\\\/05\\\/blogqsp-enem.jpg\",\"datePublished\":\"2024-06-18T16:00:04+00:00\",\"breadcrumb\":{\"@id\":\"https:\\\/\\\/blogdofarnesio.com.br\\\/?p=371151#breadcrumb\"},\"inLanguage\":\"pt-BR\",\"potentialAction\":[{\"@type\":\"ReadAction\",\"target\":[\"https:\\\/\\\/blogdofarnesio.com.br\\\/?p=371151\"]}]},{\"@type\":\"ImageObject\",\"inLanguage\":\"pt-BR\",\"@id\":\"https:\\\/\\\/blogdofarnesio.com.br\\\/?p=371151#primaryimage\",\"url\":\"https:\\\/\\\/blogdofarnesio.com.br\\\/wp-content\\\/uploads\\\/2024\\\/05\\\/blogqsp-enem.jpg\",\"contentUrl\":\"https:\\\/\\\/blogdofarnesio.com.br\\\/wp-content\\\/uploads\\\/2024\\\/05\\\/blogqsp-enem.jpg\",\"width\":544,\"height\":306},{\"@type\":\"BreadcrumbList\",\"@id\":\"https:\\\/\\\/blogdofarnesio.com.br\\\/?p=371151#breadcrumb\",\"itemListElement\":[{\"@type\":\"ListItem\",\"position\":1,\"name\":\"In\u00edcio\",\"item\":\"https:\\\/\\\/blogdofarnesio.com.br\\\/\"},{\"@type\":\"ListItem\",\"position\":2,\"name\":\"Taxa de inscri\u00e7\u00e3o do Enem deve ser paga at\u00e9 amanh\u00e3, 19\\\/6\"}]},{\"@type\":\"WebSite\",\"@id\":\"https:\\\/\\\/blogdofarnesio.com.br\\\/#website\",\"url\":\"https:\\\/\\\/blogdofarnesio.com.br\\\/\",\"name\":\"Blog do Farn\u00e9sio\",\"description\":\"Quer Saber Pol\u00edtica?\",\"publisher\":{\"@id\":\"https:\\\/\\\/blogdofarnesio.com.br\\\/#organization\"},\"potentialAction\":[{\"@type\":\"SearchAction\",\"target\":{\"@type\":\"EntryPoint\",\"urlTemplate\":\"https:\\\/\\\/blogdofarnesio.com.br\\\/?s={search_term_string}\"},\"query-input\":{\"@type\":\"PropertyValueSpecification\",\"valueRequired\":true,\"valueName\":\"search_term_string\"}}],\"inLanguage\":\"pt-BR\"},{\"@type\":\"Organization\",\"@id\":\"https:\\\/\\\/blogdofarnesio.com.br\\\/#organization\",\"name\":\"Blog do Farn\u00e9sio\",\"url\":\"https:\\\/\\\/blogdofarnesio.com.br\\\/\",\"logo\":{\"@type\":\"ImageObject\",\"inLanguage\":\"pt-BR\",\"@id\":\"https:\\\/\\\/blogdofarnesio.com.br\\\/#\\\/schema\\\/logo\\\/image\\\/\",\"url\":\"https:\\\/\\\/blogdofarnesio.com.br\\\/wp-content\\\/uploads\\\/2026\\\/03\\\/cropped-logo_new-1.png\",\"contentUrl\":\"https:\\\/\\\/blogdofarnesio.com.br\\\/wp-content\\\/uploads\\\/2026\\\/03\\\/cropped-logo_new-1.png\",\"width\":881,\"height\":685,\"caption\":\"Blog do Farn\u00e9sio\"},\"image\":{\"@id\":\"https:\\\/\\\/blogdofarnesio.com.br\\\/#\\\/schema\\\/logo\\\/image\\\/\"},\"sameAs\":[\"https:\\\/\\\/www.facebook.com\\\/BlogQuerSaberPolitica\\\/\"]},{\"@type\":\"Person\",\"@id\":\"https:\\\/\\\/blogdofarnesio.com.br\\\/#\\\/schema\\\/person\\\/bb9b23ae3ad0609ce8df7b6c9e76824d\",\"name\":\"Farn\u00e9sio\",\"image\":{\"@type\":\"ImageObject\",\"inLanguage\":\"pt-BR\",\"@id\":\"https:\\\/\\\/secure.gravatar.com\\\/avatar\\\/986aa4c61ccdb66f8555bf88fc2a65609d00bcabd4d2d94377a727547345cbca?s=96&d=mm&r=g\",\"url\":\"https:\\\/\\\/secure.gravatar.com\\\/avatar\\\/986aa4c61ccdb66f8555bf88fc2a65609d00bcabd4d2d94377a727547345cbca?s=96&d=mm&r=g\",\"contentUrl\":\"https:\\\/\\\/secure.gravatar.com\\\/avatar\\\/986aa4c61ccdb66f8555bf88fc2a65609d00bcabd4d2d94377a727547345cbca?s=96&d=mm&r=g\",\"caption\":\"Farn\u00e9sio\"},\"description\":\"Radialista blogueiro, chegou a Petrolina\\\/Juazeiro em setembro de 1980, Farn\u00e9sio Silva \u00e9 de Arapiraca-Alagoas.\",\"sameAs\":[\"http:\\\/\\\/blogdofarnesio.com.br\",\"https:\\\/\\\/www.facebook.com\\\/?ref=tn_tnmn\",\"https:\\\/\\\/www.instagram.com\\\/?utm_source=pwa_homescreen\",\"https:\\\/\\\/youtube.com.br\\\/\"],\"url\":\"https:\\\/\\\/blogdofarnesio.com.br\\\/?author=2\"}]}<\/script>\n<!-- \/ Yoast SEO plugin. -->","yoast_head_json":{"title":"Taxa de inscri\u00e7\u00e3o do Enem deve ser paga at\u00e9 amanh\u00e3, 19\/6 - Blog do Farn\u00e9sio","robots":{"index":"index","follow":"follow","max-snippet":"max-snippet:-1","max-image-preview":"max-image-preview:large","max-video-preview":"max-video-preview:-1"},"canonical":"https:\/\/blogdofarnesio.com.br\/?p=371151","og_locale":"pt_BR","og_type":"article","og_title":"Taxa de inscri\u00e7\u00e3o do Enem deve ser paga at\u00e9 amanh\u00e3, 19\/6 - Blog do Farn\u00e9sio","og_description":"Entre os dias 27 de maio e 14 de junho, foram registradas 5.055.699 solicita\u00e7\u00f5es de inscri\u00e7\u00f5es para o Exame Nacional do Ensino M\u00e9dio (Enem) 2024. Mais da metade (2.731.757) n\u00e3o vai precisar pagar a taxa, de R$ 85, porque teve a solicita\u00e7\u00e3o de isen\u00e7\u00e3o aprovada. Para os 2.323.942 pagantes, o prazo de pagamento termina na pr\u00f3xima quarta-feira, 19 de junho, respeitando os hor\u00e1rios de compensa\u00e7\u00e3o banc\u00e1ria. A inscri\u00e7\u00e3o s\u00f3 \u00e9 confirmada ap\u00f3s o pagamento da taxa. O valor deve ser pago por boleto do Banco do Brasil, que \u00e9 disponibilizado na P\u00e1gina do Participante ap\u00f3s acesso com o login \u00fanico do gov.br. Para pagar por Pix, basta acessar o QR Code que consta no boleto. Rio Grande do Sul \u2013\u00a0O&hellip;","og_url":"https:\/\/blogdofarnesio.com.br\/?p=371151","og_site_name":"Blog do Farn\u00e9sio","article_publisher":"https:\/\/www.facebook.com\/BlogQuerSaberPolitica\/","article_author":"https:\/\/www.facebook.com\/?ref=tn_tnmn","article_published_time":"2024-06-18T16:00:04+00:00","og_image":[{"width":544,"height":306,"url":"https:\/\/blogdofarnesio.com.br\/wp-content\/uploads\/2024\/05\/blogqsp-enem.jpg","type":"image\/jpeg"}],"author":"Farn\u00e9sio","twitter_card":"summary_large_image","twitter_misc":{"Escrito por":"Farn\u00e9sio","Est. tempo de leitura":"3 minutos"},"schema":{"@context":"https:\/\/schema.org","@graph":[{"@type":"Article","@id":"https:\/\/blogdofarnesio.com.br\/?p=371151#article","isPartOf":{"@id":"https:\/\/blogdofarnesio.com.br\/?p=371151"},"author":{"name":"Farn\u00e9sio","@id":"https:\/\/blogdofarnesio.com.br\/#\/schema\/person\/bb9b23ae3ad0609ce8df7b6c9e76824d"},"headline":"Taxa de inscri\u00e7\u00e3o do Enem deve ser paga at\u00e9 amanh\u00e3, 19\/6","datePublished":"2024-06-18T16:00:04+00:00","mainEntityOfPage":{"@id":"https:\/\/blogdofarnesio.com.br\/?p=371151"},"wordCount":447,"commentCount":0,"publisher":{"@id":"https:\/\/blogdofarnesio.com.br\/#organization"},"image":{"@id":"https:\/\/blogdofarnesio.com.br\/?p=371151#primaryimage"},"thumbnailUrl":"https:\/\/blogdofarnesio.com.br\/wp-content\/uploads\/2024\/05\/blogqsp-enem.jpg","articleSection":["Educa\u00e7\u00e3o"],"inLanguage":"pt-BR","potentialAction":[{"@type":"CommentAction","name":"Comment","target":["https:\/\/blogdofarnesio.com.br\/?p=371151#respond"]}]},{"@type":"WebPage","@id":"https:\/\/blogdofarnesio.com.br\/?p=371151","url":"https:\/\/blogdofarnesio.com.br\/?p=371151","name":"Taxa de inscri\u00e7\u00e3o do Enem deve ser paga at\u00e9 amanh\u00e3, 19\/6 - Blog do Farn\u00e9sio","isPartOf":{"@id":"https:\/\/blogdofarnesio.com.br\/#website"},"primaryImageOfPage":{"@id":"https:\/\/blogdofarnesio.com.br\/?p=371151#primaryimage"},"image":{"@id":"https:\/\/blogdofarnesio.com.br\/?p=371151#primaryimage"},"thumbnailUrl":"https:\/\/blogdofarnesio.com.br\/wp-content\/uploads\/2024\/05\/blogqsp-enem.jpg","datePublished":"2024-06-18T16:00:04+00:00","breadcrumb":{"@id":"https:\/\/blogdofarnesio.com.br\/?p=371151#breadcrumb"},"inLanguage":"pt-BR","potentialAction":[{"@type":"ReadAction","target":["https:\/\/blogdofarnesio.com.br\/?p=371151"]}]},{"@type":"ImageObject","inLanguage":"pt-BR","@id":"https:\/\/blogdofarnesio.com.br\/?p=371151#primaryimage","url":"https:\/\/blogdofarnesio.com.br\/wp-content\/uploads\/2024\/05\/blogqsp-enem.jpg","contentUrl":"https:\/\/blogdofarnesio.com.br\/wp-content\/uploads\/2024\/05\/blogqsp-enem.jpg","width":544,"height":306},{"@type":"BreadcrumbList","@id":"https:\/\/blogdofarnesio.com.br\/?p=371151#breadcrumb","itemListElement":[{"@type":"ListItem","position":1,"name":"In\u00edcio","item":"https:\/\/blogdofarnesio.com.br\/"},{"@type":"ListItem","position":2,"name":"Taxa de inscri\u00e7\u00e3o do Enem deve ser paga at\u00e9 amanh\u00e3, 19\/6"}]},{"@type":"WebSite","@id":"https:\/\/blogdofarnesio.com.br\/#website","url":"https:\/\/blogdofarnesio.com.br\/","name":"Blog do Farn\u00e9sio","description":"Quer Saber Pol\u00edtica?","publisher":{"@id":"https:\/\/blogdofarnesio.com.br\/#organization"},"potentialAction":[{"@type":"SearchAction","target":{"@type":"EntryPoint","urlTemplate":"https:\/\/blogdofarnesio.com.br\/?s={search_term_string}"},"query-input":{"@type":"PropertyValueSpecification","valueRequired":true,"valueName":"search_term_string"}}],"inLanguage":"pt-BR"},{"@type":"Organization","@id":"https:\/\/blogdofarnesio.com.br\/#organization","name":"Blog do Farn\u00e9sio","url":"https:\/\/blogdofarnesio.com.br\/","logo":{"@type":"ImageObject","inLanguage":"pt-BR","@id":"https:\/\/blogdofarnesio.com.br\/#\/schema\/logo\/image\/","url":"https:\/\/blogdofarnesio.com.br\/wp-content\/uploads\/2026\/03\/cropped-logo_new-1.png","contentUrl":"https:\/\/blogdofarnesio.com.br\/wp-content\/uploads\/2026\/03\/cropped-logo_new-1.png","width":881,"height":685,"caption":"Blog do Farn\u00e9sio"},"image":{"@id":"https:\/\/blogdofarnesio.com.br\/#\/schema\/logo\/image\/"},"sameAs":["https:\/\/www.facebook.com\/BlogQuerSaberPolitica\/"]},{"@type":"Person","@id":"https:\/\/blogdofarnesio.com.br\/#\/schema\/person\/bb9b23ae3ad0609ce8df7b6c9e76824d","name":"Farn\u00e9sio","image":{"@type":"ImageObject","inLanguage":"pt-BR","@id":"https:\/\/secure.gravatar.com\/avatar\/986aa4c61ccdb66f8555bf88fc2a65609d00bcabd4d2d94377a727547345cbca?s=96&d=mm&r=g","url":"https:\/\/secure.gravatar.com\/avatar\/986aa4c61ccdb66f8555bf88fc2a65609d00bcabd4d2d94377a727547345cbca?s=96&d=mm&r=g","contentUrl":"https:\/\/secure.gravatar.com\/avatar\/986aa4c61ccdb66f8555bf88fc2a65609d00bcabd4d2d94377a727547345cbca?s=96&d=mm&r=g","caption":"Farn\u00e9sio"},"description":"Radialista blogueiro, chegou a Petrolina\/Juazeiro em setembro de 1980, Farn\u00e9sio Silva \u00e9 de Arapiraca-Alagoas.","sameAs":["http:\/\/blogdofarnesio.com.br","https:\/\/www.facebook.com\/?ref=tn_tnmn","https:\/\/www.instagram.com\/?utm_source=pwa_homescreen","https:\/\/youtube.com.br\/"],"url":"https:\/\/blogdofarnesio.com.br\/?author=2"}]}},"_links":{"self":[{"href":"https:\/\/blogdofarnesio.com.br\/index.php?rest_route=\/wp\/v2\/posts\/371151","targetHints":{"allow":["GET"]}}],"collection":[{"href":"https:\/\/blogdofarnesio.com.br\/index.php?rest_route=\/wp\/v2\/posts"}],"about":[{"href":"https:\/\/blogdofarnesio.com.br\/index.php?rest_route=\/wp\/v2\/types\/post"}],"author":[{"embeddable":true,"href":"https:\/\/blogdofarnesio.com.br\/index.php?rest_route=\/wp\/v2\/users\/2"}],"replies":[{"embeddable":true,"href":"https:\/\/blogdofarnesio.com.br\/index.php?rest_route=%2Fwp%2Fv2%2Fcomments&post=371151"}],"version-history":[{"count":0,"href":"https:\/\/blogdofarnesio.com.br\/index.php?rest_route=\/wp\/v2\/posts\/371151\/revisions"}],"wp:featuredmedia":[{"embeddable":true,"href":"https:\/\/blogdofarnesio.com.br\/index.php?rest_route=\/wp\/v2\/media\/369522"}],"wp:attachment":[{"href":"https:\/\/blogdofarnesio.com.br\/index.php?rest_route=%2Fwp%2Fv2%2Fmedia&parent=371151"}],"wp:term":[{"taxonomy":"category","embeddable":true,"href":"https:\/\/blogdofarnesio.com.br\/index.php?rest_route=%2Fwp%2Fv2%2Fcategories&post=371151"},{"taxonomy":"post_tag","embeddable":true,"href":"https:\/\/blogdofarnesio.com.br\/index.php?rest_route=%2Fwp%2Fv2%2Ftags&post=371151"}],"curies":[{"name":"wp","href":"https:\/\/api.w.org\/{rel}","templated":true}]}}