{"id":370741,"date":"2024-06-12T17:05:14","date_gmt":"2024-06-12T20:05:14","guid":{"rendered":"https:\/\/blogdofarnesio.com.br\/?p=370741"},"modified":"2024-06-12T14:32:42","modified_gmt":"2024-06-12T17:32:42","slug":"oposicao-ja-conseguiu-115-assinaturas-para-criar-a-cpi-do-arrozao-e-investigar-o-leilao-de-compra-de-arroz","status":"publish","type":"post","link":"https:\/\/blogdofarnesio.com.br\/?p=370741","title":{"rendered":"Oposi\u00e7\u00e3o j\u00e1 conseguiu 115 assinaturas para criar a &#8220;CPI do Arroz\u00e3o&#8221; e investigar o leil\u00e3o de compra de arroz"},"content":{"rendered":"<div class=\"sc-b4c8ccf3-0 fsXNOt\">\n<div class=\"sc-b4c8ccf3-4 dxBsro\">Por Edu Mota\/BN\u00a0 &#8211;<\/div>\n<div class=\"sc-b4c8ccf3-5 ccjAte\">\n<div class=\"nameContainer\">\n<p>O deputado Luciano Zucco (PL-RS) disse nesta quarta-feira (12) que j\u00e1 conseguiu obter 115 assinaturas em seu requerimento para a cria\u00e7\u00e3o da \u201cCPI do Arroz\u00e3o\u201d, que seria criada para investigar a realiza\u00e7\u00e3o de um leil\u00e3o pelo governo federal de compra de arroz importado. Para que uma CPI possa ter sua cria\u00e7\u00e3o viabilizada, s\u00e3o necess\u00e1rias 171 assinaturas no requerimento.<\/p>\n<\/div>\n<\/div>\n<\/div>\n<div class=\"sc-81cf810-1 bYubFg\">\n<div class=\"sc-81cf810-3 gCNTHg\">\n<p><img decoding=\"async\" src=\"https:\/\/www.bahianoticias.com.br\/_next\/image?url=https%3A%2F%2Fwww.bahianoticias.com.br%2Ffotos%2Fprincipal_noticias%2F293190%2FIMAGEM_NOTICIA_9.jpg%3Fchecksum%3D1718203145&amp;w=3840&amp;q=75\" alt=\"Leil\u00e3o de arroz\" \/><\/p>\n<p>Zucco, que foi presidente da CPI do MST no ano passado, disse que a iniciativa do governo Lula de promover o leil\u00e3o para compra de arroz foi \u201ca\u00e7odada, irrespons\u00e1vel e desumana\u201d. O deputado ga\u00facho afirmou ainda que o governo federal n\u00e3o teve considera\u00e7\u00e3o com os produtores ga\u00fachos, e promoveu um leil\u00e3o cheio de irregularidades, que por justificariam a abertura de uma comiss\u00e3o parlamentar de inqu\u00e9rito.<\/p>\n<p>\u201cO Rio Grande do Sul, que \u00e9 o maior produtor de arroz do pa\u00eds, tinha j\u00e1 feito a sua colheita, em condi\u00e7\u00f5es claras, transparentes. A Farsul e a Federarroz disseram que ter\u00edamos condi\u00e7\u00f5es de suprir o mercado interno. O ato do governo federal foi a\u00e7odado, irrespons\u00e1vel e desumano. E o leil\u00e3o est\u00e1 cheio de irregularidades. Como pode o governo federal comprar arroz de sorveteria, de casa de queijo, de material de loca\u00e7\u00e3o de ve\u00edculo pesado? \u00c9 importante salientar que n\u00f3s vamos a fundo nessa investiga\u00e7\u00e3o\u201d, disse Zucco.<\/p>\n<p>Nesta ter\u00e7a (11), a Companhia Nacional de Abastecimento (Conab) e o Minist\u00e9rio da Agricultura e Pecu\u00e1ria anunciaram a anula\u00e7\u00e3o do leil\u00e3o realizado na semana passada, encerrado com a venda de 263,37 mil toneladas de arroz importado, em uma opera\u00e7\u00e3o de R$ 1,3 bilh\u00e3o. Quatro empresas foram as vencedoras e o maior arrematante individual do certame, foi a Wisley A. de Souza, cuja sede \u00e9 uma pequena loja de queijos em Macap\u00e1 e que teve seu capital social recentemente alterado: passou de R$ 80 mil para R$ 5 milh\u00f5es uma semana antes do leil\u00e3o.<\/p>\n<p>Essa empresa, que tem o nome fantasia de \u201cQueijos Minas\u201d, atua na regi\u00e3o central de Macap\u00e1. No leil\u00e3o, essa empresa que comercializa queijos conseguiu um contrato para importar 147,3 mil toneladas de arroz, e receber em troca R$ 736,3 milh\u00f5es.<\/p>\n<p>A situa\u00e7\u00e3o gerou estranhamento e questionamento por parte de empres\u00e1rios e tamb\u00e9m do pr\u00f3prio governo. Na entrevista em que foi anunciado o cancelamento do leil\u00e3o, o ministro da Agricultura, Carlos F\u00e1varo, explicou que a habilita\u00e7\u00e3o das empresas para participar do certame foi feita pelas Bolsas de Mercadorias e Cereais, e n\u00e3o pela Conab. De acordo com ele, o governo s\u00f3 soube quem disputou e quem venceu o leil\u00e3o depois da sua realiza\u00e7\u00e3o.<\/p>\n<p>Em suas redes sociais, o deputado Zucco destacou resposta dada pelo ministro do Desenvolvimento Agr\u00e1rio, Paulo Teixeira, a uma jornalista, na entrevista para an\u00fancio do cancelamento do leil\u00e3o. A jornalista quis saber quantas empresas ganharam e quantas n\u00e3o se capacitaram para o certame, e o ministro, de forma \u00e1spera, disse que essa informa\u00e7\u00e3o \u201cn\u00e3o interessa\u201d, e que s\u00f3 interessava dizer que uma maioria das empresas teria fragilidades.<\/p>\n<p>\u201cComo n\u00e3o interessa se a empresa \u00e9 boa ou n\u00e3o \u00e9? \u00c9 assim que esse governo trata os brasileiros? Onde est\u00e1 a transpar\u00eancia? Por esses e outros motivos, n\u00f3s vamos sim avan\u00e7ar com a CPI do Arroz! \u00c9 inadmiss\u00edvel uma empresa que tenha dito que tinha 80 mil de capital, uma semana antes do leil\u00e3o passar a 5 milh\u00f5es. Outra empresa tinha raz\u00e3o social de sorveteria, de venda de queijo, venda de sucos, sem expertise nenhuma e ganhado uma licita\u00e7\u00e3o no m\u00ednimo suspeita. Portanto, n\u00f3s n\u00e3o vamos desistir de criar a CPI do Arroz\u00e3o\u201d, concluiu o deputado Zucco.<\/p>\n<\/div>\n<\/div>\n","protected":false},"excerpt":{"rendered":"<p>Por Edu Mota\/BN\u00a0 &#8211; O deputado Luciano Zucco (PL-RS) disse nesta quarta-feira (12) que j\u00e1 conseguiu obter 115 assinaturas em seu requerimento para a cria\u00e7\u00e3o da \u201cCPI do Arroz\u00e3o\u201d, que seria criada para investigar a realiza\u00e7\u00e3o de um leil\u00e3o pelo governo federal de compra de arroz importado. Para que uma CPI possa ter sua cria\u00e7\u00e3o viabilizada, s\u00e3o necess\u00e1rias 171 assinaturas no requerimento. Zucco, que foi presidente da CPI do MST no ano passado, disse que a iniciativa do governo Lula de promover o leil\u00e3o para compra de arroz foi \u201ca\u00e7odada, irrespons\u00e1vel e desumana\u201d. O deputado ga\u00facho afirmou ainda que o governo federal n\u00e3o teve considera\u00e7\u00e3o com os produtores ga\u00fachos, e promoveu um leil\u00e3o cheio de irregularidades, que por justificariam a&hellip; <\/p>\n","protected":false},"author":2,"featured_media":201047,"comment_status":"open","ping_status":"open","sticky":false,"template":"","format":"standard","meta":{"_acf_changed":false,"footnotes":""},"categories":[1],"tags":[],"class_list":["post-370741","post","type-post","status-publish","format-standard","has-post-thumbnail","hentry","category-politica"],"acf":[],"yoast_head":"<!-- This site is optimized with the Yoast SEO plugin v27.4 - https:\/\/yoast.com\/product\/yoast-seo-wordpress\/ -->\n<title>Oposi\u00e7\u00e3o j\u00e1 conseguiu 115 assinaturas para criar a &quot;CPI do Arroz\u00e3o&quot; e investigar o leil\u00e3o de compra de arroz - Blog do Farn\u00e9sio<\/title>\n<meta name=\"robots\" content=\"index, follow, max-snippet:-1, max-image-preview:large, max-video-preview:-1\" \/>\n<link rel=\"canonical\" href=\"https:\/\/blogdofarnesio.com.br\/?p=370741\" \/>\n<meta property=\"og:locale\" content=\"pt_BR\" \/>\n<meta property=\"og:type\" content=\"article\" \/>\n<meta property=\"og:title\" content=\"Oposi\u00e7\u00e3o j\u00e1 conseguiu 115 assinaturas para criar a &quot;CPI do Arroz\u00e3o&quot; e investigar o leil\u00e3o de compra de arroz - Blog do Farn\u00e9sio\" \/>\n<meta property=\"og:description\" content=\"Por Edu Mota\/BN\u00a0 &#8211; O deputado Luciano Zucco (PL-RS) disse nesta quarta-feira (12) que j\u00e1 conseguiu obter 115 assinaturas em seu requerimento para a cria\u00e7\u00e3o da \u201cCPI do Arroz\u00e3o\u201d, que seria criada para investigar a realiza\u00e7\u00e3o de um leil\u00e3o pelo governo federal de compra de arroz importado. Para que uma CPI possa ter sua cria\u00e7\u00e3o viabilizada, s\u00e3o necess\u00e1rias 171 assinaturas no requerimento. Zucco, que foi presidente da CPI do MST no ano passado, disse que a iniciativa do governo Lula de promover o leil\u00e3o para compra de arroz foi \u201ca\u00e7odada, irrespons\u00e1vel e desumana\u201d. O deputado ga\u00facho afirmou ainda que o governo federal n\u00e3o teve considera\u00e7\u00e3o com os produtores ga\u00fachos, e promoveu um leil\u00e3o cheio de irregularidades, que por justificariam a&hellip;\" \/>\n<meta property=\"og:url\" content=\"https:\/\/blogdofarnesio.com.br\/?p=370741\" \/>\n<meta property=\"og:site_name\" content=\"Blog do Farn\u00e9sio\" \/>\n<meta property=\"article:publisher\" content=\"https:\/\/www.facebook.com\/BlogQuerSaberPolitica\/\" \/>\n<meta property=\"article:author\" content=\"https:\/\/www.facebook.com\/?ref=tn_tnmn\" \/>\n<meta property=\"article:published_time\" content=\"2024-06-12T20:05:14+00:00\" \/>\n<meta property=\"og:image\" content=\"https:\/\/blogdofarnesio.com.br\/wp-content\/uploads\/2018\/06\/blogqspcongresso-nacional.jpg\" \/>\n\t<meta property=\"og:image:width\" content=\"699\" \/>\n\t<meta property=\"og:image:height\" content=\"420\" \/>\n\t<meta property=\"og:image:type\" content=\"image\/jpeg\" \/>\n<meta name=\"author\" content=\"Farn\u00e9sio\" \/>\n<meta name=\"twitter:card\" content=\"summary_large_image\" \/>\n<meta name=\"twitter:label1\" content=\"Escrito por\" \/>\n\t<meta name=\"twitter:data1\" content=\"Farn\u00e9sio\" \/>\n\t<meta name=\"twitter:label2\" content=\"Est. tempo de leitura\" \/>\n\t<meta name=\"twitter:data2\" content=\"4 minutos\" \/>\n<script type=\"application\/ld+json\" class=\"yoast-schema-graph\">{\"@context\":\"https:\\\/\\\/schema.org\",\"@graph\":[{\"@type\":\"Article\",\"@id\":\"https:\\\/\\\/blogdofarnesio.com.br\\\/?p=370741#article\",\"isPartOf\":{\"@id\":\"https:\\\/\\\/blogdofarnesio.com.br\\\/?p=370741\"},\"author\":{\"name\":\"Farn\u00e9sio\",\"@id\":\"https:\\\/\\\/blogdofarnesio.com.br\\\/#\\\/schema\\\/person\\\/bb9b23ae3ad0609ce8df7b6c9e76824d\"},\"headline\":\"Oposi\u00e7\u00e3o j\u00e1 conseguiu 115 assinaturas para criar a &#8220;CPI do Arroz\u00e3o&#8221; e investigar o leil\u00e3o de compra de arroz\",\"datePublished\":\"2024-06-12T20:05:14+00:00\",\"mainEntityOfPage\":{\"@id\":\"https:\\\/\\\/blogdofarnesio.com.br\\\/?p=370741\"},\"wordCount\":657,\"commentCount\":0,\"publisher\":{\"@id\":\"https:\\\/\\\/blogdofarnesio.com.br\\\/#organization\"},\"image\":{\"@id\":\"https:\\\/\\\/blogdofarnesio.com.br\\\/?p=370741#primaryimage\"},\"thumbnailUrl\":\"https:\\\/\\\/blogdofarnesio.com.br\\\/wp-content\\\/uploads\\\/2018\\\/06\\\/blogqspcongresso-nacional.jpg\",\"articleSection\":[\"Pol\u00edtica\"],\"inLanguage\":\"pt-BR\",\"potentialAction\":[{\"@type\":\"CommentAction\",\"name\":\"Comment\",\"target\":[\"https:\\\/\\\/blogdofarnesio.com.br\\\/?p=370741#respond\"]}]},{\"@type\":\"WebPage\",\"@id\":\"https:\\\/\\\/blogdofarnesio.com.br\\\/?p=370741\",\"url\":\"https:\\\/\\\/blogdofarnesio.com.br\\\/?p=370741\",\"name\":\"Oposi\u00e7\u00e3o j\u00e1 conseguiu 115 assinaturas para criar a \\\"CPI do Arroz\u00e3o\\\" e investigar o leil\u00e3o de compra de arroz - Blog do Farn\u00e9sio\",\"isPartOf\":{\"@id\":\"https:\\\/\\\/blogdofarnesio.com.br\\\/#website\"},\"primaryImageOfPage\":{\"@id\":\"https:\\\/\\\/blogdofarnesio.com.br\\\/?p=370741#primaryimage\"},\"image\":{\"@id\":\"https:\\\/\\\/blogdofarnesio.com.br\\\/?p=370741#primaryimage\"},\"thumbnailUrl\":\"https:\\\/\\\/blogdofarnesio.com.br\\\/wp-content\\\/uploads\\\/2018\\\/06\\\/blogqspcongresso-nacional.jpg\",\"datePublished\":\"2024-06-12T20:05:14+00:00\",\"breadcrumb\":{\"@id\":\"https:\\\/\\\/blogdofarnesio.com.br\\\/?p=370741#breadcrumb\"},\"inLanguage\":\"pt-BR\",\"potentialAction\":[{\"@type\":\"ReadAction\",\"target\":[\"https:\\\/\\\/blogdofarnesio.com.br\\\/?p=370741\"]}]},{\"@type\":\"ImageObject\",\"inLanguage\":\"pt-BR\",\"@id\":\"https:\\\/\\\/blogdofarnesio.com.br\\\/?p=370741#primaryimage\",\"url\":\"https:\\\/\\\/blogdofarnesio.com.br\\\/wp-content\\\/uploads\\\/2018\\\/06\\\/blogqspcongresso-nacional.jpg\",\"contentUrl\":\"https:\\\/\\\/blogdofarnesio.com.br\\\/wp-content\\\/uploads\\\/2018\\\/06\\\/blogqspcongresso-nacional.jpg\",\"width\":699,\"height\":420},{\"@type\":\"BreadcrumbList\",\"@id\":\"https:\\\/\\\/blogdofarnesio.com.br\\\/?p=370741#breadcrumb\",\"itemListElement\":[{\"@type\":\"ListItem\",\"position\":1,\"name\":\"In\u00edcio\",\"item\":\"https:\\\/\\\/blogdofarnesio.com.br\\\/\"},{\"@type\":\"ListItem\",\"position\":2,\"name\":\"Oposi\u00e7\u00e3o j\u00e1 conseguiu 115 assinaturas para criar a &#8220;CPI do Arroz\u00e3o&#8221; e investigar o leil\u00e3o de compra de arroz\"}]},{\"@type\":\"WebSite\",\"@id\":\"https:\\\/\\\/blogdofarnesio.com.br\\\/#website\",\"url\":\"https:\\\/\\\/blogdofarnesio.com.br\\\/\",\"name\":\"Blog do Farn\u00e9sio\",\"description\":\"Quer Saber Pol\u00edtica?\",\"publisher\":{\"@id\":\"https:\\\/\\\/blogdofarnesio.com.br\\\/#organization\"},\"potentialAction\":[{\"@type\":\"SearchAction\",\"target\":{\"@type\":\"EntryPoint\",\"urlTemplate\":\"https:\\\/\\\/blogdofarnesio.com.br\\\/?s={search_term_string}\"},\"query-input\":{\"@type\":\"PropertyValueSpecification\",\"valueRequired\":true,\"valueName\":\"search_term_string\"}}],\"inLanguage\":\"pt-BR\"},{\"@type\":\"Organization\",\"@id\":\"https:\\\/\\\/blogdofarnesio.com.br\\\/#organization\",\"name\":\"Blog do Farn\u00e9sio\",\"url\":\"https:\\\/\\\/blogdofarnesio.com.br\\\/\",\"logo\":{\"@type\":\"ImageObject\",\"inLanguage\":\"pt-BR\",\"@id\":\"https:\\\/\\\/blogdofarnesio.com.br\\\/#\\\/schema\\\/logo\\\/image\\\/\",\"url\":\"https:\\\/\\\/blogdofarnesio.com.br\\\/wp-content\\\/uploads\\\/2026\\\/03\\\/cropped-logo_new-1.png\",\"contentUrl\":\"https:\\\/\\\/blogdofarnesio.com.br\\\/wp-content\\\/uploads\\\/2026\\\/03\\\/cropped-logo_new-1.png\",\"width\":881,\"height\":685,\"caption\":\"Blog do Farn\u00e9sio\"},\"image\":{\"@id\":\"https:\\\/\\\/blogdofarnesio.com.br\\\/#\\\/schema\\\/logo\\\/image\\\/\"},\"sameAs\":[\"https:\\\/\\\/www.facebook.com\\\/BlogQuerSaberPolitica\\\/\"]},{\"@type\":\"Person\",\"@id\":\"https:\\\/\\\/blogdofarnesio.com.br\\\/#\\\/schema\\\/person\\\/bb9b23ae3ad0609ce8df7b6c9e76824d\",\"name\":\"Farn\u00e9sio\",\"image\":{\"@type\":\"ImageObject\",\"inLanguage\":\"pt-BR\",\"@id\":\"https:\\\/\\\/secure.gravatar.com\\\/avatar\\\/986aa4c61ccdb66f8555bf88fc2a65609d00bcabd4d2d94377a727547345cbca?s=96&d=mm&r=g\",\"url\":\"https:\\\/\\\/secure.gravatar.com\\\/avatar\\\/986aa4c61ccdb66f8555bf88fc2a65609d00bcabd4d2d94377a727547345cbca?s=96&d=mm&r=g\",\"contentUrl\":\"https:\\\/\\\/secure.gravatar.com\\\/avatar\\\/986aa4c61ccdb66f8555bf88fc2a65609d00bcabd4d2d94377a727547345cbca?s=96&d=mm&r=g\",\"caption\":\"Farn\u00e9sio\"},\"description\":\"Radialista blogueiro, chegou a Petrolina\\\/Juazeiro em setembro de 1980, Farn\u00e9sio Silva \u00e9 de Arapiraca-Alagoas.\",\"sameAs\":[\"http:\\\/\\\/blogdofarnesio.com.br\",\"https:\\\/\\\/www.facebook.com\\\/?ref=tn_tnmn\",\"https:\\\/\\\/www.instagram.com\\\/?utm_source=pwa_homescreen\",\"https:\\\/\\\/youtube.com.br\\\/\"],\"url\":\"https:\\\/\\\/blogdofarnesio.com.br\\\/?author=2\"}]}<\/script>\n<!-- \/ Yoast SEO plugin. -->","yoast_head_json":{"title":"Oposi\u00e7\u00e3o j\u00e1 conseguiu 115 assinaturas para criar a \"CPI do Arroz\u00e3o\" e investigar o leil\u00e3o de compra de arroz - Blog do Farn\u00e9sio","robots":{"index":"index","follow":"follow","max-snippet":"max-snippet:-1","max-image-preview":"max-image-preview:large","max-video-preview":"max-video-preview:-1"},"canonical":"https:\/\/blogdofarnesio.com.br\/?p=370741","og_locale":"pt_BR","og_type":"article","og_title":"Oposi\u00e7\u00e3o j\u00e1 conseguiu 115 assinaturas para criar a \"CPI do Arroz\u00e3o\" e investigar o leil\u00e3o de compra de arroz - Blog do Farn\u00e9sio","og_description":"Por Edu Mota\/BN\u00a0 &#8211; O deputado Luciano Zucco (PL-RS) disse nesta quarta-feira (12) que j\u00e1 conseguiu obter 115 assinaturas em seu requerimento para a cria\u00e7\u00e3o da \u201cCPI do Arroz\u00e3o\u201d, que seria criada para investigar a realiza\u00e7\u00e3o de um leil\u00e3o pelo governo federal de compra de arroz importado. Para que uma CPI possa ter sua cria\u00e7\u00e3o viabilizada, s\u00e3o necess\u00e1rias 171 assinaturas no requerimento. Zucco, que foi presidente da CPI do MST no ano passado, disse que a iniciativa do governo Lula de promover o leil\u00e3o para compra de arroz foi \u201ca\u00e7odada, irrespons\u00e1vel e desumana\u201d. O deputado ga\u00facho afirmou ainda que o governo federal n\u00e3o teve considera\u00e7\u00e3o com os produtores ga\u00fachos, e promoveu um leil\u00e3o cheio de irregularidades, que por justificariam a&hellip;","og_url":"https:\/\/blogdofarnesio.com.br\/?p=370741","og_site_name":"Blog do Farn\u00e9sio","article_publisher":"https:\/\/www.facebook.com\/BlogQuerSaberPolitica\/","article_author":"https:\/\/www.facebook.com\/?ref=tn_tnmn","article_published_time":"2024-06-12T20:05:14+00:00","og_image":[{"width":699,"height":420,"url":"https:\/\/blogdofarnesio.com.br\/wp-content\/uploads\/2018\/06\/blogqspcongresso-nacional.jpg","type":"image\/jpeg"}],"author":"Farn\u00e9sio","twitter_card":"summary_large_image","twitter_misc":{"Escrito por":"Farn\u00e9sio","Est. tempo de leitura":"4 minutos"},"schema":{"@context":"https:\/\/schema.org","@graph":[{"@type":"Article","@id":"https:\/\/blogdofarnesio.com.br\/?p=370741#article","isPartOf":{"@id":"https:\/\/blogdofarnesio.com.br\/?p=370741"},"author":{"name":"Farn\u00e9sio","@id":"https:\/\/blogdofarnesio.com.br\/#\/schema\/person\/bb9b23ae3ad0609ce8df7b6c9e76824d"},"headline":"Oposi\u00e7\u00e3o j\u00e1 conseguiu 115 assinaturas para criar a &#8220;CPI do Arroz\u00e3o&#8221; e investigar o leil\u00e3o de compra de arroz","datePublished":"2024-06-12T20:05:14+00:00","mainEntityOfPage":{"@id":"https:\/\/blogdofarnesio.com.br\/?p=370741"},"wordCount":657,"commentCount":0,"publisher":{"@id":"https:\/\/blogdofarnesio.com.br\/#organization"},"image":{"@id":"https:\/\/blogdofarnesio.com.br\/?p=370741#primaryimage"},"thumbnailUrl":"https:\/\/blogdofarnesio.com.br\/wp-content\/uploads\/2018\/06\/blogqspcongresso-nacional.jpg","articleSection":["Pol\u00edtica"],"inLanguage":"pt-BR","potentialAction":[{"@type":"CommentAction","name":"Comment","target":["https:\/\/blogdofarnesio.com.br\/?p=370741#respond"]}]},{"@type":"WebPage","@id":"https:\/\/blogdofarnesio.com.br\/?p=370741","url":"https:\/\/blogdofarnesio.com.br\/?p=370741","name":"Oposi\u00e7\u00e3o j\u00e1 conseguiu 115 assinaturas para criar a \"CPI do Arroz\u00e3o\" e investigar o leil\u00e3o de compra de arroz - Blog do Farn\u00e9sio","isPartOf":{"@id":"https:\/\/blogdofarnesio.com.br\/#website"},"primaryImageOfPage":{"@id":"https:\/\/blogdofarnesio.com.br\/?p=370741#primaryimage"},"image":{"@id":"https:\/\/blogdofarnesio.com.br\/?p=370741#primaryimage"},"thumbnailUrl":"https:\/\/blogdofarnesio.com.br\/wp-content\/uploads\/2018\/06\/blogqspcongresso-nacional.jpg","datePublished":"2024-06-12T20:05:14+00:00","breadcrumb":{"@id":"https:\/\/blogdofarnesio.com.br\/?p=370741#breadcrumb"},"inLanguage":"pt-BR","potentialAction":[{"@type":"ReadAction","target":["https:\/\/blogdofarnesio.com.br\/?p=370741"]}]},{"@type":"ImageObject","inLanguage":"pt-BR","@id":"https:\/\/blogdofarnesio.com.br\/?p=370741#primaryimage","url":"https:\/\/blogdofarnesio.com.br\/wp-content\/uploads\/2018\/06\/blogqspcongresso-nacional.jpg","contentUrl":"https:\/\/blogdofarnesio.com.br\/wp-content\/uploads\/2018\/06\/blogqspcongresso-nacional.jpg","width":699,"height":420},{"@type":"BreadcrumbList","@id":"https:\/\/blogdofarnesio.com.br\/?p=370741#breadcrumb","itemListElement":[{"@type":"ListItem","position":1,"name":"In\u00edcio","item":"https:\/\/blogdofarnesio.com.br\/"},{"@type":"ListItem","position":2,"name":"Oposi\u00e7\u00e3o j\u00e1 conseguiu 115 assinaturas para criar a &#8220;CPI do Arroz\u00e3o&#8221; e investigar o leil\u00e3o de compra de arroz"}]},{"@type":"WebSite","@id":"https:\/\/blogdofarnesio.com.br\/#website","url":"https:\/\/blogdofarnesio.com.br\/","name":"Blog do Farn\u00e9sio","description":"Quer Saber Pol\u00edtica?","publisher":{"@id":"https:\/\/blogdofarnesio.com.br\/#organization"},"potentialAction":[{"@type":"SearchAction","target":{"@type":"EntryPoint","urlTemplate":"https:\/\/blogdofarnesio.com.br\/?s={search_term_string}"},"query-input":{"@type":"PropertyValueSpecification","valueRequired":true,"valueName":"search_term_string"}}],"inLanguage":"pt-BR"},{"@type":"Organization","@id":"https:\/\/blogdofarnesio.com.br\/#organization","name":"Blog do Farn\u00e9sio","url":"https:\/\/blogdofarnesio.com.br\/","logo":{"@type":"ImageObject","inLanguage":"pt-BR","@id":"https:\/\/blogdofarnesio.com.br\/#\/schema\/logo\/image\/","url":"https:\/\/blogdofarnesio.com.br\/wp-content\/uploads\/2026\/03\/cropped-logo_new-1.png","contentUrl":"https:\/\/blogdofarnesio.com.br\/wp-content\/uploads\/2026\/03\/cropped-logo_new-1.png","width":881,"height":685,"caption":"Blog do Farn\u00e9sio"},"image":{"@id":"https:\/\/blogdofarnesio.com.br\/#\/schema\/logo\/image\/"},"sameAs":["https:\/\/www.facebook.com\/BlogQuerSaberPolitica\/"]},{"@type":"Person","@id":"https:\/\/blogdofarnesio.com.br\/#\/schema\/person\/bb9b23ae3ad0609ce8df7b6c9e76824d","name":"Farn\u00e9sio","image":{"@type":"ImageObject","inLanguage":"pt-BR","@id":"https:\/\/secure.gravatar.com\/avatar\/986aa4c61ccdb66f8555bf88fc2a65609d00bcabd4d2d94377a727547345cbca?s=96&d=mm&r=g","url":"https:\/\/secure.gravatar.com\/avatar\/986aa4c61ccdb66f8555bf88fc2a65609d00bcabd4d2d94377a727547345cbca?s=96&d=mm&r=g","contentUrl":"https:\/\/secure.gravatar.com\/avatar\/986aa4c61ccdb66f8555bf88fc2a65609d00bcabd4d2d94377a727547345cbca?s=96&d=mm&r=g","caption":"Farn\u00e9sio"},"description":"Radialista blogueiro, chegou a Petrolina\/Juazeiro em setembro de 1980, Farn\u00e9sio Silva \u00e9 de Arapiraca-Alagoas.","sameAs":["http:\/\/blogdofarnesio.com.br","https:\/\/www.facebook.com\/?ref=tn_tnmn","https:\/\/www.instagram.com\/?utm_source=pwa_homescreen","https:\/\/youtube.com.br\/"],"url":"https:\/\/blogdofarnesio.com.br\/?author=2"}]}},"_links":{"self":[{"href":"https:\/\/blogdofarnesio.com.br\/index.php?rest_route=\/wp\/v2\/posts\/370741","targetHints":{"allow":["GET"]}}],"collection":[{"href":"https:\/\/blogdofarnesio.com.br\/index.php?rest_route=\/wp\/v2\/posts"}],"about":[{"href":"https:\/\/blogdofarnesio.com.br\/index.php?rest_route=\/wp\/v2\/types\/post"}],"author":[{"embeddable":true,"href":"https:\/\/blogdofarnesio.com.br\/index.php?rest_route=\/wp\/v2\/users\/2"}],"replies":[{"embeddable":true,"href":"https:\/\/blogdofarnesio.com.br\/index.php?rest_route=%2Fwp%2Fv2%2Fcomments&post=370741"}],"version-history":[{"count":0,"href":"https:\/\/blogdofarnesio.com.br\/index.php?rest_route=\/wp\/v2\/posts\/370741\/revisions"}],"wp:featuredmedia":[{"embeddable":true,"href":"https:\/\/blogdofarnesio.com.br\/index.php?rest_route=\/wp\/v2\/media\/201047"}],"wp:attachment":[{"href":"https:\/\/blogdofarnesio.com.br\/index.php?rest_route=%2Fwp%2Fv2%2Fmedia&parent=370741"}],"wp:term":[{"taxonomy":"category","embeddable":true,"href":"https:\/\/blogdofarnesio.com.br\/index.php?rest_route=%2Fwp%2Fv2%2Fcategories&post=370741"},{"taxonomy":"post_tag","embeddable":true,"href":"https:\/\/blogdofarnesio.com.br\/index.php?rest_route=%2Fwp%2Fv2%2Ftags&post=370741"}],"curies":[{"name":"wp","href":"https:\/\/api.w.org\/{rel}","templated":true}]}}