{"id":370657,"date":"2024-06-11T17:05:59","date_gmt":"2024-06-11T20:05:59","guid":{"rendered":"https:\/\/blogdofarnesio.com.br\/?p=370657"},"modified":"2024-06-11T12:27:05","modified_gmt":"2024-06-11T15:27:05","slug":"professores-da-uneb-uefs-uesb-e-uesc-aprovam-indicativo-de-greve","status":"publish","type":"post","link":"https:\/\/blogdofarnesio.com.br\/?p=370657","title":{"rendered":"Professores da UNEB, UEFS, UESB e UESC aprovam indicativo de greve"},"content":{"rendered":"<div class=\"sc-b4c8ccf3-0 fsXNOt\"><\/div>\n<div class=\"sc-81cf810-1 bYubFg\">\n<div class=\"sc-81cf810-3 gCNTHg\">\n<p dir=\"ltr\">BN\u00a0 &#8211;\u00a0 Professores da UNEB, UEFS, UESB e UESC aprovaram no in\u00edcio da noite de ontem (10), o indicativo de greve por tempo indeterminado. A decis\u00e3o foi tomada durante assembleia geral da Associa\u00e7\u00e3o dos Docentes da UNEB (ADUNEB), que afirmou em nota que aguarda o governador Jer\u00f4nimo Rodrigues apresentar \u201cdisposi\u00e7\u00e3o para uma negocia\u00e7\u00e3o satisfat\u00f3ria\u201d.<\/p>\n<p dir=\"ltr\">Ainda segundo a categoria, os professores demonstraram grande insatisfa\u00e7\u00e3o com o Governo do Estado e que a solicita\u00e7\u00e3o pela abertura das negocia\u00e7\u00f5es com o Executivo acontece desde o primeiro m\u00eas da gest\u00e3o do governador, em 11 de janeiro de 2023, momento em que foi protocolada na Governadoria, SEC, SAEB e SERIN, a pauta de reivindica\u00e7\u00f5es.<\/p>\n<p dir=\"ltr\">\u201cO descontentamento foi ratificado por v\u00e1rias representa\u00e7\u00f5es do sindicato, dos campi da UNEB do interior, presentes na atividade. Seguindo a orienta\u00e7\u00e3o da ADUNEB realizaram reuni\u00f5es pr\u00e9vias em seus Departamentos e tamb\u00e9m trouxeram para a assembleia a defesa do indicativo de greve\u201d, diz a nota.<\/p>\n<p dir=\"ltr\">Segundo a Coordena\u00e7\u00e3o da ADUNEB, o reajuste salarial conquistado este ano de 6,97%, sem retroatividade \u00e0 data-base da categoria e sem negocia\u00e7\u00e3o com as representa\u00e7\u00f5es sindicais, n\u00e3o recomp\u00f5e nem a infla\u00e7\u00e3o de 2023 e mesmo com o reajuste, as perdas inflacion\u00e1rias, desde 2015, superam 34% de perda salarial. A ADUNEB ressalta ainda que em nenhum momento o governo abriu negocia\u00e7\u00e3o, realizando apenas o que denomina de \u201cmesa de di\u00e1logo\u201d.<\/p>\n<p dir=\"ltr\">A ADUNEB afirma que o indicativo de greve ainda n\u00e3o \u00e9 uma greve por tempo indeterminado e que a pauta aprovada pela assembleia da ADUNEB sinaliza o aumento da mobiliza\u00e7\u00e3o e a disposi\u00e7\u00e3o da categoria docente em deflagrar a greve, caso o governo n\u00e3o apresente resposta \u00e0 pauta de reivindica\u00e7\u00f5es.<\/p>\n<p dir=\"ltr\">\u201cCom responsabilidade, a ADUNEB e as demais associa\u00e7\u00f5es docentes seguem sem medir esfor\u00e7os em busca da negocia\u00e7\u00e3o sem a necessidade da greve, um direito leg\u00edtimo da classe trabalhadora. Desde o in\u00edcio do ano passado, at\u00e9 o momento, foram oito reuni\u00f5es com representantes do governador Jer\u00f4nimo Rodrigues, mas sem a abertura concreta das negocia\u00e7\u00f5es. A luta permanece\u201d, finaliza o comunicado.<\/p>\n<\/div>\n<\/div>\n","protected":false},"excerpt":{"rendered":"<p>BN\u00a0 &#8211;\u00a0 Professores da UNEB, UEFS, UESB e UESC aprovaram no in\u00edcio da noite de ontem (10), o indicativo de greve por tempo indeterminado. A decis\u00e3o foi tomada durante assembleia geral da Associa\u00e7\u00e3o dos Docentes da UNEB (ADUNEB), que afirmou em nota que aguarda o governador Jer\u00f4nimo Rodrigues apresentar \u201cdisposi\u00e7\u00e3o para uma negocia\u00e7\u00e3o satisfat\u00f3ria\u201d. Ainda segundo a categoria, os professores demonstraram grande insatisfa\u00e7\u00e3o com o Governo do Estado e que a solicita\u00e7\u00e3o pela abertura das negocia\u00e7\u00f5es com o Executivo acontece desde o primeiro m\u00eas da gest\u00e3o do governador, em 11 de janeiro de 2023, momento em que foi protocolada na Governadoria, SEC, SAEB e SERIN, a pauta de reivindica\u00e7\u00f5es. \u201cO descontentamento foi ratificado por v\u00e1rias representa\u00e7\u00f5es do sindicato, dos campi&hellip; <\/p>\n","protected":false},"author":2,"featured_media":370658,"comment_status":"open","ping_status":"open","sticky":false,"template":"","format":"standard","meta":{"_acf_changed":false,"footnotes":""},"categories":[6],"tags":[],"class_list":["post-370657","post","type-post","status-publish","format-standard","has-post-thumbnail","hentry","category-educacao"],"acf":[],"yoast_head":"<!-- This site is optimized with the Yoast SEO plugin v27.4 - https:\/\/yoast.com\/product\/yoast-seo-wordpress\/ -->\n<title>Professores da UNEB, UEFS, UESB e UESC aprovam indicativo de greve - Blog do Farn\u00e9sio<\/title>\n<meta name=\"robots\" content=\"index, follow, max-snippet:-1, max-image-preview:large, max-video-preview:-1\" \/>\n<link rel=\"canonical\" href=\"https:\/\/blogdofarnesio.com.br\/?p=370657\" \/>\n<meta property=\"og:locale\" content=\"pt_BR\" \/>\n<meta property=\"og:type\" content=\"article\" \/>\n<meta property=\"og:title\" content=\"Professores da UNEB, UEFS, UESB e UESC aprovam indicativo de greve - Blog do Farn\u00e9sio\" \/>\n<meta property=\"og:description\" content=\"BN\u00a0 &#8211;\u00a0 Professores da UNEB, UEFS, UESB e UESC aprovaram no in\u00edcio da noite de ontem (10), o indicativo de greve por tempo indeterminado. A decis\u00e3o foi tomada durante assembleia geral da Associa\u00e7\u00e3o dos Docentes da UNEB (ADUNEB), que afirmou em nota que aguarda o governador Jer\u00f4nimo Rodrigues apresentar \u201cdisposi\u00e7\u00e3o para uma negocia\u00e7\u00e3o satisfat\u00f3ria\u201d. Ainda segundo a categoria, os professores demonstraram grande insatisfa\u00e7\u00e3o com o Governo do Estado e que a solicita\u00e7\u00e3o pela abertura das negocia\u00e7\u00f5es com o Executivo acontece desde o primeiro m\u00eas da gest\u00e3o do governador, em 11 de janeiro de 2023, momento em que foi protocolada na Governadoria, SEC, SAEB e SERIN, a pauta de reivindica\u00e7\u00f5es. \u201cO descontentamento foi ratificado por v\u00e1rias representa\u00e7\u00f5es do sindicato, dos campi&hellip;\" \/>\n<meta property=\"og:url\" content=\"https:\/\/blogdofarnesio.com.br\/?p=370657\" \/>\n<meta property=\"og:site_name\" content=\"Blog do Farn\u00e9sio\" \/>\n<meta property=\"article:publisher\" content=\"https:\/\/www.facebook.com\/BlogQuerSaberPolitica\/\" \/>\n<meta property=\"article:author\" content=\"https:\/\/www.facebook.com\/?ref=tn_tnmn\" \/>\n<meta property=\"article:published_time\" content=\"2024-06-11T20:05:59+00:00\" \/>\n<meta property=\"og:image\" content=\"https:\/\/blogdofarnesio.com.br\/wp-content\/uploads\/2024\/06\/blogqsp-greve-uneb-uefs-uesb-uesc-e1718119499350.webp\" \/>\n\t<meta property=\"og:image:width\" content=\"600\" \/>\n\t<meta property=\"og:image:height\" content=\"315\" \/>\n\t<meta property=\"og:image:type\" content=\"image\/webp\" \/>\n<meta name=\"author\" content=\"Farn\u00e9sio\" \/>\n<meta name=\"twitter:card\" content=\"summary_large_image\" \/>\n<meta name=\"twitter:label1\" content=\"Escrito por\" \/>\n\t<meta name=\"twitter:data1\" content=\"Farn\u00e9sio\" \/>\n\t<meta name=\"twitter:label2\" content=\"Est. tempo de leitura\" \/>\n\t<meta name=\"twitter:data2\" content=\"3 minutos\" \/>\n<script type=\"application\/ld+json\" class=\"yoast-schema-graph\">{\"@context\":\"https:\\\/\\\/schema.org\",\"@graph\":[{\"@type\":\"Article\",\"@id\":\"https:\\\/\\\/blogdofarnesio.com.br\\\/?p=370657#article\",\"isPartOf\":{\"@id\":\"https:\\\/\\\/blogdofarnesio.com.br\\\/?p=370657\"},\"author\":{\"name\":\"Farn\u00e9sio\",\"@id\":\"https:\\\/\\\/blogdofarnesio.com.br\\\/#\\\/schema\\\/person\\\/bb9b23ae3ad0609ce8df7b6c9e76824d\"},\"headline\":\"Professores da UNEB, UEFS, UESB e UESC aprovam indicativo de greve\",\"datePublished\":\"2024-06-11T20:05:59+00:00\",\"mainEntityOfPage\":{\"@id\":\"https:\\\/\\\/blogdofarnesio.com.br\\\/?p=370657\"},\"wordCount\":373,\"commentCount\":0,\"publisher\":{\"@id\":\"https:\\\/\\\/blogdofarnesio.com.br\\\/#organization\"},\"image\":{\"@id\":\"https:\\\/\\\/blogdofarnesio.com.br\\\/?p=370657#primaryimage\"},\"thumbnailUrl\":\"https:\\\/\\\/blogdofarnesio.com.br\\\/wp-content\\\/uploads\\\/2024\\\/06\\\/blogqsp-greve-uneb-uefs-uesb-uesc-e1718119499350.webp\",\"articleSection\":[\"Educa\u00e7\u00e3o\"],\"inLanguage\":\"pt-BR\",\"potentialAction\":[{\"@type\":\"CommentAction\",\"name\":\"Comment\",\"target\":[\"https:\\\/\\\/blogdofarnesio.com.br\\\/?p=370657#respond\"]}]},{\"@type\":\"WebPage\",\"@id\":\"https:\\\/\\\/blogdofarnesio.com.br\\\/?p=370657\",\"url\":\"https:\\\/\\\/blogdofarnesio.com.br\\\/?p=370657\",\"name\":\"Professores da UNEB, UEFS, UESB e UESC aprovam indicativo de greve - Blog do Farn\u00e9sio\",\"isPartOf\":{\"@id\":\"https:\\\/\\\/blogdofarnesio.com.br\\\/#website\"},\"primaryImageOfPage\":{\"@id\":\"https:\\\/\\\/blogdofarnesio.com.br\\\/?p=370657#primaryimage\"},\"image\":{\"@id\":\"https:\\\/\\\/blogdofarnesio.com.br\\\/?p=370657#primaryimage\"},\"thumbnailUrl\":\"https:\\\/\\\/blogdofarnesio.com.br\\\/wp-content\\\/uploads\\\/2024\\\/06\\\/blogqsp-greve-uneb-uefs-uesb-uesc-e1718119499350.webp\",\"datePublished\":\"2024-06-11T20:05:59+00:00\",\"breadcrumb\":{\"@id\":\"https:\\\/\\\/blogdofarnesio.com.br\\\/?p=370657#breadcrumb\"},\"inLanguage\":\"pt-BR\",\"potentialAction\":[{\"@type\":\"ReadAction\",\"target\":[\"https:\\\/\\\/blogdofarnesio.com.br\\\/?p=370657\"]}]},{\"@type\":\"ImageObject\",\"inLanguage\":\"pt-BR\",\"@id\":\"https:\\\/\\\/blogdofarnesio.com.br\\\/?p=370657#primaryimage\",\"url\":\"https:\\\/\\\/blogdofarnesio.com.br\\\/wp-content\\\/uploads\\\/2024\\\/06\\\/blogqsp-greve-uneb-uefs-uesb-uesc-e1718119499350.webp\",\"contentUrl\":\"https:\\\/\\\/blogdofarnesio.com.br\\\/wp-content\\\/uploads\\\/2024\\\/06\\\/blogqsp-greve-uneb-uefs-uesb-uesc-e1718119499350.webp\",\"width\":600,\"height\":315},{\"@type\":\"BreadcrumbList\",\"@id\":\"https:\\\/\\\/blogdofarnesio.com.br\\\/?p=370657#breadcrumb\",\"itemListElement\":[{\"@type\":\"ListItem\",\"position\":1,\"name\":\"In\u00edcio\",\"item\":\"https:\\\/\\\/blogdofarnesio.com.br\\\/\"},{\"@type\":\"ListItem\",\"position\":2,\"name\":\"Professores da UNEB, UEFS, UESB e UESC aprovam indicativo de greve\"}]},{\"@type\":\"WebSite\",\"@id\":\"https:\\\/\\\/blogdofarnesio.com.br\\\/#website\",\"url\":\"https:\\\/\\\/blogdofarnesio.com.br\\\/\",\"name\":\"Blog do Farn\u00e9sio\",\"description\":\"Quer Saber Pol\u00edtica?\",\"publisher\":{\"@id\":\"https:\\\/\\\/blogdofarnesio.com.br\\\/#organization\"},\"potentialAction\":[{\"@type\":\"SearchAction\",\"target\":{\"@type\":\"EntryPoint\",\"urlTemplate\":\"https:\\\/\\\/blogdofarnesio.com.br\\\/?s={search_term_string}\"},\"query-input\":{\"@type\":\"PropertyValueSpecification\",\"valueRequired\":true,\"valueName\":\"search_term_string\"}}],\"inLanguage\":\"pt-BR\"},{\"@type\":\"Organization\",\"@id\":\"https:\\\/\\\/blogdofarnesio.com.br\\\/#organization\",\"name\":\"Blog do Farn\u00e9sio\",\"url\":\"https:\\\/\\\/blogdofarnesio.com.br\\\/\",\"logo\":{\"@type\":\"ImageObject\",\"inLanguage\":\"pt-BR\",\"@id\":\"https:\\\/\\\/blogdofarnesio.com.br\\\/#\\\/schema\\\/logo\\\/image\\\/\",\"url\":\"https:\\\/\\\/blogdofarnesio.com.br\\\/wp-content\\\/uploads\\\/2026\\\/03\\\/cropped-logo_new-1.png\",\"contentUrl\":\"https:\\\/\\\/blogdofarnesio.com.br\\\/wp-content\\\/uploads\\\/2026\\\/03\\\/cropped-logo_new-1.png\",\"width\":881,\"height\":685,\"caption\":\"Blog do Farn\u00e9sio\"},\"image\":{\"@id\":\"https:\\\/\\\/blogdofarnesio.com.br\\\/#\\\/schema\\\/logo\\\/image\\\/\"},\"sameAs\":[\"https:\\\/\\\/www.facebook.com\\\/BlogQuerSaberPolitica\\\/\"]},{\"@type\":\"Person\",\"@id\":\"https:\\\/\\\/blogdofarnesio.com.br\\\/#\\\/schema\\\/person\\\/bb9b23ae3ad0609ce8df7b6c9e76824d\",\"name\":\"Farn\u00e9sio\",\"image\":{\"@type\":\"ImageObject\",\"inLanguage\":\"pt-BR\",\"@id\":\"https:\\\/\\\/secure.gravatar.com\\\/avatar\\\/986aa4c61ccdb66f8555bf88fc2a65609d00bcabd4d2d94377a727547345cbca?s=96&d=mm&r=g\",\"url\":\"https:\\\/\\\/secure.gravatar.com\\\/avatar\\\/986aa4c61ccdb66f8555bf88fc2a65609d00bcabd4d2d94377a727547345cbca?s=96&d=mm&r=g\",\"contentUrl\":\"https:\\\/\\\/secure.gravatar.com\\\/avatar\\\/986aa4c61ccdb66f8555bf88fc2a65609d00bcabd4d2d94377a727547345cbca?s=96&d=mm&r=g\",\"caption\":\"Farn\u00e9sio\"},\"description\":\"Radialista blogueiro, chegou a Petrolina\\\/Juazeiro em setembro de 1980, Farn\u00e9sio Silva \u00e9 de Arapiraca-Alagoas.\",\"sameAs\":[\"http:\\\/\\\/blogdofarnesio.com.br\",\"https:\\\/\\\/www.facebook.com\\\/?ref=tn_tnmn\",\"https:\\\/\\\/www.instagram.com\\\/?utm_source=pwa_homescreen\",\"https:\\\/\\\/youtube.com.br\\\/\"],\"url\":\"https:\\\/\\\/blogdofarnesio.com.br\\\/?author=2\"}]}<\/script>\n<!-- \/ Yoast SEO plugin. -->","yoast_head_json":{"title":"Professores da UNEB, UEFS, UESB e UESC aprovam indicativo de greve - Blog do Farn\u00e9sio","robots":{"index":"index","follow":"follow","max-snippet":"max-snippet:-1","max-image-preview":"max-image-preview:large","max-video-preview":"max-video-preview:-1"},"canonical":"https:\/\/blogdofarnesio.com.br\/?p=370657","og_locale":"pt_BR","og_type":"article","og_title":"Professores da UNEB, UEFS, UESB e UESC aprovam indicativo de greve - Blog do Farn\u00e9sio","og_description":"BN\u00a0 &#8211;\u00a0 Professores da UNEB, UEFS, UESB e UESC aprovaram no in\u00edcio da noite de ontem (10), o indicativo de greve por tempo indeterminado. A decis\u00e3o foi tomada durante assembleia geral da Associa\u00e7\u00e3o dos Docentes da UNEB (ADUNEB), que afirmou em nota que aguarda o governador Jer\u00f4nimo Rodrigues apresentar \u201cdisposi\u00e7\u00e3o para uma negocia\u00e7\u00e3o satisfat\u00f3ria\u201d. Ainda segundo a categoria, os professores demonstraram grande insatisfa\u00e7\u00e3o com o Governo do Estado e que a solicita\u00e7\u00e3o pela abertura das negocia\u00e7\u00f5es com o Executivo acontece desde o primeiro m\u00eas da gest\u00e3o do governador, em 11 de janeiro de 2023, momento em que foi protocolada na Governadoria, SEC, SAEB e SERIN, a pauta de reivindica\u00e7\u00f5es. \u201cO descontentamento foi ratificado por v\u00e1rias representa\u00e7\u00f5es do sindicato, dos campi&hellip;","og_url":"https:\/\/blogdofarnesio.com.br\/?p=370657","og_site_name":"Blog do Farn\u00e9sio","article_publisher":"https:\/\/www.facebook.com\/BlogQuerSaberPolitica\/","article_author":"https:\/\/www.facebook.com\/?ref=tn_tnmn","article_published_time":"2024-06-11T20:05:59+00:00","og_image":[{"width":600,"height":315,"url":"https:\/\/blogdofarnesio.com.br\/wp-content\/uploads\/2024\/06\/blogqsp-greve-uneb-uefs-uesb-uesc-e1718119499350.webp","type":"image\/webp"}],"author":"Farn\u00e9sio","twitter_card":"summary_large_image","twitter_misc":{"Escrito por":"Farn\u00e9sio","Est. tempo de leitura":"3 minutos"},"schema":{"@context":"https:\/\/schema.org","@graph":[{"@type":"Article","@id":"https:\/\/blogdofarnesio.com.br\/?p=370657#article","isPartOf":{"@id":"https:\/\/blogdofarnesio.com.br\/?p=370657"},"author":{"name":"Farn\u00e9sio","@id":"https:\/\/blogdofarnesio.com.br\/#\/schema\/person\/bb9b23ae3ad0609ce8df7b6c9e76824d"},"headline":"Professores da UNEB, UEFS, UESB e UESC aprovam indicativo de greve","datePublished":"2024-06-11T20:05:59+00:00","mainEntityOfPage":{"@id":"https:\/\/blogdofarnesio.com.br\/?p=370657"},"wordCount":373,"commentCount":0,"publisher":{"@id":"https:\/\/blogdofarnesio.com.br\/#organization"},"image":{"@id":"https:\/\/blogdofarnesio.com.br\/?p=370657#primaryimage"},"thumbnailUrl":"https:\/\/blogdofarnesio.com.br\/wp-content\/uploads\/2024\/06\/blogqsp-greve-uneb-uefs-uesb-uesc-e1718119499350.webp","articleSection":["Educa\u00e7\u00e3o"],"inLanguage":"pt-BR","potentialAction":[{"@type":"CommentAction","name":"Comment","target":["https:\/\/blogdofarnesio.com.br\/?p=370657#respond"]}]},{"@type":"WebPage","@id":"https:\/\/blogdofarnesio.com.br\/?p=370657","url":"https:\/\/blogdofarnesio.com.br\/?p=370657","name":"Professores da UNEB, UEFS, UESB e UESC aprovam indicativo de greve - Blog do Farn\u00e9sio","isPartOf":{"@id":"https:\/\/blogdofarnesio.com.br\/#website"},"primaryImageOfPage":{"@id":"https:\/\/blogdofarnesio.com.br\/?p=370657#primaryimage"},"image":{"@id":"https:\/\/blogdofarnesio.com.br\/?p=370657#primaryimage"},"thumbnailUrl":"https:\/\/blogdofarnesio.com.br\/wp-content\/uploads\/2024\/06\/blogqsp-greve-uneb-uefs-uesb-uesc-e1718119499350.webp","datePublished":"2024-06-11T20:05:59+00:00","breadcrumb":{"@id":"https:\/\/blogdofarnesio.com.br\/?p=370657#breadcrumb"},"inLanguage":"pt-BR","potentialAction":[{"@type":"ReadAction","target":["https:\/\/blogdofarnesio.com.br\/?p=370657"]}]},{"@type":"ImageObject","inLanguage":"pt-BR","@id":"https:\/\/blogdofarnesio.com.br\/?p=370657#primaryimage","url":"https:\/\/blogdofarnesio.com.br\/wp-content\/uploads\/2024\/06\/blogqsp-greve-uneb-uefs-uesb-uesc-e1718119499350.webp","contentUrl":"https:\/\/blogdofarnesio.com.br\/wp-content\/uploads\/2024\/06\/blogqsp-greve-uneb-uefs-uesb-uesc-e1718119499350.webp","width":600,"height":315},{"@type":"BreadcrumbList","@id":"https:\/\/blogdofarnesio.com.br\/?p=370657#breadcrumb","itemListElement":[{"@type":"ListItem","position":1,"name":"In\u00edcio","item":"https:\/\/blogdofarnesio.com.br\/"},{"@type":"ListItem","position":2,"name":"Professores da UNEB, UEFS, UESB e UESC aprovam indicativo de greve"}]},{"@type":"WebSite","@id":"https:\/\/blogdofarnesio.com.br\/#website","url":"https:\/\/blogdofarnesio.com.br\/","name":"Blog do Farn\u00e9sio","description":"Quer Saber Pol\u00edtica?","publisher":{"@id":"https:\/\/blogdofarnesio.com.br\/#organization"},"potentialAction":[{"@type":"SearchAction","target":{"@type":"EntryPoint","urlTemplate":"https:\/\/blogdofarnesio.com.br\/?s={search_term_string}"},"query-input":{"@type":"PropertyValueSpecification","valueRequired":true,"valueName":"search_term_string"}}],"inLanguage":"pt-BR"},{"@type":"Organization","@id":"https:\/\/blogdofarnesio.com.br\/#organization","name":"Blog do Farn\u00e9sio","url":"https:\/\/blogdofarnesio.com.br\/","logo":{"@type":"ImageObject","inLanguage":"pt-BR","@id":"https:\/\/blogdofarnesio.com.br\/#\/schema\/logo\/image\/","url":"https:\/\/blogdofarnesio.com.br\/wp-content\/uploads\/2026\/03\/cropped-logo_new-1.png","contentUrl":"https:\/\/blogdofarnesio.com.br\/wp-content\/uploads\/2026\/03\/cropped-logo_new-1.png","width":881,"height":685,"caption":"Blog do Farn\u00e9sio"},"image":{"@id":"https:\/\/blogdofarnesio.com.br\/#\/schema\/logo\/image\/"},"sameAs":["https:\/\/www.facebook.com\/BlogQuerSaberPolitica\/"]},{"@type":"Person","@id":"https:\/\/blogdofarnesio.com.br\/#\/schema\/person\/bb9b23ae3ad0609ce8df7b6c9e76824d","name":"Farn\u00e9sio","image":{"@type":"ImageObject","inLanguage":"pt-BR","@id":"https:\/\/secure.gravatar.com\/avatar\/986aa4c61ccdb66f8555bf88fc2a65609d00bcabd4d2d94377a727547345cbca?s=96&d=mm&r=g","url":"https:\/\/secure.gravatar.com\/avatar\/986aa4c61ccdb66f8555bf88fc2a65609d00bcabd4d2d94377a727547345cbca?s=96&d=mm&r=g","contentUrl":"https:\/\/secure.gravatar.com\/avatar\/986aa4c61ccdb66f8555bf88fc2a65609d00bcabd4d2d94377a727547345cbca?s=96&d=mm&r=g","caption":"Farn\u00e9sio"},"description":"Radialista blogueiro, chegou a Petrolina\/Juazeiro em setembro de 1980, Farn\u00e9sio Silva \u00e9 de Arapiraca-Alagoas.","sameAs":["http:\/\/blogdofarnesio.com.br","https:\/\/www.facebook.com\/?ref=tn_tnmn","https:\/\/www.instagram.com\/?utm_source=pwa_homescreen","https:\/\/youtube.com.br\/"],"url":"https:\/\/blogdofarnesio.com.br\/?author=2"}]}},"_links":{"self":[{"href":"https:\/\/blogdofarnesio.com.br\/index.php?rest_route=\/wp\/v2\/posts\/370657","targetHints":{"allow":["GET"]}}],"collection":[{"href":"https:\/\/blogdofarnesio.com.br\/index.php?rest_route=\/wp\/v2\/posts"}],"about":[{"href":"https:\/\/blogdofarnesio.com.br\/index.php?rest_route=\/wp\/v2\/types\/post"}],"author":[{"embeddable":true,"href":"https:\/\/blogdofarnesio.com.br\/index.php?rest_route=\/wp\/v2\/users\/2"}],"replies":[{"embeddable":true,"href":"https:\/\/blogdofarnesio.com.br\/index.php?rest_route=%2Fwp%2Fv2%2Fcomments&post=370657"}],"version-history":[{"count":0,"href":"https:\/\/blogdofarnesio.com.br\/index.php?rest_route=\/wp\/v2\/posts\/370657\/revisions"}],"wp:featuredmedia":[{"embeddable":true,"href":"https:\/\/blogdofarnesio.com.br\/index.php?rest_route=\/wp\/v2\/media\/370658"}],"wp:attachment":[{"href":"https:\/\/blogdofarnesio.com.br\/index.php?rest_route=%2Fwp%2Fv2%2Fmedia&parent=370657"}],"wp:term":[{"taxonomy":"category","embeddable":true,"href":"https:\/\/blogdofarnesio.com.br\/index.php?rest_route=%2Fwp%2Fv2%2Fcategories&post=370657"},{"taxonomy":"post_tag","embeddable":true,"href":"https:\/\/blogdofarnesio.com.br\/index.php?rest_route=%2Fwp%2Fv2%2Ftags&post=370657"}],"curies":[{"name":"wp","href":"https:\/\/api.w.org\/{rel}","templated":true}]}}