{"id":370578,"date":"2024-06-11T15:44:21","date_gmt":"2024-06-11T18:44:21","guid":{"rendered":"https:\/\/blogdofarnesio.com.br\/?p=370578"},"modified":"2024-06-11T12:15:04","modified_gmt":"2024-06-11T15:15:04","slug":"petrolina-aplicou-mais-de-mil-doses-de-vacina-no-dia-d-contra-a-paralisia-infantil","status":"publish","type":"post","link":"https:\/\/blogdofarnesio.com.br\/?p=370578","title":{"rendered":"Petrolina aplicou mais de mil doses de vacina no dia D contra a paralisia infantil"},"content":{"rendered":"<div id=\"nav\">\n<div id=\"speedbump\">\n<div class=\"ObxnS\">\n<div class=\"MefFWe\">\n<div class=\"hbTneb\">\n<div class=\"KkSzKc\"><\/div>\n<\/div>\n<\/div>\n<\/div>\n<\/div>\n<\/div>\n<div id=\"views\">\n<div id=\"cv_\" class=\" q0CeU \">\n<div class=\"BMRW0e\">\n<div class=\"uQdvnb\">\n<div class=\"OM62re\">\n<div class=\"Atp2Qd\">\n<div class=\"gmSzme\" data-onclick=\"cvmsgcontainercl+23\">\n<div id=\"cvcmsg_19002e0e4b1ccfd2\" class=\"ArwC7c\">\n<div id=\"cvcfullmsg_19002e0e4b1ccfd2\" class=\"LnPMz\">\n<div id=\"cvcmsgbod_19002e0e4b1ccfd2\" class=\"qgRHze\">\n<div class=\"lR4FQe\">\n<div class=\"IoGNdb Zc0jMc \" dir=\"ltr\">\n<div dir=\"ltr\">\n<div>Petrolina participou do Dia D da Vacina\u00e7\u00e3o contra a Poliomielite, no \u00faltimo fim de semana (8), registrando um importante avan\u00e7o na prote\u00e7\u00e3o das crian\u00e7as contra a doen\u00e7a. Mais de mil doses de vacinas do tipo VIP (Vacina Inativada Poliomielite) e VOP (Vacina Oral Poliomielite) foram administradas, totalizando 1.064 doses aplicadas.<\/div>\n<div><\/div>\n<div>Esse esfor\u00e7o da Prefeitura Municipal significa mais crian\u00e7as protegidas contra a poliomielite, uma doen\u00e7a que pode causar graves complica\u00e7\u00f5es.<\/div>\n<div><\/div>\n<div>A poliomielite, tamb\u00e9m conhecida como paralisia infantil, \u00e9 uma doen\u00e7a viral que pode levar \u00e0 paralisia permanente, insufici\u00eancia respirat\u00f3ria e, em casos extremos, \u00e0 morte.<\/div>\n<div><\/div>\n<div>A vacina contra a poliomielite est\u00e1 prevista no calend\u00e1rio do Programa Nacional de Imuniza\u00e7\u00f5es (PNI) para todas as crian\u00e7as menores de cinco anos, e \u00e9 a \u00fanica maneira eficaz de prevenir a transmiss\u00e3o do v\u00edrus, protegendo as crian\u00e7as de suas consequ\u00eancias devastadoras.<\/div>\n<div><\/div>\n<div>A Secretaria de Sa\u00fade tem sempre marcado compromisso com a sa\u00fade p\u00fablica ao a\u00e7\u00f5es como essa, na qual disponibilizou 16 pontos de vacina\u00e7\u00e3o, abrangendo tanto a zona urbana quanto a rural. Entre os locais de vacina\u00e7\u00e3o, destacam-se as Unidades B\u00e1sicas de Sa\u00fade (UBS), al\u00e9m de um drive-thru na Avenida da Integra\u00e7\u00e3o e um ponto no River Shopping.<\/div>\n<div><\/div>\n<div>Esse esfor\u00e7o faz parte de uma estrat\u00e9gia maior de gest\u00e3o municipal para ampliar a cobertura vacinal das crian\u00e7as na faixa et\u00e1ria prescrita para a vacina\u00e7\u00e3o contra a poliomielite.<\/div>\n<div><\/div>\n<div>A mobiliza\u00e7\u00e3o e a ampla disponibilidade de pontos de vacina\u00e7\u00e3o s\u00e3o essenciais para garantir que o maior n\u00famero poss\u00edvel de crian\u00e7as do munic\u00edpio receba a vacina, fazendo com que elas sejam protegidas e contribuam para a erradica\u00e7\u00e3o da doen\u00e7a.<\/div>\n<div><\/div>\n<div>A Campanha Nacional de Vacina\u00e7\u00e3o Contra a Poliomielite segue at\u00e9 dia 14 de junho.<\/div>\n<div><\/div>\n<div>O sucesso do Dia D de Vacina\u00e7\u00e3o contra a Paralisia Infantil em Petrolina \u00e9 um reflexo do compromisso da administra\u00e7\u00e3o municipal e da comunidade, trabalhando juntos para garantir um futuro saud\u00e1vel para todas as crian\u00e7as.<\/div>\n<div><\/div>\n<div>A prefeitura continua incentivando os pais a manterem o calend\u00e1rio de vacina\u00e7\u00e3o dos filhos em dia, refor\u00e7ando que a preven\u00e7\u00e3o \u00e9 a melhor forma de combater a poliomielite, e que as vacinas salvam vidas.<\/div>\n<\/div>\n<\/div>\n<\/div>\n<\/div>\n<\/div>\n<\/div>\n<\/div>\n<\/div>\n<\/div>\n<\/div>\n<\/div>\n<\/div>\n<\/div>\n","protected":false},"excerpt":{"rendered":"<p>Petrolina participou do Dia D da Vacina\u00e7\u00e3o contra a Poliomielite, no \u00faltimo fim de semana (8), registrando um importante avan\u00e7o na prote\u00e7\u00e3o das crian\u00e7as contra a doen\u00e7a. Mais de mil doses de vacinas do tipo VIP (Vacina Inativada Poliomielite) e VOP (Vacina Oral Poliomielite) foram administradas, totalizando 1.064 doses aplicadas. Esse esfor\u00e7o da Prefeitura Municipal significa mais crian\u00e7as protegidas contra a poliomielite, uma doen\u00e7a que pode causar graves complica\u00e7\u00f5es. A poliomielite, tamb\u00e9m conhecida como paralisia infantil, \u00e9 uma doen\u00e7a viral que pode levar \u00e0 paralisia permanente, insufici\u00eancia respirat\u00f3ria e, em casos extremos, \u00e0 morte. A vacina contra a poliomielite est\u00e1 prevista no calend\u00e1rio do Programa Nacional de Imuniza\u00e7\u00f5es (PNI) para todas as crian\u00e7as menores de cinco anos, e \u00e9 a&hellip; <\/p>\n","protected":false},"author":2,"featured_media":370579,"comment_status":"open","ping_status":"open","sticky":false,"template":"","format":"standard","meta":{"_acf_changed":false,"footnotes":""},"categories":[4],"tags":[],"class_list":["post-370578","post","type-post","status-publish","format-standard","has-post-thumbnail","hentry","category-saude"],"acf":[],"yoast_head":"<!-- This site is optimized with the Yoast SEO plugin v27.4 - https:\/\/yoast.com\/product\/yoast-seo-wordpress\/ -->\n<title>Petrolina aplicou mais de mil doses de vacina no dia D contra a paralisia infantil - Blog do Farn\u00e9sio<\/title>\n<meta name=\"robots\" content=\"index, follow, max-snippet:-1, max-image-preview:large, max-video-preview:-1\" \/>\n<link rel=\"canonical\" href=\"https:\/\/blogdofarnesio.com.br\/?p=370578\" \/>\n<meta property=\"og:locale\" content=\"pt_BR\" \/>\n<meta property=\"og:type\" content=\"article\" \/>\n<meta property=\"og:title\" content=\"Petrolina aplicou mais de mil doses de vacina no dia D contra a paralisia infantil - Blog do Farn\u00e9sio\" \/>\n<meta property=\"og:description\" content=\"Petrolina participou do Dia D da Vacina\u00e7\u00e3o contra a Poliomielite, no \u00faltimo fim de semana (8), registrando um importante avan\u00e7o na prote\u00e7\u00e3o das crian\u00e7as contra a doen\u00e7a. Mais de mil doses de vacinas do tipo VIP (Vacina Inativada Poliomielite) e VOP (Vacina Oral Poliomielite) foram administradas, totalizando 1.064 doses aplicadas. Esse esfor\u00e7o da Prefeitura Municipal significa mais crian\u00e7as protegidas contra a poliomielite, uma doen\u00e7a que pode causar graves complica\u00e7\u00f5es. A poliomielite, tamb\u00e9m conhecida como paralisia infantil, \u00e9 uma doen\u00e7a viral que pode levar \u00e0 paralisia permanente, insufici\u00eancia respirat\u00f3ria e, em casos extremos, \u00e0 morte. A vacina contra a poliomielite est\u00e1 prevista no calend\u00e1rio do Programa Nacional de Imuniza\u00e7\u00f5es (PNI) para todas as crian\u00e7as menores de cinco anos, e \u00e9 a&hellip;\" \/>\n<meta property=\"og:url\" content=\"https:\/\/blogdofarnesio.com.br\/?p=370578\" \/>\n<meta property=\"og:site_name\" content=\"Blog do Farn\u00e9sio\" \/>\n<meta property=\"article:publisher\" content=\"https:\/\/www.facebook.com\/BlogQuerSaberPolitica\/\" \/>\n<meta property=\"article:author\" content=\"https:\/\/www.facebook.com\/?ref=tn_tnmn\" \/>\n<meta property=\"article:published_time\" content=\"2024-06-11T18:44:21+00:00\" \/>\n<meta property=\"og:image\" content=\"https:\/\/blogdofarnesio.com.br\/wp-content\/uploads\/2024\/06\/FOTO-Deivid-Menezes-3-e1718037709103.jpeg\" \/>\n\t<meta property=\"og:image:width\" content=\"600\" \/>\n\t<meta property=\"og:image:height\" content=\"400\" \/>\n\t<meta property=\"og:image:type\" content=\"image\/jpeg\" \/>\n<meta name=\"author\" content=\"Farn\u00e9sio\" \/>\n<meta name=\"twitter:card\" content=\"summary_large_image\" \/>\n<meta name=\"twitter:label1\" content=\"Escrito por\" \/>\n\t<meta name=\"twitter:data1\" content=\"Farn\u00e9sio\" \/>\n\t<meta name=\"twitter:label2\" content=\"Est. tempo de leitura\" \/>\n\t<meta name=\"twitter:data2\" content=\"3 minutos\" \/>\n<script type=\"application\/ld+json\" class=\"yoast-schema-graph\">{\"@context\":\"https:\\\/\\\/schema.org\",\"@graph\":[{\"@type\":\"Article\",\"@id\":\"https:\\\/\\\/blogdofarnesio.com.br\\\/?p=370578#article\",\"isPartOf\":{\"@id\":\"https:\\\/\\\/blogdofarnesio.com.br\\\/?p=370578\"},\"author\":{\"name\":\"Farn\u00e9sio\",\"@id\":\"https:\\\/\\\/blogdofarnesio.com.br\\\/#\\\/schema\\\/person\\\/bb9b23ae3ad0609ce8df7b6c9e76824d\"},\"headline\":\"Petrolina aplicou mais de mil doses de vacina no dia D contra a paralisia infantil\",\"datePublished\":\"2024-06-11T18:44:21+00:00\",\"mainEntityOfPage\":{\"@id\":\"https:\\\/\\\/blogdofarnesio.com.br\\\/?p=370578\"},\"wordCount\":402,\"commentCount\":0,\"publisher\":{\"@id\":\"https:\\\/\\\/blogdofarnesio.com.br\\\/#organization\"},\"image\":{\"@id\":\"https:\\\/\\\/blogdofarnesio.com.br\\\/?p=370578#primaryimage\"},\"thumbnailUrl\":\"https:\\\/\\\/blogdofarnesio.com.br\\\/wp-content\\\/uploads\\\/2024\\\/06\\\/FOTO-Deivid-Menezes-3-e1718037709103.jpeg\",\"articleSection\":[\"Sa\u00fade\"],\"inLanguage\":\"pt-BR\",\"potentialAction\":[{\"@type\":\"CommentAction\",\"name\":\"Comment\",\"target\":[\"https:\\\/\\\/blogdofarnesio.com.br\\\/?p=370578#respond\"]}]},{\"@type\":\"WebPage\",\"@id\":\"https:\\\/\\\/blogdofarnesio.com.br\\\/?p=370578\",\"url\":\"https:\\\/\\\/blogdofarnesio.com.br\\\/?p=370578\",\"name\":\"Petrolina aplicou mais de mil doses de vacina no dia D contra a paralisia infantil - Blog do Farn\u00e9sio\",\"isPartOf\":{\"@id\":\"https:\\\/\\\/blogdofarnesio.com.br\\\/#website\"},\"primaryImageOfPage\":{\"@id\":\"https:\\\/\\\/blogdofarnesio.com.br\\\/?p=370578#primaryimage\"},\"image\":{\"@id\":\"https:\\\/\\\/blogdofarnesio.com.br\\\/?p=370578#primaryimage\"},\"thumbnailUrl\":\"https:\\\/\\\/blogdofarnesio.com.br\\\/wp-content\\\/uploads\\\/2024\\\/06\\\/FOTO-Deivid-Menezes-3-e1718037709103.jpeg\",\"datePublished\":\"2024-06-11T18:44:21+00:00\",\"breadcrumb\":{\"@id\":\"https:\\\/\\\/blogdofarnesio.com.br\\\/?p=370578#breadcrumb\"},\"inLanguage\":\"pt-BR\",\"potentialAction\":[{\"@type\":\"ReadAction\",\"target\":[\"https:\\\/\\\/blogdofarnesio.com.br\\\/?p=370578\"]}]},{\"@type\":\"ImageObject\",\"inLanguage\":\"pt-BR\",\"@id\":\"https:\\\/\\\/blogdofarnesio.com.br\\\/?p=370578#primaryimage\",\"url\":\"https:\\\/\\\/blogdofarnesio.com.br\\\/wp-content\\\/uploads\\\/2024\\\/06\\\/FOTO-Deivid-Menezes-3-e1718037709103.jpeg\",\"contentUrl\":\"https:\\\/\\\/blogdofarnesio.com.br\\\/wp-content\\\/uploads\\\/2024\\\/06\\\/FOTO-Deivid-Menezes-3-e1718037709103.jpeg\",\"width\":600,\"height\":400,\"caption\":\"Dia D poliomielite\"},{\"@type\":\"BreadcrumbList\",\"@id\":\"https:\\\/\\\/blogdofarnesio.com.br\\\/?p=370578#breadcrumb\",\"itemListElement\":[{\"@type\":\"ListItem\",\"position\":1,\"name\":\"In\u00edcio\",\"item\":\"https:\\\/\\\/blogdofarnesio.com.br\\\/\"},{\"@type\":\"ListItem\",\"position\":2,\"name\":\"Petrolina aplicou mais de mil doses de vacina no dia D contra a paralisia infantil\"}]},{\"@type\":\"WebSite\",\"@id\":\"https:\\\/\\\/blogdofarnesio.com.br\\\/#website\",\"url\":\"https:\\\/\\\/blogdofarnesio.com.br\\\/\",\"name\":\"Blog do Farn\u00e9sio\",\"description\":\"Quer Saber Pol\u00edtica?\",\"publisher\":{\"@id\":\"https:\\\/\\\/blogdofarnesio.com.br\\\/#organization\"},\"potentialAction\":[{\"@type\":\"SearchAction\",\"target\":{\"@type\":\"EntryPoint\",\"urlTemplate\":\"https:\\\/\\\/blogdofarnesio.com.br\\\/?s={search_term_string}\"},\"query-input\":{\"@type\":\"PropertyValueSpecification\",\"valueRequired\":true,\"valueName\":\"search_term_string\"}}],\"inLanguage\":\"pt-BR\"},{\"@type\":\"Organization\",\"@id\":\"https:\\\/\\\/blogdofarnesio.com.br\\\/#organization\",\"name\":\"Blog do Farn\u00e9sio\",\"url\":\"https:\\\/\\\/blogdofarnesio.com.br\\\/\",\"logo\":{\"@type\":\"ImageObject\",\"inLanguage\":\"pt-BR\",\"@id\":\"https:\\\/\\\/blogdofarnesio.com.br\\\/#\\\/schema\\\/logo\\\/image\\\/\",\"url\":\"https:\\\/\\\/blogdofarnesio.com.br\\\/wp-content\\\/uploads\\\/2026\\\/03\\\/cropped-logo_new-1.png\",\"contentUrl\":\"https:\\\/\\\/blogdofarnesio.com.br\\\/wp-content\\\/uploads\\\/2026\\\/03\\\/cropped-logo_new-1.png\",\"width\":881,\"height\":685,\"caption\":\"Blog do Farn\u00e9sio\"},\"image\":{\"@id\":\"https:\\\/\\\/blogdofarnesio.com.br\\\/#\\\/schema\\\/logo\\\/image\\\/\"},\"sameAs\":[\"https:\\\/\\\/www.facebook.com\\\/BlogQuerSaberPolitica\\\/\"]},{\"@type\":\"Person\",\"@id\":\"https:\\\/\\\/blogdofarnesio.com.br\\\/#\\\/schema\\\/person\\\/bb9b23ae3ad0609ce8df7b6c9e76824d\",\"name\":\"Farn\u00e9sio\",\"image\":{\"@type\":\"ImageObject\",\"inLanguage\":\"pt-BR\",\"@id\":\"https:\\\/\\\/secure.gravatar.com\\\/avatar\\\/986aa4c61ccdb66f8555bf88fc2a65609d00bcabd4d2d94377a727547345cbca?s=96&d=mm&r=g\",\"url\":\"https:\\\/\\\/secure.gravatar.com\\\/avatar\\\/986aa4c61ccdb66f8555bf88fc2a65609d00bcabd4d2d94377a727547345cbca?s=96&d=mm&r=g\",\"contentUrl\":\"https:\\\/\\\/secure.gravatar.com\\\/avatar\\\/986aa4c61ccdb66f8555bf88fc2a65609d00bcabd4d2d94377a727547345cbca?s=96&d=mm&r=g\",\"caption\":\"Farn\u00e9sio\"},\"description\":\"Radialista blogueiro, chegou a Petrolina\\\/Juazeiro em setembro de 1980, Farn\u00e9sio Silva \u00e9 de Arapiraca-Alagoas.\",\"sameAs\":[\"http:\\\/\\\/blogdofarnesio.com.br\",\"https:\\\/\\\/www.facebook.com\\\/?ref=tn_tnmn\",\"https:\\\/\\\/www.instagram.com\\\/?utm_source=pwa_homescreen\",\"https:\\\/\\\/youtube.com.br\\\/\"],\"url\":\"https:\\\/\\\/blogdofarnesio.com.br\\\/?author=2\"}]}<\/script>\n<!-- \/ Yoast SEO plugin. -->","yoast_head_json":{"title":"Petrolina aplicou mais de mil doses de vacina no dia D contra a paralisia infantil - Blog do Farn\u00e9sio","robots":{"index":"index","follow":"follow","max-snippet":"max-snippet:-1","max-image-preview":"max-image-preview:large","max-video-preview":"max-video-preview:-1"},"canonical":"https:\/\/blogdofarnesio.com.br\/?p=370578","og_locale":"pt_BR","og_type":"article","og_title":"Petrolina aplicou mais de mil doses de vacina no dia D contra a paralisia infantil - Blog do Farn\u00e9sio","og_description":"Petrolina participou do Dia D da Vacina\u00e7\u00e3o contra a Poliomielite, no \u00faltimo fim de semana (8), registrando um importante avan\u00e7o na prote\u00e7\u00e3o das crian\u00e7as contra a doen\u00e7a. Mais de mil doses de vacinas do tipo VIP (Vacina Inativada Poliomielite) e VOP (Vacina Oral Poliomielite) foram administradas, totalizando 1.064 doses aplicadas. Esse esfor\u00e7o da Prefeitura Municipal significa mais crian\u00e7as protegidas contra a poliomielite, uma doen\u00e7a que pode causar graves complica\u00e7\u00f5es. A poliomielite, tamb\u00e9m conhecida como paralisia infantil, \u00e9 uma doen\u00e7a viral que pode levar \u00e0 paralisia permanente, insufici\u00eancia respirat\u00f3ria e, em casos extremos, \u00e0 morte. A vacina contra a poliomielite est\u00e1 prevista no calend\u00e1rio do Programa Nacional de Imuniza\u00e7\u00f5es (PNI) para todas as crian\u00e7as menores de cinco anos, e \u00e9 a&hellip;","og_url":"https:\/\/blogdofarnesio.com.br\/?p=370578","og_site_name":"Blog do Farn\u00e9sio","article_publisher":"https:\/\/www.facebook.com\/BlogQuerSaberPolitica\/","article_author":"https:\/\/www.facebook.com\/?ref=tn_tnmn","article_published_time":"2024-06-11T18:44:21+00:00","og_image":[{"width":600,"height":400,"url":"https:\/\/blogdofarnesio.com.br\/wp-content\/uploads\/2024\/06\/FOTO-Deivid-Menezes-3-e1718037709103.jpeg","type":"image\/jpeg"}],"author":"Farn\u00e9sio","twitter_card":"summary_large_image","twitter_misc":{"Escrito por":"Farn\u00e9sio","Est. tempo de leitura":"3 minutos"},"schema":{"@context":"https:\/\/schema.org","@graph":[{"@type":"Article","@id":"https:\/\/blogdofarnesio.com.br\/?p=370578#article","isPartOf":{"@id":"https:\/\/blogdofarnesio.com.br\/?p=370578"},"author":{"name":"Farn\u00e9sio","@id":"https:\/\/blogdofarnesio.com.br\/#\/schema\/person\/bb9b23ae3ad0609ce8df7b6c9e76824d"},"headline":"Petrolina aplicou mais de mil doses de vacina no dia D contra a paralisia infantil","datePublished":"2024-06-11T18:44:21+00:00","mainEntityOfPage":{"@id":"https:\/\/blogdofarnesio.com.br\/?p=370578"},"wordCount":402,"commentCount":0,"publisher":{"@id":"https:\/\/blogdofarnesio.com.br\/#organization"},"image":{"@id":"https:\/\/blogdofarnesio.com.br\/?p=370578#primaryimage"},"thumbnailUrl":"https:\/\/blogdofarnesio.com.br\/wp-content\/uploads\/2024\/06\/FOTO-Deivid-Menezes-3-e1718037709103.jpeg","articleSection":["Sa\u00fade"],"inLanguage":"pt-BR","potentialAction":[{"@type":"CommentAction","name":"Comment","target":["https:\/\/blogdofarnesio.com.br\/?p=370578#respond"]}]},{"@type":"WebPage","@id":"https:\/\/blogdofarnesio.com.br\/?p=370578","url":"https:\/\/blogdofarnesio.com.br\/?p=370578","name":"Petrolina aplicou mais de mil doses de vacina no dia D contra a paralisia infantil - Blog do Farn\u00e9sio","isPartOf":{"@id":"https:\/\/blogdofarnesio.com.br\/#website"},"primaryImageOfPage":{"@id":"https:\/\/blogdofarnesio.com.br\/?p=370578#primaryimage"},"image":{"@id":"https:\/\/blogdofarnesio.com.br\/?p=370578#primaryimage"},"thumbnailUrl":"https:\/\/blogdofarnesio.com.br\/wp-content\/uploads\/2024\/06\/FOTO-Deivid-Menezes-3-e1718037709103.jpeg","datePublished":"2024-06-11T18:44:21+00:00","breadcrumb":{"@id":"https:\/\/blogdofarnesio.com.br\/?p=370578#breadcrumb"},"inLanguage":"pt-BR","potentialAction":[{"@type":"ReadAction","target":["https:\/\/blogdofarnesio.com.br\/?p=370578"]}]},{"@type":"ImageObject","inLanguage":"pt-BR","@id":"https:\/\/blogdofarnesio.com.br\/?p=370578#primaryimage","url":"https:\/\/blogdofarnesio.com.br\/wp-content\/uploads\/2024\/06\/FOTO-Deivid-Menezes-3-e1718037709103.jpeg","contentUrl":"https:\/\/blogdofarnesio.com.br\/wp-content\/uploads\/2024\/06\/FOTO-Deivid-Menezes-3-e1718037709103.jpeg","width":600,"height":400,"caption":"Dia D poliomielite"},{"@type":"BreadcrumbList","@id":"https:\/\/blogdofarnesio.com.br\/?p=370578#breadcrumb","itemListElement":[{"@type":"ListItem","position":1,"name":"In\u00edcio","item":"https:\/\/blogdofarnesio.com.br\/"},{"@type":"ListItem","position":2,"name":"Petrolina aplicou mais de mil doses de vacina no dia D contra a paralisia infantil"}]},{"@type":"WebSite","@id":"https:\/\/blogdofarnesio.com.br\/#website","url":"https:\/\/blogdofarnesio.com.br\/","name":"Blog do Farn\u00e9sio","description":"Quer Saber Pol\u00edtica?","publisher":{"@id":"https:\/\/blogdofarnesio.com.br\/#organization"},"potentialAction":[{"@type":"SearchAction","target":{"@type":"EntryPoint","urlTemplate":"https:\/\/blogdofarnesio.com.br\/?s={search_term_string}"},"query-input":{"@type":"PropertyValueSpecification","valueRequired":true,"valueName":"search_term_string"}}],"inLanguage":"pt-BR"},{"@type":"Organization","@id":"https:\/\/blogdofarnesio.com.br\/#organization","name":"Blog do Farn\u00e9sio","url":"https:\/\/blogdofarnesio.com.br\/","logo":{"@type":"ImageObject","inLanguage":"pt-BR","@id":"https:\/\/blogdofarnesio.com.br\/#\/schema\/logo\/image\/","url":"https:\/\/blogdofarnesio.com.br\/wp-content\/uploads\/2026\/03\/cropped-logo_new-1.png","contentUrl":"https:\/\/blogdofarnesio.com.br\/wp-content\/uploads\/2026\/03\/cropped-logo_new-1.png","width":881,"height":685,"caption":"Blog do Farn\u00e9sio"},"image":{"@id":"https:\/\/blogdofarnesio.com.br\/#\/schema\/logo\/image\/"},"sameAs":["https:\/\/www.facebook.com\/BlogQuerSaberPolitica\/"]},{"@type":"Person","@id":"https:\/\/blogdofarnesio.com.br\/#\/schema\/person\/bb9b23ae3ad0609ce8df7b6c9e76824d","name":"Farn\u00e9sio","image":{"@type":"ImageObject","inLanguage":"pt-BR","@id":"https:\/\/secure.gravatar.com\/avatar\/986aa4c61ccdb66f8555bf88fc2a65609d00bcabd4d2d94377a727547345cbca?s=96&d=mm&r=g","url":"https:\/\/secure.gravatar.com\/avatar\/986aa4c61ccdb66f8555bf88fc2a65609d00bcabd4d2d94377a727547345cbca?s=96&d=mm&r=g","contentUrl":"https:\/\/secure.gravatar.com\/avatar\/986aa4c61ccdb66f8555bf88fc2a65609d00bcabd4d2d94377a727547345cbca?s=96&d=mm&r=g","caption":"Farn\u00e9sio"},"description":"Radialista blogueiro, chegou a Petrolina\/Juazeiro em setembro de 1980, Farn\u00e9sio Silva \u00e9 de Arapiraca-Alagoas.","sameAs":["http:\/\/blogdofarnesio.com.br","https:\/\/www.facebook.com\/?ref=tn_tnmn","https:\/\/www.instagram.com\/?utm_source=pwa_homescreen","https:\/\/youtube.com.br\/"],"url":"https:\/\/blogdofarnesio.com.br\/?author=2"}]}},"_links":{"self":[{"href":"https:\/\/blogdofarnesio.com.br\/index.php?rest_route=\/wp\/v2\/posts\/370578","targetHints":{"allow":["GET"]}}],"collection":[{"href":"https:\/\/blogdofarnesio.com.br\/index.php?rest_route=\/wp\/v2\/posts"}],"about":[{"href":"https:\/\/blogdofarnesio.com.br\/index.php?rest_route=\/wp\/v2\/types\/post"}],"author":[{"embeddable":true,"href":"https:\/\/blogdofarnesio.com.br\/index.php?rest_route=\/wp\/v2\/users\/2"}],"replies":[{"embeddable":true,"href":"https:\/\/blogdofarnesio.com.br\/index.php?rest_route=%2Fwp%2Fv2%2Fcomments&post=370578"}],"version-history":[{"count":0,"href":"https:\/\/blogdofarnesio.com.br\/index.php?rest_route=\/wp\/v2\/posts\/370578\/revisions"}],"wp:featuredmedia":[{"embeddable":true,"href":"https:\/\/blogdofarnesio.com.br\/index.php?rest_route=\/wp\/v2\/media\/370579"}],"wp:attachment":[{"href":"https:\/\/blogdofarnesio.com.br\/index.php?rest_route=%2Fwp%2Fv2%2Fmedia&parent=370578"}],"wp:term":[{"taxonomy":"category","embeddable":true,"href":"https:\/\/blogdofarnesio.com.br\/index.php?rest_route=%2Fwp%2Fv2%2Fcategories&post=370578"},{"taxonomy":"post_tag","embeddable":true,"href":"https:\/\/blogdofarnesio.com.br\/index.php?rest_route=%2Fwp%2Fv2%2Ftags&post=370578"}],"curies":[{"name":"wp","href":"https:\/\/api.w.org\/{rel}","templated":true}]}}