{"id":370441,"date":"2024-06-08T11:00:27","date_gmt":"2024-06-08T14:00:27","guid":{"rendered":"https:\/\/blogdofarnesio.com.br\/?p=370441"},"modified":"2024-06-07T21:11:53","modified_gmt":"2024-06-08T00:11:53","slug":"banca-comunica-a-suspensao-das-inscricoes-do-concurso-codevasf","status":"publish","type":"post","link":"https:\/\/blogdofarnesio.com.br\/?p=370441","title":{"rendered":"Banca comunica a suspens\u00e3o das inscri\u00e7\u00f5es do concurso Codevasf"},"content":{"rendered":"<p>&nbsp;<\/p>\n<div class=\"c-eUmugp c-eUmugp-WNvsQ-variant-responsive c-eUmugp-VJScj-gap-true c-eUmugp-iekZtcM-css\">\n<div class=\"c-jABvLw c-jABvLw-iTKOFX-flow-column c-jABvLw-hScUqS-flow-row c-jABvLw-iiNXjoC-css\">\n<div class=\"c-PJLV\">\n<div class=\"c-PJLV c-PJLV-iWJYWV-css\">\n<div class=\"c-PJLV c-PJLV-ijkLxnS-css\">\n<nav class=\"c-PJLV c-PJLV-icSbsxw-css\">Por meio de <a href=\"https:\/\/cdn.cebraspe.org.br\/concursos\/CODEVASF_24\/arquivos\/CODEVASF_COMUNICADO_SUSPENSO_INSCRIES.PDF\" target=\"_blank\" rel=\"noopener noreferrer\">nota divulgada em seu portal<\/a>, o Cebraspe informou que as inscri\u00e7\u00f5es do\u00a0<a href=\"https:\/\/folha.qconcursos.com\/busca?q=codevasf\">concurso Codevasf<\/a>\u00a0est\u00e3o suspensas temporariamente.<\/nav>\n<\/div>\n<div class=\"c-PJLV c-PJLV-ivkLpF-css\">\n<article class=\"c-hfyrVj c-hfyrVj-ijXdZso-css\">Apesar do comunicado, a organizadora n\u00e3o informou o motivo que levou \u00e0 suspens\u00e3o das inscri\u00e7\u00f5es da sele\u00e7\u00e3o.<\/article>\n<article class=\"c-hfyrVj c-hfyrVj-ijXdZso-css\">De acordo com o Cebraspe, o cronograma ser\u00e1 atualizado e divulgado em data oportuna no Di\u00e1rio Oficial da Uni\u00e3o.Folha Dirigida por Qconcursos j\u00e1 entrou em contato com a banca em busca de mais detalhes relacionados \u00e0 suspens\u00e3o tempor\u00e1ria do per\u00edodo de inscri\u00e7\u00e3o.<\/p>\n<p>At\u00e9 a divulga\u00e7\u00e3o desta mat\u00e9ria, a organizadora ainda n\u00e3o havia respondido aos questionamentos.<\/p>\n<h2 id=\"vagas-do-concurso-codevasf\">Vagas do concurso Codevasf<\/h2>\n<p>A sele\u00e7\u00e3o da Companhia de Desenvolvimento dos Vales do S\u00e3o Francisco e do Parna\u00edba oferece 61 oportunidades para as seguintes especialidades:<\/p>\n<ul>\n<li>Administra\u00e7\u00e3o: 17 vagas<\/li>\n<li>Contabilidade: tr\u00eas vagas<\/li>\n<li>Economia: uma vaga<\/li>\n<li>Engenharia Civil: 18 vagas<\/li>\n<li>Engenharia de Agrimensura: uma vaga<\/li>\n<li>Engenharia de Pesca e Aquicultura: duas vagas<\/li>\n<li>Estat\u00edstica: uma vaga<\/li>\n<li>Geologia: uma vaga<\/li>\n<li>Jornalismo: oito vagas<\/li>\n<li>Publicidade e Propaganda: uma vaga<\/li>\n<li>Tecnologia da Informa\u00e7\u00e3o (TI): oito vagas.<\/li>\n<\/ul>\n<p>Para ingressar nas carreiras citadas acima, \u00e9 preciso possuir o\u00a0<strong>n\u00edvel superior na \u00e1rea<\/strong>.<\/p>\n<p>Cabe destacar que algumas carreiras especialidades ainda podem exigir o registro no \u00f3rg\u00e3o de classe.<\/p>\n<h2 id=\"retifica\u00e7\u00e3o-aumentou-sal\u00e1rio-do-analista\">Retifica\u00e7\u00e3o aumentou sal\u00e1rio do analista<\/h2>\n<p>Apesar do edital informar o sal\u00e1rio inicial de R$9.065,95, a remunera\u00e7\u00e3o das \u00e1reas de Engenharia foi elevada de R$9.065,95 para\u00a0<a href=\"https:\/\/folha.qconcursos.com\/n\/concurso-codevasf-2024-retificacao-salario\">R$10.302<\/a>.<\/p>\n<p>A mudan\u00e7a foi aplicada para atender ao piso salarial definido pelo Supremo Tribunal Federal (STF).<\/p>\n<p>As demais \u00e1reas permaneceram com os ganhos previstos, de R$9 mil, al\u00e9m de todos os demais benef\u00edcios;\u00a0<a href=\"https:\/\/folha.qconcursos.com\/n\/concurso-codevasf-salarios-e-beneficios-2024\">confira aqui a lista das gratifica\u00e7\u00f5es e os valores<\/a>.<\/p>\n<p>O aprovado no concurso Codevasf ainda faz jus aos seguintes benef\u00edcios:<\/p>\n<ul>\n<li>aux\u00edlio-alimenta\u00e7\u00e3o: R$1.015,50;<\/li>\n<li>assist\u00eancia pr\u00e9-escolhar: R$516,72;<\/li>\n<li>exames peri\u00f3dicos: R$113,15; e<\/li>\n<li>assist\u00eancia m\u00e9dica e odontol\u00f3gica (participa\u00e7\u00e3o da Uni\u00e3o): R$413,33.<\/li>\n<\/ul>\n<p><strong>Conhe\u00e7a o perfil das bancas e saia na frente nos concursos! Folha Dirigida por\u00a0<\/strong><strong>Qconcursos<\/strong><strong>\u00a0disponibiliza o e-book\u00a0<\/strong><a href=\"https:\/\/hubs.ly\/Q02tf2Gr0\" target=\"_blank\" rel=\"noopener noreferrer\"><strong>&#8220;Perfil das Banca Organizadoras&#8221;<\/strong><\/a><strong>. Baixe gratuitamente e confira as caracter\u00edsticas do\u00a0<\/strong><strong>Cebraspe<\/strong><strong>\u00a0e mais!<\/strong><\/p>\n<p><img decoding=\"async\" src=\"https:\/\/atreus-prd.qconcursos.com\/articles\/images\/e81fea87-a1dc-4640-ab94-e5cf94ccf70e\/concurso-codevasf.jpeg\" align=\"center\" \/><\/p>\n<p class=\"ql-align-center\"><em>Banca suspende inscri\u00e7\u00e3o do concurso Codevasf<\/em><\/p>\n<p class=\"ql-align-center\"><em>(Foto: \u00a0Cassio Moreira\/Codevasf)<\/em><\/p>\n<h3 id=\"resumo-do-concurso-codevasf\">Resumo do concurso Codevasf<\/h3>\n<ul>\n<li>Institui\u00e7\u00e3o: Companhia de Desenvolvimento dos Vales do S\u00e3o Francisco e do Parna\u00edba<\/li>\n<li>Status: edital publicado<\/li>\n<li>Cargos: analista<\/li>\n<li>Requisito: n\u00edvel superior<\/li>\n<li>Sal\u00e1rios: entre R$9.065,95 e R$10.302<\/li>\n<li>Vagas: 61<\/li>\n<li>Banca: Cebraspe<\/li>\n<li>Inscri\u00e7\u00e3o:\u00a0<s>20 de maio e 10 de junho<\/s>\u00a0Inscri\u00e7\u00f5es suspensas<\/li>\n<li>Prova: 4 de agosto<\/li>\n<\/ul>\n<p><a href=\"https:\/\/hubs.ly\/Q02n-BQ50\" target=\"_blank\" rel=\"noopener noreferrer\">+\u00a0<\/a><a href=\"https:\/\/hubs.ly\/Q02n-BQ50\" target=\"_blank\" rel=\"noopener noreferrer\">Cadastre-se gratuitamente e comece a estudar para o concurso!<\/a><\/p>\n<h2 id=\"provas-do-concurso-codevasf-previstas-para-agosto\">Provas do concurso Codevasf previstas para agosto<\/h2>\n<p>Os candidatos do concurso Codevasf ser\u00e3o avaliados por meio de provas objetivas e discursivas.<\/p>\n<p>Com a suspens\u00e3o das inscri\u00e7\u00f5es, n\u00e3o est\u00e1 confirmado se todo o cronograma ser\u00e1 alterado.<\/p>\n<p>Conforme o edital, as etapas seriam aplicadas no\u00a0<strong>dia 4 de agosto<\/strong>, nas cidades de Aracaju SE, Bel\u00e9m PA, Bom Jesus da Lapa BA, Bras\u00edlia DF, Goi\u00e2nia GO, Macap\u00e1 AP, Macei\u00f3 AL, Montes Claros MG, Palmas TO, Petrolina PE, S\u00e3o Lu\u00eds MA e Teresina PI.<\/p>\n<p>A prova contaria com conhecimentos nas seguintes \u00e1reas:<\/p>\n<ul>\n<li>L\u00edngua Portuguesa;<\/li>\n<li>\u00c9tica na Administra\u00e7\u00e3o P\u00fablica e Legisla\u00e7\u00e3o;<\/li>\n<li>No\u00e7\u00f5es de Or\u00e7amento P\u00fablico;<\/li>\n<li>Inform\u00e1tica;<\/li>\n<li>No\u00e7\u00f5es de Direito Administrativo; e<\/li>\n<li>Conhecimentos Espec\u00edficos.<\/li>\n<\/ul>\n<p>A prova discursiva, por sua vez, consistiria na produ\u00e7\u00e3o de uma quest\u00e3o, a ser respondida em at\u00e9 30 linhas, a respeito de temas relacionados a conhecimentos espec\u00edficos de cada cargo\/\u00e1rea.<\/p>\n<p>Quando retomada e conclu\u00edda, a sele\u00e7\u00e3o contar\u00e1 com aprovados lotados no escrit\u00f3rio de apoio t\u00e9cnico de Bel\u00e9m PA, na sede da Codevasf em Bras\u00edlia DF, ou nas superintend\u00eancias regionais das cidades de:<\/p>\n<ul>\n<li>Montes Claros MG;<\/li>\n<li>Bom Jesus da Lapa BA;<\/li>\n<li>Petrolina PE;<\/li>\n<li>Juazeiro BA;<\/li>\n<li>Macei\u00f3 AL;<\/li>\n<li>Teresina PI;<\/li>\n<li>S\u00e3o Lu\u00eds MA;<\/li>\n<li>Goi\u00e2nia GO;<\/li>\n<li>Palmas TO;<\/li>\n<li>Macap\u00e1 AP; e<\/li>\n<li>Acaraju SE.<\/li>\n<\/ul>\n<p><strong>Como estudar por meio de quest\u00f5es? Veja os detalhes no v\u00eddeo abaixo:<\/strong><\/p>\n<p><iframe class=\"ql-video ql-align-center\" src=\"https:\/\/www.youtube.com\/embed\/fm1c6BicRdo?showinfo=0\" frameborder=\"0\" allowfullscreen=\"allowfullscreen\" data-mce-fragment=\"1\"><\/iframe><\/p>\n<\/article>\n<\/div>\n<div><\/div>\n<\/div>\n<\/div>\n<\/div>\n<\/div>\n<p>&nbsp;<\/p>\n","protected":false},"excerpt":{"rendered":"<p>&nbsp; Por meio de nota divulgada em seu portal, o Cebraspe informou que as inscri\u00e7\u00f5es do\u00a0concurso Codevasf\u00a0est\u00e3o suspensas temporariamente. Apesar do comunicado, a organizadora n\u00e3o informou o motivo que levou \u00e0 suspens\u00e3o das inscri\u00e7\u00f5es da sele\u00e7\u00e3o. De acordo com o Cebraspe, o cronograma ser\u00e1 atualizado e divulgado em data oportuna no Di\u00e1rio Oficial da Uni\u00e3o.Folha Dirigida por Qconcursos j\u00e1 entrou em contato com a banca em busca de mais detalhes relacionados \u00e0 suspens\u00e3o tempor\u00e1ria do per\u00edodo de inscri\u00e7\u00e3o. At\u00e9 a divulga\u00e7\u00e3o desta mat\u00e9ria, a organizadora ainda n\u00e3o havia respondido aos questionamentos. Vagas do concurso Codevasf A sele\u00e7\u00e3o da Companhia de Desenvolvimento dos Vales do S\u00e3o Francisco e do Parna\u00edba oferece 61 oportunidades para as seguintes especialidades: Administra\u00e7\u00e3o: 17 vagas Contabilidade:&hellip; <\/p>\n","protected":false},"author":2,"featured_media":155603,"comment_status":"open","ping_status":"open","sticky":false,"template":"","format":"standard","meta":{"_acf_changed":false,"footnotes":""},"categories":[31],"tags":[],"class_list":["post-370441","post","type-post","status-publish","format-standard","has-post-thumbnail","hentry","category-concursos"],"acf":[],"yoast_head":"<!-- This site is optimized with the Yoast SEO plugin v27.4 - https:\/\/yoast.com\/product\/yoast-seo-wordpress\/ -->\n<title>Banca comunica a suspens\u00e3o das inscri\u00e7\u00f5es do concurso Codevasf - Blog do Farn\u00e9sio<\/title>\n<meta name=\"robots\" content=\"index, follow, max-snippet:-1, max-image-preview:large, max-video-preview:-1\" \/>\n<link rel=\"canonical\" href=\"https:\/\/blogdofarnesio.com.br\/?p=370441\" \/>\n<meta property=\"og:locale\" content=\"pt_BR\" \/>\n<meta property=\"og:type\" content=\"article\" \/>\n<meta property=\"og:title\" content=\"Banca comunica a suspens\u00e3o das inscri\u00e7\u00f5es do concurso Codevasf - Blog do Farn\u00e9sio\" \/>\n<meta property=\"og:description\" content=\"&nbsp; Por meio de nota divulgada em seu portal, o Cebraspe informou que as inscri\u00e7\u00f5es do\u00a0concurso Codevasf\u00a0est\u00e3o suspensas temporariamente. Apesar do comunicado, a organizadora n\u00e3o informou o motivo que levou \u00e0 suspens\u00e3o das inscri\u00e7\u00f5es da sele\u00e7\u00e3o. De acordo com o Cebraspe, o cronograma ser\u00e1 atualizado e divulgado em data oportuna no Di\u00e1rio Oficial da Uni\u00e3o.Folha Dirigida por Qconcursos j\u00e1 entrou em contato com a banca em busca de mais detalhes relacionados \u00e0 suspens\u00e3o tempor\u00e1ria do per\u00edodo de inscri\u00e7\u00e3o. At\u00e9 a divulga\u00e7\u00e3o desta mat\u00e9ria, a organizadora ainda n\u00e3o havia respondido aos questionamentos. Vagas do concurso Codevasf A sele\u00e7\u00e3o da Companhia de Desenvolvimento dos Vales do S\u00e3o Francisco e do Parna\u00edba oferece 61 oportunidades para as seguintes especialidades: Administra\u00e7\u00e3o: 17 vagas Contabilidade:&hellip;\" \/>\n<meta property=\"og:url\" content=\"https:\/\/blogdofarnesio.com.br\/?p=370441\" \/>\n<meta property=\"og:site_name\" content=\"Blog do Farn\u00e9sio\" \/>\n<meta property=\"article:publisher\" content=\"https:\/\/www.facebook.com\/BlogQuerSaberPolitica\/\" \/>\n<meta property=\"article:author\" content=\"https:\/\/www.facebook.com\/?ref=tn_tnmn\" \/>\n<meta property=\"article:published_time\" content=\"2024-06-08T14:00:27+00:00\" \/>\n<meta property=\"og:image\" content=\"https:\/\/blogdofarnesio.com.br\/wp-content\/uploads\/2017\/02\/blogqspSuspenso-..jpg\" \/>\n\t<meta property=\"og:image:width\" content=\"634\" \/>\n\t<meta property=\"og:image:height\" content=\"467\" \/>\n\t<meta property=\"og:image:type\" content=\"image\/jpeg\" \/>\n<meta name=\"author\" content=\"Farn\u00e9sio\" \/>\n<meta name=\"twitter:card\" content=\"summary_large_image\" \/>\n<meta name=\"twitter:label1\" content=\"Escrito por\" \/>\n\t<meta name=\"twitter:data1\" content=\"Farn\u00e9sio\" \/>\n\t<meta name=\"twitter:label2\" content=\"Est. tempo de leitura\" \/>\n\t<meta name=\"twitter:data2\" content=\"4 minutos\" \/>\n<script type=\"application\/ld+json\" class=\"yoast-schema-graph\">{\"@context\":\"https:\\\/\\\/schema.org\",\"@graph\":[{\"@type\":\"Article\",\"@id\":\"https:\\\/\\\/blogdofarnesio.com.br\\\/?p=370441#article\",\"isPartOf\":{\"@id\":\"https:\\\/\\\/blogdofarnesio.com.br\\\/?p=370441\"},\"author\":{\"name\":\"Farn\u00e9sio\",\"@id\":\"https:\\\/\\\/blogdofarnesio.com.br\\\/#\\\/schema\\\/person\\\/bb9b23ae3ad0609ce8df7b6c9e76824d\"},\"headline\":\"Banca comunica a suspens\u00e3o das inscri\u00e7\u00f5es do concurso Codevasf\",\"datePublished\":\"2024-06-08T14:00:27+00:00\",\"mainEntityOfPage\":{\"@id\":\"https:\\\/\\\/blogdofarnesio.com.br\\\/?p=370441\"},\"wordCount\":684,\"commentCount\":0,\"publisher\":{\"@id\":\"https:\\\/\\\/blogdofarnesio.com.br\\\/#organization\"},\"image\":{\"@id\":\"https:\\\/\\\/blogdofarnesio.com.br\\\/?p=370441#primaryimage\"},\"thumbnailUrl\":\"https:\\\/\\\/blogdofarnesio.com.br\\\/wp-content\\\/uploads\\\/2017\\\/02\\\/blogqspSuspenso-..jpg\",\"articleSection\":[\"Concursos\"],\"inLanguage\":\"pt-BR\",\"potentialAction\":[{\"@type\":\"CommentAction\",\"name\":\"Comment\",\"target\":[\"https:\\\/\\\/blogdofarnesio.com.br\\\/?p=370441#respond\"]}]},{\"@type\":\"WebPage\",\"@id\":\"https:\\\/\\\/blogdofarnesio.com.br\\\/?p=370441\",\"url\":\"https:\\\/\\\/blogdofarnesio.com.br\\\/?p=370441\",\"name\":\"Banca comunica a suspens\u00e3o das inscri\u00e7\u00f5es do concurso Codevasf - Blog do Farn\u00e9sio\",\"isPartOf\":{\"@id\":\"https:\\\/\\\/blogdofarnesio.com.br\\\/#website\"},\"primaryImageOfPage\":{\"@id\":\"https:\\\/\\\/blogdofarnesio.com.br\\\/?p=370441#primaryimage\"},\"image\":{\"@id\":\"https:\\\/\\\/blogdofarnesio.com.br\\\/?p=370441#primaryimage\"},\"thumbnailUrl\":\"https:\\\/\\\/blogdofarnesio.com.br\\\/wp-content\\\/uploads\\\/2017\\\/02\\\/blogqspSuspenso-..jpg\",\"datePublished\":\"2024-06-08T14:00:27+00:00\",\"breadcrumb\":{\"@id\":\"https:\\\/\\\/blogdofarnesio.com.br\\\/?p=370441#breadcrumb\"},\"inLanguage\":\"pt-BR\",\"potentialAction\":[{\"@type\":\"ReadAction\",\"target\":[\"https:\\\/\\\/blogdofarnesio.com.br\\\/?p=370441\"]}]},{\"@type\":\"ImageObject\",\"inLanguage\":\"pt-BR\",\"@id\":\"https:\\\/\\\/blogdofarnesio.com.br\\\/?p=370441#primaryimage\",\"url\":\"https:\\\/\\\/blogdofarnesio.com.br\\\/wp-content\\\/uploads\\\/2017\\\/02\\\/blogqspSuspenso-..jpg\",\"contentUrl\":\"https:\\\/\\\/blogdofarnesio.com.br\\\/wp-content\\\/uploads\\\/2017\\\/02\\\/blogqspSuspenso-..jpg\",\"width\":634,\"height\":467},{\"@type\":\"BreadcrumbList\",\"@id\":\"https:\\\/\\\/blogdofarnesio.com.br\\\/?p=370441#breadcrumb\",\"itemListElement\":[{\"@type\":\"ListItem\",\"position\":1,\"name\":\"In\u00edcio\",\"item\":\"https:\\\/\\\/blogdofarnesio.com.br\\\/\"},{\"@type\":\"ListItem\",\"position\":2,\"name\":\"Banca comunica a suspens\u00e3o das inscri\u00e7\u00f5es do concurso Codevasf\"}]},{\"@type\":\"WebSite\",\"@id\":\"https:\\\/\\\/blogdofarnesio.com.br\\\/#website\",\"url\":\"https:\\\/\\\/blogdofarnesio.com.br\\\/\",\"name\":\"Blog do Farn\u00e9sio\",\"description\":\"Quer Saber Pol\u00edtica?\",\"publisher\":{\"@id\":\"https:\\\/\\\/blogdofarnesio.com.br\\\/#organization\"},\"potentialAction\":[{\"@type\":\"SearchAction\",\"target\":{\"@type\":\"EntryPoint\",\"urlTemplate\":\"https:\\\/\\\/blogdofarnesio.com.br\\\/?s={search_term_string}\"},\"query-input\":{\"@type\":\"PropertyValueSpecification\",\"valueRequired\":true,\"valueName\":\"search_term_string\"}}],\"inLanguage\":\"pt-BR\"},{\"@type\":\"Organization\",\"@id\":\"https:\\\/\\\/blogdofarnesio.com.br\\\/#organization\",\"name\":\"Blog do Farn\u00e9sio\",\"url\":\"https:\\\/\\\/blogdofarnesio.com.br\\\/\",\"logo\":{\"@type\":\"ImageObject\",\"inLanguage\":\"pt-BR\",\"@id\":\"https:\\\/\\\/blogdofarnesio.com.br\\\/#\\\/schema\\\/logo\\\/image\\\/\",\"url\":\"https:\\\/\\\/blogdofarnesio.com.br\\\/wp-content\\\/uploads\\\/2026\\\/03\\\/cropped-logo_new-1.png\",\"contentUrl\":\"https:\\\/\\\/blogdofarnesio.com.br\\\/wp-content\\\/uploads\\\/2026\\\/03\\\/cropped-logo_new-1.png\",\"width\":881,\"height\":685,\"caption\":\"Blog do Farn\u00e9sio\"},\"image\":{\"@id\":\"https:\\\/\\\/blogdofarnesio.com.br\\\/#\\\/schema\\\/logo\\\/image\\\/\"},\"sameAs\":[\"https:\\\/\\\/www.facebook.com\\\/BlogQuerSaberPolitica\\\/\"]},{\"@type\":\"Person\",\"@id\":\"https:\\\/\\\/blogdofarnesio.com.br\\\/#\\\/schema\\\/person\\\/bb9b23ae3ad0609ce8df7b6c9e76824d\",\"name\":\"Farn\u00e9sio\",\"image\":{\"@type\":\"ImageObject\",\"inLanguage\":\"pt-BR\",\"@id\":\"https:\\\/\\\/secure.gravatar.com\\\/avatar\\\/986aa4c61ccdb66f8555bf88fc2a65609d00bcabd4d2d94377a727547345cbca?s=96&d=mm&r=g\",\"url\":\"https:\\\/\\\/secure.gravatar.com\\\/avatar\\\/986aa4c61ccdb66f8555bf88fc2a65609d00bcabd4d2d94377a727547345cbca?s=96&d=mm&r=g\",\"contentUrl\":\"https:\\\/\\\/secure.gravatar.com\\\/avatar\\\/986aa4c61ccdb66f8555bf88fc2a65609d00bcabd4d2d94377a727547345cbca?s=96&d=mm&r=g\",\"caption\":\"Farn\u00e9sio\"},\"description\":\"Radialista blogueiro, chegou a Petrolina\\\/Juazeiro em setembro de 1980, Farn\u00e9sio Silva \u00e9 de Arapiraca-Alagoas.\",\"sameAs\":[\"http:\\\/\\\/blogdofarnesio.com.br\",\"https:\\\/\\\/www.facebook.com\\\/?ref=tn_tnmn\",\"https:\\\/\\\/www.instagram.com\\\/?utm_source=pwa_homescreen\",\"https:\\\/\\\/youtube.com.br\\\/\"],\"url\":\"https:\\\/\\\/blogdofarnesio.com.br\\\/?author=2\"}]}<\/script>\n<!-- \/ Yoast SEO plugin. -->","yoast_head_json":{"title":"Banca comunica a suspens\u00e3o das inscri\u00e7\u00f5es do concurso Codevasf - Blog do Farn\u00e9sio","robots":{"index":"index","follow":"follow","max-snippet":"max-snippet:-1","max-image-preview":"max-image-preview:large","max-video-preview":"max-video-preview:-1"},"canonical":"https:\/\/blogdofarnesio.com.br\/?p=370441","og_locale":"pt_BR","og_type":"article","og_title":"Banca comunica a suspens\u00e3o das inscri\u00e7\u00f5es do concurso Codevasf - Blog do Farn\u00e9sio","og_description":"&nbsp; Por meio de nota divulgada em seu portal, o Cebraspe informou que as inscri\u00e7\u00f5es do\u00a0concurso Codevasf\u00a0est\u00e3o suspensas temporariamente. Apesar do comunicado, a organizadora n\u00e3o informou o motivo que levou \u00e0 suspens\u00e3o das inscri\u00e7\u00f5es da sele\u00e7\u00e3o. De acordo com o Cebraspe, o cronograma ser\u00e1 atualizado e divulgado em data oportuna no Di\u00e1rio Oficial da Uni\u00e3o.Folha Dirigida por Qconcursos j\u00e1 entrou em contato com a banca em busca de mais detalhes relacionados \u00e0 suspens\u00e3o tempor\u00e1ria do per\u00edodo de inscri\u00e7\u00e3o. At\u00e9 a divulga\u00e7\u00e3o desta mat\u00e9ria, a organizadora ainda n\u00e3o havia respondido aos questionamentos. Vagas do concurso Codevasf A sele\u00e7\u00e3o da Companhia de Desenvolvimento dos Vales do S\u00e3o Francisco e do Parna\u00edba oferece 61 oportunidades para as seguintes especialidades: Administra\u00e7\u00e3o: 17 vagas Contabilidade:&hellip;","og_url":"https:\/\/blogdofarnesio.com.br\/?p=370441","og_site_name":"Blog do Farn\u00e9sio","article_publisher":"https:\/\/www.facebook.com\/BlogQuerSaberPolitica\/","article_author":"https:\/\/www.facebook.com\/?ref=tn_tnmn","article_published_time":"2024-06-08T14:00:27+00:00","og_image":[{"width":634,"height":467,"url":"https:\/\/blogdofarnesio.com.br\/wp-content\/uploads\/2017\/02\/blogqspSuspenso-..jpg","type":"image\/jpeg"}],"author":"Farn\u00e9sio","twitter_card":"summary_large_image","twitter_misc":{"Escrito por":"Farn\u00e9sio","Est. tempo de leitura":"4 minutos"},"schema":{"@context":"https:\/\/schema.org","@graph":[{"@type":"Article","@id":"https:\/\/blogdofarnesio.com.br\/?p=370441#article","isPartOf":{"@id":"https:\/\/blogdofarnesio.com.br\/?p=370441"},"author":{"name":"Farn\u00e9sio","@id":"https:\/\/blogdofarnesio.com.br\/#\/schema\/person\/bb9b23ae3ad0609ce8df7b6c9e76824d"},"headline":"Banca comunica a suspens\u00e3o das inscri\u00e7\u00f5es do concurso Codevasf","datePublished":"2024-06-08T14:00:27+00:00","mainEntityOfPage":{"@id":"https:\/\/blogdofarnesio.com.br\/?p=370441"},"wordCount":684,"commentCount":0,"publisher":{"@id":"https:\/\/blogdofarnesio.com.br\/#organization"},"image":{"@id":"https:\/\/blogdofarnesio.com.br\/?p=370441#primaryimage"},"thumbnailUrl":"https:\/\/blogdofarnesio.com.br\/wp-content\/uploads\/2017\/02\/blogqspSuspenso-..jpg","articleSection":["Concursos"],"inLanguage":"pt-BR","potentialAction":[{"@type":"CommentAction","name":"Comment","target":["https:\/\/blogdofarnesio.com.br\/?p=370441#respond"]}]},{"@type":"WebPage","@id":"https:\/\/blogdofarnesio.com.br\/?p=370441","url":"https:\/\/blogdofarnesio.com.br\/?p=370441","name":"Banca comunica a suspens\u00e3o das inscri\u00e7\u00f5es do concurso Codevasf - Blog do Farn\u00e9sio","isPartOf":{"@id":"https:\/\/blogdofarnesio.com.br\/#website"},"primaryImageOfPage":{"@id":"https:\/\/blogdofarnesio.com.br\/?p=370441#primaryimage"},"image":{"@id":"https:\/\/blogdofarnesio.com.br\/?p=370441#primaryimage"},"thumbnailUrl":"https:\/\/blogdofarnesio.com.br\/wp-content\/uploads\/2017\/02\/blogqspSuspenso-..jpg","datePublished":"2024-06-08T14:00:27+00:00","breadcrumb":{"@id":"https:\/\/blogdofarnesio.com.br\/?p=370441#breadcrumb"},"inLanguage":"pt-BR","potentialAction":[{"@type":"ReadAction","target":["https:\/\/blogdofarnesio.com.br\/?p=370441"]}]},{"@type":"ImageObject","inLanguage":"pt-BR","@id":"https:\/\/blogdofarnesio.com.br\/?p=370441#primaryimage","url":"https:\/\/blogdofarnesio.com.br\/wp-content\/uploads\/2017\/02\/blogqspSuspenso-..jpg","contentUrl":"https:\/\/blogdofarnesio.com.br\/wp-content\/uploads\/2017\/02\/blogqspSuspenso-..jpg","width":634,"height":467},{"@type":"BreadcrumbList","@id":"https:\/\/blogdofarnesio.com.br\/?p=370441#breadcrumb","itemListElement":[{"@type":"ListItem","position":1,"name":"In\u00edcio","item":"https:\/\/blogdofarnesio.com.br\/"},{"@type":"ListItem","position":2,"name":"Banca comunica a suspens\u00e3o das inscri\u00e7\u00f5es do concurso Codevasf"}]},{"@type":"WebSite","@id":"https:\/\/blogdofarnesio.com.br\/#website","url":"https:\/\/blogdofarnesio.com.br\/","name":"Blog do Farn\u00e9sio","description":"Quer Saber Pol\u00edtica?","publisher":{"@id":"https:\/\/blogdofarnesio.com.br\/#organization"},"potentialAction":[{"@type":"SearchAction","target":{"@type":"EntryPoint","urlTemplate":"https:\/\/blogdofarnesio.com.br\/?s={search_term_string}"},"query-input":{"@type":"PropertyValueSpecification","valueRequired":true,"valueName":"search_term_string"}}],"inLanguage":"pt-BR"},{"@type":"Organization","@id":"https:\/\/blogdofarnesio.com.br\/#organization","name":"Blog do Farn\u00e9sio","url":"https:\/\/blogdofarnesio.com.br\/","logo":{"@type":"ImageObject","inLanguage":"pt-BR","@id":"https:\/\/blogdofarnesio.com.br\/#\/schema\/logo\/image\/","url":"https:\/\/blogdofarnesio.com.br\/wp-content\/uploads\/2026\/03\/cropped-logo_new-1.png","contentUrl":"https:\/\/blogdofarnesio.com.br\/wp-content\/uploads\/2026\/03\/cropped-logo_new-1.png","width":881,"height":685,"caption":"Blog do Farn\u00e9sio"},"image":{"@id":"https:\/\/blogdofarnesio.com.br\/#\/schema\/logo\/image\/"},"sameAs":["https:\/\/www.facebook.com\/BlogQuerSaberPolitica\/"]},{"@type":"Person","@id":"https:\/\/blogdofarnesio.com.br\/#\/schema\/person\/bb9b23ae3ad0609ce8df7b6c9e76824d","name":"Farn\u00e9sio","image":{"@type":"ImageObject","inLanguage":"pt-BR","@id":"https:\/\/secure.gravatar.com\/avatar\/986aa4c61ccdb66f8555bf88fc2a65609d00bcabd4d2d94377a727547345cbca?s=96&d=mm&r=g","url":"https:\/\/secure.gravatar.com\/avatar\/986aa4c61ccdb66f8555bf88fc2a65609d00bcabd4d2d94377a727547345cbca?s=96&d=mm&r=g","contentUrl":"https:\/\/secure.gravatar.com\/avatar\/986aa4c61ccdb66f8555bf88fc2a65609d00bcabd4d2d94377a727547345cbca?s=96&d=mm&r=g","caption":"Farn\u00e9sio"},"description":"Radialista blogueiro, chegou a Petrolina\/Juazeiro em setembro de 1980, Farn\u00e9sio Silva \u00e9 de Arapiraca-Alagoas.","sameAs":["http:\/\/blogdofarnesio.com.br","https:\/\/www.facebook.com\/?ref=tn_tnmn","https:\/\/www.instagram.com\/?utm_source=pwa_homescreen","https:\/\/youtube.com.br\/"],"url":"https:\/\/blogdofarnesio.com.br\/?author=2"}]}},"_links":{"self":[{"href":"https:\/\/blogdofarnesio.com.br\/index.php?rest_route=\/wp\/v2\/posts\/370441","targetHints":{"allow":["GET"]}}],"collection":[{"href":"https:\/\/blogdofarnesio.com.br\/index.php?rest_route=\/wp\/v2\/posts"}],"about":[{"href":"https:\/\/blogdofarnesio.com.br\/index.php?rest_route=\/wp\/v2\/types\/post"}],"author":[{"embeddable":true,"href":"https:\/\/blogdofarnesio.com.br\/index.php?rest_route=\/wp\/v2\/users\/2"}],"replies":[{"embeddable":true,"href":"https:\/\/blogdofarnesio.com.br\/index.php?rest_route=%2Fwp%2Fv2%2Fcomments&post=370441"}],"version-history":[{"count":0,"href":"https:\/\/blogdofarnesio.com.br\/index.php?rest_route=\/wp\/v2\/posts\/370441\/revisions"}],"wp:featuredmedia":[{"embeddable":true,"href":"https:\/\/blogdofarnesio.com.br\/index.php?rest_route=\/wp\/v2\/media\/155603"}],"wp:attachment":[{"href":"https:\/\/blogdofarnesio.com.br\/index.php?rest_route=%2Fwp%2Fv2%2Fmedia&parent=370441"}],"wp:term":[{"taxonomy":"category","embeddable":true,"href":"https:\/\/blogdofarnesio.com.br\/index.php?rest_route=%2Fwp%2Fv2%2Fcategories&post=370441"},{"taxonomy":"post_tag","embeddable":true,"href":"https:\/\/blogdofarnesio.com.br\/index.php?rest_route=%2Fwp%2Fv2%2Ftags&post=370441"}],"curies":[{"name":"wp","href":"https:\/\/api.w.org\/{rel}","templated":true}]}}