{"id":370421,"date":"2024-06-08T12:00:49","date_gmt":"2024-06-08T15:00:49","guid":{"rendered":"https:\/\/blogdofarnesio.com.br\/?p=370421"},"modified":"2024-06-07T18:51:47","modified_gmt":"2024-06-07T21:51:47","slug":"jecana-2024-tudo-pronto-para-a-festa-comecar-no-povoado-em-petrolina","status":"publish","type":"post","link":"https:\/\/blogdofarnesio.com.br\/?p=370421","title":{"rendered":"Jecana 2024: Tudo pronto para a festa come\u00e7ar no povoado em Petrolina"},"content":{"rendered":"<div>A estrutura da Jecana 2024, que ser\u00e1 realizada neste fim de semana no Capim, que fica a cerca de 20km de Petrolina, j\u00e1 est\u00e1 pronta. A Prefeitura Municipal, atrav\u00e9s da Secretaria de Desenvolvimento Econ\u00f4mico e Turismo (SEDETUR), convida toda a popula\u00e7\u00e3o petrolinense para ir se divertir com toda fam\u00edlia. A expectativa \u00e9 que uma m\u00e9dia de 10 mil pessoas participem do evento.<\/div>\n<div><\/div>\n<div>A abertura \u00e9 nessa sexta-feira (7), com uma missa, \u00e0s 19h, na igreja cat\u00f3lica local e depois uma quermesse com barracas de comidas e bebidas da regi\u00e3o. Neste s\u00e1bado (8), as comemora\u00e7\u00f5es iniciam \u00e0s 16h, com o torneio de futebol no campo da comunidade do Capim.<\/div>\n<div>No per\u00edodo da noite ser\u00e3o abertas as barracas e haver\u00e1 shows, a partir das 20h, com o \u2018Forr\u00f3 da Rabichola\u2019, que conta com Edenio Lima e Lu Vaqueira.<\/div>\n<p><img loading=\"lazy\" decoding=\"async\" class=\"aligncenter wp-image-370422 size-full\" src=\"https:\/\/blogdofarnesio.com.br\/wp-content\/uploads\/2024\/06\/JECANA-2024-4-e1717796012414.jpeg\" alt=\"\" width=\"525\" height=\"301\" \/><\/p>\n<div>J\u00e1 no domingo (9), acontecer\u00e1 a tradicional corrida de jegue, \u00e0s 9h, depois tem o desfile do Jegue Fashion, e a partir das 14h o \u2018Forr\u00f3 do Poeir\u00e3o\u2019, com shows dos artistas Henrique Nunes, Fabinho Testado e Sirano &amp; Sirino.<\/div>\n<div><\/div>\n<div>O ciclo junino conta com o apoio do Servi\u00e7o de Atendimento M\u00f3vel de Urg\u00eancia (SAMU), da Secretaria Municipal de Seguran\u00e7a P\u00fablica, atrav\u00e9s da Guarda Civil Municipal (GCM), da Autarquia Municipal de Mobilidade de Petrolina (AMMPLA), Pol\u00edcia Militar (PM), Pol\u00edcia Civil, Pol\u00edcia Rodovi\u00e1ria Federal e Corpo de Bombeiros.<\/div>\n<div><\/div>\n","protected":false},"excerpt":{"rendered":"<p>A estrutura da Jecana 2024, que ser\u00e1 realizada neste fim de semana no Capim, que fica a cerca de 20km de Petrolina, j\u00e1 est\u00e1 pronta. A Prefeitura Municipal, atrav\u00e9s da Secretaria de Desenvolvimento Econ\u00f4mico e Turismo (SEDETUR), convida toda a popula\u00e7\u00e3o petrolinense para ir se divertir com toda fam\u00edlia. A expectativa \u00e9 que uma m\u00e9dia de 10 mil pessoas participem do evento. A abertura \u00e9 nessa sexta-feira (7), com uma missa, \u00e0s 19h, na igreja cat\u00f3lica local e depois uma quermesse com barracas de comidas e bebidas da regi\u00e3o. Neste s\u00e1bado (8), as comemora\u00e7\u00f5es iniciam \u00e0s 16h, com o torneio de futebol no campo da comunidade do Capim. No per\u00edodo da noite ser\u00e3o abertas as barracas e haver\u00e1 shows, a&hellip; <\/p>\n","protected":false},"author":2,"featured_media":370423,"comment_status":"open","ping_status":"open","sticky":false,"template":"","format":"standard","meta":{"_acf_changed":false,"footnotes":""},"categories":[10],"tags":[],"class_list":["post-370421","post","type-post","status-publish","format-standard","has-post-thumbnail","hentry","category-cultura"],"acf":[],"yoast_head":"<!-- This site is optimized with the Yoast SEO plugin v27.4 - https:\/\/yoast.com\/product\/yoast-seo-wordpress\/ -->\n<title>Jecana 2024: Tudo pronto para a festa come\u00e7ar no povoado em Petrolina - Blog do Farn\u00e9sio<\/title>\n<meta name=\"robots\" content=\"index, follow, max-snippet:-1, max-image-preview:large, max-video-preview:-1\" \/>\n<link rel=\"canonical\" href=\"https:\/\/blogdofarnesio.com.br\/?p=370421\" \/>\n<meta property=\"og:locale\" content=\"pt_BR\" \/>\n<meta property=\"og:type\" content=\"article\" \/>\n<meta property=\"og:title\" content=\"Jecana 2024: Tudo pronto para a festa come\u00e7ar no povoado em Petrolina - Blog do Farn\u00e9sio\" \/>\n<meta property=\"og:description\" content=\"A estrutura da Jecana 2024, que ser\u00e1 realizada neste fim de semana no Capim, que fica a cerca de 20km de Petrolina, j\u00e1 est\u00e1 pronta. A Prefeitura Municipal, atrav\u00e9s da Secretaria de Desenvolvimento Econ\u00f4mico e Turismo (SEDETUR), convida toda a popula\u00e7\u00e3o petrolinense para ir se divertir com toda fam\u00edlia. A expectativa \u00e9 que uma m\u00e9dia de 10 mil pessoas participem do evento. A abertura \u00e9 nessa sexta-feira (7), com uma missa, \u00e0s 19h, na igreja cat\u00f3lica local e depois uma quermesse com barracas de comidas e bebidas da regi\u00e3o. Neste s\u00e1bado (8), as comemora\u00e7\u00f5es iniciam \u00e0s 16h, com o torneio de futebol no campo da comunidade do Capim. No per\u00edodo da noite ser\u00e3o abertas as barracas e haver\u00e1 shows, a&hellip;\" \/>\n<meta property=\"og:url\" content=\"https:\/\/blogdofarnesio.com.br\/?p=370421\" \/>\n<meta property=\"og:site_name\" content=\"Blog do Farn\u00e9sio\" \/>\n<meta property=\"article:publisher\" content=\"https:\/\/www.facebook.com\/BlogQuerSaberPolitica\/\" \/>\n<meta property=\"article:author\" content=\"https:\/\/www.facebook.com\/?ref=tn_tnmn\" \/>\n<meta property=\"article:published_time\" content=\"2024-06-08T15:00:49+00:00\" \/>\n<meta property=\"og:image\" content=\"https:\/\/blogdofarnesio.com.br\/wp-content\/uploads\/2024\/06\/JECANA-2024-3-e1717795861253.jpeg\" \/>\n\t<meta property=\"og:image:width\" content=\"525\" \/>\n\t<meta property=\"og:image:height\" content=\"286\" \/>\n\t<meta property=\"og:image:type\" content=\"image\/jpeg\" \/>\n<meta name=\"author\" content=\"Farn\u00e9sio\" \/>\n<meta name=\"twitter:card\" content=\"summary_large_image\" \/>\n<meta name=\"twitter:label1\" content=\"Escrito por\" \/>\n\t<meta name=\"twitter:data1\" content=\"Farn\u00e9sio\" \/>\n\t<meta name=\"twitter:label2\" content=\"Est. tempo de leitura\" \/>\n\t<meta name=\"twitter:data2\" content=\"2 minutos\" \/>\n<script type=\"application\/ld+json\" class=\"yoast-schema-graph\">{\"@context\":\"https:\\\/\\\/schema.org\",\"@graph\":[{\"@type\":\"Article\",\"@id\":\"https:\\\/\\\/blogdofarnesio.com.br\\\/?p=370421#article\",\"isPartOf\":{\"@id\":\"https:\\\/\\\/blogdofarnesio.com.br\\\/?p=370421\"},\"author\":{\"name\":\"Farn\u00e9sio\",\"@id\":\"https:\\\/\\\/blogdofarnesio.com.br\\\/#\\\/schema\\\/person\\\/bb9b23ae3ad0609ce8df7b6c9e76824d\"},\"headline\":\"Jecana 2024: Tudo pronto para a festa come\u00e7ar no povoado em Petrolina\",\"datePublished\":\"2024-06-08T15:00:49+00:00\",\"mainEntityOfPage\":{\"@id\":\"https:\\\/\\\/blogdofarnesio.com.br\\\/?p=370421\"},\"wordCount\":250,\"commentCount\":0,\"publisher\":{\"@id\":\"https:\\\/\\\/blogdofarnesio.com.br\\\/#organization\"},\"image\":{\"@id\":\"https:\\\/\\\/blogdofarnesio.com.br\\\/?p=370421#primaryimage\"},\"thumbnailUrl\":\"https:\\\/\\\/blogdofarnesio.com.br\\\/wp-content\\\/uploads\\\/2024\\\/06\\\/JECANA-2024-3-e1717795861253.jpeg\",\"articleSection\":[\"Cultura\"],\"inLanguage\":\"pt-BR\",\"potentialAction\":[{\"@type\":\"CommentAction\",\"name\":\"Comment\",\"target\":[\"https:\\\/\\\/blogdofarnesio.com.br\\\/?p=370421#respond\"]}]},{\"@type\":\"WebPage\",\"@id\":\"https:\\\/\\\/blogdofarnesio.com.br\\\/?p=370421\",\"url\":\"https:\\\/\\\/blogdofarnesio.com.br\\\/?p=370421\",\"name\":\"Jecana 2024: Tudo pronto para a festa come\u00e7ar no povoado em Petrolina - Blog do Farn\u00e9sio\",\"isPartOf\":{\"@id\":\"https:\\\/\\\/blogdofarnesio.com.br\\\/#website\"},\"primaryImageOfPage\":{\"@id\":\"https:\\\/\\\/blogdofarnesio.com.br\\\/?p=370421#primaryimage\"},\"image\":{\"@id\":\"https:\\\/\\\/blogdofarnesio.com.br\\\/?p=370421#primaryimage\"},\"thumbnailUrl\":\"https:\\\/\\\/blogdofarnesio.com.br\\\/wp-content\\\/uploads\\\/2024\\\/06\\\/JECANA-2024-3-e1717795861253.jpeg\",\"datePublished\":\"2024-06-08T15:00:49+00:00\",\"breadcrumb\":{\"@id\":\"https:\\\/\\\/blogdofarnesio.com.br\\\/?p=370421#breadcrumb\"},\"inLanguage\":\"pt-BR\",\"potentialAction\":[{\"@type\":\"ReadAction\",\"target\":[\"https:\\\/\\\/blogdofarnesio.com.br\\\/?p=370421\"]}]},{\"@type\":\"ImageObject\",\"inLanguage\":\"pt-BR\",\"@id\":\"https:\\\/\\\/blogdofarnesio.com.br\\\/?p=370421#primaryimage\",\"url\":\"https:\\\/\\\/blogdofarnesio.com.br\\\/wp-content\\\/uploads\\\/2024\\\/06\\\/JECANA-2024-3-e1717795861253.jpeg\",\"contentUrl\":\"https:\\\/\\\/blogdofarnesio.com.br\\\/wp-content\\\/uploads\\\/2024\\\/06\\\/JECANA-2024-3-e1717795861253.jpeg\",\"width\":525,\"height\":286},{\"@type\":\"BreadcrumbList\",\"@id\":\"https:\\\/\\\/blogdofarnesio.com.br\\\/?p=370421#breadcrumb\",\"itemListElement\":[{\"@type\":\"ListItem\",\"position\":1,\"name\":\"In\u00edcio\",\"item\":\"https:\\\/\\\/blogdofarnesio.com.br\\\/\"},{\"@type\":\"ListItem\",\"position\":2,\"name\":\"Jecana 2024: Tudo pronto para a festa come\u00e7ar no povoado em Petrolina\"}]},{\"@type\":\"WebSite\",\"@id\":\"https:\\\/\\\/blogdofarnesio.com.br\\\/#website\",\"url\":\"https:\\\/\\\/blogdofarnesio.com.br\\\/\",\"name\":\"Blog do Farn\u00e9sio\",\"description\":\"Quer Saber Pol\u00edtica?\",\"publisher\":{\"@id\":\"https:\\\/\\\/blogdofarnesio.com.br\\\/#organization\"},\"potentialAction\":[{\"@type\":\"SearchAction\",\"target\":{\"@type\":\"EntryPoint\",\"urlTemplate\":\"https:\\\/\\\/blogdofarnesio.com.br\\\/?s={search_term_string}\"},\"query-input\":{\"@type\":\"PropertyValueSpecification\",\"valueRequired\":true,\"valueName\":\"search_term_string\"}}],\"inLanguage\":\"pt-BR\"},{\"@type\":\"Organization\",\"@id\":\"https:\\\/\\\/blogdofarnesio.com.br\\\/#organization\",\"name\":\"Blog do Farn\u00e9sio\",\"url\":\"https:\\\/\\\/blogdofarnesio.com.br\\\/\",\"logo\":{\"@type\":\"ImageObject\",\"inLanguage\":\"pt-BR\",\"@id\":\"https:\\\/\\\/blogdofarnesio.com.br\\\/#\\\/schema\\\/logo\\\/image\\\/\",\"url\":\"https:\\\/\\\/blogdofarnesio.com.br\\\/wp-content\\\/uploads\\\/2026\\\/03\\\/cropped-logo_new-1.png\",\"contentUrl\":\"https:\\\/\\\/blogdofarnesio.com.br\\\/wp-content\\\/uploads\\\/2026\\\/03\\\/cropped-logo_new-1.png\",\"width\":881,\"height\":685,\"caption\":\"Blog do Farn\u00e9sio\"},\"image\":{\"@id\":\"https:\\\/\\\/blogdofarnesio.com.br\\\/#\\\/schema\\\/logo\\\/image\\\/\"},\"sameAs\":[\"https:\\\/\\\/www.facebook.com\\\/BlogQuerSaberPolitica\\\/\"]},{\"@type\":\"Person\",\"@id\":\"https:\\\/\\\/blogdofarnesio.com.br\\\/#\\\/schema\\\/person\\\/bb9b23ae3ad0609ce8df7b6c9e76824d\",\"name\":\"Farn\u00e9sio\",\"image\":{\"@type\":\"ImageObject\",\"inLanguage\":\"pt-BR\",\"@id\":\"https:\\\/\\\/secure.gravatar.com\\\/avatar\\\/986aa4c61ccdb66f8555bf88fc2a65609d00bcabd4d2d94377a727547345cbca?s=96&d=mm&r=g\",\"url\":\"https:\\\/\\\/secure.gravatar.com\\\/avatar\\\/986aa4c61ccdb66f8555bf88fc2a65609d00bcabd4d2d94377a727547345cbca?s=96&d=mm&r=g\",\"contentUrl\":\"https:\\\/\\\/secure.gravatar.com\\\/avatar\\\/986aa4c61ccdb66f8555bf88fc2a65609d00bcabd4d2d94377a727547345cbca?s=96&d=mm&r=g\",\"caption\":\"Farn\u00e9sio\"},\"description\":\"Radialista blogueiro, chegou a Petrolina\\\/Juazeiro em setembro de 1980, Farn\u00e9sio Silva \u00e9 de Arapiraca-Alagoas.\",\"sameAs\":[\"http:\\\/\\\/blogdofarnesio.com.br\",\"https:\\\/\\\/www.facebook.com\\\/?ref=tn_tnmn\",\"https:\\\/\\\/www.instagram.com\\\/?utm_source=pwa_homescreen\",\"https:\\\/\\\/youtube.com.br\\\/\"],\"url\":\"https:\\\/\\\/blogdofarnesio.com.br\\\/?author=2\"}]}<\/script>\n<!-- \/ Yoast SEO plugin. -->","yoast_head_json":{"title":"Jecana 2024: Tudo pronto para a festa come\u00e7ar no povoado em Petrolina - Blog do Farn\u00e9sio","robots":{"index":"index","follow":"follow","max-snippet":"max-snippet:-1","max-image-preview":"max-image-preview:large","max-video-preview":"max-video-preview:-1"},"canonical":"https:\/\/blogdofarnesio.com.br\/?p=370421","og_locale":"pt_BR","og_type":"article","og_title":"Jecana 2024: Tudo pronto para a festa come\u00e7ar no povoado em Petrolina - Blog do Farn\u00e9sio","og_description":"A estrutura da Jecana 2024, que ser\u00e1 realizada neste fim de semana no Capim, que fica a cerca de 20km de Petrolina, j\u00e1 est\u00e1 pronta. A Prefeitura Municipal, atrav\u00e9s da Secretaria de Desenvolvimento Econ\u00f4mico e Turismo (SEDETUR), convida toda a popula\u00e7\u00e3o petrolinense para ir se divertir com toda fam\u00edlia. A expectativa \u00e9 que uma m\u00e9dia de 10 mil pessoas participem do evento. A abertura \u00e9 nessa sexta-feira (7), com uma missa, \u00e0s 19h, na igreja cat\u00f3lica local e depois uma quermesse com barracas de comidas e bebidas da regi\u00e3o. Neste s\u00e1bado (8), as comemora\u00e7\u00f5es iniciam \u00e0s 16h, com o torneio de futebol no campo da comunidade do Capim. No per\u00edodo da noite ser\u00e3o abertas as barracas e haver\u00e1 shows, a&hellip;","og_url":"https:\/\/blogdofarnesio.com.br\/?p=370421","og_site_name":"Blog do Farn\u00e9sio","article_publisher":"https:\/\/www.facebook.com\/BlogQuerSaberPolitica\/","article_author":"https:\/\/www.facebook.com\/?ref=tn_tnmn","article_published_time":"2024-06-08T15:00:49+00:00","og_image":[{"width":525,"height":286,"url":"https:\/\/blogdofarnesio.com.br\/wp-content\/uploads\/2024\/06\/JECANA-2024-3-e1717795861253.jpeg","type":"image\/jpeg"}],"author":"Farn\u00e9sio","twitter_card":"summary_large_image","twitter_misc":{"Escrito por":"Farn\u00e9sio","Est. tempo de leitura":"2 minutos"},"schema":{"@context":"https:\/\/schema.org","@graph":[{"@type":"Article","@id":"https:\/\/blogdofarnesio.com.br\/?p=370421#article","isPartOf":{"@id":"https:\/\/blogdofarnesio.com.br\/?p=370421"},"author":{"name":"Farn\u00e9sio","@id":"https:\/\/blogdofarnesio.com.br\/#\/schema\/person\/bb9b23ae3ad0609ce8df7b6c9e76824d"},"headline":"Jecana 2024: Tudo pronto para a festa come\u00e7ar no povoado em Petrolina","datePublished":"2024-06-08T15:00:49+00:00","mainEntityOfPage":{"@id":"https:\/\/blogdofarnesio.com.br\/?p=370421"},"wordCount":250,"commentCount":0,"publisher":{"@id":"https:\/\/blogdofarnesio.com.br\/#organization"},"image":{"@id":"https:\/\/blogdofarnesio.com.br\/?p=370421#primaryimage"},"thumbnailUrl":"https:\/\/blogdofarnesio.com.br\/wp-content\/uploads\/2024\/06\/JECANA-2024-3-e1717795861253.jpeg","articleSection":["Cultura"],"inLanguage":"pt-BR","potentialAction":[{"@type":"CommentAction","name":"Comment","target":["https:\/\/blogdofarnesio.com.br\/?p=370421#respond"]}]},{"@type":"WebPage","@id":"https:\/\/blogdofarnesio.com.br\/?p=370421","url":"https:\/\/blogdofarnesio.com.br\/?p=370421","name":"Jecana 2024: Tudo pronto para a festa come\u00e7ar no povoado em Petrolina - Blog do Farn\u00e9sio","isPartOf":{"@id":"https:\/\/blogdofarnesio.com.br\/#website"},"primaryImageOfPage":{"@id":"https:\/\/blogdofarnesio.com.br\/?p=370421#primaryimage"},"image":{"@id":"https:\/\/blogdofarnesio.com.br\/?p=370421#primaryimage"},"thumbnailUrl":"https:\/\/blogdofarnesio.com.br\/wp-content\/uploads\/2024\/06\/JECANA-2024-3-e1717795861253.jpeg","datePublished":"2024-06-08T15:00:49+00:00","breadcrumb":{"@id":"https:\/\/blogdofarnesio.com.br\/?p=370421#breadcrumb"},"inLanguage":"pt-BR","potentialAction":[{"@type":"ReadAction","target":["https:\/\/blogdofarnesio.com.br\/?p=370421"]}]},{"@type":"ImageObject","inLanguage":"pt-BR","@id":"https:\/\/blogdofarnesio.com.br\/?p=370421#primaryimage","url":"https:\/\/blogdofarnesio.com.br\/wp-content\/uploads\/2024\/06\/JECANA-2024-3-e1717795861253.jpeg","contentUrl":"https:\/\/blogdofarnesio.com.br\/wp-content\/uploads\/2024\/06\/JECANA-2024-3-e1717795861253.jpeg","width":525,"height":286},{"@type":"BreadcrumbList","@id":"https:\/\/blogdofarnesio.com.br\/?p=370421#breadcrumb","itemListElement":[{"@type":"ListItem","position":1,"name":"In\u00edcio","item":"https:\/\/blogdofarnesio.com.br\/"},{"@type":"ListItem","position":2,"name":"Jecana 2024: Tudo pronto para a festa come\u00e7ar no povoado em Petrolina"}]},{"@type":"WebSite","@id":"https:\/\/blogdofarnesio.com.br\/#website","url":"https:\/\/blogdofarnesio.com.br\/","name":"Blog do Farn\u00e9sio","description":"Quer Saber Pol\u00edtica?","publisher":{"@id":"https:\/\/blogdofarnesio.com.br\/#organization"},"potentialAction":[{"@type":"SearchAction","target":{"@type":"EntryPoint","urlTemplate":"https:\/\/blogdofarnesio.com.br\/?s={search_term_string}"},"query-input":{"@type":"PropertyValueSpecification","valueRequired":true,"valueName":"search_term_string"}}],"inLanguage":"pt-BR"},{"@type":"Organization","@id":"https:\/\/blogdofarnesio.com.br\/#organization","name":"Blog do Farn\u00e9sio","url":"https:\/\/blogdofarnesio.com.br\/","logo":{"@type":"ImageObject","inLanguage":"pt-BR","@id":"https:\/\/blogdofarnesio.com.br\/#\/schema\/logo\/image\/","url":"https:\/\/blogdofarnesio.com.br\/wp-content\/uploads\/2026\/03\/cropped-logo_new-1.png","contentUrl":"https:\/\/blogdofarnesio.com.br\/wp-content\/uploads\/2026\/03\/cropped-logo_new-1.png","width":881,"height":685,"caption":"Blog do Farn\u00e9sio"},"image":{"@id":"https:\/\/blogdofarnesio.com.br\/#\/schema\/logo\/image\/"},"sameAs":["https:\/\/www.facebook.com\/BlogQuerSaberPolitica\/"]},{"@type":"Person","@id":"https:\/\/blogdofarnesio.com.br\/#\/schema\/person\/bb9b23ae3ad0609ce8df7b6c9e76824d","name":"Farn\u00e9sio","image":{"@type":"ImageObject","inLanguage":"pt-BR","@id":"https:\/\/secure.gravatar.com\/avatar\/986aa4c61ccdb66f8555bf88fc2a65609d00bcabd4d2d94377a727547345cbca?s=96&d=mm&r=g","url":"https:\/\/secure.gravatar.com\/avatar\/986aa4c61ccdb66f8555bf88fc2a65609d00bcabd4d2d94377a727547345cbca?s=96&d=mm&r=g","contentUrl":"https:\/\/secure.gravatar.com\/avatar\/986aa4c61ccdb66f8555bf88fc2a65609d00bcabd4d2d94377a727547345cbca?s=96&d=mm&r=g","caption":"Farn\u00e9sio"},"description":"Radialista blogueiro, chegou a Petrolina\/Juazeiro em setembro de 1980, Farn\u00e9sio Silva \u00e9 de Arapiraca-Alagoas.","sameAs":["http:\/\/blogdofarnesio.com.br","https:\/\/www.facebook.com\/?ref=tn_tnmn","https:\/\/www.instagram.com\/?utm_source=pwa_homescreen","https:\/\/youtube.com.br\/"],"url":"https:\/\/blogdofarnesio.com.br\/?author=2"}]}},"_links":{"self":[{"href":"https:\/\/blogdofarnesio.com.br\/index.php?rest_route=\/wp\/v2\/posts\/370421","targetHints":{"allow":["GET"]}}],"collection":[{"href":"https:\/\/blogdofarnesio.com.br\/index.php?rest_route=\/wp\/v2\/posts"}],"about":[{"href":"https:\/\/blogdofarnesio.com.br\/index.php?rest_route=\/wp\/v2\/types\/post"}],"author":[{"embeddable":true,"href":"https:\/\/blogdofarnesio.com.br\/index.php?rest_route=\/wp\/v2\/users\/2"}],"replies":[{"embeddable":true,"href":"https:\/\/blogdofarnesio.com.br\/index.php?rest_route=%2Fwp%2Fv2%2Fcomments&post=370421"}],"version-history":[{"count":0,"href":"https:\/\/blogdofarnesio.com.br\/index.php?rest_route=\/wp\/v2\/posts\/370421\/revisions"}],"wp:featuredmedia":[{"embeddable":true,"href":"https:\/\/blogdofarnesio.com.br\/index.php?rest_route=\/wp\/v2\/media\/370423"}],"wp:attachment":[{"href":"https:\/\/blogdofarnesio.com.br\/index.php?rest_route=%2Fwp%2Fv2%2Fmedia&parent=370421"}],"wp:term":[{"taxonomy":"category","embeddable":true,"href":"https:\/\/blogdofarnesio.com.br\/index.php?rest_route=%2Fwp%2Fv2%2Fcategories&post=370421"},{"taxonomy":"post_tag","embeddable":true,"href":"https:\/\/blogdofarnesio.com.br\/index.php?rest_route=%2Fwp%2Fv2%2Ftags&post=370421"}],"curies":[{"name":"wp","href":"https:\/\/api.w.org\/{rel}","templated":true}]}}