{"id":370238,"date":"2024-06-11T16:24:31","date_gmt":"2024-06-11T19:24:31","guid":{"rendered":"https:\/\/blogdofarnesio.com.br\/?p=370238"},"modified":"2024-06-11T13:41:03","modified_gmt":"2024-06-11T16:41:03","slug":"saiba-novo-prazo-para-chegada-da-nova-carteira-de-identidade-na-bahia","status":"publish","type":"post","link":"https:\/\/blogdofarnesio.com.br\/?p=370238","title":{"rendered":"Saiba novo prazo para chegada da nova Carteira de Identidade na Bahia"},"content":{"rendered":"<header>\n<h1><span style=\"font-size: 16px; font-weight: 400; text-decoration-line: underline;\">\u00a0<\/span><strong style=\"font-size: 16px;\">Lula Bonfim\/A TARDE\u00a0 &#8211;\u00a0\u00a0<\/strong><\/h1>\n<figure class=\"mw-article-head-image\" data-article-id=\"1273229\"><\/figure>\n<div class=\"mw-image-info\"><em><strong><span class=\"mw-image-description\">Apenas Amap\u00e1, Bahia e Roraima ainda n\u00e3o iniciaram a implanta\u00e7\u00e3o do novo documento<\/span><\/strong><\/em><\/div>\n<\/header>\n<section>\n<div><\/div>\n<p>A nova Carteira de Identidade Nacional (CIN) estava prevista para ser implantada na Bahia a partir do \u00faltimo 1\u00ba de junho. O planejamento, por\u00e9m, n\u00e3o se confirmou e a novidade ficar\u00e1 para depois em territ\u00f3rio baiano.<\/p>\n<p>Procurado pelo\u00a0Portal A TARDE, o Departamento de Pol\u00edcia T\u00e9cnica (DPT) \u2014 respons\u00e1vel pelo Instituto Pedro Mello, que produz o documento na Bahia \u2014 afirmou que o projeto piloto da nova CIN n\u00e3o foi iniciado no s\u00e1bado \u201cem decorr\u00eancia de um atraso na integra\u00e7\u00e3o do sistema de gera\u00e7\u00e3o do QR Code da nova Carteira de Identidade Nacional, que \u00e9 operacionalizado pelo Minist\u00e9rio da Justi\u00e7a\u201d.<\/p>\n<p>Apesar disso, de acordo com o DPT, a previs\u00e3o \u00e9 que o in\u00edcio do projeto piloto de implanta\u00e7\u00e3o da nova Carteira de Identidade Nacional deve ocorrer ainda no primeiro semestre de 2024, que se encerra no dia 30 de junho.<\/p>\n<p>O projeto piloto deve ser iniciado com a emiss\u00e3o dos documentos para um p\u00fablico restrito, em dois postos instalados em Salvador, visando avaliar o fluxo de atendimento. Essa primeira etapa s\u00f3 poder\u00e1 ser realizada atrav\u00e9s de agendamento.<\/p>\n<p>Apenas depois dessa avalia\u00e7\u00e3o, quando o sistema estiver consolidado, a emiss\u00e3o da nova Carteira de Identidade Nacional dever\u00e1 ser aberta para toda a popula\u00e7\u00e3o do estado da Bahia.<\/p>\n<p>Um total de 23 estados brasileiros, mais o Distrito Federal, j\u00e1 come\u00e7aram a implanta\u00e7\u00e3o da nova Carteira de Identidade Nacional. As exce\u00e7\u00f5es s\u00e3o Amap\u00e1, Bahia e Roraima. A ideia do novo documento \u00e9 unificar nacionalmente o registro das pessoas, impedindo que os brasileiros tenham um RG em cada unidade da federa\u00e7\u00e3o<\/p>\n<\/section>\n","protected":false},"excerpt":{"rendered":"<p>\u00a0Lula Bonfim\/A TARDE\u00a0 &#8211;\u00a0\u00a0 Apenas Amap\u00e1, Bahia e Roraima ainda n\u00e3o iniciaram a implanta\u00e7\u00e3o do novo documento A nova Carteira de Identidade Nacional (CIN) estava prevista para ser implantada na Bahia a partir do \u00faltimo 1\u00ba de junho. O planejamento, por\u00e9m, n\u00e3o se confirmou e a novidade ficar\u00e1 para depois em territ\u00f3rio baiano. Procurado pelo\u00a0Portal A TARDE, o Departamento de Pol\u00edcia T\u00e9cnica (DPT) \u2014 respons\u00e1vel pelo Instituto Pedro Mello, que produz o documento na Bahia \u2014 afirmou que o projeto piloto da nova CIN n\u00e3o foi iniciado no s\u00e1bado \u201cem decorr\u00eancia de um atraso na integra\u00e7\u00e3o do sistema de gera\u00e7\u00e3o do QR Code da nova Carteira de Identidade Nacional, que \u00e9 operacionalizado pelo Minist\u00e9rio da Justi\u00e7a\u201d. Apesar disso, de acordo&hellip; <\/p>\n","protected":false},"author":2,"featured_media":370262,"comment_status":"open","ping_status":"open","sticky":false,"template":"","format":"standard","meta":{"_acf_changed":false,"footnotes":""},"categories":[5],"tags":[],"class_list":["post-370238","post","type-post","status-publish","format-standard","has-post-thumbnail","hentry","category-seguranca"],"acf":[],"yoast_head":"<!-- This site is optimized with the Yoast SEO plugin v27.4 - https:\/\/yoast.com\/product\/yoast-seo-wordpress\/ -->\n<title>Saiba novo prazo para chegada da nova Carteira de Identidade na Bahia - Blog do Farn\u00e9sio<\/title>\n<meta name=\"robots\" content=\"index, follow, max-snippet:-1, max-image-preview:large, max-video-preview:-1\" \/>\n<link rel=\"canonical\" href=\"https:\/\/blogdofarnesio.com.br\/?p=370238\" \/>\n<meta property=\"og:locale\" content=\"pt_BR\" \/>\n<meta property=\"og:type\" content=\"article\" \/>\n<meta property=\"og:title\" content=\"Saiba novo prazo para chegada da nova Carteira de Identidade na Bahia - Blog do Farn\u00e9sio\" \/>\n<meta property=\"og:description\" content=\"\u00a0Lula Bonfim\/A TARDE\u00a0 &#8211;\u00a0\u00a0 Apenas Amap\u00e1, Bahia e Roraima ainda n\u00e3o iniciaram a implanta\u00e7\u00e3o do novo documento A nova Carteira de Identidade Nacional (CIN) estava prevista para ser implantada na Bahia a partir do \u00faltimo 1\u00ba de junho. O planejamento, por\u00e9m, n\u00e3o se confirmou e a novidade ficar\u00e1 para depois em territ\u00f3rio baiano. Procurado pelo\u00a0Portal A TARDE, o Departamento de Pol\u00edcia T\u00e9cnica (DPT) \u2014 respons\u00e1vel pelo Instituto Pedro Mello, que produz o documento na Bahia \u2014 afirmou que o projeto piloto da nova CIN n\u00e3o foi iniciado no s\u00e1bado \u201cem decorr\u00eancia de um atraso na integra\u00e7\u00e3o do sistema de gera\u00e7\u00e3o do QR Code da nova Carteira de Identidade Nacional, que \u00e9 operacionalizado pelo Minist\u00e9rio da Justi\u00e7a\u201d. Apesar disso, de acordo&hellip;\" \/>\n<meta property=\"og:url\" content=\"https:\/\/blogdofarnesio.com.br\/?p=370238\" \/>\n<meta property=\"og:site_name\" content=\"Blog do Farn\u00e9sio\" \/>\n<meta property=\"article:publisher\" content=\"https:\/\/www.facebook.com\/BlogQuerSaberPolitica\/\" \/>\n<meta property=\"article:author\" content=\"https:\/\/www.facebook.com\/?ref=tn_tnmn\" \/>\n<meta property=\"article:published_time\" content=\"2024-06-11T19:24:31+00:00\" \/>\n<meta property=\"og:image\" content=\"https:\/\/blogdofarnesio.com.br\/wp-content\/uploads\/2024\/06\/blogqsp-rg-nova-identidade-e1717619722402.jpg\" \/>\n\t<meta property=\"og:image:width\" content=\"542\" \/>\n\t<meta property=\"og:image:height\" content=\"293\" \/>\n\t<meta property=\"og:image:type\" content=\"image\/jpeg\" \/>\n<meta name=\"author\" content=\"Farn\u00e9sio\" \/>\n<meta name=\"twitter:card\" content=\"summary_large_image\" \/>\n<meta name=\"twitter:label1\" content=\"Escrito por\" \/>\n\t<meta name=\"twitter:data1\" content=\"Farn\u00e9sio\" \/>\n\t<meta name=\"twitter:label2\" content=\"Est. tempo de leitura\" \/>\n\t<meta name=\"twitter:data2\" content=\"2 minutos\" \/>\n<script type=\"application\/ld+json\" class=\"yoast-schema-graph\">{\"@context\":\"https:\\\/\\\/schema.org\",\"@graph\":[{\"@type\":\"Article\",\"@id\":\"https:\\\/\\\/blogdofarnesio.com.br\\\/?p=370238#article\",\"isPartOf\":{\"@id\":\"https:\\\/\\\/blogdofarnesio.com.br\\\/?p=370238\"},\"author\":{\"name\":\"Farn\u00e9sio\",\"@id\":\"https:\\\/\\\/blogdofarnesio.com.br\\\/#\\\/schema\\\/person\\\/bb9b23ae3ad0609ce8df7b6c9e76824d\"},\"headline\":\"Saiba novo prazo para chegada da nova Carteira de Identidade na Bahia\",\"datePublished\":\"2024-06-11T19:24:31+00:00\",\"mainEntityOfPage\":{\"@id\":\"https:\\\/\\\/blogdofarnesio.com.br\\\/?p=370238\"},\"wordCount\":306,\"commentCount\":0,\"publisher\":{\"@id\":\"https:\\\/\\\/blogdofarnesio.com.br\\\/#organization\"},\"image\":{\"@id\":\"https:\\\/\\\/blogdofarnesio.com.br\\\/?p=370238#primaryimage\"},\"thumbnailUrl\":\"https:\\\/\\\/blogdofarnesio.com.br\\\/wp-content\\\/uploads\\\/2024\\\/06\\\/blogqsp-rg-nova-identidade-e1717619722402.jpg\",\"articleSection\":[\"Seguran\u00e7a\"],\"inLanguage\":\"pt-BR\",\"potentialAction\":[{\"@type\":\"CommentAction\",\"name\":\"Comment\",\"target\":[\"https:\\\/\\\/blogdofarnesio.com.br\\\/?p=370238#respond\"]}]},{\"@type\":\"WebPage\",\"@id\":\"https:\\\/\\\/blogdofarnesio.com.br\\\/?p=370238\",\"url\":\"https:\\\/\\\/blogdofarnesio.com.br\\\/?p=370238\",\"name\":\"Saiba novo prazo para chegada da nova Carteira de Identidade na Bahia - Blog do Farn\u00e9sio\",\"isPartOf\":{\"@id\":\"https:\\\/\\\/blogdofarnesio.com.br\\\/#website\"},\"primaryImageOfPage\":{\"@id\":\"https:\\\/\\\/blogdofarnesio.com.br\\\/?p=370238#primaryimage\"},\"image\":{\"@id\":\"https:\\\/\\\/blogdofarnesio.com.br\\\/?p=370238#primaryimage\"},\"thumbnailUrl\":\"https:\\\/\\\/blogdofarnesio.com.br\\\/wp-content\\\/uploads\\\/2024\\\/06\\\/blogqsp-rg-nova-identidade-e1717619722402.jpg\",\"datePublished\":\"2024-06-11T19:24:31+00:00\",\"breadcrumb\":{\"@id\":\"https:\\\/\\\/blogdofarnesio.com.br\\\/?p=370238#breadcrumb\"},\"inLanguage\":\"pt-BR\",\"potentialAction\":[{\"@type\":\"ReadAction\",\"target\":[\"https:\\\/\\\/blogdofarnesio.com.br\\\/?p=370238\"]}]},{\"@type\":\"ImageObject\",\"inLanguage\":\"pt-BR\",\"@id\":\"https:\\\/\\\/blogdofarnesio.com.br\\\/?p=370238#primaryimage\",\"url\":\"https:\\\/\\\/blogdofarnesio.com.br\\\/wp-content\\\/uploads\\\/2024\\\/06\\\/blogqsp-rg-nova-identidade-e1717619722402.jpg\",\"contentUrl\":\"https:\\\/\\\/blogdofarnesio.com.br\\\/wp-content\\\/uploads\\\/2024\\\/06\\\/blogqsp-rg-nova-identidade-e1717619722402.jpg\",\"width\":542,\"height\":293},{\"@type\":\"BreadcrumbList\",\"@id\":\"https:\\\/\\\/blogdofarnesio.com.br\\\/?p=370238#breadcrumb\",\"itemListElement\":[{\"@type\":\"ListItem\",\"position\":1,\"name\":\"In\u00edcio\",\"item\":\"https:\\\/\\\/blogdofarnesio.com.br\\\/\"},{\"@type\":\"ListItem\",\"position\":2,\"name\":\"Saiba novo prazo para chegada da nova Carteira de Identidade na Bahia\"}]},{\"@type\":\"WebSite\",\"@id\":\"https:\\\/\\\/blogdofarnesio.com.br\\\/#website\",\"url\":\"https:\\\/\\\/blogdofarnesio.com.br\\\/\",\"name\":\"Blog do Farn\u00e9sio\",\"description\":\"Quer Saber Pol\u00edtica?\",\"publisher\":{\"@id\":\"https:\\\/\\\/blogdofarnesio.com.br\\\/#organization\"},\"potentialAction\":[{\"@type\":\"SearchAction\",\"target\":{\"@type\":\"EntryPoint\",\"urlTemplate\":\"https:\\\/\\\/blogdofarnesio.com.br\\\/?s={search_term_string}\"},\"query-input\":{\"@type\":\"PropertyValueSpecification\",\"valueRequired\":true,\"valueName\":\"search_term_string\"}}],\"inLanguage\":\"pt-BR\"},{\"@type\":\"Organization\",\"@id\":\"https:\\\/\\\/blogdofarnesio.com.br\\\/#organization\",\"name\":\"Blog do Farn\u00e9sio\",\"url\":\"https:\\\/\\\/blogdofarnesio.com.br\\\/\",\"logo\":{\"@type\":\"ImageObject\",\"inLanguage\":\"pt-BR\",\"@id\":\"https:\\\/\\\/blogdofarnesio.com.br\\\/#\\\/schema\\\/logo\\\/image\\\/\",\"url\":\"https:\\\/\\\/blogdofarnesio.com.br\\\/wp-content\\\/uploads\\\/2026\\\/03\\\/cropped-logo_new-1.png\",\"contentUrl\":\"https:\\\/\\\/blogdofarnesio.com.br\\\/wp-content\\\/uploads\\\/2026\\\/03\\\/cropped-logo_new-1.png\",\"width\":881,\"height\":685,\"caption\":\"Blog do Farn\u00e9sio\"},\"image\":{\"@id\":\"https:\\\/\\\/blogdofarnesio.com.br\\\/#\\\/schema\\\/logo\\\/image\\\/\"},\"sameAs\":[\"https:\\\/\\\/www.facebook.com\\\/BlogQuerSaberPolitica\\\/\"]},{\"@type\":\"Person\",\"@id\":\"https:\\\/\\\/blogdofarnesio.com.br\\\/#\\\/schema\\\/person\\\/bb9b23ae3ad0609ce8df7b6c9e76824d\",\"name\":\"Farn\u00e9sio\",\"image\":{\"@type\":\"ImageObject\",\"inLanguage\":\"pt-BR\",\"@id\":\"https:\\\/\\\/secure.gravatar.com\\\/avatar\\\/986aa4c61ccdb66f8555bf88fc2a65609d00bcabd4d2d94377a727547345cbca?s=96&d=mm&r=g\",\"url\":\"https:\\\/\\\/secure.gravatar.com\\\/avatar\\\/986aa4c61ccdb66f8555bf88fc2a65609d00bcabd4d2d94377a727547345cbca?s=96&d=mm&r=g\",\"contentUrl\":\"https:\\\/\\\/secure.gravatar.com\\\/avatar\\\/986aa4c61ccdb66f8555bf88fc2a65609d00bcabd4d2d94377a727547345cbca?s=96&d=mm&r=g\",\"caption\":\"Farn\u00e9sio\"},\"description\":\"Radialista blogueiro, chegou a Petrolina\\\/Juazeiro em setembro de 1980, Farn\u00e9sio Silva \u00e9 de Arapiraca-Alagoas.\",\"sameAs\":[\"http:\\\/\\\/blogdofarnesio.com.br\",\"https:\\\/\\\/www.facebook.com\\\/?ref=tn_tnmn\",\"https:\\\/\\\/www.instagram.com\\\/?utm_source=pwa_homescreen\",\"https:\\\/\\\/youtube.com.br\\\/\"],\"url\":\"https:\\\/\\\/blogdofarnesio.com.br\\\/?author=2\"}]}<\/script>\n<!-- \/ Yoast SEO plugin. -->","yoast_head_json":{"title":"Saiba novo prazo para chegada da nova Carteira de Identidade na Bahia - Blog do Farn\u00e9sio","robots":{"index":"index","follow":"follow","max-snippet":"max-snippet:-1","max-image-preview":"max-image-preview:large","max-video-preview":"max-video-preview:-1"},"canonical":"https:\/\/blogdofarnesio.com.br\/?p=370238","og_locale":"pt_BR","og_type":"article","og_title":"Saiba novo prazo para chegada da nova Carteira de Identidade na Bahia - Blog do Farn\u00e9sio","og_description":"\u00a0Lula Bonfim\/A TARDE\u00a0 &#8211;\u00a0\u00a0 Apenas Amap\u00e1, Bahia e Roraima ainda n\u00e3o iniciaram a implanta\u00e7\u00e3o do novo documento A nova Carteira de Identidade Nacional (CIN) estava prevista para ser implantada na Bahia a partir do \u00faltimo 1\u00ba de junho. O planejamento, por\u00e9m, n\u00e3o se confirmou e a novidade ficar\u00e1 para depois em territ\u00f3rio baiano. Procurado pelo\u00a0Portal A TARDE, o Departamento de Pol\u00edcia T\u00e9cnica (DPT) \u2014 respons\u00e1vel pelo Instituto Pedro Mello, que produz o documento na Bahia \u2014 afirmou que o projeto piloto da nova CIN n\u00e3o foi iniciado no s\u00e1bado \u201cem decorr\u00eancia de um atraso na integra\u00e7\u00e3o do sistema de gera\u00e7\u00e3o do QR Code da nova Carteira de Identidade Nacional, que \u00e9 operacionalizado pelo Minist\u00e9rio da Justi\u00e7a\u201d. Apesar disso, de acordo&hellip;","og_url":"https:\/\/blogdofarnesio.com.br\/?p=370238","og_site_name":"Blog do Farn\u00e9sio","article_publisher":"https:\/\/www.facebook.com\/BlogQuerSaberPolitica\/","article_author":"https:\/\/www.facebook.com\/?ref=tn_tnmn","article_published_time":"2024-06-11T19:24:31+00:00","og_image":[{"width":542,"height":293,"url":"https:\/\/blogdofarnesio.com.br\/wp-content\/uploads\/2024\/06\/blogqsp-rg-nova-identidade-e1717619722402.jpg","type":"image\/jpeg"}],"author":"Farn\u00e9sio","twitter_card":"summary_large_image","twitter_misc":{"Escrito por":"Farn\u00e9sio","Est. tempo de leitura":"2 minutos"},"schema":{"@context":"https:\/\/schema.org","@graph":[{"@type":"Article","@id":"https:\/\/blogdofarnesio.com.br\/?p=370238#article","isPartOf":{"@id":"https:\/\/blogdofarnesio.com.br\/?p=370238"},"author":{"name":"Farn\u00e9sio","@id":"https:\/\/blogdofarnesio.com.br\/#\/schema\/person\/bb9b23ae3ad0609ce8df7b6c9e76824d"},"headline":"Saiba novo prazo para chegada da nova Carteira de Identidade na Bahia","datePublished":"2024-06-11T19:24:31+00:00","mainEntityOfPage":{"@id":"https:\/\/blogdofarnesio.com.br\/?p=370238"},"wordCount":306,"commentCount":0,"publisher":{"@id":"https:\/\/blogdofarnesio.com.br\/#organization"},"image":{"@id":"https:\/\/blogdofarnesio.com.br\/?p=370238#primaryimage"},"thumbnailUrl":"https:\/\/blogdofarnesio.com.br\/wp-content\/uploads\/2024\/06\/blogqsp-rg-nova-identidade-e1717619722402.jpg","articleSection":["Seguran\u00e7a"],"inLanguage":"pt-BR","potentialAction":[{"@type":"CommentAction","name":"Comment","target":["https:\/\/blogdofarnesio.com.br\/?p=370238#respond"]}]},{"@type":"WebPage","@id":"https:\/\/blogdofarnesio.com.br\/?p=370238","url":"https:\/\/blogdofarnesio.com.br\/?p=370238","name":"Saiba novo prazo para chegada da nova Carteira de Identidade na Bahia - Blog do Farn\u00e9sio","isPartOf":{"@id":"https:\/\/blogdofarnesio.com.br\/#website"},"primaryImageOfPage":{"@id":"https:\/\/blogdofarnesio.com.br\/?p=370238#primaryimage"},"image":{"@id":"https:\/\/blogdofarnesio.com.br\/?p=370238#primaryimage"},"thumbnailUrl":"https:\/\/blogdofarnesio.com.br\/wp-content\/uploads\/2024\/06\/blogqsp-rg-nova-identidade-e1717619722402.jpg","datePublished":"2024-06-11T19:24:31+00:00","breadcrumb":{"@id":"https:\/\/blogdofarnesio.com.br\/?p=370238#breadcrumb"},"inLanguage":"pt-BR","potentialAction":[{"@type":"ReadAction","target":["https:\/\/blogdofarnesio.com.br\/?p=370238"]}]},{"@type":"ImageObject","inLanguage":"pt-BR","@id":"https:\/\/blogdofarnesio.com.br\/?p=370238#primaryimage","url":"https:\/\/blogdofarnesio.com.br\/wp-content\/uploads\/2024\/06\/blogqsp-rg-nova-identidade-e1717619722402.jpg","contentUrl":"https:\/\/blogdofarnesio.com.br\/wp-content\/uploads\/2024\/06\/blogqsp-rg-nova-identidade-e1717619722402.jpg","width":542,"height":293},{"@type":"BreadcrumbList","@id":"https:\/\/blogdofarnesio.com.br\/?p=370238#breadcrumb","itemListElement":[{"@type":"ListItem","position":1,"name":"In\u00edcio","item":"https:\/\/blogdofarnesio.com.br\/"},{"@type":"ListItem","position":2,"name":"Saiba novo prazo para chegada da nova Carteira de Identidade na Bahia"}]},{"@type":"WebSite","@id":"https:\/\/blogdofarnesio.com.br\/#website","url":"https:\/\/blogdofarnesio.com.br\/","name":"Blog do Farn\u00e9sio","description":"Quer Saber Pol\u00edtica?","publisher":{"@id":"https:\/\/blogdofarnesio.com.br\/#organization"},"potentialAction":[{"@type":"SearchAction","target":{"@type":"EntryPoint","urlTemplate":"https:\/\/blogdofarnesio.com.br\/?s={search_term_string}"},"query-input":{"@type":"PropertyValueSpecification","valueRequired":true,"valueName":"search_term_string"}}],"inLanguage":"pt-BR"},{"@type":"Organization","@id":"https:\/\/blogdofarnesio.com.br\/#organization","name":"Blog do Farn\u00e9sio","url":"https:\/\/blogdofarnesio.com.br\/","logo":{"@type":"ImageObject","inLanguage":"pt-BR","@id":"https:\/\/blogdofarnesio.com.br\/#\/schema\/logo\/image\/","url":"https:\/\/blogdofarnesio.com.br\/wp-content\/uploads\/2026\/03\/cropped-logo_new-1.png","contentUrl":"https:\/\/blogdofarnesio.com.br\/wp-content\/uploads\/2026\/03\/cropped-logo_new-1.png","width":881,"height":685,"caption":"Blog do Farn\u00e9sio"},"image":{"@id":"https:\/\/blogdofarnesio.com.br\/#\/schema\/logo\/image\/"},"sameAs":["https:\/\/www.facebook.com\/BlogQuerSaberPolitica\/"]},{"@type":"Person","@id":"https:\/\/blogdofarnesio.com.br\/#\/schema\/person\/bb9b23ae3ad0609ce8df7b6c9e76824d","name":"Farn\u00e9sio","image":{"@type":"ImageObject","inLanguage":"pt-BR","@id":"https:\/\/secure.gravatar.com\/avatar\/986aa4c61ccdb66f8555bf88fc2a65609d00bcabd4d2d94377a727547345cbca?s=96&d=mm&r=g","url":"https:\/\/secure.gravatar.com\/avatar\/986aa4c61ccdb66f8555bf88fc2a65609d00bcabd4d2d94377a727547345cbca?s=96&d=mm&r=g","contentUrl":"https:\/\/secure.gravatar.com\/avatar\/986aa4c61ccdb66f8555bf88fc2a65609d00bcabd4d2d94377a727547345cbca?s=96&d=mm&r=g","caption":"Farn\u00e9sio"},"description":"Radialista blogueiro, chegou a Petrolina\/Juazeiro em setembro de 1980, Farn\u00e9sio Silva \u00e9 de Arapiraca-Alagoas.","sameAs":["http:\/\/blogdofarnesio.com.br","https:\/\/www.facebook.com\/?ref=tn_tnmn","https:\/\/www.instagram.com\/?utm_source=pwa_homescreen","https:\/\/youtube.com.br\/"],"url":"https:\/\/blogdofarnesio.com.br\/?author=2"}]}},"_links":{"self":[{"href":"https:\/\/blogdofarnesio.com.br\/index.php?rest_route=\/wp\/v2\/posts\/370238","targetHints":{"allow":["GET"]}}],"collection":[{"href":"https:\/\/blogdofarnesio.com.br\/index.php?rest_route=\/wp\/v2\/posts"}],"about":[{"href":"https:\/\/blogdofarnesio.com.br\/index.php?rest_route=\/wp\/v2\/types\/post"}],"author":[{"embeddable":true,"href":"https:\/\/blogdofarnesio.com.br\/index.php?rest_route=\/wp\/v2\/users\/2"}],"replies":[{"embeddable":true,"href":"https:\/\/blogdofarnesio.com.br\/index.php?rest_route=%2Fwp%2Fv2%2Fcomments&post=370238"}],"version-history":[{"count":0,"href":"https:\/\/blogdofarnesio.com.br\/index.php?rest_route=\/wp\/v2\/posts\/370238\/revisions"}],"wp:featuredmedia":[{"embeddable":true,"href":"https:\/\/blogdofarnesio.com.br\/index.php?rest_route=\/wp\/v2\/media\/370262"}],"wp:attachment":[{"href":"https:\/\/blogdofarnesio.com.br\/index.php?rest_route=%2Fwp%2Fv2%2Fmedia&parent=370238"}],"wp:term":[{"taxonomy":"category","embeddable":true,"href":"https:\/\/blogdofarnesio.com.br\/index.php?rest_route=%2Fwp%2Fv2%2Fcategories&post=370238"},{"taxonomy":"post_tag","embeddable":true,"href":"https:\/\/blogdofarnesio.com.br\/index.php?rest_route=%2Fwp%2Fv2%2Ftags&post=370238"}],"curies":[{"name":"wp","href":"https:\/\/api.w.org\/{rel}","templated":true}]}}