{"id":37014,"date":"2013-04-22T06:07:15","date_gmt":"2013-04-22T09:07:15","guid":{"rendered":"http:\/\/www.quersaberpolitica.com.br\/?p=37014"},"modified":"2013-04-21T17:59:46","modified_gmt":"2013-04-21T20:59:46","slug":"estiagem-ainda-vai-durar-tres-meses-no-nordeste","status":"publish","type":"post","link":"https:\/\/blogdofarnesio.com.br\/?p=37014","title":{"rendered":"ESTIAGEM AINDA VAI DURAR TR\u00caS MESES NO NORDESTE"},"content":{"rendered":"<div style=\"text-align: justify\"><img loading=\"lazy\" decoding=\"async\" class=\"aligncenter\" alt=\": \" src=\"http:\/\/www.brasil247.com\/images\/cache\/1000x357\/crop\/images%7Ccms-image-000312037.jpg\" width=\"420\" height=\"150\" \/><strong>Alagoas247 &#8211;\u00a0<\/strong>A informa\u00e7\u00e3o \u00e9 decepcionante e assustadora, mas a situa\u00e7\u00e3o extrema de seca deve continuar no chamado Setor Leste do Nordeste &#8211; que vai do Rio Grande do Norte \u00e0 Bahia -, pelos pr\u00f3ximos tr\u00eas meses. \u00c9 o que foi anunciado em uma reuni\u00e3o entre especialistas em meteorologia de todo o pa\u00eds. Um estudo foi apresentado nesta sexta-feira (19-04) no Pal\u00e1cio do Governo, em Macei\u00f3.<\/p>\n<\/div>\n<div style=\"text-align: justify\">\n<section>\u00a0O boletim da Quadra Chuvosa, que compreende os meses de abril, maio, junho e julho, foi elaborado na Reuni\u00e3o de An\u00e1lise e Previs\u00e3o Clim\u00e1tica que acontece mensalmente e re\u00fane meteorologistas de todo o Brasil. Eles levam em considera\u00e7\u00e3o As condi\u00e7\u00f5es regionais da pluviometria e globais dos oceanos e da atmosfera tamb\u00e9m s\u00e3o levadas em considera\u00e7\u00e3o.<\/p>\n<p>A probabilidade de chuva acima da m\u00e9dia para a regi\u00e3o Leste do Nordeste \u00e9 de apenas 20%. Para chuvas dentro do esperado, estima-se a probabilidade de 35%. Por\u00e9m, as previs\u00f5es n\u00e3o s\u00e3o animadoras quando se fala na possibilidade de chover abaixo da m\u00e9dia, 45%.<\/p>\n<p>De acordo com Ariane Frassoni, representante do Centro de Previs\u00e3o do Tempo e Estudos Clim\u00e1ticos e Instituto Espacial de Pesquisas Espaciais (CPTEC\/INPE), esta \u00e9 a estiagem mais longa do s\u00e9culo, mas n\u00e3o a pior em rela\u00e7\u00e3o \u00e0 aus\u00eancia de chuvas.<\/p>\n<p>&#8220;Apesar das previs\u00f5es de que as chuvas continuem abaixo da m\u00e9dia, n\u00e3o se descarta epis\u00f3dios de chuva intensa decorrente da atua\u00e7\u00e3o de dist\u00farbios ondulat\u00f3rios de leste&#8221;, ressalta Ariane.<\/p>\n<p>De acordo com o meteorologista da Secretaria de Estado do Meio Ambiente e dos Recursos H\u00eddricos de Alagoas, Emanuel Teixeira, ainda que chova, ser\u00e1 um fen\u00f4meno isolado. &#8220;As chuvas se concentrar\u00e3o nos Litorais e Zona da Mata, o Sert\u00e3o e Agreste n\u00e3o devem acompanhar esse quadro&#8221;, disse.<br \/>\nOs dados foram recebidos com preocupa\u00e7\u00e3o pelo meteorologista de Pernambuco, Thiago Luiz Bezerra. &#8220;A principal quest\u00e3o \u00e9 que j\u00e1 encerrou o per\u00edodo chuvoso do sert\u00e3o de Pernambuco e n\u00e3o ter\u00e1 mais quantidade significativa de chuva para repor as \u00e1guas das barragens. Essa previs\u00e3o pessimista tamb\u00e9m deve prejudicar nosso Agreste&#8221;, afirmou.<\/p>\n<p>Segundo\u00a0o vice-governador de Alagoas, Jos\u00e9 Thomaz Non\u00f4 (DEM), o governo estadual est\u00e1 profundamente preocupado com as previs\u00f5es. &#8220;Temos feito o poss\u00edvel dentro das limita\u00e7\u00f5es, correndo atr\u00e1s dos recursos do Governo Federal, porque se o inverno for como o que foi previsto nesse estudo, significa que antes do fim do ano n\u00f3s j\u00e1 teremos agoniza\u00e7\u00e3o da seca novamente&#8221;, afirmou Non\u00f4.<\/p>\n<\/section>\n<\/div>\n","protected":false},"excerpt":{"rendered":"<p>Alagoas247 &#8211;\u00a0A informa\u00e7\u00e3o \u00e9 decepcionante e assustadora, mas a situa\u00e7\u00e3o extrema de seca deve continuar no chamado Setor Leste do Nordeste &#8211; que vai do Rio Grande do Norte \u00e0 Bahia -, pelos pr\u00f3ximos tr\u00eas meses. \u00c9 o que foi anunciado em uma reuni\u00e3o entre especialistas em meteorologia de todo o pa\u00eds. Um estudo foi apresentado nesta sexta-feira (19-04) no Pal\u00e1cio do Governo, em Macei\u00f3. \u00a0O boletim da Quadra Chuvosa, que compreende os meses de abril, maio, junho e julho, foi elaborado na Reuni\u00e3o de An\u00e1lise e Previs\u00e3o Clim\u00e1tica que acontece mensalmente e re\u00fane meteorologistas de todo o Brasil. Eles levam em considera\u00e7\u00e3o As condi\u00e7\u00f5es regionais da pluviometria e globais dos oceanos e da atmosfera tamb\u00e9m s\u00e3o levadas em considera\u00e7\u00e3o.&hellip; <\/p>\n","protected":false},"author":3,"featured_media":0,"comment_status":"open","ping_status":"open","sticky":false,"template":"","format":"standard","meta":{"_acf_changed":false,"footnotes":""},"categories":[26],"tags":[],"class_list":["post-37014","post","type-post","status-publish","format-standard","hentry","category-agricultura"],"acf":[],"yoast_head":"<!-- This site is optimized with the Yoast SEO plugin v27.4 - https:\/\/yoast.com\/product\/yoast-seo-wordpress\/ -->\n<title>ESTIAGEM AINDA VAI DURAR TR\u00caS MESES NO NORDESTE - Blog do Farn\u00e9sio<\/title>\n<meta name=\"robots\" content=\"index, follow, max-snippet:-1, max-image-preview:large, max-video-preview:-1\" \/>\n<link rel=\"canonical\" href=\"https:\/\/blogdofarnesio.com.br\/?p=37014\" \/>\n<meta property=\"og:locale\" content=\"pt_BR\" \/>\n<meta property=\"og:type\" content=\"article\" \/>\n<meta property=\"og:title\" content=\"ESTIAGEM AINDA VAI DURAR TR\u00caS MESES NO NORDESTE - Blog do Farn\u00e9sio\" \/>\n<meta property=\"og:description\" content=\"Alagoas247 &#8211;\u00a0A informa\u00e7\u00e3o \u00e9 decepcionante e assustadora, mas a situa\u00e7\u00e3o extrema de seca deve continuar no chamado Setor Leste do Nordeste &#8211; que vai do Rio Grande do Norte \u00e0 Bahia -, pelos pr\u00f3ximos tr\u00eas meses. \u00c9 o que foi anunciado em uma reuni\u00e3o entre especialistas em meteorologia de todo o pa\u00eds. Um estudo foi apresentado nesta sexta-feira (19-04) no Pal\u00e1cio do Governo, em Macei\u00f3. \u00a0O boletim da Quadra Chuvosa, que compreende os meses de abril, maio, junho e julho, foi elaborado na Reuni\u00e3o de An\u00e1lise e Previs\u00e3o Clim\u00e1tica que acontece mensalmente e re\u00fane meteorologistas de todo o Brasil. Eles levam em considera\u00e7\u00e3o As condi\u00e7\u00f5es regionais da pluviometria e globais dos oceanos e da atmosfera tamb\u00e9m s\u00e3o levadas em considera\u00e7\u00e3o.&hellip;\" \/>\n<meta property=\"og:url\" content=\"https:\/\/blogdofarnesio.com.br\/?p=37014\" \/>\n<meta property=\"og:site_name\" content=\"Blog do Farn\u00e9sio\" \/>\n<meta property=\"article:publisher\" content=\"https:\/\/www.facebook.com\/BlogQuerSaberPolitica\/\" \/>\n<meta property=\"article:published_time\" content=\"2013-04-22T09:07:15+00:00\" \/>\n<meta property=\"og:image\" content=\"http:\/\/www.brasil247.com\/images\/cache\/1000x357\/crop\/images%7Ccms-image-000312037.jpg\" \/>\n<meta name=\"author\" content=\"teste\" \/>\n<meta name=\"twitter:card\" content=\"summary_large_image\" \/>\n<meta name=\"twitter:label1\" content=\"Escrito por\" \/>\n\t<meta name=\"twitter:data1\" content=\"teste\" \/>\n\t<meta name=\"twitter:label2\" content=\"Est. tempo de leitura\" \/>\n\t<meta name=\"twitter:data2\" content=\"2 minutos\" \/>\n<script type=\"application\/ld+json\" class=\"yoast-schema-graph\">{\"@context\":\"https:\\\/\\\/schema.org\",\"@graph\":[{\"@type\":\"Article\",\"@id\":\"https:\\\/\\\/blogdofarnesio.com.br\\\/?p=37014#article\",\"isPartOf\":{\"@id\":\"https:\\\/\\\/blogdofarnesio.com.br\\\/?p=37014\"},\"author\":{\"name\":\"teste\",\"@id\":\"https:\\\/\\\/blogdofarnesio.com.br\\\/#\\\/schema\\\/person\\\/dd1bf5eba40b687199ba45ca6b97dff9\"},\"headline\":\"ESTIAGEM AINDA VAI DURAR TR\u00caS MESES NO NORDESTE\",\"datePublished\":\"2013-04-22T09:07:15+00:00\",\"mainEntityOfPage\":{\"@id\":\"https:\\\/\\\/blogdofarnesio.com.br\\\/?p=37014\"},\"wordCount\":445,\"commentCount\":0,\"publisher\":{\"@id\":\"https:\\\/\\\/blogdofarnesio.com.br\\\/#organization\"},\"image\":{\"@id\":\"https:\\\/\\\/blogdofarnesio.com.br\\\/?p=37014#primaryimage\"},\"thumbnailUrl\":\"http:\\\/\\\/www.brasil247.com\\\/images\\\/cache\\\/1000x357\\\/crop\\\/images%7Ccms-image-000312037.jpg\",\"articleSection\":[\"Agricultura\"],\"inLanguage\":\"pt-BR\",\"potentialAction\":[{\"@type\":\"CommentAction\",\"name\":\"Comment\",\"target\":[\"https:\\\/\\\/blogdofarnesio.com.br\\\/?p=37014#respond\"]}]},{\"@type\":\"WebPage\",\"@id\":\"https:\\\/\\\/blogdofarnesio.com.br\\\/?p=37014\",\"url\":\"https:\\\/\\\/blogdofarnesio.com.br\\\/?p=37014\",\"name\":\"ESTIAGEM AINDA VAI DURAR TR\u00caS MESES NO NORDESTE - Blog do Farn\u00e9sio\",\"isPartOf\":{\"@id\":\"https:\\\/\\\/blogdofarnesio.com.br\\\/#website\"},\"primaryImageOfPage\":{\"@id\":\"https:\\\/\\\/blogdofarnesio.com.br\\\/?p=37014#primaryimage\"},\"image\":{\"@id\":\"https:\\\/\\\/blogdofarnesio.com.br\\\/?p=37014#primaryimage\"},\"thumbnailUrl\":\"http:\\\/\\\/www.brasil247.com\\\/images\\\/cache\\\/1000x357\\\/crop\\\/images%7Ccms-image-000312037.jpg\",\"datePublished\":\"2013-04-22T09:07:15+00:00\",\"breadcrumb\":{\"@id\":\"https:\\\/\\\/blogdofarnesio.com.br\\\/?p=37014#breadcrumb\"},\"inLanguage\":\"pt-BR\",\"potentialAction\":[{\"@type\":\"ReadAction\",\"target\":[\"https:\\\/\\\/blogdofarnesio.com.br\\\/?p=37014\"]}]},{\"@type\":\"ImageObject\",\"inLanguage\":\"pt-BR\",\"@id\":\"https:\\\/\\\/blogdofarnesio.com.br\\\/?p=37014#primaryimage\",\"url\":\"http:\\\/\\\/www.brasil247.com\\\/images\\\/cache\\\/1000x357\\\/crop\\\/images%7Ccms-image-000312037.jpg\",\"contentUrl\":\"http:\\\/\\\/www.brasil247.com\\\/images\\\/cache\\\/1000x357\\\/crop\\\/images%7Ccms-image-000312037.jpg\"},{\"@type\":\"BreadcrumbList\",\"@id\":\"https:\\\/\\\/blogdofarnesio.com.br\\\/?p=37014#breadcrumb\",\"itemListElement\":[{\"@type\":\"ListItem\",\"position\":1,\"name\":\"In\u00edcio\",\"item\":\"https:\\\/\\\/blogdofarnesio.com.br\\\/\"},{\"@type\":\"ListItem\",\"position\":2,\"name\":\"ESTIAGEM AINDA VAI DURAR TR\u00caS MESES NO NORDESTE\"}]},{\"@type\":\"WebSite\",\"@id\":\"https:\\\/\\\/blogdofarnesio.com.br\\\/#website\",\"url\":\"https:\\\/\\\/blogdofarnesio.com.br\\\/\",\"name\":\"Blog do Farn\u00e9sio\",\"description\":\"Quer Saber Pol\u00edtica?\",\"publisher\":{\"@id\":\"https:\\\/\\\/blogdofarnesio.com.br\\\/#organization\"},\"potentialAction\":[{\"@type\":\"SearchAction\",\"target\":{\"@type\":\"EntryPoint\",\"urlTemplate\":\"https:\\\/\\\/blogdofarnesio.com.br\\\/?s={search_term_string}\"},\"query-input\":{\"@type\":\"PropertyValueSpecification\",\"valueRequired\":true,\"valueName\":\"search_term_string\"}}],\"inLanguage\":\"pt-BR\"},{\"@type\":\"Organization\",\"@id\":\"https:\\\/\\\/blogdofarnesio.com.br\\\/#organization\",\"name\":\"Blog do Farn\u00e9sio\",\"url\":\"https:\\\/\\\/blogdofarnesio.com.br\\\/\",\"logo\":{\"@type\":\"ImageObject\",\"inLanguage\":\"pt-BR\",\"@id\":\"https:\\\/\\\/blogdofarnesio.com.br\\\/#\\\/schema\\\/logo\\\/image\\\/\",\"url\":\"https:\\\/\\\/blogdofarnesio.com.br\\\/wp-content\\\/uploads\\\/2026\\\/03\\\/cropped-logo_new-1.png\",\"contentUrl\":\"https:\\\/\\\/blogdofarnesio.com.br\\\/wp-content\\\/uploads\\\/2026\\\/03\\\/cropped-logo_new-1.png\",\"width\":881,\"height\":685,\"caption\":\"Blog do Farn\u00e9sio\"},\"image\":{\"@id\":\"https:\\\/\\\/blogdofarnesio.com.br\\\/#\\\/schema\\\/logo\\\/image\\\/\"},\"sameAs\":[\"https:\\\/\\\/www.facebook.com\\\/BlogQuerSaberPolitica\\\/\"]},{\"@type\":\"Person\",\"@id\":\"https:\\\/\\\/blogdofarnesio.com.br\\\/#\\\/schema\\\/person\\\/dd1bf5eba40b687199ba45ca6b97dff9\",\"name\":\"teste\",\"image\":{\"@type\":\"ImageObject\",\"inLanguage\":\"pt-BR\",\"@id\":\"https:\\\/\\\/secure.gravatar.com\\\/avatar\\\/2172498d4914b51e1d89a0f97957b035ac4938723a5cac208135d389b6972a6d?s=96&d=mm&r=g\",\"url\":\"https:\\\/\\\/secure.gravatar.com\\\/avatar\\\/2172498d4914b51e1d89a0f97957b035ac4938723a5cac208135d389b6972a6d?s=96&d=mm&r=g\",\"contentUrl\":\"https:\\\/\\\/secure.gravatar.com\\\/avatar\\\/2172498d4914b51e1d89a0f97957b035ac4938723a5cac208135d389b6972a6d?s=96&d=mm&r=g\",\"caption\":\"teste\"},\"url\":\"https:\\\/\\\/blogdofarnesio.com.br\\\/?author=3\"}]}<\/script>\n<!-- \/ Yoast SEO plugin. -->","yoast_head_json":{"title":"ESTIAGEM AINDA VAI DURAR TR\u00caS MESES NO NORDESTE - Blog do Farn\u00e9sio","robots":{"index":"index","follow":"follow","max-snippet":"max-snippet:-1","max-image-preview":"max-image-preview:large","max-video-preview":"max-video-preview:-1"},"canonical":"https:\/\/blogdofarnesio.com.br\/?p=37014","og_locale":"pt_BR","og_type":"article","og_title":"ESTIAGEM AINDA VAI DURAR TR\u00caS MESES NO NORDESTE - Blog do Farn\u00e9sio","og_description":"Alagoas247 &#8211;\u00a0A informa\u00e7\u00e3o \u00e9 decepcionante e assustadora, mas a situa\u00e7\u00e3o extrema de seca deve continuar no chamado Setor Leste do Nordeste &#8211; que vai do Rio Grande do Norte \u00e0 Bahia -, pelos pr\u00f3ximos tr\u00eas meses. \u00c9 o que foi anunciado em uma reuni\u00e3o entre especialistas em meteorologia de todo o pa\u00eds. Um estudo foi apresentado nesta sexta-feira (19-04) no Pal\u00e1cio do Governo, em Macei\u00f3. \u00a0O boletim da Quadra Chuvosa, que compreende os meses de abril, maio, junho e julho, foi elaborado na Reuni\u00e3o de An\u00e1lise e Previs\u00e3o Clim\u00e1tica que acontece mensalmente e re\u00fane meteorologistas de todo o Brasil. Eles levam em considera\u00e7\u00e3o As condi\u00e7\u00f5es regionais da pluviometria e globais dos oceanos e da atmosfera tamb\u00e9m s\u00e3o levadas em considera\u00e7\u00e3o.&hellip;","og_url":"https:\/\/blogdofarnesio.com.br\/?p=37014","og_site_name":"Blog do Farn\u00e9sio","article_publisher":"https:\/\/www.facebook.com\/BlogQuerSaberPolitica\/","article_published_time":"2013-04-22T09:07:15+00:00","og_image":[{"url":"http:\/\/www.brasil247.com\/images\/cache\/1000x357\/crop\/images%7Ccms-image-000312037.jpg","type":"","width":"","height":""}],"author":"teste","twitter_card":"summary_large_image","twitter_misc":{"Escrito por":"teste","Est. tempo de leitura":"2 minutos"},"schema":{"@context":"https:\/\/schema.org","@graph":[{"@type":"Article","@id":"https:\/\/blogdofarnesio.com.br\/?p=37014#article","isPartOf":{"@id":"https:\/\/blogdofarnesio.com.br\/?p=37014"},"author":{"name":"teste","@id":"https:\/\/blogdofarnesio.com.br\/#\/schema\/person\/dd1bf5eba40b687199ba45ca6b97dff9"},"headline":"ESTIAGEM AINDA VAI DURAR TR\u00caS MESES NO NORDESTE","datePublished":"2013-04-22T09:07:15+00:00","mainEntityOfPage":{"@id":"https:\/\/blogdofarnesio.com.br\/?p=37014"},"wordCount":445,"commentCount":0,"publisher":{"@id":"https:\/\/blogdofarnesio.com.br\/#organization"},"image":{"@id":"https:\/\/blogdofarnesio.com.br\/?p=37014#primaryimage"},"thumbnailUrl":"http:\/\/www.brasil247.com\/images\/cache\/1000x357\/crop\/images%7Ccms-image-000312037.jpg","articleSection":["Agricultura"],"inLanguage":"pt-BR","potentialAction":[{"@type":"CommentAction","name":"Comment","target":["https:\/\/blogdofarnesio.com.br\/?p=37014#respond"]}]},{"@type":"WebPage","@id":"https:\/\/blogdofarnesio.com.br\/?p=37014","url":"https:\/\/blogdofarnesio.com.br\/?p=37014","name":"ESTIAGEM AINDA VAI DURAR TR\u00caS MESES NO NORDESTE - Blog do Farn\u00e9sio","isPartOf":{"@id":"https:\/\/blogdofarnesio.com.br\/#website"},"primaryImageOfPage":{"@id":"https:\/\/blogdofarnesio.com.br\/?p=37014#primaryimage"},"image":{"@id":"https:\/\/blogdofarnesio.com.br\/?p=37014#primaryimage"},"thumbnailUrl":"http:\/\/www.brasil247.com\/images\/cache\/1000x357\/crop\/images%7Ccms-image-000312037.jpg","datePublished":"2013-04-22T09:07:15+00:00","breadcrumb":{"@id":"https:\/\/blogdofarnesio.com.br\/?p=37014#breadcrumb"},"inLanguage":"pt-BR","potentialAction":[{"@type":"ReadAction","target":["https:\/\/blogdofarnesio.com.br\/?p=37014"]}]},{"@type":"ImageObject","inLanguage":"pt-BR","@id":"https:\/\/blogdofarnesio.com.br\/?p=37014#primaryimage","url":"http:\/\/www.brasil247.com\/images\/cache\/1000x357\/crop\/images%7Ccms-image-000312037.jpg","contentUrl":"http:\/\/www.brasil247.com\/images\/cache\/1000x357\/crop\/images%7Ccms-image-000312037.jpg"},{"@type":"BreadcrumbList","@id":"https:\/\/blogdofarnesio.com.br\/?p=37014#breadcrumb","itemListElement":[{"@type":"ListItem","position":1,"name":"In\u00edcio","item":"https:\/\/blogdofarnesio.com.br\/"},{"@type":"ListItem","position":2,"name":"ESTIAGEM AINDA VAI DURAR TR\u00caS MESES NO NORDESTE"}]},{"@type":"WebSite","@id":"https:\/\/blogdofarnesio.com.br\/#website","url":"https:\/\/blogdofarnesio.com.br\/","name":"Blog do Farn\u00e9sio","description":"Quer Saber Pol\u00edtica?","publisher":{"@id":"https:\/\/blogdofarnesio.com.br\/#organization"},"potentialAction":[{"@type":"SearchAction","target":{"@type":"EntryPoint","urlTemplate":"https:\/\/blogdofarnesio.com.br\/?s={search_term_string}"},"query-input":{"@type":"PropertyValueSpecification","valueRequired":true,"valueName":"search_term_string"}}],"inLanguage":"pt-BR"},{"@type":"Organization","@id":"https:\/\/blogdofarnesio.com.br\/#organization","name":"Blog do Farn\u00e9sio","url":"https:\/\/blogdofarnesio.com.br\/","logo":{"@type":"ImageObject","inLanguage":"pt-BR","@id":"https:\/\/blogdofarnesio.com.br\/#\/schema\/logo\/image\/","url":"https:\/\/blogdofarnesio.com.br\/wp-content\/uploads\/2026\/03\/cropped-logo_new-1.png","contentUrl":"https:\/\/blogdofarnesio.com.br\/wp-content\/uploads\/2026\/03\/cropped-logo_new-1.png","width":881,"height":685,"caption":"Blog do Farn\u00e9sio"},"image":{"@id":"https:\/\/blogdofarnesio.com.br\/#\/schema\/logo\/image\/"},"sameAs":["https:\/\/www.facebook.com\/BlogQuerSaberPolitica\/"]},{"@type":"Person","@id":"https:\/\/blogdofarnesio.com.br\/#\/schema\/person\/dd1bf5eba40b687199ba45ca6b97dff9","name":"teste","image":{"@type":"ImageObject","inLanguage":"pt-BR","@id":"https:\/\/secure.gravatar.com\/avatar\/2172498d4914b51e1d89a0f97957b035ac4938723a5cac208135d389b6972a6d?s=96&d=mm&r=g","url":"https:\/\/secure.gravatar.com\/avatar\/2172498d4914b51e1d89a0f97957b035ac4938723a5cac208135d389b6972a6d?s=96&d=mm&r=g","contentUrl":"https:\/\/secure.gravatar.com\/avatar\/2172498d4914b51e1d89a0f97957b035ac4938723a5cac208135d389b6972a6d?s=96&d=mm&r=g","caption":"teste"},"url":"https:\/\/blogdofarnesio.com.br\/?author=3"}]}},"_links":{"self":[{"href":"https:\/\/blogdofarnesio.com.br\/index.php?rest_route=\/wp\/v2\/posts\/37014","targetHints":{"allow":["GET"]}}],"collection":[{"href":"https:\/\/blogdofarnesio.com.br\/index.php?rest_route=\/wp\/v2\/posts"}],"about":[{"href":"https:\/\/blogdofarnesio.com.br\/index.php?rest_route=\/wp\/v2\/types\/post"}],"author":[{"embeddable":true,"href":"https:\/\/blogdofarnesio.com.br\/index.php?rest_route=\/wp\/v2\/users\/3"}],"replies":[{"embeddable":true,"href":"https:\/\/blogdofarnesio.com.br\/index.php?rest_route=%2Fwp%2Fv2%2Fcomments&post=37014"}],"version-history":[{"count":0,"href":"https:\/\/blogdofarnesio.com.br\/index.php?rest_route=\/wp\/v2\/posts\/37014\/revisions"}],"wp:attachment":[{"href":"https:\/\/blogdofarnesio.com.br\/index.php?rest_route=%2Fwp%2Fv2%2Fmedia&parent=37014"}],"wp:term":[{"taxonomy":"category","embeddable":true,"href":"https:\/\/blogdofarnesio.com.br\/index.php?rest_route=%2Fwp%2Fv2%2Fcategories&post=37014"},{"taxonomy":"post_tag","embeddable":true,"href":"https:\/\/blogdofarnesio.com.br\/index.php?rest_route=%2Fwp%2Fv2%2Ftags&post=37014"}],"curies":[{"name":"wp","href":"https:\/\/api.w.org\/{rel}","templated":true}]}}