{"id":37010,"date":"2013-04-21T20:05:05","date_gmt":"2013-04-21T23:05:05","guid":{"rendered":"http:\/\/www.quersaberpolitica.com.br\/?p=37010"},"modified":"2013-04-21T17:27:44","modified_gmt":"2013-04-21T20:27:44","slug":"dominguinhos-deixa-uti","status":"publish","type":"post","link":"https:\/\/blogdofarnesio.com.br\/?p=37010","title":{"rendered":"DOMINGUINHOS DEIXA UTI"},"content":{"rendered":"<div><img loading=\"lazy\" decoding=\"async\" class=\"aligncenter\" alt=\": \" src=\"http:\/\/www.brasil247.com\/images\/cache\/1000x357\/crop_0_39_1280_496\/images%7Ccms-image-000311992.jpg\" width=\"420\" height=\"150\" \/>\u00a0<strong>PE247 \u2013\u00a0<\/strong>O cantor e compositor Dominguinhos j\u00e1 est\u00e1 de p\u00e9 e produzindo alguns sons gra\u00e7as ao seu tratamento de fonoaudiologia. Foi o que revelou a esposa do m\u00fasico, Guadalupe Mendon\u00e7a, segundo sites especializados em celebridades. De acordo com ela, o sanfoneiro, internado no Hospital S\u00edrio Liban\u00eas (SP) desde o dia 13 de janeiro, j\u00e1 teria sa\u00eddo do Centro de Tratamento Intensivo e est\u00e1 em um quarto. A informa\u00e7\u00e3o n\u00e3o foi confirmada pela unidade hospitalar.<\/p>\n<\/div>\n<div>\n<section>A mulher do cantor afirmou, tamb\u00e9m, que est\u00e1 fazendo adapta\u00e7\u00f5es em um quarto no seu apartamento em S\u00e3o Paulo para receber o sanfoneiro assim que ele tiver alta, conforme o site Sociedade Online. Curiosamente, o primog\u00eanito do cantor, Mauro da Silva Moraes, chegou a declarar que o estado de coma em que se encontrava Dominguinhos era irrevers\u00edvel, informa\u00e7\u00e3o desmentida por Guadalupe e pela assessoria de Imprensa do hospital.<!--more--><\/p>\n<p>Diagnosticado com problemas card\u00edacos e pneumonia, o sanfoneiro, natural de Garanhuns, Agreste de Pernambuco, foi internado no dia 17 de dezembro do ano passado no Hospital Santa Joana, bairro do Derby, \u00e1rea central do Recife. No come\u00e7o de janeiro, foi submetido a uma traqueostomia, que consiste na abertura de um canal na regi\u00e3o da traqueia para que o paciente n\u00e3o respire por meio de tubos inseridos pela boca, podendo causar les\u00f5es na laringe.<\/p>\n<p>No dia 13 de janeiro, Dominguinhos foi transferido para o hospital S\u00edrio-Liban\u00eas. O m\u00fasico, que teve de colocar um marca-passo tempor\u00e1rio no cora\u00e7\u00e3o, al\u00e9m de lutar contra um c\u00e2ncer de pulm\u00e3o desde 2011.<\/p>\n<\/section>\n<\/div>\n","protected":false},"excerpt":{"rendered":"<p>\u00a0PE247 \u2013\u00a0O cantor e compositor Dominguinhos j\u00e1 est\u00e1 de p\u00e9 e produzindo alguns sons gra\u00e7as ao seu tratamento de fonoaudiologia. Foi o que revelou a esposa do m\u00fasico, Guadalupe Mendon\u00e7a, segundo sites especializados em celebridades. De acordo com ela, o sanfoneiro, internado no Hospital S\u00edrio Liban\u00eas (SP) desde o dia 13 de janeiro, j\u00e1 teria sa\u00eddo do Centro de Tratamento Intensivo e est\u00e1 em um quarto. A informa\u00e7\u00e3o n\u00e3o foi confirmada pela unidade hospitalar. A mulher do cantor afirmou, tamb\u00e9m, que est\u00e1 fazendo adapta\u00e7\u00f5es em um quarto no seu apartamento em S\u00e3o Paulo para receber o sanfoneiro assim que ele tiver alta, conforme o site Sociedade Online. Curiosamente, o primog\u00eanito do cantor, Mauro da Silva Moraes, chegou a declarar que&hellip; <\/p>\n","protected":false},"author":3,"featured_media":0,"comment_status":"open","ping_status":"open","sticky":false,"template":"","format":"standard","meta":{"_acf_changed":false,"footnotes":""},"categories":[3],"tags":[],"class_list":["post-37010","post","type-post","status-publish","format-standard","hentry","category-entretenimento"],"acf":[],"yoast_head":"<!-- This site is optimized with the Yoast SEO plugin v27.4 - https:\/\/yoast.com\/product\/yoast-seo-wordpress\/ -->\n<title>DOMINGUINHOS DEIXA UTI - Blog do Farn\u00e9sio<\/title>\n<meta name=\"robots\" content=\"index, follow, max-snippet:-1, max-image-preview:large, max-video-preview:-1\" \/>\n<link rel=\"canonical\" href=\"https:\/\/blogdofarnesio.com.br\/?p=37010\" \/>\n<meta property=\"og:locale\" content=\"pt_BR\" \/>\n<meta property=\"og:type\" content=\"article\" \/>\n<meta property=\"og:title\" content=\"DOMINGUINHOS DEIXA UTI - Blog do Farn\u00e9sio\" \/>\n<meta property=\"og:description\" content=\"\u00a0PE247 \u2013\u00a0O cantor e compositor Dominguinhos j\u00e1 est\u00e1 de p\u00e9 e produzindo alguns sons gra\u00e7as ao seu tratamento de fonoaudiologia. Foi o que revelou a esposa do m\u00fasico, Guadalupe Mendon\u00e7a, segundo sites especializados em celebridades. De acordo com ela, o sanfoneiro, internado no Hospital S\u00edrio Liban\u00eas (SP) desde o dia 13 de janeiro, j\u00e1 teria sa\u00eddo do Centro de Tratamento Intensivo e est\u00e1 em um quarto. A informa\u00e7\u00e3o n\u00e3o foi confirmada pela unidade hospitalar. A mulher do cantor afirmou, tamb\u00e9m, que est\u00e1 fazendo adapta\u00e7\u00f5es em um quarto no seu apartamento em S\u00e3o Paulo para receber o sanfoneiro assim que ele tiver alta, conforme o site Sociedade Online. Curiosamente, o primog\u00eanito do cantor, Mauro da Silva Moraes, chegou a declarar que&hellip;\" \/>\n<meta property=\"og:url\" content=\"https:\/\/blogdofarnesio.com.br\/?p=37010\" \/>\n<meta property=\"og:site_name\" content=\"Blog do Farn\u00e9sio\" \/>\n<meta property=\"article:publisher\" content=\"https:\/\/www.facebook.com\/BlogQuerSaberPolitica\/\" \/>\n<meta property=\"article:published_time\" content=\"2013-04-21T23:05:05+00:00\" \/>\n<meta property=\"og:image\" content=\"http:\/\/www.brasil247.com\/images\/cache\/1000x357\/crop_0_39_1280_496\/images%7Ccms-image-000311992.jpg\" \/>\n<meta name=\"author\" content=\"teste\" \/>\n<meta name=\"twitter:card\" content=\"summary_large_image\" \/>\n<meta name=\"twitter:label1\" content=\"Escrito por\" \/>\n\t<meta name=\"twitter:data1\" content=\"teste\" \/>\n\t<meta name=\"twitter:label2\" content=\"Est. tempo de leitura\" \/>\n\t<meta name=\"twitter:data2\" content=\"1 minuto\" \/>\n<script type=\"application\/ld+json\" class=\"yoast-schema-graph\">{\"@context\":\"https:\\\/\\\/schema.org\",\"@graph\":[{\"@type\":\"Article\",\"@id\":\"https:\\\/\\\/blogdofarnesio.com.br\\\/?p=37010#article\",\"isPartOf\":{\"@id\":\"https:\\\/\\\/blogdofarnesio.com.br\\\/?p=37010\"},\"author\":{\"name\":\"teste\",\"@id\":\"https:\\\/\\\/blogdofarnesio.com.br\\\/#\\\/schema\\\/person\\\/dd1bf5eba40b687199ba45ca6b97dff9\"},\"headline\":\"DOMINGUINHOS DEIXA UTI\",\"datePublished\":\"2013-04-21T23:05:05+00:00\",\"mainEntityOfPage\":{\"@id\":\"https:\\\/\\\/blogdofarnesio.com.br\\\/?p=37010\"},\"wordCount\":274,\"commentCount\":0,\"publisher\":{\"@id\":\"https:\\\/\\\/blogdofarnesio.com.br\\\/#organization\"},\"image\":{\"@id\":\"https:\\\/\\\/blogdofarnesio.com.br\\\/?p=37010#primaryimage\"},\"thumbnailUrl\":\"http:\\\/\\\/www.brasil247.com\\\/images\\\/cache\\\/1000x357\\\/crop_0_39_1280_496\\\/images%7Ccms-image-000311992.jpg\",\"articleSection\":[\"Entretenimento\"],\"inLanguage\":\"pt-BR\",\"potentialAction\":[{\"@type\":\"CommentAction\",\"name\":\"Comment\",\"target\":[\"https:\\\/\\\/blogdofarnesio.com.br\\\/?p=37010#respond\"]}]},{\"@type\":\"WebPage\",\"@id\":\"https:\\\/\\\/blogdofarnesio.com.br\\\/?p=37010\",\"url\":\"https:\\\/\\\/blogdofarnesio.com.br\\\/?p=37010\",\"name\":\"DOMINGUINHOS DEIXA UTI - Blog do Farn\u00e9sio\",\"isPartOf\":{\"@id\":\"https:\\\/\\\/blogdofarnesio.com.br\\\/#website\"},\"primaryImageOfPage\":{\"@id\":\"https:\\\/\\\/blogdofarnesio.com.br\\\/?p=37010#primaryimage\"},\"image\":{\"@id\":\"https:\\\/\\\/blogdofarnesio.com.br\\\/?p=37010#primaryimage\"},\"thumbnailUrl\":\"http:\\\/\\\/www.brasil247.com\\\/images\\\/cache\\\/1000x357\\\/crop_0_39_1280_496\\\/images%7Ccms-image-000311992.jpg\",\"datePublished\":\"2013-04-21T23:05:05+00:00\",\"breadcrumb\":{\"@id\":\"https:\\\/\\\/blogdofarnesio.com.br\\\/?p=37010#breadcrumb\"},\"inLanguage\":\"pt-BR\",\"potentialAction\":[{\"@type\":\"ReadAction\",\"target\":[\"https:\\\/\\\/blogdofarnesio.com.br\\\/?p=37010\"]}]},{\"@type\":\"ImageObject\",\"inLanguage\":\"pt-BR\",\"@id\":\"https:\\\/\\\/blogdofarnesio.com.br\\\/?p=37010#primaryimage\",\"url\":\"http:\\\/\\\/www.brasil247.com\\\/images\\\/cache\\\/1000x357\\\/crop_0_39_1280_496\\\/images%7Ccms-image-000311992.jpg\",\"contentUrl\":\"http:\\\/\\\/www.brasil247.com\\\/images\\\/cache\\\/1000x357\\\/crop_0_39_1280_496\\\/images%7Ccms-image-000311992.jpg\"},{\"@type\":\"BreadcrumbList\",\"@id\":\"https:\\\/\\\/blogdofarnesio.com.br\\\/?p=37010#breadcrumb\",\"itemListElement\":[{\"@type\":\"ListItem\",\"position\":1,\"name\":\"In\u00edcio\",\"item\":\"https:\\\/\\\/blogdofarnesio.com.br\\\/\"},{\"@type\":\"ListItem\",\"position\":2,\"name\":\"DOMINGUINHOS DEIXA UTI\"}]},{\"@type\":\"WebSite\",\"@id\":\"https:\\\/\\\/blogdofarnesio.com.br\\\/#website\",\"url\":\"https:\\\/\\\/blogdofarnesio.com.br\\\/\",\"name\":\"Blog do Farn\u00e9sio\",\"description\":\"Quer Saber Pol\u00edtica?\",\"publisher\":{\"@id\":\"https:\\\/\\\/blogdofarnesio.com.br\\\/#organization\"},\"potentialAction\":[{\"@type\":\"SearchAction\",\"target\":{\"@type\":\"EntryPoint\",\"urlTemplate\":\"https:\\\/\\\/blogdofarnesio.com.br\\\/?s={search_term_string}\"},\"query-input\":{\"@type\":\"PropertyValueSpecification\",\"valueRequired\":true,\"valueName\":\"search_term_string\"}}],\"inLanguage\":\"pt-BR\"},{\"@type\":\"Organization\",\"@id\":\"https:\\\/\\\/blogdofarnesio.com.br\\\/#organization\",\"name\":\"Blog do Farn\u00e9sio\",\"url\":\"https:\\\/\\\/blogdofarnesio.com.br\\\/\",\"logo\":{\"@type\":\"ImageObject\",\"inLanguage\":\"pt-BR\",\"@id\":\"https:\\\/\\\/blogdofarnesio.com.br\\\/#\\\/schema\\\/logo\\\/image\\\/\",\"url\":\"https:\\\/\\\/blogdofarnesio.com.br\\\/wp-content\\\/uploads\\\/2026\\\/03\\\/cropped-logo_new-1.png\",\"contentUrl\":\"https:\\\/\\\/blogdofarnesio.com.br\\\/wp-content\\\/uploads\\\/2026\\\/03\\\/cropped-logo_new-1.png\",\"width\":881,\"height\":685,\"caption\":\"Blog do Farn\u00e9sio\"},\"image\":{\"@id\":\"https:\\\/\\\/blogdofarnesio.com.br\\\/#\\\/schema\\\/logo\\\/image\\\/\"},\"sameAs\":[\"https:\\\/\\\/www.facebook.com\\\/BlogQuerSaberPolitica\\\/\"]},{\"@type\":\"Person\",\"@id\":\"https:\\\/\\\/blogdofarnesio.com.br\\\/#\\\/schema\\\/person\\\/dd1bf5eba40b687199ba45ca6b97dff9\",\"name\":\"teste\",\"image\":{\"@type\":\"ImageObject\",\"inLanguage\":\"pt-BR\",\"@id\":\"https:\\\/\\\/secure.gravatar.com\\\/avatar\\\/2172498d4914b51e1d89a0f97957b035ac4938723a5cac208135d389b6972a6d?s=96&d=mm&r=g\",\"url\":\"https:\\\/\\\/secure.gravatar.com\\\/avatar\\\/2172498d4914b51e1d89a0f97957b035ac4938723a5cac208135d389b6972a6d?s=96&d=mm&r=g\",\"contentUrl\":\"https:\\\/\\\/secure.gravatar.com\\\/avatar\\\/2172498d4914b51e1d89a0f97957b035ac4938723a5cac208135d389b6972a6d?s=96&d=mm&r=g\",\"caption\":\"teste\"},\"url\":\"https:\\\/\\\/blogdofarnesio.com.br\\\/?author=3\"}]}<\/script>\n<!-- \/ Yoast SEO plugin. -->","yoast_head_json":{"title":"DOMINGUINHOS DEIXA UTI - Blog do Farn\u00e9sio","robots":{"index":"index","follow":"follow","max-snippet":"max-snippet:-1","max-image-preview":"max-image-preview:large","max-video-preview":"max-video-preview:-1"},"canonical":"https:\/\/blogdofarnesio.com.br\/?p=37010","og_locale":"pt_BR","og_type":"article","og_title":"DOMINGUINHOS DEIXA UTI - Blog do Farn\u00e9sio","og_description":"\u00a0PE247 \u2013\u00a0O cantor e compositor Dominguinhos j\u00e1 est\u00e1 de p\u00e9 e produzindo alguns sons gra\u00e7as ao seu tratamento de fonoaudiologia. Foi o que revelou a esposa do m\u00fasico, Guadalupe Mendon\u00e7a, segundo sites especializados em celebridades. De acordo com ela, o sanfoneiro, internado no Hospital S\u00edrio Liban\u00eas (SP) desde o dia 13 de janeiro, j\u00e1 teria sa\u00eddo do Centro de Tratamento Intensivo e est\u00e1 em um quarto. A informa\u00e7\u00e3o n\u00e3o foi confirmada pela unidade hospitalar. A mulher do cantor afirmou, tamb\u00e9m, que est\u00e1 fazendo adapta\u00e7\u00f5es em um quarto no seu apartamento em S\u00e3o Paulo para receber o sanfoneiro assim que ele tiver alta, conforme o site Sociedade Online. Curiosamente, o primog\u00eanito do cantor, Mauro da Silva Moraes, chegou a declarar que&hellip;","og_url":"https:\/\/blogdofarnesio.com.br\/?p=37010","og_site_name":"Blog do Farn\u00e9sio","article_publisher":"https:\/\/www.facebook.com\/BlogQuerSaberPolitica\/","article_published_time":"2013-04-21T23:05:05+00:00","og_image":[{"url":"http:\/\/www.brasil247.com\/images\/cache\/1000x357\/crop_0_39_1280_496\/images%7Ccms-image-000311992.jpg","type":"","width":"","height":""}],"author":"teste","twitter_card":"summary_large_image","twitter_misc":{"Escrito por":"teste","Est. tempo de leitura":"1 minuto"},"schema":{"@context":"https:\/\/schema.org","@graph":[{"@type":"Article","@id":"https:\/\/blogdofarnesio.com.br\/?p=37010#article","isPartOf":{"@id":"https:\/\/blogdofarnesio.com.br\/?p=37010"},"author":{"name":"teste","@id":"https:\/\/blogdofarnesio.com.br\/#\/schema\/person\/dd1bf5eba40b687199ba45ca6b97dff9"},"headline":"DOMINGUINHOS DEIXA UTI","datePublished":"2013-04-21T23:05:05+00:00","mainEntityOfPage":{"@id":"https:\/\/blogdofarnesio.com.br\/?p=37010"},"wordCount":274,"commentCount":0,"publisher":{"@id":"https:\/\/blogdofarnesio.com.br\/#organization"},"image":{"@id":"https:\/\/blogdofarnesio.com.br\/?p=37010#primaryimage"},"thumbnailUrl":"http:\/\/www.brasil247.com\/images\/cache\/1000x357\/crop_0_39_1280_496\/images%7Ccms-image-000311992.jpg","articleSection":["Entretenimento"],"inLanguage":"pt-BR","potentialAction":[{"@type":"CommentAction","name":"Comment","target":["https:\/\/blogdofarnesio.com.br\/?p=37010#respond"]}]},{"@type":"WebPage","@id":"https:\/\/blogdofarnesio.com.br\/?p=37010","url":"https:\/\/blogdofarnesio.com.br\/?p=37010","name":"DOMINGUINHOS DEIXA UTI - Blog do Farn\u00e9sio","isPartOf":{"@id":"https:\/\/blogdofarnesio.com.br\/#website"},"primaryImageOfPage":{"@id":"https:\/\/blogdofarnesio.com.br\/?p=37010#primaryimage"},"image":{"@id":"https:\/\/blogdofarnesio.com.br\/?p=37010#primaryimage"},"thumbnailUrl":"http:\/\/www.brasil247.com\/images\/cache\/1000x357\/crop_0_39_1280_496\/images%7Ccms-image-000311992.jpg","datePublished":"2013-04-21T23:05:05+00:00","breadcrumb":{"@id":"https:\/\/blogdofarnesio.com.br\/?p=37010#breadcrumb"},"inLanguage":"pt-BR","potentialAction":[{"@type":"ReadAction","target":["https:\/\/blogdofarnesio.com.br\/?p=37010"]}]},{"@type":"ImageObject","inLanguage":"pt-BR","@id":"https:\/\/blogdofarnesio.com.br\/?p=37010#primaryimage","url":"http:\/\/www.brasil247.com\/images\/cache\/1000x357\/crop_0_39_1280_496\/images%7Ccms-image-000311992.jpg","contentUrl":"http:\/\/www.brasil247.com\/images\/cache\/1000x357\/crop_0_39_1280_496\/images%7Ccms-image-000311992.jpg"},{"@type":"BreadcrumbList","@id":"https:\/\/blogdofarnesio.com.br\/?p=37010#breadcrumb","itemListElement":[{"@type":"ListItem","position":1,"name":"In\u00edcio","item":"https:\/\/blogdofarnesio.com.br\/"},{"@type":"ListItem","position":2,"name":"DOMINGUINHOS DEIXA UTI"}]},{"@type":"WebSite","@id":"https:\/\/blogdofarnesio.com.br\/#website","url":"https:\/\/blogdofarnesio.com.br\/","name":"Blog do Farn\u00e9sio","description":"Quer Saber Pol\u00edtica?","publisher":{"@id":"https:\/\/blogdofarnesio.com.br\/#organization"},"potentialAction":[{"@type":"SearchAction","target":{"@type":"EntryPoint","urlTemplate":"https:\/\/blogdofarnesio.com.br\/?s={search_term_string}"},"query-input":{"@type":"PropertyValueSpecification","valueRequired":true,"valueName":"search_term_string"}}],"inLanguage":"pt-BR"},{"@type":"Organization","@id":"https:\/\/blogdofarnesio.com.br\/#organization","name":"Blog do Farn\u00e9sio","url":"https:\/\/blogdofarnesio.com.br\/","logo":{"@type":"ImageObject","inLanguage":"pt-BR","@id":"https:\/\/blogdofarnesio.com.br\/#\/schema\/logo\/image\/","url":"https:\/\/blogdofarnesio.com.br\/wp-content\/uploads\/2026\/03\/cropped-logo_new-1.png","contentUrl":"https:\/\/blogdofarnesio.com.br\/wp-content\/uploads\/2026\/03\/cropped-logo_new-1.png","width":881,"height":685,"caption":"Blog do Farn\u00e9sio"},"image":{"@id":"https:\/\/blogdofarnesio.com.br\/#\/schema\/logo\/image\/"},"sameAs":["https:\/\/www.facebook.com\/BlogQuerSaberPolitica\/"]},{"@type":"Person","@id":"https:\/\/blogdofarnesio.com.br\/#\/schema\/person\/dd1bf5eba40b687199ba45ca6b97dff9","name":"teste","image":{"@type":"ImageObject","inLanguage":"pt-BR","@id":"https:\/\/secure.gravatar.com\/avatar\/2172498d4914b51e1d89a0f97957b035ac4938723a5cac208135d389b6972a6d?s=96&d=mm&r=g","url":"https:\/\/secure.gravatar.com\/avatar\/2172498d4914b51e1d89a0f97957b035ac4938723a5cac208135d389b6972a6d?s=96&d=mm&r=g","contentUrl":"https:\/\/secure.gravatar.com\/avatar\/2172498d4914b51e1d89a0f97957b035ac4938723a5cac208135d389b6972a6d?s=96&d=mm&r=g","caption":"teste"},"url":"https:\/\/blogdofarnesio.com.br\/?author=3"}]}},"_links":{"self":[{"href":"https:\/\/blogdofarnesio.com.br\/index.php?rest_route=\/wp\/v2\/posts\/37010","targetHints":{"allow":["GET"]}}],"collection":[{"href":"https:\/\/blogdofarnesio.com.br\/index.php?rest_route=\/wp\/v2\/posts"}],"about":[{"href":"https:\/\/blogdofarnesio.com.br\/index.php?rest_route=\/wp\/v2\/types\/post"}],"author":[{"embeddable":true,"href":"https:\/\/blogdofarnesio.com.br\/index.php?rest_route=\/wp\/v2\/users\/3"}],"replies":[{"embeddable":true,"href":"https:\/\/blogdofarnesio.com.br\/index.php?rest_route=%2Fwp%2Fv2%2Fcomments&post=37010"}],"version-history":[{"count":0,"href":"https:\/\/blogdofarnesio.com.br\/index.php?rest_route=\/wp\/v2\/posts\/37010\/revisions"}],"wp:attachment":[{"href":"https:\/\/blogdofarnesio.com.br\/index.php?rest_route=%2Fwp%2Fv2%2Fmedia&parent=37010"}],"wp:term":[{"taxonomy":"category","embeddable":true,"href":"https:\/\/blogdofarnesio.com.br\/index.php?rest_route=%2Fwp%2Fv2%2Fcategories&post=37010"},{"taxonomy":"post_tag","embeddable":true,"href":"https:\/\/blogdofarnesio.com.br\/index.php?rest_route=%2Fwp%2Fv2%2Ftags&post=37010"}],"curies":[{"name":"wp","href":"https:\/\/api.w.org\/{rel}","templated":true}]}}