{"id":370067,"date":"2024-06-04T15:03:24","date_gmt":"2024-06-04T18:03:24","guid":{"rendered":"https:\/\/blogdofarnesio.com.br\/?p=370067"},"modified":"2024-06-04T09:19:39","modified_gmt":"2024-06-04T12:19:39","slug":"sao-joao-antecipado-aquece-o-turismo-em-diferentes-regioes-da-bahia","status":"publish","type":"post","link":"https:\/\/blogdofarnesio.com.br\/2024\/06\/sao-joao-antecipado-aquece-o-turismo-em-diferentes-regioes-da-bahia\/","title":{"rendered":"S\u00e3o Jo\u00e3o antecipado aquece o turismo em diferentes regi\u00f5es da Bahia"},"content":{"rendered":"<div>O clima do S\u00e3o Jo\u00e3o invadiu tr\u00eas zonas tur\u00edsticas da Bahia, na \u00faltima semana, em eventos realizados com o apoio da Secretaria de Turismo do Estado (Setur-BA), para movimentar a economia regional.<\/div>\n<div><\/div>\n<div>No distrito de Itaitu, em Jacobina, na Chapada Diamantina, o Encontro dos Sanfoneiros reuniu cerca de duas mil pessoas. No destino procurado para o ecoturismo, est\u00e1 localizada a cachoeira V\u00e9u de Noiva, com mais de 60 metros de altura e muito utilizada para a pr\u00e1tica de rapel.<\/div>\n<div><\/div>\n<div>Em Cama\u00e7ari, na Costa dos Coqueiros, o Forr\u00f3 Universit\u00e1rio animou o Clube Social, atraindo 10 mil cama\u00e7arienses e moradores de cidades vizinhas, que curtiram shows das bandas Flor de Maracuj\u00e1 e Tio Barnab\u00e9, entre outras atra\u00e7\u00f5es. A entrada foi com a doa\u00e7\u00e3o de alimentos, que ser\u00e3o enviados para as v\u00edtimas das enchentes no Rio Grande do Sul.<\/div>\n<div><\/div>\n<div>J\u00e1 em Salvador, na regi\u00e3o da Ba\u00eda de Todos-os-Santos, houve o Arrai\u00e1 da Periferia, na Pra\u00e7a da Revolu\u00e7\u00e3o, em Periperi, no Sub\u00farbio Ferrovi\u00e1rio, com muito forr\u00f3 e feira de comidas e bebidas t\u00edpicas. Mais de 500 pessoas participaram da festa junina.<\/div>\n<div><\/div>\n<div><b>Turismo esportivo e de neg\u00f3cios<\/b>\u00a0&#8211; No mesmo per\u00edodo, a Setur-BA apoiou, tamb\u00e9m, competi\u00e7\u00f5es esportivas e eventos de neg\u00f3cios, que movimentaram tr\u00eas zonas tur\u00edsticas. Em Igatu (Chapada Diamantina), a Corrida de Montanha atraiu 300 atletas de diversas idades, que fizeram percursos por belas paisagens, como a Cachoeira da Rosinha e a Estrada Real.<\/div>\n<div><\/div>\n<div>Em Salvador (Ba\u00eda de Todos-os-Santos), o 17\u00ba Campeonato Norte e Nordeste de Basquete Master teve a participa\u00e7\u00e3o de 750 atletas, que disputaram as provas nas quadras da Associa\u00e7\u00e3o Atl\u00e9tica da Bahia e do Col\u00e9gio Salesiano. Ainda na capital, o Encontro Mundial de Fibras Naturais reuniu profissionais do Brasil, Alemanha, China, Filipinas, Holanda, Qu\u00eania e Reino Unido, na Federa\u00e7\u00e3o das Ind\u00fastrias da Bahia (Fieb); e, no Centro de Conven\u00e7\u00f5es, a 5\u00aa Confer\u00eancia Distrital do Rotary International registrou participantes da Bahia, Alagoas e Sergipe.<\/div>\n<div><\/div>\n<div>Fechando a rela\u00e7\u00e3o, Paulo Afonso (Vale e C\u00e2nions do S\u00e3o Francisco) sediou a 3\u00aa Feira de Artesanato e Empreendedorismo Feminino, com exposi\u00e7\u00e3o de pe\u00e7as produzidas por mulheres da regi\u00e3o e atra\u00e7\u00f5es musicais. Centenas de pessoas prestigiaram o evento.<\/div>\n<div><\/div>\n","protected":false},"excerpt":{"rendered":"<p>O clima do S\u00e3o Jo\u00e3o invadiu tr\u00eas zonas tur\u00edsticas da Bahia, na \u00faltima semana, em eventos realizados com o apoio da Secretaria de Turismo do Estado (Setur-BA), para movimentar a economia regional. No distrito de Itaitu, em Jacobina, na Chapada Diamantina, o Encontro dos Sanfoneiros reuniu cerca de duas mil pessoas. No destino procurado para o ecoturismo, est\u00e1 localizada a cachoeira V\u00e9u de Noiva, com mais de 60 metros de altura e muito utilizada para a pr\u00e1tica de rapel. Em Cama\u00e7ari, na Costa dos Coqueiros, o Forr\u00f3 Universit\u00e1rio animou o Clube Social, atraindo 10 mil cama\u00e7arienses e moradores de cidades vizinhas, que curtiram shows das bandas Flor de Maracuj\u00e1 e Tio Barnab\u00e9, entre outras atra\u00e7\u00f5es. A entrada foi com a&hellip; <\/p>\n","protected":false},"author":2,"featured_media":370068,"comment_status":"open","ping_status":"open","sticky":false,"template":"","format":"standard","meta":{"_acf_changed":false,"footnotes":""},"categories":[11],"tags":[],"class_list":["post-370067","post","type-post","status-publish","format-standard","has-post-thumbnail","hentry","category-turismo"],"acf":[],"yoast_head":"<!-- This site is optimized with the Yoast SEO plugin v27.5 - https:\/\/yoast.com\/product\/yoast-seo-wordpress\/ -->\n<title>S\u00e3o Jo\u00e3o antecipado aquece o turismo em diferentes regi\u00f5es da Bahia - Blog do Farn\u00e9sio<\/title>\n<meta name=\"robots\" content=\"index, follow, max-snippet:-1, max-image-preview:large, max-video-preview:-1\" \/>\n<link rel=\"canonical\" href=\"https:\/\/blogdofarnesio.com.br\/2024\/06\/sao-joao-antecipado-aquece-o-turismo-em-diferentes-regioes-da-bahia\/\" \/>\n<meta property=\"og:locale\" content=\"pt_BR\" \/>\n<meta property=\"og:type\" content=\"article\" \/>\n<meta property=\"og:title\" content=\"S\u00e3o Jo\u00e3o antecipado aquece o turismo em diferentes regi\u00f5es da Bahia - Blog do Farn\u00e9sio\" \/>\n<meta property=\"og:description\" content=\"O clima do S\u00e3o Jo\u00e3o invadiu tr\u00eas zonas tur\u00edsticas da Bahia, na \u00faltima semana, em eventos realizados com o apoio da Secretaria de Turismo do Estado (Setur-BA), para movimentar a economia regional. No distrito de Itaitu, em Jacobina, na Chapada Diamantina, o Encontro dos Sanfoneiros reuniu cerca de duas mil pessoas. No destino procurado para o ecoturismo, est\u00e1 localizada a cachoeira V\u00e9u de Noiva, com mais de 60 metros de altura e muito utilizada para a pr\u00e1tica de rapel. Em Cama\u00e7ari, na Costa dos Coqueiros, o Forr\u00f3 Universit\u00e1rio animou o Clube Social, atraindo 10 mil cama\u00e7arienses e moradores de cidades vizinhas, que curtiram shows das bandas Flor de Maracuj\u00e1 e Tio Barnab\u00e9, entre outras atra\u00e7\u00f5es. A entrada foi com a&hellip;\" \/>\n<meta property=\"og:url\" content=\"https:\/\/blogdofarnesio.com.br\/2024\/06\/sao-joao-antecipado-aquece-o-turismo-em-diferentes-regioes-da-bahia\/\" \/>\n<meta property=\"og:site_name\" content=\"Blog do Farn\u00e9sio\" \/>\n<meta property=\"article:publisher\" content=\"https:\/\/www.facebook.com\/BlogQuerSaberPolitica\/\" \/>\n<meta property=\"article:author\" content=\"https:\/\/www.facebook.com\/?ref=tn_tnmn\" \/>\n<meta property=\"article:published_time\" content=\"2024-06-04T18:03:24+00:00\" \/>\n<meta property=\"og:image\" content=\"https:\/\/blogdofarnesio.com.br\/wp-content\/uploads\/2024\/06\/Sao-Joao-antecipado-aquece-o-turismo-em-diferentes-regioes-da-Bahia-Foto-Divulgacao-e1717498532776.jpg\" \/>\n\t<meta property=\"og:image:width\" content=\"600\" \/>\n\t<meta property=\"og:image:height\" content=\"375\" \/>\n\t<meta property=\"og:image:type\" content=\"image\/jpeg\" \/>\n<meta name=\"author\" content=\"Farn\u00e9sio\" \/>\n<meta name=\"twitter:card\" content=\"summary_large_image\" \/>\n<meta name=\"twitter:label1\" content=\"Escrito por\" \/>\n\t<meta name=\"twitter:data1\" content=\"Farn\u00e9sio\" \/>\n\t<meta name=\"twitter:label2\" content=\"Est. tempo de leitura\" \/>\n\t<meta name=\"twitter:data2\" content=\"3 minutos\" \/>\n<script type=\"application\/ld+json\" class=\"yoast-schema-graph\">{\"@context\":\"https:\\\/\\\/schema.org\",\"@graph\":[{\"@type\":\"Article\",\"@id\":\"https:\\\/\\\/blogdofarnesio.com.br\\\/2024\\\/06\\\/sao-joao-antecipado-aquece-o-turismo-em-diferentes-regioes-da-bahia\\\/#article\",\"isPartOf\":{\"@id\":\"https:\\\/\\\/blogdofarnesio.com.br\\\/2024\\\/06\\\/sao-joao-antecipado-aquece-o-turismo-em-diferentes-regioes-da-bahia\\\/\"},\"author\":{\"name\":\"Farn\u00e9sio\",\"@id\":\"https:\\\/\\\/blogdofarnesio.com.br\\\/#\\\/schema\\\/person\\\/bb9b23ae3ad0609ce8df7b6c9e76824d\"},\"headline\":\"S\u00e3o Jo\u00e3o antecipado aquece o turismo em diferentes regi\u00f5es da Bahia\",\"datePublished\":\"2024-06-04T18:03:24+00:00\",\"mainEntityOfPage\":{\"@id\":\"https:\\\/\\\/blogdofarnesio.com.br\\\/2024\\\/06\\\/sao-joao-antecipado-aquece-o-turismo-em-diferentes-regioes-da-bahia\\\/\"},\"wordCount\":400,\"commentCount\":0,\"publisher\":{\"@id\":\"https:\\\/\\\/blogdofarnesio.com.br\\\/#organization\"},\"image\":{\"@id\":\"https:\\\/\\\/blogdofarnesio.com.br\\\/2024\\\/06\\\/sao-joao-antecipado-aquece-o-turismo-em-diferentes-regioes-da-bahia\\\/#primaryimage\"},\"thumbnailUrl\":\"https:\\\/\\\/blogdofarnesio.com.br\\\/wp-content\\\/uploads\\\/2024\\\/06\\\/Sao-Joao-antecipado-aquece-o-turismo-em-diferentes-regioes-da-Bahia-Foto-Divulgacao-e1717498532776.jpg\",\"articleSection\":[\"Turismo\"],\"inLanguage\":\"pt-BR\",\"potentialAction\":[{\"@type\":\"CommentAction\",\"name\":\"Comment\",\"target\":[\"https:\\\/\\\/blogdofarnesio.com.br\\\/2024\\\/06\\\/sao-joao-antecipado-aquece-o-turismo-em-diferentes-regioes-da-bahia\\\/#respond\"]}]},{\"@type\":\"WebPage\",\"@id\":\"https:\\\/\\\/blogdofarnesio.com.br\\\/2024\\\/06\\\/sao-joao-antecipado-aquece-o-turismo-em-diferentes-regioes-da-bahia\\\/\",\"url\":\"https:\\\/\\\/blogdofarnesio.com.br\\\/2024\\\/06\\\/sao-joao-antecipado-aquece-o-turismo-em-diferentes-regioes-da-bahia\\\/\",\"name\":\"S\u00e3o Jo\u00e3o antecipado aquece o turismo em diferentes regi\u00f5es da Bahia - Blog do Farn\u00e9sio\",\"isPartOf\":{\"@id\":\"https:\\\/\\\/blogdofarnesio.com.br\\\/#website\"},\"primaryImageOfPage\":{\"@id\":\"https:\\\/\\\/blogdofarnesio.com.br\\\/2024\\\/06\\\/sao-joao-antecipado-aquece-o-turismo-em-diferentes-regioes-da-bahia\\\/#primaryimage\"},\"image\":{\"@id\":\"https:\\\/\\\/blogdofarnesio.com.br\\\/2024\\\/06\\\/sao-joao-antecipado-aquece-o-turismo-em-diferentes-regioes-da-bahia\\\/#primaryimage\"},\"thumbnailUrl\":\"https:\\\/\\\/blogdofarnesio.com.br\\\/wp-content\\\/uploads\\\/2024\\\/06\\\/Sao-Joao-antecipado-aquece-o-turismo-em-diferentes-regioes-da-Bahia-Foto-Divulgacao-e1717498532776.jpg\",\"datePublished\":\"2024-06-04T18:03:24+00:00\",\"breadcrumb\":{\"@id\":\"https:\\\/\\\/blogdofarnesio.com.br\\\/2024\\\/06\\\/sao-joao-antecipado-aquece-o-turismo-em-diferentes-regioes-da-bahia\\\/#breadcrumb\"},\"inLanguage\":\"pt-BR\",\"potentialAction\":[{\"@type\":\"ReadAction\",\"target\":[\"https:\\\/\\\/blogdofarnesio.com.br\\\/2024\\\/06\\\/sao-joao-antecipado-aquece-o-turismo-em-diferentes-regioes-da-bahia\\\/\"]}]},{\"@type\":\"ImageObject\",\"inLanguage\":\"pt-BR\",\"@id\":\"https:\\\/\\\/blogdofarnesio.com.br\\\/2024\\\/06\\\/sao-joao-antecipado-aquece-o-turismo-em-diferentes-regioes-da-bahia\\\/#primaryimage\",\"url\":\"https:\\\/\\\/blogdofarnesio.com.br\\\/wp-content\\\/uploads\\\/2024\\\/06\\\/Sao-Joao-antecipado-aquece-o-turismo-em-diferentes-regioes-da-Bahia-Foto-Divulgacao-e1717498532776.jpg\",\"contentUrl\":\"https:\\\/\\\/blogdofarnesio.com.br\\\/wp-content\\\/uploads\\\/2024\\\/06\\\/Sao-Joao-antecipado-aquece-o-turismo-em-diferentes-regioes-da-Bahia-Foto-Divulgacao-e1717498532776.jpg\",\"width\":600,\"height\":375},{\"@type\":\"BreadcrumbList\",\"@id\":\"https:\\\/\\\/blogdofarnesio.com.br\\\/2024\\\/06\\\/sao-joao-antecipado-aquece-o-turismo-em-diferentes-regioes-da-bahia\\\/#breadcrumb\",\"itemListElement\":[{\"@type\":\"ListItem\",\"position\":1,\"name\":\"In\u00edcio\",\"item\":\"https:\\\/\\\/blogdofarnesio.com.br\\\/\"},{\"@type\":\"ListItem\",\"position\":2,\"name\":\"S\u00e3o Jo\u00e3o antecipado aquece o turismo em diferentes regi\u00f5es da Bahia\"}]},{\"@type\":\"WebSite\",\"@id\":\"https:\\\/\\\/blogdofarnesio.com.br\\\/#website\",\"url\":\"https:\\\/\\\/blogdofarnesio.com.br\\\/\",\"name\":\"Blog do Farn\u00e9sio\",\"description\":\"Quer Saber Pol\u00edtica?\",\"publisher\":{\"@id\":\"https:\\\/\\\/blogdofarnesio.com.br\\\/#organization\"},\"potentialAction\":[{\"@type\":\"SearchAction\",\"target\":{\"@type\":\"EntryPoint\",\"urlTemplate\":\"https:\\\/\\\/blogdofarnesio.com.br\\\/?s={search_term_string}\"},\"query-input\":{\"@type\":\"PropertyValueSpecification\",\"valueRequired\":true,\"valueName\":\"search_term_string\"}}],\"inLanguage\":\"pt-BR\"},{\"@type\":\"Organization\",\"@id\":\"https:\\\/\\\/blogdofarnesio.com.br\\\/#organization\",\"name\":\"Blog do Farn\u00e9sio\",\"url\":\"https:\\\/\\\/blogdofarnesio.com.br\\\/\",\"logo\":{\"@type\":\"ImageObject\",\"inLanguage\":\"pt-BR\",\"@id\":\"https:\\\/\\\/blogdofarnesio.com.br\\\/#\\\/schema\\\/logo\\\/image\\\/\",\"url\":\"https:\\\/\\\/blogdofarnesio.com.br\\\/wp-content\\\/uploads\\\/2026\\\/03\\\/cropped-logo_new-1.png\",\"contentUrl\":\"https:\\\/\\\/blogdofarnesio.com.br\\\/wp-content\\\/uploads\\\/2026\\\/03\\\/cropped-logo_new-1.png\",\"width\":881,\"height\":685,\"caption\":\"Blog do Farn\u00e9sio\"},\"image\":{\"@id\":\"https:\\\/\\\/blogdofarnesio.com.br\\\/#\\\/schema\\\/logo\\\/image\\\/\"},\"sameAs\":[\"https:\\\/\\\/www.facebook.com\\\/BlogQuerSaberPolitica\\\/\"]},{\"@type\":\"Person\",\"@id\":\"https:\\\/\\\/blogdofarnesio.com.br\\\/#\\\/schema\\\/person\\\/bb9b23ae3ad0609ce8df7b6c9e76824d\",\"name\":\"Farn\u00e9sio\",\"image\":{\"@type\":\"ImageObject\",\"inLanguage\":\"pt-BR\",\"@id\":\"https:\\\/\\\/secure.gravatar.com\\\/avatar\\\/986aa4c61ccdb66f8555bf88fc2a65609d00bcabd4d2d94377a727547345cbca?s=96&d=mm&r=g\",\"url\":\"https:\\\/\\\/secure.gravatar.com\\\/avatar\\\/986aa4c61ccdb66f8555bf88fc2a65609d00bcabd4d2d94377a727547345cbca?s=96&d=mm&r=g\",\"contentUrl\":\"https:\\\/\\\/secure.gravatar.com\\\/avatar\\\/986aa4c61ccdb66f8555bf88fc2a65609d00bcabd4d2d94377a727547345cbca?s=96&d=mm&r=g\",\"caption\":\"Farn\u00e9sio\"},\"description\":\"Radialista blogueiro, chegou a Petrolina\\\/Juazeiro em setembro de 1980, Farn\u00e9sio Silva \u00e9 de Arapiraca-Alagoas.\",\"sameAs\":[\"http:\\\/\\\/blogdofarnesio.com.br\",\"https:\\\/\\\/www.facebook.com\\\/?ref=tn_tnmn\",\"https:\\\/\\\/www.instagram.com\\\/?utm_source=pwa_homescreen\",\"https:\\\/\\\/youtube.com.br\\\/\"],\"url\":\"https:\\\/\\\/blogdofarnesio.com.br\\\/author\\\/farnesio-2\\\/\"}]}<\/script>\n<!-- \/ Yoast SEO plugin. -->","yoast_head_json":{"title":"S\u00e3o Jo\u00e3o antecipado aquece o turismo em diferentes regi\u00f5es da Bahia - Blog do Farn\u00e9sio","robots":{"index":"index","follow":"follow","max-snippet":"max-snippet:-1","max-image-preview":"max-image-preview:large","max-video-preview":"max-video-preview:-1"},"canonical":"https:\/\/blogdofarnesio.com.br\/2024\/06\/sao-joao-antecipado-aquece-o-turismo-em-diferentes-regioes-da-bahia\/","og_locale":"pt_BR","og_type":"article","og_title":"S\u00e3o Jo\u00e3o antecipado aquece o turismo em diferentes regi\u00f5es da Bahia - Blog do Farn\u00e9sio","og_description":"O clima do S\u00e3o Jo\u00e3o invadiu tr\u00eas zonas tur\u00edsticas da Bahia, na \u00faltima semana, em eventos realizados com o apoio da Secretaria de Turismo do Estado (Setur-BA), para movimentar a economia regional. No distrito de Itaitu, em Jacobina, na Chapada Diamantina, o Encontro dos Sanfoneiros reuniu cerca de duas mil pessoas. No destino procurado para o ecoturismo, est\u00e1 localizada a cachoeira V\u00e9u de Noiva, com mais de 60 metros de altura e muito utilizada para a pr\u00e1tica de rapel. Em Cama\u00e7ari, na Costa dos Coqueiros, o Forr\u00f3 Universit\u00e1rio animou o Clube Social, atraindo 10 mil cama\u00e7arienses e moradores de cidades vizinhas, que curtiram shows das bandas Flor de Maracuj\u00e1 e Tio Barnab\u00e9, entre outras atra\u00e7\u00f5es. A entrada foi com a&hellip;","og_url":"https:\/\/blogdofarnesio.com.br\/2024\/06\/sao-joao-antecipado-aquece-o-turismo-em-diferentes-regioes-da-bahia\/","og_site_name":"Blog do Farn\u00e9sio","article_publisher":"https:\/\/www.facebook.com\/BlogQuerSaberPolitica\/","article_author":"https:\/\/www.facebook.com\/?ref=tn_tnmn","article_published_time":"2024-06-04T18:03:24+00:00","og_image":[{"width":600,"height":375,"url":"https:\/\/blogdofarnesio.com.br\/wp-content\/uploads\/2024\/06\/Sao-Joao-antecipado-aquece-o-turismo-em-diferentes-regioes-da-Bahia-Foto-Divulgacao-e1717498532776.jpg","type":"image\/jpeg"}],"author":"Farn\u00e9sio","twitter_card":"summary_large_image","twitter_misc":{"Escrito por":"Farn\u00e9sio","Est. tempo de leitura":"3 minutos"},"schema":{"@context":"https:\/\/schema.org","@graph":[{"@type":"Article","@id":"https:\/\/blogdofarnesio.com.br\/2024\/06\/sao-joao-antecipado-aquece-o-turismo-em-diferentes-regioes-da-bahia\/#article","isPartOf":{"@id":"https:\/\/blogdofarnesio.com.br\/2024\/06\/sao-joao-antecipado-aquece-o-turismo-em-diferentes-regioes-da-bahia\/"},"author":{"name":"Farn\u00e9sio","@id":"https:\/\/blogdofarnesio.com.br\/#\/schema\/person\/bb9b23ae3ad0609ce8df7b6c9e76824d"},"headline":"S\u00e3o Jo\u00e3o antecipado aquece o turismo em diferentes regi\u00f5es da Bahia","datePublished":"2024-06-04T18:03:24+00:00","mainEntityOfPage":{"@id":"https:\/\/blogdofarnesio.com.br\/2024\/06\/sao-joao-antecipado-aquece-o-turismo-em-diferentes-regioes-da-bahia\/"},"wordCount":400,"commentCount":0,"publisher":{"@id":"https:\/\/blogdofarnesio.com.br\/#organization"},"image":{"@id":"https:\/\/blogdofarnesio.com.br\/2024\/06\/sao-joao-antecipado-aquece-o-turismo-em-diferentes-regioes-da-bahia\/#primaryimage"},"thumbnailUrl":"https:\/\/blogdofarnesio.com.br\/wp-content\/uploads\/2024\/06\/Sao-Joao-antecipado-aquece-o-turismo-em-diferentes-regioes-da-Bahia-Foto-Divulgacao-e1717498532776.jpg","articleSection":["Turismo"],"inLanguage":"pt-BR","potentialAction":[{"@type":"CommentAction","name":"Comment","target":["https:\/\/blogdofarnesio.com.br\/2024\/06\/sao-joao-antecipado-aquece-o-turismo-em-diferentes-regioes-da-bahia\/#respond"]}]},{"@type":"WebPage","@id":"https:\/\/blogdofarnesio.com.br\/2024\/06\/sao-joao-antecipado-aquece-o-turismo-em-diferentes-regioes-da-bahia\/","url":"https:\/\/blogdofarnesio.com.br\/2024\/06\/sao-joao-antecipado-aquece-o-turismo-em-diferentes-regioes-da-bahia\/","name":"S\u00e3o Jo\u00e3o antecipado aquece o turismo em diferentes regi\u00f5es da Bahia - Blog do Farn\u00e9sio","isPartOf":{"@id":"https:\/\/blogdofarnesio.com.br\/#website"},"primaryImageOfPage":{"@id":"https:\/\/blogdofarnesio.com.br\/2024\/06\/sao-joao-antecipado-aquece-o-turismo-em-diferentes-regioes-da-bahia\/#primaryimage"},"image":{"@id":"https:\/\/blogdofarnesio.com.br\/2024\/06\/sao-joao-antecipado-aquece-o-turismo-em-diferentes-regioes-da-bahia\/#primaryimage"},"thumbnailUrl":"https:\/\/blogdofarnesio.com.br\/wp-content\/uploads\/2024\/06\/Sao-Joao-antecipado-aquece-o-turismo-em-diferentes-regioes-da-Bahia-Foto-Divulgacao-e1717498532776.jpg","datePublished":"2024-06-04T18:03:24+00:00","breadcrumb":{"@id":"https:\/\/blogdofarnesio.com.br\/2024\/06\/sao-joao-antecipado-aquece-o-turismo-em-diferentes-regioes-da-bahia\/#breadcrumb"},"inLanguage":"pt-BR","potentialAction":[{"@type":"ReadAction","target":["https:\/\/blogdofarnesio.com.br\/2024\/06\/sao-joao-antecipado-aquece-o-turismo-em-diferentes-regioes-da-bahia\/"]}]},{"@type":"ImageObject","inLanguage":"pt-BR","@id":"https:\/\/blogdofarnesio.com.br\/2024\/06\/sao-joao-antecipado-aquece-o-turismo-em-diferentes-regioes-da-bahia\/#primaryimage","url":"https:\/\/blogdofarnesio.com.br\/wp-content\/uploads\/2024\/06\/Sao-Joao-antecipado-aquece-o-turismo-em-diferentes-regioes-da-Bahia-Foto-Divulgacao-e1717498532776.jpg","contentUrl":"https:\/\/blogdofarnesio.com.br\/wp-content\/uploads\/2024\/06\/Sao-Joao-antecipado-aquece-o-turismo-em-diferentes-regioes-da-Bahia-Foto-Divulgacao-e1717498532776.jpg","width":600,"height":375},{"@type":"BreadcrumbList","@id":"https:\/\/blogdofarnesio.com.br\/2024\/06\/sao-joao-antecipado-aquece-o-turismo-em-diferentes-regioes-da-bahia\/#breadcrumb","itemListElement":[{"@type":"ListItem","position":1,"name":"In\u00edcio","item":"https:\/\/blogdofarnesio.com.br\/"},{"@type":"ListItem","position":2,"name":"S\u00e3o Jo\u00e3o antecipado aquece o turismo em diferentes regi\u00f5es da Bahia"}]},{"@type":"WebSite","@id":"https:\/\/blogdofarnesio.com.br\/#website","url":"https:\/\/blogdofarnesio.com.br\/","name":"Blog do Farn\u00e9sio","description":"Quer Saber Pol\u00edtica?","publisher":{"@id":"https:\/\/blogdofarnesio.com.br\/#organization"},"potentialAction":[{"@type":"SearchAction","target":{"@type":"EntryPoint","urlTemplate":"https:\/\/blogdofarnesio.com.br\/?s={search_term_string}"},"query-input":{"@type":"PropertyValueSpecification","valueRequired":true,"valueName":"search_term_string"}}],"inLanguage":"pt-BR"},{"@type":"Organization","@id":"https:\/\/blogdofarnesio.com.br\/#organization","name":"Blog do Farn\u00e9sio","url":"https:\/\/blogdofarnesio.com.br\/","logo":{"@type":"ImageObject","inLanguage":"pt-BR","@id":"https:\/\/blogdofarnesio.com.br\/#\/schema\/logo\/image\/","url":"https:\/\/blogdofarnesio.com.br\/wp-content\/uploads\/2026\/03\/cropped-logo_new-1.png","contentUrl":"https:\/\/blogdofarnesio.com.br\/wp-content\/uploads\/2026\/03\/cropped-logo_new-1.png","width":881,"height":685,"caption":"Blog do Farn\u00e9sio"},"image":{"@id":"https:\/\/blogdofarnesio.com.br\/#\/schema\/logo\/image\/"},"sameAs":["https:\/\/www.facebook.com\/BlogQuerSaberPolitica\/"]},{"@type":"Person","@id":"https:\/\/blogdofarnesio.com.br\/#\/schema\/person\/bb9b23ae3ad0609ce8df7b6c9e76824d","name":"Farn\u00e9sio","image":{"@type":"ImageObject","inLanguage":"pt-BR","@id":"https:\/\/secure.gravatar.com\/avatar\/986aa4c61ccdb66f8555bf88fc2a65609d00bcabd4d2d94377a727547345cbca?s=96&d=mm&r=g","url":"https:\/\/secure.gravatar.com\/avatar\/986aa4c61ccdb66f8555bf88fc2a65609d00bcabd4d2d94377a727547345cbca?s=96&d=mm&r=g","contentUrl":"https:\/\/secure.gravatar.com\/avatar\/986aa4c61ccdb66f8555bf88fc2a65609d00bcabd4d2d94377a727547345cbca?s=96&d=mm&r=g","caption":"Farn\u00e9sio"},"description":"Radialista blogueiro, chegou a Petrolina\/Juazeiro em setembro de 1980, Farn\u00e9sio Silva \u00e9 de Arapiraca-Alagoas.","sameAs":["http:\/\/blogdofarnesio.com.br","https:\/\/www.facebook.com\/?ref=tn_tnmn","https:\/\/www.instagram.com\/?utm_source=pwa_homescreen","https:\/\/youtube.com.br\/"],"url":"https:\/\/blogdofarnesio.com.br\/author\/farnesio-2\/"}]}},"_links":{"self":[{"href":"https:\/\/blogdofarnesio.com.br\/wp-json\/wp\/v2\/posts\/370067","targetHints":{"allow":["GET"]}}],"collection":[{"href":"https:\/\/blogdofarnesio.com.br\/wp-json\/wp\/v2\/posts"}],"about":[{"href":"https:\/\/blogdofarnesio.com.br\/wp-json\/wp\/v2\/types\/post"}],"author":[{"embeddable":true,"href":"https:\/\/blogdofarnesio.com.br\/wp-json\/wp\/v2\/users\/2"}],"replies":[{"embeddable":true,"href":"https:\/\/blogdofarnesio.com.br\/wp-json\/wp\/v2\/comments?post=370067"}],"version-history":[{"count":0,"href":"https:\/\/blogdofarnesio.com.br\/wp-json\/wp\/v2\/posts\/370067\/revisions"}],"wp:featuredmedia":[{"embeddable":true,"href":"https:\/\/blogdofarnesio.com.br\/wp-json\/wp\/v2\/media\/370068"}],"wp:attachment":[{"href":"https:\/\/blogdofarnesio.com.br\/wp-json\/wp\/v2\/media?parent=370067"}],"wp:term":[{"taxonomy":"category","embeddable":true,"href":"https:\/\/blogdofarnesio.com.br\/wp-json\/wp\/v2\/categories?post=370067"},{"taxonomy":"post_tag","embeddable":true,"href":"https:\/\/blogdofarnesio.com.br\/wp-json\/wp\/v2\/tags?post=370067"}],"curies":[{"name":"wp","href":"https:\/\/api.w.org\/{rel}","templated":true}]}}