{"id":370060,"date":"2024-06-05T10:44:39","date_gmt":"2024-06-05T13:44:39","guid":{"rendered":"https:\/\/blogdofarnesio.com.br\/?p=370060"},"modified":"2024-06-04T16:18:22","modified_gmt":"2024-06-04T19:18:22","slug":"uneb-juazeiro-promovem-sexta-feira-07-a-2a-edicao-do-biotecday-com-auloes-preparatorios-para-o-enem","status":"publish","type":"post","link":"https:\/\/blogdofarnesio.com.br\/?p=370060","title":{"rendered":"UNEB\/JUAZEIRO PROMOVE SEXTA-FEIRA (07) A 2\u00aa EDI\u00c7\u00c3O DO BIOTECDAY COM AUL\u00d5ES PREPARAT\u00d3RIOS PARA O ENEM"},"content":{"rendered":"<div>Com o intuito de comemorar o dia do Engenheiro de Bioprocessos e Biotecnologia acontece sexta-feira, das 8h \u00e0s 18h, no Departamento de Tecnologia e Ci\u00eancias Sociais (DTCS) da Uneb, em Juazeiro a 2\u00aa edi\u00e7\u00e3o do Biotec Day.<\/div>\n<div><\/div>\n<div>O evento \u00e9 promovido pelo colegiado do curso de Engenharia de Bioprocessos e Biotecnologia em parceria com o Centro Acad\u00eamico do curso, o CAEEB e a empresa j\u00fanior Condicione Jr do DTCS III da Uneb.<\/div>\n<div><\/div>\n<div>Desde sua primeira edi\u00e7\u00e3o em 2023 o evento, gratuito, abre as portas da Universidade para receber estudantes do ensino m\u00e9dio da rede p\u00fablica de Juazeiro para uma programa\u00e7\u00e3o extensa que vai desde aul\u00f5es preparat\u00f3rios com revis\u00e3o dos principais assuntos cobrados no Exame Nacional do Ensino M\u00e9dio (Enem), at\u00e9 apresenta\u00e7\u00e3o dos produtos, processos e inova\u00e7\u00f5es produzidas pelos alunos do curso de Engenharia de Bioprocessos e Biotecnologia.<\/div>\n<div><\/div>\n<div>O objetivo do evento que faz parte das a\u00e7\u00f5es do Projeto de Extens\u00e3o Universit\u00e1ria: \u201cDivulga\u00e7\u00e3o do curso de Engenharia de Bioprocessos e Biotecnologia\u201d \u00e9 integrar estudantes de gradua\u00e7\u00e3o e ensino m\u00e9dio, docentes, pesquisadores, empres\u00e1rios e profissionais da \u00e1rea do curso e de \u00e1reas correlatas promovendo um intercambio educacional.<\/div>\n<div><\/div>\n<div>Mais informa\u00e7\u00f5es sobre o evento podem ser acessadas no perfil @eng.bioprocessos_uneb no instagram.<\/div>\n<div><\/div>\n<div><b>Programa\u00e7\u00e3o:<\/b><\/div>\n<div>08:00 \u2013 08:10 Solenidade de Abertura \u2013 Coordena\u00e7\u00e3o do Curso de Engenharia de Bioprocessos e Biotecnologia (Prof. Dr. Alessandro C. Mesquita) e Dire\u00e7\u00e3o da UNEB\/DTCS III (Profa. Dra. Gertrudes M. de Oliveira);<\/div>\n<div>8:10 \u2013 8:30 Apresenta\u00e7\u00e3o do curso \u2013 Palestrante: Profa. Dra. Gabriela M. A. de Almeida e discentes do curso;<\/div>\n<div>\u00a08:30 \u2013 10:00 Aul\u00e3o de Biologia;<\/div>\n<div>\u00a010:00 \u2013 10:30 Intervalo &#8211; Coffee Break;<\/div>\n<div>10:30 \u2013 12:00 Aul\u00e3o de qu\u00edmica;<\/div>\n<div>12:00 \u2013 13:30 Almo\u00e7o;<\/div>\n<div>13:30 \u2013 15:00 Aul\u00e3o de F\u00edsica;<\/div>\n<div>15:00 \u2013 17:00 Mostra Cient\u00edfica de Projetos e Inova\u00e7\u00f5es Biotecnol\u00f3gicas;<\/div>\n<div>17:00 \u2013 18:00 Atividade Cultural.<\/div>\n<div><\/div>\n<div id=\"m_4508675745157782990Signature\">\n<div id=\"m_4508675745157782990divtagdefaultwrapper\" dir=\"ltr\">\n<div><b>\u00a0<\/b><\/div>\n<div><b>N\u00facleo de Assessoria de Comunica\u00e7\u00e3o\u00a0<\/b><\/div>\n<\/div>\n<\/div>\n","protected":false},"excerpt":{"rendered":"<p>Com o intuito de comemorar o dia do Engenheiro de Bioprocessos e Biotecnologia acontece sexta-feira, das 8h \u00e0s 18h, no Departamento de Tecnologia e Ci\u00eancias Sociais (DTCS) da Uneb, em Juazeiro a 2\u00aa edi\u00e7\u00e3o do Biotec Day. O evento \u00e9 promovido pelo colegiado do curso de Engenharia de Bioprocessos e Biotecnologia em parceria com o Centro Acad\u00eamico do curso, o CAEEB e a empresa j\u00fanior Condicione Jr do DTCS III da Uneb. Desde sua primeira edi\u00e7\u00e3o em 2023 o evento, gratuito, abre as portas da Universidade para receber estudantes do ensino m\u00e9dio da rede p\u00fablica de Juazeiro para uma programa\u00e7\u00e3o extensa que vai desde aul\u00f5es preparat\u00f3rios com revis\u00e3o dos principais assuntos cobrados no Exame Nacional do Ensino M\u00e9dio (Enem), at\u00e9&hellip; <\/p>\n","protected":false},"author":2,"featured_media":370058,"comment_status":"open","ping_status":"open","sticky":false,"template":"","format":"standard","meta":{"_acf_changed":false,"footnotes":""},"categories":[6],"tags":[],"class_list":["post-370060","post","type-post","status-publish","format-standard","has-post-thumbnail","hentry","category-educacao"],"acf":[],"yoast_head":"<!-- This site is optimized with the Yoast SEO plugin v27.4 - https:\/\/yoast.com\/product\/yoast-seo-wordpress\/ -->\n<title>UNEB\/JUAZEIRO PROMOVE SEXTA-FEIRA (07) A 2\u00aa EDI\u00c7\u00c3O DO BIOTECDAY COM AUL\u00d5ES PREPARAT\u00d3RIOS PARA O ENEM - Blog do Farn\u00e9sio<\/title>\n<meta name=\"robots\" content=\"index, follow, max-snippet:-1, max-image-preview:large, max-video-preview:-1\" \/>\n<link rel=\"canonical\" href=\"https:\/\/blogdofarnesio.com.br\/?p=370060\" \/>\n<meta property=\"og:locale\" content=\"pt_BR\" \/>\n<meta property=\"og:type\" content=\"article\" \/>\n<meta property=\"og:title\" content=\"UNEB\/JUAZEIRO PROMOVE SEXTA-FEIRA (07) A 2\u00aa EDI\u00c7\u00c3O DO BIOTECDAY COM AUL\u00d5ES PREPARAT\u00d3RIOS PARA O ENEM - Blog do Farn\u00e9sio\" \/>\n<meta property=\"og:description\" content=\"Com o intuito de comemorar o dia do Engenheiro de Bioprocessos e Biotecnologia acontece sexta-feira, das 8h \u00e0s 18h, no Departamento de Tecnologia e Ci\u00eancias Sociais (DTCS) da Uneb, em Juazeiro a 2\u00aa edi\u00e7\u00e3o do Biotec Day. O evento \u00e9 promovido pelo colegiado do curso de Engenharia de Bioprocessos e Biotecnologia em parceria com o Centro Acad\u00eamico do curso, o CAEEB e a empresa j\u00fanior Condicione Jr do DTCS III da Uneb. Desde sua primeira edi\u00e7\u00e3o em 2023 o evento, gratuito, abre as portas da Universidade para receber estudantes do ensino m\u00e9dio da rede p\u00fablica de Juazeiro para uma programa\u00e7\u00e3o extensa que vai desde aul\u00f5es preparat\u00f3rios com revis\u00e3o dos principais assuntos cobrados no Exame Nacional do Ensino M\u00e9dio (Enem), at\u00e9&hellip;\" \/>\n<meta property=\"og:url\" content=\"https:\/\/blogdofarnesio.com.br\/?p=370060\" \/>\n<meta property=\"og:site_name\" content=\"Blog do Farn\u00e9sio\" \/>\n<meta property=\"article:publisher\" content=\"https:\/\/www.facebook.com\/BlogQuerSaberPolitica\/\" \/>\n<meta property=\"article:author\" content=\"https:\/\/www.facebook.com\/?ref=tn_tnmn\" \/>\n<meta property=\"article:published_time\" content=\"2024-06-05T13:44:39+00:00\" \/>\n<meta property=\"og:image\" content=\"https:\/\/blogdofarnesio.com.br\/wp-content\/uploads\/2024\/06\/WhatsApp-Image-2024-05-06-at-08.59.51-e1717446845205.jpeg\" \/>\n\t<meta property=\"og:image:width\" content=\"580\" \/>\n\t<meta property=\"og:image:height\" content=\"444\" \/>\n\t<meta property=\"og:image:type\" content=\"image\/jpeg\" \/>\n<meta name=\"author\" content=\"Farn\u00e9sio\" \/>\n<meta name=\"twitter:card\" content=\"summary_large_image\" \/>\n<meta name=\"twitter:label1\" content=\"Escrito por\" \/>\n\t<meta name=\"twitter:data1\" content=\"Farn\u00e9sio\" \/>\n\t<meta name=\"twitter:label2\" content=\"Est. tempo de leitura\" \/>\n\t<meta name=\"twitter:data2\" content=\"2 minutos\" \/>\n<script type=\"application\/ld+json\" class=\"yoast-schema-graph\">{\"@context\":\"https:\\\/\\\/schema.org\",\"@graph\":[{\"@type\":\"Article\",\"@id\":\"https:\\\/\\\/blogdofarnesio.com.br\\\/?p=370060#article\",\"isPartOf\":{\"@id\":\"https:\\\/\\\/blogdofarnesio.com.br\\\/?p=370060\"},\"author\":{\"name\":\"Farn\u00e9sio\",\"@id\":\"https:\\\/\\\/blogdofarnesio.com.br\\\/#\\\/schema\\\/person\\\/bb9b23ae3ad0609ce8df7b6c9e76824d\"},\"headline\":\"UNEB\\\/JUAZEIRO PROMOVE SEXTA-FEIRA (07) A 2\u00aa EDI\u00c7\u00c3O DO BIOTECDAY COM AUL\u00d5ES PREPARAT\u00d3RIOS PARA O ENEM\",\"datePublished\":\"2024-06-05T13:44:39+00:00\",\"mainEntityOfPage\":{\"@id\":\"https:\\\/\\\/blogdofarnesio.com.br\\\/?p=370060\"},\"wordCount\":323,\"commentCount\":0,\"publisher\":{\"@id\":\"https:\\\/\\\/blogdofarnesio.com.br\\\/#organization\"},\"image\":{\"@id\":\"https:\\\/\\\/blogdofarnesio.com.br\\\/?p=370060#primaryimage\"},\"thumbnailUrl\":\"https:\\\/\\\/blogdofarnesio.com.br\\\/wp-content\\\/uploads\\\/2024\\\/06\\\/WhatsApp-Image-2024-05-06-at-08.59.51-e1717446845205.jpeg\",\"articleSection\":[\"Educa\u00e7\u00e3o\"],\"inLanguage\":\"pt-BR\",\"potentialAction\":[{\"@type\":\"CommentAction\",\"name\":\"Comment\",\"target\":[\"https:\\\/\\\/blogdofarnesio.com.br\\\/?p=370060#respond\"]}]},{\"@type\":\"WebPage\",\"@id\":\"https:\\\/\\\/blogdofarnesio.com.br\\\/?p=370060\",\"url\":\"https:\\\/\\\/blogdofarnesio.com.br\\\/?p=370060\",\"name\":\"UNEB\\\/JUAZEIRO PROMOVE SEXTA-FEIRA (07) A 2\u00aa EDI\u00c7\u00c3O DO BIOTECDAY COM AUL\u00d5ES PREPARAT\u00d3RIOS PARA O ENEM - Blog do Farn\u00e9sio\",\"isPartOf\":{\"@id\":\"https:\\\/\\\/blogdofarnesio.com.br\\\/#website\"},\"primaryImageOfPage\":{\"@id\":\"https:\\\/\\\/blogdofarnesio.com.br\\\/?p=370060#primaryimage\"},\"image\":{\"@id\":\"https:\\\/\\\/blogdofarnesio.com.br\\\/?p=370060#primaryimage\"},\"thumbnailUrl\":\"https:\\\/\\\/blogdofarnesio.com.br\\\/wp-content\\\/uploads\\\/2024\\\/06\\\/WhatsApp-Image-2024-05-06-at-08.59.51-e1717446845205.jpeg\",\"datePublished\":\"2024-06-05T13:44:39+00:00\",\"breadcrumb\":{\"@id\":\"https:\\\/\\\/blogdofarnesio.com.br\\\/?p=370060#breadcrumb\"},\"inLanguage\":\"pt-BR\",\"potentialAction\":[{\"@type\":\"ReadAction\",\"target\":[\"https:\\\/\\\/blogdofarnesio.com.br\\\/?p=370060\"]}]},{\"@type\":\"ImageObject\",\"inLanguage\":\"pt-BR\",\"@id\":\"https:\\\/\\\/blogdofarnesio.com.br\\\/?p=370060#primaryimage\",\"url\":\"https:\\\/\\\/blogdofarnesio.com.br\\\/wp-content\\\/uploads\\\/2024\\\/06\\\/WhatsApp-Image-2024-05-06-at-08.59.51-e1717446845205.jpeg\",\"contentUrl\":\"https:\\\/\\\/blogdofarnesio.com.br\\\/wp-content\\\/uploads\\\/2024\\\/06\\\/WhatsApp-Image-2024-05-06-at-08.59.51-e1717446845205.jpeg\",\"width\":580,\"height\":444},{\"@type\":\"BreadcrumbList\",\"@id\":\"https:\\\/\\\/blogdofarnesio.com.br\\\/?p=370060#breadcrumb\",\"itemListElement\":[{\"@type\":\"ListItem\",\"position\":1,\"name\":\"In\u00edcio\",\"item\":\"https:\\\/\\\/blogdofarnesio.com.br\\\/\"},{\"@type\":\"ListItem\",\"position\":2,\"name\":\"UNEB\\\/JUAZEIRO PROMOVE SEXTA-FEIRA (07) A 2\u00aa EDI\u00c7\u00c3O DO BIOTECDAY COM AUL\u00d5ES PREPARAT\u00d3RIOS PARA O ENEM\"}]},{\"@type\":\"WebSite\",\"@id\":\"https:\\\/\\\/blogdofarnesio.com.br\\\/#website\",\"url\":\"https:\\\/\\\/blogdofarnesio.com.br\\\/\",\"name\":\"Blog do Farn\u00e9sio\",\"description\":\"Quer Saber Pol\u00edtica?\",\"publisher\":{\"@id\":\"https:\\\/\\\/blogdofarnesio.com.br\\\/#organization\"},\"potentialAction\":[{\"@type\":\"SearchAction\",\"target\":{\"@type\":\"EntryPoint\",\"urlTemplate\":\"https:\\\/\\\/blogdofarnesio.com.br\\\/?s={search_term_string}\"},\"query-input\":{\"@type\":\"PropertyValueSpecification\",\"valueRequired\":true,\"valueName\":\"search_term_string\"}}],\"inLanguage\":\"pt-BR\"},{\"@type\":\"Organization\",\"@id\":\"https:\\\/\\\/blogdofarnesio.com.br\\\/#organization\",\"name\":\"Blog do Farn\u00e9sio\",\"url\":\"https:\\\/\\\/blogdofarnesio.com.br\\\/\",\"logo\":{\"@type\":\"ImageObject\",\"inLanguage\":\"pt-BR\",\"@id\":\"https:\\\/\\\/blogdofarnesio.com.br\\\/#\\\/schema\\\/logo\\\/image\\\/\",\"url\":\"https:\\\/\\\/blogdofarnesio.com.br\\\/wp-content\\\/uploads\\\/2026\\\/03\\\/cropped-logo_new-1.png\",\"contentUrl\":\"https:\\\/\\\/blogdofarnesio.com.br\\\/wp-content\\\/uploads\\\/2026\\\/03\\\/cropped-logo_new-1.png\",\"width\":881,\"height\":685,\"caption\":\"Blog do Farn\u00e9sio\"},\"image\":{\"@id\":\"https:\\\/\\\/blogdofarnesio.com.br\\\/#\\\/schema\\\/logo\\\/image\\\/\"},\"sameAs\":[\"https:\\\/\\\/www.facebook.com\\\/BlogQuerSaberPolitica\\\/\"]},{\"@type\":\"Person\",\"@id\":\"https:\\\/\\\/blogdofarnesio.com.br\\\/#\\\/schema\\\/person\\\/bb9b23ae3ad0609ce8df7b6c9e76824d\",\"name\":\"Farn\u00e9sio\",\"image\":{\"@type\":\"ImageObject\",\"inLanguage\":\"pt-BR\",\"@id\":\"https:\\\/\\\/secure.gravatar.com\\\/avatar\\\/986aa4c61ccdb66f8555bf88fc2a65609d00bcabd4d2d94377a727547345cbca?s=96&d=mm&r=g\",\"url\":\"https:\\\/\\\/secure.gravatar.com\\\/avatar\\\/986aa4c61ccdb66f8555bf88fc2a65609d00bcabd4d2d94377a727547345cbca?s=96&d=mm&r=g\",\"contentUrl\":\"https:\\\/\\\/secure.gravatar.com\\\/avatar\\\/986aa4c61ccdb66f8555bf88fc2a65609d00bcabd4d2d94377a727547345cbca?s=96&d=mm&r=g\",\"caption\":\"Farn\u00e9sio\"},\"description\":\"Radialista blogueiro, chegou a Petrolina\\\/Juazeiro em setembro de 1980, Farn\u00e9sio Silva \u00e9 de Arapiraca-Alagoas.\",\"sameAs\":[\"http:\\\/\\\/blogdofarnesio.com.br\",\"https:\\\/\\\/www.facebook.com\\\/?ref=tn_tnmn\",\"https:\\\/\\\/www.instagram.com\\\/?utm_source=pwa_homescreen\",\"https:\\\/\\\/youtube.com.br\\\/\"],\"url\":\"https:\\\/\\\/blogdofarnesio.com.br\\\/?author=2\"}]}<\/script>\n<!-- \/ Yoast SEO plugin. -->","yoast_head_json":{"title":"UNEB\/JUAZEIRO PROMOVE SEXTA-FEIRA (07) A 2\u00aa EDI\u00c7\u00c3O DO BIOTECDAY COM AUL\u00d5ES PREPARAT\u00d3RIOS PARA O ENEM - Blog do Farn\u00e9sio","robots":{"index":"index","follow":"follow","max-snippet":"max-snippet:-1","max-image-preview":"max-image-preview:large","max-video-preview":"max-video-preview:-1"},"canonical":"https:\/\/blogdofarnesio.com.br\/?p=370060","og_locale":"pt_BR","og_type":"article","og_title":"UNEB\/JUAZEIRO PROMOVE SEXTA-FEIRA (07) A 2\u00aa EDI\u00c7\u00c3O DO BIOTECDAY COM AUL\u00d5ES PREPARAT\u00d3RIOS PARA O ENEM - Blog do Farn\u00e9sio","og_description":"Com o intuito de comemorar o dia do Engenheiro de Bioprocessos e Biotecnologia acontece sexta-feira, das 8h \u00e0s 18h, no Departamento de Tecnologia e Ci\u00eancias Sociais (DTCS) da Uneb, em Juazeiro a 2\u00aa edi\u00e7\u00e3o do Biotec Day. O evento \u00e9 promovido pelo colegiado do curso de Engenharia de Bioprocessos e Biotecnologia em parceria com o Centro Acad\u00eamico do curso, o CAEEB e a empresa j\u00fanior Condicione Jr do DTCS III da Uneb. Desde sua primeira edi\u00e7\u00e3o em 2023 o evento, gratuito, abre as portas da Universidade para receber estudantes do ensino m\u00e9dio da rede p\u00fablica de Juazeiro para uma programa\u00e7\u00e3o extensa que vai desde aul\u00f5es preparat\u00f3rios com revis\u00e3o dos principais assuntos cobrados no Exame Nacional do Ensino M\u00e9dio (Enem), at\u00e9&hellip;","og_url":"https:\/\/blogdofarnesio.com.br\/?p=370060","og_site_name":"Blog do Farn\u00e9sio","article_publisher":"https:\/\/www.facebook.com\/BlogQuerSaberPolitica\/","article_author":"https:\/\/www.facebook.com\/?ref=tn_tnmn","article_published_time":"2024-06-05T13:44:39+00:00","og_image":[{"width":580,"height":444,"url":"https:\/\/blogdofarnesio.com.br\/wp-content\/uploads\/2024\/06\/WhatsApp-Image-2024-05-06-at-08.59.51-e1717446845205.jpeg","type":"image\/jpeg"}],"author":"Farn\u00e9sio","twitter_card":"summary_large_image","twitter_misc":{"Escrito por":"Farn\u00e9sio","Est. tempo de leitura":"2 minutos"},"schema":{"@context":"https:\/\/schema.org","@graph":[{"@type":"Article","@id":"https:\/\/blogdofarnesio.com.br\/?p=370060#article","isPartOf":{"@id":"https:\/\/blogdofarnesio.com.br\/?p=370060"},"author":{"name":"Farn\u00e9sio","@id":"https:\/\/blogdofarnesio.com.br\/#\/schema\/person\/bb9b23ae3ad0609ce8df7b6c9e76824d"},"headline":"UNEB\/JUAZEIRO PROMOVE SEXTA-FEIRA (07) A 2\u00aa EDI\u00c7\u00c3O DO BIOTECDAY COM AUL\u00d5ES PREPARAT\u00d3RIOS PARA O ENEM","datePublished":"2024-06-05T13:44:39+00:00","mainEntityOfPage":{"@id":"https:\/\/blogdofarnesio.com.br\/?p=370060"},"wordCount":323,"commentCount":0,"publisher":{"@id":"https:\/\/blogdofarnesio.com.br\/#organization"},"image":{"@id":"https:\/\/blogdofarnesio.com.br\/?p=370060#primaryimage"},"thumbnailUrl":"https:\/\/blogdofarnesio.com.br\/wp-content\/uploads\/2024\/06\/WhatsApp-Image-2024-05-06-at-08.59.51-e1717446845205.jpeg","articleSection":["Educa\u00e7\u00e3o"],"inLanguage":"pt-BR","potentialAction":[{"@type":"CommentAction","name":"Comment","target":["https:\/\/blogdofarnesio.com.br\/?p=370060#respond"]}]},{"@type":"WebPage","@id":"https:\/\/blogdofarnesio.com.br\/?p=370060","url":"https:\/\/blogdofarnesio.com.br\/?p=370060","name":"UNEB\/JUAZEIRO PROMOVE SEXTA-FEIRA (07) A 2\u00aa EDI\u00c7\u00c3O DO BIOTECDAY COM AUL\u00d5ES PREPARAT\u00d3RIOS PARA O ENEM - Blog do Farn\u00e9sio","isPartOf":{"@id":"https:\/\/blogdofarnesio.com.br\/#website"},"primaryImageOfPage":{"@id":"https:\/\/blogdofarnesio.com.br\/?p=370060#primaryimage"},"image":{"@id":"https:\/\/blogdofarnesio.com.br\/?p=370060#primaryimage"},"thumbnailUrl":"https:\/\/blogdofarnesio.com.br\/wp-content\/uploads\/2024\/06\/WhatsApp-Image-2024-05-06-at-08.59.51-e1717446845205.jpeg","datePublished":"2024-06-05T13:44:39+00:00","breadcrumb":{"@id":"https:\/\/blogdofarnesio.com.br\/?p=370060#breadcrumb"},"inLanguage":"pt-BR","potentialAction":[{"@type":"ReadAction","target":["https:\/\/blogdofarnesio.com.br\/?p=370060"]}]},{"@type":"ImageObject","inLanguage":"pt-BR","@id":"https:\/\/blogdofarnesio.com.br\/?p=370060#primaryimage","url":"https:\/\/blogdofarnesio.com.br\/wp-content\/uploads\/2024\/06\/WhatsApp-Image-2024-05-06-at-08.59.51-e1717446845205.jpeg","contentUrl":"https:\/\/blogdofarnesio.com.br\/wp-content\/uploads\/2024\/06\/WhatsApp-Image-2024-05-06-at-08.59.51-e1717446845205.jpeg","width":580,"height":444},{"@type":"BreadcrumbList","@id":"https:\/\/blogdofarnesio.com.br\/?p=370060#breadcrumb","itemListElement":[{"@type":"ListItem","position":1,"name":"In\u00edcio","item":"https:\/\/blogdofarnesio.com.br\/"},{"@type":"ListItem","position":2,"name":"UNEB\/JUAZEIRO PROMOVE SEXTA-FEIRA (07) A 2\u00aa EDI\u00c7\u00c3O DO BIOTECDAY COM AUL\u00d5ES PREPARAT\u00d3RIOS PARA O ENEM"}]},{"@type":"WebSite","@id":"https:\/\/blogdofarnesio.com.br\/#website","url":"https:\/\/blogdofarnesio.com.br\/","name":"Blog do Farn\u00e9sio","description":"Quer Saber Pol\u00edtica?","publisher":{"@id":"https:\/\/blogdofarnesio.com.br\/#organization"},"potentialAction":[{"@type":"SearchAction","target":{"@type":"EntryPoint","urlTemplate":"https:\/\/blogdofarnesio.com.br\/?s={search_term_string}"},"query-input":{"@type":"PropertyValueSpecification","valueRequired":true,"valueName":"search_term_string"}}],"inLanguage":"pt-BR"},{"@type":"Organization","@id":"https:\/\/blogdofarnesio.com.br\/#organization","name":"Blog do Farn\u00e9sio","url":"https:\/\/blogdofarnesio.com.br\/","logo":{"@type":"ImageObject","inLanguage":"pt-BR","@id":"https:\/\/blogdofarnesio.com.br\/#\/schema\/logo\/image\/","url":"https:\/\/blogdofarnesio.com.br\/wp-content\/uploads\/2026\/03\/cropped-logo_new-1.png","contentUrl":"https:\/\/blogdofarnesio.com.br\/wp-content\/uploads\/2026\/03\/cropped-logo_new-1.png","width":881,"height":685,"caption":"Blog do Farn\u00e9sio"},"image":{"@id":"https:\/\/blogdofarnesio.com.br\/#\/schema\/logo\/image\/"},"sameAs":["https:\/\/www.facebook.com\/BlogQuerSaberPolitica\/"]},{"@type":"Person","@id":"https:\/\/blogdofarnesio.com.br\/#\/schema\/person\/bb9b23ae3ad0609ce8df7b6c9e76824d","name":"Farn\u00e9sio","image":{"@type":"ImageObject","inLanguage":"pt-BR","@id":"https:\/\/secure.gravatar.com\/avatar\/986aa4c61ccdb66f8555bf88fc2a65609d00bcabd4d2d94377a727547345cbca?s=96&d=mm&r=g","url":"https:\/\/secure.gravatar.com\/avatar\/986aa4c61ccdb66f8555bf88fc2a65609d00bcabd4d2d94377a727547345cbca?s=96&d=mm&r=g","contentUrl":"https:\/\/secure.gravatar.com\/avatar\/986aa4c61ccdb66f8555bf88fc2a65609d00bcabd4d2d94377a727547345cbca?s=96&d=mm&r=g","caption":"Farn\u00e9sio"},"description":"Radialista blogueiro, chegou a Petrolina\/Juazeiro em setembro de 1980, Farn\u00e9sio Silva \u00e9 de Arapiraca-Alagoas.","sameAs":["http:\/\/blogdofarnesio.com.br","https:\/\/www.facebook.com\/?ref=tn_tnmn","https:\/\/www.instagram.com\/?utm_source=pwa_homescreen","https:\/\/youtube.com.br\/"],"url":"https:\/\/blogdofarnesio.com.br\/?author=2"}]}},"_links":{"self":[{"href":"https:\/\/blogdofarnesio.com.br\/index.php?rest_route=\/wp\/v2\/posts\/370060","targetHints":{"allow":["GET"]}}],"collection":[{"href":"https:\/\/blogdofarnesio.com.br\/index.php?rest_route=\/wp\/v2\/posts"}],"about":[{"href":"https:\/\/blogdofarnesio.com.br\/index.php?rest_route=\/wp\/v2\/types\/post"}],"author":[{"embeddable":true,"href":"https:\/\/blogdofarnesio.com.br\/index.php?rest_route=\/wp\/v2\/users\/2"}],"replies":[{"embeddable":true,"href":"https:\/\/blogdofarnesio.com.br\/index.php?rest_route=%2Fwp%2Fv2%2Fcomments&post=370060"}],"version-history":[{"count":0,"href":"https:\/\/blogdofarnesio.com.br\/index.php?rest_route=\/wp\/v2\/posts\/370060\/revisions"}],"wp:featuredmedia":[{"embeddable":true,"href":"https:\/\/blogdofarnesio.com.br\/index.php?rest_route=\/wp\/v2\/media\/370058"}],"wp:attachment":[{"href":"https:\/\/blogdofarnesio.com.br\/index.php?rest_route=%2Fwp%2Fv2%2Fmedia&parent=370060"}],"wp:term":[{"taxonomy":"category","embeddable":true,"href":"https:\/\/blogdofarnesio.com.br\/index.php?rest_route=%2Fwp%2Fv2%2Fcategories&post=370060"},{"taxonomy":"post_tag","embeddable":true,"href":"https:\/\/blogdofarnesio.com.br\/index.php?rest_route=%2Fwp%2Fv2%2Ftags&post=370060"}],"curies":[{"name":"wp","href":"https:\/\/api.w.org\/{rel}","templated":true}]}}