{"id":369464,"date":"2024-05-26T17:00:51","date_gmt":"2024-05-26T20:00:51","guid":{"rendered":"https:\/\/blogdofarnesio.com.br\/?p=369464"},"modified":"2024-05-26T16:21:46","modified_gmt":"2024-05-26T19:21:46","slug":"prefeitura-de-juazeiro-inicia-cadastro-de-regularizacao-fundiaria-urbana-no-bairro-palmares","status":"publish","type":"post","link":"https:\/\/blogdofarnesio.com.br\/?p=369464","title":{"rendered":"Prefeitura de Juazeiro inicia cadastro de regulariza\u00e7\u00e3o fundi\u00e1ria urbana no bairro Palmares"},"content":{"rendered":"<p>O Programa de Regulariza\u00e7\u00e3o Fundi\u00e1ria Urbana (REURB) segue avan\u00e7ando. Nesta sexta-feira (24), a Prefeitura de Juazeiro, atrav\u00e9s da Procuradoria Geral do Munic\u00edpio (PGM), deu in\u00edcio ao cadastro no bairro Palmares.<\/p>\n<p>Durante todo o final de semana, uma equipe da Prefeitura apresentar\u00e1 no bairro, prestando esclarecimentos, solicitando a documenta\u00e7\u00e3o necess\u00e1ria e realizando o cadastro das propriedades, sem qualquer custo para fam\u00edlias de baixa renda.<\/p>\n<p>Esta busca garantir a iniciativa da posse legal dos im\u00f3veis dos moradores, contribuindo para a regulariza\u00e7\u00e3o fundi\u00e1ria de Juazeiro.<\/p>\n<p>De acordo com o procurador geral do munic\u00edpio, Thiago Cordeiro, a REURB representa um marco significativo para os moradores e um avan\u00e7o importante no processo de desenvolvimento de Juazeiro.<\/p>\n<p>\u201cO programa n\u00e3o apenas legaliza as propriedades, mas tamb\u00e9m promove o desenvolvimento sustent\u00e1vel de Juazeiro, oferecendo seguran\u00e7a jur\u00eddica aos propriet\u00e1rios e fomentando o crescimento planejado da cidade\u201d, afirmou Cordeiro.<\/p>\n<p>A dona de casa, Ednalva Ramos Moreira, foi uma das moradoras que recebeu uma equipe de Regulariza\u00e7\u00e3o Fundi\u00e1ria.<\/p>\n<p>Ela reside no bairro h\u00e1 46 anos e falou da import\u00e2ncia de ter o t\u00edtulo de propriedade da resid\u00eancia. \u201cTer o t\u00edtulo de propriedade \u00e9 um sonho antigo.<\/p>\n<p>Isso nos d\u00e1 a seguran\u00e7a de que uma casa \u00e9 realmente nossa, al\u00e9m de valorizar o im\u00f3vel e abrir portas para melhorias\u201d, disse Ednalva.<\/p>\n<p>Para participar, assim como Ednalva, os moradores devem apresentar os documentos necess\u00e1rios que voc\u00ea confere clicando (AQUI).<\/p>\n<p>A equipe da Prefeitura estar\u00e1 presente nas ruas 16, 17 de Setembro, S\u00e3o Jorge, S\u00e3o Jo\u00e3o Batista, Nossa Senhora de Nazar\u00e9, S\u00e3o Joaquim e Boa Esperan\u00e7a.<\/p>\n<p>Al\u00e9m da Avenida Saul Rosa, Travessa Maravilha, Jos\u00e9 Luiz e quadras 26 e 27.<\/p>\n<p>Nesta sexta-feira (24), a equipe seguir\u00e1 at\u00e9 \u00e0s 17h.<\/p>\n<p>No s\u00e1bado (25) e domingo (26) a equipe estar\u00e1 das 10h \u00e0s 14h.<\/p>\n","protected":false},"excerpt":{"rendered":"<p>O Programa de Regulariza\u00e7\u00e3o Fundi\u00e1ria Urbana (REURB) segue avan\u00e7ando. Nesta sexta-feira (24), a Prefeitura de Juazeiro, atrav\u00e9s da Procuradoria Geral do Munic\u00edpio (PGM), deu in\u00edcio ao cadastro no bairro Palmares. Durante todo o final de semana, uma equipe da Prefeitura apresentar\u00e1 no bairro, prestando esclarecimentos, solicitando a documenta\u00e7\u00e3o necess\u00e1ria e realizando o cadastro das propriedades, sem qualquer custo para fam\u00edlias de baixa renda. Esta busca garantir a iniciativa da posse legal dos im\u00f3veis dos moradores, contribuindo para a regulariza\u00e7\u00e3o fundi\u00e1ria de Juazeiro. De acordo com o procurador geral do munic\u00edpio, Thiago Cordeiro, a REURB representa um marco significativo para os moradores e um avan\u00e7o importante no processo de desenvolvimento de Juazeiro. \u201cO programa n\u00e3o apenas legaliza as propriedades, mas tamb\u00e9m&hellip; <\/p>\n","protected":false},"author":2,"featured_media":346738,"comment_status":"open","ping_status":"open","sticky":false,"template":"","format":"standard","meta":{"_acf_changed":false,"footnotes":""},"categories":[43],"tags":[],"class_list":["post-369464","post","type-post","status-publish","format-standard","has-post-thumbnail","hentry","category-sem-categoria"],"acf":[],"yoast_head":"<!-- This site is optimized with the Yoast SEO plugin v27.4 - https:\/\/yoast.com\/product\/yoast-seo-wordpress\/ -->\n<title>Prefeitura de Juazeiro inicia cadastro de regulariza\u00e7\u00e3o fundi\u00e1ria urbana no bairro Palmares - Blog do Farn\u00e9sio<\/title>\n<meta name=\"robots\" content=\"index, follow, max-snippet:-1, max-image-preview:large, max-video-preview:-1\" \/>\n<link rel=\"canonical\" href=\"https:\/\/blogdofarnesio.com.br\/?p=369464\" \/>\n<meta property=\"og:locale\" content=\"pt_BR\" \/>\n<meta property=\"og:type\" content=\"article\" \/>\n<meta property=\"og:title\" content=\"Prefeitura de Juazeiro inicia cadastro de regulariza\u00e7\u00e3o fundi\u00e1ria urbana no bairro Palmares - Blog do Farn\u00e9sio\" \/>\n<meta property=\"og:description\" content=\"O Programa de Regulariza\u00e7\u00e3o Fundi\u00e1ria Urbana (REURB) segue avan\u00e7ando. Nesta sexta-feira (24), a Prefeitura de Juazeiro, atrav\u00e9s da Procuradoria Geral do Munic\u00edpio (PGM), deu in\u00edcio ao cadastro no bairro Palmares. Durante todo o final de semana, uma equipe da Prefeitura apresentar\u00e1 no bairro, prestando esclarecimentos, solicitando a documenta\u00e7\u00e3o necess\u00e1ria e realizando o cadastro das propriedades, sem qualquer custo para fam\u00edlias de baixa renda. Esta busca garantir a iniciativa da posse legal dos im\u00f3veis dos moradores, contribuindo para a regulariza\u00e7\u00e3o fundi\u00e1ria de Juazeiro. De acordo com o procurador geral do munic\u00edpio, Thiago Cordeiro, a REURB representa um marco significativo para os moradores e um avan\u00e7o importante no processo de desenvolvimento de Juazeiro. \u201cO programa n\u00e3o apenas legaliza as propriedades, mas tamb\u00e9m&hellip;\" \/>\n<meta property=\"og:url\" content=\"https:\/\/blogdofarnesio.com.br\/?p=369464\" \/>\n<meta property=\"og:site_name\" content=\"Blog do Farn\u00e9sio\" \/>\n<meta property=\"article:publisher\" content=\"https:\/\/www.facebook.com\/BlogQuerSaberPolitica\/\" \/>\n<meta property=\"article:author\" content=\"https:\/\/www.facebook.com\/?ref=tn_tnmn\" \/>\n<meta property=\"article:published_time\" content=\"2024-05-26T20:00:51+00:00\" \/>\n<meta property=\"og:image\" content=\"https:\/\/blogdofarnesio.com.br\/wp-content\/uploads\/2023\/07\/blogqspjua-Regularizacao-Fundiaria-e1690832161206.jpeg\" \/>\n\t<meta property=\"og:image:width\" content=\"680\" \/>\n\t<meta property=\"og:image:height\" content=\"418\" \/>\n\t<meta property=\"og:image:type\" content=\"image\/jpeg\" \/>\n<meta name=\"author\" content=\"Farn\u00e9sio\" \/>\n<meta name=\"twitter:card\" content=\"summary_large_image\" \/>\n<meta name=\"twitter:label1\" content=\"Escrito por\" \/>\n\t<meta name=\"twitter:data1\" content=\"Farn\u00e9sio\" \/>\n\t<meta name=\"twitter:label2\" content=\"Est. tempo de leitura\" \/>\n\t<meta name=\"twitter:data2\" content=\"2 minutos\" \/>\n<script type=\"application\/ld+json\" class=\"yoast-schema-graph\">{\"@context\":\"https:\\\/\\\/schema.org\",\"@graph\":[{\"@type\":\"Article\",\"@id\":\"https:\\\/\\\/blogdofarnesio.com.br\\\/?p=369464#article\",\"isPartOf\":{\"@id\":\"https:\\\/\\\/blogdofarnesio.com.br\\\/?p=369464\"},\"author\":{\"name\":\"Farn\u00e9sio\",\"@id\":\"https:\\\/\\\/blogdofarnesio.com.br\\\/#\\\/schema\\\/person\\\/bb9b23ae3ad0609ce8df7b6c9e76824d\"},\"headline\":\"Prefeitura de Juazeiro inicia cadastro de regulariza\u00e7\u00e3o fundi\u00e1ria urbana no bairro Palmares\",\"datePublished\":\"2024-05-26T20:00:51+00:00\",\"mainEntityOfPage\":{\"@id\":\"https:\\\/\\\/blogdofarnesio.com.br\\\/?p=369464\"},\"wordCount\":329,\"commentCount\":0,\"publisher\":{\"@id\":\"https:\\\/\\\/blogdofarnesio.com.br\\\/#organization\"},\"image\":{\"@id\":\"https:\\\/\\\/blogdofarnesio.com.br\\\/?p=369464#primaryimage\"},\"thumbnailUrl\":\"https:\\\/\\\/blogdofarnesio.com.br\\\/wp-content\\\/uploads\\\/2023\\\/07\\\/blogqspjua-Regularizacao-Fundiaria-e1690832161206.jpeg\",\"inLanguage\":\"pt-BR\",\"potentialAction\":[{\"@type\":\"CommentAction\",\"name\":\"Comment\",\"target\":[\"https:\\\/\\\/blogdofarnesio.com.br\\\/?p=369464#respond\"]}]},{\"@type\":\"WebPage\",\"@id\":\"https:\\\/\\\/blogdofarnesio.com.br\\\/?p=369464\",\"url\":\"https:\\\/\\\/blogdofarnesio.com.br\\\/?p=369464\",\"name\":\"Prefeitura de Juazeiro inicia cadastro de regulariza\u00e7\u00e3o fundi\u00e1ria urbana no bairro Palmares - Blog do Farn\u00e9sio\",\"isPartOf\":{\"@id\":\"https:\\\/\\\/blogdofarnesio.com.br\\\/#website\"},\"primaryImageOfPage\":{\"@id\":\"https:\\\/\\\/blogdofarnesio.com.br\\\/?p=369464#primaryimage\"},\"image\":{\"@id\":\"https:\\\/\\\/blogdofarnesio.com.br\\\/?p=369464#primaryimage\"},\"thumbnailUrl\":\"https:\\\/\\\/blogdofarnesio.com.br\\\/wp-content\\\/uploads\\\/2023\\\/07\\\/blogqspjua-Regularizacao-Fundiaria-e1690832161206.jpeg\",\"datePublished\":\"2024-05-26T20:00:51+00:00\",\"breadcrumb\":{\"@id\":\"https:\\\/\\\/blogdofarnesio.com.br\\\/?p=369464#breadcrumb\"},\"inLanguage\":\"pt-BR\",\"potentialAction\":[{\"@type\":\"ReadAction\",\"target\":[\"https:\\\/\\\/blogdofarnesio.com.br\\\/?p=369464\"]}]},{\"@type\":\"ImageObject\",\"inLanguage\":\"pt-BR\",\"@id\":\"https:\\\/\\\/blogdofarnesio.com.br\\\/?p=369464#primaryimage\",\"url\":\"https:\\\/\\\/blogdofarnesio.com.br\\\/wp-content\\\/uploads\\\/2023\\\/07\\\/blogqspjua-Regularizacao-Fundiaria-e1690832161206.jpeg\",\"contentUrl\":\"https:\\\/\\\/blogdofarnesio.com.br\\\/wp-content\\\/uploads\\\/2023\\\/07\\\/blogqspjua-Regularizacao-Fundiaria-e1690832161206.jpeg\",\"width\":680,\"height\":418},{\"@type\":\"BreadcrumbList\",\"@id\":\"https:\\\/\\\/blogdofarnesio.com.br\\\/?p=369464#breadcrumb\",\"itemListElement\":[{\"@type\":\"ListItem\",\"position\":1,\"name\":\"In\u00edcio\",\"item\":\"https:\\\/\\\/blogdofarnesio.com.br\\\/\"},{\"@type\":\"ListItem\",\"position\":2,\"name\":\"Prefeitura de Juazeiro inicia cadastro de regulariza\u00e7\u00e3o fundi\u00e1ria urbana no bairro Palmares\"}]},{\"@type\":\"WebSite\",\"@id\":\"https:\\\/\\\/blogdofarnesio.com.br\\\/#website\",\"url\":\"https:\\\/\\\/blogdofarnesio.com.br\\\/\",\"name\":\"Blog do Farn\u00e9sio\",\"description\":\"Quer Saber Pol\u00edtica?\",\"publisher\":{\"@id\":\"https:\\\/\\\/blogdofarnesio.com.br\\\/#organization\"},\"potentialAction\":[{\"@type\":\"SearchAction\",\"target\":{\"@type\":\"EntryPoint\",\"urlTemplate\":\"https:\\\/\\\/blogdofarnesio.com.br\\\/?s={search_term_string}\"},\"query-input\":{\"@type\":\"PropertyValueSpecification\",\"valueRequired\":true,\"valueName\":\"search_term_string\"}}],\"inLanguage\":\"pt-BR\"},{\"@type\":\"Organization\",\"@id\":\"https:\\\/\\\/blogdofarnesio.com.br\\\/#organization\",\"name\":\"Blog do Farn\u00e9sio\",\"url\":\"https:\\\/\\\/blogdofarnesio.com.br\\\/\",\"logo\":{\"@type\":\"ImageObject\",\"inLanguage\":\"pt-BR\",\"@id\":\"https:\\\/\\\/blogdofarnesio.com.br\\\/#\\\/schema\\\/logo\\\/image\\\/\",\"url\":\"https:\\\/\\\/blogdofarnesio.com.br\\\/wp-content\\\/uploads\\\/2026\\\/03\\\/cropped-logo_new-1.png\",\"contentUrl\":\"https:\\\/\\\/blogdofarnesio.com.br\\\/wp-content\\\/uploads\\\/2026\\\/03\\\/cropped-logo_new-1.png\",\"width\":881,\"height\":685,\"caption\":\"Blog do Farn\u00e9sio\"},\"image\":{\"@id\":\"https:\\\/\\\/blogdofarnesio.com.br\\\/#\\\/schema\\\/logo\\\/image\\\/\"},\"sameAs\":[\"https:\\\/\\\/www.facebook.com\\\/BlogQuerSaberPolitica\\\/\"]},{\"@type\":\"Person\",\"@id\":\"https:\\\/\\\/blogdofarnesio.com.br\\\/#\\\/schema\\\/person\\\/bb9b23ae3ad0609ce8df7b6c9e76824d\",\"name\":\"Farn\u00e9sio\",\"image\":{\"@type\":\"ImageObject\",\"inLanguage\":\"pt-BR\",\"@id\":\"https:\\\/\\\/secure.gravatar.com\\\/avatar\\\/986aa4c61ccdb66f8555bf88fc2a65609d00bcabd4d2d94377a727547345cbca?s=96&d=mm&r=g\",\"url\":\"https:\\\/\\\/secure.gravatar.com\\\/avatar\\\/986aa4c61ccdb66f8555bf88fc2a65609d00bcabd4d2d94377a727547345cbca?s=96&d=mm&r=g\",\"contentUrl\":\"https:\\\/\\\/secure.gravatar.com\\\/avatar\\\/986aa4c61ccdb66f8555bf88fc2a65609d00bcabd4d2d94377a727547345cbca?s=96&d=mm&r=g\",\"caption\":\"Farn\u00e9sio\"},\"description\":\"Radialista blogueiro, chegou a Petrolina\\\/Juazeiro em setembro de 1980, Farn\u00e9sio Silva \u00e9 de Arapiraca-Alagoas.\",\"sameAs\":[\"http:\\\/\\\/blogdofarnesio.com.br\",\"https:\\\/\\\/www.facebook.com\\\/?ref=tn_tnmn\",\"https:\\\/\\\/www.instagram.com\\\/?utm_source=pwa_homescreen\",\"https:\\\/\\\/youtube.com.br\\\/\"],\"url\":\"https:\\\/\\\/blogdofarnesio.com.br\\\/?author=2\"}]}<\/script>\n<!-- \/ Yoast SEO plugin. -->","yoast_head_json":{"title":"Prefeitura de Juazeiro inicia cadastro de regulariza\u00e7\u00e3o fundi\u00e1ria urbana no bairro Palmares - Blog do Farn\u00e9sio","robots":{"index":"index","follow":"follow","max-snippet":"max-snippet:-1","max-image-preview":"max-image-preview:large","max-video-preview":"max-video-preview:-1"},"canonical":"https:\/\/blogdofarnesio.com.br\/?p=369464","og_locale":"pt_BR","og_type":"article","og_title":"Prefeitura de Juazeiro inicia cadastro de regulariza\u00e7\u00e3o fundi\u00e1ria urbana no bairro Palmares - Blog do Farn\u00e9sio","og_description":"O Programa de Regulariza\u00e7\u00e3o Fundi\u00e1ria Urbana (REURB) segue avan\u00e7ando. Nesta sexta-feira (24), a Prefeitura de Juazeiro, atrav\u00e9s da Procuradoria Geral do Munic\u00edpio (PGM), deu in\u00edcio ao cadastro no bairro Palmares. Durante todo o final de semana, uma equipe da Prefeitura apresentar\u00e1 no bairro, prestando esclarecimentos, solicitando a documenta\u00e7\u00e3o necess\u00e1ria e realizando o cadastro das propriedades, sem qualquer custo para fam\u00edlias de baixa renda. Esta busca garantir a iniciativa da posse legal dos im\u00f3veis dos moradores, contribuindo para a regulariza\u00e7\u00e3o fundi\u00e1ria de Juazeiro. De acordo com o procurador geral do munic\u00edpio, Thiago Cordeiro, a REURB representa um marco significativo para os moradores e um avan\u00e7o importante no processo de desenvolvimento de Juazeiro. \u201cO programa n\u00e3o apenas legaliza as propriedades, mas tamb\u00e9m&hellip;","og_url":"https:\/\/blogdofarnesio.com.br\/?p=369464","og_site_name":"Blog do Farn\u00e9sio","article_publisher":"https:\/\/www.facebook.com\/BlogQuerSaberPolitica\/","article_author":"https:\/\/www.facebook.com\/?ref=tn_tnmn","article_published_time":"2024-05-26T20:00:51+00:00","og_image":[{"width":680,"height":418,"url":"https:\/\/blogdofarnesio.com.br\/wp-content\/uploads\/2023\/07\/blogqspjua-Regularizacao-Fundiaria-e1690832161206.jpeg","type":"image\/jpeg"}],"author":"Farn\u00e9sio","twitter_card":"summary_large_image","twitter_misc":{"Escrito por":"Farn\u00e9sio","Est. tempo de leitura":"2 minutos"},"schema":{"@context":"https:\/\/schema.org","@graph":[{"@type":"Article","@id":"https:\/\/blogdofarnesio.com.br\/?p=369464#article","isPartOf":{"@id":"https:\/\/blogdofarnesio.com.br\/?p=369464"},"author":{"name":"Farn\u00e9sio","@id":"https:\/\/blogdofarnesio.com.br\/#\/schema\/person\/bb9b23ae3ad0609ce8df7b6c9e76824d"},"headline":"Prefeitura de Juazeiro inicia cadastro de regulariza\u00e7\u00e3o fundi\u00e1ria urbana no bairro Palmares","datePublished":"2024-05-26T20:00:51+00:00","mainEntityOfPage":{"@id":"https:\/\/blogdofarnesio.com.br\/?p=369464"},"wordCount":329,"commentCount":0,"publisher":{"@id":"https:\/\/blogdofarnesio.com.br\/#organization"},"image":{"@id":"https:\/\/blogdofarnesio.com.br\/?p=369464#primaryimage"},"thumbnailUrl":"https:\/\/blogdofarnesio.com.br\/wp-content\/uploads\/2023\/07\/blogqspjua-Regularizacao-Fundiaria-e1690832161206.jpeg","inLanguage":"pt-BR","potentialAction":[{"@type":"CommentAction","name":"Comment","target":["https:\/\/blogdofarnesio.com.br\/?p=369464#respond"]}]},{"@type":"WebPage","@id":"https:\/\/blogdofarnesio.com.br\/?p=369464","url":"https:\/\/blogdofarnesio.com.br\/?p=369464","name":"Prefeitura de Juazeiro inicia cadastro de regulariza\u00e7\u00e3o fundi\u00e1ria urbana no bairro Palmares - Blog do Farn\u00e9sio","isPartOf":{"@id":"https:\/\/blogdofarnesio.com.br\/#website"},"primaryImageOfPage":{"@id":"https:\/\/blogdofarnesio.com.br\/?p=369464#primaryimage"},"image":{"@id":"https:\/\/blogdofarnesio.com.br\/?p=369464#primaryimage"},"thumbnailUrl":"https:\/\/blogdofarnesio.com.br\/wp-content\/uploads\/2023\/07\/blogqspjua-Regularizacao-Fundiaria-e1690832161206.jpeg","datePublished":"2024-05-26T20:00:51+00:00","breadcrumb":{"@id":"https:\/\/blogdofarnesio.com.br\/?p=369464#breadcrumb"},"inLanguage":"pt-BR","potentialAction":[{"@type":"ReadAction","target":["https:\/\/blogdofarnesio.com.br\/?p=369464"]}]},{"@type":"ImageObject","inLanguage":"pt-BR","@id":"https:\/\/blogdofarnesio.com.br\/?p=369464#primaryimage","url":"https:\/\/blogdofarnesio.com.br\/wp-content\/uploads\/2023\/07\/blogqspjua-Regularizacao-Fundiaria-e1690832161206.jpeg","contentUrl":"https:\/\/blogdofarnesio.com.br\/wp-content\/uploads\/2023\/07\/blogqspjua-Regularizacao-Fundiaria-e1690832161206.jpeg","width":680,"height":418},{"@type":"BreadcrumbList","@id":"https:\/\/blogdofarnesio.com.br\/?p=369464#breadcrumb","itemListElement":[{"@type":"ListItem","position":1,"name":"In\u00edcio","item":"https:\/\/blogdofarnesio.com.br\/"},{"@type":"ListItem","position":2,"name":"Prefeitura de Juazeiro inicia cadastro de regulariza\u00e7\u00e3o fundi\u00e1ria urbana no bairro Palmares"}]},{"@type":"WebSite","@id":"https:\/\/blogdofarnesio.com.br\/#website","url":"https:\/\/blogdofarnesio.com.br\/","name":"Blog do Farn\u00e9sio","description":"Quer Saber Pol\u00edtica?","publisher":{"@id":"https:\/\/blogdofarnesio.com.br\/#organization"},"potentialAction":[{"@type":"SearchAction","target":{"@type":"EntryPoint","urlTemplate":"https:\/\/blogdofarnesio.com.br\/?s={search_term_string}"},"query-input":{"@type":"PropertyValueSpecification","valueRequired":true,"valueName":"search_term_string"}}],"inLanguage":"pt-BR"},{"@type":"Organization","@id":"https:\/\/blogdofarnesio.com.br\/#organization","name":"Blog do Farn\u00e9sio","url":"https:\/\/blogdofarnesio.com.br\/","logo":{"@type":"ImageObject","inLanguage":"pt-BR","@id":"https:\/\/blogdofarnesio.com.br\/#\/schema\/logo\/image\/","url":"https:\/\/blogdofarnesio.com.br\/wp-content\/uploads\/2026\/03\/cropped-logo_new-1.png","contentUrl":"https:\/\/blogdofarnesio.com.br\/wp-content\/uploads\/2026\/03\/cropped-logo_new-1.png","width":881,"height":685,"caption":"Blog do Farn\u00e9sio"},"image":{"@id":"https:\/\/blogdofarnesio.com.br\/#\/schema\/logo\/image\/"},"sameAs":["https:\/\/www.facebook.com\/BlogQuerSaberPolitica\/"]},{"@type":"Person","@id":"https:\/\/blogdofarnesio.com.br\/#\/schema\/person\/bb9b23ae3ad0609ce8df7b6c9e76824d","name":"Farn\u00e9sio","image":{"@type":"ImageObject","inLanguage":"pt-BR","@id":"https:\/\/secure.gravatar.com\/avatar\/986aa4c61ccdb66f8555bf88fc2a65609d00bcabd4d2d94377a727547345cbca?s=96&d=mm&r=g","url":"https:\/\/secure.gravatar.com\/avatar\/986aa4c61ccdb66f8555bf88fc2a65609d00bcabd4d2d94377a727547345cbca?s=96&d=mm&r=g","contentUrl":"https:\/\/secure.gravatar.com\/avatar\/986aa4c61ccdb66f8555bf88fc2a65609d00bcabd4d2d94377a727547345cbca?s=96&d=mm&r=g","caption":"Farn\u00e9sio"},"description":"Radialista blogueiro, chegou a Petrolina\/Juazeiro em setembro de 1980, Farn\u00e9sio Silva \u00e9 de Arapiraca-Alagoas.","sameAs":["http:\/\/blogdofarnesio.com.br","https:\/\/www.facebook.com\/?ref=tn_tnmn","https:\/\/www.instagram.com\/?utm_source=pwa_homescreen","https:\/\/youtube.com.br\/"],"url":"https:\/\/blogdofarnesio.com.br\/?author=2"}]}},"_links":{"self":[{"href":"https:\/\/blogdofarnesio.com.br\/index.php?rest_route=\/wp\/v2\/posts\/369464","targetHints":{"allow":["GET"]}}],"collection":[{"href":"https:\/\/blogdofarnesio.com.br\/index.php?rest_route=\/wp\/v2\/posts"}],"about":[{"href":"https:\/\/blogdofarnesio.com.br\/index.php?rest_route=\/wp\/v2\/types\/post"}],"author":[{"embeddable":true,"href":"https:\/\/blogdofarnesio.com.br\/index.php?rest_route=\/wp\/v2\/users\/2"}],"replies":[{"embeddable":true,"href":"https:\/\/blogdofarnesio.com.br\/index.php?rest_route=%2Fwp%2Fv2%2Fcomments&post=369464"}],"version-history":[{"count":0,"href":"https:\/\/blogdofarnesio.com.br\/index.php?rest_route=\/wp\/v2\/posts\/369464\/revisions"}],"wp:featuredmedia":[{"embeddable":true,"href":"https:\/\/blogdofarnesio.com.br\/index.php?rest_route=\/wp\/v2\/media\/346738"}],"wp:attachment":[{"href":"https:\/\/blogdofarnesio.com.br\/index.php?rest_route=%2Fwp%2Fv2%2Fmedia&parent=369464"}],"wp:term":[{"taxonomy":"category","embeddable":true,"href":"https:\/\/blogdofarnesio.com.br\/index.php?rest_route=%2Fwp%2Fv2%2Fcategories&post=369464"},{"taxonomy":"post_tag","embeddable":true,"href":"https:\/\/blogdofarnesio.com.br\/index.php?rest_route=%2Fwp%2Fv2%2Ftags&post=369464"}],"curies":[{"name":"wp","href":"https:\/\/api.w.org\/{rel}","templated":true}]}}