{"id":369413,"date":"2024-05-25T12:00:07","date_gmt":"2024-05-25T15:00:07","guid":{"rendered":"https:\/\/blogdofarnesio.com.br\/?p=369413"},"modified":"2024-05-24T22:07:34","modified_gmt":"2024-05-25T01:07:34","slug":"antonio-guilhermino-e-itaberaba-tem-vias-patroladas","status":"publish","type":"post","link":"https:\/\/blogdofarnesio.com.br\/?p=369413","title":{"rendered":"Ant\u00f4nio Guilhermino e Itaberaba tem vias patroladas"},"content":{"rendered":"<p>A Prefeitura de Juazeiro, por meio da Secretaria de Servi\u00e7os P\u00fablicos (Sesp), est\u00e1 realizando servi\u00e7os de patrolamento nos bairros Ant\u00f4nio Guilhermino e Itaberaba. A a\u00e7\u00e3o faz parte das atividades cont\u00ednuas da administra\u00e7\u00e3o municipal para melhorar ainda mais as condi\u00e7\u00f5es das vias p\u00fablicas na cidade.<\/p>\n<p>Para o secret\u00e1rio de Servi\u00e7os P\u00fablicos, Vald\u00edcio Pinheiro, o patrolamento \u00e9 essencial para garantir a trafegabilidade das ruas, especialmente em \u00e1reas que necessitam de manuten\u00e7\u00e3o regular. &#8220;Estamos atendendo \u00e0s demandas dos moradores e trabalhando para proporcionar melhores condi\u00e7\u00f5es de deslocamento, tanto na sede quanto no interior do munic\u00edpio&#8221;, afirmou o secret\u00e1rio.<\/p>\n<p>Os servi\u00e7os de patrolamento envolvem a nivela\u00e7\u00e3o das vias, removendo irregularidades e preparando o solo para garantir um tr\u00e2nsito mais seguro e fluido. A Prefeitura de Juazeiro continua comprometida em atender as necessidades da popula\u00e7\u00e3o, investindo em melhorias que beneficiem diretamente os cidad\u00e3os. Na pr\u00f3xima semana, as a\u00e7\u00f5es de patrolamento ser\u00e3o realizadas no distrito de Itamotinga, conforme programa\u00e7\u00e3o pr\u00e9-definida.<\/p>\n","protected":false},"excerpt":{"rendered":"<p>A Prefeitura de Juazeiro, por meio da Secretaria de Servi\u00e7os P\u00fablicos (Sesp), est\u00e1 realizando servi\u00e7os de patrolamento nos bairros Ant\u00f4nio Guilhermino e Itaberaba. A a\u00e7\u00e3o faz parte das atividades cont\u00ednuas da administra\u00e7\u00e3o municipal para melhorar ainda mais as condi\u00e7\u00f5es das vias p\u00fablicas na cidade. Para o secret\u00e1rio de Servi\u00e7os P\u00fablicos, Vald\u00edcio Pinheiro, o patrolamento \u00e9 essencial para garantir a trafegabilidade das ruas, especialmente em \u00e1reas que necessitam de manuten\u00e7\u00e3o regular. &#8220;Estamos atendendo \u00e0s demandas dos moradores e trabalhando para proporcionar melhores condi\u00e7\u00f5es de deslocamento, tanto na sede quanto no interior do munic\u00edpio&#8221;, afirmou o secret\u00e1rio. Os servi\u00e7os de patrolamento envolvem a nivela\u00e7\u00e3o das vias, removendo irregularidades e preparando o solo para garantir um tr\u00e2nsito mais seguro e fluido. A Prefeitura&hellip; <\/p>\n","protected":false},"author":2,"featured_media":307774,"comment_status":"open","ping_status":"open","sticky":false,"template":"","format":"standard","meta":{"_acf_changed":false,"footnotes":""},"categories":[44],"tags":[],"class_list":["post-369413","post","type-post","status-publish","format-standard","has-post-thumbnail","hentry","category-administracao"],"acf":[],"yoast_head":"<!-- This site is optimized with the Yoast SEO plugin v27.4 - https:\/\/yoast.com\/product\/yoast-seo-wordpress\/ -->\n<title>Ant\u00f4nio Guilhermino e Itaberaba tem vias patroladas - Blog do Farn\u00e9sio<\/title>\n<meta name=\"robots\" content=\"index, follow, max-snippet:-1, max-image-preview:large, max-video-preview:-1\" \/>\n<link rel=\"canonical\" href=\"https:\/\/blogdofarnesio.com.br\/?p=369413\" \/>\n<meta property=\"og:locale\" content=\"pt_BR\" \/>\n<meta property=\"og:type\" content=\"article\" \/>\n<meta property=\"og:title\" content=\"Ant\u00f4nio Guilhermino e Itaberaba tem vias patroladas - Blog do Farn\u00e9sio\" \/>\n<meta property=\"og:description\" content=\"A Prefeitura de Juazeiro, por meio da Secretaria de Servi\u00e7os P\u00fablicos (Sesp), est\u00e1 realizando servi\u00e7os de patrolamento nos bairros Ant\u00f4nio Guilhermino e Itaberaba. A a\u00e7\u00e3o faz parte das atividades cont\u00ednuas da administra\u00e7\u00e3o municipal para melhorar ainda mais as condi\u00e7\u00f5es das vias p\u00fablicas na cidade. Para o secret\u00e1rio de Servi\u00e7os P\u00fablicos, Vald\u00edcio Pinheiro, o patrolamento \u00e9 essencial para garantir a trafegabilidade das ruas, especialmente em \u00e1reas que necessitam de manuten\u00e7\u00e3o regular. &#8220;Estamos atendendo \u00e0s demandas dos moradores e trabalhando para proporcionar melhores condi\u00e7\u00f5es de deslocamento, tanto na sede quanto no interior do munic\u00edpio&#8221;, afirmou o secret\u00e1rio. Os servi\u00e7os de patrolamento envolvem a nivela\u00e7\u00e3o das vias, removendo irregularidades e preparando o solo para garantir um tr\u00e2nsito mais seguro e fluido. A Prefeitura&hellip;\" \/>\n<meta property=\"og:url\" content=\"https:\/\/blogdofarnesio.com.br\/?p=369413\" \/>\n<meta property=\"og:site_name\" content=\"Blog do Farn\u00e9sio\" \/>\n<meta property=\"article:publisher\" content=\"https:\/\/www.facebook.com\/BlogQuerSaberPolitica\/\" \/>\n<meta property=\"article:author\" content=\"https:\/\/www.facebook.com\/?ref=tn_tnmn\" \/>\n<meta property=\"article:published_time\" content=\"2024-05-25T15:00:07+00:00\" \/>\n<meta property=\"og:image\" content=\"https:\/\/blogdofarnesio.com.br\/wp-content\/uploads\/2022\/03\/blogqspjua-suzana-Asfalto-Itaberaba-2-e1646347883843.jpg\" \/>\n\t<meta property=\"og:image:width\" content=\"620\" \/>\n\t<meta property=\"og:image:height\" content=\"413\" \/>\n\t<meta property=\"og:image:type\" content=\"image\/jpeg\" \/>\n<meta name=\"author\" content=\"Farn\u00e9sio\" \/>\n<meta name=\"twitter:card\" content=\"summary_large_image\" \/>\n<meta name=\"twitter:label1\" content=\"Escrito por\" \/>\n\t<meta name=\"twitter:data1\" content=\"Farn\u00e9sio\" \/>\n\t<meta name=\"twitter:label2\" content=\"Est. tempo de leitura\" \/>\n\t<meta name=\"twitter:data2\" content=\"2 minutos\" \/>\n<script type=\"application\/ld+json\" class=\"yoast-schema-graph\">{\"@context\":\"https:\\\/\\\/schema.org\",\"@graph\":[{\"@type\":\"Article\",\"@id\":\"https:\\\/\\\/blogdofarnesio.com.br\\\/?p=369413#article\",\"isPartOf\":{\"@id\":\"https:\\\/\\\/blogdofarnesio.com.br\\\/?p=369413\"},\"author\":{\"name\":\"Farn\u00e9sio\",\"@id\":\"https:\\\/\\\/blogdofarnesio.com.br\\\/#\\\/schema\\\/person\\\/bb9b23ae3ad0609ce8df7b6c9e76824d\"},\"headline\":\"Ant\u00f4nio Guilhermino e Itaberaba tem vias patroladas\",\"datePublished\":\"2024-05-25T15:00:07+00:00\",\"mainEntityOfPage\":{\"@id\":\"https:\\\/\\\/blogdofarnesio.com.br\\\/?p=369413\"},\"wordCount\":188,\"commentCount\":0,\"publisher\":{\"@id\":\"https:\\\/\\\/blogdofarnesio.com.br\\\/#organization\"},\"image\":{\"@id\":\"https:\\\/\\\/blogdofarnesio.com.br\\\/?p=369413#primaryimage\"},\"thumbnailUrl\":\"https:\\\/\\\/blogdofarnesio.com.br\\\/wp-content\\\/uploads\\\/2022\\\/03\\\/blogqspjua-suzana-Asfalto-Itaberaba-2-e1646347883843.jpg\",\"articleSection\":[\"Administra\u00e7\u00e3o\"],\"inLanguage\":\"pt-BR\",\"potentialAction\":[{\"@type\":\"CommentAction\",\"name\":\"Comment\",\"target\":[\"https:\\\/\\\/blogdofarnesio.com.br\\\/?p=369413#respond\"]}]},{\"@type\":\"WebPage\",\"@id\":\"https:\\\/\\\/blogdofarnesio.com.br\\\/?p=369413\",\"url\":\"https:\\\/\\\/blogdofarnesio.com.br\\\/?p=369413\",\"name\":\"Ant\u00f4nio Guilhermino e Itaberaba tem vias patroladas - Blog do Farn\u00e9sio\",\"isPartOf\":{\"@id\":\"https:\\\/\\\/blogdofarnesio.com.br\\\/#website\"},\"primaryImageOfPage\":{\"@id\":\"https:\\\/\\\/blogdofarnesio.com.br\\\/?p=369413#primaryimage\"},\"image\":{\"@id\":\"https:\\\/\\\/blogdofarnesio.com.br\\\/?p=369413#primaryimage\"},\"thumbnailUrl\":\"https:\\\/\\\/blogdofarnesio.com.br\\\/wp-content\\\/uploads\\\/2022\\\/03\\\/blogqspjua-suzana-Asfalto-Itaberaba-2-e1646347883843.jpg\",\"datePublished\":\"2024-05-25T15:00:07+00:00\",\"breadcrumb\":{\"@id\":\"https:\\\/\\\/blogdofarnesio.com.br\\\/?p=369413#breadcrumb\"},\"inLanguage\":\"pt-BR\",\"potentialAction\":[{\"@type\":\"ReadAction\",\"target\":[\"https:\\\/\\\/blogdofarnesio.com.br\\\/?p=369413\"]}]},{\"@type\":\"ImageObject\",\"inLanguage\":\"pt-BR\",\"@id\":\"https:\\\/\\\/blogdofarnesio.com.br\\\/?p=369413#primaryimage\",\"url\":\"https:\\\/\\\/blogdofarnesio.com.br\\\/wp-content\\\/uploads\\\/2022\\\/03\\\/blogqspjua-suzana-Asfalto-Itaberaba-2-e1646347883843.jpg\",\"contentUrl\":\"https:\\\/\\\/blogdofarnesio.com.br\\\/wp-content\\\/uploads\\\/2022\\\/03\\\/blogqspjua-suzana-Asfalto-Itaberaba-2-e1646347883843.jpg\",\"width\":620,\"height\":413},{\"@type\":\"BreadcrumbList\",\"@id\":\"https:\\\/\\\/blogdofarnesio.com.br\\\/?p=369413#breadcrumb\",\"itemListElement\":[{\"@type\":\"ListItem\",\"position\":1,\"name\":\"In\u00edcio\",\"item\":\"https:\\\/\\\/blogdofarnesio.com.br\\\/\"},{\"@type\":\"ListItem\",\"position\":2,\"name\":\"Ant\u00f4nio Guilhermino e Itaberaba tem vias patroladas\"}]},{\"@type\":\"WebSite\",\"@id\":\"https:\\\/\\\/blogdofarnesio.com.br\\\/#website\",\"url\":\"https:\\\/\\\/blogdofarnesio.com.br\\\/\",\"name\":\"Blog do Farn\u00e9sio\",\"description\":\"Quer Saber Pol\u00edtica?\",\"publisher\":{\"@id\":\"https:\\\/\\\/blogdofarnesio.com.br\\\/#organization\"},\"potentialAction\":[{\"@type\":\"SearchAction\",\"target\":{\"@type\":\"EntryPoint\",\"urlTemplate\":\"https:\\\/\\\/blogdofarnesio.com.br\\\/?s={search_term_string}\"},\"query-input\":{\"@type\":\"PropertyValueSpecification\",\"valueRequired\":true,\"valueName\":\"search_term_string\"}}],\"inLanguage\":\"pt-BR\"},{\"@type\":\"Organization\",\"@id\":\"https:\\\/\\\/blogdofarnesio.com.br\\\/#organization\",\"name\":\"Blog do Farn\u00e9sio\",\"url\":\"https:\\\/\\\/blogdofarnesio.com.br\\\/\",\"logo\":{\"@type\":\"ImageObject\",\"inLanguage\":\"pt-BR\",\"@id\":\"https:\\\/\\\/blogdofarnesio.com.br\\\/#\\\/schema\\\/logo\\\/image\\\/\",\"url\":\"https:\\\/\\\/blogdofarnesio.com.br\\\/wp-content\\\/uploads\\\/2026\\\/03\\\/cropped-logo_new-1.png\",\"contentUrl\":\"https:\\\/\\\/blogdofarnesio.com.br\\\/wp-content\\\/uploads\\\/2026\\\/03\\\/cropped-logo_new-1.png\",\"width\":881,\"height\":685,\"caption\":\"Blog do Farn\u00e9sio\"},\"image\":{\"@id\":\"https:\\\/\\\/blogdofarnesio.com.br\\\/#\\\/schema\\\/logo\\\/image\\\/\"},\"sameAs\":[\"https:\\\/\\\/www.facebook.com\\\/BlogQuerSaberPolitica\\\/\"]},{\"@type\":\"Person\",\"@id\":\"https:\\\/\\\/blogdofarnesio.com.br\\\/#\\\/schema\\\/person\\\/bb9b23ae3ad0609ce8df7b6c9e76824d\",\"name\":\"Farn\u00e9sio\",\"image\":{\"@type\":\"ImageObject\",\"inLanguage\":\"pt-BR\",\"@id\":\"https:\\\/\\\/secure.gravatar.com\\\/avatar\\\/986aa4c61ccdb66f8555bf88fc2a65609d00bcabd4d2d94377a727547345cbca?s=96&d=mm&r=g\",\"url\":\"https:\\\/\\\/secure.gravatar.com\\\/avatar\\\/986aa4c61ccdb66f8555bf88fc2a65609d00bcabd4d2d94377a727547345cbca?s=96&d=mm&r=g\",\"contentUrl\":\"https:\\\/\\\/secure.gravatar.com\\\/avatar\\\/986aa4c61ccdb66f8555bf88fc2a65609d00bcabd4d2d94377a727547345cbca?s=96&d=mm&r=g\",\"caption\":\"Farn\u00e9sio\"},\"description\":\"Radialista blogueiro, chegou a Petrolina\\\/Juazeiro em setembro de 1980, Farn\u00e9sio Silva \u00e9 de Arapiraca-Alagoas.\",\"sameAs\":[\"http:\\\/\\\/blogdofarnesio.com.br\",\"https:\\\/\\\/www.facebook.com\\\/?ref=tn_tnmn\",\"https:\\\/\\\/www.instagram.com\\\/?utm_source=pwa_homescreen\",\"https:\\\/\\\/youtube.com.br\\\/\"],\"url\":\"https:\\\/\\\/blogdofarnesio.com.br\\\/?author=2\"}]}<\/script>\n<!-- \/ Yoast SEO plugin. -->","yoast_head_json":{"title":"Ant\u00f4nio Guilhermino e Itaberaba tem vias patroladas - Blog do Farn\u00e9sio","robots":{"index":"index","follow":"follow","max-snippet":"max-snippet:-1","max-image-preview":"max-image-preview:large","max-video-preview":"max-video-preview:-1"},"canonical":"https:\/\/blogdofarnesio.com.br\/?p=369413","og_locale":"pt_BR","og_type":"article","og_title":"Ant\u00f4nio Guilhermino e Itaberaba tem vias patroladas - Blog do Farn\u00e9sio","og_description":"A Prefeitura de Juazeiro, por meio da Secretaria de Servi\u00e7os P\u00fablicos (Sesp), est\u00e1 realizando servi\u00e7os de patrolamento nos bairros Ant\u00f4nio Guilhermino e Itaberaba. A a\u00e7\u00e3o faz parte das atividades cont\u00ednuas da administra\u00e7\u00e3o municipal para melhorar ainda mais as condi\u00e7\u00f5es das vias p\u00fablicas na cidade. Para o secret\u00e1rio de Servi\u00e7os P\u00fablicos, Vald\u00edcio Pinheiro, o patrolamento \u00e9 essencial para garantir a trafegabilidade das ruas, especialmente em \u00e1reas que necessitam de manuten\u00e7\u00e3o regular. &#8220;Estamos atendendo \u00e0s demandas dos moradores e trabalhando para proporcionar melhores condi\u00e7\u00f5es de deslocamento, tanto na sede quanto no interior do munic\u00edpio&#8221;, afirmou o secret\u00e1rio. Os servi\u00e7os de patrolamento envolvem a nivela\u00e7\u00e3o das vias, removendo irregularidades e preparando o solo para garantir um tr\u00e2nsito mais seguro e fluido. A Prefeitura&hellip;","og_url":"https:\/\/blogdofarnesio.com.br\/?p=369413","og_site_name":"Blog do Farn\u00e9sio","article_publisher":"https:\/\/www.facebook.com\/BlogQuerSaberPolitica\/","article_author":"https:\/\/www.facebook.com\/?ref=tn_tnmn","article_published_time":"2024-05-25T15:00:07+00:00","og_image":[{"width":620,"height":413,"url":"https:\/\/blogdofarnesio.com.br\/wp-content\/uploads\/2022\/03\/blogqspjua-suzana-Asfalto-Itaberaba-2-e1646347883843.jpg","type":"image\/jpeg"}],"author":"Farn\u00e9sio","twitter_card":"summary_large_image","twitter_misc":{"Escrito por":"Farn\u00e9sio","Est. tempo de leitura":"2 minutos"},"schema":{"@context":"https:\/\/schema.org","@graph":[{"@type":"Article","@id":"https:\/\/blogdofarnesio.com.br\/?p=369413#article","isPartOf":{"@id":"https:\/\/blogdofarnesio.com.br\/?p=369413"},"author":{"name":"Farn\u00e9sio","@id":"https:\/\/blogdofarnesio.com.br\/#\/schema\/person\/bb9b23ae3ad0609ce8df7b6c9e76824d"},"headline":"Ant\u00f4nio Guilhermino e Itaberaba tem vias patroladas","datePublished":"2024-05-25T15:00:07+00:00","mainEntityOfPage":{"@id":"https:\/\/blogdofarnesio.com.br\/?p=369413"},"wordCount":188,"commentCount":0,"publisher":{"@id":"https:\/\/blogdofarnesio.com.br\/#organization"},"image":{"@id":"https:\/\/blogdofarnesio.com.br\/?p=369413#primaryimage"},"thumbnailUrl":"https:\/\/blogdofarnesio.com.br\/wp-content\/uploads\/2022\/03\/blogqspjua-suzana-Asfalto-Itaberaba-2-e1646347883843.jpg","articleSection":["Administra\u00e7\u00e3o"],"inLanguage":"pt-BR","potentialAction":[{"@type":"CommentAction","name":"Comment","target":["https:\/\/blogdofarnesio.com.br\/?p=369413#respond"]}]},{"@type":"WebPage","@id":"https:\/\/blogdofarnesio.com.br\/?p=369413","url":"https:\/\/blogdofarnesio.com.br\/?p=369413","name":"Ant\u00f4nio Guilhermino e Itaberaba tem vias patroladas - Blog do Farn\u00e9sio","isPartOf":{"@id":"https:\/\/blogdofarnesio.com.br\/#website"},"primaryImageOfPage":{"@id":"https:\/\/blogdofarnesio.com.br\/?p=369413#primaryimage"},"image":{"@id":"https:\/\/blogdofarnesio.com.br\/?p=369413#primaryimage"},"thumbnailUrl":"https:\/\/blogdofarnesio.com.br\/wp-content\/uploads\/2022\/03\/blogqspjua-suzana-Asfalto-Itaberaba-2-e1646347883843.jpg","datePublished":"2024-05-25T15:00:07+00:00","breadcrumb":{"@id":"https:\/\/blogdofarnesio.com.br\/?p=369413#breadcrumb"},"inLanguage":"pt-BR","potentialAction":[{"@type":"ReadAction","target":["https:\/\/blogdofarnesio.com.br\/?p=369413"]}]},{"@type":"ImageObject","inLanguage":"pt-BR","@id":"https:\/\/blogdofarnesio.com.br\/?p=369413#primaryimage","url":"https:\/\/blogdofarnesio.com.br\/wp-content\/uploads\/2022\/03\/blogqspjua-suzana-Asfalto-Itaberaba-2-e1646347883843.jpg","contentUrl":"https:\/\/blogdofarnesio.com.br\/wp-content\/uploads\/2022\/03\/blogqspjua-suzana-Asfalto-Itaberaba-2-e1646347883843.jpg","width":620,"height":413},{"@type":"BreadcrumbList","@id":"https:\/\/blogdofarnesio.com.br\/?p=369413#breadcrumb","itemListElement":[{"@type":"ListItem","position":1,"name":"In\u00edcio","item":"https:\/\/blogdofarnesio.com.br\/"},{"@type":"ListItem","position":2,"name":"Ant\u00f4nio Guilhermino e Itaberaba tem vias patroladas"}]},{"@type":"WebSite","@id":"https:\/\/blogdofarnesio.com.br\/#website","url":"https:\/\/blogdofarnesio.com.br\/","name":"Blog do Farn\u00e9sio","description":"Quer Saber Pol\u00edtica?","publisher":{"@id":"https:\/\/blogdofarnesio.com.br\/#organization"},"potentialAction":[{"@type":"SearchAction","target":{"@type":"EntryPoint","urlTemplate":"https:\/\/blogdofarnesio.com.br\/?s={search_term_string}"},"query-input":{"@type":"PropertyValueSpecification","valueRequired":true,"valueName":"search_term_string"}}],"inLanguage":"pt-BR"},{"@type":"Organization","@id":"https:\/\/blogdofarnesio.com.br\/#organization","name":"Blog do Farn\u00e9sio","url":"https:\/\/blogdofarnesio.com.br\/","logo":{"@type":"ImageObject","inLanguage":"pt-BR","@id":"https:\/\/blogdofarnesio.com.br\/#\/schema\/logo\/image\/","url":"https:\/\/blogdofarnesio.com.br\/wp-content\/uploads\/2026\/03\/cropped-logo_new-1.png","contentUrl":"https:\/\/blogdofarnesio.com.br\/wp-content\/uploads\/2026\/03\/cropped-logo_new-1.png","width":881,"height":685,"caption":"Blog do Farn\u00e9sio"},"image":{"@id":"https:\/\/blogdofarnesio.com.br\/#\/schema\/logo\/image\/"},"sameAs":["https:\/\/www.facebook.com\/BlogQuerSaberPolitica\/"]},{"@type":"Person","@id":"https:\/\/blogdofarnesio.com.br\/#\/schema\/person\/bb9b23ae3ad0609ce8df7b6c9e76824d","name":"Farn\u00e9sio","image":{"@type":"ImageObject","inLanguage":"pt-BR","@id":"https:\/\/secure.gravatar.com\/avatar\/986aa4c61ccdb66f8555bf88fc2a65609d00bcabd4d2d94377a727547345cbca?s=96&d=mm&r=g","url":"https:\/\/secure.gravatar.com\/avatar\/986aa4c61ccdb66f8555bf88fc2a65609d00bcabd4d2d94377a727547345cbca?s=96&d=mm&r=g","contentUrl":"https:\/\/secure.gravatar.com\/avatar\/986aa4c61ccdb66f8555bf88fc2a65609d00bcabd4d2d94377a727547345cbca?s=96&d=mm&r=g","caption":"Farn\u00e9sio"},"description":"Radialista blogueiro, chegou a Petrolina\/Juazeiro em setembro de 1980, Farn\u00e9sio Silva \u00e9 de Arapiraca-Alagoas.","sameAs":["http:\/\/blogdofarnesio.com.br","https:\/\/www.facebook.com\/?ref=tn_tnmn","https:\/\/www.instagram.com\/?utm_source=pwa_homescreen","https:\/\/youtube.com.br\/"],"url":"https:\/\/blogdofarnesio.com.br\/?author=2"}]}},"_links":{"self":[{"href":"https:\/\/blogdofarnesio.com.br\/index.php?rest_route=\/wp\/v2\/posts\/369413","targetHints":{"allow":["GET"]}}],"collection":[{"href":"https:\/\/blogdofarnesio.com.br\/index.php?rest_route=\/wp\/v2\/posts"}],"about":[{"href":"https:\/\/blogdofarnesio.com.br\/index.php?rest_route=\/wp\/v2\/types\/post"}],"author":[{"embeddable":true,"href":"https:\/\/blogdofarnesio.com.br\/index.php?rest_route=\/wp\/v2\/users\/2"}],"replies":[{"embeddable":true,"href":"https:\/\/blogdofarnesio.com.br\/index.php?rest_route=%2Fwp%2Fv2%2Fcomments&post=369413"}],"version-history":[{"count":0,"href":"https:\/\/blogdofarnesio.com.br\/index.php?rest_route=\/wp\/v2\/posts\/369413\/revisions"}],"wp:featuredmedia":[{"embeddable":true,"href":"https:\/\/blogdofarnesio.com.br\/index.php?rest_route=\/wp\/v2\/media\/307774"}],"wp:attachment":[{"href":"https:\/\/blogdofarnesio.com.br\/index.php?rest_route=%2Fwp%2Fv2%2Fmedia&parent=369413"}],"wp:term":[{"taxonomy":"category","embeddable":true,"href":"https:\/\/blogdofarnesio.com.br\/index.php?rest_route=%2Fwp%2Fv2%2Fcategories&post=369413"},{"taxonomy":"post_tag","embeddable":true,"href":"https:\/\/blogdofarnesio.com.br\/index.php?rest_route=%2Fwp%2Fv2%2Ftags&post=369413"}],"curies":[{"name":"wp","href":"https:\/\/api.w.org\/{rel}","templated":true}]}}