{"id":369265,"date":"2024-05-23T07:42:21","date_gmt":"2024-05-23T10:42:21","guid":{"rendered":"https:\/\/blogdofarnesio.com.br\/?p=369265"},"modified":"2024-05-22T16:17:00","modified_gmt":"2024-05-22T19:17:00","slug":"bora-petrolina-comunidades-da-area-irrigada-irao-receber-servicos-do-social","status":"publish","type":"post","link":"https:\/\/blogdofarnesio.com.br\/?p=369265","title":{"rendered":"Bora Petrolina: Comunidades da \u00e1rea irrigada ir\u00e3o receber servi\u00e7os do Social"},"content":{"rendered":"<div>A Prefeitura ir\u00e1 promover, neste s\u00e1bado (25), a 10\u00aa edi\u00e7\u00e3o do \u2018Bora Petrolina\u2019, um programa da gest\u00e3o municipal que disponibiliza diversos servi\u00e7os gratuitamente para a popula\u00e7\u00e3o. Desta vez, quatro comunidades da \u00e1rea irrigada ser\u00e3o contempladas: N-8, N-10, N-11 e Vila 12. As atividades ser\u00e3o ofertadas das 8h \u00e0s 13h, na na Escola Municipal Maria Luiza Barbosa, localizada na Rua A, no N\u00facleo 10 do Per\u00edmetro Irrigado Senador Nilo Coelho.<\/div>\n<div><\/div>\n<div>Entre os servi\u00e7os disponibilizados pela Secretaria de Desenvolvimento Social e Direitos Humanos, a popula\u00e7\u00e3o ter\u00e1 acesso aos atendimentos do Cadastro \u00danico, solicita\u00e7\u00e3o da carteirinha de passe livre interestadual do idoso; emiss\u00e3o da carteirinha de identifica\u00e7\u00e3o para pessoas com autismo; cart\u00e3o de prioridade para pessoas com fibromialgia, entre outros.<\/div>\n<div><\/div>\n<div>Para atualizar o Cadastro \u00danico ser\u00e3o disponibilizadas 100 vagas para os moradores das comunidades atendidas nessa edi\u00e7\u00e3o, e \u00e9 obrigat\u00f3rio apresentar os documentos originais: CPF, RG, t\u00edtulo de eleitor, carteira de trabalho e certid\u00e3o de nascimento ou casamento de todas as pessoas que moram na casa, al\u00e9m do comprovante de resid\u00eancia.<\/div>\n<div><\/div>\n<div>Para emiss\u00e3o da carteirinha de identifica\u00e7\u00e3o para pessoas autistas e o cart\u00e3o de prioridade para pessoas com fibromialgia, \u00e9 preciso apresentar a documenta\u00e7\u00e3o (original e c\u00f3pia): RG, CPF, comprovante de resid\u00eancia da cidade de Petrolina (atual), uma foto 3&#215;4 e laudo m\u00e9dico com o CID (no caso de Fibromialgia, o laudo n\u00e3o pode ter mais de 1 ano). Se o autista for menor de idade, \u00e9 necess\u00e1rio os documentos do respons\u00e1vel tamb\u00e9m.<\/div>\n<div><\/div>\n<div>Para solicitar a carteirinha do passe livre interestadual para idosos, \u00e9 necess\u00e1rio ter idade igual ou superior a 60 anos e apresentar os seguintes documentos (originais e c\u00f3pias): RG, CPF, comprovante de resid\u00eancia de Petrolina (atualizado) e a senha do INSS (<a href=\"http:\/\/gov.com\/\" target=\"_blank\" rel=\"noopener\" data-saferedirecturl=\"https:\/\/www.google.com\/url?q=http:\/\/gov.com&amp;source=gmail&amp;ust=1716487337080000&amp;usg=AOvVaw2tZyia7T5w-RUWoSPlVI1Q\">gov.com<\/a>). Tamb\u00e9m \u00e9 preciso ter renda individual de no m\u00e1ximo 2 sal\u00e1rios m\u00ednimos.<\/div>\n<div><\/div>\n","protected":false},"excerpt":{"rendered":"<p>A Prefeitura ir\u00e1 promover, neste s\u00e1bado (25), a 10\u00aa edi\u00e7\u00e3o do \u2018Bora Petrolina\u2019, um programa da gest\u00e3o municipal que disponibiliza diversos servi\u00e7os gratuitamente para a popula\u00e7\u00e3o. Desta vez, quatro comunidades da \u00e1rea irrigada ser\u00e3o contempladas: N-8, N-10, N-11 e Vila 12. As atividades ser\u00e3o ofertadas das 8h \u00e0s 13h, na na Escola Municipal Maria Luiza Barbosa, localizada na Rua A, no N\u00facleo 10 do Per\u00edmetro Irrigado Senador Nilo Coelho. Entre os servi\u00e7os disponibilizados pela Secretaria de Desenvolvimento Social e Direitos Humanos, a popula\u00e7\u00e3o ter\u00e1 acesso aos atendimentos do Cadastro \u00danico, solicita\u00e7\u00e3o da carteirinha de passe livre interestadual do idoso; emiss\u00e3o da carteirinha de identifica\u00e7\u00e3o para pessoas com autismo; cart\u00e3o de prioridade para pessoas com fibromialgia, entre outros. Para atualizar o&hellip; <\/p>\n","protected":false},"author":2,"featured_media":369266,"comment_status":"open","ping_status":"open","sticky":false,"template":"","format":"standard","meta":{"_acf_changed":false,"footnotes":""},"categories":[22],"tags":[],"class_list":["post-369265","post","type-post","status-publish","format-standard","has-post-thumbnail","hentry","category-acao-social"],"acf":[],"yoast_head":"<!-- This site is optimized with the Yoast SEO plugin v27.4 - https:\/\/yoast.com\/product\/yoast-seo-wordpress\/ -->\n<title>Bora Petrolina: Comunidades da \u00e1rea irrigada ir\u00e3o receber servi\u00e7os do Social - Blog do Farn\u00e9sio<\/title>\n<meta name=\"robots\" content=\"index, follow, max-snippet:-1, max-image-preview:large, max-video-preview:-1\" \/>\n<link rel=\"canonical\" href=\"https:\/\/blogdofarnesio.com.br\/?p=369265\" \/>\n<meta property=\"og:locale\" content=\"pt_BR\" \/>\n<meta property=\"og:type\" content=\"article\" \/>\n<meta property=\"og:title\" content=\"Bora Petrolina: Comunidades da \u00e1rea irrigada ir\u00e3o receber servi\u00e7os do Social - Blog do Farn\u00e9sio\" \/>\n<meta property=\"og:description\" content=\"A Prefeitura ir\u00e1 promover, neste s\u00e1bado (25), a 10\u00aa edi\u00e7\u00e3o do \u2018Bora Petrolina\u2019, um programa da gest\u00e3o municipal que disponibiliza diversos servi\u00e7os gratuitamente para a popula\u00e7\u00e3o. Desta vez, quatro comunidades da \u00e1rea irrigada ser\u00e3o contempladas: N-8, N-10, N-11 e Vila 12. As atividades ser\u00e3o ofertadas das 8h \u00e0s 13h, na na Escola Municipal Maria Luiza Barbosa, localizada na Rua A, no N\u00facleo 10 do Per\u00edmetro Irrigado Senador Nilo Coelho. Entre os servi\u00e7os disponibilizados pela Secretaria de Desenvolvimento Social e Direitos Humanos, a popula\u00e7\u00e3o ter\u00e1 acesso aos atendimentos do Cadastro \u00danico, solicita\u00e7\u00e3o da carteirinha de passe livre interestadual do idoso; emiss\u00e3o da carteirinha de identifica\u00e7\u00e3o para pessoas com autismo; cart\u00e3o de prioridade para pessoas com fibromialgia, entre outros. Para atualizar o&hellip;\" \/>\n<meta property=\"og:url\" content=\"https:\/\/blogdofarnesio.com.br\/?p=369265\" \/>\n<meta property=\"og:site_name\" content=\"Blog do Farn\u00e9sio\" \/>\n<meta property=\"article:publisher\" content=\"https:\/\/www.facebook.com\/BlogQuerSaberPolitica\/\" \/>\n<meta property=\"article:author\" content=\"https:\/\/www.facebook.com\/?ref=tn_tnmn\" \/>\n<meta property=\"article:published_time\" content=\"2024-05-23T10:42:21+00:00\" \/>\n<meta property=\"og:image\" content=\"https:\/\/blogdofarnesio.com.br\/wp-content\/uploads\/2024\/05\/Bora-Petrolina-Comunidades-da-area-irrigada-irao-receber-servicos-do-Social-1-e1716405385748.jpeg\" \/>\n\t<meta property=\"og:image:width\" content=\"600\" \/>\n\t<meta property=\"og:image:height\" content=\"400\" \/>\n\t<meta property=\"og:image:type\" content=\"image\/jpeg\" \/>\n<meta name=\"author\" content=\"Farn\u00e9sio\" \/>\n<meta name=\"twitter:card\" content=\"summary_large_image\" \/>\n<meta name=\"twitter:label1\" content=\"Escrito por\" \/>\n\t<meta name=\"twitter:data1\" content=\"Farn\u00e9sio\" \/>\n\t<meta name=\"twitter:label2\" content=\"Est. tempo de leitura\" \/>\n\t<meta name=\"twitter:data2\" content=\"2 minutos\" \/>\n<script type=\"application\/ld+json\" class=\"yoast-schema-graph\">{\"@context\":\"https:\\\/\\\/schema.org\",\"@graph\":[{\"@type\":\"Article\",\"@id\":\"https:\\\/\\\/blogdofarnesio.com.br\\\/?p=369265#article\",\"isPartOf\":{\"@id\":\"https:\\\/\\\/blogdofarnesio.com.br\\\/?p=369265\"},\"author\":{\"name\":\"Farn\u00e9sio\",\"@id\":\"https:\\\/\\\/blogdofarnesio.com.br\\\/#\\\/schema\\\/person\\\/bb9b23ae3ad0609ce8df7b6c9e76824d\"},\"headline\":\"Bora Petrolina: Comunidades da \u00e1rea irrigada ir\u00e3o receber servi\u00e7os do Social\",\"datePublished\":\"2024-05-23T10:42:21+00:00\",\"mainEntityOfPage\":{\"@id\":\"https:\\\/\\\/blogdofarnesio.com.br\\\/?p=369265\"},\"wordCount\":335,\"commentCount\":0,\"publisher\":{\"@id\":\"https:\\\/\\\/blogdofarnesio.com.br\\\/#organization\"},\"image\":{\"@id\":\"https:\\\/\\\/blogdofarnesio.com.br\\\/?p=369265#primaryimage\"},\"thumbnailUrl\":\"https:\\\/\\\/blogdofarnesio.com.br\\\/wp-content\\\/uploads\\\/2024\\\/05\\\/Bora-Petrolina-Comunidades-da-area-irrigada-irao-receber-servicos-do-Social-1-e1716405385748.jpeg\",\"articleSection\":[\"A\u00e7\u00e3o Social\"],\"inLanguage\":\"pt-BR\",\"potentialAction\":[{\"@type\":\"CommentAction\",\"name\":\"Comment\",\"target\":[\"https:\\\/\\\/blogdofarnesio.com.br\\\/?p=369265#respond\"]}]},{\"@type\":\"WebPage\",\"@id\":\"https:\\\/\\\/blogdofarnesio.com.br\\\/?p=369265\",\"url\":\"https:\\\/\\\/blogdofarnesio.com.br\\\/?p=369265\",\"name\":\"Bora Petrolina: Comunidades da \u00e1rea irrigada ir\u00e3o receber servi\u00e7os do Social - Blog do Farn\u00e9sio\",\"isPartOf\":{\"@id\":\"https:\\\/\\\/blogdofarnesio.com.br\\\/#website\"},\"primaryImageOfPage\":{\"@id\":\"https:\\\/\\\/blogdofarnesio.com.br\\\/?p=369265#primaryimage\"},\"image\":{\"@id\":\"https:\\\/\\\/blogdofarnesio.com.br\\\/?p=369265#primaryimage\"},\"thumbnailUrl\":\"https:\\\/\\\/blogdofarnesio.com.br\\\/wp-content\\\/uploads\\\/2024\\\/05\\\/Bora-Petrolina-Comunidades-da-area-irrigada-irao-receber-servicos-do-Social-1-e1716405385748.jpeg\",\"datePublished\":\"2024-05-23T10:42:21+00:00\",\"breadcrumb\":{\"@id\":\"https:\\\/\\\/blogdofarnesio.com.br\\\/?p=369265#breadcrumb\"},\"inLanguage\":\"pt-BR\",\"potentialAction\":[{\"@type\":\"ReadAction\",\"target\":[\"https:\\\/\\\/blogdofarnesio.com.br\\\/?p=369265\"]}]},{\"@type\":\"ImageObject\",\"inLanguage\":\"pt-BR\",\"@id\":\"https:\\\/\\\/blogdofarnesio.com.br\\\/?p=369265#primaryimage\",\"url\":\"https:\\\/\\\/blogdofarnesio.com.br\\\/wp-content\\\/uploads\\\/2024\\\/05\\\/Bora-Petrolina-Comunidades-da-area-irrigada-irao-receber-servicos-do-Social-1-e1716405385748.jpeg\",\"contentUrl\":\"https:\\\/\\\/blogdofarnesio.com.br\\\/wp-content\\\/uploads\\\/2024\\\/05\\\/Bora-Petrolina-Comunidades-da-area-irrigada-irao-receber-servicos-do-Social-1-e1716405385748.jpeg\",\"width\":600,\"height\":400},{\"@type\":\"BreadcrumbList\",\"@id\":\"https:\\\/\\\/blogdofarnesio.com.br\\\/?p=369265#breadcrumb\",\"itemListElement\":[{\"@type\":\"ListItem\",\"position\":1,\"name\":\"In\u00edcio\",\"item\":\"https:\\\/\\\/blogdofarnesio.com.br\\\/\"},{\"@type\":\"ListItem\",\"position\":2,\"name\":\"Bora Petrolina: Comunidades da \u00e1rea irrigada ir\u00e3o receber servi\u00e7os do Social\"}]},{\"@type\":\"WebSite\",\"@id\":\"https:\\\/\\\/blogdofarnesio.com.br\\\/#website\",\"url\":\"https:\\\/\\\/blogdofarnesio.com.br\\\/\",\"name\":\"Blog do Farn\u00e9sio\",\"description\":\"Quer Saber Pol\u00edtica?\",\"publisher\":{\"@id\":\"https:\\\/\\\/blogdofarnesio.com.br\\\/#organization\"},\"potentialAction\":[{\"@type\":\"SearchAction\",\"target\":{\"@type\":\"EntryPoint\",\"urlTemplate\":\"https:\\\/\\\/blogdofarnesio.com.br\\\/?s={search_term_string}\"},\"query-input\":{\"@type\":\"PropertyValueSpecification\",\"valueRequired\":true,\"valueName\":\"search_term_string\"}}],\"inLanguage\":\"pt-BR\"},{\"@type\":\"Organization\",\"@id\":\"https:\\\/\\\/blogdofarnesio.com.br\\\/#organization\",\"name\":\"Blog do Farn\u00e9sio\",\"url\":\"https:\\\/\\\/blogdofarnesio.com.br\\\/\",\"logo\":{\"@type\":\"ImageObject\",\"inLanguage\":\"pt-BR\",\"@id\":\"https:\\\/\\\/blogdofarnesio.com.br\\\/#\\\/schema\\\/logo\\\/image\\\/\",\"url\":\"https:\\\/\\\/blogdofarnesio.com.br\\\/wp-content\\\/uploads\\\/2026\\\/03\\\/cropped-logo_new-1.png\",\"contentUrl\":\"https:\\\/\\\/blogdofarnesio.com.br\\\/wp-content\\\/uploads\\\/2026\\\/03\\\/cropped-logo_new-1.png\",\"width\":881,\"height\":685,\"caption\":\"Blog do Farn\u00e9sio\"},\"image\":{\"@id\":\"https:\\\/\\\/blogdofarnesio.com.br\\\/#\\\/schema\\\/logo\\\/image\\\/\"},\"sameAs\":[\"https:\\\/\\\/www.facebook.com\\\/BlogQuerSaberPolitica\\\/\"]},{\"@type\":\"Person\",\"@id\":\"https:\\\/\\\/blogdofarnesio.com.br\\\/#\\\/schema\\\/person\\\/bb9b23ae3ad0609ce8df7b6c9e76824d\",\"name\":\"Farn\u00e9sio\",\"image\":{\"@type\":\"ImageObject\",\"inLanguage\":\"pt-BR\",\"@id\":\"https:\\\/\\\/secure.gravatar.com\\\/avatar\\\/986aa4c61ccdb66f8555bf88fc2a65609d00bcabd4d2d94377a727547345cbca?s=96&d=mm&r=g\",\"url\":\"https:\\\/\\\/secure.gravatar.com\\\/avatar\\\/986aa4c61ccdb66f8555bf88fc2a65609d00bcabd4d2d94377a727547345cbca?s=96&d=mm&r=g\",\"contentUrl\":\"https:\\\/\\\/secure.gravatar.com\\\/avatar\\\/986aa4c61ccdb66f8555bf88fc2a65609d00bcabd4d2d94377a727547345cbca?s=96&d=mm&r=g\",\"caption\":\"Farn\u00e9sio\"},\"description\":\"Radialista blogueiro, chegou a Petrolina\\\/Juazeiro em setembro de 1980, Farn\u00e9sio Silva \u00e9 de Arapiraca-Alagoas.\",\"sameAs\":[\"http:\\\/\\\/blogdofarnesio.com.br\",\"https:\\\/\\\/www.facebook.com\\\/?ref=tn_tnmn\",\"https:\\\/\\\/www.instagram.com\\\/?utm_source=pwa_homescreen\",\"https:\\\/\\\/youtube.com.br\\\/\"],\"url\":\"https:\\\/\\\/blogdofarnesio.com.br\\\/?author=2\"}]}<\/script>\n<!-- \/ Yoast SEO plugin. -->","yoast_head_json":{"title":"Bora Petrolina: Comunidades da \u00e1rea irrigada ir\u00e3o receber servi\u00e7os do Social - Blog do Farn\u00e9sio","robots":{"index":"index","follow":"follow","max-snippet":"max-snippet:-1","max-image-preview":"max-image-preview:large","max-video-preview":"max-video-preview:-1"},"canonical":"https:\/\/blogdofarnesio.com.br\/?p=369265","og_locale":"pt_BR","og_type":"article","og_title":"Bora Petrolina: Comunidades da \u00e1rea irrigada ir\u00e3o receber servi\u00e7os do Social - Blog do Farn\u00e9sio","og_description":"A Prefeitura ir\u00e1 promover, neste s\u00e1bado (25), a 10\u00aa edi\u00e7\u00e3o do \u2018Bora Petrolina\u2019, um programa da gest\u00e3o municipal que disponibiliza diversos servi\u00e7os gratuitamente para a popula\u00e7\u00e3o. Desta vez, quatro comunidades da \u00e1rea irrigada ser\u00e3o contempladas: N-8, N-10, N-11 e Vila 12. As atividades ser\u00e3o ofertadas das 8h \u00e0s 13h, na na Escola Municipal Maria Luiza Barbosa, localizada na Rua A, no N\u00facleo 10 do Per\u00edmetro Irrigado Senador Nilo Coelho. Entre os servi\u00e7os disponibilizados pela Secretaria de Desenvolvimento Social e Direitos Humanos, a popula\u00e7\u00e3o ter\u00e1 acesso aos atendimentos do Cadastro \u00danico, solicita\u00e7\u00e3o da carteirinha de passe livre interestadual do idoso; emiss\u00e3o da carteirinha de identifica\u00e7\u00e3o para pessoas com autismo; cart\u00e3o de prioridade para pessoas com fibromialgia, entre outros. Para atualizar o&hellip;","og_url":"https:\/\/blogdofarnesio.com.br\/?p=369265","og_site_name":"Blog do Farn\u00e9sio","article_publisher":"https:\/\/www.facebook.com\/BlogQuerSaberPolitica\/","article_author":"https:\/\/www.facebook.com\/?ref=tn_tnmn","article_published_time":"2024-05-23T10:42:21+00:00","og_image":[{"width":600,"height":400,"url":"https:\/\/blogdofarnesio.com.br\/wp-content\/uploads\/2024\/05\/Bora-Petrolina-Comunidades-da-area-irrigada-irao-receber-servicos-do-Social-1-e1716405385748.jpeg","type":"image\/jpeg"}],"author":"Farn\u00e9sio","twitter_card":"summary_large_image","twitter_misc":{"Escrito por":"Farn\u00e9sio","Est. tempo de leitura":"2 minutos"},"schema":{"@context":"https:\/\/schema.org","@graph":[{"@type":"Article","@id":"https:\/\/blogdofarnesio.com.br\/?p=369265#article","isPartOf":{"@id":"https:\/\/blogdofarnesio.com.br\/?p=369265"},"author":{"name":"Farn\u00e9sio","@id":"https:\/\/blogdofarnesio.com.br\/#\/schema\/person\/bb9b23ae3ad0609ce8df7b6c9e76824d"},"headline":"Bora Petrolina: Comunidades da \u00e1rea irrigada ir\u00e3o receber servi\u00e7os do Social","datePublished":"2024-05-23T10:42:21+00:00","mainEntityOfPage":{"@id":"https:\/\/blogdofarnesio.com.br\/?p=369265"},"wordCount":335,"commentCount":0,"publisher":{"@id":"https:\/\/blogdofarnesio.com.br\/#organization"},"image":{"@id":"https:\/\/blogdofarnesio.com.br\/?p=369265#primaryimage"},"thumbnailUrl":"https:\/\/blogdofarnesio.com.br\/wp-content\/uploads\/2024\/05\/Bora-Petrolina-Comunidades-da-area-irrigada-irao-receber-servicos-do-Social-1-e1716405385748.jpeg","articleSection":["A\u00e7\u00e3o Social"],"inLanguage":"pt-BR","potentialAction":[{"@type":"CommentAction","name":"Comment","target":["https:\/\/blogdofarnesio.com.br\/?p=369265#respond"]}]},{"@type":"WebPage","@id":"https:\/\/blogdofarnesio.com.br\/?p=369265","url":"https:\/\/blogdofarnesio.com.br\/?p=369265","name":"Bora Petrolina: Comunidades da \u00e1rea irrigada ir\u00e3o receber servi\u00e7os do Social - Blog do Farn\u00e9sio","isPartOf":{"@id":"https:\/\/blogdofarnesio.com.br\/#website"},"primaryImageOfPage":{"@id":"https:\/\/blogdofarnesio.com.br\/?p=369265#primaryimage"},"image":{"@id":"https:\/\/blogdofarnesio.com.br\/?p=369265#primaryimage"},"thumbnailUrl":"https:\/\/blogdofarnesio.com.br\/wp-content\/uploads\/2024\/05\/Bora-Petrolina-Comunidades-da-area-irrigada-irao-receber-servicos-do-Social-1-e1716405385748.jpeg","datePublished":"2024-05-23T10:42:21+00:00","breadcrumb":{"@id":"https:\/\/blogdofarnesio.com.br\/?p=369265#breadcrumb"},"inLanguage":"pt-BR","potentialAction":[{"@type":"ReadAction","target":["https:\/\/blogdofarnesio.com.br\/?p=369265"]}]},{"@type":"ImageObject","inLanguage":"pt-BR","@id":"https:\/\/blogdofarnesio.com.br\/?p=369265#primaryimage","url":"https:\/\/blogdofarnesio.com.br\/wp-content\/uploads\/2024\/05\/Bora-Petrolina-Comunidades-da-area-irrigada-irao-receber-servicos-do-Social-1-e1716405385748.jpeg","contentUrl":"https:\/\/blogdofarnesio.com.br\/wp-content\/uploads\/2024\/05\/Bora-Petrolina-Comunidades-da-area-irrigada-irao-receber-servicos-do-Social-1-e1716405385748.jpeg","width":600,"height":400},{"@type":"BreadcrumbList","@id":"https:\/\/blogdofarnesio.com.br\/?p=369265#breadcrumb","itemListElement":[{"@type":"ListItem","position":1,"name":"In\u00edcio","item":"https:\/\/blogdofarnesio.com.br\/"},{"@type":"ListItem","position":2,"name":"Bora Petrolina: Comunidades da \u00e1rea irrigada ir\u00e3o receber servi\u00e7os do Social"}]},{"@type":"WebSite","@id":"https:\/\/blogdofarnesio.com.br\/#website","url":"https:\/\/blogdofarnesio.com.br\/","name":"Blog do Farn\u00e9sio","description":"Quer Saber Pol\u00edtica?","publisher":{"@id":"https:\/\/blogdofarnesio.com.br\/#organization"},"potentialAction":[{"@type":"SearchAction","target":{"@type":"EntryPoint","urlTemplate":"https:\/\/blogdofarnesio.com.br\/?s={search_term_string}"},"query-input":{"@type":"PropertyValueSpecification","valueRequired":true,"valueName":"search_term_string"}}],"inLanguage":"pt-BR"},{"@type":"Organization","@id":"https:\/\/blogdofarnesio.com.br\/#organization","name":"Blog do Farn\u00e9sio","url":"https:\/\/blogdofarnesio.com.br\/","logo":{"@type":"ImageObject","inLanguage":"pt-BR","@id":"https:\/\/blogdofarnesio.com.br\/#\/schema\/logo\/image\/","url":"https:\/\/blogdofarnesio.com.br\/wp-content\/uploads\/2026\/03\/cropped-logo_new-1.png","contentUrl":"https:\/\/blogdofarnesio.com.br\/wp-content\/uploads\/2026\/03\/cropped-logo_new-1.png","width":881,"height":685,"caption":"Blog do Farn\u00e9sio"},"image":{"@id":"https:\/\/blogdofarnesio.com.br\/#\/schema\/logo\/image\/"},"sameAs":["https:\/\/www.facebook.com\/BlogQuerSaberPolitica\/"]},{"@type":"Person","@id":"https:\/\/blogdofarnesio.com.br\/#\/schema\/person\/bb9b23ae3ad0609ce8df7b6c9e76824d","name":"Farn\u00e9sio","image":{"@type":"ImageObject","inLanguage":"pt-BR","@id":"https:\/\/secure.gravatar.com\/avatar\/986aa4c61ccdb66f8555bf88fc2a65609d00bcabd4d2d94377a727547345cbca?s=96&d=mm&r=g","url":"https:\/\/secure.gravatar.com\/avatar\/986aa4c61ccdb66f8555bf88fc2a65609d00bcabd4d2d94377a727547345cbca?s=96&d=mm&r=g","contentUrl":"https:\/\/secure.gravatar.com\/avatar\/986aa4c61ccdb66f8555bf88fc2a65609d00bcabd4d2d94377a727547345cbca?s=96&d=mm&r=g","caption":"Farn\u00e9sio"},"description":"Radialista blogueiro, chegou a Petrolina\/Juazeiro em setembro de 1980, Farn\u00e9sio Silva \u00e9 de Arapiraca-Alagoas.","sameAs":["http:\/\/blogdofarnesio.com.br","https:\/\/www.facebook.com\/?ref=tn_tnmn","https:\/\/www.instagram.com\/?utm_source=pwa_homescreen","https:\/\/youtube.com.br\/"],"url":"https:\/\/blogdofarnesio.com.br\/?author=2"}]}},"_links":{"self":[{"href":"https:\/\/blogdofarnesio.com.br\/index.php?rest_route=\/wp\/v2\/posts\/369265","targetHints":{"allow":["GET"]}}],"collection":[{"href":"https:\/\/blogdofarnesio.com.br\/index.php?rest_route=\/wp\/v2\/posts"}],"about":[{"href":"https:\/\/blogdofarnesio.com.br\/index.php?rest_route=\/wp\/v2\/types\/post"}],"author":[{"embeddable":true,"href":"https:\/\/blogdofarnesio.com.br\/index.php?rest_route=\/wp\/v2\/users\/2"}],"replies":[{"embeddable":true,"href":"https:\/\/blogdofarnesio.com.br\/index.php?rest_route=%2Fwp%2Fv2%2Fcomments&post=369265"}],"version-history":[{"count":0,"href":"https:\/\/blogdofarnesio.com.br\/index.php?rest_route=\/wp\/v2\/posts\/369265\/revisions"}],"wp:featuredmedia":[{"embeddable":true,"href":"https:\/\/blogdofarnesio.com.br\/index.php?rest_route=\/wp\/v2\/media\/369266"}],"wp:attachment":[{"href":"https:\/\/blogdofarnesio.com.br\/index.php?rest_route=%2Fwp%2Fv2%2Fmedia&parent=369265"}],"wp:term":[{"taxonomy":"category","embeddable":true,"href":"https:\/\/blogdofarnesio.com.br\/index.php?rest_route=%2Fwp%2Fv2%2Fcategories&post=369265"},{"taxonomy":"post_tag","embeddable":true,"href":"https:\/\/blogdofarnesio.com.br\/index.php?rest_route=%2Fwp%2Fv2%2Ftags&post=369265"}],"curies":[{"name":"wp","href":"https:\/\/api.w.org\/{rel}","templated":true}]}}