{"id":369238,"date":"2024-05-23T08:02:03","date_gmt":"2024-05-23T11:02:03","guid":{"rendered":"https:\/\/blogdofarnesio.com.br\/?p=369238"},"modified":"2024-05-22T17:17:00","modified_gmt":"2024-05-22T20:17:00","slug":"eleicoes-2024-partido-verde-vai-lancar-amanha-24-pre-candidatura-de-roberto-carlos-a-prefeitura-de-juazeiro","status":"publish","type":"post","link":"https:\/\/blogdofarnesio.com.br\/?p=369238","title":{"rendered":"Elei\u00e7\u00f5es 2024: Partido Verde vai lan\u00e7ar amanh\u00e3 (24) pr\u00e9-candidatura de Roberto Carlos \u00e0 prefeitura de Juazeiro"},"content":{"rendered":"<div id=\"nav\">\n<div id=\"speedbump\">\n<div class=\"ObxnS\">\n<div class=\"MefFWe\">\n<div class=\"hbTneb\">\n<div class=\"KkSzKc\">O Partido Verde da Bahia (PV) anunciou que vai lan\u00e7ar a pr\u00e9-candidatura do deputado estadual Roberto Carlos a prefeito de Juazeiro, nesta sexta-feira (24).<\/div>\n<div class=\"KkSzKc\"><\/div>\n<div class=\"KkSzKc\">O evento, que acontecer\u00e1 \u00e0s 18h30min no Grande Hotel de Juazeiro,reunir\u00e1 as principais lideran\u00e7as pol\u00edticas do munic\u00edpio e de toda a regi\u00e3o do Vale do S\u00e3o Francisco, al\u00e9m de autoridades da base do governador Jer\u00f4nimo Rodrigues e do presidente Lula.<\/div>\n<\/div>\n<\/div>\n<\/div>\n<\/div>\n<\/div>\n<div id=\"views\">\n<div id=\"cv_\" class=\" q0CeU \">\n<div class=\"BMRW0e\">\n<div class=\"uQdvnb\">\n<div class=\"OM62re\">\n<div class=\"Atp2Qd\">\n<div class=\"gmSzme\" data-onclick=\"cvmsgcontainercl+23\">\n<div id=\"cvcmsg_18fa0f815e493809\" class=\"ArwC7c\">\n<div id=\"cvcfullmsg_18fa0f815e493809\" class=\"LnPMz\">\n<div id=\"cvcmsgbod_18fa0f815e493809\" class=\"qgRHze\">\n<div class=\"lR4FQe\">\n<div class=\"IoGNdb Zc0jMc \" dir=\"ltr\">\n<div dir=\"ltr\">\n<p>Em seu discurso, antes do lan\u00e7amento, o deputado Roberto Carlos declarou: &#8220;Juazeiro \u00e9 minha paix\u00e3o, minha vida, minha hist\u00f3ria. Comecei minha trajet\u00f3ria pol\u00edtica no mercado informal desta cidade e sempre lutei pelo seu desenvolvimento.<\/p>\n<p>Como vice-l\u00edder do Governo, pude trazer obras estruturantes e importantes para o munic\u00edpio, em parceria com o governador e o presidente da rep\u00fablica. Tenho certeza de que, como prefeito,\u00a0poderei\u00a0contribuir ainda mais para o progresso desta cidade, trabalhando em conjunto com meu grupo pol\u00edtico\u201d.<\/p>\n<p>A pr\u00e9-candidatura do deputado Roberto Carlos representa uma aposta do PV no progresso e no desenvolvimento de Juazeiro, tendo em vista sua experi\u00eancia pol\u00edtica e seu comprometimento com a melhoria da qualidade de vida dos juazeirenses.<\/p>\n<p>O evento de lan\u00e7amento promete ser um marco na campanha eleitoral municipal, reunindo apoio e entusiasmo das lideran\u00e7as presentes.<\/p>\n<\/div>\n<div><\/div>\n<\/div>\n<div><\/div>\n<\/div>\n<div class=\"JCGny\">\n<p><a id=\"att_18fa0f815e493809_18fa0f815e493809_0.1\" class=\"rlwzSe\" href=\"https:\/\/mail.google.com\/mail\/u\/0\/s\/?view=att&amp;th=18fa0f815e493809&amp;attid=0.1&amp;disp=attd&amp;realattid=f_lwhzq6s80&amp;safe=1&amp;zw\" target=\"_blank\" rel=\"noopener\" download=\"copra\u00e7\u00e3o.jpg\" data-onclick=\"cvattcl+43\"><img decoding=\"async\" class=\"Qcpixd JZRLmc\" src=\"data:image\/jpeg;base64,\/9j\/4AAQSkZJRgABAQAAAQABAAD\/4QFyRXhpZgAASUkqAAgAAAADADEBAgAHAAAAMgAAADsBAgAKAAAAOQAAAGmHBAABAAAARAAAAAAAAABQaWNhc2EAVEFJIFBFUkVaAAACAACQBwAEAAAAMDIyMIaSBwAIAQAAYgAAAAAAAAAAAAAAAAAAAAAAAAAAAAAAAAAAAAAAAAAAAAAAAAAAAAAAAAAAAAAAAAAAAAAAAAAAAAAAAAAAAAAAAAAAAAAAAAAAAAAAAAAAAAAAAAAAAAAAAAAAAAAAAAAAAAAAAAAAAAAAAAAAAAAAAAAAAAAAAAAAAAAAAAAAAAAAAAAAAAAAAAAAAAAAAAAAAAAAAAAAAAAAAAAAAAAAAAAAAAAAAAAAAAAAAAAAAAAAAAAAAAAAAAAAAAAAAAAAAAAAAAAAAAAAAAAAAAAAAAAAAAAAAAAAAAAAAAAAAAAAAAAAAAAAAAAAAAAAAAAAAAAAAAAAAAAAAAAAAAAAAAAAAAAAAAAAAAAAAAD\/2wCEAAMCAggICAgICAgICAgICAgICAgICAgICAgICAgICAgICAgICAgICAgICAgICAoICAgICgkJCAgLDQoIDQgICQgBAwQEBgUGCgYGCg4NCg4NDw0NDQ0NDQ0NDhAQDw8NDQ0NDQ0NDQ0NDw0NEA0NDg0NDQ0NDQ4NDw0NDQ0NDQ0NDf\/AABEIAFsAeAMBEQACEQEDEQH\/xAAdAAABBQEBAQEAAAAAAAAAAAAEAwUGBwgCAQAJ\/8QAOhAAAgEDAgQEBAMGBQUAAAAAAQIDAAQRBRIGEyExByJBUQgyYYEUcZEjQlJiksEVM0OhsQlywtHx\/8QAGwEAAQUBAQAAAAAAAAAAAAAAAAECAwQFBgf\/xAA2EQACAQIDBQYFAgYDAAAAAAAAAQIDEQQhMQUSQWGBEzJRcZGhIrHB0fAG8SMzQqLS4RWCkv\/aAAwDAQACEQMRAD8A\/TBRTxgqooFOwKBUe4oFPsUCAuqanHBHJNM6xxRI0kkjnCoijLMT7ACgQwT4h\/8AUR1G5umh4fsDLbRsVM7wtJNKQcEgEiGBehwrCV2GCeWcpVariKdPvOxdoYOrWV4RbXjw9Rfg3\/qHahaSxx69pc0cDuFa6SLlctSBhsActzu7gtGNvrkYKU8TTqd2SYVsFWpK84u3sbh4S4utr+3jurOeO4t5QSksTBlODhlOOzKcqynqpBBFWiiPGKBTgigBJqUBGQUggOwoAQagB3QUCiyrQAoEoHH2ygDzbQBm746bS4uNNsbGB3VL7U4YrzZjrZRW9zcShmyGVTJFCgK5Jd4x2LEU8VW7Km5ceBdwVDt6qjw1fl+ZEF4Q4Kit4kSONY41UBVUAKB6Yx1J+p7\/AFrjZRlJ3Z6NGUYx3Y6LgEcTcNRyRurqroRtcPtZGBHUFT3FSKnJK8bjHUjpK2YyfAxHLpesavopDfgrm2j1WwGGKx8qVbW5QP27S2yhDghYQeua6rBV+1p56rJnB7Swyo1fh7rzRt2tAyTkigBFhQIISUADvQAO9ADwhoAISgUVAoHHuKBLn22gQz98Tuo5nsbcAhuTdTBjjbuJhRQPqpBJ+jL3ycYe052UY87nS7GpXcqn\/X6lB6T4dzQXUUsjW4JIfYhuBLIu3zFiblhMQ7K29oh0Jwq7hjIqVvhSSd+luh0lLDWk5ZW4Wvfq7u\/sE694Um41IOklr5oxKI54kuJhhWV2jSZjtRm2EmLlkdRnzqyS0a0tM\/W3sNrYZP4rLqr9L8C0vDu0\/C6pZShd8jQy2cmGOeXcy2xMgGWyFkhhYgk+QMc56G1g57lTTXL\/AGZuPoKrRefdvL04GnCK6Q4o5NACL0CA8lAA8hoAGkNADujUC2CEagUWU0CndA0+oAqz4jOFzNY\/iEAL2bc49PNyTjnAHuAAFkbr8qH1ArL2hS36W8tVn04\/fobOysR2dXdeksuvD6rqYd1XVdSuNRuXVkhjWGJVvd7kQxksyxKqONpd41L5ilV9satgYzi0lFxz1OvqOe9aOSSXhnd82kOnGmjaoI9Pvra4F41tcxZl+XkJM8cMse\/ZFIEdSC8fLkUtGrEgojG04x7Ppk0Q71RTy0urp2z8X8Lemprjwc09bmc3RC5hjXJUDDSSq6nB9AFzn3IXtjFWcHDfn2nh89DH2nWdOn2S\/q+SafzsXMUrbOUOGWgAeQUADS0ACyUACyGgB3RqBQhGoHCytQB2DQNOgaAGfiDiK1iUpcSRgOrKYydzOhGGHLXLFSDgnGOvUipI03PJIRzUM2z83\/EniAaDetbmMTQ3kXOt45TyzcWzMSpR2HKkeHJSaPOVbB6K0Zflq+DdGbg9L5Pgd1hMcq0FNa2zXHz8vuOHDPxAW7W4tuStvCCihYlaeaZmYBEjhgDlXeQqqg4Z2wqqdwIZaytq\/wA9S25ObvotfzgubZs7gWJrCCxDRmOSZJ5JISwJVByAkbsuV5ijByCwVzIFZhkt2GAwa3HB8vU8\/wBp4xzqKa00XkWXpnEUM3RHG7+BsBx9j3\/Ncj60lShOn3l14FWFWM9H04hsgqAmBJaBASU0ACTNQAHI1ADtG9AoQj0CiqvSAeXd8saNIxwqKWY\/QDJ+\/t9acld2Q1u2ZR+qcb3k4yZmRWyQsR2AKSSoyuC3lwMknNbccPCPAzJVpPiQ5dLy3NOS+0gsWJPUn6+uPbv9qmUbEd7jBwp4SzX7a\/8AiZ3kjvAtvZ27szQRCLToII3ZWzsZLuNrpDCIzGz7izmXAzcVSU4yg+Kfv+am1harg4zXC35zK3+GTwQuriznuLsTWt5GZ7GyQxCFoZ\/PFdX6upLmS2Ia2gljZQsnOdGdhDJFhbNwbU3VqLTJX8eL+nrrdHS7Vxq3VRpyTTzbXsvq756aNNF\/+GH+ILaR2+pyyTXWnme2\/EyMHe4h5zvbzM+clvw5ijZny7bNzlmZmPX4aKW8\/FnCYx5pIMbVBvY5JIYADqvmJCqR0GckghhnAJwcVZU4OfZpretdrjbxKji1HetlpfgWLofE0ygAsXB9Hyf0Pcfriq9TCwmtLPkSQxE4c\/MlmnaqswJAIIOCD7gkHB9cEEdh1FY9ag6T5GnSrKpocztVQsAUrUABSvQIOcclAoSj0ALq9AEE8XOKliiWAsF53mckHAjQgjLAbV3Pjqx7K1XsJTvLefAq152VvErq2YbFxjG1ce2MDGPtWyZx3CBj7tn+o00UeuG9ejghBdgN07xb1wGHOOEGCCGZdmB0+WNenQ1j46uqPxS0ul+fY39n4d4j4Iuzs36cOXmTjhuxVIo15j3DpGiPcTCPmzMgCmSTlpHGHcgsRGiKGOAqjApZyb+3AhUbZEQ1C6\/aTfWQj7KAo\/4rYw6tBGPiHeoyPi1zNGAB0YuxGOy5CqfoSzH80FT2Wts9Cu3lYmNzeCPLH5Y42kP5IpY\/7ClsMJPwdHtRQcFuUNxx+90L9f5mOaysarq\/P8+Rdwb+JrkPM5rINYbZ5KYABK9KA4xSUDgqOSgQXEwAJJwAMknsAO5P5UIQpLjbXWnmaTK8sBkjUggqn8WfUuRkhlIHb069BQo7kefEyqtTely4DBw9fIbeABsgxJtOMZwoAOMDHbtgY9hUxGeTauqM4Jxja39QIP8AuhP3pXkCVyK2mpO7DeNyJOZ1XtkhyV3HDZKqcDA6Zbvnr5jtPaccTXtH+XF5c+F\/seobM2e8LRvLvtZ8uX3LSsvGW3t4zzI5fLkswKbff5mZR69\/+K1v+ZpS\/pl7fczJbFq670ff7MgsHihDI\/8AmxqXfHnkTGWJbJwT5evfB6Y6da16e38OrR3ZL\/z\/AJGTP9O4iTclKP8Ad\/iSLRtejxIxdS4YxqFIYsVzjZj5g3VwQCMNnOK6anNTipLRq5ylWnKnNwlqnZjnxPqZSzlkkG3MSRYJH+rLHEc46D\/MHr6n2qVK7K7LO0mbzKcYyCOnr0H\/AKBFZmKV6b9S1hZWqL0HCeasE2xvnekFAJpKAHCKSgcGRPSiEN8T+KWjWO2jAD3Gcu3yKi9wQCpYtg+UEeVWyRmr+Epb0t58CpiJ7q3VxKt1LTp2zuuIQp7g25IAx12nnAgn0JJ74x61tp2My1xDQtGhgRIS5blr0yQpCliVXy4A2jp7kAduuWNj0L8VatBHZtIQuTdLCxABJAhMqruPXDHcSc9eWoJ6VyX6hqTjRUYtpN2duuXt+XOs\/T9ODrOUkm0rq\/DTMgJ43AGUTIGCAJIgzD3UOwB\/rHXuRXBQgkd\/KTY3PxDu3lFYBl8qrLEGJPpylZpN\/XsCqnHfrmp0hG7IZ9K1G6IZo49VHkwZIYIEAQnDFzcBkIXzeZc43dSceW\/Qw86slCFr9ChWrwpRc53ss3kyb6fqXMuELS3L8mNI4zO0HNCrksHMEaRkhywBA7HGT1J9KwGFeHpqD14\/T2PNNpYtYmq5x7uiyt5++hLvFHX0FjHGSMzXEcQyT1xmY9RnHSKtiK1ZhstbhbUP2MLegSPuc4wAP7VWqQ3oteKY6Et2SfMk9xLXJnSAE0lIIAyyUCjnEaUcGQvQBRfxFyNHeWM+5ggtrmJVzhWd5IXZj\/NGsahfpK3ucauCeTRn4lZoq+68SBvVGOcKWPfvkgA\/kATWhcq2I\/c+KaRsqyHa9wrTAEjPLUqqDA65bzMB6KppG7CqNxr458QwtncIYjMlxFtjjJZcXUTF4CZFB5W8uUZiPkDDDZwYa+FhiabjPTK\/zXuXcNiZYeW9B2fD5MozgHwt1Oe7SEXEwimQzLOqxm3UMVIhjBcyhth3gtGU2AedmyKw6uyKN7WNijtavrf2NG33wxxW8Nor3FxKZbwCUczl5hWCeRlBhEZUNIsYJUgj3GTmehsvDqSvG\/m3+xFiNqYncdp28rfuPXDXDdnBLNHBEVSIrGpaWWQsV6yZaR2Plc7e\/wC79TW9TwlCm7whFPxSV\/UwKmLr1FuzqSa8HJ29NBw1SzUEFDjrnv79cdMHHerLKdyDeL3GIF1otszhTLPcSeYHlnZGkYRm\/dLc47Se5WpG7JCJXTL54c4kMcao6vGAvlbcGUfQnPyn8ulORG0XBbXu+NH\/AIkRv6lB\/vXG1FabXNnSQd4p8geaWoiQClmpAsPsQpwoVFQIM\/HXh\/banbm2ulYpuDq8bbJI3XIDxvg4OCQQQykEgg1JGTi7xGySlqVUPgs07duW91RTjB\/a2jZznPz2Te\/p0qZV5riRdnEon4qfhKisba0n0+6vXu5btkmmupI5WMJhYhFWKGGNQrKuDtJC5AIDEVJTlOpLUZJRgtCq+IdB1KTT5LUSbXkQI8yswZk2kHy56SBtrrIGJR1DAA4I07SUWk9VYqby3rlp\/B3YlrS3jY5ezjNruI7i1la2B9c+WPGR0PUjoaY38EfK3pkWYat87l0+ImrATogI\/ZRuwH877VBx9Bup9BXl0I8S7Q6lR8P3RQyA+sjHPr1P51omZccr3VgPqf8A7QNuZ\/8AE\/jnbrunxusjxLbnKxgFw0sjjcoboWURg4PpUVSVpJciaEbwb5miOGFcx7rW+aRPWC7hwRn068t19gy5H51On4ELL\/8ADvWedZQnsUBiYbt21oyVwGHcYAI+hFcti47tWXr65m3h5Xpr0HmWSqZZA5ZKaKSeOnCBkYpRAqKgUWWnDSnfiS6x2YPbmzHH1CJg\/bJ\/WrmF1ZVr6IpSe0UjBUd\/atbgUCY+AVoolvsKBh4VGBjoU3np9WYsT3JP5VBV4F6hoQzjm5b\/ABG66\/6UJ\/Xcanw3efQgxekSPaU2Rk98\/wBj7VdepnnOoN8v\/d\/4tSjSheJrphxDp+D3WTPQdcCPHp6ZOPbJ9zUFR\/xF5FiC\/h9TUt\/bgIGHfb3yTj8gTgfYVMiFll+BLn8JOPQXb4+8MBP6kk\/eue2h\/MXl9Wa2D7j8\/oifTGswvAUppGB\/\/9k=\" alt=\"Attachment\" \/><\/a><\/p>\n<div class=\"SGqfCc IJbhC\"><a id=\"att_18fa0f815e493809_18fa0f815e493809_0.1\" href=\"https:\/\/mail.google.com\/mail\/u\/0\/s\/?view=att&amp;th=18fa0f815e493809&amp;attid=0.1&amp;disp=attd&amp;realattid=f_lwhzq6s80&amp;safe=1&amp;zw\" target=\"_blank\" rel=\"noopener\" download=\"copra\u00e7\u00e3o.jpg\" data-onclick=\"cvattcl+43\">copra\u00e7\u00e3o.jpg<\/a><\/div>\n<\/div>\n<\/div>\n<\/div>\n<\/div>\n<\/div>\n<\/div>\n<\/div>\n<\/div>\n<\/div>\n<\/div>\n<\/div>\n","protected":false},"excerpt":{"rendered":"<p>O Partido Verde da Bahia (PV) anunciou que vai lan\u00e7ar a pr\u00e9-candidatura do deputado estadual Roberto Carlos a prefeito de Juazeiro, nesta sexta-feira (24). O evento, que acontecer\u00e1 \u00e0s 18h30min no Grande Hotel de Juazeiro,reunir\u00e1 as principais lideran\u00e7as pol\u00edticas do munic\u00edpio e de toda a regi\u00e3o do Vale do S\u00e3o Francisco, al\u00e9m de autoridades da base do governador Jer\u00f4nimo Rodrigues e do presidente Lula. Em seu discurso, antes do lan\u00e7amento, o deputado Roberto Carlos declarou: &#8220;Juazeiro \u00e9 minha paix\u00e3o, minha vida, minha hist\u00f3ria. Comecei minha trajet\u00f3ria pol\u00edtica no mercado informal desta cidade e sempre lutei pelo seu desenvolvimento. Como vice-l\u00edder do Governo, pude trazer obras estruturantes e importantes para o munic\u00edpio, em parceria com o governador e o presidente da&hellip; <\/p>\n","protected":false},"author":2,"featured_media":367732,"comment_status":"open","ping_status":"open","sticky":false,"template":"","format":"standard","meta":{"_acf_changed":false,"footnotes":""},"categories":[34],"tags":[],"class_list":["post-369238","post","type-post","status-publish","format-standard","has-post-thumbnail","hentry","category-eleicoes"],"acf":[],"yoast_head":"<!-- This site is optimized with the Yoast SEO plugin v27.4 - https:\/\/yoast.com\/product\/yoast-seo-wordpress\/ -->\n<title>Elei\u00e7\u00f5es 2024: Partido Verde vai lan\u00e7ar amanh\u00e3 (24) pr\u00e9-candidatura de Roberto Carlos \u00e0 prefeitura de Juazeiro - Blog do Farn\u00e9sio<\/title>\n<meta name=\"robots\" content=\"index, follow, max-snippet:-1, max-image-preview:large, max-video-preview:-1\" \/>\n<link rel=\"canonical\" href=\"https:\/\/blogdofarnesio.com.br\/?p=369238\" \/>\n<meta property=\"og:locale\" content=\"pt_BR\" \/>\n<meta property=\"og:type\" content=\"article\" \/>\n<meta property=\"og:title\" content=\"Elei\u00e7\u00f5es 2024: Partido Verde vai lan\u00e7ar amanh\u00e3 (24) pr\u00e9-candidatura de Roberto Carlos \u00e0 prefeitura de Juazeiro - Blog do Farn\u00e9sio\" \/>\n<meta property=\"og:description\" content=\"O Partido Verde da Bahia (PV) anunciou que vai lan\u00e7ar a pr\u00e9-candidatura do deputado estadual Roberto Carlos a prefeito de Juazeiro, nesta sexta-feira (24). O evento, que acontecer\u00e1 \u00e0s 18h30min no Grande Hotel de Juazeiro,reunir\u00e1 as principais lideran\u00e7as pol\u00edticas do munic\u00edpio e de toda a regi\u00e3o do Vale do S\u00e3o Francisco, al\u00e9m de autoridades da base do governador Jer\u00f4nimo Rodrigues e do presidente Lula. Em seu discurso, antes do lan\u00e7amento, o deputado Roberto Carlos declarou: &#8220;Juazeiro \u00e9 minha paix\u00e3o, minha vida, minha hist\u00f3ria. Comecei minha trajet\u00f3ria pol\u00edtica no mercado informal desta cidade e sempre lutei pelo seu desenvolvimento. Como vice-l\u00edder do Governo, pude trazer obras estruturantes e importantes para o munic\u00edpio, em parceria com o governador e o presidente da&hellip;\" \/>\n<meta property=\"og:url\" content=\"https:\/\/blogdofarnesio.com.br\/?p=369238\" \/>\n<meta property=\"og:site_name\" content=\"Blog do Farn\u00e9sio\" \/>\n<meta property=\"article:publisher\" content=\"https:\/\/www.facebook.com\/BlogQuerSaberPolitica\/\" \/>\n<meta property=\"article:author\" content=\"https:\/\/www.facebook.com\/?ref=tn_tnmn\" \/>\n<meta property=\"article:published_time\" content=\"2024-05-23T11:02:03+00:00\" \/>\n<meta property=\"og:image\" content=\"https:\/\/blogdofarnesio.com.br\/wp-content\/uploads\/2024\/05\/blogqsprcarlos-podemos-e1714733185768.jpg\" \/>\n\t<meta property=\"og:image:width\" content=\"540\" \/>\n\t<meta property=\"og:image:height\" content=\"369\" \/>\n\t<meta property=\"og:image:type\" content=\"image\/jpeg\" \/>\n<meta name=\"author\" content=\"Farn\u00e9sio\" \/>\n<meta name=\"twitter:card\" content=\"summary_large_image\" \/>\n<meta name=\"twitter:label1\" content=\"Escrito por\" \/>\n\t<meta name=\"twitter:data1\" content=\"Farn\u00e9sio\" \/>\n\t<meta name=\"twitter:label2\" content=\"Est. tempo de leitura\" \/>\n\t<meta name=\"twitter:data2\" content=\"2 minutos\" \/>\n<script type=\"application\/ld+json\" class=\"yoast-schema-graph\">{\"@context\":\"https:\\\/\\\/schema.org\",\"@graph\":[{\"@type\":\"Article\",\"@id\":\"https:\\\/\\\/blogdofarnesio.com.br\\\/?p=369238#article\",\"isPartOf\":{\"@id\":\"https:\\\/\\\/blogdofarnesio.com.br\\\/?p=369238\"},\"author\":{\"name\":\"Farn\u00e9sio\",\"@id\":\"https:\\\/\\\/blogdofarnesio.com.br\\\/#\\\/schema\\\/person\\\/bb9b23ae3ad0609ce8df7b6c9e76824d\"},\"headline\":\"Elei\u00e7\u00f5es 2024: Partido Verde vai lan\u00e7ar amanh\u00e3 (24) pr\u00e9-candidatura de Roberto Carlos \u00e0 prefeitura de Juazeiro\",\"datePublished\":\"2024-05-23T11:02:03+00:00\",\"mainEntityOfPage\":{\"@id\":\"https:\\\/\\\/blogdofarnesio.com.br\\\/?p=369238\"},\"wordCount\":240,\"commentCount\":0,\"publisher\":{\"@id\":\"https:\\\/\\\/blogdofarnesio.com.br\\\/#organization\"},\"image\":{\"@id\":\"https:\\\/\\\/blogdofarnesio.com.br\\\/?p=369238#primaryimage\"},\"thumbnailUrl\":\"https:\\\/\\\/blogdofarnesio.com.br\\\/wp-content\\\/uploads\\\/2024\\\/05\\\/blogqsprcarlos-podemos-e1714733185768.jpg\",\"articleSection\":[\"Elei\u00e7\u00f5es\"],\"inLanguage\":\"pt-BR\",\"potentialAction\":[{\"@type\":\"CommentAction\",\"name\":\"Comment\",\"target\":[\"https:\\\/\\\/blogdofarnesio.com.br\\\/?p=369238#respond\"]}]},{\"@type\":\"WebPage\",\"@id\":\"https:\\\/\\\/blogdofarnesio.com.br\\\/?p=369238\",\"url\":\"https:\\\/\\\/blogdofarnesio.com.br\\\/?p=369238\",\"name\":\"Elei\u00e7\u00f5es 2024: Partido Verde vai lan\u00e7ar amanh\u00e3 (24) pr\u00e9-candidatura de Roberto Carlos \u00e0 prefeitura de Juazeiro - Blog do Farn\u00e9sio\",\"isPartOf\":{\"@id\":\"https:\\\/\\\/blogdofarnesio.com.br\\\/#website\"},\"primaryImageOfPage\":{\"@id\":\"https:\\\/\\\/blogdofarnesio.com.br\\\/?p=369238#primaryimage\"},\"image\":{\"@id\":\"https:\\\/\\\/blogdofarnesio.com.br\\\/?p=369238#primaryimage\"},\"thumbnailUrl\":\"https:\\\/\\\/blogdofarnesio.com.br\\\/wp-content\\\/uploads\\\/2024\\\/05\\\/blogqsprcarlos-podemos-e1714733185768.jpg\",\"datePublished\":\"2024-05-23T11:02:03+00:00\",\"breadcrumb\":{\"@id\":\"https:\\\/\\\/blogdofarnesio.com.br\\\/?p=369238#breadcrumb\"},\"inLanguage\":\"pt-BR\",\"potentialAction\":[{\"@type\":\"ReadAction\",\"target\":[\"https:\\\/\\\/blogdofarnesio.com.br\\\/?p=369238\"]}]},{\"@type\":\"ImageObject\",\"inLanguage\":\"pt-BR\",\"@id\":\"https:\\\/\\\/blogdofarnesio.com.br\\\/?p=369238#primaryimage\",\"url\":\"https:\\\/\\\/blogdofarnesio.com.br\\\/wp-content\\\/uploads\\\/2024\\\/05\\\/blogqsprcarlos-podemos-e1714733185768.jpg\",\"contentUrl\":\"https:\\\/\\\/blogdofarnesio.com.br\\\/wp-content\\\/uploads\\\/2024\\\/05\\\/blogqsprcarlos-podemos-e1714733185768.jpg\",\"width\":540,\"height\":369},{\"@type\":\"BreadcrumbList\",\"@id\":\"https:\\\/\\\/blogdofarnesio.com.br\\\/?p=369238#breadcrumb\",\"itemListElement\":[{\"@type\":\"ListItem\",\"position\":1,\"name\":\"In\u00edcio\",\"item\":\"https:\\\/\\\/blogdofarnesio.com.br\\\/\"},{\"@type\":\"ListItem\",\"position\":2,\"name\":\"Elei\u00e7\u00f5es 2024: Partido Verde vai lan\u00e7ar amanh\u00e3 (24) pr\u00e9-candidatura de Roberto Carlos \u00e0 prefeitura de Juazeiro\"}]},{\"@type\":\"WebSite\",\"@id\":\"https:\\\/\\\/blogdofarnesio.com.br\\\/#website\",\"url\":\"https:\\\/\\\/blogdofarnesio.com.br\\\/\",\"name\":\"Blog do Farn\u00e9sio\",\"description\":\"Quer Saber Pol\u00edtica?\",\"publisher\":{\"@id\":\"https:\\\/\\\/blogdofarnesio.com.br\\\/#organization\"},\"potentialAction\":[{\"@type\":\"SearchAction\",\"target\":{\"@type\":\"EntryPoint\",\"urlTemplate\":\"https:\\\/\\\/blogdofarnesio.com.br\\\/?s={search_term_string}\"},\"query-input\":{\"@type\":\"PropertyValueSpecification\",\"valueRequired\":true,\"valueName\":\"search_term_string\"}}],\"inLanguage\":\"pt-BR\"},{\"@type\":\"Organization\",\"@id\":\"https:\\\/\\\/blogdofarnesio.com.br\\\/#organization\",\"name\":\"Blog do Farn\u00e9sio\",\"url\":\"https:\\\/\\\/blogdofarnesio.com.br\\\/\",\"logo\":{\"@type\":\"ImageObject\",\"inLanguage\":\"pt-BR\",\"@id\":\"https:\\\/\\\/blogdofarnesio.com.br\\\/#\\\/schema\\\/logo\\\/image\\\/\",\"url\":\"https:\\\/\\\/blogdofarnesio.com.br\\\/wp-content\\\/uploads\\\/2026\\\/03\\\/cropped-logo_new-1.png\",\"contentUrl\":\"https:\\\/\\\/blogdofarnesio.com.br\\\/wp-content\\\/uploads\\\/2026\\\/03\\\/cropped-logo_new-1.png\",\"width\":881,\"height\":685,\"caption\":\"Blog do Farn\u00e9sio\"},\"image\":{\"@id\":\"https:\\\/\\\/blogdofarnesio.com.br\\\/#\\\/schema\\\/logo\\\/image\\\/\"},\"sameAs\":[\"https:\\\/\\\/www.facebook.com\\\/BlogQuerSaberPolitica\\\/\"]},{\"@type\":\"Person\",\"@id\":\"https:\\\/\\\/blogdofarnesio.com.br\\\/#\\\/schema\\\/person\\\/bb9b23ae3ad0609ce8df7b6c9e76824d\",\"name\":\"Farn\u00e9sio\",\"image\":{\"@type\":\"ImageObject\",\"inLanguage\":\"pt-BR\",\"@id\":\"https:\\\/\\\/secure.gravatar.com\\\/avatar\\\/986aa4c61ccdb66f8555bf88fc2a65609d00bcabd4d2d94377a727547345cbca?s=96&d=mm&r=g\",\"url\":\"https:\\\/\\\/secure.gravatar.com\\\/avatar\\\/986aa4c61ccdb66f8555bf88fc2a65609d00bcabd4d2d94377a727547345cbca?s=96&d=mm&r=g\",\"contentUrl\":\"https:\\\/\\\/secure.gravatar.com\\\/avatar\\\/986aa4c61ccdb66f8555bf88fc2a65609d00bcabd4d2d94377a727547345cbca?s=96&d=mm&r=g\",\"caption\":\"Farn\u00e9sio\"},\"description\":\"Radialista blogueiro, chegou a Petrolina\\\/Juazeiro em setembro de 1980, Farn\u00e9sio Silva \u00e9 de Arapiraca-Alagoas.\",\"sameAs\":[\"http:\\\/\\\/blogdofarnesio.com.br\",\"https:\\\/\\\/www.facebook.com\\\/?ref=tn_tnmn\",\"https:\\\/\\\/www.instagram.com\\\/?utm_source=pwa_homescreen\",\"https:\\\/\\\/youtube.com.br\\\/\"],\"url\":\"https:\\\/\\\/blogdofarnesio.com.br\\\/?author=2\"}]}<\/script>\n<!-- \/ Yoast SEO plugin. -->","yoast_head_json":{"title":"Elei\u00e7\u00f5es 2024: Partido Verde vai lan\u00e7ar amanh\u00e3 (24) pr\u00e9-candidatura de Roberto Carlos \u00e0 prefeitura de Juazeiro - Blog do Farn\u00e9sio","robots":{"index":"index","follow":"follow","max-snippet":"max-snippet:-1","max-image-preview":"max-image-preview:large","max-video-preview":"max-video-preview:-1"},"canonical":"https:\/\/blogdofarnesio.com.br\/?p=369238","og_locale":"pt_BR","og_type":"article","og_title":"Elei\u00e7\u00f5es 2024: Partido Verde vai lan\u00e7ar amanh\u00e3 (24) pr\u00e9-candidatura de Roberto Carlos \u00e0 prefeitura de Juazeiro - Blog do Farn\u00e9sio","og_description":"O Partido Verde da Bahia (PV) anunciou que vai lan\u00e7ar a pr\u00e9-candidatura do deputado estadual Roberto Carlos a prefeito de Juazeiro, nesta sexta-feira (24). O evento, que acontecer\u00e1 \u00e0s 18h30min no Grande Hotel de Juazeiro,reunir\u00e1 as principais lideran\u00e7as pol\u00edticas do munic\u00edpio e de toda a regi\u00e3o do Vale do S\u00e3o Francisco, al\u00e9m de autoridades da base do governador Jer\u00f4nimo Rodrigues e do presidente Lula. Em seu discurso, antes do lan\u00e7amento, o deputado Roberto Carlos declarou: &#8220;Juazeiro \u00e9 minha paix\u00e3o, minha vida, minha hist\u00f3ria. Comecei minha trajet\u00f3ria pol\u00edtica no mercado informal desta cidade e sempre lutei pelo seu desenvolvimento. Como vice-l\u00edder do Governo, pude trazer obras estruturantes e importantes para o munic\u00edpio, em parceria com o governador e o presidente da&hellip;","og_url":"https:\/\/blogdofarnesio.com.br\/?p=369238","og_site_name":"Blog do Farn\u00e9sio","article_publisher":"https:\/\/www.facebook.com\/BlogQuerSaberPolitica\/","article_author":"https:\/\/www.facebook.com\/?ref=tn_tnmn","article_published_time":"2024-05-23T11:02:03+00:00","og_image":[{"width":540,"height":369,"url":"https:\/\/blogdofarnesio.com.br\/wp-content\/uploads\/2024\/05\/blogqsprcarlos-podemos-e1714733185768.jpg","type":"image\/jpeg"}],"author":"Farn\u00e9sio","twitter_card":"summary_large_image","twitter_misc":{"Escrito por":"Farn\u00e9sio","Est. tempo de leitura":"2 minutos"},"schema":{"@context":"https:\/\/schema.org","@graph":[{"@type":"Article","@id":"https:\/\/blogdofarnesio.com.br\/?p=369238#article","isPartOf":{"@id":"https:\/\/blogdofarnesio.com.br\/?p=369238"},"author":{"name":"Farn\u00e9sio","@id":"https:\/\/blogdofarnesio.com.br\/#\/schema\/person\/bb9b23ae3ad0609ce8df7b6c9e76824d"},"headline":"Elei\u00e7\u00f5es 2024: Partido Verde vai lan\u00e7ar amanh\u00e3 (24) pr\u00e9-candidatura de Roberto Carlos \u00e0 prefeitura de Juazeiro","datePublished":"2024-05-23T11:02:03+00:00","mainEntityOfPage":{"@id":"https:\/\/blogdofarnesio.com.br\/?p=369238"},"wordCount":240,"commentCount":0,"publisher":{"@id":"https:\/\/blogdofarnesio.com.br\/#organization"},"image":{"@id":"https:\/\/blogdofarnesio.com.br\/?p=369238#primaryimage"},"thumbnailUrl":"https:\/\/blogdofarnesio.com.br\/wp-content\/uploads\/2024\/05\/blogqsprcarlos-podemos-e1714733185768.jpg","articleSection":["Elei\u00e7\u00f5es"],"inLanguage":"pt-BR","potentialAction":[{"@type":"CommentAction","name":"Comment","target":["https:\/\/blogdofarnesio.com.br\/?p=369238#respond"]}]},{"@type":"WebPage","@id":"https:\/\/blogdofarnesio.com.br\/?p=369238","url":"https:\/\/blogdofarnesio.com.br\/?p=369238","name":"Elei\u00e7\u00f5es 2024: Partido Verde vai lan\u00e7ar amanh\u00e3 (24) pr\u00e9-candidatura de Roberto Carlos \u00e0 prefeitura de Juazeiro - Blog do Farn\u00e9sio","isPartOf":{"@id":"https:\/\/blogdofarnesio.com.br\/#website"},"primaryImageOfPage":{"@id":"https:\/\/blogdofarnesio.com.br\/?p=369238#primaryimage"},"image":{"@id":"https:\/\/blogdofarnesio.com.br\/?p=369238#primaryimage"},"thumbnailUrl":"https:\/\/blogdofarnesio.com.br\/wp-content\/uploads\/2024\/05\/blogqsprcarlos-podemos-e1714733185768.jpg","datePublished":"2024-05-23T11:02:03+00:00","breadcrumb":{"@id":"https:\/\/blogdofarnesio.com.br\/?p=369238#breadcrumb"},"inLanguage":"pt-BR","potentialAction":[{"@type":"ReadAction","target":["https:\/\/blogdofarnesio.com.br\/?p=369238"]}]},{"@type":"ImageObject","inLanguage":"pt-BR","@id":"https:\/\/blogdofarnesio.com.br\/?p=369238#primaryimage","url":"https:\/\/blogdofarnesio.com.br\/wp-content\/uploads\/2024\/05\/blogqsprcarlos-podemos-e1714733185768.jpg","contentUrl":"https:\/\/blogdofarnesio.com.br\/wp-content\/uploads\/2024\/05\/blogqsprcarlos-podemos-e1714733185768.jpg","width":540,"height":369},{"@type":"BreadcrumbList","@id":"https:\/\/blogdofarnesio.com.br\/?p=369238#breadcrumb","itemListElement":[{"@type":"ListItem","position":1,"name":"In\u00edcio","item":"https:\/\/blogdofarnesio.com.br\/"},{"@type":"ListItem","position":2,"name":"Elei\u00e7\u00f5es 2024: Partido Verde vai lan\u00e7ar amanh\u00e3 (24) pr\u00e9-candidatura de Roberto Carlos \u00e0 prefeitura de Juazeiro"}]},{"@type":"WebSite","@id":"https:\/\/blogdofarnesio.com.br\/#website","url":"https:\/\/blogdofarnesio.com.br\/","name":"Blog do Farn\u00e9sio","description":"Quer Saber Pol\u00edtica?","publisher":{"@id":"https:\/\/blogdofarnesio.com.br\/#organization"},"potentialAction":[{"@type":"SearchAction","target":{"@type":"EntryPoint","urlTemplate":"https:\/\/blogdofarnesio.com.br\/?s={search_term_string}"},"query-input":{"@type":"PropertyValueSpecification","valueRequired":true,"valueName":"search_term_string"}}],"inLanguage":"pt-BR"},{"@type":"Organization","@id":"https:\/\/blogdofarnesio.com.br\/#organization","name":"Blog do Farn\u00e9sio","url":"https:\/\/blogdofarnesio.com.br\/","logo":{"@type":"ImageObject","inLanguage":"pt-BR","@id":"https:\/\/blogdofarnesio.com.br\/#\/schema\/logo\/image\/","url":"https:\/\/blogdofarnesio.com.br\/wp-content\/uploads\/2026\/03\/cropped-logo_new-1.png","contentUrl":"https:\/\/blogdofarnesio.com.br\/wp-content\/uploads\/2026\/03\/cropped-logo_new-1.png","width":881,"height":685,"caption":"Blog do Farn\u00e9sio"},"image":{"@id":"https:\/\/blogdofarnesio.com.br\/#\/schema\/logo\/image\/"},"sameAs":["https:\/\/www.facebook.com\/BlogQuerSaberPolitica\/"]},{"@type":"Person","@id":"https:\/\/blogdofarnesio.com.br\/#\/schema\/person\/bb9b23ae3ad0609ce8df7b6c9e76824d","name":"Farn\u00e9sio","image":{"@type":"ImageObject","inLanguage":"pt-BR","@id":"https:\/\/secure.gravatar.com\/avatar\/986aa4c61ccdb66f8555bf88fc2a65609d00bcabd4d2d94377a727547345cbca?s=96&d=mm&r=g","url":"https:\/\/secure.gravatar.com\/avatar\/986aa4c61ccdb66f8555bf88fc2a65609d00bcabd4d2d94377a727547345cbca?s=96&d=mm&r=g","contentUrl":"https:\/\/secure.gravatar.com\/avatar\/986aa4c61ccdb66f8555bf88fc2a65609d00bcabd4d2d94377a727547345cbca?s=96&d=mm&r=g","caption":"Farn\u00e9sio"},"description":"Radialista blogueiro, chegou a Petrolina\/Juazeiro em setembro de 1980, Farn\u00e9sio Silva \u00e9 de Arapiraca-Alagoas.","sameAs":["http:\/\/blogdofarnesio.com.br","https:\/\/www.facebook.com\/?ref=tn_tnmn","https:\/\/www.instagram.com\/?utm_source=pwa_homescreen","https:\/\/youtube.com.br\/"],"url":"https:\/\/blogdofarnesio.com.br\/?author=2"}]}},"_links":{"self":[{"href":"https:\/\/blogdofarnesio.com.br\/index.php?rest_route=\/wp\/v2\/posts\/369238","targetHints":{"allow":["GET"]}}],"collection":[{"href":"https:\/\/blogdofarnesio.com.br\/index.php?rest_route=\/wp\/v2\/posts"}],"about":[{"href":"https:\/\/blogdofarnesio.com.br\/index.php?rest_route=\/wp\/v2\/types\/post"}],"author":[{"embeddable":true,"href":"https:\/\/blogdofarnesio.com.br\/index.php?rest_route=\/wp\/v2\/users\/2"}],"replies":[{"embeddable":true,"href":"https:\/\/blogdofarnesio.com.br\/index.php?rest_route=%2Fwp%2Fv2%2Fcomments&post=369238"}],"version-history":[{"count":0,"href":"https:\/\/blogdofarnesio.com.br\/index.php?rest_route=\/wp\/v2\/posts\/369238\/revisions"}],"wp:featuredmedia":[{"embeddable":true,"href":"https:\/\/blogdofarnesio.com.br\/index.php?rest_route=\/wp\/v2\/media\/367732"}],"wp:attachment":[{"href":"https:\/\/blogdofarnesio.com.br\/index.php?rest_route=%2Fwp%2Fv2%2Fmedia&parent=369238"}],"wp:term":[{"taxonomy":"category","embeddable":true,"href":"https:\/\/blogdofarnesio.com.br\/index.php?rest_route=%2Fwp%2Fv2%2Fcategories&post=369238"},{"taxonomy":"post_tag","embeddable":true,"href":"https:\/\/blogdofarnesio.com.br\/index.php?rest_route=%2Fwp%2Fv2%2Ftags&post=369238"}],"curies":[{"name":"wp","href":"https:\/\/api.w.org\/{rel}","templated":true}]}}