{"id":369045,"date":"2024-05-20T16:44:41","date_gmt":"2024-05-20T19:44:41","guid":{"rendered":"https:\/\/blogdofarnesio.com.br\/?p=369045"},"modified":"2024-05-20T15:40:11","modified_gmt":"2024-05-20T18:40:11","slug":"iniciada-revitalizacao-da-praca-simoes-filho-no-centro-de-juazeiro","status":"publish","type":"post","link":"https:\/\/blogdofarnesio.com.br\/?p=369045","title":{"rendered":"Iniciada revitaliza\u00e7\u00e3o da Pra\u00e7a Sim\u00f5es Filho, no Centro de Juazeiro"},"content":{"rendered":"<p>Sob a lideran\u00e7a da prefeita Suzana Ramos, a gest\u00e3o municipal de Juazeiro d\u00e1 in\u00edcio \u00e0 t\u00e3o aguardada revitaliza\u00e7\u00e3o da Pra\u00e7a Sim\u00f5es Filho, situada no Centro da cidade. A prefeita expressou seu compromisso em embelezar Juazeiro e promover espa\u00e7os p\u00fablicos acolhedores para os cidad\u00e3os. &#8220;Nossa cidade merece espa\u00e7os de conviv\u00eancia revitalizados, que promovam o bem-estar e a qualidade de vida de todos os juazeirenses. Por isso, j\u00e1 entregamos 18 pra\u00e7as totalmente requalificadas, na sede e no interior. Al\u00e9m disso, estamos pavimentando mais de 70 ruas em mais de 10 bairros&#8221;, destacou a prefeita.<\/p>\n<p>Os moradores da regi\u00e3o compartilham entusiasmo com as melhorias que est\u00e3o por vir. Uma residente local, Ermelinda Pereira, afirmou: &#8220;Estamos ansiosos por essas melhorias na Pra\u00e7a Sim\u00f5es Filho. Ser\u00e1 \u00f3timo ter um espa\u00e7o renovado, bem iluminado e com a fonte funcionando novamente. Mais um local para relaxar e socializar com a fam\u00edlia e amigos&#8221;, disse.<\/p>\n<p>Integram o projeto de revitaliza\u00e7\u00e3o, paisagismo, substitui\u00e7\u00e3o da ilumina\u00e7\u00e3o por LED para promover maior efici\u00eancia energ\u00e9tica, troca do cal\u00e7amento, instala\u00e7\u00e3o de pergolado em eucaliptos para proporcionar \u00e1reas sombreadas, coloca\u00e7\u00e3o de novos bancos para descanso e a restaura\u00e7\u00e3o da fonte, resgatando o charme hist\u00f3rico da pra\u00e7a.<\/p>\n<p>A revitaliza\u00e7\u00e3o da Pra\u00e7a Sim\u00f5es Filho \u00e9 uma iniciativa conjunta das Secretarias de Obras e Desenvolvimento Urbano (Sedur), Servi\u00e7os P\u00fablicos (Sesp) e Meio Ambiente e Ordenamento Urbano (Semaurb), demonstrando o comprometimento da gest\u00e3o municipal em promover o desenvolvimento urbano sustent\u00e1vel e o bem-estar da comunidade.<\/p>\n","protected":false},"excerpt":{"rendered":"<p>Sob a lideran\u00e7a da prefeita Suzana Ramos, a gest\u00e3o municipal de Juazeiro d\u00e1 in\u00edcio \u00e0 t\u00e3o aguardada revitaliza\u00e7\u00e3o da Pra\u00e7a Sim\u00f5es Filho, situada no Centro da cidade. A prefeita expressou seu compromisso em embelezar Juazeiro e promover espa\u00e7os p\u00fablicos acolhedores para os cidad\u00e3os. &#8220;Nossa cidade merece espa\u00e7os de conviv\u00eancia revitalizados, que promovam o bem-estar e a qualidade de vida de todos os juazeirenses. Por isso, j\u00e1 entregamos 18 pra\u00e7as totalmente requalificadas, na sede e no interior. Al\u00e9m disso, estamos pavimentando mais de 70 ruas em mais de 10 bairros&#8221;, destacou a prefeita. Os moradores da regi\u00e3o compartilham entusiasmo com as melhorias que est\u00e3o por vir. Uma residente local, Ermelinda Pereira, afirmou: &#8220;Estamos ansiosos por essas melhorias na Pra\u00e7a Sim\u00f5es Filho.&hellip; <\/p>\n","protected":false},"author":2,"featured_media":369046,"comment_status":"open","ping_status":"open","sticky":false,"template":"","format":"standard","meta":{"_acf_changed":false,"footnotes":""},"categories":[44],"tags":[],"class_list":["post-369045","post","type-post","status-publish","format-standard","has-post-thumbnail","hentry","category-administracao"],"acf":[],"yoast_head":"<!-- This site is optimized with the Yoast SEO plugin v27.4 - https:\/\/yoast.com\/product\/yoast-seo-wordpress\/ -->\n<title>Iniciada revitaliza\u00e7\u00e3o da Pra\u00e7a Sim\u00f5es Filho, no Centro de Juazeiro - Blog do Farn\u00e9sio<\/title>\n<meta name=\"robots\" content=\"index, follow, max-snippet:-1, max-image-preview:large, max-video-preview:-1\" \/>\n<link rel=\"canonical\" href=\"https:\/\/blogdofarnesio.com.br\/?p=369045\" \/>\n<meta property=\"og:locale\" content=\"pt_BR\" \/>\n<meta property=\"og:type\" content=\"article\" \/>\n<meta property=\"og:title\" content=\"Iniciada revitaliza\u00e7\u00e3o da Pra\u00e7a Sim\u00f5es Filho, no Centro de Juazeiro - Blog do Farn\u00e9sio\" \/>\n<meta property=\"og:description\" content=\"Sob a lideran\u00e7a da prefeita Suzana Ramos, a gest\u00e3o municipal de Juazeiro d\u00e1 in\u00edcio \u00e0 t\u00e3o aguardada revitaliza\u00e7\u00e3o da Pra\u00e7a Sim\u00f5es Filho, situada no Centro da cidade. A prefeita expressou seu compromisso em embelezar Juazeiro e promover espa\u00e7os p\u00fablicos acolhedores para os cidad\u00e3os. &#8220;Nossa cidade merece espa\u00e7os de conviv\u00eancia revitalizados, que promovam o bem-estar e a qualidade de vida de todos os juazeirenses. Por isso, j\u00e1 entregamos 18 pra\u00e7as totalmente requalificadas, na sede e no interior. Al\u00e9m disso, estamos pavimentando mais de 70 ruas em mais de 10 bairros&#8221;, destacou a prefeita. Os moradores da regi\u00e3o compartilham entusiasmo com as melhorias que est\u00e3o por vir. Uma residente local, Ermelinda Pereira, afirmou: &#8220;Estamos ansiosos por essas melhorias na Pra\u00e7a Sim\u00f5es Filho.&hellip;\" \/>\n<meta property=\"og:url\" content=\"https:\/\/blogdofarnesio.com.br\/?p=369045\" \/>\n<meta property=\"og:site_name\" content=\"Blog do Farn\u00e9sio\" \/>\n<meta property=\"article:publisher\" content=\"https:\/\/www.facebook.com\/BlogQuerSaberPolitica\/\" \/>\n<meta property=\"article:author\" content=\"https:\/\/www.facebook.com\/?ref=tn_tnmn\" \/>\n<meta property=\"article:published_time\" content=\"2024-05-20T19:44:41+00:00\" \/>\n<meta property=\"og:image\" content=\"https:\/\/blogdofarnesio.com.br\/wp-content\/uploads\/2024\/05\/blogqspjua-pc-simoes-filho-e1716230350179.jpeg\" \/>\n\t<meta property=\"og:image:width\" content=\"580\" \/>\n\t<meta property=\"og:image:height\" content=\"326\" \/>\n\t<meta property=\"og:image:type\" content=\"image\/jpeg\" \/>\n<meta name=\"author\" content=\"Farn\u00e9sio\" \/>\n<meta name=\"twitter:card\" content=\"summary_large_image\" \/>\n<meta name=\"twitter:label1\" content=\"Escrito por\" \/>\n\t<meta name=\"twitter:data1\" content=\"Farn\u00e9sio\" \/>\n\t<meta name=\"twitter:label2\" content=\"Est. tempo de leitura\" \/>\n\t<meta name=\"twitter:data2\" content=\"2 minutos\" \/>\n<script type=\"application\/ld+json\" class=\"yoast-schema-graph\">{\"@context\":\"https:\\\/\\\/schema.org\",\"@graph\":[{\"@type\":\"Article\",\"@id\":\"https:\\\/\\\/blogdofarnesio.com.br\\\/?p=369045#article\",\"isPartOf\":{\"@id\":\"https:\\\/\\\/blogdofarnesio.com.br\\\/?p=369045\"},\"author\":{\"name\":\"Farn\u00e9sio\",\"@id\":\"https:\\\/\\\/blogdofarnesio.com.br\\\/#\\\/schema\\\/person\\\/bb9b23ae3ad0609ce8df7b6c9e76824d\"},\"headline\":\"Iniciada revitaliza\u00e7\u00e3o da Pra\u00e7a Sim\u00f5es Filho, no Centro de Juazeiro\",\"datePublished\":\"2024-05-20T19:44:41+00:00\",\"mainEntityOfPage\":{\"@id\":\"https:\\\/\\\/blogdofarnesio.com.br\\\/?p=369045\"},\"wordCount\":283,\"commentCount\":0,\"publisher\":{\"@id\":\"https:\\\/\\\/blogdofarnesio.com.br\\\/#organization\"},\"image\":{\"@id\":\"https:\\\/\\\/blogdofarnesio.com.br\\\/?p=369045#primaryimage\"},\"thumbnailUrl\":\"https:\\\/\\\/blogdofarnesio.com.br\\\/wp-content\\\/uploads\\\/2024\\\/05\\\/blogqspjua-pc-simoes-filho-e1716230350179.jpeg\",\"articleSection\":[\"Administra\u00e7\u00e3o\"],\"inLanguage\":\"pt-BR\",\"potentialAction\":[{\"@type\":\"CommentAction\",\"name\":\"Comment\",\"target\":[\"https:\\\/\\\/blogdofarnesio.com.br\\\/?p=369045#respond\"]}]},{\"@type\":\"WebPage\",\"@id\":\"https:\\\/\\\/blogdofarnesio.com.br\\\/?p=369045\",\"url\":\"https:\\\/\\\/blogdofarnesio.com.br\\\/?p=369045\",\"name\":\"Iniciada revitaliza\u00e7\u00e3o da Pra\u00e7a Sim\u00f5es Filho, no Centro de Juazeiro - Blog do Farn\u00e9sio\",\"isPartOf\":{\"@id\":\"https:\\\/\\\/blogdofarnesio.com.br\\\/#website\"},\"primaryImageOfPage\":{\"@id\":\"https:\\\/\\\/blogdofarnesio.com.br\\\/?p=369045#primaryimage\"},\"image\":{\"@id\":\"https:\\\/\\\/blogdofarnesio.com.br\\\/?p=369045#primaryimage\"},\"thumbnailUrl\":\"https:\\\/\\\/blogdofarnesio.com.br\\\/wp-content\\\/uploads\\\/2024\\\/05\\\/blogqspjua-pc-simoes-filho-e1716230350179.jpeg\",\"datePublished\":\"2024-05-20T19:44:41+00:00\",\"breadcrumb\":{\"@id\":\"https:\\\/\\\/blogdofarnesio.com.br\\\/?p=369045#breadcrumb\"},\"inLanguage\":\"pt-BR\",\"potentialAction\":[{\"@type\":\"ReadAction\",\"target\":[\"https:\\\/\\\/blogdofarnesio.com.br\\\/?p=369045\"]}]},{\"@type\":\"ImageObject\",\"inLanguage\":\"pt-BR\",\"@id\":\"https:\\\/\\\/blogdofarnesio.com.br\\\/?p=369045#primaryimage\",\"url\":\"https:\\\/\\\/blogdofarnesio.com.br\\\/wp-content\\\/uploads\\\/2024\\\/05\\\/blogqspjua-pc-simoes-filho-e1716230350179.jpeg\",\"contentUrl\":\"https:\\\/\\\/blogdofarnesio.com.br\\\/wp-content\\\/uploads\\\/2024\\\/05\\\/blogqspjua-pc-simoes-filho-e1716230350179.jpeg\",\"width\":580,\"height\":326},{\"@type\":\"BreadcrumbList\",\"@id\":\"https:\\\/\\\/blogdofarnesio.com.br\\\/?p=369045#breadcrumb\",\"itemListElement\":[{\"@type\":\"ListItem\",\"position\":1,\"name\":\"In\u00edcio\",\"item\":\"https:\\\/\\\/blogdofarnesio.com.br\\\/\"},{\"@type\":\"ListItem\",\"position\":2,\"name\":\"Iniciada revitaliza\u00e7\u00e3o da Pra\u00e7a Sim\u00f5es Filho, no Centro de Juazeiro\"}]},{\"@type\":\"WebSite\",\"@id\":\"https:\\\/\\\/blogdofarnesio.com.br\\\/#website\",\"url\":\"https:\\\/\\\/blogdofarnesio.com.br\\\/\",\"name\":\"Blog do Farn\u00e9sio\",\"description\":\"Quer Saber Pol\u00edtica?\",\"publisher\":{\"@id\":\"https:\\\/\\\/blogdofarnesio.com.br\\\/#organization\"},\"potentialAction\":[{\"@type\":\"SearchAction\",\"target\":{\"@type\":\"EntryPoint\",\"urlTemplate\":\"https:\\\/\\\/blogdofarnesio.com.br\\\/?s={search_term_string}\"},\"query-input\":{\"@type\":\"PropertyValueSpecification\",\"valueRequired\":true,\"valueName\":\"search_term_string\"}}],\"inLanguage\":\"pt-BR\"},{\"@type\":\"Organization\",\"@id\":\"https:\\\/\\\/blogdofarnesio.com.br\\\/#organization\",\"name\":\"Blog do Farn\u00e9sio\",\"url\":\"https:\\\/\\\/blogdofarnesio.com.br\\\/\",\"logo\":{\"@type\":\"ImageObject\",\"inLanguage\":\"pt-BR\",\"@id\":\"https:\\\/\\\/blogdofarnesio.com.br\\\/#\\\/schema\\\/logo\\\/image\\\/\",\"url\":\"https:\\\/\\\/blogdofarnesio.com.br\\\/wp-content\\\/uploads\\\/2026\\\/03\\\/cropped-logo_new-1.png\",\"contentUrl\":\"https:\\\/\\\/blogdofarnesio.com.br\\\/wp-content\\\/uploads\\\/2026\\\/03\\\/cropped-logo_new-1.png\",\"width\":881,\"height\":685,\"caption\":\"Blog do Farn\u00e9sio\"},\"image\":{\"@id\":\"https:\\\/\\\/blogdofarnesio.com.br\\\/#\\\/schema\\\/logo\\\/image\\\/\"},\"sameAs\":[\"https:\\\/\\\/www.facebook.com\\\/BlogQuerSaberPolitica\\\/\"]},{\"@type\":\"Person\",\"@id\":\"https:\\\/\\\/blogdofarnesio.com.br\\\/#\\\/schema\\\/person\\\/bb9b23ae3ad0609ce8df7b6c9e76824d\",\"name\":\"Farn\u00e9sio\",\"image\":{\"@type\":\"ImageObject\",\"inLanguage\":\"pt-BR\",\"@id\":\"https:\\\/\\\/secure.gravatar.com\\\/avatar\\\/986aa4c61ccdb66f8555bf88fc2a65609d00bcabd4d2d94377a727547345cbca?s=96&d=mm&r=g\",\"url\":\"https:\\\/\\\/secure.gravatar.com\\\/avatar\\\/986aa4c61ccdb66f8555bf88fc2a65609d00bcabd4d2d94377a727547345cbca?s=96&d=mm&r=g\",\"contentUrl\":\"https:\\\/\\\/secure.gravatar.com\\\/avatar\\\/986aa4c61ccdb66f8555bf88fc2a65609d00bcabd4d2d94377a727547345cbca?s=96&d=mm&r=g\",\"caption\":\"Farn\u00e9sio\"},\"description\":\"Radialista blogueiro, chegou a Petrolina\\\/Juazeiro em setembro de 1980, Farn\u00e9sio Silva \u00e9 de Arapiraca-Alagoas.\",\"sameAs\":[\"http:\\\/\\\/blogdofarnesio.com.br\",\"https:\\\/\\\/www.facebook.com\\\/?ref=tn_tnmn\",\"https:\\\/\\\/www.instagram.com\\\/?utm_source=pwa_homescreen\",\"https:\\\/\\\/youtube.com.br\\\/\"],\"url\":\"https:\\\/\\\/blogdofarnesio.com.br\\\/?author=2\"}]}<\/script>\n<!-- \/ Yoast SEO plugin. -->","yoast_head_json":{"title":"Iniciada revitaliza\u00e7\u00e3o da Pra\u00e7a Sim\u00f5es Filho, no Centro de Juazeiro - Blog do Farn\u00e9sio","robots":{"index":"index","follow":"follow","max-snippet":"max-snippet:-1","max-image-preview":"max-image-preview:large","max-video-preview":"max-video-preview:-1"},"canonical":"https:\/\/blogdofarnesio.com.br\/?p=369045","og_locale":"pt_BR","og_type":"article","og_title":"Iniciada revitaliza\u00e7\u00e3o da Pra\u00e7a Sim\u00f5es Filho, no Centro de Juazeiro - Blog do Farn\u00e9sio","og_description":"Sob a lideran\u00e7a da prefeita Suzana Ramos, a gest\u00e3o municipal de Juazeiro d\u00e1 in\u00edcio \u00e0 t\u00e3o aguardada revitaliza\u00e7\u00e3o da Pra\u00e7a Sim\u00f5es Filho, situada no Centro da cidade. A prefeita expressou seu compromisso em embelezar Juazeiro e promover espa\u00e7os p\u00fablicos acolhedores para os cidad\u00e3os. &#8220;Nossa cidade merece espa\u00e7os de conviv\u00eancia revitalizados, que promovam o bem-estar e a qualidade de vida de todos os juazeirenses. Por isso, j\u00e1 entregamos 18 pra\u00e7as totalmente requalificadas, na sede e no interior. Al\u00e9m disso, estamos pavimentando mais de 70 ruas em mais de 10 bairros&#8221;, destacou a prefeita. Os moradores da regi\u00e3o compartilham entusiasmo com as melhorias que est\u00e3o por vir. Uma residente local, Ermelinda Pereira, afirmou: &#8220;Estamos ansiosos por essas melhorias na Pra\u00e7a Sim\u00f5es Filho.&hellip;","og_url":"https:\/\/blogdofarnesio.com.br\/?p=369045","og_site_name":"Blog do Farn\u00e9sio","article_publisher":"https:\/\/www.facebook.com\/BlogQuerSaberPolitica\/","article_author":"https:\/\/www.facebook.com\/?ref=tn_tnmn","article_published_time":"2024-05-20T19:44:41+00:00","og_image":[{"width":580,"height":326,"url":"https:\/\/blogdofarnesio.com.br\/wp-content\/uploads\/2024\/05\/blogqspjua-pc-simoes-filho-e1716230350179.jpeg","type":"image\/jpeg"}],"author":"Farn\u00e9sio","twitter_card":"summary_large_image","twitter_misc":{"Escrito por":"Farn\u00e9sio","Est. tempo de leitura":"2 minutos"},"schema":{"@context":"https:\/\/schema.org","@graph":[{"@type":"Article","@id":"https:\/\/blogdofarnesio.com.br\/?p=369045#article","isPartOf":{"@id":"https:\/\/blogdofarnesio.com.br\/?p=369045"},"author":{"name":"Farn\u00e9sio","@id":"https:\/\/blogdofarnesio.com.br\/#\/schema\/person\/bb9b23ae3ad0609ce8df7b6c9e76824d"},"headline":"Iniciada revitaliza\u00e7\u00e3o da Pra\u00e7a Sim\u00f5es Filho, no Centro de Juazeiro","datePublished":"2024-05-20T19:44:41+00:00","mainEntityOfPage":{"@id":"https:\/\/blogdofarnesio.com.br\/?p=369045"},"wordCount":283,"commentCount":0,"publisher":{"@id":"https:\/\/blogdofarnesio.com.br\/#organization"},"image":{"@id":"https:\/\/blogdofarnesio.com.br\/?p=369045#primaryimage"},"thumbnailUrl":"https:\/\/blogdofarnesio.com.br\/wp-content\/uploads\/2024\/05\/blogqspjua-pc-simoes-filho-e1716230350179.jpeg","articleSection":["Administra\u00e7\u00e3o"],"inLanguage":"pt-BR","potentialAction":[{"@type":"CommentAction","name":"Comment","target":["https:\/\/blogdofarnesio.com.br\/?p=369045#respond"]}]},{"@type":"WebPage","@id":"https:\/\/blogdofarnesio.com.br\/?p=369045","url":"https:\/\/blogdofarnesio.com.br\/?p=369045","name":"Iniciada revitaliza\u00e7\u00e3o da Pra\u00e7a Sim\u00f5es Filho, no Centro de Juazeiro - Blog do Farn\u00e9sio","isPartOf":{"@id":"https:\/\/blogdofarnesio.com.br\/#website"},"primaryImageOfPage":{"@id":"https:\/\/blogdofarnesio.com.br\/?p=369045#primaryimage"},"image":{"@id":"https:\/\/blogdofarnesio.com.br\/?p=369045#primaryimage"},"thumbnailUrl":"https:\/\/blogdofarnesio.com.br\/wp-content\/uploads\/2024\/05\/blogqspjua-pc-simoes-filho-e1716230350179.jpeg","datePublished":"2024-05-20T19:44:41+00:00","breadcrumb":{"@id":"https:\/\/blogdofarnesio.com.br\/?p=369045#breadcrumb"},"inLanguage":"pt-BR","potentialAction":[{"@type":"ReadAction","target":["https:\/\/blogdofarnesio.com.br\/?p=369045"]}]},{"@type":"ImageObject","inLanguage":"pt-BR","@id":"https:\/\/blogdofarnesio.com.br\/?p=369045#primaryimage","url":"https:\/\/blogdofarnesio.com.br\/wp-content\/uploads\/2024\/05\/blogqspjua-pc-simoes-filho-e1716230350179.jpeg","contentUrl":"https:\/\/blogdofarnesio.com.br\/wp-content\/uploads\/2024\/05\/blogqspjua-pc-simoes-filho-e1716230350179.jpeg","width":580,"height":326},{"@type":"BreadcrumbList","@id":"https:\/\/blogdofarnesio.com.br\/?p=369045#breadcrumb","itemListElement":[{"@type":"ListItem","position":1,"name":"In\u00edcio","item":"https:\/\/blogdofarnesio.com.br\/"},{"@type":"ListItem","position":2,"name":"Iniciada revitaliza\u00e7\u00e3o da Pra\u00e7a Sim\u00f5es Filho, no Centro de Juazeiro"}]},{"@type":"WebSite","@id":"https:\/\/blogdofarnesio.com.br\/#website","url":"https:\/\/blogdofarnesio.com.br\/","name":"Blog do Farn\u00e9sio","description":"Quer Saber Pol\u00edtica?","publisher":{"@id":"https:\/\/blogdofarnesio.com.br\/#organization"},"potentialAction":[{"@type":"SearchAction","target":{"@type":"EntryPoint","urlTemplate":"https:\/\/blogdofarnesio.com.br\/?s={search_term_string}"},"query-input":{"@type":"PropertyValueSpecification","valueRequired":true,"valueName":"search_term_string"}}],"inLanguage":"pt-BR"},{"@type":"Organization","@id":"https:\/\/blogdofarnesio.com.br\/#organization","name":"Blog do Farn\u00e9sio","url":"https:\/\/blogdofarnesio.com.br\/","logo":{"@type":"ImageObject","inLanguage":"pt-BR","@id":"https:\/\/blogdofarnesio.com.br\/#\/schema\/logo\/image\/","url":"https:\/\/blogdofarnesio.com.br\/wp-content\/uploads\/2026\/03\/cropped-logo_new-1.png","contentUrl":"https:\/\/blogdofarnesio.com.br\/wp-content\/uploads\/2026\/03\/cropped-logo_new-1.png","width":881,"height":685,"caption":"Blog do Farn\u00e9sio"},"image":{"@id":"https:\/\/blogdofarnesio.com.br\/#\/schema\/logo\/image\/"},"sameAs":["https:\/\/www.facebook.com\/BlogQuerSaberPolitica\/"]},{"@type":"Person","@id":"https:\/\/blogdofarnesio.com.br\/#\/schema\/person\/bb9b23ae3ad0609ce8df7b6c9e76824d","name":"Farn\u00e9sio","image":{"@type":"ImageObject","inLanguage":"pt-BR","@id":"https:\/\/secure.gravatar.com\/avatar\/986aa4c61ccdb66f8555bf88fc2a65609d00bcabd4d2d94377a727547345cbca?s=96&d=mm&r=g","url":"https:\/\/secure.gravatar.com\/avatar\/986aa4c61ccdb66f8555bf88fc2a65609d00bcabd4d2d94377a727547345cbca?s=96&d=mm&r=g","contentUrl":"https:\/\/secure.gravatar.com\/avatar\/986aa4c61ccdb66f8555bf88fc2a65609d00bcabd4d2d94377a727547345cbca?s=96&d=mm&r=g","caption":"Farn\u00e9sio"},"description":"Radialista blogueiro, chegou a Petrolina\/Juazeiro em setembro de 1980, Farn\u00e9sio Silva \u00e9 de Arapiraca-Alagoas.","sameAs":["http:\/\/blogdofarnesio.com.br","https:\/\/www.facebook.com\/?ref=tn_tnmn","https:\/\/www.instagram.com\/?utm_source=pwa_homescreen","https:\/\/youtube.com.br\/"],"url":"https:\/\/blogdofarnesio.com.br\/?author=2"}]}},"_links":{"self":[{"href":"https:\/\/blogdofarnesio.com.br\/index.php?rest_route=\/wp\/v2\/posts\/369045","targetHints":{"allow":["GET"]}}],"collection":[{"href":"https:\/\/blogdofarnesio.com.br\/index.php?rest_route=\/wp\/v2\/posts"}],"about":[{"href":"https:\/\/blogdofarnesio.com.br\/index.php?rest_route=\/wp\/v2\/types\/post"}],"author":[{"embeddable":true,"href":"https:\/\/blogdofarnesio.com.br\/index.php?rest_route=\/wp\/v2\/users\/2"}],"replies":[{"embeddable":true,"href":"https:\/\/blogdofarnesio.com.br\/index.php?rest_route=%2Fwp%2Fv2%2Fcomments&post=369045"}],"version-history":[{"count":0,"href":"https:\/\/blogdofarnesio.com.br\/index.php?rest_route=\/wp\/v2\/posts\/369045\/revisions"}],"wp:featuredmedia":[{"embeddable":true,"href":"https:\/\/blogdofarnesio.com.br\/index.php?rest_route=\/wp\/v2\/media\/369046"}],"wp:attachment":[{"href":"https:\/\/blogdofarnesio.com.br\/index.php?rest_route=%2Fwp%2Fv2%2Fmedia&parent=369045"}],"wp:term":[{"taxonomy":"category","embeddable":true,"href":"https:\/\/blogdofarnesio.com.br\/index.php?rest_route=%2Fwp%2Fv2%2Fcategories&post=369045"},{"taxonomy":"post_tag","embeddable":true,"href":"https:\/\/blogdofarnesio.com.br\/index.php?rest_route=%2Fwp%2Fv2%2Ftags&post=369045"}],"curies":[{"name":"wp","href":"https:\/\/api.w.org\/{rel}","templated":true}]}}