{"id":369028,"date":"2024-05-21T07:20:07","date_gmt":"2024-05-21T10:20:07","guid":{"rendered":"https:\/\/blogdofarnesio.com.br\/?p=369028"},"modified":"2024-05-20T16:46:08","modified_gmt":"2024-05-20T19:46:08","slug":"por-amamentar-mulher-detida-em-petrolina-em-operacao-da-justica-de-alagoas-vai-para-prisao-domiciliar","status":"publish","type":"post","link":"https:\/\/blogdofarnesio.com.br\/2024\/05\/por-amamentar-mulher-detida-em-petrolina-em-operacao-da-justica-de-alagoas-vai-para-prisao-domiciliar\/","title":{"rendered":"Por amamentar, mulher detida em Petrolina em opera\u00e7\u00e3o da justi\u00e7a de Alagoas vai para pris\u00e3o domiciliar. Conhe\u00e7a a hist\u00f3ria"},"content":{"rendered":"<div class=\"noticias-single-content__image\">\n<p class=\"bodytext\">A Justi\u00e7a alagoana determinou que a pris\u00e3o preventiva de Hianne Maria de Costa Pinto, presa suspeita de integrar uma quadrilha que teria desviado mais de R$ 243 milh\u00f5es dos cofres p\u00fablicos, seja\u00a0substitu\u00edda por pris\u00e3o domiciliar.<\/p>\n<p class=\"bodytext\">A decis\u00e3o \u00e9 do desembargador\u00a0Jo\u00e3o Luiz Azevedo Lessa durante plant\u00e3o judici\u00e1rio no s\u00e1bado (18).\u00a0No local da pris\u00e3o foram\u00a0encontrados e apreendidos autom\u00f3veis de luxo, incluindo um\u00a0Porsche que pertenceu a\u00a0Daniel Alves e ainda estava no nome do ex-jogador.<\/p>\n<\/div>\n<div class=\"noticias-single-content__image\"><picture><img loading=\"lazy\" decoding=\"async\" class=\"aligncenter\" src=\"https:\/\/tnh1-cdn3.cworks.cloud\/fileadmin\/_processed_\/c\/a\/csm_porsche-foto-MP_b21259663b.jpg\" alt=\"Porsche em nome de Dani Alves foi apreendido durante opera\u00e7\u00e3o do Minist\u00e9rio P\u00fablico de Alagoas na cidade de Petrolina (PE)\" width=\"730\" height=\"411\" \/><\/picture><\/div>\n<div class=\"noticias-single-content__image\"><span class=\"noticias-single-content__image__caption\">Porsche em nome de Dani Alves foi apreendido durante opera\u00e7\u00e3o do Minist\u00e9rio P\u00fablico de Alagoas na cidade de Petrolina (PE) | Foto: MP-AL<\/span><\/div>\n<div class=\"noticias-single-content__content single-content\">\n<p class=\"bodytext\">De acordo com o desembargador,\u00a0a defesa comprovou que Hianne Maria \u00e9 m\u00e3e de uma crian\u00e7a menor de 12 anos de idade e n\u00e3o ostenta antecedentes criminais, e que o crime a ela imputado n\u00e3o envolveu viol\u00eancia ou grave amea\u00e7a. A mulher \u00e9 m\u00e3e de um menino de 1 ano e sete meses e ainda o amamenta. O pai do menino,o advogado\u00a0Frederico Benigno Sim\u00f5es, tamb\u00e9m foi preso na opera\u00e7\u00e3o.<\/p>\n<p class=\"bodytext\">Na decis\u00e3o, o desembargador informou que a convers\u00e3o para pris\u00e3o domiciliar n\u00e3o nega &#8220;a gravidade do crime imputado \u00e0 paciente que, em tese, faz parte de Orcrim [Organiza\u00e7\u00e3o Criminosa] com fim de desviar recursos e auferir enriquecimento il\u00edcito, disfar\u00e7ada por emiss\u00e3o de notas fiscais de servi\u00e7os sem a justificativa para tais movimenta\u00e7\u00f5es financeiras&#8221;.<\/p>\n<div class=\"single-publicidade text-center\">\n<div class=\"hidden-md hidden-lg\">\n<div class=\"hidden-md hidden-lg\">\n<div id=\"div-gpt-ad-1618237256620-2\" data-r4ad=\"\/198073784,1098681\/TN_MN_C.F.E.1_10\" data-r4ad-sizes=\"[336,280]\" data-r4ad-mobile=\"\" data-google-query-id=\"CPKxm6HPnIYDFekduQYdk3cJBw\">\n<div id=\"google_ads_iframe_\/198073784,1098681\/TN_MN_C.F.E.1_10_0__container__\"><iframe loading=\"lazy\" id=\"google_ads_iframe_\/198073784,1098681\/TN_MN_C.F.E.1_10_0\" tabindex=\"0\" title=\"3rd party ad content\" src=\"https:\/\/b8f7cf70b31b6ebadfec3a6d96d45817.safeframe.googlesyndication.com\/safeframe\/1-0-40\/html\/container.html\" name=\"\" width=\"412\" height=\"381\" frameborder=\"0\" marginwidth=\"0\" marginheight=\"0\" scrolling=\"no\" sandbox=\"allow-forms allow-popups allow-popups-to-escape-sandbox allow-same-origin allow-scripts allow-top-navigation-by-user-activation\" data-is-safeframe=\"true\" aria-label=\"Advertisement\" data-google-container-id=\"4\" data-gtm-yt-inspected-9=\"true\" data-gtm-yt-inspected-14=\"true\" data-load-complete=\"true\" data-mce-fragment=\"1\"><\/iframe><\/div>\n<\/div>\n<\/div>\n<\/div>\n<\/div>\n<p class=\"bodytext\">&#8220;No entanto, neste caso espec\u00edfico, repiso, em que m\u00e3e e pai de filho pequeno se encontram presos, conven\u00e7o-me de que manter uma crian\u00e7a de dois anos afastada de sua m\u00e3e \u00e9 altamente prejudicial e requer solu\u00e7\u00e3o urgente, conclus\u00e3o a que chego levando em conta tamb\u00e9m outros fatores, tais como as condutas imputadas e as circunst\u00e2ncias subjetivas da paciente&#8221;, destacou.<\/p>\n<div class=\"\">\n<div id=\"CW\" class=\"tnh1-veja-tambem noticias-listagem-default\">\n<p class=\"tnh1-veja-tambem__title\">VEJA TAMB\u00c9M<\/p>\n<ul>\n<li class=\"tnh1-veja-tambem__noticia\">\n<div class=\"tnh1-veja-tambem__noticia__title\">Porsche de Dani Alves e R$ 243 milh\u00f5es dos cofres p\u00fablicos: quadrilha \u00e9 presa em Alagoas e Pernambuco<\/div>\n<\/li>\n<\/ul>\n<ul>\n<li class=\"tnh1-veja-tambem__noticia\">\n<div class=\"tnh1-veja-tambem__noticia__title\">MP investiga se prefeituras de Alagoas receberam propina em esquema que desviou cerca de R$ 243 milh\u00f5es<\/div>\n<\/li>\n<\/ul>\n<ul>\n<li class=\"tnh1-veja-tambem__noticia\">\n<div class=\"tnh1-veja-tambem__noticia__title\">L\u00edderes de organiza\u00e7\u00e3o criminosa mantinham planilha de propinas para agentes p\u00fablicos e policiais<\/div>\n<\/li>\n<\/ul>\n<\/div>\n<\/div>\n<div class=\"single-publicidade text-center\">\n<div class=\"hidden-md hidden-lg\">\n<div class=\"hidden-md hidden-lg\">\n<div id=\"div-gpt-ad-1618237256620-3\" data-r4ad=\"\/198073784,1098681\/TN_MN_D.F.E.1_10\" data-r4ad-sizes=\"[336,280]\" data-r4ad-mobile=\"\" data-google-query-id=\"CIu0g6TPnIYDFQQEuQYdsZwKAQ\">\n<div id=\"google_ads_iframe_\/198073784,1098681\/TN_MN_D.F.E.1_10_0__container__\"><iframe loading=\"lazy\" id=\"google_ads_iframe_\/198073784,1098681\/TN_MN_D.F.E.1_10_0\" tabindex=\"0\" title=\"3rd party ad content\" src=\"https:\/\/b8f7cf70b31b6ebadfec3a6d96d45817.safeframe.googlesyndication.com\/safeframe\/1-0-40\/html\/container.html\" name=\"\" width=\"412\" height=\"381\" frameborder=\"0\" marginwidth=\"0\" marginheight=\"0\" scrolling=\"no\" sandbox=\"allow-forms allow-popups allow-popups-to-escape-sandbox allow-same-origin allow-scripts allow-top-navigation-by-user-activation\" data-is-safeframe=\"true\" aria-label=\"Advertisement\" data-google-container-id=\"5\" data-gtm-yt-inspected-9=\"true\" data-gtm-yt-inspected-14=\"true\" data-load-complete=\"true\" data-mce-fragment=\"1\"><\/iframe><\/div>\n<\/div>\n<\/div>\n<\/div>\n<\/div>\n<p class=\"bodytext\">O alvar\u00e1 de soltura foi emitido\u00a0nesse\u00a0domingo (19), horas depois da decis\u00e3o do desembargador. &#8220;Desse modo, concedo a ordem, liminarmente, no sentido de substituir a referida pris\u00e3o preventiva da paciente pela pris\u00e3o domiciliar, possibilitando que ela assim permane\u00e7a at\u00e9 julgamento do m\u00e9rito&#8221;, trouxe outro trecho da decis\u00e3o.<\/p>\n<p class=\"bodytext\">O documento pontua ainda que pris\u00e3o domiciliar &#8220;\u00e9 pris\u00e3o e n\u00e3o se confunde com liberdade provis\u00f3ria&#8221;, uma vez que a deve permanecer recolhida em casa e n\u00e3o pode se ausentar do local sem autoriza\u00e7\u00e3o judicial.<\/p>\n<p class=\"bodytext\">Hianne e Frederico\u00a0foram presos na quinta-feira (16) durante a Opera\u00e7\u00e3o Maligno, coordenada pelo Minist\u00e9rio P\u00fablico Estadual (MPAL). Al\u00e9m do casal,\u00a0foram presos Alisson Barbosa Freitas, Silvano Luiz da Costa e Betuel Ferreira de Souza. Segundo a den\u00fancia, o grupo uma quadrilha especializada em burlar concurso p\u00fablico atrav\u00e9s de crimes como a venda de facilidades aos gestores p\u00fablicos, a exemplo de funcion\u00e1rios fantasmas e lota\u00e7\u00e3o por indica\u00e7\u00f5es.\u00a0 A quadrilha era especializada em burlar concurso p\u00fablico atrav\u00e9s de crimes como a venda de facilidades aos gestores p\u00fablicos, a exemplo de funcion\u00e1rios fantasmas e lota\u00e7\u00e3o por indica\u00e7\u00f5es.<\/p>\n<div class=\"single-publicidade text-center\">\n<div class=\"hidden-md hidden-lg\">\n<div class=\"hidden-md hidden-lg\">\n<div id=\"div-gpt-ad-1618237256620-4\" data-r4ad=\"\/198073784,1098681\/TN_MN_E.F.E.1_10\" data-r4ad-sizes=\"[336,280]\" data-r4ad-mobile=\"\" data-google-query-id=\"CMfvi6bPnIYDFRSBYQYd6YcPFQ\">\n<div id=\"google_ads_iframe_\/198073784,1098681\/TN_MN_E.F.E.1_10_0__container__\"><iframe loading=\"lazy\" id=\"google_ads_iframe_\/198073784,1098681\/TN_MN_E.F.E.1_10_0\" tabindex=\"0\" title=\"3rd party ad content\" src=\"https:\/\/b8f7cf70b31b6ebadfec3a6d96d45817.safeframe.googlesyndication.com\/safeframe\/1-0-40\/html\/container.html\" name=\"\" width=\"412\" height=\"344\" frameborder=\"0\" marginwidth=\"0\" marginheight=\"0\" scrolling=\"no\" sandbox=\"allow-forms allow-popups allow-popups-to-escape-sandbox allow-same-origin allow-scripts allow-top-navigation-by-user-activation\" data-is-safeframe=\"true\" aria-label=\"Advertisement\" data-google-container-id=\"6\" data-gtm-yt-inspected-9=\"true\" data-gtm-yt-inspected-14=\"true\" data-load-complete=\"true\" data-mce-fragment=\"1\"><\/iframe><\/div>\n<\/div>\n<\/div>\n<\/div>\n<\/div>\n<table class=\"table\">\n<tbody>\n<tr>\n<td class=\"text-center\"><img loading=\"lazy\" decoding=\"async\" src=\"https:\/\/www.tnh1.com.br\/fileadmin\/user_upload\/tnh1\/2024\/05\/20\/dinheiro_apreendido.png\" alt=\"\" width=\"751\" height=\"500\" \/><em>O Minist\u00e9rio P\u00fablico apreendeu R$ 649 mil apenas de um dos membros da quadrilha | Foto: Minist\u00e9rio P\u00fablico de Alagoas<\/em><\/td>\n<\/tr>\n<\/tbody>\n<\/table>\n<p class=\"bodytext\" dir=\"ltr\">De acordo com o MP, a quadrilha utilizava uma pseudo cooperativa de presta\u00e7\u00e3o de servi\u00e7os, com sede no bairro da Jati\u00faca, em Macei\u00f3, para firmar contratos milion\u00e1rios. Ao todo, foram assinados 20 acordos com munic\u00edpios do estado de Alagoas. Entre outubro de 2020 e mar\u00e7o de 2023, o grupo movimentou cerca de R$ 243 milh\u00f5es.<\/p>\n<p class=\"bodytext\" dir=\"ltr\">O\u00a0<strong>TNH1<\/strong>\u00a0n\u00e3o conseguiu os contatos da defesa dos presos na opera\u00e7\u00e3o, mas deixa o espa\u00e7o aberto para eventuais manifesta\u00e7\u00f5es<\/p>\n<\/div>\n","protected":false},"excerpt":{"rendered":"<p>A Justi\u00e7a alagoana determinou que a pris\u00e3o preventiva de Hianne Maria de Costa Pinto, presa suspeita de integrar uma quadrilha que teria desviado mais de R$ 243 milh\u00f5es dos cofres p\u00fablicos, seja\u00a0substitu\u00edda por pris\u00e3o domiciliar. A decis\u00e3o \u00e9 do desembargador\u00a0Jo\u00e3o Luiz Azevedo Lessa durante plant\u00e3o judici\u00e1rio no s\u00e1bado (18).\u00a0No local da pris\u00e3o foram\u00a0encontrados e apreendidos autom\u00f3veis de luxo, incluindo um\u00a0Porsche que pertenceu a\u00a0Daniel Alves e ainda estava no nome do ex-jogador. Porsche em nome de Dani Alves foi apreendido durante opera\u00e7\u00e3o do Minist\u00e9rio P\u00fablico de Alagoas na cidade de Petrolina (PE) | Foto: MP-AL De acordo com o desembargador,\u00a0a defesa comprovou que Hianne Maria \u00e9 m\u00e3e de uma crian\u00e7a menor de 12 anos de idade e n\u00e3o ostenta antecedentes criminais,&hellip; <\/p>\n","protected":false},"author":2,"featured_media":337404,"comment_status":"open","ping_status":"open","sticky":false,"template":"","format":"standard","meta":{"_acf_changed":false,"footnotes":""},"categories":[43],"tags":[],"class_list":["post-369028","post","type-post","status-publish","format-standard","has-post-thumbnail","hentry","category-sem-categoria"],"acf":[],"yoast_head":"<!-- This site is optimized with the Yoast SEO plugin v27.5 - https:\/\/yoast.com\/product\/yoast-seo-wordpress\/ -->\n<title>Por amamentar, mulher detida em Petrolina em opera\u00e7\u00e3o da justi\u00e7a de Alagoas vai para pris\u00e3o domiciliar. Conhe\u00e7a a hist\u00f3ria - Blog do Farn\u00e9sio<\/title>\n<meta name=\"robots\" content=\"index, follow, max-snippet:-1, max-image-preview:large, max-video-preview:-1\" \/>\n<link rel=\"canonical\" href=\"https:\/\/blogdofarnesio.com.br\/2024\/05\/por-amamentar-mulher-detida-em-petrolina-em-operacao-da-justica-de-alagoas-vai-para-prisao-domiciliar\/\" \/>\n<meta property=\"og:locale\" content=\"pt_BR\" \/>\n<meta property=\"og:type\" content=\"article\" \/>\n<meta property=\"og:title\" content=\"Por amamentar, mulher detida em Petrolina em opera\u00e7\u00e3o da justi\u00e7a de Alagoas vai para pris\u00e3o domiciliar. Conhe\u00e7a a hist\u00f3ria - Blog do Farn\u00e9sio\" \/>\n<meta property=\"og:description\" content=\"A Justi\u00e7a alagoana determinou que a pris\u00e3o preventiva de Hianne Maria de Costa Pinto, presa suspeita de integrar uma quadrilha que teria desviado mais de R$ 243 milh\u00f5es dos cofres p\u00fablicos, seja\u00a0substitu\u00edda por pris\u00e3o domiciliar. A decis\u00e3o \u00e9 do desembargador\u00a0Jo\u00e3o Luiz Azevedo Lessa durante plant\u00e3o judici\u00e1rio no s\u00e1bado (18).\u00a0No local da pris\u00e3o foram\u00a0encontrados e apreendidos autom\u00f3veis de luxo, incluindo um\u00a0Porsche que pertenceu a\u00a0Daniel Alves e ainda estava no nome do ex-jogador. Porsche em nome de Dani Alves foi apreendido durante opera\u00e7\u00e3o do Minist\u00e9rio P\u00fablico de Alagoas na cidade de Petrolina (PE) | Foto: MP-AL De acordo com o desembargador,\u00a0a defesa comprovou que Hianne Maria \u00e9 m\u00e3e de uma crian\u00e7a menor de 12 anos de idade e n\u00e3o ostenta antecedentes criminais,&hellip;\" \/>\n<meta property=\"og:url\" content=\"https:\/\/blogdofarnesio.com.br\/2024\/05\/por-amamentar-mulher-detida-em-petrolina-em-operacao-da-justica-de-alagoas-vai-para-prisao-domiciliar\/\" \/>\n<meta property=\"og:site_name\" content=\"Blog do Farn\u00e9sio\" \/>\n<meta property=\"article:publisher\" content=\"https:\/\/www.facebook.com\/BlogQuerSaberPolitica\/\" \/>\n<meta property=\"article:author\" content=\"https:\/\/www.facebook.com\/?ref=tn_tnmn\" \/>\n<meta property=\"article:published_time\" content=\"2024-05-21T10:20:07+00:00\" \/>\n<meta property=\"og:image\" content=\"https:\/\/blogdofarnesio.com.br\/wp-content\/uploads\/2023\/04\/BIAMA-HDM-4jpeg-e1716234303311.jpeg\" \/>\n\t<meta property=\"og:image:width\" content=\"500\" \/>\n\t<meta property=\"og:image:height\" content=\"304\" \/>\n\t<meta property=\"og:image:type\" content=\"image\/jpeg\" \/>\n<meta name=\"author\" content=\"Farn\u00e9sio\" \/>\n<meta name=\"twitter:card\" content=\"summary_large_image\" \/>\n<meta name=\"twitter:label1\" content=\"Escrito por\" \/>\n\t<meta name=\"twitter:data1\" content=\"Farn\u00e9sio\" \/>\n\t<meta name=\"twitter:label2\" content=\"Est. tempo de leitura\" \/>\n\t<meta name=\"twitter:data2\" content=\"4 minutos\" \/>\n<script type=\"application\/ld+json\" class=\"yoast-schema-graph\">{\"@context\":\"https:\\\/\\\/schema.org\",\"@graph\":[{\"@type\":\"Article\",\"@id\":\"https:\\\/\\\/blogdofarnesio.com.br\\\/2024\\\/05\\\/por-amamentar-mulher-detida-em-petrolina-em-operacao-da-justica-de-alagoas-vai-para-prisao-domiciliar\\\/#article\",\"isPartOf\":{\"@id\":\"https:\\\/\\\/blogdofarnesio.com.br\\\/2024\\\/05\\\/por-amamentar-mulher-detida-em-petrolina-em-operacao-da-justica-de-alagoas-vai-para-prisao-domiciliar\\\/\"},\"author\":{\"name\":\"Farn\u00e9sio\",\"@id\":\"https:\\\/\\\/blogdofarnesio.com.br\\\/#\\\/schema\\\/person\\\/bb9b23ae3ad0609ce8df7b6c9e76824d\"},\"headline\":\"Por amamentar, mulher detida em Petrolina em opera\u00e7\u00e3o da justi\u00e7a de Alagoas vai para pris\u00e3o domiciliar. Conhe\u00e7a a hist\u00f3ria\",\"datePublished\":\"2024-05-21T10:20:07+00:00\",\"mainEntityOfPage\":{\"@id\":\"https:\\\/\\\/blogdofarnesio.com.br\\\/2024\\\/05\\\/por-amamentar-mulher-detida-em-petrolina-em-operacao-da-justica-de-alagoas-vai-para-prisao-domiciliar\\\/\"},\"wordCount\":704,\"commentCount\":0,\"publisher\":{\"@id\":\"https:\\\/\\\/blogdofarnesio.com.br\\\/#organization\"},\"image\":{\"@id\":\"https:\\\/\\\/blogdofarnesio.com.br\\\/2024\\\/05\\\/por-amamentar-mulher-detida-em-petrolina-em-operacao-da-justica-de-alagoas-vai-para-prisao-domiciliar\\\/#primaryimage\"},\"thumbnailUrl\":\"https:\\\/\\\/blogdofarnesio.com.br\\\/wp-content\\\/uploads\\\/2023\\\/04\\\/BIAMA-HDM-4jpeg-e1716234303311.jpeg\",\"inLanguage\":\"pt-BR\",\"potentialAction\":[{\"@type\":\"CommentAction\",\"name\":\"Comment\",\"target\":[\"https:\\\/\\\/blogdofarnesio.com.br\\\/2024\\\/05\\\/por-amamentar-mulher-detida-em-petrolina-em-operacao-da-justica-de-alagoas-vai-para-prisao-domiciliar\\\/#respond\"]}]},{\"@type\":\"WebPage\",\"@id\":\"https:\\\/\\\/blogdofarnesio.com.br\\\/2024\\\/05\\\/por-amamentar-mulher-detida-em-petrolina-em-operacao-da-justica-de-alagoas-vai-para-prisao-domiciliar\\\/\",\"url\":\"https:\\\/\\\/blogdofarnesio.com.br\\\/2024\\\/05\\\/por-amamentar-mulher-detida-em-petrolina-em-operacao-da-justica-de-alagoas-vai-para-prisao-domiciliar\\\/\",\"name\":\"Por amamentar, mulher detida em Petrolina em opera\u00e7\u00e3o da justi\u00e7a de Alagoas vai para pris\u00e3o domiciliar. Conhe\u00e7a a hist\u00f3ria - Blog do Farn\u00e9sio\",\"isPartOf\":{\"@id\":\"https:\\\/\\\/blogdofarnesio.com.br\\\/#website\"},\"primaryImageOfPage\":{\"@id\":\"https:\\\/\\\/blogdofarnesio.com.br\\\/2024\\\/05\\\/por-amamentar-mulher-detida-em-petrolina-em-operacao-da-justica-de-alagoas-vai-para-prisao-domiciliar\\\/#primaryimage\"},\"image\":{\"@id\":\"https:\\\/\\\/blogdofarnesio.com.br\\\/2024\\\/05\\\/por-amamentar-mulher-detida-em-petrolina-em-operacao-da-justica-de-alagoas-vai-para-prisao-domiciliar\\\/#primaryimage\"},\"thumbnailUrl\":\"https:\\\/\\\/blogdofarnesio.com.br\\\/wp-content\\\/uploads\\\/2023\\\/04\\\/BIAMA-HDM-4jpeg-e1716234303311.jpeg\",\"datePublished\":\"2024-05-21T10:20:07+00:00\",\"breadcrumb\":{\"@id\":\"https:\\\/\\\/blogdofarnesio.com.br\\\/2024\\\/05\\\/por-amamentar-mulher-detida-em-petrolina-em-operacao-da-justica-de-alagoas-vai-para-prisao-domiciliar\\\/#breadcrumb\"},\"inLanguage\":\"pt-BR\",\"potentialAction\":[{\"@type\":\"ReadAction\",\"target\":[\"https:\\\/\\\/blogdofarnesio.com.br\\\/2024\\\/05\\\/por-amamentar-mulher-detida-em-petrolina-em-operacao-da-justica-de-alagoas-vai-para-prisao-domiciliar\\\/\"]}]},{\"@type\":\"ImageObject\",\"inLanguage\":\"pt-BR\",\"@id\":\"https:\\\/\\\/blogdofarnesio.com.br\\\/2024\\\/05\\\/por-amamentar-mulher-detida-em-petrolina-em-operacao-da-justica-de-alagoas-vai-para-prisao-domiciliar\\\/#primaryimage\",\"url\":\"https:\\\/\\\/blogdofarnesio.com.br\\\/wp-content\\\/uploads\\\/2023\\\/04\\\/BIAMA-HDM-4jpeg-e1716234303311.jpeg\",\"contentUrl\":\"https:\\\/\\\/blogdofarnesio.com.br\\\/wp-content\\\/uploads\\\/2023\\\/04\\\/BIAMA-HDM-4jpeg-e1716234303311.jpeg\",\"width\":500,\"height\":304,\"caption\":\"Ilustra\u00e7\u00e3o\"},{\"@type\":\"BreadcrumbList\",\"@id\":\"https:\\\/\\\/blogdofarnesio.com.br\\\/2024\\\/05\\\/por-amamentar-mulher-detida-em-petrolina-em-operacao-da-justica-de-alagoas-vai-para-prisao-domiciliar\\\/#breadcrumb\",\"itemListElement\":[{\"@type\":\"ListItem\",\"position\":1,\"name\":\"In\u00edcio\",\"item\":\"https:\\\/\\\/blogdofarnesio.com.br\\\/\"},{\"@type\":\"ListItem\",\"position\":2,\"name\":\"Por amamentar, mulher detida em Petrolina em opera\u00e7\u00e3o da justi\u00e7a de Alagoas vai para pris\u00e3o domiciliar. Conhe\u00e7a a hist\u00f3ria\"}]},{\"@type\":\"WebSite\",\"@id\":\"https:\\\/\\\/blogdofarnesio.com.br\\\/#website\",\"url\":\"https:\\\/\\\/blogdofarnesio.com.br\\\/\",\"name\":\"Blog do Farn\u00e9sio\",\"description\":\"Quer Saber Pol\u00edtica?\",\"publisher\":{\"@id\":\"https:\\\/\\\/blogdofarnesio.com.br\\\/#organization\"},\"potentialAction\":[{\"@type\":\"SearchAction\",\"target\":{\"@type\":\"EntryPoint\",\"urlTemplate\":\"https:\\\/\\\/blogdofarnesio.com.br\\\/?s={search_term_string}\"},\"query-input\":{\"@type\":\"PropertyValueSpecification\",\"valueRequired\":true,\"valueName\":\"search_term_string\"}}],\"inLanguage\":\"pt-BR\"},{\"@type\":\"Organization\",\"@id\":\"https:\\\/\\\/blogdofarnesio.com.br\\\/#organization\",\"name\":\"Blog do Farn\u00e9sio\",\"url\":\"https:\\\/\\\/blogdofarnesio.com.br\\\/\",\"logo\":{\"@type\":\"ImageObject\",\"inLanguage\":\"pt-BR\",\"@id\":\"https:\\\/\\\/blogdofarnesio.com.br\\\/#\\\/schema\\\/logo\\\/image\\\/\",\"url\":\"https:\\\/\\\/blogdofarnesio.com.br\\\/wp-content\\\/uploads\\\/2026\\\/03\\\/cropped-logo_new-1.png\",\"contentUrl\":\"https:\\\/\\\/blogdofarnesio.com.br\\\/wp-content\\\/uploads\\\/2026\\\/03\\\/cropped-logo_new-1.png\",\"width\":881,\"height\":685,\"caption\":\"Blog do Farn\u00e9sio\"},\"image\":{\"@id\":\"https:\\\/\\\/blogdofarnesio.com.br\\\/#\\\/schema\\\/logo\\\/image\\\/\"},\"sameAs\":[\"https:\\\/\\\/www.facebook.com\\\/BlogQuerSaberPolitica\\\/\"]},{\"@type\":\"Person\",\"@id\":\"https:\\\/\\\/blogdofarnesio.com.br\\\/#\\\/schema\\\/person\\\/bb9b23ae3ad0609ce8df7b6c9e76824d\",\"name\":\"Farn\u00e9sio\",\"image\":{\"@type\":\"ImageObject\",\"inLanguage\":\"pt-BR\",\"@id\":\"https:\\\/\\\/secure.gravatar.com\\\/avatar\\\/986aa4c61ccdb66f8555bf88fc2a65609d00bcabd4d2d94377a727547345cbca?s=96&d=mm&r=g\",\"url\":\"https:\\\/\\\/secure.gravatar.com\\\/avatar\\\/986aa4c61ccdb66f8555bf88fc2a65609d00bcabd4d2d94377a727547345cbca?s=96&d=mm&r=g\",\"contentUrl\":\"https:\\\/\\\/secure.gravatar.com\\\/avatar\\\/986aa4c61ccdb66f8555bf88fc2a65609d00bcabd4d2d94377a727547345cbca?s=96&d=mm&r=g\",\"caption\":\"Farn\u00e9sio\"},\"description\":\"Radialista blogueiro, chegou a Petrolina\\\/Juazeiro em setembro de 1980, Farn\u00e9sio Silva \u00e9 de Arapiraca-Alagoas.\",\"sameAs\":[\"http:\\\/\\\/blogdofarnesio.com.br\",\"https:\\\/\\\/www.facebook.com\\\/?ref=tn_tnmn\",\"https:\\\/\\\/www.instagram.com\\\/?utm_source=pwa_homescreen\",\"https:\\\/\\\/youtube.com.br\\\/\"],\"url\":\"https:\\\/\\\/blogdofarnesio.com.br\\\/author\\\/farnesio-2\\\/\"}]}<\/script>\n<!-- \/ Yoast SEO plugin. -->","yoast_head_json":{"title":"Por amamentar, mulher detida em Petrolina em opera\u00e7\u00e3o da justi\u00e7a de Alagoas vai para pris\u00e3o domiciliar. Conhe\u00e7a a hist\u00f3ria - Blog do Farn\u00e9sio","robots":{"index":"index","follow":"follow","max-snippet":"max-snippet:-1","max-image-preview":"max-image-preview:large","max-video-preview":"max-video-preview:-1"},"canonical":"https:\/\/blogdofarnesio.com.br\/2024\/05\/por-amamentar-mulher-detida-em-petrolina-em-operacao-da-justica-de-alagoas-vai-para-prisao-domiciliar\/","og_locale":"pt_BR","og_type":"article","og_title":"Por amamentar, mulher detida em Petrolina em opera\u00e7\u00e3o da justi\u00e7a de Alagoas vai para pris\u00e3o domiciliar. Conhe\u00e7a a hist\u00f3ria - Blog do Farn\u00e9sio","og_description":"A Justi\u00e7a alagoana determinou que a pris\u00e3o preventiva de Hianne Maria de Costa Pinto, presa suspeita de integrar uma quadrilha que teria desviado mais de R$ 243 milh\u00f5es dos cofres p\u00fablicos, seja\u00a0substitu\u00edda por pris\u00e3o domiciliar. A decis\u00e3o \u00e9 do desembargador\u00a0Jo\u00e3o Luiz Azevedo Lessa durante plant\u00e3o judici\u00e1rio no s\u00e1bado (18).\u00a0No local da pris\u00e3o foram\u00a0encontrados e apreendidos autom\u00f3veis de luxo, incluindo um\u00a0Porsche que pertenceu a\u00a0Daniel Alves e ainda estava no nome do ex-jogador. Porsche em nome de Dani Alves foi apreendido durante opera\u00e7\u00e3o do Minist\u00e9rio P\u00fablico de Alagoas na cidade de Petrolina (PE) | Foto: MP-AL De acordo com o desembargador,\u00a0a defesa comprovou que Hianne Maria \u00e9 m\u00e3e de uma crian\u00e7a menor de 12 anos de idade e n\u00e3o ostenta antecedentes criminais,&hellip;","og_url":"https:\/\/blogdofarnesio.com.br\/2024\/05\/por-amamentar-mulher-detida-em-petrolina-em-operacao-da-justica-de-alagoas-vai-para-prisao-domiciliar\/","og_site_name":"Blog do Farn\u00e9sio","article_publisher":"https:\/\/www.facebook.com\/BlogQuerSaberPolitica\/","article_author":"https:\/\/www.facebook.com\/?ref=tn_tnmn","article_published_time":"2024-05-21T10:20:07+00:00","og_image":[{"width":500,"height":304,"url":"https:\/\/blogdofarnesio.com.br\/wp-content\/uploads\/2023\/04\/BIAMA-HDM-4jpeg-e1716234303311.jpeg","type":"image\/jpeg"}],"author":"Farn\u00e9sio","twitter_card":"summary_large_image","twitter_misc":{"Escrito por":"Farn\u00e9sio","Est. tempo de leitura":"4 minutos"},"schema":{"@context":"https:\/\/schema.org","@graph":[{"@type":"Article","@id":"https:\/\/blogdofarnesio.com.br\/2024\/05\/por-amamentar-mulher-detida-em-petrolina-em-operacao-da-justica-de-alagoas-vai-para-prisao-domiciliar\/#article","isPartOf":{"@id":"https:\/\/blogdofarnesio.com.br\/2024\/05\/por-amamentar-mulher-detida-em-petrolina-em-operacao-da-justica-de-alagoas-vai-para-prisao-domiciliar\/"},"author":{"name":"Farn\u00e9sio","@id":"https:\/\/blogdofarnesio.com.br\/#\/schema\/person\/bb9b23ae3ad0609ce8df7b6c9e76824d"},"headline":"Por amamentar, mulher detida em Petrolina em opera\u00e7\u00e3o da justi\u00e7a de Alagoas vai para pris\u00e3o domiciliar. Conhe\u00e7a a hist\u00f3ria","datePublished":"2024-05-21T10:20:07+00:00","mainEntityOfPage":{"@id":"https:\/\/blogdofarnesio.com.br\/2024\/05\/por-amamentar-mulher-detida-em-petrolina-em-operacao-da-justica-de-alagoas-vai-para-prisao-domiciliar\/"},"wordCount":704,"commentCount":0,"publisher":{"@id":"https:\/\/blogdofarnesio.com.br\/#organization"},"image":{"@id":"https:\/\/blogdofarnesio.com.br\/2024\/05\/por-amamentar-mulher-detida-em-petrolina-em-operacao-da-justica-de-alagoas-vai-para-prisao-domiciliar\/#primaryimage"},"thumbnailUrl":"https:\/\/blogdofarnesio.com.br\/wp-content\/uploads\/2023\/04\/BIAMA-HDM-4jpeg-e1716234303311.jpeg","inLanguage":"pt-BR","potentialAction":[{"@type":"CommentAction","name":"Comment","target":["https:\/\/blogdofarnesio.com.br\/2024\/05\/por-amamentar-mulher-detida-em-petrolina-em-operacao-da-justica-de-alagoas-vai-para-prisao-domiciliar\/#respond"]}]},{"@type":"WebPage","@id":"https:\/\/blogdofarnesio.com.br\/2024\/05\/por-amamentar-mulher-detida-em-petrolina-em-operacao-da-justica-de-alagoas-vai-para-prisao-domiciliar\/","url":"https:\/\/blogdofarnesio.com.br\/2024\/05\/por-amamentar-mulher-detida-em-petrolina-em-operacao-da-justica-de-alagoas-vai-para-prisao-domiciliar\/","name":"Por amamentar, mulher detida em Petrolina em opera\u00e7\u00e3o da justi\u00e7a de Alagoas vai para pris\u00e3o domiciliar. Conhe\u00e7a a hist\u00f3ria - Blog do Farn\u00e9sio","isPartOf":{"@id":"https:\/\/blogdofarnesio.com.br\/#website"},"primaryImageOfPage":{"@id":"https:\/\/blogdofarnesio.com.br\/2024\/05\/por-amamentar-mulher-detida-em-petrolina-em-operacao-da-justica-de-alagoas-vai-para-prisao-domiciliar\/#primaryimage"},"image":{"@id":"https:\/\/blogdofarnesio.com.br\/2024\/05\/por-amamentar-mulher-detida-em-petrolina-em-operacao-da-justica-de-alagoas-vai-para-prisao-domiciliar\/#primaryimage"},"thumbnailUrl":"https:\/\/blogdofarnesio.com.br\/wp-content\/uploads\/2023\/04\/BIAMA-HDM-4jpeg-e1716234303311.jpeg","datePublished":"2024-05-21T10:20:07+00:00","breadcrumb":{"@id":"https:\/\/blogdofarnesio.com.br\/2024\/05\/por-amamentar-mulher-detida-em-petrolina-em-operacao-da-justica-de-alagoas-vai-para-prisao-domiciliar\/#breadcrumb"},"inLanguage":"pt-BR","potentialAction":[{"@type":"ReadAction","target":["https:\/\/blogdofarnesio.com.br\/2024\/05\/por-amamentar-mulher-detida-em-petrolina-em-operacao-da-justica-de-alagoas-vai-para-prisao-domiciliar\/"]}]},{"@type":"ImageObject","inLanguage":"pt-BR","@id":"https:\/\/blogdofarnesio.com.br\/2024\/05\/por-amamentar-mulher-detida-em-petrolina-em-operacao-da-justica-de-alagoas-vai-para-prisao-domiciliar\/#primaryimage","url":"https:\/\/blogdofarnesio.com.br\/wp-content\/uploads\/2023\/04\/BIAMA-HDM-4jpeg-e1716234303311.jpeg","contentUrl":"https:\/\/blogdofarnesio.com.br\/wp-content\/uploads\/2023\/04\/BIAMA-HDM-4jpeg-e1716234303311.jpeg","width":500,"height":304,"caption":"Ilustra\u00e7\u00e3o"},{"@type":"BreadcrumbList","@id":"https:\/\/blogdofarnesio.com.br\/2024\/05\/por-amamentar-mulher-detida-em-petrolina-em-operacao-da-justica-de-alagoas-vai-para-prisao-domiciliar\/#breadcrumb","itemListElement":[{"@type":"ListItem","position":1,"name":"In\u00edcio","item":"https:\/\/blogdofarnesio.com.br\/"},{"@type":"ListItem","position":2,"name":"Por amamentar, mulher detida em Petrolina em opera\u00e7\u00e3o da justi\u00e7a de Alagoas vai para pris\u00e3o domiciliar. Conhe\u00e7a a hist\u00f3ria"}]},{"@type":"WebSite","@id":"https:\/\/blogdofarnesio.com.br\/#website","url":"https:\/\/blogdofarnesio.com.br\/","name":"Blog do Farn\u00e9sio","description":"Quer Saber Pol\u00edtica?","publisher":{"@id":"https:\/\/blogdofarnesio.com.br\/#organization"},"potentialAction":[{"@type":"SearchAction","target":{"@type":"EntryPoint","urlTemplate":"https:\/\/blogdofarnesio.com.br\/?s={search_term_string}"},"query-input":{"@type":"PropertyValueSpecification","valueRequired":true,"valueName":"search_term_string"}}],"inLanguage":"pt-BR"},{"@type":"Organization","@id":"https:\/\/blogdofarnesio.com.br\/#organization","name":"Blog do Farn\u00e9sio","url":"https:\/\/blogdofarnesio.com.br\/","logo":{"@type":"ImageObject","inLanguage":"pt-BR","@id":"https:\/\/blogdofarnesio.com.br\/#\/schema\/logo\/image\/","url":"https:\/\/blogdofarnesio.com.br\/wp-content\/uploads\/2026\/03\/cropped-logo_new-1.png","contentUrl":"https:\/\/blogdofarnesio.com.br\/wp-content\/uploads\/2026\/03\/cropped-logo_new-1.png","width":881,"height":685,"caption":"Blog do Farn\u00e9sio"},"image":{"@id":"https:\/\/blogdofarnesio.com.br\/#\/schema\/logo\/image\/"},"sameAs":["https:\/\/www.facebook.com\/BlogQuerSaberPolitica\/"]},{"@type":"Person","@id":"https:\/\/blogdofarnesio.com.br\/#\/schema\/person\/bb9b23ae3ad0609ce8df7b6c9e76824d","name":"Farn\u00e9sio","image":{"@type":"ImageObject","inLanguage":"pt-BR","@id":"https:\/\/secure.gravatar.com\/avatar\/986aa4c61ccdb66f8555bf88fc2a65609d00bcabd4d2d94377a727547345cbca?s=96&d=mm&r=g","url":"https:\/\/secure.gravatar.com\/avatar\/986aa4c61ccdb66f8555bf88fc2a65609d00bcabd4d2d94377a727547345cbca?s=96&d=mm&r=g","contentUrl":"https:\/\/secure.gravatar.com\/avatar\/986aa4c61ccdb66f8555bf88fc2a65609d00bcabd4d2d94377a727547345cbca?s=96&d=mm&r=g","caption":"Farn\u00e9sio"},"description":"Radialista blogueiro, chegou a Petrolina\/Juazeiro em setembro de 1980, Farn\u00e9sio Silva \u00e9 de Arapiraca-Alagoas.","sameAs":["http:\/\/blogdofarnesio.com.br","https:\/\/www.facebook.com\/?ref=tn_tnmn","https:\/\/www.instagram.com\/?utm_source=pwa_homescreen","https:\/\/youtube.com.br\/"],"url":"https:\/\/blogdofarnesio.com.br\/author\/farnesio-2\/"}]}},"_links":{"self":[{"href":"https:\/\/blogdofarnesio.com.br\/wp-json\/wp\/v2\/posts\/369028","targetHints":{"allow":["GET"]}}],"collection":[{"href":"https:\/\/blogdofarnesio.com.br\/wp-json\/wp\/v2\/posts"}],"about":[{"href":"https:\/\/blogdofarnesio.com.br\/wp-json\/wp\/v2\/types\/post"}],"author":[{"embeddable":true,"href":"https:\/\/blogdofarnesio.com.br\/wp-json\/wp\/v2\/users\/2"}],"replies":[{"embeddable":true,"href":"https:\/\/blogdofarnesio.com.br\/wp-json\/wp\/v2\/comments?post=369028"}],"version-history":[{"count":0,"href":"https:\/\/blogdofarnesio.com.br\/wp-json\/wp\/v2\/posts\/369028\/revisions"}],"wp:featuredmedia":[{"embeddable":true,"href":"https:\/\/blogdofarnesio.com.br\/wp-json\/wp\/v2\/media\/337404"}],"wp:attachment":[{"href":"https:\/\/blogdofarnesio.com.br\/wp-json\/wp\/v2\/media?parent=369028"}],"wp:term":[{"taxonomy":"category","embeddable":true,"href":"https:\/\/blogdofarnesio.com.br\/wp-json\/wp\/v2\/categories?post=369028"},{"taxonomy":"post_tag","embeddable":true,"href":"https:\/\/blogdofarnesio.com.br\/wp-json\/wp\/v2\/tags?post=369028"}],"curies":[{"name":"wp","href":"https:\/\/api.w.org\/{rel}","templated":true}]}}