{"id":368750,"date":"2024-05-16T08:22:44","date_gmt":"2024-05-16T11:22:44","guid":{"rendered":"https:\/\/blogdofarnesio.com.br\/?p=368750"},"modified":"2024-05-16T08:08:55","modified_gmt":"2024-05-16T11:08:55","slug":"tse-emite-certidao-de-quitacao-eleitoral-de-isaac-carvalho","status":"publish","type":"post","link":"https:\/\/blogdofarnesio.com.br\/?p=368750","title":{"rendered":"TSE emite certid\u00e3o de quita\u00e7\u00e3o eleitoral de Isaac Carvalho"},"content":{"rendered":"<div dir=\"auto\">J\u00e1 est\u00e1 dispon\u00edvel no site do Tribunal Superior Eleitoral (TSE) a certid\u00e3o de quita\u00e7\u00e3o eleitoral do pr\u00e9-candidato a Prefeito de Juazeiro, Isaac Carvalho. No sistema do TSE constava, no nome do ex-prefeito, uma multa j\u00e1 quitada, mas que ainda n\u00e3o tinha sido dado baixa, e que agora foi devidamente atualizada. O documento lhe garante plenos direitos e o habilita para a disputa das elei\u00e7\u00f5es deste ano.<\/div>\n<div dir=\"auto\"><\/div>\n<div dir=\"auto\"><a href=\"https:\/\/blogdofarnesio.com.br\/wp-content\/uploads\/2024\/05\/PDF.js-viewer.pdf\">Confira nesse link PDF.js viewer<\/a>&#8220;<\/div>\n<div dir=\"auto\"><\/div>\n<div dir=\"auto\">A emiss\u00e3o da certid\u00e3o de quita\u00e7\u00e3o eleitoral \u00e9 o reconhecimento do meu compromisso com a transpar\u00eancia e responsabilidade perante a Justi\u00e7a Eleitoral e, principalmente, com as pessoas que confiam em meu trabalho. Essa not\u00edcia \u00e9 a garantia de que estou apto e comprometido em representar os anseios da nossa cidade da melhor forma poss\u00edvel&#8221;, comemorou Isaac.<\/div>\n<div dir=\"auto\"><\/div>\n<div dir=\"auto\">Estar quite com a justi\u00e7a eleitoral \u00e9 de extrema import\u00e2ncia para qualquer cidad\u00e3o que almeje participar ativamente do processo democr\u00e1tico. Al\u00e9m de ser uma demonstra\u00e7\u00e3o de idoneidade e comprometimento com as normas eleitorais, essa certid\u00e3o \u00e9 um requisito fundamental para garantir a legitimidade e lisura das elei\u00e7\u00f5es, assegurando que os candidatos estejam em conformidade com as leis vigentes.<\/div>\n<div dir=\"auto\"><\/div>\n<div dir=\"auto\">Esta certid\u00e3o de quita\u00e7\u00e3o eleitoral pode ser expedida gratuitamente e sua autenticidade poder\u00e1 ser confirmada na p\u00e1gina do Tribunal Superior Eleitoral na Internet, no endere\u00e7o:\u00a0<a href=\"http:\/\/www.tse.jus.br\/\" target=\"_blank\" rel=\"noopener\" data-saferedirecturl=\"https:\/\/www.google.com\/url?q=http:\/\/www.tse.jus.br&amp;source=gmail&amp;ust=1715943205255000&amp;usg=AOvVaw3Y6sbA4Ei-N_MLfQ0hyzDp\">http:\/\/www.tse.jus.br<\/a>\u00a0ou pelo aplicativo e-T\u00edtulo, por meio do c\u00f3digo: Y5KC.BCR+.V2YE.VS6C<\/div>\n<div dir=\"auto\"><\/div>\n<div dir=\"auto\">Ascom Isaac Carvalho<\/div>\n","protected":false},"excerpt":{"rendered":"<p>J\u00e1 est\u00e1 dispon\u00edvel no site do Tribunal Superior Eleitoral (TSE) a certid\u00e3o de quita\u00e7\u00e3o eleitoral do pr\u00e9-candidato a Prefeito de Juazeiro, Isaac Carvalho. No sistema do TSE constava, no nome do ex-prefeito, uma multa j\u00e1 quitada, mas que ainda n\u00e3o tinha sido dado baixa, e que agora foi devidamente atualizada. O documento lhe garante plenos direitos e o habilita para a disputa das elei\u00e7\u00f5es deste ano. Confira nesse link PDF.js viewer&#8220; A emiss\u00e3o da certid\u00e3o de quita\u00e7\u00e3o eleitoral \u00e9 o reconhecimento do meu compromisso com a transpar\u00eancia e responsabilidade perante a Justi\u00e7a Eleitoral e, principalmente, com as pessoas que confiam em meu trabalho. Essa not\u00edcia \u00e9 a garantia de que estou apto e comprometido em representar os anseios da nossa&hellip; <\/p>\n","protected":false},"author":2,"featured_media":367577,"comment_status":"open","ping_status":"open","sticky":false,"template":"","format":"standard","meta":{"_acf_changed":false,"footnotes":""},"categories":[23],"tags":[],"class_list":["post-368750","post","type-post","status-publish","format-standard","has-post-thumbnail","hentry","category-justica"],"acf":[],"yoast_head":"<!-- This site is optimized with the Yoast SEO plugin v27.4 - https:\/\/yoast.com\/product\/yoast-seo-wordpress\/ -->\n<title>TSE emite certid\u00e3o de quita\u00e7\u00e3o eleitoral de Isaac Carvalho - Blog do Farn\u00e9sio<\/title>\n<meta name=\"robots\" content=\"index, follow, max-snippet:-1, max-image-preview:large, max-video-preview:-1\" \/>\n<link rel=\"canonical\" href=\"https:\/\/blogdofarnesio.com.br\/?p=368750\" \/>\n<meta property=\"og:locale\" content=\"pt_BR\" \/>\n<meta property=\"og:type\" content=\"article\" \/>\n<meta property=\"og:title\" content=\"TSE emite certid\u00e3o de quita\u00e7\u00e3o eleitoral de Isaac Carvalho - Blog do Farn\u00e9sio\" \/>\n<meta property=\"og:description\" content=\"J\u00e1 est\u00e1 dispon\u00edvel no site do Tribunal Superior Eleitoral (TSE) a certid\u00e3o de quita\u00e7\u00e3o eleitoral do pr\u00e9-candidato a Prefeito de Juazeiro, Isaac Carvalho. No sistema do TSE constava, no nome do ex-prefeito, uma multa j\u00e1 quitada, mas que ainda n\u00e3o tinha sido dado baixa, e que agora foi devidamente atualizada. O documento lhe garante plenos direitos e o habilita para a disputa das elei\u00e7\u00f5es deste ano. Confira nesse link PDF.js viewer&#8220; A emiss\u00e3o da certid\u00e3o de quita\u00e7\u00e3o eleitoral \u00e9 o reconhecimento do meu compromisso com a transpar\u00eancia e responsabilidade perante a Justi\u00e7a Eleitoral e, principalmente, com as pessoas que confiam em meu trabalho. Essa not\u00edcia \u00e9 a garantia de que estou apto e comprometido em representar os anseios da nossa&hellip;\" \/>\n<meta property=\"og:url\" content=\"https:\/\/blogdofarnesio.com.br\/?p=368750\" \/>\n<meta property=\"og:site_name\" content=\"Blog do Farn\u00e9sio\" \/>\n<meta property=\"article:publisher\" content=\"https:\/\/www.facebook.com\/BlogQuerSaberPolitica\/\" \/>\n<meta property=\"article:author\" content=\"https:\/\/www.facebook.com\/?ref=tn_tnmn\" \/>\n<meta property=\"article:published_time\" content=\"2024-05-16T11:22:44+00:00\" \/>\n<meta property=\"og:image\" content=\"https:\/\/blogdofarnesio.com.br\/wp-content\/uploads\/2024\/04\/Isaac-Carvalho-e1714512321917.jpg\" \/>\n\t<meta property=\"og:image:width\" content=\"600\" \/>\n\t<meta property=\"og:image:height\" content=\"418\" \/>\n\t<meta property=\"og:image:type\" content=\"image\/jpeg\" \/>\n<meta name=\"author\" content=\"Farn\u00e9sio\" \/>\n<meta name=\"twitter:card\" content=\"summary_large_image\" \/>\n<meta name=\"twitter:label1\" content=\"Escrito por\" \/>\n\t<meta name=\"twitter:data1\" content=\"Farn\u00e9sio\" \/>\n\t<meta name=\"twitter:label2\" content=\"Est. tempo de leitura\" \/>\n\t<meta name=\"twitter:data2\" content=\"2 minutos\" \/>\n<script type=\"application\/ld+json\" class=\"yoast-schema-graph\">{\"@context\":\"https:\\\/\\\/schema.org\",\"@graph\":[{\"@type\":\"Article\",\"@id\":\"https:\\\/\\\/blogdofarnesio.com.br\\\/?p=368750#article\",\"isPartOf\":{\"@id\":\"https:\\\/\\\/blogdofarnesio.com.br\\\/?p=368750\"},\"author\":{\"name\":\"Farn\u00e9sio\",\"@id\":\"https:\\\/\\\/blogdofarnesio.com.br\\\/#\\\/schema\\\/person\\\/bb9b23ae3ad0609ce8df7b6c9e76824d\"},\"headline\":\"TSE emite certid\u00e3o de quita\u00e7\u00e3o eleitoral de Isaac Carvalho\",\"datePublished\":\"2024-05-16T11:22:44+00:00\",\"mainEntityOfPage\":{\"@id\":\"https:\\\/\\\/blogdofarnesio.com.br\\\/?p=368750\"},\"wordCount\":268,\"commentCount\":0,\"publisher\":{\"@id\":\"https:\\\/\\\/blogdofarnesio.com.br\\\/#organization\"},\"image\":{\"@id\":\"https:\\\/\\\/blogdofarnesio.com.br\\\/?p=368750#primaryimage\"},\"thumbnailUrl\":\"https:\\\/\\\/blogdofarnesio.com.br\\\/wp-content\\\/uploads\\\/2024\\\/04\\\/Isaac-Carvalho-e1714512321917.jpg\",\"articleSection\":[\"Justi\u00e7a\"],\"inLanguage\":\"pt-BR\",\"potentialAction\":[{\"@type\":\"CommentAction\",\"name\":\"Comment\",\"target\":[\"https:\\\/\\\/blogdofarnesio.com.br\\\/?p=368750#respond\"]}]},{\"@type\":\"WebPage\",\"@id\":\"https:\\\/\\\/blogdofarnesio.com.br\\\/?p=368750\",\"url\":\"https:\\\/\\\/blogdofarnesio.com.br\\\/?p=368750\",\"name\":\"TSE emite certid\u00e3o de quita\u00e7\u00e3o eleitoral de Isaac Carvalho - Blog do Farn\u00e9sio\",\"isPartOf\":{\"@id\":\"https:\\\/\\\/blogdofarnesio.com.br\\\/#website\"},\"primaryImageOfPage\":{\"@id\":\"https:\\\/\\\/blogdofarnesio.com.br\\\/?p=368750#primaryimage\"},\"image\":{\"@id\":\"https:\\\/\\\/blogdofarnesio.com.br\\\/?p=368750#primaryimage\"},\"thumbnailUrl\":\"https:\\\/\\\/blogdofarnesio.com.br\\\/wp-content\\\/uploads\\\/2024\\\/04\\\/Isaac-Carvalho-e1714512321917.jpg\",\"datePublished\":\"2024-05-16T11:22:44+00:00\",\"breadcrumb\":{\"@id\":\"https:\\\/\\\/blogdofarnesio.com.br\\\/?p=368750#breadcrumb\"},\"inLanguage\":\"pt-BR\",\"potentialAction\":[{\"@type\":\"ReadAction\",\"target\":[\"https:\\\/\\\/blogdofarnesio.com.br\\\/?p=368750\"]}]},{\"@type\":\"ImageObject\",\"inLanguage\":\"pt-BR\",\"@id\":\"https:\\\/\\\/blogdofarnesio.com.br\\\/?p=368750#primaryimage\",\"url\":\"https:\\\/\\\/blogdofarnesio.com.br\\\/wp-content\\\/uploads\\\/2024\\\/04\\\/Isaac-Carvalho-e1714512321917.jpg\",\"contentUrl\":\"https:\\\/\\\/blogdofarnesio.com.br\\\/wp-content\\\/uploads\\\/2024\\\/04\\\/Isaac-Carvalho-e1714512321917.jpg\",\"width\":600,\"height\":418},{\"@type\":\"BreadcrumbList\",\"@id\":\"https:\\\/\\\/blogdofarnesio.com.br\\\/?p=368750#breadcrumb\",\"itemListElement\":[{\"@type\":\"ListItem\",\"position\":1,\"name\":\"In\u00edcio\",\"item\":\"https:\\\/\\\/blogdofarnesio.com.br\\\/\"},{\"@type\":\"ListItem\",\"position\":2,\"name\":\"TSE emite certid\u00e3o de quita\u00e7\u00e3o eleitoral de Isaac Carvalho\"}]},{\"@type\":\"WebSite\",\"@id\":\"https:\\\/\\\/blogdofarnesio.com.br\\\/#website\",\"url\":\"https:\\\/\\\/blogdofarnesio.com.br\\\/\",\"name\":\"Blog do Farn\u00e9sio\",\"description\":\"Quer Saber Pol\u00edtica?\",\"publisher\":{\"@id\":\"https:\\\/\\\/blogdofarnesio.com.br\\\/#organization\"},\"potentialAction\":[{\"@type\":\"SearchAction\",\"target\":{\"@type\":\"EntryPoint\",\"urlTemplate\":\"https:\\\/\\\/blogdofarnesio.com.br\\\/?s={search_term_string}\"},\"query-input\":{\"@type\":\"PropertyValueSpecification\",\"valueRequired\":true,\"valueName\":\"search_term_string\"}}],\"inLanguage\":\"pt-BR\"},{\"@type\":\"Organization\",\"@id\":\"https:\\\/\\\/blogdofarnesio.com.br\\\/#organization\",\"name\":\"Blog do Farn\u00e9sio\",\"url\":\"https:\\\/\\\/blogdofarnesio.com.br\\\/\",\"logo\":{\"@type\":\"ImageObject\",\"inLanguage\":\"pt-BR\",\"@id\":\"https:\\\/\\\/blogdofarnesio.com.br\\\/#\\\/schema\\\/logo\\\/image\\\/\",\"url\":\"https:\\\/\\\/blogdofarnesio.com.br\\\/wp-content\\\/uploads\\\/2026\\\/03\\\/cropped-logo_new-1.png\",\"contentUrl\":\"https:\\\/\\\/blogdofarnesio.com.br\\\/wp-content\\\/uploads\\\/2026\\\/03\\\/cropped-logo_new-1.png\",\"width\":881,\"height\":685,\"caption\":\"Blog do Farn\u00e9sio\"},\"image\":{\"@id\":\"https:\\\/\\\/blogdofarnesio.com.br\\\/#\\\/schema\\\/logo\\\/image\\\/\"},\"sameAs\":[\"https:\\\/\\\/www.facebook.com\\\/BlogQuerSaberPolitica\\\/\"]},{\"@type\":\"Person\",\"@id\":\"https:\\\/\\\/blogdofarnesio.com.br\\\/#\\\/schema\\\/person\\\/bb9b23ae3ad0609ce8df7b6c9e76824d\",\"name\":\"Farn\u00e9sio\",\"image\":{\"@type\":\"ImageObject\",\"inLanguage\":\"pt-BR\",\"@id\":\"https:\\\/\\\/secure.gravatar.com\\\/avatar\\\/986aa4c61ccdb66f8555bf88fc2a65609d00bcabd4d2d94377a727547345cbca?s=96&d=mm&r=g\",\"url\":\"https:\\\/\\\/secure.gravatar.com\\\/avatar\\\/986aa4c61ccdb66f8555bf88fc2a65609d00bcabd4d2d94377a727547345cbca?s=96&d=mm&r=g\",\"contentUrl\":\"https:\\\/\\\/secure.gravatar.com\\\/avatar\\\/986aa4c61ccdb66f8555bf88fc2a65609d00bcabd4d2d94377a727547345cbca?s=96&d=mm&r=g\",\"caption\":\"Farn\u00e9sio\"},\"description\":\"Radialista blogueiro, chegou a Petrolina\\\/Juazeiro em setembro de 1980, Farn\u00e9sio Silva \u00e9 de Arapiraca-Alagoas.\",\"sameAs\":[\"http:\\\/\\\/blogdofarnesio.com.br\",\"https:\\\/\\\/www.facebook.com\\\/?ref=tn_tnmn\",\"https:\\\/\\\/www.instagram.com\\\/?utm_source=pwa_homescreen\",\"https:\\\/\\\/youtube.com.br\\\/\"],\"url\":\"https:\\\/\\\/blogdofarnesio.com.br\\\/?author=2\"}]}<\/script>\n<!-- \/ Yoast SEO plugin. -->","yoast_head_json":{"title":"TSE emite certid\u00e3o de quita\u00e7\u00e3o eleitoral de Isaac Carvalho - Blog do Farn\u00e9sio","robots":{"index":"index","follow":"follow","max-snippet":"max-snippet:-1","max-image-preview":"max-image-preview:large","max-video-preview":"max-video-preview:-1"},"canonical":"https:\/\/blogdofarnesio.com.br\/?p=368750","og_locale":"pt_BR","og_type":"article","og_title":"TSE emite certid\u00e3o de quita\u00e7\u00e3o eleitoral de Isaac Carvalho - Blog do Farn\u00e9sio","og_description":"J\u00e1 est\u00e1 dispon\u00edvel no site do Tribunal Superior Eleitoral (TSE) a certid\u00e3o de quita\u00e7\u00e3o eleitoral do pr\u00e9-candidato a Prefeito de Juazeiro, Isaac Carvalho. No sistema do TSE constava, no nome do ex-prefeito, uma multa j\u00e1 quitada, mas que ainda n\u00e3o tinha sido dado baixa, e que agora foi devidamente atualizada. O documento lhe garante plenos direitos e o habilita para a disputa das elei\u00e7\u00f5es deste ano. Confira nesse link PDF.js viewer&#8220; A emiss\u00e3o da certid\u00e3o de quita\u00e7\u00e3o eleitoral \u00e9 o reconhecimento do meu compromisso com a transpar\u00eancia e responsabilidade perante a Justi\u00e7a Eleitoral e, principalmente, com as pessoas que confiam em meu trabalho. Essa not\u00edcia \u00e9 a garantia de que estou apto e comprometido em representar os anseios da nossa&hellip;","og_url":"https:\/\/blogdofarnesio.com.br\/?p=368750","og_site_name":"Blog do Farn\u00e9sio","article_publisher":"https:\/\/www.facebook.com\/BlogQuerSaberPolitica\/","article_author":"https:\/\/www.facebook.com\/?ref=tn_tnmn","article_published_time":"2024-05-16T11:22:44+00:00","og_image":[{"width":600,"height":418,"url":"https:\/\/blogdofarnesio.com.br\/wp-content\/uploads\/2024\/04\/Isaac-Carvalho-e1714512321917.jpg","type":"image\/jpeg"}],"author":"Farn\u00e9sio","twitter_card":"summary_large_image","twitter_misc":{"Escrito por":"Farn\u00e9sio","Est. tempo de leitura":"2 minutos"},"schema":{"@context":"https:\/\/schema.org","@graph":[{"@type":"Article","@id":"https:\/\/blogdofarnesio.com.br\/?p=368750#article","isPartOf":{"@id":"https:\/\/blogdofarnesio.com.br\/?p=368750"},"author":{"name":"Farn\u00e9sio","@id":"https:\/\/blogdofarnesio.com.br\/#\/schema\/person\/bb9b23ae3ad0609ce8df7b6c9e76824d"},"headline":"TSE emite certid\u00e3o de quita\u00e7\u00e3o eleitoral de Isaac Carvalho","datePublished":"2024-05-16T11:22:44+00:00","mainEntityOfPage":{"@id":"https:\/\/blogdofarnesio.com.br\/?p=368750"},"wordCount":268,"commentCount":0,"publisher":{"@id":"https:\/\/blogdofarnesio.com.br\/#organization"},"image":{"@id":"https:\/\/blogdofarnesio.com.br\/?p=368750#primaryimage"},"thumbnailUrl":"https:\/\/blogdofarnesio.com.br\/wp-content\/uploads\/2024\/04\/Isaac-Carvalho-e1714512321917.jpg","articleSection":["Justi\u00e7a"],"inLanguage":"pt-BR","potentialAction":[{"@type":"CommentAction","name":"Comment","target":["https:\/\/blogdofarnesio.com.br\/?p=368750#respond"]}]},{"@type":"WebPage","@id":"https:\/\/blogdofarnesio.com.br\/?p=368750","url":"https:\/\/blogdofarnesio.com.br\/?p=368750","name":"TSE emite certid\u00e3o de quita\u00e7\u00e3o eleitoral de Isaac Carvalho - Blog do Farn\u00e9sio","isPartOf":{"@id":"https:\/\/blogdofarnesio.com.br\/#website"},"primaryImageOfPage":{"@id":"https:\/\/blogdofarnesio.com.br\/?p=368750#primaryimage"},"image":{"@id":"https:\/\/blogdofarnesio.com.br\/?p=368750#primaryimage"},"thumbnailUrl":"https:\/\/blogdofarnesio.com.br\/wp-content\/uploads\/2024\/04\/Isaac-Carvalho-e1714512321917.jpg","datePublished":"2024-05-16T11:22:44+00:00","breadcrumb":{"@id":"https:\/\/blogdofarnesio.com.br\/?p=368750#breadcrumb"},"inLanguage":"pt-BR","potentialAction":[{"@type":"ReadAction","target":["https:\/\/blogdofarnesio.com.br\/?p=368750"]}]},{"@type":"ImageObject","inLanguage":"pt-BR","@id":"https:\/\/blogdofarnesio.com.br\/?p=368750#primaryimage","url":"https:\/\/blogdofarnesio.com.br\/wp-content\/uploads\/2024\/04\/Isaac-Carvalho-e1714512321917.jpg","contentUrl":"https:\/\/blogdofarnesio.com.br\/wp-content\/uploads\/2024\/04\/Isaac-Carvalho-e1714512321917.jpg","width":600,"height":418},{"@type":"BreadcrumbList","@id":"https:\/\/blogdofarnesio.com.br\/?p=368750#breadcrumb","itemListElement":[{"@type":"ListItem","position":1,"name":"In\u00edcio","item":"https:\/\/blogdofarnesio.com.br\/"},{"@type":"ListItem","position":2,"name":"TSE emite certid\u00e3o de quita\u00e7\u00e3o eleitoral de Isaac Carvalho"}]},{"@type":"WebSite","@id":"https:\/\/blogdofarnesio.com.br\/#website","url":"https:\/\/blogdofarnesio.com.br\/","name":"Blog do Farn\u00e9sio","description":"Quer Saber Pol\u00edtica?","publisher":{"@id":"https:\/\/blogdofarnesio.com.br\/#organization"},"potentialAction":[{"@type":"SearchAction","target":{"@type":"EntryPoint","urlTemplate":"https:\/\/blogdofarnesio.com.br\/?s={search_term_string}"},"query-input":{"@type":"PropertyValueSpecification","valueRequired":true,"valueName":"search_term_string"}}],"inLanguage":"pt-BR"},{"@type":"Organization","@id":"https:\/\/blogdofarnesio.com.br\/#organization","name":"Blog do Farn\u00e9sio","url":"https:\/\/blogdofarnesio.com.br\/","logo":{"@type":"ImageObject","inLanguage":"pt-BR","@id":"https:\/\/blogdofarnesio.com.br\/#\/schema\/logo\/image\/","url":"https:\/\/blogdofarnesio.com.br\/wp-content\/uploads\/2026\/03\/cropped-logo_new-1.png","contentUrl":"https:\/\/blogdofarnesio.com.br\/wp-content\/uploads\/2026\/03\/cropped-logo_new-1.png","width":881,"height":685,"caption":"Blog do Farn\u00e9sio"},"image":{"@id":"https:\/\/blogdofarnesio.com.br\/#\/schema\/logo\/image\/"},"sameAs":["https:\/\/www.facebook.com\/BlogQuerSaberPolitica\/"]},{"@type":"Person","@id":"https:\/\/blogdofarnesio.com.br\/#\/schema\/person\/bb9b23ae3ad0609ce8df7b6c9e76824d","name":"Farn\u00e9sio","image":{"@type":"ImageObject","inLanguage":"pt-BR","@id":"https:\/\/secure.gravatar.com\/avatar\/986aa4c61ccdb66f8555bf88fc2a65609d00bcabd4d2d94377a727547345cbca?s=96&d=mm&r=g","url":"https:\/\/secure.gravatar.com\/avatar\/986aa4c61ccdb66f8555bf88fc2a65609d00bcabd4d2d94377a727547345cbca?s=96&d=mm&r=g","contentUrl":"https:\/\/secure.gravatar.com\/avatar\/986aa4c61ccdb66f8555bf88fc2a65609d00bcabd4d2d94377a727547345cbca?s=96&d=mm&r=g","caption":"Farn\u00e9sio"},"description":"Radialista blogueiro, chegou a Petrolina\/Juazeiro em setembro de 1980, Farn\u00e9sio Silva \u00e9 de Arapiraca-Alagoas.","sameAs":["http:\/\/blogdofarnesio.com.br","https:\/\/www.facebook.com\/?ref=tn_tnmn","https:\/\/www.instagram.com\/?utm_source=pwa_homescreen","https:\/\/youtube.com.br\/"],"url":"https:\/\/blogdofarnesio.com.br\/?author=2"}]}},"_links":{"self":[{"href":"https:\/\/blogdofarnesio.com.br\/index.php?rest_route=\/wp\/v2\/posts\/368750","targetHints":{"allow":["GET"]}}],"collection":[{"href":"https:\/\/blogdofarnesio.com.br\/index.php?rest_route=\/wp\/v2\/posts"}],"about":[{"href":"https:\/\/blogdofarnesio.com.br\/index.php?rest_route=\/wp\/v2\/types\/post"}],"author":[{"embeddable":true,"href":"https:\/\/blogdofarnesio.com.br\/index.php?rest_route=\/wp\/v2\/users\/2"}],"replies":[{"embeddable":true,"href":"https:\/\/blogdofarnesio.com.br\/index.php?rest_route=%2Fwp%2Fv2%2Fcomments&post=368750"}],"version-history":[{"count":0,"href":"https:\/\/blogdofarnesio.com.br\/index.php?rest_route=\/wp\/v2\/posts\/368750\/revisions"}],"wp:featuredmedia":[{"embeddable":true,"href":"https:\/\/blogdofarnesio.com.br\/index.php?rest_route=\/wp\/v2\/media\/367577"}],"wp:attachment":[{"href":"https:\/\/blogdofarnesio.com.br\/index.php?rest_route=%2Fwp%2Fv2%2Fmedia&parent=368750"}],"wp:term":[{"taxonomy":"category","embeddable":true,"href":"https:\/\/blogdofarnesio.com.br\/index.php?rest_route=%2Fwp%2Fv2%2Fcategories&post=368750"},{"taxonomy":"post_tag","embeddable":true,"href":"https:\/\/blogdofarnesio.com.br\/index.php?rest_route=%2Fwp%2Fv2%2Ftags&post=368750"}],"curies":[{"name":"wp","href":"https:\/\/api.w.org\/{rel}","templated":true}]}}