{"id":368744,"date":"2024-05-16T08:42:03","date_gmt":"2024-05-16T11:42:03","guid":{"rendered":"https:\/\/blogdofarnesio.com.br\/?p=368744"},"modified":"2024-05-16T08:09:16","modified_gmt":"2024-05-16T11:09:16","slug":"morre-washington-rodrigues-o-apolinho-jornalista-e-ex-tecnico-do-flamengo","status":"publish","type":"post","link":"https:\/\/blogdofarnesio.com.br\/?p=368744","title":{"rendered":"Morre Washington Rodrigues, o Apolinho, jornalista e ex-t\u00e9cnico do Flamengo"},"content":{"rendered":"<div class=\"row content-head non-featured \">\n<div class=\"title\" data-block-type=\"title\" data-block-id=\"0\">\n<h1 class=\"content-head__title\"><span style=\"font-size: 16px;\">Por Reda\u00e7\u00e3o do ge \u2014\u00a0<\/span><\/h1>\n<\/div>\n<\/div>\n<hr class=\"content__divider \" \/>\n<div class=\"mc-article-body\">\n<article>\n<div id=\"chunk-crea8\">\n<div class=\"mc-column content-text active-extra-styles active-capital-letter\" data-block-type=\"unstyled\" data-block-weight=\"47\" data-block-id=\"1\">\n<p class=\" content-text__container theme-color-primary-first-letter\" data-track-category=\"Link no Texto\" data-track-links=\"\">Washington Rodrigues, o Apolinho, morreu nesta quarta-feira, aos 87 anos. Al\u00e9m de consagrado jornalista que marcou gera\u00e7\u00f5es com seus coment\u00e1rios nas r\u00e1dios Globo e Tupi, Washington era um apaixonado pelo\u00a0<a class=\"\" href=\"https:\/\/globoesporte.globo.com\/futebol\/times\/flamengo\/\">Flamengo<\/a>. Em 1995, a convite do ent\u00e3o presidente Kleber Leite, assumiu a tarefa de treinar o Rubro-Negro.<\/p>\n<\/div>\n<\/div>\n<div class=\"wall protected-content\">\n<div id=\"chunk-8jb71\">\n<div class=\"mc-column content-text active-extra-styles \" data-block-type=\"unstyled\" data-block-weight=\"13\" data-block-id=\"3\">\n<p class=\" content-text__container \" data-track-category=\"Link no Texto\" data-track-links=\"\">Apolinho morreu durante a partida entre\u00a0<a class=\"\" href=\"https:\/\/globoesporte.globo.com\/futebol\/times\/flamengo\/\">Flamengo<\/a> e Bol\u00edvar, nesta quarta-feira, pela Libertadores.<\/p>\n<\/div>\n<\/div>\n<div id=\"chunk-f9t2s\">\n<div class=\"row medium-uncollapsed content-media content-photo\" data-block-type=\"backstage-photo\" data-block-id=\"4\">\n<div class=\"mc-column content-media__container\">\n<div class=\"content-media-container glb-skeleton-box\">\n<figure class=\"content-media-figure\"><img decoding=\"async\" class=\"i-amphtml-fill-content i-amphtml-replaced-content\" src=\"https:\/\/s2-ge.glbimg.com\/x7pfgmNAXqqimJb7_rPU9C9zqBc=\/0x0:1013x710\/984x0\/smart\/filters:strip_icc()\/s.glbimg.com\/es\/ge\/f\/original\/2016\/02\/17\/apolinho.png\" sizes=\"(max-width: 412px) 364px, 100vw\" srcset=\"https:\/\/s2-ge.glbimg.com\/MKg-5JOTFtw_up6ODN5vTTSfVng=\/0x0:1013x710\/1000x0\/smart\/filters:strip_icc()\/s.glbimg.com\/es\/ge\/f\/original\/2016\/02\/17\/apolinho.png 1000w, https:\/\/s2-ge.glbimg.com\/x7pfgmNAXqqimJb7_rPU9C9zqBc=\/0x0:1013x710\/984x0\/smart\/filters:strip_icc()\/s.glbimg.com\/es\/ge\/f\/original\/2016\/02\/17\/apolinho.png 984w, https:\/\/s2-ge.glbimg.com\/jYIm7AlHZGToNgsl5excjjx2Jrw=\/0x0:1013x710\/640x0\/smart\/filters:strip_icc()\/s.glbimg.com\/es\/ge\/f\/original\/2016\/02\/17\/apolinho.png 640w, https:\/\/s2-ge.glbimg.com\/JKhzKAeVdEBpcAdHpVYAiEC51sI=\/0x0:1013x710\/600x0\/smart\/filters:strip_icc()\/s.glbimg.com\/es\/ge\/f\/original\/2016\/02\/17\/apolinho.png 600w\" alt=\"Apolinho; ex-t\u00e9cnico do Flamengo \u2014 Foto: Reprodu\u00e7\u00e3o SporTV\" \/><\/figure>\n<\/div>\n<p class=\"codex-caption \">Apolinho; ex-t\u00e9cnico do Flamengo \u2014 Foto: Reprodu\u00e7\u00e3o SporTV<\/p>\n<\/div>\n<\/div>\n<\/div>\n<div id=\"chunk-295u8\">\n<div class=\"mc-column content-text active-extra-styles \" data-block-type=\"unstyled\" data-block-weight=\"36\" data-block-id=\"5\">\n<p class=\" content-text__container \" data-track-category=\"Link no Texto\" data-track-links=\"\">Criador de diversos bord\u00f5es com uma linguagem popular que conquistou ouvintes no r\u00e1dio carioca ao longo de d\u00e9cadas, o comentarista Washington Rodrigues fez dupla marcante com o narrador Jos\u00e9 Carlos Ara\u00fajo, o Garotinho, na R\u00e1dio Globo.<\/p>\n<\/div>\n<\/div>\n<div id=\"chunk-2499u\">\n<div class=\"mc-column content-text active-extra-styles \" data-block-type=\"unstyled\" data-block-weight=\"49\" data-block-id=\"6\">\n<p class=\" content-text__container \" data-track-category=\"Link no Texto\" data-track-links=\"\">Ele tamb\u00e9m ficou marcado por uma &#8220;previs\u00e3o&#8221; feita durante a transmiss\u00e3o da Super R\u00e1dio Tupi da final do Campeonato Carioca de 2001, em 27 de maio daquele ano. Antes de Petkovic cobrar a falta e marcar o gola\u00e7o que garantiu o tricampeonato do\u00a0<a class=\"\" href=\"https:\/\/globoesporte.globo.com\/futebol\/times\/flamengo\/\">Flamengo<\/a> sobre o Vasco, Apolinho afirmou:<\/p>\n<\/div>\n<\/div>\n<div id=\"chunk-5eqoj\">\n<div class=\"mc-column content-text active-extra-styles\" data-block-type=\"raw\" data-block-weight=\"8\" data-block-id=\"7\">\n<blockquote class=\"content-blockquote theme-border-color-primary-before\"><p>&#8211; E acaba de chegar S\u00e3o Judas Tadeu.<\/p><\/blockquote>\n<\/div>\n<\/div>\n<div id=\"chunk-26ssf\">\n<div class=\"bs-video-block mc-column glb-content-block--no-side-padding content-media content-video\" data-block-type=\"backstage-video\" data-block-id=\"9\">\n<div class=\"content-media__container\">\n<div class=\"content-video__bigger-player-description-fixer\">\n<article class=\"content-video\">\n<section class=\"content-video__video-container\">\n<div class=\"content-video__video\">\n<div id=\"wp3-player-1\" class=\"clappr-player\" tabindex=\"9999\" data-player=\"\">\n<div class=\"container\" data-container=\"\">\n<div class=\"poster\">\n<div class=\"poster__background-overlay\"><\/div>\n<p><button class=\"poster__play-wrapper\" tabindex=\"0\"><span class=\"visually-hidden\">Reproduzir v\u00eddeo<\/span><\/button><\/p>\n<\/div>\n<div class=\"spinner\" role=\"alert\"><\/div>\n<div class=\"id-playback\" data-id-playback=\"\"><video id=\"c35\" poster=\"https:\/\/s01.video.glbimg.com\/x240\/12599920.jpg\" preload=\"none\" muted=\"\" width=\"300\" height=\"150\" data-html5-video=\"\" data-mce-fragment=\"1\"><\/video><\/div>\n<\/div>\n<div class=\"media-control mobile touch media-control-hide h720 w480\">\n<div class=\"media-control-panel\">\n<div class=\"media-control-panel__back-layer\">\n<div class=\"media-control-position__left\"><\/div>\n<div class=\"media-control-position__center\"><\/div>\n<div class=\"media-control-position__right\"><\/div>\n<\/div>\n<div class=\"media-control-panel__upper\">\n<div class=\"opposites-container\">\n<div class=\"media-control-position__left\"><\/div>\n<div class=\"media-control-position__right\"><\/div>\n<\/div>\n<div class=\"media-control-position__center\"><\/div>\n<div class=\"quick-seek-hint hidden media-control-element\"><\/div>\n<\/div>\n<div class=\"media-control-panel__middle\">\n<div class=\"media-control-position__left\"><\/div>\n<div class=\"media-control-position__center\"><\/div>\n<div class=\"media-control-position__right\"><\/div>\n<\/div>\n<div class=\"media-control-panel__between\">\n<div class=\"media-control-position__left\"><\/div>\n<div class=\"media-control-position__center\"><button class=\"media-control-button play media-control-element\" data-playpause=\"\"><span class=\"visually-hidden\">Reproduzir<\/span><\/button><\/div>\n<div class=\"media-control-position__right\"><\/div>\n<p>&nbsp;<\/p>\n<\/div>\n<div class=\"media-control-panel__lower\" data-controls=\"\">\n<div class=\"media-control-position__center\">\n<div class=\"bar-container media-control-element\" data-seekbar=\"\">\n<div class=\"seekbar\">\n<div class=\"bar-background\" tabindex=\"0\" data-seekbar=\"\">\n<div class=\"bar-fill-1\" data-seekbar=\"\"><\/div>\n<div class=\"bar-fill-2\" data-seekbar=\"\"><\/div>\n<\/div>\n<div class=\"bar-scrubber bar-scrubber-mobile\" tabindex=\"-1\" role=\"slider\" data-seekbar=\"\" aria-valuemin=\"0\" aria-valuemax=\"0\" aria-valuenow=\"0\" aria-valuetext=\"Ponto do v\u00eddeo, 0 minuto e 0 segundo.\">\n<div class=\"bar-scrubber-icon\" data-seekbar=\"\"><\/div>\n<\/div>\n<\/div>\n<div id=\"seek-feedback\" class=\"visually-hidden\" aria-live=\"polite\"><\/div>\n<div class=\"thumb-preview thumb-preview--hidden\">\n<div class=\"thumb-preview__thumb\"><\/div>\n<div class=\"thumb-preview__position\"><\/div>\n<\/div>\n<\/div>\n<div class=\"bar-container__placeholder\"><\/div>\n<\/div>\n<div class=\"opposites-container\">\n<div class=\"media-control-position__left\">\n<div class=\"time-indicator media-control-element\"><span data-position=\"\">00:00<\/span><span class=\"separator\">\/<\/span><span data-duration=\"\">00:57<\/span><\/div>\n<\/div>\n<div class=\"media-control-position__between\"><\/div>\n<div class=\"media-control-position__right\">\n<div class=\"drawer-container volume-hide media-control-element\" data-volume=\"\">\n<div class=\"drawer-icon-container\" data-volume=\"\"><button class=\"drawer-icon media-control-button media-control-element\" data-volume=\"\"><span class=\"visually-hidden\">Silenciar som<\/span><\/button><\/div>\n<div class=\"bar-container\" data-volume=\"\">\n<div class=\"bar-background\" data-volume=\"\">\n<div class=\"bar-fill-1\" data-volume=\"\"><\/div>\n<div class=\"bar-hover\" data-volume=\"\"><\/div>\n<\/div>\n<div class=\"bar-scrubber\" data-volume=\"\">\n<div class=\"bar-scrubber-icon\" data-volume=\"\"><\/div>\n<\/div>\n<\/div>\n<\/div>\n<p><button class=\"media-control-button media-control-element\" data-pip=\"\"><span class=\"visually-hidden\">Minimizar v\u00eddeo<\/span><\/button><button class=\"media-control-button media-control-element\" data-fullscreen=\"\"><span class=\"visually-hidden\">Tela cheia<\/span><\/button><\/p>\n<\/div>\n<\/div>\n<\/div>\n<div class=\"media-control-panel__front-layer\">\n<div class=\"media-control-position__left\"><\/div>\n<\/div>\n<\/div>\n<\/div>\n<\/div>\n<\/div>\n<\/section>\n<\/article>\n<\/div>\n<p class=\"content-media__description mc-column\">PC Vasconcelos fala sobre o radialista Apolinho, que morreu nesta quarta-feira<\/p>\n<\/div>\n<\/div>\n<\/div>\n<div id=\"chunk-d5nk2\">\n<div class=\"mc-column content-text active-extra-styles \" data-block-type=\"unstyled\" data-block-weight=\"26\" data-block-id=\"10\">\n<p class=\" content-text__container \" data-track-category=\"Link no Texto\" data-track-links=\"\">A aventura no comando do\u00a0<a class=\"\" href=\"https:\/\/globoesporte.globo.com\/futebol\/times\/flamengo\/\">Flamengo<\/a>\u00a0\u00e9 a passagem mais marcante de Washington Rodrigues longe do jornalismo. Ele contou ao UOL em 2015 como virou treinador:<\/p>\n<\/div>\n<\/div>\n<div id=\"chunk-9tnp3\">\n<div class=\"mc-column content-text active-extra-styles \" data-block-type=\"unstyled\" data-block-weight=\"63\" data-block-id=\"11\">\n<p class=\" content-text__container \" data-track-category=\"Link no Texto\" data-track-links=\"\">&#8211; Estava jantando com o Vanderlei Luxemburgo, e o Kleber Leite me convidou para encontr\u00e1-lo em um restaurante. Imaginei que queria conselhos sobre o momento do time e fui preparado para sugerir a contrata\u00e7\u00e3o do Tel\u00ea Santana. Ningu\u00e9m queria pegar o\u00a0<a class=\"\" href=\"https:\/\/globoesporte.globo.com\/futebol\/times\/flamengo\/\">Flamengo<\/a>. O papo varou a madrugada. At\u00e9 que por volta das 3h30 havia um prato virado na mesa e sem uso.<\/p>\n<\/div>\n<\/div>\n<div id=\"chunk-8htic\">\n<div class=\"mc-column content-text active-extra-styles \" data-block-type=\"unstyled\" data-block-weight=\"57\" data-block-id=\"12\">\n<p class=\" content-text__container \" data-track-category=\"Link no Texto\" data-track-links=\"\">&#8211; O Kleber me disse que tinha um nome e pediu para que virasse o prato. Quando vi que era o meu tomei um susto e perguntei se ele estava brincando. Pensei r\u00e1pido e aceitei, j\u00e1 que o\u00a0<a class=\"\" href=\"https:\/\/globoesporte.globo.com\/futebol\/times\/flamengo\/\">Flamengo<\/a> \u00e9 uma convoca\u00e7\u00e3o. Foi uma correria. Tinha que me desligar da r\u00e1dio, TV, jornal. Tudo para evitar conflito.<\/p>\n<\/div>\n<\/div>\n<div id=\"chunk-5r2if\">\n<div class=\"mc-column content-text active-extra-styles \" data-block-type=\"unstyled\" data-block-weight=\"63\" data-block-id=\"15\">\n<p class=\" content-text__container \" data-track-category=\"Link no Texto\" data-track-links=\"\">Foram 26 partidas, 11 vit\u00f3rias, oito empates e sete derrotas. O time do Ataque dos Sonhos de S\u00e1vio, Rom\u00e1rio e Edmundo n\u00e3o reagiu no Campeonato Brasileiro e terminou no 21\u00ba lugar. Na Supercopa dos Campe\u00f5es da Libertadores, entretanto, a campanha foi boa. O\u00a0<a class=\"\" href=\"https:\/\/globoesporte.globo.com\/futebol\/times\/flamengo\/\">Flamengo<\/a> venceu sete dos oito jogos disputados, mas acabou derrotado na decis\u00e3o em duas partidas com o Independiente.<\/p>\n<\/div>\n<\/div>\n<div id=\"chunk-5a1h8\">\n<div class=\"mc-column content-text active-extra-styles \" data-block-type=\"unstyled\" data-block-weight=\"29\" data-block-id=\"17\">\n<p class=\" content-text__container \" data-track-category=\"Link no Texto\" data-track-links=\"\">Al\u00e9m da aventura \u00e0 frente do\u00a0<a class=\"\" href=\"https:\/\/globoesporte.globo.com\/futebol\/times\/flamengo\/\">Flamengo<\/a>\u00a0em 1995, Washington, novamente &#8220;convocado&#8221; por Kleber Leite, voltou ao clube tr\u00eas anos depois para assumir o cargo de diretor de futebol.<\/p>\n<\/div>\n<\/div>\n<div id=\"chunk-d7rv0\">\n<div class=\"mc-column content-text active-extra-styles \" data-block-type=\"unstyled\" data-block-weight=\"43\" data-block-id=\"18\">\n<p class=\" content-text__container \" data-track-category=\"Link no Texto\" data-track-links=\"\">Washington Carlos Nunes Rodrigues nasceu no Rio de Janeiro em, no dia 1\u00ba de setembro de 1936. Desde cedo, virou um amante do futebol e sempre se orgulhou em dizer que organizava sa\u00eddas da escola para frequentar o Maracan\u00e3. Foi banc\u00e1rio na juventude.<\/p>\n<\/div>\n<\/div>\n<div id=\"chunk-1msb5\">\n<div class=\"mc-column content-text active-extra-styles \" data-block-type=\"unstyled\" data-block-weight=\"33\" data-block-id=\"19\">\n<p class=\" content-text__container \" data-track-category=\"Link no Texto\" data-track-links=\"\">O apelido Apolinho foi dado para o seu microfone pelo locutor Celso Garcia, em alus\u00e3o aos equipamentos usados pelos astronautas da miss\u00e3o \u00e0 Lua Apollo 11. N\u00e3o demorou para virar a sua marca.<\/p>\n<\/div>\n<\/div>\n<div id=\"chunk-blvcg\">\n<div class=\"mc-column content-text active-extra-styles \" data-block-type=\"unstyled\" data-block-weight=\"18\" data-block-id=\"20\">\n<p class=\" content-text__container \" data-track-category=\"Link no Texto\" data-track-links=\"\">Apolinho trabalhava na Super R\u00e1dio Tupi. No \u00faltimo m\u00eas de fevereiro, o Show do Apolinho completou 25 anos<\/p>\n<\/div>\n<\/div>\n<\/div>\n<\/article>\n<\/div>\n","protected":false},"excerpt":{"rendered":"<p>Por Reda\u00e7\u00e3o do ge \u2014\u00a0 Washington Rodrigues, o Apolinho, morreu nesta quarta-feira, aos 87 anos. Al\u00e9m de consagrado jornalista que marcou gera\u00e7\u00f5es com seus coment\u00e1rios nas r\u00e1dios Globo e Tupi, Washington era um apaixonado pelo\u00a0Flamengo. Em 1995, a convite do ent\u00e3o presidente Kleber Leite, assumiu a tarefa de treinar o Rubro-Negro. Apolinho morreu durante a partida entre\u00a0Flamengo e Bol\u00edvar, nesta quarta-feira, pela Libertadores. Apolinho; ex-t\u00e9cnico do Flamengo \u2014 Foto: Reprodu\u00e7\u00e3o SporTV Criador de diversos bord\u00f5es com uma linguagem popular que conquistou ouvintes no r\u00e1dio carioca ao longo de d\u00e9cadas, o comentarista Washington Rodrigues fez dupla marcante com o narrador Jos\u00e9 Carlos Ara\u00fajo, o Garotinho, na R\u00e1dio Globo. Ele tamb\u00e9m ficou marcado por uma &#8220;previs\u00e3o&#8221; feita durante a transmiss\u00e3o da Super&hellip; <\/p>\n","protected":false},"author":2,"featured_media":368746,"comment_status":"open","ping_status":"open","sticky":false,"template":"","format":"standard","meta":{"_acf_changed":false,"footnotes":""},"categories":[32,8],"tags":[],"class_list":["post-368744","post","type-post","status-publish","format-standard","has-post-thumbnail","hentry","category-costumes","category-esportes"],"acf":[],"yoast_head":"<!-- This site is optimized with the Yoast SEO plugin v27.4 - https:\/\/yoast.com\/product\/yoast-seo-wordpress\/ -->\n<title>Morre Washington Rodrigues, o Apolinho, jornalista e ex-t\u00e9cnico do Flamengo - Blog do Farn\u00e9sio<\/title>\n<meta name=\"robots\" content=\"index, follow, max-snippet:-1, max-image-preview:large, max-video-preview:-1\" \/>\n<link rel=\"canonical\" href=\"https:\/\/blogdofarnesio.com.br\/?p=368744\" \/>\n<meta property=\"og:locale\" content=\"pt_BR\" \/>\n<meta property=\"og:type\" content=\"article\" \/>\n<meta property=\"og:title\" content=\"Morre Washington Rodrigues, o Apolinho, jornalista e ex-t\u00e9cnico do Flamengo - Blog do Farn\u00e9sio\" \/>\n<meta property=\"og:description\" content=\"Por Reda\u00e7\u00e3o do ge \u2014\u00a0 Washington Rodrigues, o Apolinho, morreu nesta quarta-feira, aos 87 anos. Al\u00e9m de consagrado jornalista que marcou gera\u00e7\u00f5es com seus coment\u00e1rios nas r\u00e1dios Globo e Tupi, Washington era um apaixonado pelo\u00a0Flamengo. Em 1995, a convite do ent\u00e3o presidente Kleber Leite, assumiu a tarefa de treinar o Rubro-Negro. Apolinho morreu durante a partida entre\u00a0Flamengo e Bol\u00edvar, nesta quarta-feira, pela Libertadores. Apolinho; ex-t\u00e9cnico do Flamengo \u2014 Foto: Reprodu\u00e7\u00e3o SporTV Criador de diversos bord\u00f5es com uma linguagem popular que conquistou ouvintes no r\u00e1dio carioca ao longo de d\u00e9cadas, o comentarista Washington Rodrigues fez dupla marcante com o narrador Jos\u00e9 Carlos Ara\u00fajo, o Garotinho, na R\u00e1dio Globo. Ele tamb\u00e9m ficou marcado por uma &#8220;previs\u00e3o&#8221; feita durante a transmiss\u00e3o da Super&hellip;\" \/>\n<meta property=\"og:url\" content=\"https:\/\/blogdofarnesio.com.br\/?p=368744\" \/>\n<meta property=\"og:site_name\" content=\"Blog do Farn\u00e9sio\" \/>\n<meta property=\"article:publisher\" content=\"https:\/\/www.facebook.com\/BlogQuerSaberPolitica\/\" \/>\n<meta property=\"article:author\" content=\"https:\/\/www.facebook.com\/?ref=tn_tnmn\" \/>\n<meta property=\"article:published_time\" content=\"2024-05-16T11:42:03+00:00\" \/>\n<meta property=\"og:image\" content=\"https:\/\/blogdofarnesio.com.br\/wp-content\/uploads\/2024\/05\/apolinho.jpg\" \/>\n\t<meta property=\"og:image:width\" content=\"640\" \/>\n\t<meta property=\"og:image:height\" content=\"449\" \/>\n\t<meta property=\"og:image:type\" content=\"image\/jpeg\" \/>\n<meta name=\"author\" content=\"Farn\u00e9sio\" \/>\n<meta name=\"twitter:card\" content=\"summary_large_image\" \/>\n<meta name=\"twitter:label1\" content=\"Escrito por\" \/>\n\t<meta name=\"twitter:data1\" content=\"Farn\u00e9sio\" \/>\n\t<meta name=\"twitter:label2\" content=\"Est. tempo de leitura\" \/>\n\t<meta name=\"twitter:data2\" content=\"4 minutos\" \/>\n<script type=\"application\/ld+json\" class=\"yoast-schema-graph\">{\"@context\":\"https:\\\/\\\/schema.org\",\"@graph\":[{\"@type\":\"Article\",\"@id\":\"https:\\\/\\\/blogdofarnesio.com.br\\\/?p=368744#article\",\"isPartOf\":{\"@id\":\"https:\\\/\\\/blogdofarnesio.com.br\\\/?p=368744\"},\"author\":{\"name\":\"Farn\u00e9sio\",\"@id\":\"https:\\\/\\\/blogdofarnesio.com.br\\\/#\\\/schema\\\/person\\\/bb9b23ae3ad0609ce8df7b6c9e76824d\"},\"headline\":\"Morre Washington Rodrigues, o Apolinho, jornalista e ex-t\u00e9cnico do Flamengo\",\"datePublished\":\"2024-05-16T11:42:03+00:00\",\"mainEntityOfPage\":{\"@id\":\"https:\\\/\\\/blogdofarnesio.com.br\\\/?p=368744\"},\"wordCount\":551,\"commentCount\":0,\"publisher\":{\"@id\":\"https:\\\/\\\/blogdofarnesio.com.br\\\/#organization\"},\"image\":{\"@id\":\"https:\\\/\\\/blogdofarnesio.com.br\\\/?p=368744#primaryimage\"},\"thumbnailUrl\":\"https:\\\/\\\/blogdofarnesio.com.br\\\/wp-content\\\/uploads\\\/2024\\\/05\\\/apolinho.jpg\",\"articleSection\":[\"Costumes\",\"Esportes\"],\"inLanguage\":\"pt-BR\",\"potentialAction\":[{\"@type\":\"CommentAction\",\"name\":\"Comment\",\"target\":[\"https:\\\/\\\/blogdofarnesio.com.br\\\/?p=368744#respond\"]}]},{\"@type\":\"WebPage\",\"@id\":\"https:\\\/\\\/blogdofarnesio.com.br\\\/?p=368744\",\"url\":\"https:\\\/\\\/blogdofarnesio.com.br\\\/?p=368744\",\"name\":\"Morre Washington Rodrigues, o Apolinho, jornalista e ex-t\u00e9cnico do Flamengo - Blog do Farn\u00e9sio\",\"isPartOf\":{\"@id\":\"https:\\\/\\\/blogdofarnesio.com.br\\\/#website\"},\"primaryImageOfPage\":{\"@id\":\"https:\\\/\\\/blogdofarnesio.com.br\\\/?p=368744#primaryimage\"},\"image\":{\"@id\":\"https:\\\/\\\/blogdofarnesio.com.br\\\/?p=368744#primaryimage\"},\"thumbnailUrl\":\"https:\\\/\\\/blogdofarnesio.com.br\\\/wp-content\\\/uploads\\\/2024\\\/05\\\/apolinho.jpg\",\"datePublished\":\"2024-05-16T11:42:03+00:00\",\"breadcrumb\":{\"@id\":\"https:\\\/\\\/blogdofarnesio.com.br\\\/?p=368744#breadcrumb\"},\"inLanguage\":\"pt-BR\",\"potentialAction\":[{\"@type\":\"ReadAction\",\"target\":[\"https:\\\/\\\/blogdofarnesio.com.br\\\/?p=368744\"]}]},{\"@type\":\"ImageObject\",\"inLanguage\":\"pt-BR\",\"@id\":\"https:\\\/\\\/blogdofarnesio.com.br\\\/?p=368744#primaryimage\",\"url\":\"https:\\\/\\\/blogdofarnesio.com.br\\\/wp-content\\\/uploads\\\/2024\\\/05\\\/apolinho.jpg\",\"contentUrl\":\"https:\\\/\\\/blogdofarnesio.com.br\\\/wp-content\\\/uploads\\\/2024\\\/05\\\/apolinho.jpg\",\"width\":640,\"height\":449},{\"@type\":\"BreadcrumbList\",\"@id\":\"https:\\\/\\\/blogdofarnesio.com.br\\\/?p=368744#breadcrumb\",\"itemListElement\":[{\"@type\":\"ListItem\",\"position\":1,\"name\":\"In\u00edcio\",\"item\":\"https:\\\/\\\/blogdofarnesio.com.br\\\/\"},{\"@type\":\"ListItem\",\"position\":2,\"name\":\"Morre Washington Rodrigues, o Apolinho, jornalista e ex-t\u00e9cnico do Flamengo\"}]},{\"@type\":\"WebSite\",\"@id\":\"https:\\\/\\\/blogdofarnesio.com.br\\\/#website\",\"url\":\"https:\\\/\\\/blogdofarnesio.com.br\\\/\",\"name\":\"Blog do Farn\u00e9sio\",\"description\":\"Quer Saber Pol\u00edtica?\",\"publisher\":{\"@id\":\"https:\\\/\\\/blogdofarnesio.com.br\\\/#organization\"},\"potentialAction\":[{\"@type\":\"SearchAction\",\"target\":{\"@type\":\"EntryPoint\",\"urlTemplate\":\"https:\\\/\\\/blogdofarnesio.com.br\\\/?s={search_term_string}\"},\"query-input\":{\"@type\":\"PropertyValueSpecification\",\"valueRequired\":true,\"valueName\":\"search_term_string\"}}],\"inLanguage\":\"pt-BR\"},{\"@type\":\"Organization\",\"@id\":\"https:\\\/\\\/blogdofarnesio.com.br\\\/#organization\",\"name\":\"Blog do Farn\u00e9sio\",\"url\":\"https:\\\/\\\/blogdofarnesio.com.br\\\/\",\"logo\":{\"@type\":\"ImageObject\",\"inLanguage\":\"pt-BR\",\"@id\":\"https:\\\/\\\/blogdofarnesio.com.br\\\/#\\\/schema\\\/logo\\\/image\\\/\",\"url\":\"https:\\\/\\\/blogdofarnesio.com.br\\\/wp-content\\\/uploads\\\/2026\\\/03\\\/cropped-logo_new-1.png\",\"contentUrl\":\"https:\\\/\\\/blogdofarnesio.com.br\\\/wp-content\\\/uploads\\\/2026\\\/03\\\/cropped-logo_new-1.png\",\"width\":881,\"height\":685,\"caption\":\"Blog do Farn\u00e9sio\"},\"image\":{\"@id\":\"https:\\\/\\\/blogdofarnesio.com.br\\\/#\\\/schema\\\/logo\\\/image\\\/\"},\"sameAs\":[\"https:\\\/\\\/www.facebook.com\\\/BlogQuerSaberPolitica\\\/\"]},{\"@type\":\"Person\",\"@id\":\"https:\\\/\\\/blogdofarnesio.com.br\\\/#\\\/schema\\\/person\\\/bb9b23ae3ad0609ce8df7b6c9e76824d\",\"name\":\"Farn\u00e9sio\",\"image\":{\"@type\":\"ImageObject\",\"inLanguage\":\"pt-BR\",\"@id\":\"https:\\\/\\\/secure.gravatar.com\\\/avatar\\\/986aa4c61ccdb66f8555bf88fc2a65609d00bcabd4d2d94377a727547345cbca?s=96&d=mm&r=g\",\"url\":\"https:\\\/\\\/secure.gravatar.com\\\/avatar\\\/986aa4c61ccdb66f8555bf88fc2a65609d00bcabd4d2d94377a727547345cbca?s=96&d=mm&r=g\",\"contentUrl\":\"https:\\\/\\\/secure.gravatar.com\\\/avatar\\\/986aa4c61ccdb66f8555bf88fc2a65609d00bcabd4d2d94377a727547345cbca?s=96&d=mm&r=g\",\"caption\":\"Farn\u00e9sio\"},\"description\":\"Radialista blogueiro, chegou a Petrolina\\\/Juazeiro em setembro de 1980, Farn\u00e9sio Silva \u00e9 de Arapiraca-Alagoas.\",\"sameAs\":[\"http:\\\/\\\/blogdofarnesio.com.br\",\"https:\\\/\\\/www.facebook.com\\\/?ref=tn_tnmn\",\"https:\\\/\\\/www.instagram.com\\\/?utm_source=pwa_homescreen\",\"https:\\\/\\\/youtube.com.br\\\/\"],\"url\":\"https:\\\/\\\/blogdofarnesio.com.br\\\/?author=2\"}]}<\/script>\n<!-- \/ Yoast SEO plugin. -->","yoast_head_json":{"title":"Morre Washington Rodrigues, o Apolinho, jornalista e ex-t\u00e9cnico do Flamengo - Blog do Farn\u00e9sio","robots":{"index":"index","follow":"follow","max-snippet":"max-snippet:-1","max-image-preview":"max-image-preview:large","max-video-preview":"max-video-preview:-1"},"canonical":"https:\/\/blogdofarnesio.com.br\/?p=368744","og_locale":"pt_BR","og_type":"article","og_title":"Morre Washington Rodrigues, o Apolinho, jornalista e ex-t\u00e9cnico do Flamengo - Blog do Farn\u00e9sio","og_description":"Por Reda\u00e7\u00e3o do ge \u2014\u00a0 Washington Rodrigues, o Apolinho, morreu nesta quarta-feira, aos 87 anos. Al\u00e9m de consagrado jornalista que marcou gera\u00e7\u00f5es com seus coment\u00e1rios nas r\u00e1dios Globo e Tupi, Washington era um apaixonado pelo\u00a0Flamengo. Em 1995, a convite do ent\u00e3o presidente Kleber Leite, assumiu a tarefa de treinar o Rubro-Negro. Apolinho morreu durante a partida entre\u00a0Flamengo e Bol\u00edvar, nesta quarta-feira, pela Libertadores. Apolinho; ex-t\u00e9cnico do Flamengo \u2014 Foto: Reprodu\u00e7\u00e3o SporTV Criador de diversos bord\u00f5es com uma linguagem popular que conquistou ouvintes no r\u00e1dio carioca ao longo de d\u00e9cadas, o comentarista Washington Rodrigues fez dupla marcante com o narrador Jos\u00e9 Carlos Ara\u00fajo, o Garotinho, na R\u00e1dio Globo. Ele tamb\u00e9m ficou marcado por uma &#8220;previs\u00e3o&#8221; feita durante a transmiss\u00e3o da Super&hellip;","og_url":"https:\/\/blogdofarnesio.com.br\/?p=368744","og_site_name":"Blog do Farn\u00e9sio","article_publisher":"https:\/\/www.facebook.com\/BlogQuerSaberPolitica\/","article_author":"https:\/\/www.facebook.com\/?ref=tn_tnmn","article_published_time":"2024-05-16T11:42:03+00:00","og_image":[{"width":640,"height":449,"url":"https:\/\/blogdofarnesio.com.br\/wp-content\/uploads\/2024\/05\/apolinho.jpg","type":"image\/jpeg"}],"author":"Farn\u00e9sio","twitter_card":"summary_large_image","twitter_misc":{"Escrito por":"Farn\u00e9sio","Est. tempo de leitura":"4 minutos"},"schema":{"@context":"https:\/\/schema.org","@graph":[{"@type":"Article","@id":"https:\/\/blogdofarnesio.com.br\/?p=368744#article","isPartOf":{"@id":"https:\/\/blogdofarnesio.com.br\/?p=368744"},"author":{"name":"Farn\u00e9sio","@id":"https:\/\/blogdofarnesio.com.br\/#\/schema\/person\/bb9b23ae3ad0609ce8df7b6c9e76824d"},"headline":"Morre Washington Rodrigues, o Apolinho, jornalista e ex-t\u00e9cnico do Flamengo","datePublished":"2024-05-16T11:42:03+00:00","mainEntityOfPage":{"@id":"https:\/\/blogdofarnesio.com.br\/?p=368744"},"wordCount":551,"commentCount":0,"publisher":{"@id":"https:\/\/blogdofarnesio.com.br\/#organization"},"image":{"@id":"https:\/\/blogdofarnesio.com.br\/?p=368744#primaryimage"},"thumbnailUrl":"https:\/\/blogdofarnesio.com.br\/wp-content\/uploads\/2024\/05\/apolinho.jpg","articleSection":["Costumes","Esportes"],"inLanguage":"pt-BR","potentialAction":[{"@type":"CommentAction","name":"Comment","target":["https:\/\/blogdofarnesio.com.br\/?p=368744#respond"]}]},{"@type":"WebPage","@id":"https:\/\/blogdofarnesio.com.br\/?p=368744","url":"https:\/\/blogdofarnesio.com.br\/?p=368744","name":"Morre Washington Rodrigues, o Apolinho, jornalista e ex-t\u00e9cnico do Flamengo - Blog do Farn\u00e9sio","isPartOf":{"@id":"https:\/\/blogdofarnesio.com.br\/#website"},"primaryImageOfPage":{"@id":"https:\/\/blogdofarnesio.com.br\/?p=368744#primaryimage"},"image":{"@id":"https:\/\/blogdofarnesio.com.br\/?p=368744#primaryimage"},"thumbnailUrl":"https:\/\/blogdofarnesio.com.br\/wp-content\/uploads\/2024\/05\/apolinho.jpg","datePublished":"2024-05-16T11:42:03+00:00","breadcrumb":{"@id":"https:\/\/blogdofarnesio.com.br\/?p=368744#breadcrumb"},"inLanguage":"pt-BR","potentialAction":[{"@type":"ReadAction","target":["https:\/\/blogdofarnesio.com.br\/?p=368744"]}]},{"@type":"ImageObject","inLanguage":"pt-BR","@id":"https:\/\/blogdofarnesio.com.br\/?p=368744#primaryimage","url":"https:\/\/blogdofarnesio.com.br\/wp-content\/uploads\/2024\/05\/apolinho.jpg","contentUrl":"https:\/\/blogdofarnesio.com.br\/wp-content\/uploads\/2024\/05\/apolinho.jpg","width":640,"height":449},{"@type":"BreadcrumbList","@id":"https:\/\/blogdofarnesio.com.br\/?p=368744#breadcrumb","itemListElement":[{"@type":"ListItem","position":1,"name":"In\u00edcio","item":"https:\/\/blogdofarnesio.com.br\/"},{"@type":"ListItem","position":2,"name":"Morre Washington Rodrigues, o Apolinho, jornalista e ex-t\u00e9cnico do Flamengo"}]},{"@type":"WebSite","@id":"https:\/\/blogdofarnesio.com.br\/#website","url":"https:\/\/blogdofarnesio.com.br\/","name":"Blog do Farn\u00e9sio","description":"Quer Saber Pol\u00edtica?","publisher":{"@id":"https:\/\/blogdofarnesio.com.br\/#organization"},"potentialAction":[{"@type":"SearchAction","target":{"@type":"EntryPoint","urlTemplate":"https:\/\/blogdofarnesio.com.br\/?s={search_term_string}"},"query-input":{"@type":"PropertyValueSpecification","valueRequired":true,"valueName":"search_term_string"}}],"inLanguage":"pt-BR"},{"@type":"Organization","@id":"https:\/\/blogdofarnesio.com.br\/#organization","name":"Blog do Farn\u00e9sio","url":"https:\/\/blogdofarnesio.com.br\/","logo":{"@type":"ImageObject","inLanguage":"pt-BR","@id":"https:\/\/blogdofarnesio.com.br\/#\/schema\/logo\/image\/","url":"https:\/\/blogdofarnesio.com.br\/wp-content\/uploads\/2026\/03\/cropped-logo_new-1.png","contentUrl":"https:\/\/blogdofarnesio.com.br\/wp-content\/uploads\/2026\/03\/cropped-logo_new-1.png","width":881,"height":685,"caption":"Blog do Farn\u00e9sio"},"image":{"@id":"https:\/\/blogdofarnesio.com.br\/#\/schema\/logo\/image\/"},"sameAs":["https:\/\/www.facebook.com\/BlogQuerSaberPolitica\/"]},{"@type":"Person","@id":"https:\/\/blogdofarnesio.com.br\/#\/schema\/person\/bb9b23ae3ad0609ce8df7b6c9e76824d","name":"Farn\u00e9sio","image":{"@type":"ImageObject","inLanguage":"pt-BR","@id":"https:\/\/secure.gravatar.com\/avatar\/986aa4c61ccdb66f8555bf88fc2a65609d00bcabd4d2d94377a727547345cbca?s=96&d=mm&r=g","url":"https:\/\/secure.gravatar.com\/avatar\/986aa4c61ccdb66f8555bf88fc2a65609d00bcabd4d2d94377a727547345cbca?s=96&d=mm&r=g","contentUrl":"https:\/\/secure.gravatar.com\/avatar\/986aa4c61ccdb66f8555bf88fc2a65609d00bcabd4d2d94377a727547345cbca?s=96&d=mm&r=g","caption":"Farn\u00e9sio"},"description":"Radialista blogueiro, chegou a Petrolina\/Juazeiro em setembro de 1980, Farn\u00e9sio Silva \u00e9 de Arapiraca-Alagoas.","sameAs":["http:\/\/blogdofarnesio.com.br","https:\/\/www.facebook.com\/?ref=tn_tnmn","https:\/\/www.instagram.com\/?utm_source=pwa_homescreen","https:\/\/youtube.com.br\/"],"url":"https:\/\/blogdofarnesio.com.br\/?author=2"}]}},"_links":{"self":[{"href":"https:\/\/blogdofarnesio.com.br\/index.php?rest_route=\/wp\/v2\/posts\/368744","targetHints":{"allow":["GET"]}}],"collection":[{"href":"https:\/\/blogdofarnesio.com.br\/index.php?rest_route=\/wp\/v2\/posts"}],"about":[{"href":"https:\/\/blogdofarnesio.com.br\/index.php?rest_route=\/wp\/v2\/types\/post"}],"author":[{"embeddable":true,"href":"https:\/\/blogdofarnesio.com.br\/index.php?rest_route=\/wp\/v2\/users\/2"}],"replies":[{"embeddable":true,"href":"https:\/\/blogdofarnesio.com.br\/index.php?rest_route=%2Fwp%2Fv2%2Fcomments&post=368744"}],"version-history":[{"count":0,"href":"https:\/\/blogdofarnesio.com.br\/index.php?rest_route=\/wp\/v2\/posts\/368744\/revisions"}],"wp:featuredmedia":[{"embeddable":true,"href":"https:\/\/blogdofarnesio.com.br\/index.php?rest_route=\/wp\/v2\/media\/368746"}],"wp:attachment":[{"href":"https:\/\/blogdofarnesio.com.br\/index.php?rest_route=%2Fwp%2Fv2%2Fmedia&parent=368744"}],"wp:term":[{"taxonomy":"category","embeddable":true,"href":"https:\/\/blogdofarnesio.com.br\/index.php?rest_route=%2Fwp%2Fv2%2Fcategories&post=368744"},{"taxonomy":"post_tag","embeddable":true,"href":"https:\/\/blogdofarnesio.com.br\/index.php?rest_route=%2Fwp%2Fv2%2Ftags&post=368744"}],"curies":[{"name":"wp","href":"https:\/\/api.w.org\/{rel}","templated":true}]}}