{"id":368432,"date":"2024-05-12T10:00:54","date_gmt":"2024-05-12T13:00:54","guid":{"rendered":"https:\/\/blogdofarnesio.com.br\/?p=368432"},"modified":"2024-05-12T09:50:04","modified_gmt":"2024-05-12T12:50:04","slug":"homem-e-preso-com-r-15-milhao-em-produtos-roubados-em-juazeiro","status":"publish","type":"post","link":"https:\/\/blogdofarnesio.com.br\/?p=368432","title":{"rendered":"Homem \u00e9 preso com R$ 1,5 milh\u00e3o em produtos roubados em Juazeiro"},"content":{"rendered":"<div class=\"sc-b4c8ccf3-0 fsXNOt\"><\/div>\n<div class=\"sc-81cf810-1 bYubFg\">\n<div class=\"sc-81cf810-3 gCNTHg\">\n<p>Um homem foi preso ap\u00f3s ser encontrado com cerca de R$ 1,5 milh\u00e3o em produtos roubados, que estavam armazenados em um galp\u00e3o localizado na cidade de Juazeiro, no norte da Bahia.<\/p>\n<p>De acordo com a pol\u00edcia, a carga foi roubada no dia 23 de mar\u00e7o, em uma estrada de Pernambuco, e s\u00f3 foi encontrada quase 2 meses depois, no dia 10 de maio.<\/p>\n<p>As investiga\u00e7\u00f5es tiveram in\u00edcio ap\u00f3s a carga ter sido roubada na cidade de Salgueiro, em Pernambuco. Na ocasi\u00e3o, o motorista da carreta que levava os objetos foi abordado por homens armados.<\/p>\n<p>Entre os materiais roubados estavam munhequeiras, rolos de espuma, rolos de pintura sem cabo, material ortop\u00e9dico, copos descart\u00e1veis, aquecedor solar, utens\u00edlios de laborat\u00f3rio, tesouras cir\u00fargicas, poltronas, livros, m\u00f3veis em madeira, laxantes, preservativos e bombas hidr\u00e1ulicas.<\/p>\n<p>O suspeito afirmou que o material foi recolhido para vender em S\u00e3o Paulo. Para a pol\u00edcia, o homem informou que a carga pertencia a outra pessoa, assim como o galp\u00e3o onde ela estava guardada. J\u00e1 a transportadora respons\u00e1vel pelo translado do material \u00e9 do Paran\u00e1.<\/p>\n<\/div>\n<\/div>\n","protected":false},"excerpt":{"rendered":"<p>Um homem foi preso ap\u00f3s ser encontrado com cerca de R$ 1,5 milh\u00e3o em produtos roubados, que estavam armazenados em um galp\u00e3o localizado na cidade de Juazeiro, no norte da Bahia. De acordo com a pol\u00edcia, a carga foi roubada no dia 23 de mar\u00e7o, em uma estrada de Pernambuco, e s\u00f3 foi encontrada quase 2 meses depois, no dia 10 de maio. As investiga\u00e7\u00f5es tiveram in\u00edcio ap\u00f3s a carga ter sido roubada na cidade de Salgueiro, em Pernambuco. Na ocasi\u00e3o, o motorista da carreta que levava os objetos foi abordado por homens armados. Entre os materiais roubados estavam munhequeiras, rolos de espuma, rolos de pintura sem cabo, material ortop\u00e9dico, copos descart\u00e1veis, aquecedor solar, utens\u00edlios de laborat\u00f3rio, tesouras cir\u00fargicas, poltronas,&hellip; <\/p>\n","protected":false},"author":2,"featured_media":368433,"comment_status":"open","ping_status":"open","sticky":false,"template":"","format":"standard","meta":{"_acf_changed":false,"footnotes":""},"categories":[9],"tags":[],"class_list":["post-368432","post","type-post","status-publish","format-standard","has-post-thumbnail","hentry","category-policia"],"acf":[],"yoast_head":"<!-- This site is optimized with the Yoast SEO plugin v27.4 - https:\/\/yoast.com\/product\/yoast-seo-wordpress\/ -->\n<title>Homem \u00e9 preso com R$ 1,5 milh\u00e3o em produtos roubados em Juazeiro - Blog do Farn\u00e9sio<\/title>\n<meta name=\"robots\" content=\"index, follow, max-snippet:-1, max-image-preview:large, max-video-preview:-1\" \/>\n<link rel=\"canonical\" href=\"https:\/\/blogdofarnesio.com.br\/?p=368432\" \/>\n<meta property=\"og:locale\" content=\"pt_BR\" \/>\n<meta property=\"og:type\" content=\"article\" \/>\n<meta property=\"og:title\" content=\"Homem \u00e9 preso com R$ 1,5 milh\u00e3o em produtos roubados em Juazeiro - Blog do Farn\u00e9sio\" \/>\n<meta property=\"og:description\" content=\"Um homem foi preso ap\u00f3s ser encontrado com cerca de R$ 1,5 milh\u00e3o em produtos roubados, que estavam armazenados em um galp\u00e3o localizado na cidade de Juazeiro, no norte da Bahia. De acordo com a pol\u00edcia, a carga foi roubada no dia 23 de mar\u00e7o, em uma estrada de Pernambuco, e s\u00f3 foi encontrada quase 2 meses depois, no dia 10 de maio. As investiga\u00e7\u00f5es tiveram in\u00edcio ap\u00f3s a carga ter sido roubada na cidade de Salgueiro, em Pernambuco. Na ocasi\u00e3o, o motorista da carreta que levava os objetos foi abordado por homens armados. Entre os materiais roubados estavam munhequeiras, rolos de espuma, rolos de pintura sem cabo, material ortop\u00e9dico, copos descart\u00e1veis, aquecedor solar, utens\u00edlios de laborat\u00f3rio, tesouras cir\u00fargicas, poltronas,&hellip;\" \/>\n<meta property=\"og:url\" content=\"https:\/\/blogdofarnesio.com.br\/?p=368432\" \/>\n<meta property=\"og:site_name\" content=\"Blog do Farn\u00e9sio\" \/>\n<meta property=\"article:publisher\" content=\"https:\/\/www.facebook.com\/BlogQuerSaberPolitica\/\" \/>\n<meta property=\"article:author\" content=\"https:\/\/www.facebook.com\/?ref=tn_tnmn\" \/>\n<meta property=\"article:published_time\" content=\"2024-05-12T13:00:54+00:00\" \/>\n<meta property=\"og:image\" content=\"https:\/\/blogdofarnesio.com.br\/wp-content\/uploads\/2024\/05\/blgoqspprf-carga-roubada-salgueiro-juazeiro-e1715518180604.webp\" \/>\n\t<meta property=\"og:image:width\" content=\"600\" \/>\n\t<meta property=\"og:image:height\" content=\"315\" \/>\n\t<meta property=\"og:image:type\" content=\"image\/webp\" \/>\n<meta name=\"author\" content=\"Farn\u00e9sio\" \/>\n<meta name=\"twitter:card\" content=\"summary_large_image\" \/>\n<meta name=\"twitter:label1\" content=\"Escrito por\" \/>\n\t<meta name=\"twitter:data1\" content=\"Farn\u00e9sio\" \/>\n\t<meta name=\"twitter:label2\" content=\"Est. tempo de leitura\" \/>\n\t<meta name=\"twitter:data2\" content=\"2 minutos\" \/>\n<script type=\"application\/ld+json\" class=\"yoast-schema-graph\">{\"@context\":\"https:\\\/\\\/schema.org\",\"@graph\":[{\"@type\":\"Article\",\"@id\":\"https:\\\/\\\/blogdofarnesio.com.br\\\/?p=368432#article\",\"isPartOf\":{\"@id\":\"https:\\\/\\\/blogdofarnesio.com.br\\\/?p=368432\"},\"author\":{\"name\":\"Farn\u00e9sio\",\"@id\":\"https:\\\/\\\/blogdofarnesio.com.br\\\/#\\\/schema\\\/person\\\/bb9b23ae3ad0609ce8df7b6c9e76824d\"},\"headline\":\"Homem \u00e9 preso com R$ 1,5 milh\u00e3o em produtos roubados em Juazeiro\",\"datePublished\":\"2024-05-12T13:00:54+00:00\",\"mainEntityOfPage\":{\"@id\":\"https:\\\/\\\/blogdofarnesio.com.br\\\/?p=368432\"},\"wordCount\":200,\"commentCount\":0,\"publisher\":{\"@id\":\"https:\\\/\\\/blogdofarnesio.com.br\\\/#organization\"},\"image\":{\"@id\":\"https:\\\/\\\/blogdofarnesio.com.br\\\/?p=368432#primaryimage\"},\"thumbnailUrl\":\"https:\\\/\\\/blogdofarnesio.com.br\\\/wp-content\\\/uploads\\\/2024\\\/05\\\/blgoqspprf-carga-roubada-salgueiro-juazeiro-e1715518180604.webp\",\"articleSection\":[\"Pol\u00edcia\"],\"inLanguage\":\"pt-BR\",\"potentialAction\":[{\"@type\":\"CommentAction\",\"name\":\"Comment\",\"target\":[\"https:\\\/\\\/blogdofarnesio.com.br\\\/?p=368432#respond\"]}]},{\"@type\":\"WebPage\",\"@id\":\"https:\\\/\\\/blogdofarnesio.com.br\\\/?p=368432\",\"url\":\"https:\\\/\\\/blogdofarnesio.com.br\\\/?p=368432\",\"name\":\"Homem \u00e9 preso com R$ 1,5 milh\u00e3o em produtos roubados em Juazeiro - Blog do Farn\u00e9sio\",\"isPartOf\":{\"@id\":\"https:\\\/\\\/blogdofarnesio.com.br\\\/#website\"},\"primaryImageOfPage\":{\"@id\":\"https:\\\/\\\/blogdofarnesio.com.br\\\/?p=368432#primaryimage\"},\"image\":{\"@id\":\"https:\\\/\\\/blogdofarnesio.com.br\\\/?p=368432#primaryimage\"},\"thumbnailUrl\":\"https:\\\/\\\/blogdofarnesio.com.br\\\/wp-content\\\/uploads\\\/2024\\\/05\\\/blgoqspprf-carga-roubada-salgueiro-juazeiro-e1715518180604.webp\",\"datePublished\":\"2024-05-12T13:00:54+00:00\",\"breadcrumb\":{\"@id\":\"https:\\\/\\\/blogdofarnesio.com.br\\\/?p=368432#breadcrumb\"},\"inLanguage\":\"pt-BR\",\"potentialAction\":[{\"@type\":\"ReadAction\",\"target\":[\"https:\\\/\\\/blogdofarnesio.com.br\\\/?p=368432\"]}]},{\"@type\":\"ImageObject\",\"inLanguage\":\"pt-BR\",\"@id\":\"https:\\\/\\\/blogdofarnesio.com.br\\\/?p=368432#primaryimage\",\"url\":\"https:\\\/\\\/blogdofarnesio.com.br\\\/wp-content\\\/uploads\\\/2024\\\/05\\\/blgoqspprf-carga-roubada-salgueiro-juazeiro-e1715518180604.webp\",\"contentUrl\":\"https:\\\/\\\/blogdofarnesio.com.br\\\/wp-content\\\/uploads\\\/2024\\\/05\\\/blgoqspprf-carga-roubada-salgueiro-juazeiro-e1715518180604.webp\",\"width\":600,\"height\":315},{\"@type\":\"BreadcrumbList\",\"@id\":\"https:\\\/\\\/blogdofarnesio.com.br\\\/?p=368432#breadcrumb\",\"itemListElement\":[{\"@type\":\"ListItem\",\"position\":1,\"name\":\"In\u00edcio\",\"item\":\"https:\\\/\\\/blogdofarnesio.com.br\\\/\"},{\"@type\":\"ListItem\",\"position\":2,\"name\":\"Homem \u00e9 preso com R$ 1,5 milh\u00e3o em produtos roubados em Juazeiro\"}]},{\"@type\":\"WebSite\",\"@id\":\"https:\\\/\\\/blogdofarnesio.com.br\\\/#website\",\"url\":\"https:\\\/\\\/blogdofarnesio.com.br\\\/\",\"name\":\"Blog do Farn\u00e9sio\",\"description\":\"Quer Saber Pol\u00edtica?\",\"publisher\":{\"@id\":\"https:\\\/\\\/blogdofarnesio.com.br\\\/#organization\"},\"potentialAction\":[{\"@type\":\"SearchAction\",\"target\":{\"@type\":\"EntryPoint\",\"urlTemplate\":\"https:\\\/\\\/blogdofarnesio.com.br\\\/?s={search_term_string}\"},\"query-input\":{\"@type\":\"PropertyValueSpecification\",\"valueRequired\":true,\"valueName\":\"search_term_string\"}}],\"inLanguage\":\"pt-BR\"},{\"@type\":\"Organization\",\"@id\":\"https:\\\/\\\/blogdofarnesio.com.br\\\/#organization\",\"name\":\"Blog do Farn\u00e9sio\",\"url\":\"https:\\\/\\\/blogdofarnesio.com.br\\\/\",\"logo\":{\"@type\":\"ImageObject\",\"inLanguage\":\"pt-BR\",\"@id\":\"https:\\\/\\\/blogdofarnesio.com.br\\\/#\\\/schema\\\/logo\\\/image\\\/\",\"url\":\"https:\\\/\\\/blogdofarnesio.com.br\\\/wp-content\\\/uploads\\\/2026\\\/03\\\/cropped-logo_new-1.png\",\"contentUrl\":\"https:\\\/\\\/blogdofarnesio.com.br\\\/wp-content\\\/uploads\\\/2026\\\/03\\\/cropped-logo_new-1.png\",\"width\":881,\"height\":685,\"caption\":\"Blog do Farn\u00e9sio\"},\"image\":{\"@id\":\"https:\\\/\\\/blogdofarnesio.com.br\\\/#\\\/schema\\\/logo\\\/image\\\/\"},\"sameAs\":[\"https:\\\/\\\/www.facebook.com\\\/BlogQuerSaberPolitica\\\/\"]},{\"@type\":\"Person\",\"@id\":\"https:\\\/\\\/blogdofarnesio.com.br\\\/#\\\/schema\\\/person\\\/bb9b23ae3ad0609ce8df7b6c9e76824d\",\"name\":\"Farn\u00e9sio\",\"image\":{\"@type\":\"ImageObject\",\"inLanguage\":\"pt-BR\",\"@id\":\"https:\\\/\\\/secure.gravatar.com\\\/avatar\\\/986aa4c61ccdb66f8555bf88fc2a65609d00bcabd4d2d94377a727547345cbca?s=96&d=mm&r=g\",\"url\":\"https:\\\/\\\/secure.gravatar.com\\\/avatar\\\/986aa4c61ccdb66f8555bf88fc2a65609d00bcabd4d2d94377a727547345cbca?s=96&d=mm&r=g\",\"contentUrl\":\"https:\\\/\\\/secure.gravatar.com\\\/avatar\\\/986aa4c61ccdb66f8555bf88fc2a65609d00bcabd4d2d94377a727547345cbca?s=96&d=mm&r=g\",\"caption\":\"Farn\u00e9sio\"},\"description\":\"Radialista blogueiro, chegou a Petrolina\\\/Juazeiro em setembro de 1980, Farn\u00e9sio Silva \u00e9 de Arapiraca-Alagoas.\",\"sameAs\":[\"http:\\\/\\\/blogdofarnesio.com.br\",\"https:\\\/\\\/www.facebook.com\\\/?ref=tn_tnmn\",\"https:\\\/\\\/www.instagram.com\\\/?utm_source=pwa_homescreen\",\"https:\\\/\\\/youtube.com.br\\\/\"],\"url\":\"https:\\\/\\\/blogdofarnesio.com.br\\\/?author=2\"}]}<\/script>\n<!-- \/ Yoast SEO plugin. -->","yoast_head_json":{"title":"Homem \u00e9 preso com R$ 1,5 milh\u00e3o em produtos roubados em Juazeiro - Blog do Farn\u00e9sio","robots":{"index":"index","follow":"follow","max-snippet":"max-snippet:-1","max-image-preview":"max-image-preview:large","max-video-preview":"max-video-preview:-1"},"canonical":"https:\/\/blogdofarnesio.com.br\/?p=368432","og_locale":"pt_BR","og_type":"article","og_title":"Homem \u00e9 preso com R$ 1,5 milh\u00e3o em produtos roubados em Juazeiro - Blog do Farn\u00e9sio","og_description":"Um homem foi preso ap\u00f3s ser encontrado com cerca de R$ 1,5 milh\u00e3o em produtos roubados, que estavam armazenados em um galp\u00e3o localizado na cidade de Juazeiro, no norte da Bahia. De acordo com a pol\u00edcia, a carga foi roubada no dia 23 de mar\u00e7o, em uma estrada de Pernambuco, e s\u00f3 foi encontrada quase 2 meses depois, no dia 10 de maio. As investiga\u00e7\u00f5es tiveram in\u00edcio ap\u00f3s a carga ter sido roubada na cidade de Salgueiro, em Pernambuco. Na ocasi\u00e3o, o motorista da carreta que levava os objetos foi abordado por homens armados. Entre os materiais roubados estavam munhequeiras, rolos de espuma, rolos de pintura sem cabo, material ortop\u00e9dico, copos descart\u00e1veis, aquecedor solar, utens\u00edlios de laborat\u00f3rio, tesouras cir\u00fargicas, poltronas,&hellip;","og_url":"https:\/\/blogdofarnesio.com.br\/?p=368432","og_site_name":"Blog do Farn\u00e9sio","article_publisher":"https:\/\/www.facebook.com\/BlogQuerSaberPolitica\/","article_author":"https:\/\/www.facebook.com\/?ref=tn_tnmn","article_published_time":"2024-05-12T13:00:54+00:00","og_image":[{"width":600,"height":315,"url":"https:\/\/blogdofarnesio.com.br\/wp-content\/uploads\/2024\/05\/blgoqspprf-carga-roubada-salgueiro-juazeiro-e1715518180604.webp","type":"image\/webp"}],"author":"Farn\u00e9sio","twitter_card":"summary_large_image","twitter_misc":{"Escrito por":"Farn\u00e9sio","Est. tempo de leitura":"2 minutos"},"schema":{"@context":"https:\/\/schema.org","@graph":[{"@type":"Article","@id":"https:\/\/blogdofarnesio.com.br\/?p=368432#article","isPartOf":{"@id":"https:\/\/blogdofarnesio.com.br\/?p=368432"},"author":{"name":"Farn\u00e9sio","@id":"https:\/\/blogdofarnesio.com.br\/#\/schema\/person\/bb9b23ae3ad0609ce8df7b6c9e76824d"},"headline":"Homem \u00e9 preso com R$ 1,5 milh\u00e3o em produtos roubados em Juazeiro","datePublished":"2024-05-12T13:00:54+00:00","mainEntityOfPage":{"@id":"https:\/\/blogdofarnesio.com.br\/?p=368432"},"wordCount":200,"commentCount":0,"publisher":{"@id":"https:\/\/blogdofarnesio.com.br\/#organization"},"image":{"@id":"https:\/\/blogdofarnesio.com.br\/?p=368432#primaryimage"},"thumbnailUrl":"https:\/\/blogdofarnesio.com.br\/wp-content\/uploads\/2024\/05\/blgoqspprf-carga-roubada-salgueiro-juazeiro-e1715518180604.webp","articleSection":["Pol\u00edcia"],"inLanguage":"pt-BR","potentialAction":[{"@type":"CommentAction","name":"Comment","target":["https:\/\/blogdofarnesio.com.br\/?p=368432#respond"]}]},{"@type":"WebPage","@id":"https:\/\/blogdofarnesio.com.br\/?p=368432","url":"https:\/\/blogdofarnesio.com.br\/?p=368432","name":"Homem \u00e9 preso com R$ 1,5 milh\u00e3o em produtos roubados em Juazeiro - Blog do Farn\u00e9sio","isPartOf":{"@id":"https:\/\/blogdofarnesio.com.br\/#website"},"primaryImageOfPage":{"@id":"https:\/\/blogdofarnesio.com.br\/?p=368432#primaryimage"},"image":{"@id":"https:\/\/blogdofarnesio.com.br\/?p=368432#primaryimage"},"thumbnailUrl":"https:\/\/blogdofarnesio.com.br\/wp-content\/uploads\/2024\/05\/blgoqspprf-carga-roubada-salgueiro-juazeiro-e1715518180604.webp","datePublished":"2024-05-12T13:00:54+00:00","breadcrumb":{"@id":"https:\/\/blogdofarnesio.com.br\/?p=368432#breadcrumb"},"inLanguage":"pt-BR","potentialAction":[{"@type":"ReadAction","target":["https:\/\/blogdofarnesio.com.br\/?p=368432"]}]},{"@type":"ImageObject","inLanguage":"pt-BR","@id":"https:\/\/blogdofarnesio.com.br\/?p=368432#primaryimage","url":"https:\/\/blogdofarnesio.com.br\/wp-content\/uploads\/2024\/05\/blgoqspprf-carga-roubada-salgueiro-juazeiro-e1715518180604.webp","contentUrl":"https:\/\/blogdofarnesio.com.br\/wp-content\/uploads\/2024\/05\/blgoqspprf-carga-roubada-salgueiro-juazeiro-e1715518180604.webp","width":600,"height":315},{"@type":"BreadcrumbList","@id":"https:\/\/blogdofarnesio.com.br\/?p=368432#breadcrumb","itemListElement":[{"@type":"ListItem","position":1,"name":"In\u00edcio","item":"https:\/\/blogdofarnesio.com.br\/"},{"@type":"ListItem","position":2,"name":"Homem \u00e9 preso com R$ 1,5 milh\u00e3o em produtos roubados em Juazeiro"}]},{"@type":"WebSite","@id":"https:\/\/blogdofarnesio.com.br\/#website","url":"https:\/\/blogdofarnesio.com.br\/","name":"Blog do Farn\u00e9sio","description":"Quer Saber Pol\u00edtica?","publisher":{"@id":"https:\/\/blogdofarnesio.com.br\/#organization"},"potentialAction":[{"@type":"SearchAction","target":{"@type":"EntryPoint","urlTemplate":"https:\/\/blogdofarnesio.com.br\/?s={search_term_string}"},"query-input":{"@type":"PropertyValueSpecification","valueRequired":true,"valueName":"search_term_string"}}],"inLanguage":"pt-BR"},{"@type":"Organization","@id":"https:\/\/blogdofarnesio.com.br\/#organization","name":"Blog do Farn\u00e9sio","url":"https:\/\/blogdofarnesio.com.br\/","logo":{"@type":"ImageObject","inLanguage":"pt-BR","@id":"https:\/\/blogdofarnesio.com.br\/#\/schema\/logo\/image\/","url":"https:\/\/blogdofarnesio.com.br\/wp-content\/uploads\/2026\/03\/cropped-logo_new-1.png","contentUrl":"https:\/\/blogdofarnesio.com.br\/wp-content\/uploads\/2026\/03\/cropped-logo_new-1.png","width":881,"height":685,"caption":"Blog do Farn\u00e9sio"},"image":{"@id":"https:\/\/blogdofarnesio.com.br\/#\/schema\/logo\/image\/"},"sameAs":["https:\/\/www.facebook.com\/BlogQuerSaberPolitica\/"]},{"@type":"Person","@id":"https:\/\/blogdofarnesio.com.br\/#\/schema\/person\/bb9b23ae3ad0609ce8df7b6c9e76824d","name":"Farn\u00e9sio","image":{"@type":"ImageObject","inLanguage":"pt-BR","@id":"https:\/\/secure.gravatar.com\/avatar\/986aa4c61ccdb66f8555bf88fc2a65609d00bcabd4d2d94377a727547345cbca?s=96&d=mm&r=g","url":"https:\/\/secure.gravatar.com\/avatar\/986aa4c61ccdb66f8555bf88fc2a65609d00bcabd4d2d94377a727547345cbca?s=96&d=mm&r=g","contentUrl":"https:\/\/secure.gravatar.com\/avatar\/986aa4c61ccdb66f8555bf88fc2a65609d00bcabd4d2d94377a727547345cbca?s=96&d=mm&r=g","caption":"Farn\u00e9sio"},"description":"Radialista blogueiro, chegou a Petrolina\/Juazeiro em setembro de 1980, Farn\u00e9sio Silva \u00e9 de Arapiraca-Alagoas.","sameAs":["http:\/\/blogdofarnesio.com.br","https:\/\/www.facebook.com\/?ref=tn_tnmn","https:\/\/www.instagram.com\/?utm_source=pwa_homescreen","https:\/\/youtube.com.br\/"],"url":"https:\/\/blogdofarnesio.com.br\/?author=2"}]}},"_links":{"self":[{"href":"https:\/\/blogdofarnesio.com.br\/index.php?rest_route=\/wp\/v2\/posts\/368432","targetHints":{"allow":["GET"]}}],"collection":[{"href":"https:\/\/blogdofarnesio.com.br\/index.php?rest_route=\/wp\/v2\/posts"}],"about":[{"href":"https:\/\/blogdofarnesio.com.br\/index.php?rest_route=\/wp\/v2\/types\/post"}],"author":[{"embeddable":true,"href":"https:\/\/blogdofarnesio.com.br\/index.php?rest_route=\/wp\/v2\/users\/2"}],"replies":[{"embeddable":true,"href":"https:\/\/blogdofarnesio.com.br\/index.php?rest_route=%2Fwp%2Fv2%2Fcomments&post=368432"}],"version-history":[{"count":0,"href":"https:\/\/blogdofarnesio.com.br\/index.php?rest_route=\/wp\/v2\/posts\/368432\/revisions"}],"wp:featuredmedia":[{"embeddable":true,"href":"https:\/\/blogdofarnesio.com.br\/index.php?rest_route=\/wp\/v2\/media\/368433"}],"wp:attachment":[{"href":"https:\/\/blogdofarnesio.com.br\/index.php?rest_route=%2Fwp%2Fv2%2Fmedia&parent=368432"}],"wp:term":[{"taxonomy":"category","embeddable":true,"href":"https:\/\/blogdofarnesio.com.br\/index.php?rest_route=%2Fwp%2Fv2%2Fcategories&post=368432"},{"taxonomy":"post_tag","embeddable":true,"href":"https:\/\/blogdofarnesio.com.br\/index.php?rest_route=%2Fwp%2Fv2%2Ftags&post=368432"}],"curies":[{"name":"wp","href":"https:\/\/api.w.org\/{rel}","templated":true}]}}