{"id":368374,"date":"2024-05-12T11:00:58","date_gmt":"2024-05-12T14:00:58","guid":{"rendered":"https:\/\/blogdofarnesio.com.br\/?p=368374"},"modified":"2024-05-12T08:18:12","modified_gmt":"2024-05-12T11:18:12","slug":"apos-varias-reclamacoes-prefeitura-realiza-operacao-de-captura-de-enxames-de-abelhas","status":"publish","type":"post","link":"https:\/\/blogdofarnesio.com.br\/?p=368374","title":{"rendered":"Ap\u00f3s v\u00e1rias reclama\u00e7\u00f5es, Prefeitura realiza opera\u00e7\u00e3o de captura de enxames de abelhas"},"content":{"rendered":"<p>A Prefeitura de Juazeiro, por meio da equipe da Secretaria de Meio Ambiente e Ordenamento Urbano (Semaurb), realizou em parceria com o Corpo de Bombeiros, na noite desta sexta-feira (10), uma opera\u00e7\u00e3o para retirada de um exame de abelhas que estava em uma \u00e1rvore na rua 01 do Bairro Maring\u00e1, em Juazeiro.<\/p>\n<p><img loading=\"lazy\" decoding=\"async\" class=\"aligncenter wp-image-368376 size-full\" src=\"https:\/\/blogdofarnesio.com.br\/wp-content\/uploads\/2024\/05\/blogqspjua-abelhas-enxames-2-e1715427342763.jpeg\" alt=\"\" width=\"600\" height=\"400\" \/><\/p>\n<p>A equipe de bombeiros isolou a \u00e1rea e realizou a captura das abelhas com seguran\u00e7a.<\/p>\n<p>\u201cGeralmente as abelhas costumam se alojar em \u00e1rvores e telhados, por isso oriento a popula\u00e7\u00e3o a n\u00e3o mexer nas colmeias para evitar acidentes. Evitar barulho, som alto e tamb\u00e9m cheiro de produto qu\u00edmico como perfume, \u00e1gua sanit\u00e1ria.<\/p>\n<p>Se afastar do local e chamar a equipe para poder verificar e fazer a remo\u00e7\u00e3o. Pois quando se sentem amea\u00e7adas, podem atacar com seus ferr\u00f5es\u201d, alertou o diretor de Fiscaliza\u00e7\u00e3o Ambiental da Semaurb, Hudson Duarte.<\/p>\n<p>Cerca de 35 enxames s\u00e3o retirados por m\u00eas pela Semaurb e destinados a apicultores ou soltos na Caatinga, longe da zona urbana. A Semaurb s\u00f3 realiza a captura de enxames de abelhas em logradouros p\u00fablicos ou em resid\u00eancias de baixa renda.<\/p>\n<p>Para solicitar o servi\u00e7o, a popula\u00e7\u00e3o pode entrar em contato pelo telefone\u00a0<a href=\"tel:(74)%203612-3582\" target=\"_blank\" rel=\"noopener\">(74) 3612-3582<\/a>\u00a0(Whatsapp) ou comparecer \u00e0 sede da Secretaria, localizada na Rua Oscar Ribeiro, s\/n, no Centro de Juazeiro.<\/p>\n<p>\u2014<\/p>\n","protected":false},"excerpt":{"rendered":"<p>A Prefeitura de Juazeiro, por meio da equipe da Secretaria de Meio Ambiente e Ordenamento Urbano (Semaurb), realizou em parceria com o Corpo de Bombeiros, na noite desta sexta-feira (10), uma opera\u00e7\u00e3o para retirada de um exame de abelhas que estava em uma \u00e1rvore na rua 01 do Bairro Maring\u00e1, em Juazeiro. A equipe de bombeiros isolou a \u00e1rea e realizou a captura das abelhas com seguran\u00e7a. \u201cGeralmente as abelhas costumam se alojar em \u00e1rvores e telhados, por isso oriento a popula\u00e7\u00e3o a n\u00e3o mexer nas colmeias para evitar acidentes. Evitar barulho, som alto e tamb\u00e9m cheiro de produto qu\u00edmico como perfume, \u00e1gua sanit\u00e1ria. Se afastar do local e chamar a equipe para poder verificar e fazer a remo\u00e7\u00e3o. Pois&hellip; <\/p>\n","protected":false},"author":2,"featured_media":368377,"comment_status":"open","ping_status":"open","sticky":false,"template":"","format":"standard","meta":{"_acf_changed":false,"footnotes":""},"categories":[44],"tags":[],"class_list":["post-368374","post","type-post","status-publish","format-standard","has-post-thumbnail","hentry","category-administracao"],"acf":[],"yoast_head":"<!-- This site is optimized with the Yoast SEO plugin v27.4 - https:\/\/yoast.com\/product\/yoast-seo-wordpress\/ -->\n<title>Ap\u00f3s v\u00e1rias reclama\u00e7\u00f5es, Prefeitura realiza opera\u00e7\u00e3o de captura de enxames de abelhas - Blog do Farn\u00e9sio<\/title>\n<meta name=\"robots\" content=\"index, follow, max-snippet:-1, max-image-preview:large, max-video-preview:-1\" \/>\n<link rel=\"canonical\" href=\"https:\/\/blogdofarnesio.com.br\/?p=368374\" \/>\n<meta property=\"og:locale\" content=\"pt_BR\" \/>\n<meta property=\"og:type\" content=\"article\" \/>\n<meta property=\"og:title\" content=\"Ap\u00f3s v\u00e1rias reclama\u00e7\u00f5es, Prefeitura realiza opera\u00e7\u00e3o de captura de enxames de abelhas - Blog do Farn\u00e9sio\" \/>\n<meta property=\"og:description\" content=\"A Prefeitura de Juazeiro, por meio da equipe da Secretaria de Meio Ambiente e Ordenamento Urbano (Semaurb), realizou em parceria com o Corpo de Bombeiros, na noite desta sexta-feira (10), uma opera\u00e7\u00e3o para retirada de um exame de abelhas que estava em uma \u00e1rvore na rua 01 do Bairro Maring\u00e1, em Juazeiro. A equipe de bombeiros isolou a \u00e1rea e realizou a captura das abelhas com seguran\u00e7a. \u201cGeralmente as abelhas costumam se alojar em \u00e1rvores e telhados, por isso oriento a popula\u00e7\u00e3o a n\u00e3o mexer nas colmeias para evitar acidentes. Evitar barulho, som alto e tamb\u00e9m cheiro de produto qu\u00edmico como perfume, \u00e1gua sanit\u00e1ria. Se afastar do local e chamar a equipe para poder verificar e fazer a remo\u00e7\u00e3o. Pois&hellip;\" \/>\n<meta property=\"og:url\" content=\"https:\/\/blogdofarnesio.com.br\/?p=368374\" \/>\n<meta property=\"og:site_name\" content=\"Blog do Farn\u00e9sio\" \/>\n<meta property=\"article:publisher\" content=\"https:\/\/www.facebook.com\/BlogQuerSaberPolitica\/\" \/>\n<meta property=\"article:author\" content=\"https:\/\/www.facebook.com\/?ref=tn_tnmn\" \/>\n<meta property=\"article:published_time\" content=\"2024-05-12T14:00:58+00:00\" \/>\n<meta property=\"og:image\" content=\"https:\/\/blogdofarnesio.com.br\/wp-content\/uploads\/2024\/05\/blogqspjua-abelhas-enxames-3-e1715427309417.jpeg\" \/>\n\t<meta property=\"og:image:width\" content=\"600\" \/>\n\t<meta property=\"og:image:height\" content=\"429\" \/>\n\t<meta property=\"og:image:type\" content=\"image\/jpeg\" \/>\n<meta name=\"author\" content=\"Farn\u00e9sio\" \/>\n<meta name=\"twitter:card\" content=\"summary_large_image\" \/>\n<meta name=\"twitter:label1\" content=\"Escrito por\" \/>\n\t<meta name=\"twitter:data1\" content=\"Farn\u00e9sio\" \/>\n\t<meta name=\"twitter:label2\" content=\"Est. tempo de leitura\" \/>\n\t<meta name=\"twitter:data2\" content=\"2 minutos\" \/>\n<script type=\"application\/ld+json\" class=\"yoast-schema-graph\">{\"@context\":\"https:\\\/\\\/schema.org\",\"@graph\":[{\"@type\":\"Article\",\"@id\":\"https:\\\/\\\/blogdofarnesio.com.br\\\/?p=368374#article\",\"isPartOf\":{\"@id\":\"https:\\\/\\\/blogdofarnesio.com.br\\\/?p=368374\"},\"author\":{\"name\":\"Farn\u00e9sio\",\"@id\":\"https:\\\/\\\/blogdofarnesio.com.br\\\/#\\\/schema\\\/person\\\/bb9b23ae3ad0609ce8df7b6c9e76824d\"},\"headline\":\"Ap\u00f3s v\u00e1rias reclama\u00e7\u00f5es, Prefeitura realiza opera\u00e7\u00e3o de captura de enxames de abelhas\",\"datePublished\":\"2024-05-12T14:00:58+00:00\",\"mainEntityOfPage\":{\"@id\":\"https:\\\/\\\/blogdofarnesio.com.br\\\/?p=368374\"},\"wordCount\":240,\"commentCount\":0,\"publisher\":{\"@id\":\"https:\\\/\\\/blogdofarnesio.com.br\\\/#organization\"},\"image\":{\"@id\":\"https:\\\/\\\/blogdofarnesio.com.br\\\/?p=368374#primaryimage\"},\"thumbnailUrl\":\"https:\\\/\\\/blogdofarnesio.com.br\\\/wp-content\\\/uploads\\\/2024\\\/05\\\/blogqspjua-abelhas-enxames-3-e1715427309417.jpeg\",\"articleSection\":[\"Administra\u00e7\u00e3o\"],\"inLanguage\":\"pt-BR\",\"potentialAction\":[{\"@type\":\"CommentAction\",\"name\":\"Comment\",\"target\":[\"https:\\\/\\\/blogdofarnesio.com.br\\\/?p=368374#respond\"]}]},{\"@type\":\"WebPage\",\"@id\":\"https:\\\/\\\/blogdofarnesio.com.br\\\/?p=368374\",\"url\":\"https:\\\/\\\/blogdofarnesio.com.br\\\/?p=368374\",\"name\":\"Ap\u00f3s v\u00e1rias reclama\u00e7\u00f5es, Prefeitura realiza opera\u00e7\u00e3o de captura de enxames de abelhas - Blog do Farn\u00e9sio\",\"isPartOf\":{\"@id\":\"https:\\\/\\\/blogdofarnesio.com.br\\\/#website\"},\"primaryImageOfPage\":{\"@id\":\"https:\\\/\\\/blogdofarnesio.com.br\\\/?p=368374#primaryimage\"},\"image\":{\"@id\":\"https:\\\/\\\/blogdofarnesio.com.br\\\/?p=368374#primaryimage\"},\"thumbnailUrl\":\"https:\\\/\\\/blogdofarnesio.com.br\\\/wp-content\\\/uploads\\\/2024\\\/05\\\/blogqspjua-abelhas-enxames-3-e1715427309417.jpeg\",\"datePublished\":\"2024-05-12T14:00:58+00:00\",\"breadcrumb\":{\"@id\":\"https:\\\/\\\/blogdofarnesio.com.br\\\/?p=368374#breadcrumb\"},\"inLanguage\":\"pt-BR\",\"potentialAction\":[{\"@type\":\"ReadAction\",\"target\":[\"https:\\\/\\\/blogdofarnesio.com.br\\\/?p=368374\"]}]},{\"@type\":\"ImageObject\",\"inLanguage\":\"pt-BR\",\"@id\":\"https:\\\/\\\/blogdofarnesio.com.br\\\/?p=368374#primaryimage\",\"url\":\"https:\\\/\\\/blogdofarnesio.com.br\\\/wp-content\\\/uploads\\\/2024\\\/05\\\/blogqspjua-abelhas-enxames-3-e1715427309417.jpeg\",\"contentUrl\":\"https:\\\/\\\/blogdofarnesio.com.br\\\/wp-content\\\/uploads\\\/2024\\\/05\\\/blogqspjua-abelhas-enxames-3-e1715427309417.jpeg\",\"width\":600,\"height\":429},{\"@type\":\"BreadcrumbList\",\"@id\":\"https:\\\/\\\/blogdofarnesio.com.br\\\/?p=368374#breadcrumb\",\"itemListElement\":[{\"@type\":\"ListItem\",\"position\":1,\"name\":\"In\u00edcio\",\"item\":\"https:\\\/\\\/blogdofarnesio.com.br\\\/\"},{\"@type\":\"ListItem\",\"position\":2,\"name\":\"Ap\u00f3s v\u00e1rias reclama\u00e7\u00f5es, Prefeitura realiza opera\u00e7\u00e3o de captura de enxames de abelhas\"}]},{\"@type\":\"WebSite\",\"@id\":\"https:\\\/\\\/blogdofarnesio.com.br\\\/#website\",\"url\":\"https:\\\/\\\/blogdofarnesio.com.br\\\/\",\"name\":\"Blog do Farn\u00e9sio\",\"description\":\"Quer Saber Pol\u00edtica?\",\"publisher\":{\"@id\":\"https:\\\/\\\/blogdofarnesio.com.br\\\/#organization\"},\"potentialAction\":[{\"@type\":\"SearchAction\",\"target\":{\"@type\":\"EntryPoint\",\"urlTemplate\":\"https:\\\/\\\/blogdofarnesio.com.br\\\/?s={search_term_string}\"},\"query-input\":{\"@type\":\"PropertyValueSpecification\",\"valueRequired\":true,\"valueName\":\"search_term_string\"}}],\"inLanguage\":\"pt-BR\"},{\"@type\":\"Organization\",\"@id\":\"https:\\\/\\\/blogdofarnesio.com.br\\\/#organization\",\"name\":\"Blog do Farn\u00e9sio\",\"url\":\"https:\\\/\\\/blogdofarnesio.com.br\\\/\",\"logo\":{\"@type\":\"ImageObject\",\"inLanguage\":\"pt-BR\",\"@id\":\"https:\\\/\\\/blogdofarnesio.com.br\\\/#\\\/schema\\\/logo\\\/image\\\/\",\"url\":\"https:\\\/\\\/blogdofarnesio.com.br\\\/wp-content\\\/uploads\\\/2026\\\/03\\\/cropped-logo_new-1.png\",\"contentUrl\":\"https:\\\/\\\/blogdofarnesio.com.br\\\/wp-content\\\/uploads\\\/2026\\\/03\\\/cropped-logo_new-1.png\",\"width\":881,\"height\":685,\"caption\":\"Blog do Farn\u00e9sio\"},\"image\":{\"@id\":\"https:\\\/\\\/blogdofarnesio.com.br\\\/#\\\/schema\\\/logo\\\/image\\\/\"},\"sameAs\":[\"https:\\\/\\\/www.facebook.com\\\/BlogQuerSaberPolitica\\\/\"]},{\"@type\":\"Person\",\"@id\":\"https:\\\/\\\/blogdofarnesio.com.br\\\/#\\\/schema\\\/person\\\/bb9b23ae3ad0609ce8df7b6c9e76824d\",\"name\":\"Farn\u00e9sio\",\"image\":{\"@type\":\"ImageObject\",\"inLanguage\":\"pt-BR\",\"@id\":\"https:\\\/\\\/secure.gravatar.com\\\/avatar\\\/986aa4c61ccdb66f8555bf88fc2a65609d00bcabd4d2d94377a727547345cbca?s=96&d=mm&r=g\",\"url\":\"https:\\\/\\\/secure.gravatar.com\\\/avatar\\\/986aa4c61ccdb66f8555bf88fc2a65609d00bcabd4d2d94377a727547345cbca?s=96&d=mm&r=g\",\"contentUrl\":\"https:\\\/\\\/secure.gravatar.com\\\/avatar\\\/986aa4c61ccdb66f8555bf88fc2a65609d00bcabd4d2d94377a727547345cbca?s=96&d=mm&r=g\",\"caption\":\"Farn\u00e9sio\"},\"description\":\"Radialista blogueiro, chegou a Petrolina\\\/Juazeiro em setembro de 1980, Farn\u00e9sio Silva \u00e9 de Arapiraca-Alagoas.\",\"sameAs\":[\"http:\\\/\\\/blogdofarnesio.com.br\",\"https:\\\/\\\/www.facebook.com\\\/?ref=tn_tnmn\",\"https:\\\/\\\/www.instagram.com\\\/?utm_source=pwa_homescreen\",\"https:\\\/\\\/youtube.com.br\\\/\"],\"url\":\"https:\\\/\\\/blogdofarnesio.com.br\\\/?author=2\"}]}<\/script>\n<!-- \/ Yoast SEO plugin. -->","yoast_head_json":{"title":"Ap\u00f3s v\u00e1rias reclama\u00e7\u00f5es, Prefeitura realiza opera\u00e7\u00e3o de captura de enxames de abelhas - Blog do Farn\u00e9sio","robots":{"index":"index","follow":"follow","max-snippet":"max-snippet:-1","max-image-preview":"max-image-preview:large","max-video-preview":"max-video-preview:-1"},"canonical":"https:\/\/blogdofarnesio.com.br\/?p=368374","og_locale":"pt_BR","og_type":"article","og_title":"Ap\u00f3s v\u00e1rias reclama\u00e7\u00f5es, Prefeitura realiza opera\u00e7\u00e3o de captura de enxames de abelhas - Blog do Farn\u00e9sio","og_description":"A Prefeitura de Juazeiro, por meio da equipe da Secretaria de Meio Ambiente e Ordenamento Urbano (Semaurb), realizou em parceria com o Corpo de Bombeiros, na noite desta sexta-feira (10), uma opera\u00e7\u00e3o para retirada de um exame de abelhas que estava em uma \u00e1rvore na rua 01 do Bairro Maring\u00e1, em Juazeiro. A equipe de bombeiros isolou a \u00e1rea e realizou a captura das abelhas com seguran\u00e7a. \u201cGeralmente as abelhas costumam se alojar em \u00e1rvores e telhados, por isso oriento a popula\u00e7\u00e3o a n\u00e3o mexer nas colmeias para evitar acidentes. Evitar barulho, som alto e tamb\u00e9m cheiro de produto qu\u00edmico como perfume, \u00e1gua sanit\u00e1ria. Se afastar do local e chamar a equipe para poder verificar e fazer a remo\u00e7\u00e3o. Pois&hellip;","og_url":"https:\/\/blogdofarnesio.com.br\/?p=368374","og_site_name":"Blog do Farn\u00e9sio","article_publisher":"https:\/\/www.facebook.com\/BlogQuerSaberPolitica\/","article_author":"https:\/\/www.facebook.com\/?ref=tn_tnmn","article_published_time":"2024-05-12T14:00:58+00:00","og_image":[{"width":600,"height":429,"url":"https:\/\/blogdofarnesio.com.br\/wp-content\/uploads\/2024\/05\/blogqspjua-abelhas-enxames-3-e1715427309417.jpeg","type":"image\/jpeg"}],"author":"Farn\u00e9sio","twitter_card":"summary_large_image","twitter_misc":{"Escrito por":"Farn\u00e9sio","Est. tempo de leitura":"2 minutos"},"schema":{"@context":"https:\/\/schema.org","@graph":[{"@type":"Article","@id":"https:\/\/blogdofarnesio.com.br\/?p=368374#article","isPartOf":{"@id":"https:\/\/blogdofarnesio.com.br\/?p=368374"},"author":{"name":"Farn\u00e9sio","@id":"https:\/\/blogdofarnesio.com.br\/#\/schema\/person\/bb9b23ae3ad0609ce8df7b6c9e76824d"},"headline":"Ap\u00f3s v\u00e1rias reclama\u00e7\u00f5es, Prefeitura realiza opera\u00e7\u00e3o de captura de enxames de abelhas","datePublished":"2024-05-12T14:00:58+00:00","mainEntityOfPage":{"@id":"https:\/\/blogdofarnesio.com.br\/?p=368374"},"wordCount":240,"commentCount":0,"publisher":{"@id":"https:\/\/blogdofarnesio.com.br\/#organization"},"image":{"@id":"https:\/\/blogdofarnesio.com.br\/?p=368374#primaryimage"},"thumbnailUrl":"https:\/\/blogdofarnesio.com.br\/wp-content\/uploads\/2024\/05\/blogqspjua-abelhas-enxames-3-e1715427309417.jpeg","articleSection":["Administra\u00e7\u00e3o"],"inLanguage":"pt-BR","potentialAction":[{"@type":"CommentAction","name":"Comment","target":["https:\/\/blogdofarnesio.com.br\/?p=368374#respond"]}]},{"@type":"WebPage","@id":"https:\/\/blogdofarnesio.com.br\/?p=368374","url":"https:\/\/blogdofarnesio.com.br\/?p=368374","name":"Ap\u00f3s v\u00e1rias reclama\u00e7\u00f5es, Prefeitura realiza opera\u00e7\u00e3o de captura de enxames de abelhas - Blog do Farn\u00e9sio","isPartOf":{"@id":"https:\/\/blogdofarnesio.com.br\/#website"},"primaryImageOfPage":{"@id":"https:\/\/blogdofarnesio.com.br\/?p=368374#primaryimage"},"image":{"@id":"https:\/\/blogdofarnesio.com.br\/?p=368374#primaryimage"},"thumbnailUrl":"https:\/\/blogdofarnesio.com.br\/wp-content\/uploads\/2024\/05\/blogqspjua-abelhas-enxames-3-e1715427309417.jpeg","datePublished":"2024-05-12T14:00:58+00:00","breadcrumb":{"@id":"https:\/\/blogdofarnesio.com.br\/?p=368374#breadcrumb"},"inLanguage":"pt-BR","potentialAction":[{"@type":"ReadAction","target":["https:\/\/blogdofarnesio.com.br\/?p=368374"]}]},{"@type":"ImageObject","inLanguage":"pt-BR","@id":"https:\/\/blogdofarnesio.com.br\/?p=368374#primaryimage","url":"https:\/\/blogdofarnesio.com.br\/wp-content\/uploads\/2024\/05\/blogqspjua-abelhas-enxames-3-e1715427309417.jpeg","contentUrl":"https:\/\/blogdofarnesio.com.br\/wp-content\/uploads\/2024\/05\/blogqspjua-abelhas-enxames-3-e1715427309417.jpeg","width":600,"height":429},{"@type":"BreadcrumbList","@id":"https:\/\/blogdofarnesio.com.br\/?p=368374#breadcrumb","itemListElement":[{"@type":"ListItem","position":1,"name":"In\u00edcio","item":"https:\/\/blogdofarnesio.com.br\/"},{"@type":"ListItem","position":2,"name":"Ap\u00f3s v\u00e1rias reclama\u00e7\u00f5es, Prefeitura realiza opera\u00e7\u00e3o de captura de enxames de abelhas"}]},{"@type":"WebSite","@id":"https:\/\/blogdofarnesio.com.br\/#website","url":"https:\/\/blogdofarnesio.com.br\/","name":"Blog do Farn\u00e9sio","description":"Quer Saber Pol\u00edtica?","publisher":{"@id":"https:\/\/blogdofarnesio.com.br\/#organization"},"potentialAction":[{"@type":"SearchAction","target":{"@type":"EntryPoint","urlTemplate":"https:\/\/blogdofarnesio.com.br\/?s={search_term_string}"},"query-input":{"@type":"PropertyValueSpecification","valueRequired":true,"valueName":"search_term_string"}}],"inLanguage":"pt-BR"},{"@type":"Organization","@id":"https:\/\/blogdofarnesio.com.br\/#organization","name":"Blog do Farn\u00e9sio","url":"https:\/\/blogdofarnesio.com.br\/","logo":{"@type":"ImageObject","inLanguage":"pt-BR","@id":"https:\/\/blogdofarnesio.com.br\/#\/schema\/logo\/image\/","url":"https:\/\/blogdofarnesio.com.br\/wp-content\/uploads\/2026\/03\/cropped-logo_new-1.png","contentUrl":"https:\/\/blogdofarnesio.com.br\/wp-content\/uploads\/2026\/03\/cropped-logo_new-1.png","width":881,"height":685,"caption":"Blog do Farn\u00e9sio"},"image":{"@id":"https:\/\/blogdofarnesio.com.br\/#\/schema\/logo\/image\/"},"sameAs":["https:\/\/www.facebook.com\/BlogQuerSaberPolitica\/"]},{"@type":"Person","@id":"https:\/\/blogdofarnesio.com.br\/#\/schema\/person\/bb9b23ae3ad0609ce8df7b6c9e76824d","name":"Farn\u00e9sio","image":{"@type":"ImageObject","inLanguage":"pt-BR","@id":"https:\/\/secure.gravatar.com\/avatar\/986aa4c61ccdb66f8555bf88fc2a65609d00bcabd4d2d94377a727547345cbca?s=96&d=mm&r=g","url":"https:\/\/secure.gravatar.com\/avatar\/986aa4c61ccdb66f8555bf88fc2a65609d00bcabd4d2d94377a727547345cbca?s=96&d=mm&r=g","contentUrl":"https:\/\/secure.gravatar.com\/avatar\/986aa4c61ccdb66f8555bf88fc2a65609d00bcabd4d2d94377a727547345cbca?s=96&d=mm&r=g","caption":"Farn\u00e9sio"},"description":"Radialista blogueiro, chegou a Petrolina\/Juazeiro em setembro de 1980, Farn\u00e9sio Silva \u00e9 de Arapiraca-Alagoas.","sameAs":["http:\/\/blogdofarnesio.com.br","https:\/\/www.facebook.com\/?ref=tn_tnmn","https:\/\/www.instagram.com\/?utm_source=pwa_homescreen","https:\/\/youtube.com.br\/"],"url":"https:\/\/blogdofarnesio.com.br\/?author=2"}]}},"_links":{"self":[{"href":"https:\/\/blogdofarnesio.com.br\/index.php?rest_route=\/wp\/v2\/posts\/368374","targetHints":{"allow":["GET"]}}],"collection":[{"href":"https:\/\/blogdofarnesio.com.br\/index.php?rest_route=\/wp\/v2\/posts"}],"about":[{"href":"https:\/\/blogdofarnesio.com.br\/index.php?rest_route=\/wp\/v2\/types\/post"}],"author":[{"embeddable":true,"href":"https:\/\/blogdofarnesio.com.br\/index.php?rest_route=\/wp\/v2\/users\/2"}],"replies":[{"embeddable":true,"href":"https:\/\/blogdofarnesio.com.br\/index.php?rest_route=%2Fwp%2Fv2%2Fcomments&post=368374"}],"version-history":[{"count":0,"href":"https:\/\/blogdofarnesio.com.br\/index.php?rest_route=\/wp\/v2\/posts\/368374\/revisions"}],"wp:featuredmedia":[{"embeddable":true,"href":"https:\/\/blogdofarnesio.com.br\/index.php?rest_route=\/wp\/v2\/media\/368377"}],"wp:attachment":[{"href":"https:\/\/blogdofarnesio.com.br\/index.php?rest_route=%2Fwp%2Fv2%2Fmedia&parent=368374"}],"wp:term":[{"taxonomy":"category","embeddable":true,"href":"https:\/\/blogdofarnesio.com.br\/index.php?rest_route=%2Fwp%2Fv2%2Fcategories&post=368374"},{"taxonomy":"post_tag","embeddable":true,"href":"https:\/\/blogdofarnesio.com.br\/index.php?rest_route=%2Fwp%2Fv2%2Ftags&post=368374"}],"curies":[{"name":"wp","href":"https:\/\/api.w.org\/{rel}","templated":true}]}}