{"id":368165,"date":"2024-05-09T09:22:41","date_gmt":"2024-05-09T12:22:41","guid":{"rendered":"https:\/\/blogdofarnesio.com.br\/?p=368165"},"modified":"2024-05-08T20:37:43","modified_gmt":"2024-05-08T23:37:43","slug":"aplb-sindicato-em-juazeiro-convoca-os-trabalhadores-em-educacao-para-participar-de-assembleia-que-sera-realizada-pela-delegacia-da-entidade-em-casa-nova-nesta-quinta-feira-09","status":"publish","type":"post","link":"https:\/\/blogdofarnesio.com.br\/2024\/05\/aplb-sindicato-em-juazeiro-convoca-os-trabalhadores-em-educacao-para-participar-de-assembleia-que-sera-realizada-pela-delegacia-da-entidade-em-casa-nova-nesta-quinta-feira-09\/","title":{"rendered":"APLB Sindicato convoca para de assembleia que ser\u00e1 realizada em Casa Nova nesta quinta-feira (09)"},"content":{"rendered":"<div>Os trabalhadores em educa\u00e7\u00e3o da rede estadual de ensino est\u00e3o sendo convocados pela dire\u00e7\u00e3o da APLB Sindicato em Juazeiro para participar de uma assembleia que vai acontecer nesta quinta-feira (09) no Teatro Albuquerque do Col\u00e9gio Estadual em Casa Nova.<\/div>\n<div><\/div>\n<div>Em pauta a vota\u00e7\u00e3o de cinco Projetos de Lei da Educa\u00e7\u00e3o enviados para a Assembleia Legislativa (ALBA), entre eles, os PLs para pagamento dos precat\u00f3rios do Fundef e abono.<\/div>\n<div><\/div>\n<div>O coordenador geral da APLB Sindicato na Bahia, professor Rui Oliveira diz que \u00e9 preciso que a categoria esteja unida \u201cpara pressionar o governo do estado e os parlamentares da Casa Legislativa para alcan\u00e7ar o nosso objetivo\u201d, disse Rui Oliveira, coordenador geral da APLB.<\/div>\n<div><\/div>\n<div>E nesta quarta-feira (08), o governador da Bahia\u00a0Jer\u00f4nimo Rodrigues\u00a0sancionou o pagamento da 3\u00aa parcela dos precat\u00f3rios do\u00a0Fundo de Manuten\u00e7\u00e3o e Desenvolvimento do Ensino Fundamental e de Valoriza\u00e7\u00e3o do Magist\u00e9rio (Fundef)\u00a0aos professores da rede estadual. A san\u00e7\u00e3o publicada no Di\u00e1rio Oficial do Estado (DOE), disp\u00f5e sobre a distribui\u00e7\u00e3o de pelo menos R$ 1,5 bilh\u00e3o da 3\u00aa parcela dos precat\u00f3rios judiciais pagos ao Estado pela Uni\u00e3o, como forma de complemento \u00e0s verbas do Fundef\u00a0n\u00e3o repassadas entre 1998 e 2006 &#8211; as outras duas parcelas foram pagas em 2022 e no come\u00e7o de 2023.<\/div>\n<div><\/div>\n<div>Outro projeto sancionado determina o destino de mais de R$ 900 milh\u00f5es &#8211; 60% do montante ressarcido ao Estado este ano, para pagamento de todos os professores e coordenadores pedag\u00f3gicos que atuaram na educa\u00e7\u00e3o b\u00e1sica de janeiro de 1998 a dezembro de 2006. A quantia ter\u00e1 um prazo de 60 dias para come\u00e7ar a ser depositada na conta desses professores.<\/div>\n<div><\/div>\n<div>\u201cN\u00f3s, da diretoria da APLB Sindicato do Baixo M\u00e9dio S\u00e3o Francisco vamos participar da assembleia que ser\u00e1 realizada pela Delegacia das Esmeraldas no munic\u00edpio de Casa Nova para tratar dos assuntos relacionados a esses projetos e convidamos a todos para fazer parte dessa grande mobiliza\u00e7\u00e3o que estar\u00e1 acontecendo em toda a Bahia\u2019, ressalta o diretor a APLB Sindicato em Juazeiro, Gilmar Nery.<\/div>\n","protected":false},"excerpt":{"rendered":"<p>Os trabalhadores em educa\u00e7\u00e3o da rede estadual de ensino est\u00e3o sendo convocados pela dire\u00e7\u00e3o da APLB Sindicato em Juazeiro para participar de uma assembleia que vai acontecer nesta quinta-feira (09) no Teatro Albuquerque do Col\u00e9gio Estadual em Casa Nova. Em pauta a vota\u00e7\u00e3o de cinco Projetos de Lei da Educa\u00e7\u00e3o enviados para a Assembleia Legislativa (ALBA), entre eles, os PLs para pagamento dos precat\u00f3rios do Fundef e abono. O coordenador geral da APLB Sindicato na Bahia, professor Rui Oliveira diz que \u00e9 preciso que a categoria esteja unida \u201cpara pressionar o governo do estado e os parlamentares da Casa Legislativa para alcan\u00e7ar o nosso objetivo\u201d, disse Rui Oliveira, coordenador geral da APLB. E nesta quarta-feira (08), o governador da Bahia\u00a0Jer\u00f4nimo&hellip; <\/p>\n","protected":false},"author":2,"featured_media":0,"comment_status":"open","ping_status":"open","sticky":false,"template":"","format":"standard","meta":{"_acf_changed":false,"footnotes":""},"categories":[6],"tags":[],"class_list":["post-368165","post","type-post","status-publish","format-standard","hentry","category-educacao"],"acf":[],"yoast_head":"<!-- This site is optimized with the Yoast SEO plugin v27.5 - https:\/\/yoast.com\/product\/yoast-seo-wordpress\/ -->\n<title>APLB Sindicato convoca para de assembleia que ser\u00e1 realizada em Casa Nova nesta quinta-feira (09) - Blog do Farn\u00e9sio<\/title>\n<meta name=\"robots\" content=\"index, follow, max-snippet:-1, max-image-preview:large, max-video-preview:-1\" \/>\n<link rel=\"canonical\" href=\"https:\/\/blogdofarnesio.com.br\/2024\/05\/aplb-sindicato-em-juazeiro-convoca-os-trabalhadores-em-educacao-para-participar-de-assembleia-que-sera-realizada-pela-delegacia-da-entidade-em-casa-nova-nesta-quinta-feira-09\/\" \/>\n<meta property=\"og:locale\" content=\"pt_BR\" \/>\n<meta property=\"og:type\" content=\"article\" \/>\n<meta property=\"og:title\" content=\"APLB Sindicato convoca para de assembleia que ser\u00e1 realizada em Casa Nova nesta quinta-feira (09) - Blog do Farn\u00e9sio\" \/>\n<meta property=\"og:description\" content=\"Os trabalhadores em educa\u00e7\u00e3o da rede estadual de ensino est\u00e3o sendo convocados pela dire\u00e7\u00e3o da APLB Sindicato em Juazeiro para participar de uma assembleia que vai acontecer nesta quinta-feira (09) no Teatro Albuquerque do Col\u00e9gio Estadual em Casa Nova. Em pauta a vota\u00e7\u00e3o de cinco Projetos de Lei da Educa\u00e7\u00e3o enviados para a Assembleia Legislativa (ALBA), entre eles, os PLs para pagamento dos precat\u00f3rios do Fundef e abono. O coordenador geral da APLB Sindicato na Bahia, professor Rui Oliveira diz que \u00e9 preciso que a categoria esteja unida \u201cpara pressionar o governo do estado e os parlamentares da Casa Legislativa para alcan\u00e7ar o nosso objetivo\u201d, disse Rui Oliveira, coordenador geral da APLB. E nesta quarta-feira (08), o governador da Bahia\u00a0Jer\u00f4nimo&hellip;\" \/>\n<meta property=\"og:url\" content=\"https:\/\/blogdofarnesio.com.br\/2024\/05\/aplb-sindicato-em-juazeiro-convoca-os-trabalhadores-em-educacao-para-participar-de-assembleia-que-sera-realizada-pela-delegacia-da-entidade-em-casa-nova-nesta-quinta-feira-09\/\" \/>\n<meta property=\"og:site_name\" content=\"Blog do Farn\u00e9sio\" \/>\n<meta property=\"article:publisher\" content=\"https:\/\/www.facebook.com\/BlogQuerSaberPolitica\/\" \/>\n<meta property=\"article:author\" content=\"https:\/\/www.facebook.com\/?ref=tn_tnmn\" \/>\n<meta property=\"article:published_time\" content=\"2024-05-09T12:22:41+00:00\" \/>\n<meta name=\"author\" content=\"Farn\u00e9sio\" \/>\n<meta name=\"twitter:card\" content=\"summary_large_image\" \/>\n<meta name=\"twitter:label1\" content=\"Escrito por\" \/>\n\t<meta name=\"twitter:data1\" content=\"Farn\u00e9sio\" \/>\n\t<meta name=\"twitter:label2\" content=\"Est. tempo de leitura\" \/>\n\t<meta name=\"twitter:data2\" content=\"3 minutos\" \/>\n<script type=\"application\/ld+json\" class=\"yoast-schema-graph\">{\"@context\":\"https:\\\/\\\/schema.org\",\"@graph\":[{\"@type\":\"Article\",\"@id\":\"https:\\\/\\\/blogdofarnesio.com.br\\\/2024\\\/05\\\/aplb-sindicato-em-juazeiro-convoca-os-trabalhadores-em-educacao-para-participar-de-assembleia-que-sera-realizada-pela-delegacia-da-entidade-em-casa-nova-nesta-quinta-feira-09\\\/#article\",\"isPartOf\":{\"@id\":\"https:\\\/\\\/blogdofarnesio.com.br\\\/2024\\\/05\\\/aplb-sindicato-em-juazeiro-convoca-os-trabalhadores-em-educacao-para-participar-de-assembleia-que-sera-realizada-pela-delegacia-da-entidade-em-casa-nova-nesta-quinta-feira-09\\\/\"},\"author\":{\"name\":\"Farn\u00e9sio\",\"@id\":\"https:\\\/\\\/blogdofarnesio.com.br\\\/#\\\/schema\\\/person\\\/bb9b23ae3ad0609ce8df7b6c9e76824d\"},\"headline\":\"APLB Sindicato convoca para de assembleia que ser\u00e1 realizada em Casa Nova nesta quinta-feira (09)\",\"datePublished\":\"2024-05-09T12:22:41+00:00\",\"mainEntityOfPage\":{\"@id\":\"https:\\\/\\\/blogdofarnesio.com.br\\\/2024\\\/05\\\/aplb-sindicato-em-juazeiro-convoca-os-trabalhadores-em-educacao-para-participar-de-assembleia-que-sera-realizada-pela-delegacia-da-entidade-em-casa-nova-nesta-quinta-feira-09\\\/\"},\"wordCount\":361,\"commentCount\":0,\"publisher\":{\"@id\":\"https:\\\/\\\/blogdofarnesio.com.br\\\/#organization\"},\"articleSection\":[\"Educa\u00e7\u00e3o\"],\"inLanguage\":\"pt-BR\",\"potentialAction\":[{\"@type\":\"CommentAction\",\"name\":\"Comment\",\"target\":[\"https:\\\/\\\/blogdofarnesio.com.br\\\/2024\\\/05\\\/aplb-sindicato-em-juazeiro-convoca-os-trabalhadores-em-educacao-para-participar-de-assembleia-que-sera-realizada-pela-delegacia-da-entidade-em-casa-nova-nesta-quinta-feira-09\\\/#respond\"]}]},{\"@type\":\"WebPage\",\"@id\":\"https:\\\/\\\/blogdofarnesio.com.br\\\/2024\\\/05\\\/aplb-sindicato-em-juazeiro-convoca-os-trabalhadores-em-educacao-para-participar-de-assembleia-que-sera-realizada-pela-delegacia-da-entidade-em-casa-nova-nesta-quinta-feira-09\\\/\",\"url\":\"https:\\\/\\\/blogdofarnesio.com.br\\\/2024\\\/05\\\/aplb-sindicato-em-juazeiro-convoca-os-trabalhadores-em-educacao-para-participar-de-assembleia-que-sera-realizada-pela-delegacia-da-entidade-em-casa-nova-nesta-quinta-feira-09\\\/\",\"name\":\"APLB Sindicato convoca para de assembleia que ser\u00e1 realizada em Casa Nova nesta quinta-feira (09) - Blog do Farn\u00e9sio\",\"isPartOf\":{\"@id\":\"https:\\\/\\\/blogdofarnesio.com.br\\\/#website\"},\"datePublished\":\"2024-05-09T12:22:41+00:00\",\"breadcrumb\":{\"@id\":\"https:\\\/\\\/blogdofarnesio.com.br\\\/2024\\\/05\\\/aplb-sindicato-em-juazeiro-convoca-os-trabalhadores-em-educacao-para-participar-de-assembleia-que-sera-realizada-pela-delegacia-da-entidade-em-casa-nova-nesta-quinta-feira-09\\\/#breadcrumb\"},\"inLanguage\":\"pt-BR\",\"potentialAction\":[{\"@type\":\"ReadAction\",\"target\":[\"https:\\\/\\\/blogdofarnesio.com.br\\\/2024\\\/05\\\/aplb-sindicato-em-juazeiro-convoca-os-trabalhadores-em-educacao-para-participar-de-assembleia-que-sera-realizada-pela-delegacia-da-entidade-em-casa-nova-nesta-quinta-feira-09\\\/\"]}]},{\"@type\":\"BreadcrumbList\",\"@id\":\"https:\\\/\\\/blogdofarnesio.com.br\\\/2024\\\/05\\\/aplb-sindicato-em-juazeiro-convoca-os-trabalhadores-em-educacao-para-participar-de-assembleia-que-sera-realizada-pela-delegacia-da-entidade-em-casa-nova-nesta-quinta-feira-09\\\/#breadcrumb\",\"itemListElement\":[{\"@type\":\"ListItem\",\"position\":1,\"name\":\"In\u00edcio\",\"item\":\"https:\\\/\\\/blogdofarnesio.com.br\\\/\"},{\"@type\":\"ListItem\",\"position\":2,\"name\":\"APLB Sindicato convoca para de assembleia que ser\u00e1 realizada em Casa Nova nesta quinta-feira (09)\"}]},{\"@type\":\"WebSite\",\"@id\":\"https:\\\/\\\/blogdofarnesio.com.br\\\/#website\",\"url\":\"https:\\\/\\\/blogdofarnesio.com.br\\\/\",\"name\":\"Blog do Farn\u00e9sio\",\"description\":\"Quer Saber Pol\u00edtica?\",\"publisher\":{\"@id\":\"https:\\\/\\\/blogdofarnesio.com.br\\\/#organization\"},\"potentialAction\":[{\"@type\":\"SearchAction\",\"target\":{\"@type\":\"EntryPoint\",\"urlTemplate\":\"https:\\\/\\\/blogdofarnesio.com.br\\\/?s={search_term_string}\"},\"query-input\":{\"@type\":\"PropertyValueSpecification\",\"valueRequired\":true,\"valueName\":\"search_term_string\"}}],\"inLanguage\":\"pt-BR\"},{\"@type\":\"Organization\",\"@id\":\"https:\\\/\\\/blogdofarnesio.com.br\\\/#organization\",\"name\":\"Blog do Farn\u00e9sio\",\"url\":\"https:\\\/\\\/blogdofarnesio.com.br\\\/\",\"logo\":{\"@type\":\"ImageObject\",\"inLanguage\":\"pt-BR\",\"@id\":\"https:\\\/\\\/blogdofarnesio.com.br\\\/#\\\/schema\\\/logo\\\/image\\\/\",\"url\":\"https:\\\/\\\/blogdofarnesio.com.br\\\/wp-content\\\/uploads\\\/2026\\\/03\\\/cropped-logo_new-1.png\",\"contentUrl\":\"https:\\\/\\\/blogdofarnesio.com.br\\\/wp-content\\\/uploads\\\/2026\\\/03\\\/cropped-logo_new-1.png\",\"width\":881,\"height\":685,\"caption\":\"Blog do Farn\u00e9sio\"},\"image\":{\"@id\":\"https:\\\/\\\/blogdofarnesio.com.br\\\/#\\\/schema\\\/logo\\\/image\\\/\"},\"sameAs\":[\"https:\\\/\\\/www.facebook.com\\\/BlogQuerSaberPolitica\\\/\"]},{\"@type\":\"Person\",\"@id\":\"https:\\\/\\\/blogdofarnesio.com.br\\\/#\\\/schema\\\/person\\\/bb9b23ae3ad0609ce8df7b6c9e76824d\",\"name\":\"Farn\u00e9sio\",\"image\":{\"@type\":\"ImageObject\",\"inLanguage\":\"pt-BR\",\"@id\":\"https:\\\/\\\/secure.gravatar.com\\\/avatar\\\/986aa4c61ccdb66f8555bf88fc2a65609d00bcabd4d2d94377a727547345cbca?s=96&d=mm&r=g\",\"url\":\"https:\\\/\\\/secure.gravatar.com\\\/avatar\\\/986aa4c61ccdb66f8555bf88fc2a65609d00bcabd4d2d94377a727547345cbca?s=96&d=mm&r=g\",\"contentUrl\":\"https:\\\/\\\/secure.gravatar.com\\\/avatar\\\/986aa4c61ccdb66f8555bf88fc2a65609d00bcabd4d2d94377a727547345cbca?s=96&d=mm&r=g\",\"caption\":\"Farn\u00e9sio\"},\"description\":\"Radialista blogueiro, chegou a Petrolina\\\/Juazeiro em setembro de 1980, Farn\u00e9sio Silva \u00e9 de Arapiraca-Alagoas.\",\"sameAs\":[\"http:\\\/\\\/blogdofarnesio.com.br\",\"https:\\\/\\\/www.facebook.com\\\/?ref=tn_tnmn\",\"https:\\\/\\\/www.instagram.com\\\/?utm_source=pwa_homescreen\",\"https:\\\/\\\/youtube.com.br\\\/\"],\"url\":\"https:\\\/\\\/blogdofarnesio.com.br\\\/author\\\/farnesio-2\\\/\"}]}<\/script>\n<!-- \/ Yoast SEO plugin. -->","yoast_head_json":{"title":"APLB Sindicato convoca para de assembleia que ser\u00e1 realizada em Casa Nova nesta quinta-feira (09) - Blog do Farn\u00e9sio","robots":{"index":"index","follow":"follow","max-snippet":"max-snippet:-1","max-image-preview":"max-image-preview:large","max-video-preview":"max-video-preview:-1"},"canonical":"https:\/\/blogdofarnesio.com.br\/2024\/05\/aplb-sindicato-em-juazeiro-convoca-os-trabalhadores-em-educacao-para-participar-de-assembleia-que-sera-realizada-pela-delegacia-da-entidade-em-casa-nova-nesta-quinta-feira-09\/","og_locale":"pt_BR","og_type":"article","og_title":"APLB Sindicato convoca para de assembleia que ser\u00e1 realizada em Casa Nova nesta quinta-feira (09) - Blog do Farn\u00e9sio","og_description":"Os trabalhadores em educa\u00e7\u00e3o da rede estadual de ensino est\u00e3o sendo convocados pela dire\u00e7\u00e3o da APLB Sindicato em Juazeiro para participar de uma assembleia que vai acontecer nesta quinta-feira (09) no Teatro Albuquerque do Col\u00e9gio Estadual em Casa Nova. Em pauta a vota\u00e7\u00e3o de cinco Projetos de Lei da Educa\u00e7\u00e3o enviados para a Assembleia Legislativa (ALBA), entre eles, os PLs para pagamento dos precat\u00f3rios do Fundef e abono. O coordenador geral da APLB Sindicato na Bahia, professor Rui Oliveira diz que \u00e9 preciso que a categoria esteja unida \u201cpara pressionar o governo do estado e os parlamentares da Casa Legislativa para alcan\u00e7ar o nosso objetivo\u201d, disse Rui Oliveira, coordenador geral da APLB. E nesta quarta-feira (08), o governador da Bahia\u00a0Jer\u00f4nimo&hellip;","og_url":"https:\/\/blogdofarnesio.com.br\/2024\/05\/aplb-sindicato-em-juazeiro-convoca-os-trabalhadores-em-educacao-para-participar-de-assembleia-que-sera-realizada-pela-delegacia-da-entidade-em-casa-nova-nesta-quinta-feira-09\/","og_site_name":"Blog do Farn\u00e9sio","article_publisher":"https:\/\/www.facebook.com\/BlogQuerSaberPolitica\/","article_author":"https:\/\/www.facebook.com\/?ref=tn_tnmn","article_published_time":"2024-05-09T12:22:41+00:00","author":"Farn\u00e9sio","twitter_card":"summary_large_image","twitter_misc":{"Escrito por":"Farn\u00e9sio","Est. tempo de leitura":"3 minutos"},"schema":{"@context":"https:\/\/schema.org","@graph":[{"@type":"Article","@id":"https:\/\/blogdofarnesio.com.br\/2024\/05\/aplb-sindicato-em-juazeiro-convoca-os-trabalhadores-em-educacao-para-participar-de-assembleia-que-sera-realizada-pela-delegacia-da-entidade-em-casa-nova-nesta-quinta-feira-09\/#article","isPartOf":{"@id":"https:\/\/blogdofarnesio.com.br\/2024\/05\/aplb-sindicato-em-juazeiro-convoca-os-trabalhadores-em-educacao-para-participar-de-assembleia-que-sera-realizada-pela-delegacia-da-entidade-em-casa-nova-nesta-quinta-feira-09\/"},"author":{"name":"Farn\u00e9sio","@id":"https:\/\/blogdofarnesio.com.br\/#\/schema\/person\/bb9b23ae3ad0609ce8df7b6c9e76824d"},"headline":"APLB Sindicato convoca para de assembleia que ser\u00e1 realizada em Casa Nova nesta quinta-feira (09)","datePublished":"2024-05-09T12:22:41+00:00","mainEntityOfPage":{"@id":"https:\/\/blogdofarnesio.com.br\/2024\/05\/aplb-sindicato-em-juazeiro-convoca-os-trabalhadores-em-educacao-para-participar-de-assembleia-que-sera-realizada-pela-delegacia-da-entidade-em-casa-nova-nesta-quinta-feira-09\/"},"wordCount":361,"commentCount":0,"publisher":{"@id":"https:\/\/blogdofarnesio.com.br\/#organization"},"articleSection":["Educa\u00e7\u00e3o"],"inLanguage":"pt-BR","potentialAction":[{"@type":"CommentAction","name":"Comment","target":["https:\/\/blogdofarnesio.com.br\/2024\/05\/aplb-sindicato-em-juazeiro-convoca-os-trabalhadores-em-educacao-para-participar-de-assembleia-que-sera-realizada-pela-delegacia-da-entidade-em-casa-nova-nesta-quinta-feira-09\/#respond"]}]},{"@type":"WebPage","@id":"https:\/\/blogdofarnesio.com.br\/2024\/05\/aplb-sindicato-em-juazeiro-convoca-os-trabalhadores-em-educacao-para-participar-de-assembleia-que-sera-realizada-pela-delegacia-da-entidade-em-casa-nova-nesta-quinta-feira-09\/","url":"https:\/\/blogdofarnesio.com.br\/2024\/05\/aplb-sindicato-em-juazeiro-convoca-os-trabalhadores-em-educacao-para-participar-de-assembleia-que-sera-realizada-pela-delegacia-da-entidade-em-casa-nova-nesta-quinta-feira-09\/","name":"APLB Sindicato convoca para de assembleia que ser\u00e1 realizada em Casa Nova nesta quinta-feira (09) - Blog do Farn\u00e9sio","isPartOf":{"@id":"https:\/\/blogdofarnesio.com.br\/#website"},"datePublished":"2024-05-09T12:22:41+00:00","breadcrumb":{"@id":"https:\/\/blogdofarnesio.com.br\/2024\/05\/aplb-sindicato-em-juazeiro-convoca-os-trabalhadores-em-educacao-para-participar-de-assembleia-que-sera-realizada-pela-delegacia-da-entidade-em-casa-nova-nesta-quinta-feira-09\/#breadcrumb"},"inLanguage":"pt-BR","potentialAction":[{"@type":"ReadAction","target":["https:\/\/blogdofarnesio.com.br\/2024\/05\/aplb-sindicato-em-juazeiro-convoca-os-trabalhadores-em-educacao-para-participar-de-assembleia-que-sera-realizada-pela-delegacia-da-entidade-em-casa-nova-nesta-quinta-feira-09\/"]}]},{"@type":"BreadcrumbList","@id":"https:\/\/blogdofarnesio.com.br\/2024\/05\/aplb-sindicato-em-juazeiro-convoca-os-trabalhadores-em-educacao-para-participar-de-assembleia-que-sera-realizada-pela-delegacia-da-entidade-em-casa-nova-nesta-quinta-feira-09\/#breadcrumb","itemListElement":[{"@type":"ListItem","position":1,"name":"In\u00edcio","item":"https:\/\/blogdofarnesio.com.br\/"},{"@type":"ListItem","position":2,"name":"APLB Sindicato convoca para de assembleia que ser\u00e1 realizada em Casa Nova nesta quinta-feira (09)"}]},{"@type":"WebSite","@id":"https:\/\/blogdofarnesio.com.br\/#website","url":"https:\/\/blogdofarnesio.com.br\/","name":"Blog do Farn\u00e9sio","description":"Quer Saber Pol\u00edtica?","publisher":{"@id":"https:\/\/blogdofarnesio.com.br\/#organization"},"potentialAction":[{"@type":"SearchAction","target":{"@type":"EntryPoint","urlTemplate":"https:\/\/blogdofarnesio.com.br\/?s={search_term_string}"},"query-input":{"@type":"PropertyValueSpecification","valueRequired":true,"valueName":"search_term_string"}}],"inLanguage":"pt-BR"},{"@type":"Organization","@id":"https:\/\/blogdofarnesio.com.br\/#organization","name":"Blog do Farn\u00e9sio","url":"https:\/\/blogdofarnesio.com.br\/","logo":{"@type":"ImageObject","inLanguage":"pt-BR","@id":"https:\/\/blogdofarnesio.com.br\/#\/schema\/logo\/image\/","url":"https:\/\/blogdofarnesio.com.br\/wp-content\/uploads\/2026\/03\/cropped-logo_new-1.png","contentUrl":"https:\/\/blogdofarnesio.com.br\/wp-content\/uploads\/2026\/03\/cropped-logo_new-1.png","width":881,"height":685,"caption":"Blog do Farn\u00e9sio"},"image":{"@id":"https:\/\/blogdofarnesio.com.br\/#\/schema\/logo\/image\/"},"sameAs":["https:\/\/www.facebook.com\/BlogQuerSaberPolitica\/"]},{"@type":"Person","@id":"https:\/\/blogdofarnesio.com.br\/#\/schema\/person\/bb9b23ae3ad0609ce8df7b6c9e76824d","name":"Farn\u00e9sio","image":{"@type":"ImageObject","inLanguage":"pt-BR","@id":"https:\/\/secure.gravatar.com\/avatar\/986aa4c61ccdb66f8555bf88fc2a65609d00bcabd4d2d94377a727547345cbca?s=96&d=mm&r=g","url":"https:\/\/secure.gravatar.com\/avatar\/986aa4c61ccdb66f8555bf88fc2a65609d00bcabd4d2d94377a727547345cbca?s=96&d=mm&r=g","contentUrl":"https:\/\/secure.gravatar.com\/avatar\/986aa4c61ccdb66f8555bf88fc2a65609d00bcabd4d2d94377a727547345cbca?s=96&d=mm&r=g","caption":"Farn\u00e9sio"},"description":"Radialista blogueiro, chegou a Petrolina\/Juazeiro em setembro de 1980, Farn\u00e9sio Silva \u00e9 de Arapiraca-Alagoas.","sameAs":["http:\/\/blogdofarnesio.com.br","https:\/\/www.facebook.com\/?ref=tn_tnmn","https:\/\/www.instagram.com\/?utm_source=pwa_homescreen","https:\/\/youtube.com.br\/"],"url":"https:\/\/blogdofarnesio.com.br\/author\/farnesio-2\/"}]}},"_links":{"self":[{"href":"https:\/\/blogdofarnesio.com.br\/wp-json\/wp\/v2\/posts\/368165","targetHints":{"allow":["GET"]}}],"collection":[{"href":"https:\/\/blogdofarnesio.com.br\/wp-json\/wp\/v2\/posts"}],"about":[{"href":"https:\/\/blogdofarnesio.com.br\/wp-json\/wp\/v2\/types\/post"}],"author":[{"embeddable":true,"href":"https:\/\/blogdofarnesio.com.br\/wp-json\/wp\/v2\/users\/2"}],"replies":[{"embeddable":true,"href":"https:\/\/blogdofarnesio.com.br\/wp-json\/wp\/v2\/comments?post=368165"}],"version-history":[{"count":0,"href":"https:\/\/blogdofarnesio.com.br\/wp-json\/wp\/v2\/posts\/368165\/revisions"}],"wp:attachment":[{"href":"https:\/\/blogdofarnesio.com.br\/wp-json\/wp\/v2\/media?parent=368165"}],"wp:term":[{"taxonomy":"category","embeddable":true,"href":"https:\/\/blogdofarnesio.com.br\/wp-json\/wp\/v2\/categories?post=368165"},{"taxonomy":"post_tag","embeddable":true,"href":"https:\/\/blogdofarnesio.com.br\/wp-json\/wp\/v2\/tags?post=368165"}],"curies":[{"name":"wp","href":"https:\/\/api.w.org\/{rel}","templated":true}]}}