{"id":36799,"date":"2013-04-19T19:12:17","date_gmt":"2013-04-19T22:12:17","guid":{"rendered":"http:\/\/www.quersaberpolitica.com.br\/?p=36799"},"modified":"2013-04-19T15:17:15","modified_gmt":"2013-04-19T18:17:15","slug":"a-convite-da-deputada-isabel-cristina-senador-humberto-costa-visita-petrolina-entrada","status":"publish","type":"post","link":"https:\/\/blogdofarnesio.com.br\/?p=36799","title":{"rendered":"A CONVITE DA DEPUTADA ISABEL CRISTINA, SENADOR HUMBERTO COSTA VISITA PETROLINA ENTRADA"},"content":{"rendered":"<p style=\"text-align: justify\"><a href=\"http:\/\/www.quersaberpolitica.com.br\/2016\/wp-content\/uploads\/2013\/02\/blogqsphumberto.jpg\"><img loading=\"lazy\" decoding=\"async\" class=\"alignleft size-medium wp-image-26109\" alt=\"blogqsphumberto\" src=\"http:\/\/www.quersaberpolitica.com.br\/2016\/wp-content\/uploads\/2013\/02\/blogqsphumberto-300x106.jpg\" width=\"300\" height=\"106\" srcset=\"https:\/\/blogdofarnesio.com.br\/wp-content\/uploads\/2013\/02\/blogqsphumberto-300x106.jpg 300w, https:\/\/blogdofarnesio.com.br\/wp-content\/uploads\/2013\/02\/blogqsphumberto-500x178.jpg 500w, https:\/\/blogdofarnesio.com.br\/wp-content\/uploads\/2013\/02\/blogqsphumberto.jpg 640w\" sizes=\"auto, (max-width: 300px) 100vw, 300px\" \/><\/a>Convidado pela deputada Isabel Cristina de Oliveira (PT), o Senador Humberto Costa (PT) vem a Petrolina, no pr\u00f3ximo dia 22, para discutir com os gestores do Hospital do C\u00e2ncer, da Univasf e da Facape recursos de emendas parlamentares para desenvolvimento destas institui\u00e7\u00f5es, visando melhor atendimento para a sociedade.<\/p>\n<p style=\"text-align: justify\">O Senador Humberto Costa tem sempre dado aten\u00e7\u00e3o especial ao munic\u00edpio, disponibilizando recursos para diversas institui\u00e7\u00f5es, a exemplo das constru\u00e7\u00f5es do Hospital de Traumas, quando de sua passagem pelo Minist\u00e9rio da Sa\u00fade, de casas populares e da Academia da Cidade, como Secret\u00e1rio Estadual das Cidades.<!--more--><\/p>\n<p style=\"text-align: justify\">AGENDA DA DEPUTADA ISABEL CRISTINA COM O<\/p>\n<p style=\"text-align: justify\">SENADOR HUMBERTO COSTA<\/p>\n<p style=\"text-align: justify\">DIA 22\/04<\/p>\n<p style=\"text-align: justify\">07 horas &#8211; A Deputada Isabel Cristina se encontrar\u00e1 com o\u00a0Senador Humberto Costa no JB Hotel;<\/p>\n<p style=\"text-align: justify\">07h30min &#8211; Visita ao Hospital do C\u00e2ncer;\u00a0Audi\u00eancia com:\u00a0Dr. Gray M\u00e9dico &#8211; Oncologista<\/p>\n<p style=\"text-align: justify\">Dr. Augusto Coelho &#8211; Diretor da APAMI\u00a0Dra. M\u00e1rcia Fl\u00e1via Pinto &#8211; Hematologista<\/p>\n<p style=\"text-align: justify\">Dr. Gustavo M\u00e9dico &#8211; Infectologista<\/p>\n<p style=\"text-align: justify\">8h30min \u2013 Caf\u00e9 da manh\u00e3<\/p>\n<p style=\"text-align: justify\">com o prefeito J\u00falio L\u00f3ssio, a Dep. Isabel Cristina, o<\/p>\n<p style=\"text-align: justify\">Dep. Odacy Amorim, a Vereadora Cristina Costa, o<\/p>\n<p style=\"text-align: justify\">Vereador Geraldo da Acerola e o Secret\u00e1rio do PT,<\/p>\n<p style=\"text-align: justify\">Gilberto Pires<\/p>\n<p style=\"text-align: justify\">Local: Ch\u00e1cara Santa L\u00facia \u2013 Estrada da Tapera;<\/p>\n<p style=\"text-align: justify\">10 h \u2013 Solenidade de Assinatura de Ordem de Servi\u00e7o da Pra\u00e7a<\/p>\n<p style=\"text-align: justify\">do PEC<\/p>\n<p style=\"text-align: justify\">Local: Gabinete do Prefeito;<\/p>\n<p style=\"text-align: justify\">11 h &#8211; Visita \u00e0 FACAPE;<\/p>\n<p style=\"text-align: justify\">Audi\u00eancia com o Diretor Rinaldo Rem\u00edgio Mendes<\/p>\n<p style=\"text-align: justify\">11h45 min &#8211; Entrevista na TV Grande Rio;<\/p>\n<p style=\"text-align: justify\">12h30 min &#8211; Visita \u00e0 UNIVASF;<\/p>\n<p style=\"text-align: justify\">Audi\u00eancia com o Reitor Julianeli Tolentino<\/p>\n<p style=\"text-align: justify\">Hospital de Traumas<\/p>\n<p style=\"text-align: justify\">13h30min &#8211; Almo\u00e7o no Restaurante Maria do Peixe, na Orla de<\/p>\n<p style=\"text-align: justify\">Petrolina com a Deputada Isabel Cristina, o Deputado<\/p>\n<p style=\"text-align: justify\">Odacy Amorim, a Vereadora Cristina Costa, o<\/p>\n<p style=\"text-align: justify\">Vereador Geraldo da Acerola, Gilberto Pires e<\/p>\n<p style=\"text-align: justify\">Gherman Garcia Leal (pesquisdor da Embrapa<\/p>\n<p style=\"text-align: justify\">Semi\u00e1rido)<\/p>\n<p style=\"text-align: justify\">14h30min &#8211; Aeroporto &#8211; Embarque<\/p>\n","protected":false},"excerpt":{"rendered":"<p>Convidado pela deputada Isabel Cristina de Oliveira (PT), o Senador Humberto Costa (PT) vem a Petrolina, no pr\u00f3ximo dia 22, para discutir com os gestores do Hospital do C\u00e2ncer, da Univasf e da Facape recursos de emendas parlamentares para desenvolvimento destas institui\u00e7\u00f5es, visando melhor atendimento para a sociedade. O Senador Humberto Costa tem sempre dado aten\u00e7\u00e3o especial ao munic\u00edpio, disponibilizando recursos para diversas institui\u00e7\u00f5es, a exemplo das constru\u00e7\u00f5es do Hospital de Traumas, quando de sua passagem pelo Minist\u00e9rio da Sa\u00fade, de casas populares e da Academia da Cidade, como Secret\u00e1rio Estadual das Cidades.<\/p>\n","protected":false},"author":3,"featured_media":0,"comment_status":"open","ping_status":"open","sticky":false,"template":"","format":"standard","meta":{"_acf_changed":false,"footnotes":""},"categories":[1],"tags":[],"class_list":["post-36799","post","type-post","status-publish","format-standard","hentry","category-politica"],"acf":[],"yoast_head":"<!-- This site is optimized with the Yoast SEO plugin v27.4 - https:\/\/yoast.com\/product\/yoast-seo-wordpress\/ -->\n<title>A CONVITE DA DEPUTADA ISABEL CRISTINA, SENADOR HUMBERTO COSTA VISITA PETROLINA ENTRADA - Blog do Farn\u00e9sio<\/title>\n<meta name=\"robots\" content=\"index, follow, max-snippet:-1, max-image-preview:large, max-video-preview:-1\" \/>\n<link rel=\"canonical\" href=\"https:\/\/blogdofarnesio.com.br\/?p=36799\" \/>\n<meta property=\"og:locale\" content=\"pt_BR\" \/>\n<meta property=\"og:type\" content=\"article\" \/>\n<meta property=\"og:title\" content=\"A CONVITE DA DEPUTADA ISABEL CRISTINA, SENADOR HUMBERTO COSTA VISITA PETROLINA ENTRADA - Blog do Farn\u00e9sio\" \/>\n<meta property=\"og:description\" content=\"Convidado pela deputada Isabel Cristina de Oliveira (PT), o Senador Humberto Costa (PT) vem a Petrolina, no pr\u00f3ximo dia 22, para discutir com os gestores do Hospital do C\u00e2ncer, da Univasf e da Facape recursos de emendas parlamentares para desenvolvimento destas institui\u00e7\u00f5es, visando melhor atendimento para a sociedade. O Senador Humberto Costa tem sempre dado aten\u00e7\u00e3o especial ao munic\u00edpio, disponibilizando recursos para diversas institui\u00e7\u00f5es, a exemplo das constru\u00e7\u00f5es do Hospital de Traumas, quando de sua passagem pelo Minist\u00e9rio da Sa\u00fade, de casas populares e da Academia da Cidade, como Secret\u00e1rio Estadual das Cidades.\" \/>\n<meta property=\"og:url\" content=\"https:\/\/blogdofarnesio.com.br\/?p=36799\" \/>\n<meta property=\"og:site_name\" content=\"Blog do Farn\u00e9sio\" \/>\n<meta property=\"article:publisher\" content=\"https:\/\/www.facebook.com\/BlogQuerSaberPolitica\/\" \/>\n<meta property=\"article:published_time\" content=\"2013-04-19T22:12:17+00:00\" \/>\n<meta property=\"og:image\" content=\"http:\/\/www.quersaberpolitica.com.br\/2016\/wp-content\/uploads\/2013\/02\/blogqsphumberto-300x106.jpg\" \/>\n<meta name=\"author\" content=\"teste\" \/>\n<meta name=\"twitter:card\" content=\"summary_large_image\" \/>\n<meta name=\"twitter:label1\" content=\"Escrito por\" \/>\n\t<meta name=\"twitter:data1\" content=\"teste\" \/>\n\t<meta name=\"twitter:label2\" content=\"Est. tempo de leitura\" \/>\n\t<meta name=\"twitter:data2\" content=\"2 minutos\" \/>\n<script type=\"application\/ld+json\" class=\"yoast-schema-graph\">{\"@context\":\"https:\\\/\\\/schema.org\",\"@graph\":[{\"@type\":\"Article\",\"@id\":\"https:\\\/\\\/blogdofarnesio.com.br\\\/?p=36799#article\",\"isPartOf\":{\"@id\":\"https:\\\/\\\/blogdofarnesio.com.br\\\/?p=36799\"},\"author\":{\"name\":\"teste\",\"@id\":\"https:\\\/\\\/blogdofarnesio.com.br\\\/#\\\/schema\\\/person\\\/dd1bf5eba40b687199ba45ca6b97dff9\"},\"headline\":\"A CONVITE DA DEPUTADA ISABEL CRISTINA, SENADOR HUMBERTO COSTA VISITA PETROLINA ENTRADA\",\"datePublished\":\"2013-04-19T22:12:17+00:00\",\"mainEntityOfPage\":{\"@id\":\"https:\\\/\\\/blogdofarnesio.com.br\\\/?p=36799\"},\"wordCount\":329,\"commentCount\":0,\"publisher\":{\"@id\":\"https:\\\/\\\/blogdofarnesio.com.br\\\/#organization\"},\"image\":{\"@id\":\"https:\\\/\\\/blogdofarnesio.com.br\\\/?p=36799#primaryimage\"},\"thumbnailUrl\":\"http:\\\/\\\/www.quersaberpolitica.com.br\\\/2016\\\/wp-content\\\/uploads\\\/2013\\\/02\\\/blogqsphumberto-300x106.jpg\",\"articleSection\":[\"Pol\u00edtica\"],\"inLanguage\":\"pt-BR\",\"potentialAction\":[{\"@type\":\"CommentAction\",\"name\":\"Comment\",\"target\":[\"https:\\\/\\\/blogdofarnesio.com.br\\\/?p=36799#respond\"]}]},{\"@type\":\"WebPage\",\"@id\":\"https:\\\/\\\/blogdofarnesio.com.br\\\/?p=36799\",\"url\":\"https:\\\/\\\/blogdofarnesio.com.br\\\/?p=36799\",\"name\":\"A CONVITE DA DEPUTADA ISABEL CRISTINA, SENADOR HUMBERTO COSTA VISITA PETROLINA ENTRADA - Blog do Farn\u00e9sio\",\"isPartOf\":{\"@id\":\"https:\\\/\\\/blogdofarnesio.com.br\\\/#website\"},\"primaryImageOfPage\":{\"@id\":\"https:\\\/\\\/blogdofarnesio.com.br\\\/?p=36799#primaryimage\"},\"image\":{\"@id\":\"https:\\\/\\\/blogdofarnesio.com.br\\\/?p=36799#primaryimage\"},\"thumbnailUrl\":\"http:\\\/\\\/www.quersaberpolitica.com.br\\\/2016\\\/wp-content\\\/uploads\\\/2013\\\/02\\\/blogqsphumberto-300x106.jpg\",\"datePublished\":\"2013-04-19T22:12:17+00:00\",\"breadcrumb\":{\"@id\":\"https:\\\/\\\/blogdofarnesio.com.br\\\/?p=36799#breadcrumb\"},\"inLanguage\":\"pt-BR\",\"potentialAction\":[{\"@type\":\"ReadAction\",\"target\":[\"https:\\\/\\\/blogdofarnesio.com.br\\\/?p=36799\"]}]},{\"@type\":\"ImageObject\",\"inLanguage\":\"pt-BR\",\"@id\":\"https:\\\/\\\/blogdofarnesio.com.br\\\/?p=36799#primaryimage\",\"url\":\"http:\\\/\\\/www.quersaberpolitica.com.br\\\/2016\\\/wp-content\\\/uploads\\\/2013\\\/02\\\/blogqsphumberto-300x106.jpg\",\"contentUrl\":\"http:\\\/\\\/www.quersaberpolitica.com.br\\\/2016\\\/wp-content\\\/uploads\\\/2013\\\/02\\\/blogqsphumberto-300x106.jpg\"},{\"@type\":\"BreadcrumbList\",\"@id\":\"https:\\\/\\\/blogdofarnesio.com.br\\\/?p=36799#breadcrumb\",\"itemListElement\":[{\"@type\":\"ListItem\",\"position\":1,\"name\":\"In\u00edcio\",\"item\":\"https:\\\/\\\/blogdofarnesio.com.br\\\/\"},{\"@type\":\"ListItem\",\"position\":2,\"name\":\"A CONVITE DA DEPUTADA ISABEL CRISTINA, SENADOR HUMBERTO COSTA VISITA PETROLINA ENTRADA\"}]},{\"@type\":\"WebSite\",\"@id\":\"https:\\\/\\\/blogdofarnesio.com.br\\\/#website\",\"url\":\"https:\\\/\\\/blogdofarnesio.com.br\\\/\",\"name\":\"Blog do Farn\u00e9sio\",\"description\":\"Quer Saber Pol\u00edtica?\",\"publisher\":{\"@id\":\"https:\\\/\\\/blogdofarnesio.com.br\\\/#organization\"},\"potentialAction\":[{\"@type\":\"SearchAction\",\"target\":{\"@type\":\"EntryPoint\",\"urlTemplate\":\"https:\\\/\\\/blogdofarnesio.com.br\\\/?s={search_term_string}\"},\"query-input\":{\"@type\":\"PropertyValueSpecification\",\"valueRequired\":true,\"valueName\":\"search_term_string\"}}],\"inLanguage\":\"pt-BR\"},{\"@type\":\"Organization\",\"@id\":\"https:\\\/\\\/blogdofarnesio.com.br\\\/#organization\",\"name\":\"Blog do Farn\u00e9sio\",\"url\":\"https:\\\/\\\/blogdofarnesio.com.br\\\/\",\"logo\":{\"@type\":\"ImageObject\",\"inLanguage\":\"pt-BR\",\"@id\":\"https:\\\/\\\/blogdofarnesio.com.br\\\/#\\\/schema\\\/logo\\\/image\\\/\",\"url\":\"https:\\\/\\\/blogdofarnesio.com.br\\\/wp-content\\\/uploads\\\/2026\\\/03\\\/cropped-logo_new-1.png\",\"contentUrl\":\"https:\\\/\\\/blogdofarnesio.com.br\\\/wp-content\\\/uploads\\\/2026\\\/03\\\/cropped-logo_new-1.png\",\"width\":881,\"height\":685,\"caption\":\"Blog do Farn\u00e9sio\"},\"image\":{\"@id\":\"https:\\\/\\\/blogdofarnesio.com.br\\\/#\\\/schema\\\/logo\\\/image\\\/\"},\"sameAs\":[\"https:\\\/\\\/www.facebook.com\\\/BlogQuerSaberPolitica\\\/\"]},{\"@type\":\"Person\",\"@id\":\"https:\\\/\\\/blogdofarnesio.com.br\\\/#\\\/schema\\\/person\\\/dd1bf5eba40b687199ba45ca6b97dff9\",\"name\":\"teste\",\"image\":{\"@type\":\"ImageObject\",\"inLanguage\":\"pt-BR\",\"@id\":\"https:\\\/\\\/secure.gravatar.com\\\/avatar\\\/2172498d4914b51e1d89a0f97957b035ac4938723a5cac208135d389b6972a6d?s=96&d=mm&r=g\",\"url\":\"https:\\\/\\\/secure.gravatar.com\\\/avatar\\\/2172498d4914b51e1d89a0f97957b035ac4938723a5cac208135d389b6972a6d?s=96&d=mm&r=g\",\"contentUrl\":\"https:\\\/\\\/secure.gravatar.com\\\/avatar\\\/2172498d4914b51e1d89a0f97957b035ac4938723a5cac208135d389b6972a6d?s=96&d=mm&r=g\",\"caption\":\"teste\"},\"url\":\"https:\\\/\\\/blogdofarnesio.com.br\\\/?author=3\"}]}<\/script>\n<!-- \/ Yoast SEO plugin. -->","yoast_head_json":{"title":"A CONVITE DA DEPUTADA ISABEL CRISTINA, SENADOR HUMBERTO COSTA VISITA PETROLINA ENTRADA - Blog do Farn\u00e9sio","robots":{"index":"index","follow":"follow","max-snippet":"max-snippet:-1","max-image-preview":"max-image-preview:large","max-video-preview":"max-video-preview:-1"},"canonical":"https:\/\/blogdofarnesio.com.br\/?p=36799","og_locale":"pt_BR","og_type":"article","og_title":"A CONVITE DA DEPUTADA ISABEL CRISTINA, SENADOR HUMBERTO COSTA VISITA PETROLINA ENTRADA - Blog do Farn\u00e9sio","og_description":"Convidado pela deputada Isabel Cristina de Oliveira (PT), o Senador Humberto Costa (PT) vem a Petrolina, no pr\u00f3ximo dia 22, para discutir com os gestores do Hospital do C\u00e2ncer, da Univasf e da Facape recursos de emendas parlamentares para desenvolvimento destas institui\u00e7\u00f5es, visando melhor atendimento para a sociedade. O Senador Humberto Costa tem sempre dado aten\u00e7\u00e3o especial ao munic\u00edpio, disponibilizando recursos para diversas institui\u00e7\u00f5es, a exemplo das constru\u00e7\u00f5es do Hospital de Traumas, quando de sua passagem pelo Minist\u00e9rio da Sa\u00fade, de casas populares e da Academia da Cidade, como Secret\u00e1rio Estadual das Cidades.","og_url":"https:\/\/blogdofarnesio.com.br\/?p=36799","og_site_name":"Blog do Farn\u00e9sio","article_publisher":"https:\/\/www.facebook.com\/BlogQuerSaberPolitica\/","article_published_time":"2013-04-19T22:12:17+00:00","og_image":[{"url":"http:\/\/www.quersaberpolitica.com.br\/2016\/wp-content\/uploads\/2013\/02\/blogqsphumberto-300x106.jpg","type":"","width":"","height":""}],"author":"teste","twitter_card":"summary_large_image","twitter_misc":{"Escrito por":"teste","Est. tempo de leitura":"2 minutos"},"schema":{"@context":"https:\/\/schema.org","@graph":[{"@type":"Article","@id":"https:\/\/blogdofarnesio.com.br\/?p=36799#article","isPartOf":{"@id":"https:\/\/blogdofarnesio.com.br\/?p=36799"},"author":{"name":"teste","@id":"https:\/\/blogdofarnesio.com.br\/#\/schema\/person\/dd1bf5eba40b687199ba45ca6b97dff9"},"headline":"A CONVITE DA DEPUTADA ISABEL CRISTINA, SENADOR HUMBERTO COSTA VISITA PETROLINA ENTRADA","datePublished":"2013-04-19T22:12:17+00:00","mainEntityOfPage":{"@id":"https:\/\/blogdofarnesio.com.br\/?p=36799"},"wordCount":329,"commentCount":0,"publisher":{"@id":"https:\/\/blogdofarnesio.com.br\/#organization"},"image":{"@id":"https:\/\/blogdofarnesio.com.br\/?p=36799#primaryimage"},"thumbnailUrl":"http:\/\/www.quersaberpolitica.com.br\/2016\/wp-content\/uploads\/2013\/02\/blogqsphumberto-300x106.jpg","articleSection":["Pol\u00edtica"],"inLanguage":"pt-BR","potentialAction":[{"@type":"CommentAction","name":"Comment","target":["https:\/\/blogdofarnesio.com.br\/?p=36799#respond"]}]},{"@type":"WebPage","@id":"https:\/\/blogdofarnesio.com.br\/?p=36799","url":"https:\/\/blogdofarnesio.com.br\/?p=36799","name":"A CONVITE DA DEPUTADA ISABEL CRISTINA, SENADOR HUMBERTO COSTA VISITA PETROLINA ENTRADA - Blog do Farn\u00e9sio","isPartOf":{"@id":"https:\/\/blogdofarnesio.com.br\/#website"},"primaryImageOfPage":{"@id":"https:\/\/blogdofarnesio.com.br\/?p=36799#primaryimage"},"image":{"@id":"https:\/\/blogdofarnesio.com.br\/?p=36799#primaryimage"},"thumbnailUrl":"http:\/\/www.quersaberpolitica.com.br\/2016\/wp-content\/uploads\/2013\/02\/blogqsphumberto-300x106.jpg","datePublished":"2013-04-19T22:12:17+00:00","breadcrumb":{"@id":"https:\/\/blogdofarnesio.com.br\/?p=36799#breadcrumb"},"inLanguage":"pt-BR","potentialAction":[{"@type":"ReadAction","target":["https:\/\/blogdofarnesio.com.br\/?p=36799"]}]},{"@type":"ImageObject","inLanguage":"pt-BR","@id":"https:\/\/blogdofarnesio.com.br\/?p=36799#primaryimage","url":"http:\/\/www.quersaberpolitica.com.br\/2016\/wp-content\/uploads\/2013\/02\/blogqsphumberto-300x106.jpg","contentUrl":"http:\/\/www.quersaberpolitica.com.br\/2016\/wp-content\/uploads\/2013\/02\/blogqsphumberto-300x106.jpg"},{"@type":"BreadcrumbList","@id":"https:\/\/blogdofarnesio.com.br\/?p=36799#breadcrumb","itemListElement":[{"@type":"ListItem","position":1,"name":"In\u00edcio","item":"https:\/\/blogdofarnesio.com.br\/"},{"@type":"ListItem","position":2,"name":"A CONVITE DA DEPUTADA ISABEL CRISTINA, SENADOR HUMBERTO COSTA VISITA PETROLINA ENTRADA"}]},{"@type":"WebSite","@id":"https:\/\/blogdofarnesio.com.br\/#website","url":"https:\/\/blogdofarnesio.com.br\/","name":"Blog do Farn\u00e9sio","description":"Quer Saber Pol\u00edtica?","publisher":{"@id":"https:\/\/blogdofarnesio.com.br\/#organization"},"potentialAction":[{"@type":"SearchAction","target":{"@type":"EntryPoint","urlTemplate":"https:\/\/blogdofarnesio.com.br\/?s={search_term_string}"},"query-input":{"@type":"PropertyValueSpecification","valueRequired":true,"valueName":"search_term_string"}}],"inLanguage":"pt-BR"},{"@type":"Organization","@id":"https:\/\/blogdofarnesio.com.br\/#organization","name":"Blog do Farn\u00e9sio","url":"https:\/\/blogdofarnesio.com.br\/","logo":{"@type":"ImageObject","inLanguage":"pt-BR","@id":"https:\/\/blogdofarnesio.com.br\/#\/schema\/logo\/image\/","url":"https:\/\/blogdofarnesio.com.br\/wp-content\/uploads\/2026\/03\/cropped-logo_new-1.png","contentUrl":"https:\/\/blogdofarnesio.com.br\/wp-content\/uploads\/2026\/03\/cropped-logo_new-1.png","width":881,"height":685,"caption":"Blog do Farn\u00e9sio"},"image":{"@id":"https:\/\/blogdofarnesio.com.br\/#\/schema\/logo\/image\/"},"sameAs":["https:\/\/www.facebook.com\/BlogQuerSaberPolitica\/"]},{"@type":"Person","@id":"https:\/\/blogdofarnesio.com.br\/#\/schema\/person\/dd1bf5eba40b687199ba45ca6b97dff9","name":"teste","image":{"@type":"ImageObject","inLanguage":"pt-BR","@id":"https:\/\/secure.gravatar.com\/avatar\/2172498d4914b51e1d89a0f97957b035ac4938723a5cac208135d389b6972a6d?s=96&d=mm&r=g","url":"https:\/\/secure.gravatar.com\/avatar\/2172498d4914b51e1d89a0f97957b035ac4938723a5cac208135d389b6972a6d?s=96&d=mm&r=g","contentUrl":"https:\/\/secure.gravatar.com\/avatar\/2172498d4914b51e1d89a0f97957b035ac4938723a5cac208135d389b6972a6d?s=96&d=mm&r=g","caption":"teste"},"url":"https:\/\/blogdofarnesio.com.br\/?author=3"}]}},"_links":{"self":[{"href":"https:\/\/blogdofarnesio.com.br\/index.php?rest_route=\/wp\/v2\/posts\/36799","targetHints":{"allow":["GET"]}}],"collection":[{"href":"https:\/\/blogdofarnesio.com.br\/index.php?rest_route=\/wp\/v2\/posts"}],"about":[{"href":"https:\/\/blogdofarnesio.com.br\/index.php?rest_route=\/wp\/v2\/types\/post"}],"author":[{"embeddable":true,"href":"https:\/\/blogdofarnesio.com.br\/index.php?rest_route=\/wp\/v2\/users\/3"}],"replies":[{"embeddable":true,"href":"https:\/\/blogdofarnesio.com.br\/index.php?rest_route=%2Fwp%2Fv2%2Fcomments&post=36799"}],"version-history":[{"count":0,"href":"https:\/\/blogdofarnesio.com.br\/index.php?rest_route=\/wp\/v2\/posts\/36799\/revisions"}],"wp:attachment":[{"href":"https:\/\/blogdofarnesio.com.br\/index.php?rest_route=%2Fwp%2Fv2%2Fmedia&parent=36799"}],"wp:term":[{"taxonomy":"category","embeddable":true,"href":"https:\/\/blogdofarnesio.com.br\/index.php?rest_route=%2Fwp%2Fv2%2Fcategories&post=36799"},{"taxonomy":"post_tag","embeddable":true,"href":"https:\/\/blogdofarnesio.com.br\/index.php?rest_route=%2Fwp%2Fv2%2Ftags&post=36799"}],"curies":[{"name":"wp","href":"https:\/\/api.w.org\/{rel}","templated":true}]}}