{"id":367725,"date":"2024-05-03T15:23:53","date_gmt":"2024-05-03T18:23:53","guid":{"rendered":"https:\/\/blogdofarnesio.com.br\/?p=367725"},"modified":"2024-05-03T13:53:27","modified_gmt":"2024-05-03T16:53:27","slug":"em-clima-comemorativo-gestao-suzana-ramos-entrega-59a-escola-totalmente-requalificada-e-ampliada","status":"publish","type":"post","link":"https:\/\/blogdofarnesio.com.br\/?p=367725","title":{"rendered":"Em clima comemorativo, gest\u00e3o Suzana Ramos entrega 59\u00aa escola totalmente requalificada e ampliada"},"content":{"rendered":"<div>Em clima de celebra\u00e7\u00e3o, a prefeita de Juazeiro, Suzana Ramos, entregou ontem (2), a 59\u00aa unidade de ensino totalmente requalificada e ampliada. Com investimento de R$ 500 mil, em recursos pr\u00f3prios, a inaugura\u00e7\u00e3o da Escola Municipal Maria Jos\u00e9 Lima da Rocha, marca as comemora\u00e7\u00f5es e conquistas dos 45 anos do bairro Jo\u00e3o Paulo II, celebrado no dia 18 de maio.<\/div>\n<div><\/div>\n<div>\u201cO bairro Jo\u00e3o Paulo II est\u00e1 prestes a comemorar mais um ano de funda\u00e7\u00e3o e eu fico muito feliz de ser respons\u00e1vel por ter contribu\u00eddo tanto para essa comunidade. Hoje estamos entregando mais uma escola totalmente requalificada, ampliada e climatizada, al\u00e9m disso, 18 ruas est\u00e3o sendo pavimentadas na localidade, somadas \u00e0 obra de reestrutura\u00e7\u00e3o do Restaurante Popular, que hoje oferece refei\u00e7\u00e3o totalmente gratuita e de qualidade, e as reformas do CRAS e do CEO. E muito mais est\u00e1 por vir, ent\u00e3o temos muito a comemorar\u201d, destacou a prefeita Suzana Ramos.<\/div>\n<div><\/div>\n<div>A m\u00e3e da estudante Manuela Beatriz, do 2\u00ba ano, Leide Almeida, reconheceu que o investimento realizado refor\u00e7a o compromisso da gest\u00e3o municipal com a qualidade da educa\u00e7\u00e3o. \u201cHoje a nossa gratid\u00e3o se transfere \u00e0 Prefeitura de Juazeiro por assistir os desafios escolares e ter cumprido o seu papel para transformar essa escola em um espa\u00e7o t\u00e3o incr\u00edvel. Poder contar com um bom ambiente e estrutura \u00e9 fundamental para o aprendizado dos nossos filhos. Hoje eles podem desfrutar desse ambiente agrad\u00e1vel e bem estruturado. Essa escola j\u00e1 faz parte da vida da minha fam\u00edlia h\u00e1 cinco anos. Aqui eu me sinto tranquila, pois sei que minha filha est\u00e1 sendo bem assistida e acolhida por profissionais que oferecem o melhor\u201d, compartilhou Leide.<\/div>\n<div><\/div>\n<div>A obra<\/div>\n<div>A requalifica\u00e7\u00e3o da unidade incluiu a constru\u00e7\u00e3o de duas salas de aula, revis\u00e3o da rede el\u00e9trica, cobertura do p\u00e1tio, forro, readequa\u00e7\u00f5es dos banheiros, cozinha e refeit\u00f3rios, revis\u00e3o de piso e paredes, troca de portas e pintura. A unidade, agora, conta com 12 salas de aula, sala de Atendimento Educacional Especializado (AEE), coordena\u00e7\u00e3o, dire\u00e7\u00e3o, secretaria, sala dos professores, refeit\u00f3rio, p\u00e1tio coberto, dep\u00f3sito e almoxarifado, com capacidade para atender mais de 640 estudantes.<\/div>\n<div><\/div>\n<div>Na ocasi\u00e3o, tamb\u00e9m estiveram presentes o deputado estadual, Jord\u00e1vio Ramos, os vereadores Renato Brand\u00e3o e An\u00edbal Ara\u00fajo, secret\u00e1rios municipais, assessores especiais do governo, lideran\u00e7as comunit\u00e1rias locais, comunidade escolar e local.<\/div>\n<div>\u2014<\/div>\n","protected":false},"excerpt":{"rendered":"<p>Em clima de celebra\u00e7\u00e3o, a prefeita de Juazeiro, Suzana Ramos, entregou ontem (2), a 59\u00aa unidade de ensino totalmente requalificada e ampliada. Com investimento de R$ 500 mil, em recursos pr\u00f3prios, a inaugura\u00e7\u00e3o da Escola Municipal Maria Jos\u00e9 Lima da Rocha, marca as comemora\u00e7\u00f5es e conquistas dos 45 anos do bairro Jo\u00e3o Paulo II, celebrado no dia 18 de maio. \u201cO bairro Jo\u00e3o Paulo II est\u00e1 prestes a comemorar mais um ano de funda\u00e7\u00e3o e eu fico muito feliz de ser respons\u00e1vel por ter contribu\u00eddo tanto para essa comunidade. Hoje estamos entregando mais uma escola totalmente requalificada, ampliada e climatizada, al\u00e9m disso, 18 ruas est\u00e3o sendo pavimentadas na localidade, somadas \u00e0 obra de reestrutura\u00e7\u00e3o do Restaurante Popular, que hoje oferece&hellip; <\/p>\n","protected":false},"author":2,"featured_media":367726,"comment_status":"open","ping_status":"open","sticky":false,"template":"","format":"standard","meta":{"_acf_changed":false,"footnotes":""},"categories":[44],"tags":[],"class_list":["post-367725","post","type-post","status-publish","format-standard","has-post-thumbnail","hentry","category-administracao"],"acf":[],"yoast_head":"<!-- This site is optimized with the Yoast SEO plugin v27.4 - https:\/\/yoast.com\/product\/yoast-seo-wordpress\/ -->\n<title>Em clima comemorativo, gest\u00e3o Suzana Ramos entrega 59\u00aa escola totalmente requalificada e ampliada - Blog do Farn\u00e9sio<\/title>\n<meta name=\"robots\" content=\"index, follow, max-snippet:-1, max-image-preview:large, max-video-preview:-1\" \/>\n<link rel=\"canonical\" href=\"https:\/\/blogdofarnesio.com.br\/?p=367725\" \/>\n<meta property=\"og:locale\" content=\"pt_BR\" \/>\n<meta property=\"og:type\" content=\"article\" \/>\n<meta property=\"og:title\" content=\"Em clima comemorativo, gest\u00e3o Suzana Ramos entrega 59\u00aa escola totalmente requalificada e ampliada - Blog do Farn\u00e9sio\" \/>\n<meta property=\"og:description\" content=\"Em clima de celebra\u00e7\u00e3o, a prefeita de Juazeiro, Suzana Ramos, entregou ontem (2), a 59\u00aa unidade de ensino totalmente requalificada e ampliada. Com investimento de R$ 500 mil, em recursos pr\u00f3prios, a inaugura\u00e7\u00e3o da Escola Municipal Maria Jos\u00e9 Lima da Rocha, marca as comemora\u00e7\u00f5es e conquistas dos 45 anos do bairro Jo\u00e3o Paulo II, celebrado no dia 18 de maio. \u201cO bairro Jo\u00e3o Paulo II est\u00e1 prestes a comemorar mais um ano de funda\u00e7\u00e3o e eu fico muito feliz de ser respons\u00e1vel por ter contribu\u00eddo tanto para essa comunidade. Hoje estamos entregando mais uma escola totalmente requalificada, ampliada e climatizada, al\u00e9m disso, 18 ruas est\u00e3o sendo pavimentadas na localidade, somadas \u00e0 obra de reestrutura\u00e7\u00e3o do Restaurante Popular, que hoje oferece&hellip;\" \/>\n<meta property=\"og:url\" content=\"https:\/\/blogdofarnesio.com.br\/?p=367725\" \/>\n<meta property=\"og:site_name\" content=\"Blog do Farn\u00e9sio\" \/>\n<meta property=\"article:publisher\" content=\"https:\/\/www.facebook.com\/BlogQuerSaberPolitica\/\" \/>\n<meta property=\"article:author\" content=\"https:\/\/www.facebook.com\/?ref=tn_tnmn\" \/>\n<meta property=\"article:published_time\" content=\"2024-05-03T18:23:53+00:00\" \/>\n<meta property=\"og:image\" content=\"https:\/\/blogdofarnesio.com.br\/wp-content\/uploads\/2024\/05\/WhatsApp-Image-2024-05-02-at-16.19.16-e1714680063483.jpeg\" \/>\n\t<meta property=\"og:image:width\" content=\"600\" \/>\n\t<meta property=\"og:image:height\" content=\"375\" \/>\n\t<meta property=\"og:image:type\" content=\"image\/jpeg\" \/>\n<meta name=\"author\" content=\"Farn\u00e9sio\" \/>\n<meta name=\"twitter:card\" content=\"summary_large_image\" \/>\n<meta name=\"twitter:label1\" content=\"Escrito por\" \/>\n\t<meta name=\"twitter:data1\" content=\"Farn\u00e9sio\" \/>\n\t<meta name=\"twitter:label2\" content=\"Est. tempo de leitura\" \/>\n\t<meta name=\"twitter:data2\" content=\"3 minutos\" \/>\n<script type=\"application\/ld+json\" class=\"yoast-schema-graph\">{\"@context\":\"https:\\\/\\\/schema.org\",\"@graph\":[{\"@type\":\"Article\",\"@id\":\"https:\\\/\\\/blogdofarnesio.com.br\\\/?p=367725#article\",\"isPartOf\":{\"@id\":\"https:\\\/\\\/blogdofarnesio.com.br\\\/?p=367725\"},\"author\":{\"name\":\"Farn\u00e9sio\",\"@id\":\"https:\\\/\\\/blogdofarnesio.com.br\\\/#\\\/schema\\\/person\\\/bb9b23ae3ad0609ce8df7b6c9e76824d\"},\"headline\":\"Em clima comemorativo, gest\u00e3o Suzana Ramos entrega 59\u00aa escola totalmente requalificada e ampliada\",\"datePublished\":\"2024-05-03T18:23:53+00:00\",\"mainEntityOfPage\":{\"@id\":\"https:\\\/\\\/blogdofarnesio.com.br\\\/?p=367725\"},\"wordCount\":420,\"commentCount\":0,\"publisher\":{\"@id\":\"https:\\\/\\\/blogdofarnesio.com.br\\\/#organization\"},\"image\":{\"@id\":\"https:\\\/\\\/blogdofarnesio.com.br\\\/?p=367725#primaryimage\"},\"thumbnailUrl\":\"https:\\\/\\\/blogdofarnesio.com.br\\\/wp-content\\\/uploads\\\/2024\\\/05\\\/WhatsApp-Image-2024-05-02-at-16.19.16-e1714680063483.jpeg\",\"articleSection\":[\"Administra\u00e7\u00e3o\"],\"inLanguage\":\"pt-BR\",\"potentialAction\":[{\"@type\":\"CommentAction\",\"name\":\"Comment\",\"target\":[\"https:\\\/\\\/blogdofarnesio.com.br\\\/?p=367725#respond\"]}]},{\"@type\":\"WebPage\",\"@id\":\"https:\\\/\\\/blogdofarnesio.com.br\\\/?p=367725\",\"url\":\"https:\\\/\\\/blogdofarnesio.com.br\\\/?p=367725\",\"name\":\"Em clima comemorativo, gest\u00e3o Suzana Ramos entrega 59\u00aa escola totalmente requalificada e ampliada - Blog do Farn\u00e9sio\",\"isPartOf\":{\"@id\":\"https:\\\/\\\/blogdofarnesio.com.br\\\/#website\"},\"primaryImageOfPage\":{\"@id\":\"https:\\\/\\\/blogdofarnesio.com.br\\\/?p=367725#primaryimage\"},\"image\":{\"@id\":\"https:\\\/\\\/blogdofarnesio.com.br\\\/?p=367725#primaryimage\"},\"thumbnailUrl\":\"https:\\\/\\\/blogdofarnesio.com.br\\\/wp-content\\\/uploads\\\/2024\\\/05\\\/WhatsApp-Image-2024-05-02-at-16.19.16-e1714680063483.jpeg\",\"datePublished\":\"2024-05-03T18:23:53+00:00\",\"breadcrumb\":{\"@id\":\"https:\\\/\\\/blogdofarnesio.com.br\\\/?p=367725#breadcrumb\"},\"inLanguage\":\"pt-BR\",\"potentialAction\":[{\"@type\":\"ReadAction\",\"target\":[\"https:\\\/\\\/blogdofarnesio.com.br\\\/?p=367725\"]}]},{\"@type\":\"ImageObject\",\"inLanguage\":\"pt-BR\",\"@id\":\"https:\\\/\\\/blogdofarnesio.com.br\\\/?p=367725#primaryimage\",\"url\":\"https:\\\/\\\/blogdofarnesio.com.br\\\/wp-content\\\/uploads\\\/2024\\\/05\\\/WhatsApp-Image-2024-05-02-at-16.19.16-e1714680063483.jpeg\",\"contentUrl\":\"https:\\\/\\\/blogdofarnesio.com.br\\\/wp-content\\\/uploads\\\/2024\\\/05\\\/WhatsApp-Image-2024-05-02-at-16.19.16-e1714680063483.jpeg\",\"width\":600,\"height\":375},{\"@type\":\"BreadcrumbList\",\"@id\":\"https:\\\/\\\/blogdofarnesio.com.br\\\/?p=367725#breadcrumb\",\"itemListElement\":[{\"@type\":\"ListItem\",\"position\":1,\"name\":\"In\u00edcio\",\"item\":\"https:\\\/\\\/blogdofarnesio.com.br\\\/\"},{\"@type\":\"ListItem\",\"position\":2,\"name\":\"Em clima comemorativo, gest\u00e3o Suzana Ramos entrega 59\u00aa escola totalmente requalificada e ampliada\"}]},{\"@type\":\"WebSite\",\"@id\":\"https:\\\/\\\/blogdofarnesio.com.br\\\/#website\",\"url\":\"https:\\\/\\\/blogdofarnesio.com.br\\\/\",\"name\":\"Blog do Farn\u00e9sio\",\"description\":\"Quer Saber Pol\u00edtica?\",\"publisher\":{\"@id\":\"https:\\\/\\\/blogdofarnesio.com.br\\\/#organization\"},\"potentialAction\":[{\"@type\":\"SearchAction\",\"target\":{\"@type\":\"EntryPoint\",\"urlTemplate\":\"https:\\\/\\\/blogdofarnesio.com.br\\\/?s={search_term_string}\"},\"query-input\":{\"@type\":\"PropertyValueSpecification\",\"valueRequired\":true,\"valueName\":\"search_term_string\"}}],\"inLanguage\":\"pt-BR\"},{\"@type\":\"Organization\",\"@id\":\"https:\\\/\\\/blogdofarnesio.com.br\\\/#organization\",\"name\":\"Blog do Farn\u00e9sio\",\"url\":\"https:\\\/\\\/blogdofarnesio.com.br\\\/\",\"logo\":{\"@type\":\"ImageObject\",\"inLanguage\":\"pt-BR\",\"@id\":\"https:\\\/\\\/blogdofarnesio.com.br\\\/#\\\/schema\\\/logo\\\/image\\\/\",\"url\":\"https:\\\/\\\/blogdofarnesio.com.br\\\/wp-content\\\/uploads\\\/2026\\\/03\\\/cropped-logo_new-1.png\",\"contentUrl\":\"https:\\\/\\\/blogdofarnesio.com.br\\\/wp-content\\\/uploads\\\/2026\\\/03\\\/cropped-logo_new-1.png\",\"width\":881,\"height\":685,\"caption\":\"Blog do Farn\u00e9sio\"},\"image\":{\"@id\":\"https:\\\/\\\/blogdofarnesio.com.br\\\/#\\\/schema\\\/logo\\\/image\\\/\"},\"sameAs\":[\"https:\\\/\\\/www.facebook.com\\\/BlogQuerSaberPolitica\\\/\"]},{\"@type\":\"Person\",\"@id\":\"https:\\\/\\\/blogdofarnesio.com.br\\\/#\\\/schema\\\/person\\\/bb9b23ae3ad0609ce8df7b6c9e76824d\",\"name\":\"Farn\u00e9sio\",\"image\":{\"@type\":\"ImageObject\",\"inLanguage\":\"pt-BR\",\"@id\":\"https:\\\/\\\/secure.gravatar.com\\\/avatar\\\/986aa4c61ccdb66f8555bf88fc2a65609d00bcabd4d2d94377a727547345cbca?s=96&d=mm&r=g\",\"url\":\"https:\\\/\\\/secure.gravatar.com\\\/avatar\\\/986aa4c61ccdb66f8555bf88fc2a65609d00bcabd4d2d94377a727547345cbca?s=96&d=mm&r=g\",\"contentUrl\":\"https:\\\/\\\/secure.gravatar.com\\\/avatar\\\/986aa4c61ccdb66f8555bf88fc2a65609d00bcabd4d2d94377a727547345cbca?s=96&d=mm&r=g\",\"caption\":\"Farn\u00e9sio\"},\"description\":\"Radialista blogueiro, chegou a Petrolina\\\/Juazeiro em setembro de 1980, Farn\u00e9sio Silva \u00e9 de Arapiraca-Alagoas.\",\"sameAs\":[\"http:\\\/\\\/blogdofarnesio.com.br\",\"https:\\\/\\\/www.facebook.com\\\/?ref=tn_tnmn\",\"https:\\\/\\\/www.instagram.com\\\/?utm_source=pwa_homescreen\",\"https:\\\/\\\/youtube.com.br\\\/\"],\"url\":\"https:\\\/\\\/blogdofarnesio.com.br\\\/?author=2\"}]}<\/script>\n<!-- \/ Yoast SEO plugin. -->","yoast_head_json":{"title":"Em clima comemorativo, gest\u00e3o Suzana Ramos entrega 59\u00aa escola totalmente requalificada e ampliada - Blog do Farn\u00e9sio","robots":{"index":"index","follow":"follow","max-snippet":"max-snippet:-1","max-image-preview":"max-image-preview:large","max-video-preview":"max-video-preview:-1"},"canonical":"https:\/\/blogdofarnesio.com.br\/?p=367725","og_locale":"pt_BR","og_type":"article","og_title":"Em clima comemorativo, gest\u00e3o Suzana Ramos entrega 59\u00aa escola totalmente requalificada e ampliada - Blog do Farn\u00e9sio","og_description":"Em clima de celebra\u00e7\u00e3o, a prefeita de Juazeiro, Suzana Ramos, entregou ontem (2), a 59\u00aa unidade de ensino totalmente requalificada e ampliada. Com investimento de R$ 500 mil, em recursos pr\u00f3prios, a inaugura\u00e7\u00e3o da Escola Municipal Maria Jos\u00e9 Lima da Rocha, marca as comemora\u00e7\u00f5es e conquistas dos 45 anos do bairro Jo\u00e3o Paulo II, celebrado no dia 18 de maio. \u201cO bairro Jo\u00e3o Paulo II est\u00e1 prestes a comemorar mais um ano de funda\u00e7\u00e3o e eu fico muito feliz de ser respons\u00e1vel por ter contribu\u00eddo tanto para essa comunidade. Hoje estamos entregando mais uma escola totalmente requalificada, ampliada e climatizada, al\u00e9m disso, 18 ruas est\u00e3o sendo pavimentadas na localidade, somadas \u00e0 obra de reestrutura\u00e7\u00e3o do Restaurante Popular, que hoje oferece&hellip;","og_url":"https:\/\/blogdofarnesio.com.br\/?p=367725","og_site_name":"Blog do Farn\u00e9sio","article_publisher":"https:\/\/www.facebook.com\/BlogQuerSaberPolitica\/","article_author":"https:\/\/www.facebook.com\/?ref=tn_tnmn","article_published_time":"2024-05-03T18:23:53+00:00","og_image":[{"width":600,"height":375,"url":"https:\/\/blogdofarnesio.com.br\/wp-content\/uploads\/2024\/05\/WhatsApp-Image-2024-05-02-at-16.19.16-e1714680063483.jpeg","type":"image\/jpeg"}],"author":"Farn\u00e9sio","twitter_card":"summary_large_image","twitter_misc":{"Escrito por":"Farn\u00e9sio","Est. tempo de leitura":"3 minutos"},"schema":{"@context":"https:\/\/schema.org","@graph":[{"@type":"Article","@id":"https:\/\/blogdofarnesio.com.br\/?p=367725#article","isPartOf":{"@id":"https:\/\/blogdofarnesio.com.br\/?p=367725"},"author":{"name":"Farn\u00e9sio","@id":"https:\/\/blogdofarnesio.com.br\/#\/schema\/person\/bb9b23ae3ad0609ce8df7b6c9e76824d"},"headline":"Em clima comemorativo, gest\u00e3o Suzana Ramos entrega 59\u00aa escola totalmente requalificada e ampliada","datePublished":"2024-05-03T18:23:53+00:00","mainEntityOfPage":{"@id":"https:\/\/blogdofarnesio.com.br\/?p=367725"},"wordCount":420,"commentCount":0,"publisher":{"@id":"https:\/\/blogdofarnesio.com.br\/#organization"},"image":{"@id":"https:\/\/blogdofarnesio.com.br\/?p=367725#primaryimage"},"thumbnailUrl":"https:\/\/blogdofarnesio.com.br\/wp-content\/uploads\/2024\/05\/WhatsApp-Image-2024-05-02-at-16.19.16-e1714680063483.jpeg","articleSection":["Administra\u00e7\u00e3o"],"inLanguage":"pt-BR","potentialAction":[{"@type":"CommentAction","name":"Comment","target":["https:\/\/blogdofarnesio.com.br\/?p=367725#respond"]}]},{"@type":"WebPage","@id":"https:\/\/blogdofarnesio.com.br\/?p=367725","url":"https:\/\/blogdofarnesio.com.br\/?p=367725","name":"Em clima comemorativo, gest\u00e3o Suzana Ramos entrega 59\u00aa escola totalmente requalificada e ampliada - Blog do Farn\u00e9sio","isPartOf":{"@id":"https:\/\/blogdofarnesio.com.br\/#website"},"primaryImageOfPage":{"@id":"https:\/\/blogdofarnesio.com.br\/?p=367725#primaryimage"},"image":{"@id":"https:\/\/blogdofarnesio.com.br\/?p=367725#primaryimage"},"thumbnailUrl":"https:\/\/blogdofarnesio.com.br\/wp-content\/uploads\/2024\/05\/WhatsApp-Image-2024-05-02-at-16.19.16-e1714680063483.jpeg","datePublished":"2024-05-03T18:23:53+00:00","breadcrumb":{"@id":"https:\/\/blogdofarnesio.com.br\/?p=367725#breadcrumb"},"inLanguage":"pt-BR","potentialAction":[{"@type":"ReadAction","target":["https:\/\/blogdofarnesio.com.br\/?p=367725"]}]},{"@type":"ImageObject","inLanguage":"pt-BR","@id":"https:\/\/blogdofarnesio.com.br\/?p=367725#primaryimage","url":"https:\/\/blogdofarnesio.com.br\/wp-content\/uploads\/2024\/05\/WhatsApp-Image-2024-05-02-at-16.19.16-e1714680063483.jpeg","contentUrl":"https:\/\/blogdofarnesio.com.br\/wp-content\/uploads\/2024\/05\/WhatsApp-Image-2024-05-02-at-16.19.16-e1714680063483.jpeg","width":600,"height":375},{"@type":"BreadcrumbList","@id":"https:\/\/blogdofarnesio.com.br\/?p=367725#breadcrumb","itemListElement":[{"@type":"ListItem","position":1,"name":"In\u00edcio","item":"https:\/\/blogdofarnesio.com.br\/"},{"@type":"ListItem","position":2,"name":"Em clima comemorativo, gest\u00e3o Suzana Ramos entrega 59\u00aa escola totalmente requalificada e ampliada"}]},{"@type":"WebSite","@id":"https:\/\/blogdofarnesio.com.br\/#website","url":"https:\/\/blogdofarnesio.com.br\/","name":"Blog do Farn\u00e9sio","description":"Quer Saber Pol\u00edtica?","publisher":{"@id":"https:\/\/blogdofarnesio.com.br\/#organization"},"potentialAction":[{"@type":"SearchAction","target":{"@type":"EntryPoint","urlTemplate":"https:\/\/blogdofarnesio.com.br\/?s={search_term_string}"},"query-input":{"@type":"PropertyValueSpecification","valueRequired":true,"valueName":"search_term_string"}}],"inLanguage":"pt-BR"},{"@type":"Organization","@id":"https:\/\/blogdofarnesio.com.br\/#organization","name":"Blog do Farn\u00e9sio","url":"https:\/\/blogdofarnesio.com.br\/","logo":{"@type":"ImageObject","inLanguage":"pt-BR","@id":"https:\/\/blogdofarnesio.com.br\/#\/schema\/logo\/image\/","url":"https:\/\/blogdofarnesio.com.br\/wp-content\/uploads\/2026\/03\/cropped-logo_new-1.png","contentUrl":"https:\/\/blogdofarnesio.com.br\/wp-content\/uploads\/2026\/03\/cropped-logo_new-1.png","width":881,"height":685,"caption":"Blog do Farn\u00e9sio"},"image":{"@id":"https:\/\/blogdofarnesio.com.br\/#\/schema\/logo\/image\/"},"sameAs":["https:\/\/www.facebook.com\/BlogQuerSaberPolitica\/"]},{"@type":"Person","@id":"https:\/\/blogdofarnesio.com.br\/#\/schema\/person\/bb9b23ae3ad0609ce8df7b6c9e76824d","name":"Farn\u00e9sio","image":{"@type":"ImageObject","inLanguage":"pt-BR","@id":"https:\/\/secure.gravatar.com\/avatar\/986aa4c61ccdb66f8555bf88fc2a65609d00bcabd4d2d94377a727547345cbca?s=96&d=mm&r=g","url":"https:\/\/secure.gravatar.com\/avatar\/986aa4c61ccdb66f8555bf88fc2a65609d00bcabd4d2d94377a727547345cbca?s=96&d=mm&r=g","contentUrl":"https:\/\/secure.gravatar.com\/avatar\/986aa4c61ccdb66f8555bf88fc2a65609d00bcabd4d2d94377a727547345cbca?s=96&d=mm&r=g","caption":"Farn\u00e9sio"},"description":"Radialista blogueiro, chegou a Petrolina\/Juazeiro em setembro de 1980, Farn\u00e9sio Silva \u00e9 de Arapiraca-Alagoas.","sameAs":["http:\/\/blogdofarnesio.com.br","https:\/\/www.facebook.com\/?ref=tn_tnmn","https:\/\/www.instagram.com\/?utm_source=pwa_homescreen","https:\/\/youtube.com.br\/"],"url":"https:\/\/blogdofarnesio.com.br\/?author=2"}]}},"_links":{"self":[{"href":"https:\/\/blogdofarnesio.com.br\/index.php?rest_route=\/wp\/v2\/posts\/367725","targetHints":{"allow":["GET"]}}],"collection":[{"href":"https:\/\/blogdofarnesio.com.br\/index.php?rest_route=\/wp\/v2\/posts"}],"about":[{"href":"https:\/\/blogdofarnesio.com.br\/index.php?rest_route=\/wp\/v2\/types\/post"}],"author":[{"embeddable":true,"href":"https:\/\/blogdofarnesio.com.br\/index.php?rest_route=\/wp\/v2\/users\/2"}],"replies":[{"embeddable":true,"href":"https:\/\/blogdofarnesio.com.br\/index.php?rest_route=%2Fwp%2Fv2%2Fcomments&post=367725"}],"version-history":[{"count":0,"href":"https:\/\/blogdofarnesio.com.br\/index.php?rest_route=\/wp\/v2\/posts\/367725\/revisions"}],"wp:featuredmedia":[{"embeddable":true,"href":"https:\/\/blogdofarnesio.com.br\/index.php?rest_route=\/wp\/v2\/media\/367726"}],"wp:attachment":[{"href":"https:\/\/blogdofarnesio.com.br\/index.php?rest_route=%2Fwp%2Fv2%2Fmedia&parent=367725"}],"wp:term":[{"taxonomy":"category","embeddable":true,"href":"https:\/\/blogdofarnesio.com.br\/index.php?rest_route=%2Fwp%2Fv2%2Fcategories&post=367725"},{"taxonomy":"post_tag","embeddable":true,"href":"https:\/\/blogdofarnesio.com.br\/index.php?rest_route=%2Fwp%2Fv2%2Ftags&post=367725"}],"curies":[{"name":"wp","href":"https:\/\/api.w.org\/{rel}","templated":true}]}}