{"id":367646,"date":"2024-05-03T15:43:36","date_gmt":"2024-05-03T18:43:36","guid":{"rendered":"https:\/\/blogdofarnesio.com.br\/?p=367646"},"modified":"2024-05-03T13:53:50","modified_gmt":"2024-05-03T16:53:50","slug":"bora-petrolina-moradores-do-dom-avelar-irao-receber-servicos-do-social","status":"publish","type":"post","link":"https:\/\/blogdofarnesio.com.br\/?p=367646","title":{"rendered":"Bora Petrolina: Moradores do Dom Avelar ir\u00e3o receber servi\u00e7os do Social"},"content":{"rendered":"<p>A Prefeitura de Petrolina ir\u00e1 promover, neste s\u00e1bado (04), a 9\u00aa edi\u00e7\u00e3o do \u2018Bora Petrolina\u2019, um programa da gest\u00e3o municipal que tem como objetivo aproximar as pol\u00edticas p\u00fablicas de todos os petrolinenses. O mutir\u00e3o de servi\u00e7os vai ser realizado no bairro Dom Avelar e ir\u00e1 atender, tamb\u00e9m, as comunidades Santa Luzia, S\u00e3o Joaquim, S\u00e3o Jorge, Mandacaru, Top\u00e1zio, Terras do Sul, Vila D\u00e9bora, Padre C\u00edcero 1 e 2 e Vila Rotary. As atividades ser\u00e3o ofertadas das 8h \u00e0s 13h, na Escola Municipal Santa Terezinha.<\/p>\n<p>Entre os servi\u00e7os disponibilizados pela Secretaria de Desenvolvimento Social e Direitos Humanos, a popula\u00e7\u00e3o ter\u00e1 acesso ao agendamento do Cadastro \u00danico, solicita\u00e7\u00e3o da carteirinha de passe livre interestadual do idoso; emiss\u00e3o da carteirinha de identifica\u00e7\u00e3o para pessoas com autismo; cart\u00e3o de prioridade para pessoas com fibromialgia, entre outros.<\/p>\n<p>Por conta da indisponibilidade do sistema do Governo Federal, n\u00e3o haver\u00e1 atendimento do Cadastro \u00danico, por\u00e9m a equipe estar\u00e1 no local para fazer agendamento para que as pessoas possam ser atendidas durante a semana na Central do Cadastro \u00danico.<\/p>\n<p>Para emiss\u00e3o da carteirinha de identifica\u00e7\u00e3o para pessoas autistas e o cart\u00e3o de prioridade para pessoas com fibromialgia, \u00e9 preciso apresentar a documenta\u00e7\u00e3o (original e c\u00f3pia): RG, CPF, comprovante de resid\u00eancia da cidade de Petrolina, uma foto 3&#215;4 e laudo m\u00e9dico com o CID.<\/p>\n<p>Para solicitar a carteirinha do passe livre interestadual para idosos, \u00e9 necess\u00e1rio ter idade igual ou superior a 60 anos e apresentar os seguintes documentos (originais e c\u00f3pias): RG, CPF, comprovante de resid\u00eancia de Petrolina (atualizado) e a senha do INSS (<a href=\"http:\/\/gov.com\/\" target=\"_blank\" rel=\"noopener\" data-saferedirecturl=\"https:\/\/www.google.com\/url?q=http:\/\/gov.com&amp;source=gmail&amp;ust=1714674100449000&amp;usg=AOvVaw0wotG72GUUzcTDwEBKpevj\">gov.com<\/a>). Tamb\u00e9m \u00e9 preciso ter renda individual de no m\u00e1ximo 2 sal\u00e1rios m\u00ednimos.<\/p>\n<p>&nbsp;<\/p>\n","protected":false},"excerpt":{"rendered":"<p>A Prefeitura de Petrolina ir\u00e1 promover, neste s\u00e1bado (04), a 9\u00aa edi\u00e7\u00e3o do \u2018Bora Petrolina\u2019, um programa da gest\u00e3o municipal que tem como objetivo aproximar as pol\u00edticas p\u00fablicas de todos os petrolinenses. O mutir\u00e3o de servi\u00e7os vai ser realizado no bairro Dom Avelar e ir\u00e1 atender, tamb\u00e9m, as comunidades Santa Luzia, S\u00e3o Joaquim, S\u00e3o Jorge, Mandacaru, Top\u00e1zio, Terras do Sul, Vila D\u00e9bora, Padre C\u00edcero 1 e 2 e Vila Rotary. As atividades ser\u00e3o ofertadas das 8h \u00e0s 13h, na Escola Municipal Santa Terezinha. Entre os servi\u00e7os disponibilizados pela Secretaria de Desenvolvimento Social e Direitos Humanos, a popula\u00e7\u00e3o ter\u00e1 acesso ao agendamento do Cadastro \u00danico, solicita\u00e7\u00e3o da carteirinha de passe livre interestadual do idoso; emiss\u00e3o da carteirinha de identifica\u00e7\u00e3o para pessoas&hellip; <\/p>\n","protected":false},"author":2,"featured_media":212279,"comment_status":"open","ping_status":"open","sticky":false,"template":"","format":"standard","meta":{"_acf_changed":false,"footnotes":""},"categories":[43],"tags":[],"class_list":["post-367646","post","type-post","status-publish","format-standard","has-post-thumbnail","hentry","category-sem-categoria"],"acf":[],"yoast_head":"<!-- This site is optimized with the Yoast SEO plugin v27.4 - https:\/\/yoast.com\/product\/yoast-seo-wordpress\/ -->\n<title>Bora Petrolina: Moradores do Dom Avelar ir\u00e3o receber servi\u00e7os do Social - Blog do Farn\u00e9sio<\/title>\n<meta name=\"robots\" content=\"index, follow, max-snippet:-1, max-image-preview:large, max-video-preview:-1\" \/>\n<link rel=\"canonical\" href=\"https:\/\/blogdofarnesio.com.br\/?p=367646\" \/>\n<meta property=\"og:locale\" content=\"pt_BR\" \/>\n<meta property=\"og:type\" content=\"article\" \/>\n<meta property=\"og:title\" content=\"Bora Petrolina: Moradores do Dom Avelar ir\u00e3o receber servi\u00e7os do Social - Blog do Farn\u00e9sio\" \/>\n<meta property=\"og:description\" content=\"A Prefeitura de Petrolina ir\u00e1 promover, neste s\u00e1bado (04), a 9\u00aa edi\u00e7\u00e3o do \u2018Bora Petrolina\u2019, um programa da gest\u00e3o municipal que tem como objetivo aproximar as pol\u00edticas p\u00fablicas de todos os petrolinenses. O mutir\u00e3o de servi\u00e7os vai ser realizado no bairro Dom Avelar e ir\u00e1 atender, tamb\u00e9m, as comunidades Santa Luzia, S\u00e3o Joaquim, S\u00e3o Jorge, Mandacaru, Top\u00e1zio, Terras do Sul, Vila D\u00e9bora, Padre C\u00edcero 1 e 2 e Vila Rotary. As atividades ser\u00e3o ofertadas das 8h \u00e0s 13h, na Escola Municipal Santa Terezinha. Entre os servi\u00e7os disponibilizados pela Secretaria de Desenvolvimento Social e Direitos Humanos, a popula\u00e7\u00e3o ter\u00e1 acesso ao agendamento do Cadastro \u00danico, solicita\u00e7\u00e3o da carteirinha de passe livre interestadual do idoso; emiss\u00e3o da carteirinha de identifica\u00e7\u00e3o para pessoas&hellip;\" \/>\n<meta property=\"og:url\" content=\"https:\/\/blogdofarnesio.com.br\/?p=367646\" \/>\n<meta property=\"og:site_name\" content=\"Blog do Farn\u00e9sio\" \/>\n<meta property=\"article:publisher\" content=\"https:\/\/www.facebook.com\/BlogQuerSaberPolitica\/\" \/>\n<meta property=\"article:author\" content=\"https:\/\/www.facebook.com\/?ref=tn_tnmn\" \/>\n<meta property=\"article:published_time\" content=\"2024-05-03T18:43:36+00:00\" \/>\n<meta property=\"og:image\" content=\"https:\/\/blogdofarnesio.com.br\/wp-content\/uploads\/2018\/10\/blogqsp-Caravana-Dom-Avelar-I-1.jpg\" \/>\n\t<meta property=\"og:image:width\" content=\"640\" \/>\n\t<meta property=\"og:image:height\" content=\"427\" \/>\n\t<meta property=\"og:image:type\" content=\"image\/jpeg\" \/>\n<meta name=\"author\" content=\"Farn\u00e9sio\" \/>\n<meta name=\"twitter:card\" content=\"summary_large_image\" \/>\n<meta name=\"twitter:label1\" content=\"Escrito por\" \/>\n\t<meta name=\"twitter:data1\" content=\"Farn\u00e9sio\" \/>\n\t<meta name=\"twitter:label2\" content=\"Est. tempo de leitura\" \/>\n\t<meta name=\"twitter:data2\" content=\"2 minutos\" \/>\n<script type=\"application\/ld+json\" class=\"yoast-schema-graph\">{\"@context\":\"https:\\\/\\\/schema.org\",\"@graph\":[{\"@type\":\"Article\",\"@id\":\"https:\\\/\\\/blogdofarnesio.com.br\\\/?p=367646#article\",\"isPartOf\":{\"@id\":\"https:\\\/\\\/blogdofarnesio.com.br\\\/?p=367646\"},\"author\":{\"name\":\"Farn\u00e9sio\",\"@id\":\"https:\\\/\\\/blogdofarnesio.com.br\\\/#\\\/schema\\\/person\\\/bb9b23ae3ad0609ce8df7b6c9e76824d\"},\"headline\":\"Bora Petrolina: Moradores do Dom Avelar ir\u00e3o receber servi\u00e7os do Social\",\"datePublished\":\"2024-05-03T18:43:36+00:00\",\"mainEntityOfPage\":{\"@id\":\"https:\\\/\\\/blogdofarnesio.com.br\\\/?p=367646\"},\"wordCount\":310,\"commentCount\":0,\"publisher\":{\"@id\":\"https:\\\/\\\/blogdofarnesio.com.br\\\/#organization\"},\"image\":{\"@id\":\"https:\\\/\\\/blogdofarnesio.com.br\\\/?p=367646#primaryimage\"},\"thumbnailUrl\":\"https:\\\/\\\/blogdofarnesio.com.br\\\/wp-content\\\/uploads\\\/2018\\\/10\\\/blogqsp-Caravana-Dom-Avelar-I-1.jpg\",\"inLanguage\":\"pt-BR\",\"potentialAction\":[{\"@type\":\"CommentAction\",\"name\":\"Comment\",\"target\":[\"https:\\\/\\\/blogdofarnesio.com.br\\\/?p=367646#respond\"]}]},{\"@type\":\"WebPage\",\"@id\":\"https:\\\/\\\/blogdofarnesio.com.br\\\/?p=367646\",\"url\":\"https:\\\/\\\/blogdofarnesio.com.br\\\/?p=367646\",\"name\":\"Bora Petrolina: Moradores do Dom Avelar ir\u00e3o receber servi\u00e7os do Social - Blog do Farn\u00e9sio\",\"isPartOf\":{\"@id\":\"https:\\\/\\\/blogdofarnesio.com.br\\\/#website\"},\"primaryImageOfPage\":{\"@id\":\"https:\\\/\\\/blogdofarnesio.com.br\\\/?p=367646#primaryimage\"},\"image\":{\"@id\":\"https:\\\/\\\/blogdofarnesio.com.br\\\/?p=367646#primaryimage\"},\"thumbnailUrl\":\"https:\\\/\\\/blogdofarnesio.com.br\\\/wp-content\\\/uploads\\\/2018\\\/10\\\/blogqsp-Caravana-Dom-Avelar-I-1.jpg\",\"datePublished\":\"2024-05-03T18:43:36+00:00\",\"breadcrumb\":{\"@id\":\"https:\\\/\\\/blogdofarnesio.com.br\\\/?p=367646#breadcrumb\"},\"inLanguage\":\"pt-BR\",\"potentialAction\":[{\"@type\":\"ReadAction\",\"target\":[\"https:\\\/\\\/blogdofarnesio.com.br\\\/?p=367646\"]}]},{\"@type\":\"ImageObject\",\"inLanguage\":\"pt-BR\",\"@id\":\"https:\\\/\\\/blogdofarnesio.com.br\\\/?p=367646#primaryimage\",\"url\":\"https:\\\/\\\/blogdofarnesio.com.br\\\/wp-content\\\/uploads\\\/2018\\\/10\\\/blogqsp-Caravana-Dom-Avelar-I-1.jpg\",\"contentUrl\":\"https:\\\/\\\/blogdofarnesio.com.br\\\/wp-content\\\/uploads\\\/2018\\\/10\\\/blogqsp-Caravana-Dom-Avelar-I-1.jpg\",\"width\":640,\"height\":427},{\"@type\":\"BreadcrumbList\",\"@id\":\"https:\\\/\\\/blogdofarnesio.com.br\\\/?p=367646#breadcrumb\",\"itemListElement\":[{\"@type\":\"ListItem\",\"position\":1,\"name\":\"In\u00edcio\",\"item\":\"https:\\\/\\\/blogdofarnesio.com.br\\\/\"},{\"@type\":\"ListItem\",\"position\":2,\"name\":\"Bora Petrolina: Moradores do Dom Avelar ir\u00e3o receber servi\u00e7os do Social\"}]},{\"@type\":\"WebSite\",\"@id\":\"https:\\\/\\\/blogdofarnesio.com.br\\\/#website\",\"url\":\"https:\\\/\\\/blogdofarnesio.com.br\\\/\",\"name\":\"Blog do Farn\u00e9sio\",\"description\":\"Quer Saber Pol\u00edtica?\",\"publisher\":{\"@id\":\"https:\\\/\\\/blogdofarnesio.com.br\\\/#organization\"},\"potentialAction\":[{\"@type\":\"SearchAction\",\"target\":{\"@type\":\"EntryPoint\",\"urlTemplate\":\"https:\\\/\\\/blogdofarnesio.com.br\\\/?s={search_term_string}\"},\"query-input\":{\"@type\":\"PropertyValueSpecification\",\"valueRequired\":true,\"valueName\":\"search_term_string\"}}],\"inLanguage\":\"pt-BR\"},{\"@type\":\"Organization\",\"@id\":\"https:\\\/\\\/blogdofarnesio.com.br\\\/#organization\",\"name\":\"Blog do Farn\u00e9sio\",\"url\":\"https:\\\/\\\/blogdofarnesio.com.br\\\/\",\"logo\":{\"@type\":\"ImageObject\",\"inLanguage\":\"pt-BR\",\"@id\":\"https:\\\/\\\/blogdofarnesio.com.br\\\/#\\\/schema\\\/logo\\\/image\\\/\",\"url\":\"https:\\\/\\\/blogdofarnesio.com.br\\\/wp-content\\\/uploads\\\/2026\\\/03\\\/cropped-logo_new-1.png\",\"contentUrl\":\"https:\\\/\\\/blogdofarnesio.com.br\\\/wp-content\\\/uploads\\\/2026\\\/03\\\/cropped-logo_new-1.png\",\"width\":881,\"height\":685,\"caption\":\"Blog do Farn\u00e9sio\"},\"image\":{\"@id\":\"https:\\\/\\\/blogdofarnesio.com.br\\\/#\\\/schema\\\/logo\\\/image\\\/\"},\"sameAs\":[\"https:\\\/\\\/www.facebook.com\\\/BlogQuerSaberPolitica\\\/\"]},{\"@type\":\"Person\",\"@id\":\"https:\\\/\\\/blogdofarnesio.com.br\\\/#\\\/schema\\\/person\\\/bb9b23ae3ad0609ce8df7b6c9e76824d\",\"name\":\"Farn\u00e9sio\",\"image\":{\"@type\":\"ImageObject\",\"inLanguage\":\"pt-BR\",\"@id\":\"https:\\\/\\\/secure.gravatar.com\\\/avatar\\\/986aa4c61ccdb66f8555bf88fc2a65609d00bcabd4d2d94377a727547345cbca?s=96&d=mm&r=g\",\"url\":\"https:\\\/\\\/secure.gravatar.com\\\/avatar\\\/986aa4c61ccdb66f8555bf88fc2a65609d00bcabd4d2d94377a727547345cbca?s=96&d=mm&r=g\",\"contentUrl\":\"https:\\\/\\\/secure.gravatar.com\\\/avatar\\\/986aa4c61ccdb66f8555bf88fc2a65609d00bcabd4d2d94377a727547345cbca?s=96&d=mm&r=g\",\"caption\":\"Farn\u00e9sio\"},\"description\":\"Radialista blogueiro, chegou a Petrolina\\\/Juazeiro em setembro de 1980, Farn\u00e9sio Silva \u00e9 de Arapiraca-Alagoas.\",\"sameAs\":[\"http:\\\/\\\/blogdofarnesio.com.br\",\"https:\\\/\\\/www.facebook.com\\\/?ref=tn_tnmn\",\"https:\\\/\\\/www.instagram.com\\\/?utm_source=pwa_homescreen\",\"https:\\\/\\\/youtube.com.br\\\/\"],\"url\":\"https:\\\/\\\/blogdofarnesio.com.br\\\/?author=2\"}]}<\/script>\n<!-- \/ Yoast SEO plugin. -->","yoast_head_json":{"title":"Bora Petrolina: Moradores do Dom Avelar ir\u00e3o receber servi\u00e7os do Social - Blog do Farn\u00e9sio","robots":{"index":"index","follow":"follow","max-snippet":"max-snippet:-1","max-image-preview":"max-image-preview:large","max-video-preview":"max-video-preview:-1"},"canonical":"https:\/\/blogdofarnesio.com.br\/?p=367646","og_locale":"pt_BR","og_type":"article","og_title":"Bora Petrolina: Moradores do Dom Avelar ir\u00e3o receber servi\u00e7os do Social - Blog do Farn\u00e9sio","og_description":"A Prefeitura de Petrolina ir\u00e1 promover, neste s\u00e1bado (04), a 9\u00aa edi\u00e7\u00e3o do \u2018Bora Petrolina\u2019, um programa da gest\u00e3o municipal que tem como objetivo aproximar as pol\u00edticas p\u00fablicas de todos os petrolinenses. O mutir\u00e3o de servi\u00e7os vai ser realizado no bairro Dom Avelar e ir\u00e1 atender, tamb\u00e9m, as comunidades Santa Luzia, S\u00e3o Joaquim, S\u00e3o Jorge, Mandacaru, Top\u00e1zio, Terras do Sul, Vila D\u00e9bora, Padre C\u00edcero 1 e 2 e Vila Rotary. As atividades ser\u00e3o ofertadas das 8h \u00e0s 13h, na Escola Municipal Santa Terezinha. Entre os servi\u00e7os disponibilizados pela Secretaria de Desenvolvimento Social e Direitos Humanos, a popula\u00e7\u00e3o ter\u00e1 acesso ao agendamento do Cadastro \u00danico, solicita\u00e7\u00e3o da carteirinha de passe livre interestadual do idoso; emiss\u00e3o da carteirinha de identifica\u00e7\u00e3o para pessoas&hellip;","og_url":"https:\/\/blogdofarnesio.com.br\/?p=367646","og_site_name":"Blog do Farn\u00e9sio","article_publisher":"https:\/\/www.facebook.com\/BlogQuerSaberPolitica\/","article_author":"https:\/\/www.facebook.com\/?ref=tn_tnmn","article_published_time":"2024-05-03T18:43:36+00:00","og_image":[{"width":640,"height":427,"url":"https:\/\/blogdofarnesio.com.br\/wp-content\/uploads\/2018\/10\/blogqsp-Caravana-Dom-Avelar-I-1.jpg","type":"image\/jpeg"}],"author":"Farn\u00e9sio","twitter_card":"summary_large_image","twitter_misc":{"Escrito por":"Farn\u00e9sio","Est. tempo de leitura":"2 minutos"},"schema":{"@context":"https:\/\/schema.org","@graph":[{"@type":"Article","@id":"https:\/\/blogdofarnesio.com.br\/?p=367646#article","isPartOf":{"@id":"https:\/\/blogdofarnesio.com.br\/?p=367646"},"author":{"name":"Farn\u00e9sio","@id":"https:\/\/blogdofarnesio.com.br\/#\/schema\/person\/bb9b23ae3ad0609ce8df7b6c9e76824d"},"headline":"Bora Petrolina: Moradores do Dom Avelar ir\u00e3o receber servi\u00e7os do Social","datePublished":"2024-05-03T18:43:36+00:00","mainEntityOfPage":{"@id":"https:\/\/blogdofarnesio.com.br\/?p=367646"},"wordCount":310,"commentCount":0,"publisher":{"@id":"https:\/\/blogdofarnesio.com.br\/#organization"},"image":{"@id":"https:\/\/blogdofarnesio.com.br\/?p=367646#primaryimage"},"thumbnailUrl":"https:\/\/blogdofarnesio.com.br\/wp-content\/uploads\/2018\/10\/blogqsp-Caravana-Dom-Avelar-I-1.jpg","inLanguage":"pt-BR","potentialAction":[{"@type":"CommentAction","name":"Comment","target":["https:\/\/blogdofarnesio.com.br\/?p=367646#respond"]}]},{"@type":"WebPage","@id":"https:\/\/blogdofarnesio.com.br\/?p=367646","url":"https:\/\/blogdofarnesio.com.br\/?p=367646","name":"Bora Petrolina: Moradores do Dom Avelar ir\u00e3o receber servi\u00e7os do Social - Blog do Farn\u00e9sio","isPartOf":{"@id":"https:\/\/blogdofarnesio.com.br\/#website"},"primaryImageOfPage":{"@id":"https:\/\/blogdofarnesio.com.br\/?p=367646#primaryimage"},"image":{"@id":"https:\/\/blogdofarnesio.com.br\/?p=367646#primaryimage"},"thumbnailUrl":"https:\/\/blogdofarnesio.com.br\/wp-content\/uploads\/2018\/10\/blogqsp-Caravana-Dom-Avelar-I-1.jpg","datePublished":"2024-05-03T18:43:36+00:00","breadcrumb":{"@id":"https:\/\/blogdofarnesio.com.br\/?p=367646#breadcrumb"},"inLanguage":"pt-BR","potentialAction":[{"@type":"ReadAction","target":["https:\/\/blogdofarnesio.com.br\/?p=367646"]}]},{"@type":"ImageObject","inLanguage":"pt-BR","@id":"https:\/\/blogdofarnesio.com.br\/?p=367646#primaryimage","url":"https:\/\/blogdofarnesio.com.br\/wp-content\/uploads\/2018\/10\/blogqsp-Caravana-Dom-Avelar-I-1.jpg","contentUrl":"https:\/\/blogdofarnesio.com.br\/wp-content\/uploads\/2018\/10\/blogqsp-Caravana-Dom-Avelar-I-1.jpg","width":640,"height":427},{"@type":"BreadcrumbList","@id":"https:\/\/blogdofarnesio.com.br\/?p=367646#breadcrumb","itemListElement":[{"@type":"ListItem","position":1,"name":"In\u00edcio","item":"https:\/\/blogdofarnesio.com.br\/"},{"@type":"ListItem","position":2,"name":"Bora Petrolina: Moradores do Dom Avelar ir\u00e3o receber servi\u00e7os do Social"}]},{"@type":"WebSite","@id":"https:\/\/blogdofarnesio.com.br\/#website","url":"https:\/\/blogdofarnesio.com.br\/","name":"Blog do Farn\u00e9sio","description":"Quer Saber Pol\u00edtica?","publisher":{"@id":"https:\/\/blogdofarnesio.com.br\/#organization"},"potentialAction":[{"@type":"SearchAction","target":{"@type":"EntryPoint","urlTemplate":"https:\/\/blogdofarnesio.com.br\/?s={search_term_string}"},"query-input":{"@type":"PropertyValueSpecification","valueRequired":true,"valueName":"search_term_string"}}],"inLanguage":"pt-BR"},{"@type":"Organization","@id":"https:\/\/blogdofarnesio.com.br\/#organization","name":"Blog do Farn\u00e9sio","url":"https:\/\/blogdofarnesio.com.br\/","logo":{"@type":"ImageObject","inLanguage":"pt-BR","@id":"https:\/\/blogdofarnesio.com.br\/#\/schema\/logo\/image\/","url":"https:\/\/blogdofarnesio.com.br\/wp-content\/uploads\/2026\/03\/cropped-logo_new-1.png","contentUrl":"https:\/\/blogdofarnesio.com.br\/wp-content\/uploads\/2026\/03\/cropped-logo_new-1.png","width":881,"height":685,"caption":"Blog do Farn\u00e9sio"},"image":{"@id":"https:\/\/blogdofarnesio.com.br\/#\/schema\/logo\/image\/"},"sameAs":["https:\/\/www.facebook.com\/BlogQuerSaberPolitica\/"]},{"@type":"Person","@id":"https:\/\/blogdofarnesio.com.br\/#\/schema\/person\/bb9b23ae3ad0609ce8df7b6c9e76824d","name":"Farn\u00e9sio","image":{"@type":"ImageObject","inLanguage":"pt-BR","@id":"https:\/\/secure.gravatar.com\/avatar\/986aa4c61ccdb66f8555bf88fc2a65609d00bcabd4d2d94377a727547345cbca?s=96&d=mm&r=g","url":"https:\/\/secure.gravatar.com\/avatar\/986aa4c61ccdb66f8555bf88fc2a65609d00bcabd4d2d94377a727547345cbca?s=96&d=mm&r=g","contentUrl":"https:\/\/secure.gravatar.com\/avatar\/986aa4c61ccdb66f8555bf88fc2a65609d00bcabd4d2d94377a727547345cbca?s=96&d=mm&r=g","caption":"Farn\u00e9sio"},"description":"Radialista blogueiro, chegou a Petrolina\/Juazeiro em setembro de 1980, Farn\u00e9sio Silva \u00e9 de Arapiraca-Alagoas.","sameAs":["http:\/\/blogdofarnesio.com.br","https:\/\/www.facebook.com\/?ref=tn_tnmn","https:\/\/www.instagram.com\/?utm_source=pwa_homescreen","https:\/\/youtube.com.br\/"],"url":"https:\/\/blogdofarnesio.com.br\/?author=2"}]}},"_links":{"self":[{"href":"https:\/\/blogdofarnesio.com.br\/index.php?rest_route=\/wp\/v2\/posts\/367646","targetHints":{"allow":["GET"]}}],"collection":[{"href":"https:\/\/blogdofarnesio.com.br\/index.php?rest_route=\/wp\/v2\/posts"}],"about":[{"href":"https:\/\/blogdofarnesio.com.br\/index.php?rest_route=\/wp\/v2\/types\/post"}],"author":[{"embeddable":true,"href":"https:\/\/blogdofarnesio.com.br\/index.php?rest_route=\/wp\/v2\/users\/2"}],"replies":[{"embeddable":true,"href":"https:\/\/blogdofarnesio.com.br\/index.php?rest_route=%2Fwp%2Fv2%2Fcomments&post=367646"}],"version-history":[{"count":0,"href":"https:\/\/blogdofarnesio.com.br\/index.php?rest_route=\/wp\/v2\/posts\/367646\/revisions"}],"wp:featuredmedia":[{"embeddable":true,"href":"https:\/\/blogdofarnesio.com.br\/index.php?rest_route=\/wp\/v2\/media\/212279"}],"wp:attachment":[{"href":"https:\/\/blogdofarnesio.com.br\/index.php?rest_route=%2Fwp%2Fv2%2Fmedia&parent=367646"}],"wp:term":[{"taxonomy":"category","embeddable":true,"href":"https:\/\/blogdofarnesio.com.br\/index.php?rest_route=%2Fwp%2Fv2%2Fcategories&post=367646"},{"taxonomy":"post_tag","embeddable":true,"href":"https:\/\/blogdofarnesio.com.br\/index.php?rest_route=%2Fwp%2Fv2%2Ftags&post=367646"}],"curies":[{"name":"wp","href":"https:\/\/api.w.org\/{rel}","templated":true}]}}