{"id":367583,"date":"2024-05-01T10:30:08","date_gmt":"2024-05-01T13:30:08","guid":{"rendered":"https:\/\/blogdofarnesio.com.br\/?p=367583"},"modified":"2024-05-01T08:54:16","modified_gmt":"2024-05-01T11:54:16","slug":"encceja-2024-esta-com-inscricoes-abertas-veja-como-fazer","status":"publish","type":"post","link":"https:\/\/blogdofarnesio.com.br\/?p=367583","title":{"rendered":"Encceja 2024 est\u00e1 com inscri\u00e7\u00f5es abertas; veja como fazer"},"content":{"rendered":"<p>As inscri\u00e7\u00f5es para o Exame Nacional para Certifica\u00e7\u00e3o de Compet\u00eancias de Jovens e Adultos (Encceja) 2024 foram abertas nesta segunda-feira (29). A entidade respons\u00e1vel pela prova \u00e9 o Instituto Nacional de Estudos e Pesquisas Educacionais An\u00edsio Teixeira (Inep).<\/p>\n<p>Os candidatos t\u00eam at\u00e9 as 23h59 do dia 10 de maio para realizar a inscri\u00e7\u00e3o, pelo site do exame. A aplica\u00e7\u00e3o da prova ser\u00e1 no dia 25 de agosto e ocorrer\u00e1 em todos os estados e no Distrito Federal.<\/p>\n<p>Durante o per\u00edodo de inscri\u00e7\u00e3o tamb\u00e9m poder\u00e3o ser feitas as solicita\u00e7\u00f5es de atendimento especializado e tratamento pelo nome social.<\/p>\n<p>O atendimento especializado \u00e9 ofertado para estudantes com baixa vis\u00e3o, cegueira, vis\u00e3o monocular, defici\u00eancia f\u00edsica, defici\u00eancia auditiva, surdez, defici\u00eancia intelectual (mental), surdocegueira, dislexia, d\u00e9ficit de aten\u00e7\u00e3o, transtorno do espectro autista e discalculia. Gestantes, lactantes, idosos ou pessoas com outras condi\u00e7\u00f5es espec\u00edficas tamb\u00e9m podem ser contemplados.<\/p>\n<p>Veja concursos e sele\u00e7\u00f5es com inscri\u00e7\u00f5es abertas no Cear\u00e1 nesta segunda-feira (29)<\/p>\n<p>Morre An\u00edbal Arruda, ex-professor da UFC, pai do deputado Romeu Aldigueri e do prefeito de Granja<\/p>\n<p>ABSTEN\u00c7\u00d5ES ENCCEJA 2023<\/p>\n<p>Os participantes que faltaram \u00e0s provas do Encceja 2023 tiveram de 25 de mar\u00e7o a 5 de abril para justificarem a aus\u00eancia, requisito obrigat\u00f3rio para aqueles com inten\u00e7\u00e3o de se inscrever gratuitamente na edi\u00e7\u00e3o deste ano.<\/p>\n<p>Quem n\u00e3o tiver justificado sua aus\u00eancia ou tiver a solicita\u00e7\u00e3o de justificativa reprovada dever\u00e1 ressarcir ao Inep o valor de R$ 40. O pagamento deve ser feito por meio de boleto, que ser\u00e1 gerado no sistema de inscri\u00e7\u00e3o e poder\u00e1 ser pago em qualquer banco ou casa lot\u00e9rica.<\/p>\n<p>O QUE \u00c9 O ENCCEJA?<\/p>\n<p>O Encceja \u00e9 uma prova do Governo Federal que avalia as compet\u00eancias, as habilidades e os saberes de jovens e adultos que n\u00e3o conclu\u00edram o ensino fundamental ou o ensino m\u00e9dio na idade adequada.<\/p>\n<p>Para quem parou de estudar, o Encceja serve para:<\/p>\n<p>Obter o certificado de conclus\u00e3o do ensino fundamental;<br \/>\nObter o certificado de conclus\u00e3o do ensino m\u00e9dio.<br \/>\n\u00c9 poss\u00edvel obter o certificado de uma s\u00f3 vez, caso alcance a nota m\u00ednima nas quatro \u00e1reas do conhecimento avaliadas e na reda\u00e7\u00e3o na mesma edi\u00e7\u00e3o do Encceja. Quem n\u00e3o alcan\u00e7a a nota em todas as \u00e1reas pode solicitar a declara\u00e7\u00e3o parcial de profici\u00eancia. Quando todas forem conquistadas \u00e9 poss\u00edvel obter o certificado.<\/p>\n<p>O Exame \u00e9 aplicado pelo Inep, mas a emiss\u00e3o do certificado e da declara\u00e7\u00e3o parcial de profici\u00eancia \u00e9 responsabilidade das Secretarias Estaduais de Educa\u00e7\u00e3o e Institutos Federais de Educa\u00e7\u00e3o, Ci\u00eancia e Tecnologia, que firmam Termo de Ades\u00e3o ao Encceja<\/p>\n","protected":false},"excerpt":{"rendered":"<p>As inscri\u00e7\u00f5es para o Exame Nacional para Certifica\u00e7\u00e3o de Compet\u00eancias de Jovens e Adultos (Encceja) 2024 foram abertas nesta segunda-feira (29). A entidade respons\u00e1vel pela prova \u00e9 o Instituto Nacional de Estudos e Pesquisas Educacionais An\u00edsio Teixeira (Inep). Os candidatos t\u00eam at\u00e9 as 23h59 do dia 10 de maio para realizar a inscri\u00e7\u00e3o, pelo site do exame. A aplica\u00e7\u00e3o da prova ser\u00e1 no dia 25 de agosto e ocorrer\u00e1 em todos os estados e no Distrito Federal. Durante o per\u00edodo de inscri\u00e7\u00e3o tamb\u00e9m poder\u00e3o ser feitas as solicita\u00e7\u00f5es de atendimento especializado e tratamento pelo nome social. O atendimento especializado \u00e9 ofertado para estudantes com baixa vis\u00e3o, cegueira, vis\u00e3o monocular, defici\u00eancia f\u00edsica, defici\u00eancia auditiva, surdez, defici\u00eancia intelectual (mental), surdocegueira, dislexia, d\u00e9ficit&hellip; <\/p>\n","protected":false},"author":2,"featured_media":345485,"comment_status":"open","ping_status":"open","sticky":false,"template":"","format":"standard","meta":{"_acf_changed":false,"footnotes":""},"categories":[6],"tags":[],"class_list":["post-367583","post","type-post","status-publish","format-standard","has-post-thumbnail","hentry","category-educacao"],"acf":[],"yoast_head":"<!-- This site is optimized with the Yoast SEO plugin v27.4 - https:\/\/yoast.com\/product\/yoast-seo-wordpress\/ -->\n<title>Encceja 2024 est\u00e1 com inscri\u00e7\u00f5es abertas; veja como fazer - Blog do Farn\u00e9sio<\/title>\n<meta name=\"robots\" content=\"index, follow, max-snippet:-1, max-image-preview:large, max-video-preview:-1\" \/>\n<link rel=\"canonical\" href=\"https:\/\/blogdofarnesio.com.br\/?p=367583\" \/>\n<meta property=\"og:locale\" content=\"pt_BR\" \/>\n<meta property=\"og:type\" content=\"article\" \/>\n<meta property=\"og:title\" content=\"Encceja 2024 est\u00e1 com inscri\u00e7\u00f5es abertas; veja como fazer - Blog do Farn\u00e9sio\" \/>\n<meta property=\"og:description\" content=\"As inscri\u00e7\u00f5es para o Exame Nacional para Certifica\u00e7\u00e3o de Compet\u00eancias de Jovens e Adultos (Encceja) 2024 foram abertas nesta segunda-feira (29). A entidade respons\u00e1vel pela prova \u00e9 o Instituto Nacional de Estudos e Pesquisas Educacionais An\u00edsio Teixeira (Inep). Os candidatos t\u00eam at\u00e9 as 23h59 do dia 10 de maio para realizar a inscri\u00e7\u00e3o, pelo site do exame. A aplica\u00e7\u00e3o da prova ser\u00e1 no dia 25 de agosto e ocorrer\u00e1 em todos os estados e no Distrito Federal. Durante o per\u00edodo de inscri\u00e7\u00e3o tamb\u00e9m poder\u00e3o ser feitas as solicita\u00e7\u00f5es de atendimento especializado e tratamento pelo nome social. O atendimento especializado \u00e9 ofertado para estudantes com baixa vis\u00e3o, cegueira, vis\u00e3o monocular, defici\u00eancia f\u00edsica, defici\u00eancia auditiva, surdez, defici\u00eancia intelectual (mental), surdocegueira, dislexia, d\u00e9ficit&hellip;\" \/>\n<meta property=\"og:url\" content=\"https:\/\/blogdofarnesio.com.br\/?p=367583\" \/>\n<meta property=\"og:site_name\" content=\"Blog do Farn\u00e9sio\" \/>\n<meta property=\"article:publisher\" content=\"https:\/\/www.facebook.com\/BlogQuerSaberPolitica\/\" \/>\n<meta property=\"article:author\" content=\"https:\/\/www.facebook.com\/?ref=tn_tnmn\" \/>\n<meta property=\"article:published_time\" content=\"2024-05-01T13:30:08+00:00\" \/>\n<meta property=\"og:image\" content=\"https:\/\/blogdofarnesio.com.br\/wp-content\/uploads\/2023\/07\/blogqspenceja-e1715340269358.png\" \/>\n\t<meta property=\"og:image:width\" content=\"656\" \/>\n\t<meta property=\"og:image:height\" content=\"199\" \/>\n\t<meta property=\"og:image:type\" content=\"image\/png\" \/>\n<meta name=\"author\" content=\"Farn\u00e9sio\" \/>\n<meta name=\"twitter:card\" content=\"summary_large_image\" \/>\n<meta name=\"twitter:label1\" content=\"Escrito por\" \/>\n\t<meta name=\"twitter:data1\" content=\"Farn\u00e9sio\" \/>\n\t<meta name=\"twitter:label2\" content=\"Est. tempo de leitura\" \/>\n\t<meta name=\"twitter:data2\" content=\"3 minutos\" \/>\n<script type=\"application\/ld+json\" class=\"yoast-schema-graph\">{\"@context\":\"https:\\\/\\\/schema.org\",\"@graph\":[{\"@type\":\"Article\",\"@id\":\"https:\\\/\\\/blogdofarnesio.com.br\\\/?p=367583#article\",\"isPartOf\":{\"@id\":\"https:\\\/\\\/blogdofarnesio.com.br\\\/?p=367583\"},\"author\":{\"name\":\"Farn\u00e9sio\",\"@id\":\"https:\\\/\\\/blogdofarnesio.com.br\\\/#\\\/schema\\\/person\\\/bb9b23ae3ad0609ce8df7b6c9e76824d\"},\"headline\":\"Encceja 2024 est\u00e1 com inscri\u00e7\u00f5es abertas; veja como fazer\",\"datePublished\":\"2024-05-01T13:30:08+00:00\",\"mainEntityOfPage\":{\"@id\":\"https:\\\/\\\/blogdofarnesio.com.br\\\/?p=367583\"},\"wordCount\":464,\"commentCount\":0,\"publisher\":{\"@id\":\"https:\\\/\\\/blogdofarnesio.com.br\\\/#organization\"},\"image\":{\"@id\":\"https:\\\/\\\/blogdofarnesio.com.br\\\/?p=367583#primaryimage\"},\"thumbnailUrl\":\"https:\\\/\\\/blogdofarnesio.com.br\\\/wp-content\\\/uploads\\\/2023\\\/07\\\/blogqspenceja-e1715340269358.png\",\"articleSection\":[\"Educa\u00e7\u00e3o\"],\"inLanguage\":\"pt-BR\",\"potentialAction\":[{\"@type\":\"CommentAction\",\"name\":\"Comment\",\"target\":[\"https:\\\/\\\/blogdofarnesio.com.br\\\/?p=367583#respond\"]}]},{\"@type\":\"WebPage\",\"@id\":\"https:\\\/\\\/blogdofarnesio.com.br\\\/?p=367583\",\"url\":\"https:\\\/\\\/blogdofarnesio.com.br\\\/?p=367583\",\"name\":\"Encceja 2024 est\u00e1 com inscri\u00e7\u00f5es abertas; veja como fazer - Blog do Farn\u00e9sio\",\"isPartOf\":{\"@id\":\"https:\\\/\\\/blogdofarnesio.com.br\\\/#website\"},\"primaryImageOfPage\":{\"@id\":\"https:\\\/\\\/blogdofarnesio.com.br\\\/?p=367583#primaryimage\"},\"image\":{\"@id\":\"https:\\\/\\\/blogdofarnesio.com.br\\\/?p=367583#primaryimage\"},\"thumbnailUrl\":\"https:\\\/\\\/blogdofarnesio.com.br\\\/wp-content\\\/uploads\\\/2023\\\/07\\\/blogqspenceja-e1715340269358.png\",\"datePublished\":\"2024-05-01T13:30:08+00:00\",\"breadcrumb\":{\"@id\":\"https:\\\/\\\/blogdofarnesio.com.br\\\/?p=367583#breadcrumb\"},\"inLanguage\":\"pt-BR\",\"potentialAction\":[{\"@type\":\"ReadAction\",\"target\":[\"https:\\\/\\\/blogdofarnesio.com.br\\\/?p=367583\"]}]},{\"@type\":\"ImageObject\",\"inLanguage\":\"pt-BR\",\"@id\":\"https:\\\/\\\/blogdofarnesio.com.br\\\/?p=367583#primaryimage\",\"url\":\"https:\\\/\\\/blogdofarnesio.com.br\\\/wp-content\\\/uploads\\\/2023\\\/07\\\/blogqspenceja-e1715340269358.png\",\"contentUrl\":\"https:\\\/\\\/blogdofarnesio.com.br\\\/wp-content\\\/uploads\\\/2023\\\/07\\\/blogqspenceja-e1715340269358.png\",\"width\":656,\"height\":199},{\"@type\":\"BreadcrumbList\",\"@id\":\"https:\\\/\\\/blogdofarnesio.com.br\\\/?p=367583#breadcrumb\",\"itemListElement\":[{\"@type\":\"ListItem\",\"position\":1,\"name\":\"In\u00edcio\",\"item\":\"https:\\\/\\\/blogdofarnesio.com.br\\\/\"},{\"@type\":\"ListItem\",\"position\":2,\"name\":\"Encceja 2024 est\u00e1 com inscri\u00e7\u00f5es abertas; veja como fazer\"}]},{\"@type\":\"WebSite\",\"@id\":\"https:\\\/\\\/blogdofarnesio.com.br\\\/#website\",\"url\":\"https:\\\/\\\/blogdofarnesio.com.br\\\/\",\"name\":\"Blog do Farn\u00e9sio\",\"description\":\"Quer Saber Pol\u00edtica?\",\"publisher\":{\"@id\":\"https:\\\/\\\/blogdofarnesio.com.br\\\/#organization\"},\"potentialAction\":[{\"@type\":\"SearchAction\",\"target\":{\"@type\":\"EntryPoint\",\"urlTemplate\":\"https:\\\/\\\/blogdofarnesio.com.br\\\/?s={search_term_string}\"},\"query-input\":{\"@type\":\"PropertyValueSpecification\",\"valueRequired\":true,\"valueName\":\"search_term_string\"}}],\"inLanguage\":\"pt-BR\"},{\"@type\":\"Organization\",\"@id\":\"https:\\\/\\\/blogdofarnesio.com.br\\\/#organization\",\"name\":\"Blog do Farn\u00e9sio\",\"url\":\"https:\\\/\\\/blogdofarnesio.com.br\\\/\",\"logo\":{\"@type\":\"ImageObject\",\"inLanguage\":\"pt-BR\",\"@id\":\"https:\\\/\\\/blogdofarnesio.com.br\\\/#\\\/schema\\\/logo\\\/image\\\/\",\"url\":\"https:\\\/\\\/blogdofarnesio.com.br\\\/wp-content\\\/uploads\\\/2026\\\/03\\\/cropped-logo_new-1.png\",\"contentUrl\":\"https:\\\/\\\/blogdofarnesio.com.br\\\/wp-content\\\/uploads\\\/2026\\\/03\\\/cropped-logo_new-1.png\",\"width\":881,\"height\":685,\"caption\":\"Blog do Farn\u00e9sio\"},\"image\":{\"@id\":\"https:\\\/\\\/blogdofarnesio.com.br\\\/#\\\/schema\\\/logo\\\/image\\\/\"},\"sameAs\":[\"https:\\\/\\\/www.facebook.com\\\/BlogQuerSaberPolitica\\\/\"]},{\"@type\":\"Person\",\"@id\":\"https:\\\/\\\/blogdofarnesio.com.br\\\/#\\\/schema\\\/person\\\/bb9b23ae3ad0609ce8df7b6c9e76824d\",\"name\":\"Farn\u00e9sio\",\"image\":{\"@type\":\"ImageObject\",\"inLanguage\":\"pt-BR\",\"@id\":\"https:\\\/\\\/secure.gravatar.com\\\/avatar\\\/986aa4c61ccdb66f8555bf88fc2a65609d00bcabd4d2d94377a727547345cbca?s=96&d=mm&r=g\",\"url\":\"https:\\\/\\\/secure.gravatar.com\\\/avatar\\\/986aa4c61ccdb66f8555bf88fc2a65609d00bcabd4d2d94377a727547345cbca?s=96&d=mm&r=g\",\"contentUrl\":\"https:\\\/\\\/secure.gravatar.com\\\/avatar\\\/986aa4c61ccdb66f8555bf88fc2a65609d00bcabd4d2d94377a727547345cbca?s=96&d=mm&r=g\",\"caption\":\"Farn\u00e9sio\"},\"description\":\"Radialista blogueiro, chegou a Petrolina\\\/Juazeiro em setembro de 1980, Farn\u00e9sio Silva \u00e9 de Arapiraca-Alagoas.\",\"sameAs\":[\"http:\\\/\\\/blogdofarnesio.com.br\",\"https:\\\/\\\/www.facebook.com\\\/?ref=tn_tnmn\",\"https:\\\/\\\/www.instagram.com\\\/?utm_source=pwa_homescreen\",\"https:\\\/\\\/youtube.com.br\\\/\"],\"url\":\"https:\\\/\\\/blogdofarnesio.com.br\\\/?author=2\"}]}<\/script>\n<!-- \/ Yoast SEO plugin. -->","yoast_head_json":{"title":"Encceja 2024 est\u00e1 com inscri\u00e7\u00f5es abertas; veja como fazer - Blog do Farn\u00e9sio","robots":{"index":"index","follow":"follow","max-snippet":"max-snippet:-1","max-image-preview":"max-image-preview:large","max-video-preview":"max-video-preview:-1"},"canonical":"https:\/\/blogdofarnesio.com.br\/?p=367583","og_locale":"pt_BR","og_type":"article","og_title":"Encceja 2024 est\u00e1 com inscri\u00e7\u00f5es abertas; veja como fazer - Blog do Farn\u00e9sio","og_description":"As inscri\u00e7\u00f5es para o Exame Nacional para Certifica\u00e7\u00e3o de Compet\u00eancias de Jovens e Adultos (Encceja) 2024 foram abertas nesta segunda-feira (29). A entidade respons\u00e1vel pela prova \u00e9 o Instituto Nacional de Estudos e Pesquisas Educacionais An\u00edsio Teixeira (Inep). Os candidatos t\u00eam at\u00e9 as 23h59 do dia 10 de maio para realizar a inscri\u00e7\u00e3o, pelo site do exame. A aplica\u00e7\u00e3o da prova ser\u00e1 no dia 25 de agosto e ocorrer\u00e1 em todos os estados e no Distrito Federal. Durante o per\u00edodo de inscri\u00e7\u00e3o tamb\u00e9m poder\u00e3o ser feitas as solicita\u00e7\u00f5es de atendimento especializado e tratamento pelo nome social. O atendimento especializado \u00e9 ofertado para estudantes com baixa vis\u00e3o, cegueira, vis\u00e3o monocular, defici\u00eancia f\u00edsica, defici\u00eancia auditiva, surdez, defici\u00eancia intelectual (mental), surdocegueira, dislexia, d\u00e9ficit&hellip;","og_url":"https:\/\/blogdofarnesio.com.br\/?p=367583","og_site_name":"Blog do Farn\u00e9sio","article_publisher":"https:\/\/www.facebook.com\/BlogQuerSaberPolitica\/","article_author":"https:\/\/www.facebook.com\/?ref=tn_tnmn","article_published_time":"2024-05-01T13:30:08+00:00","og_image":[{"width":656,"height":199,"url":"https:\/\/blogdofarnesio.com.br\/wp-content\/uploads\/2023\/07\/blogqspenceja-e1715340269358.png","type":"image\/png"}],"author":"Farn\u00e9sio","twitter_card":"summary_large_image","twitter_misc":{"Escrito por":"Farn\u00e9sio","Est. tempo de leitura":"3 minutos"},"schema":{"@context":"https:\/\/schema.org","@graph":[{"@type":"Article","@id":"https:\/\/blogdofarnesio.com.br\/?p=367583#article","isPartOf":{"@id":"https:\/\/blogdofarnesio.com.br\/?p=367583"},"author":{"name":"Farn\u00e9sio","@id":"https:\/\/blogdofarnesio.com.br\/#\/schema\/person\/bb9b23ae3ad0609ce8df7b6c9e76824d"},"headline":"Encceja 2024 est\u00e1 com inscri\u00e7\u00f5es abertas; veja como fazer","datePublished":"2024-05-01T13:30:08+00:00","mainEntityOfPage":{"@id":"https:\/\/blogdofarnesio.com.br\/?p=367583"},"wordCount":464,"commentCount":0,"publisher":{"@id":"https:\/\/blogdofarnesio.com.br\/#organization"},"image":{"@id":"https:\/\/blogdofarnesio.com.br\/?p=367583#primaryimage"},"thumbnailUrl":"https:\/\/blogdofarnesio.com.br\/wp-content\/uploads\/2023\/07\/blogqspenceja-e1715340269358.png","articleSection":["Educa\u00e7\u00e3o"],"inLanguage":"pt-BR","potentialAction":[{"@type":"CommentAction","name":"Comment","target":["https:\/\/blogdofarnesio.com.br\/?p=367583#respond"]}]},{"@type":"WebPage","@id":"https:\/\/blogdofarnesio.com.br\/?p=367583","url":"https:\/\/blogdofarnesio.com.br\/?p=367583","name":"Encceja 2024 est\u00e1 com inscri\u00e7\u00f5es abertas; veja como fazer - Blog do Farn\u00e9sio","isPartOf":{"@id":"https:\/\/blogdofarnesio.com.br\/#website"},"primaryImageOfPage":{"@id":"https:\/\/blogdofarnesio.com.br\/?p=367583#primaryimage"},"image":{"@id":"https:\/\/blogdofarnesio.com.br\/?p=367583#primaryimage"},"thumbnailUrl":"https:\/\/blogdofarnesio.com.br\/wp-content\/uploads\/2023\/07\/blogqspenceja-e1715340269358.png","datePublished":"2024-05-01T13:30:08+00:00","breadcrumb":{"@id":"https:\/\/blogdofarnesio.com.br\/?p=367583#breadcrumb"},"inLanguage":"pt-BR","potentialAction":[{"@type":"ReadAction","target":["https:\/\/blogdofarnesio.com.br\/?p=367583"]}]},{"@type":"ImageObject","inLanguage":"pt-BR","@id":"https:\/\/blogdofarnesio.com.br\/?p=367583#primaryimage","url":"https:\/\/blogdofarnesio.com.br\/wp-content\/uploads\/2023\/07\/blogqspenceja-e1715340269358.png","contentUrl":"https:\/\/blogdofarnesio.com.br\/wp-content\/uploads\/2023\/07\/blogqspenceja-e1715340269358.png","width":656,"height":199},{"@type":"BreadcrumbList","@id":"https:\/\/blogdofarnesio.com.br\/?p=367583#breadcrumb","itemListElement":[{"@type":"ListItem","position":1,"name":"In\u00edcio","item":"https:\/\/blogdofarnesio.com.br\/"},{"@type":"ListItem","position":2,"name":"Encceja 2024 est\u00e1 com inscri\u00e7\u00f5es abertas; veja como fazer"}]},{"@type":"WebSite","@id":"https:\/\/blogdofarnesio.com.br\/#website","url":"https:\/\/blogdofarnesio.com.br\/","name":"Blog do Farn\u00e9sio","description":"Quer Saber Pol\u00edtica?","publisher":{"@id":"https:\/\/blogdofarnesio.com.br\/#organization"},"potentialAction":[{"@type":"SearchAction","target":{"@type":"EntryPoint","urlTemplate":"https:\/\/blogdofarnesio.com.br\/?s={search_term_string}"},"query-input":{"@type":"PropertyValueSpecification","valueRequired":true,"valueName":"search_term_string"}}],"inLanguage":"pt-BR"},{"@type":"Organization","@id":"https:\/\/blogdofarnesio.com.br\/#organization","name":"Blog do Farn\u00e9sio","url":"https:\/\/blogdofarnesio.com.br\/","logo":{"@type":"ImageObject","inLanguage":"pt-BR","@id":"https:\/\/blogdofarnesio.com.br\/#\/schema\/logo\/image\/","url":"https:\/\/blogdofarnesio.com.br\/wp-content\/uploads\/2026\/03\/cropped-logo_new-1.png","contentUrl":"https:\/\/blogdofarnesio.com.br\/wp-content\/uploads\/2026\/03\/cropped-logo_new-1.png","width":881,"height":685,"caption":"Blog do Farn\u00e9sio"},"image":{"@id":"https:\/\/blogdofarnesio.com.br\/#\/schema\/logo\/image\/"},"sameAs":["https:\/\/www.facebook.com\/BlogQuerSaberPolitica\/"]},{"@type":"Person","@id":"https:\/\/blogdofarnesio.com.br\/#\/schema\/person\/bb9b23ae3ad0609ce8df7b6c9e76824d","name":"Farn\u00e9sio","image":{"@type":"ImageObject","inLanguage":"pt-BR","@id":"https:\/\/secure.gravatar.com\/avatar\/986aa4c61ccdb66f8555bf88fc2a65609d00bcabd4d2d94377a727547345cbca?s=96&d=mm&r=g","url":"https:\/\/secure.gravatar.com\/avatar\/986aa4c61ccdb66f8555bf88fc2a65609d00bcabd4d2d94377a727547345cbca?s=96&d=mm&r=g","contentUrl":"https:\/\/secure.gravatar.com\/avatar\/986aa4c61ccdb66f8555bf88fc2a65609d00bcabd4d2d94377a727547345cbca?s=96&d=mm&r=g","caption":"Farn\u00e9sio"},"description":"Radialista blogueiro, chegou a Petrolina\/Juazeiro em setembro de 1980, Farn\u00e9sio Silva \u00e9 de Arapiraca-Alagoas.","sameAs":["http:\/\/blogdofarnesio.com.br","https:\/\/www.facebook.com\/?ref=tn_tnmn","https:\/\/www.instagram.com\/?utm_source=pwa_homescreen","https:\/\/youtube.com.br\/"],"url":"https:\/\/blogdofarnesio.com.br\/?author=2"}]}},"_links":{"self":[{"href":"https:\/\/blogdofarnesio.com.br\/index.php?rest_route=\/wp\/v2\/posts\/367583","targetHints":{"allow":["GET"]}}],"collection":[{"href":"https:\/\/blogdofarnesio.com.br\/index.php?rest_route=\/wp\/v2\/posts"}],"about":[{"href":"https:\/\/blogdofarnesio.com.br\/index.php?rest_route=\/wp\/v2\/types\/post"}],"author":[{"embeddable":true,"href":"https:\/\/blogdofarnesio.com.br\/index.php?rest_route=\/wp\/v2\/users\/2"}],"replies":[{"embeddable":true,"href":"https:\/\/blogdofarnesio.com.br\/index.php?rest_route=%2Fwp%2Fv2%2Fcomments&post=367583"}],"version-history":[{"count":0,"href":"https:\/\/blogdofarnesio.com.br\/index.php?rest_route=\/wp\/v2\/posts\/367583\/revisions"}],"wp:featuredmedia":[{"embeddable":true,"href":"https:\/\/blogdofarnesio.com.br\/index.php?rest_route=\/wp\/v2\/media\/345485"}],"wp:attachment":[{"href":"https:\/\/blogdofarnesio.com.br\/index.php?rest_route=%2Fwp%2Fv2%2Fmedia&parent=367583"}],"wp:term":[{"taxonomy":"category","embeddable":true,"href":"https:\/\/blogdofarnesio.com.br\/index.php?rest_route=%2Fwp%2Fv2%2Fcategories&post=367583"},{"taxonomy":"post_tag","embeddable":true,"href":"https:\/\/blogdofarnesio.com.br\/index.php?rest_route=%2Fwp%2Fv2%2Ftags&post=367583"}],"curies":[{"name":"wp","href":"https:\/\/api.w.org\/{rel}","templated":true}]}}