{"id":367569,"date":"2024-04-30T17:35:03","date_gmt":"2024-04-30T20:35:03","guid":{"rendered":"https:\/\/blogdofarnesio.com.br\/?p=367569"},"modified":"2024-04-30T16:50:06","modified_gmt":"2024-04-30T19:50:06","slug":"concurso-unificado-veja-orientacoes-para-as-provas-de-domingo-5","status":"publish","type":"post","link":"https:\/\/blogdofarnesio.com.br\/?p=367569","title":{"rendered":"Concurso Unificado: veja orienta\u00e7\u00f5es para as provas de domingo, 5"},"content":{"rendered":"<h1 class=\"c-iPYhUp c-iPYhUp-eoPIWd-variant-displayXs c-iPYhUp-iqCzBn-weight-semibold c-iPYhUp-ggIjJV-variant-displaySm\"><\/h1>\n<p><span class=\"c-iPYhUp c-iPYhUp-dUtxta-variant-sm c-iPYhUp-dYJjti-weight-regular c-iPYhUp-iiqCzBn-css\">Autor:<\/span><span class=\"c-iPYhUp c-iPYhUp-dUtxta-variant-sm c-iPYhUp-dYJjti-weight-regular\">Bruna Somma\u00a0 &#8211;\u00a0\u00a0<\/span><\/p>\n<article>\n<h2 class=\"c-iPYhUp c-iPYhUp-bsDCdF-variant-md c-iPYhUp-dYJjti-weight-regular c-iPYhUp-fFbzDa-variant-lg c-iPYhUp-icmSTLU-css\"><em>Confira as orienta\u00e7\u00f5es para as provas do Concurso Unificado, marcadas para domingo, 5 de maio. Mais de 2 milh\u00f5es de inscritos est\u00e3o convocados<\/em>!<\/h2>\n<div class=\"c-jABvLw c-jABvLw-iTKOFX-flow-column c-jABvLw-fcwQCP-flow-row c-jABvLw-idpFwln-css\">\n<div class=\"c-jABvLw c-jABvLw-ejCoEP-flow-row c-jABvLw-ijlQUnO-css\"><\/div>\n<\/div>\n<\/article>\n<article><\/article>\n<article class=\"c-hfyrVj c-hfyrVj-icEofQF-css\">No pr\u00f3ximo domingo, 5 de maio, ser\u00e3o realizadas as provas do\u00a0<a href=\"https:\/\/folha.qconcursos.com\/n\/concurso-nacional-unificado\">Concurso Nacional Unificado (CNU)<\/a>. Mais de 2 milh\u00f5es de inscritos est\u00e3o convocados para a etapa.As provas ser\u00e3o aplicadas em 228 cidades brasileiras. Os locais j\u00e1 est\u00e3o dispon\u00edveis para consulta pelos candidatos, por meio da\u00a0<a href=\"https:\/\/www.gov.br\/gestao\/pt-br\/concursonacional\" target=\"_blank\" rel=\"noopener noreferrer\">p\u00e1gina oficial do concurso.<\/a><\/p>\n<\/article>\n<article class=\"c-hfyrVj c-hfyrVj-icEofQF-css\">A seguir, confira orienta\u00e7\u00f5es sobre os hor\u00e1rios, itens obrigat\u00f3rios para as provas, documenta\u00e7\u00e3o, o que \u00e9 proibido e muito mais.<strong>N\u00e3o quer esquecer nenhum dos itens? Ent\u00e3o baixe o &#8220;Manual das Provas CNU&#8221;. Nele, voc\u00ea ter\u00e1 acesso a informa\u00e7\u00f5es compiladas e a um checklist para as provas.\u00a0<\/strong><a href=\"https:\/\/hubs.ly\/Q02vqMVN0\" target=\"_blank\" rel=\"noopener noreferrer\"><strong>BAIXE GRATUITAMENTE AQUI!<\/strong><\/a><\/p>\n<h2 id=\"hor\u00e1rios-de-abertura-e-fechamento-dos-port\u00f5es\">Hor\u00e1rios de abertura e fechamento dos port\u00f5es<\/h2>\n<p>Os concorrentes dever\u00e3o comparecer\u00a0<strong>aos locais de prova em dois turnos<\/strong>. \u00c9 importante ficar atento aos hor\u00e1rios de abertura e fechamento dos port\u00f5es para evitar atrasos:<\/p>\n<p><strong>Turno da manh\u00e3<\/strong><\/p>\n<ul>\n<li>Abertura dos port\u00f5es: 7h30<\/li>\n<li>Fechamento dos port\u00f5es: 8h30<\/li>\n<li>In\u00edcio da aplica\u00e7\u00e3o: 9h<\/li>\n<li>T\u00e9rmino da aplica\u00e7\u00e3o: 11h30<\/li>\n<li>T\u00e9rmino da aplica\u00e7\u00e3o para candidatos que necessitem de tempo adicional para realiza\u00e7\u00e3o das provas e tenham solicitado no ato da inscri\u00e7\u00e3o: 12h30<\/li>\n<li>Dura\u00e7\u00e3o da prova: 2h30<\/li>\n<\/ul>\n<p><strong>Turno da tarde<\/strong><\/p>\n<ul>\n<li>Abertura dos port\u00f5es: 13h<\/li>\n<li>Fechamento dos port\u00f5es: 14h<\/li>\n<li>In\u00edcio da aplica\u00e7\u00e3o: 14h30<\/li>\n<li>T\u00e9rmino da aplica\u00e7\u00e3o: 18h<\/li>\n<li>T\u00e9rmino da aplica\u00e7\u00e3o para candidatos que necessitem de tempo adicional para realiza\u00e7\u00e3o das provas e tenham solicitado no ato da inscri\u00e7\u00e3o: 19h.<\/li>\n<li>Dura\u00e7\u00e3o da prova: 3h30<\/li>\n<\/ul>\n<p>No turno da manh\u00e3, os inscritos nos blocos de n\u00edvel superior (1 a 7) dever\u00e3o responder a 20 quest\u00f5es objetivas de Conhecimentos Gerais e a uma quest\u00e3o dissertativa de Conhecimento Espec\u00edfico.<\/p>\n<p>Para o\u00a0<a href=\"https:\/\/folha.qconcursos.com\/n\/cnu-bloco-8-edital\">bloco de n\u00edvel m\u00e9dio (8)<\/a>, os participantes far\u00e3o 20 quest\u00f5es de m\u00faltipla escolha e uma reda\u00e7\u00e3o.<\/p>\n<p><img decoding=\"async\" src=\"https:\/\/atreus-prd.qconcursos.com\/articles\/images\/76d858cd-3f45-4e18-9beb-be5d0fc83311\/prova-concurso-publico-foto-usp-imagens.jpg\" \/><\/p>\n<p class=\"ql-align-center\"><em>Provas do CNU ser\u00e3o aplicadas em todas as regi\u00f5es do pa\u00eds<\/em><\/p>\n<p class=\"ql-align-center\"><em>(Foto: Marcos Santos\/USP Imagens)<\/em><\/p>\n<p>No per\u00edodo da tarde, para os blocos de n\u00edvel superior (1 a 7), ser\u00e3o cobradas 50 quest\u00f5es objetivas de Conhecimentos Espec\u00edficos.<\/p>\n<p>J\u00e1 os candidatos no bloco de n\u00edvel m\u00e9dio (8) far\u00e3o mais 40 quest\u00f5es objetivas.<\/p>\n<h2 id=\"itens-obrigat\u00f3rios-para-as-provas-do-cnu\">Itens obrigat\u00f3rios para as provas do CNU<\/h2>\n<p>No dia das provas, os candidatos do Concurso Unificado dever\u00e3o levar:<\/p>\n<ul>\n<li>o Cart\u00e3o de Confirma\u00e7\u00e3o de Inscri\u00e7\u00e3o (CCI);<\/li>\n<li>um documento de identidade original com foto; e<\/li>\n<li>caneta preta, fabricada em material transparente.<\/li>\n<\/ul>\n<p>Ser\u00e3o aceitos documentos digitais. O participante dever\u00e1 acessar o aplicativo no momento da identifica\u00e7\u00e3o, que acontecer\u00e1 na entrada da sua sala.<\/p>\n<p>Por essa raz\u00e3o, \u00e9 importante que j\u00e1 tenha o aplicativo baixado no celular. O aplicativo pode ser acessado mesmo sem internet.<\/p>\n<h2 id=\"como-levar-alimentos-e-bebidas-no-cnu\">Como levar alimentos e bebidas no CNU?<\/h2>\n<p>Em\u00a0<a href=\"https:\/\/folha.qconcursos.com\/n\/concurso-unificado-2024-entrevista-provas\">entrevista exclusiva \u00e0 Folha Dirigida por Qconcursos<\/a>, o coordenador-geral de Log\u00edstica do CNU, Alexandre Retamal, explicou que os candidatos poder\u00e3o levar alimentos e bebidas.<\/p>\n<p>Isso ser\u00e1 poss\u00edvel desde que as embalagens dos alimentos estejam lacradas e as garrafas de \u00e1gua sejam transparentes.<\/p>\n<blockquote><p>&#8220;Se for levar a garrafa d&#8217;\u00e1gua, leve uma transparente. Pode levar alimenta\u00e7\u00e3o, desde que seja em embalagens fechadas&#8221;, orientou Retamal.<\/p><\/blockquote>\n<h2 id=\"uso-de-equipamentos-eletr\u00f4nicos-ser\u00e1-proibido\">Uso de equipamentos eletr\u00f4nicos ser\u00e1 proibido<\/h2>\n<p>A Funda\u00e7\u00e3o Cesgranrio, banca organizadora do CNU, fornecer\u00e1 aos participantes envelopes porta-objetos para a guarda de aparelhos eletr\u00f4nicos, como os celulares, que dever\u00e3o ficar desligados durante toda prova.<\/p>\n<p><strong>Aten\u00e7\u00e3o!\u00a0<\/strong><strong>Lembre-se de desativar eventuais alarmes!<\/strong><\/p>\n<p>Os envelopes dever\u00e3o ser lacrados e identificados antes do concorrente se dirigir \u00e0 carteira onde far\u00e1 as provas e dever\u00e3o ser guardados embaixo da mesma.<\/p>\n<p>S\u00f3 ser\u00e1 poss\u00edvel abrir os envelopes com seus pertences e ligar o aparelho celular ap\u00f3s finalizar as provas e estiver do lado de fora dos locais de prova.<\/p>\n<blockquote><p>&#8220;\u00c9 importante dizer que \u00e9 para desligar o celular. Porque se o celular tocar durante a prova, o candidato vai ser eliminado, mesmo que ele esteja dentro do envelope lacrado. Porque \u00e9 com os celulares ligados que as organiza\u00e7\u00f5es criminosas atuam quando querem usar ponto eletr\u00f4nico, essas coisas&#8221;, frisou Alexandre Retamal.<\/p><\/blockquote>\n<p>De acordo com o edital, ser\u00e1 eliminado do concurso se for constatado, durante as provas, o porte e\/ou o uso de aparelhos sonoros, fonogr\u00e1ficos, de comunica\u00e7\u00e3o ou de registro, eletr\u00f4nicos ou n\u00e3o, tais como: agendas eletr\u00f4nicas e(ou) similares, gravadores, pendrive, mp3 player e(ou) similar, fones de ouvido, chaves com alarme ou com qualquer outro componente eletr\u00f4nico, rel\u00f3gios de qualquer natureza, telefones celulares, microcomputadores port\u00e1teis e\/ou similares.<\/p>\n<p>Tamb\u00e9m haver\u00e1 elimina\u00e7\u00e3o se, no decorrer das provas, acontecer em qualquer tipo de comunica\u00e7\u00e3o com outro candidato ou utiliza\u00e7\u00e3o de m\u00e1quinas de calcular ou similares, livros, c\u00f3digos, manuais, apostilas, impressos ou anota\u00e7\u00f5es.<\/p>\n<h2 id=\"recomenda\u00e7\u00e3o-para-roupas\">Recomenda\u00e7\u00e3o para roupas<\/h2>\n<p>Outra orienta\u00e7\u00e3o \u00e9 pelo uso de roupas e sapatos confort\u00e1veis no dia da prova, pois ser\u00e3o dois turnos de aplica\u00e7\u00e3o e a pessoa ficar\u00e1 sentada por um longo per\u00edodo de tempo.<\/p>\n<p>N\u00e3o ser\u00e1 permitido o uso de rel\u00f3gio de qualquer natureza. \u00c9 proibido ainda o uso de \u00f3culos escuros ou de quaisquer acess\u00f3rios de chapelaria, tais como chap\u00e9u, bon\u00e9, gorro ou protetores auriculares.<\/p>\n<h2 id=\"candidatos-n\u00e3o-poder\u00e3o-levar-os-cadernos-de-prova\">Candidatos n\u00e3o poder\u00e3o levar os cadernos de prova<\/h2>\n<p>Para ampliar a seguran\u00e7a e evitar poss\u00edveis fraudes, o Minist\u00e9rio da Gest\u00e3o e Inova\u00e7\u00e3o em Servi\u00e7os P\u00fablicos (MGI) anunciou que os candidatos\u00a0<a href=\"https:\/\/folha.qconcursos.com\/n\/cnu-2024-candidatos-nao-poderao-levar-caderno\">n\u00e3o poder\u00e3o levar os cadernos de quest\u00f5es<\/a>, em nenhum dos turnos, nem fazer a anota\u00e7\u00e3o do gabarito no cart\u00e3o de confirma\u00e7\u00e3o.<\/p>\n<p>Os cadernos de quest\u00f5es ser\u00e3o disponibilizados na p\u00e1gina do concurso \u00e0s 20h do dia 5 de maio. J\u00e1 os gabaritos ser\u00e3o publicados no dia 7.<\/p>\n<blockquote><p>&#8220;N\u00f3s temos relat\u00f3rios dos \u00f3rg\u00e3os de Seguran\u00e7a P\u00fablica de que tanto uma situa\u00e7\u00e3o quanto a outra foram utilizadas por pessoas, por organiza\u00e7\u00f5es criminosas, para fraudar concursos. Ent\u00e3o, eu sei que \u00e0s vezes \u00e9 diferente, mas olha s\u00f3, a gente est\u00e1 garantindo, \u00e0s 20 horas, n\u00f3s vamos divulgar todos os cadernos de prova em PDF. E, no dia 7, o gabarito&#8221;, explicou Alexandre Retamal.<\/p><\/blockquote>\n<p>De acordo com o coordenador-geral de Log\u00edstica do concurso, os candidatos poder\u00e3o entrar com recursos normalmente, de 7 a 8 de maio.<\/p>\n<blockquote><p>&#8220;O que se alega \u00e9 o seguinte: &#8216;eu n\u00e3o vou saber qual resposta eu marquei&#8217;. Mas o recurso n\u00e3o \u00e9 contra a resposta que ele (o candidato) deu. O recurso \u00e9 contra o gabarito da quest\u00e3o que consta no caderno de prova. Porque a resposta que ele deu, seja ela qual for, vai continuar no cart\u00e3o de resposta, que ele vai ter acesso a partir do dia 3 de junho&#8221;.<\/p><\/blockquote>\n<p>Os cadernos de quest\u00f5es tamb\u00e9m ter\u00e3o diferentes vers\u00f5es. O conte\u00fado ser\u00e1 o mesmo, a depender do bloco tem\u00e1tico, mas as quest\u00f5es ser\u00e3o embaralhadas para cada vers\u00e3o.<\/p>\n<p>O Governo Federal j\u00e1 adota essa estrat\u00e9gia nas provas do Exame Nacional do Ensino M\u00e9dio (Enem).<\/p>\n<h2 id=\"coleta-de-digital-e-exame-grafol\u00f3gico-tamb\u00e9m-est\u00e3o-confirmados\">Coleta de digital e exame grafol\u00f3gico tamb\u00e9m est\u00e3o confirmados<\/h2>\n<p>O Governo Federal confirmou uma coopera\u00e7\u00e3o entre diversos \u00f3rg\u00e3os de seguran\u00e7a para garantir que as provas ocorram com tranquilidade. Isso inclui desde a elabora\u00e7\u00e3o dos cadernos de quest\u00f5es at\u00e9 a corre\u00e7\u00e3o.<\/p>\n<p>Durante a aplica\u00e7\u00e3o das provas, ser\u00e1 realizada a coleta de digitais dos participantes e tamb\u00e9m o exame grafol\u00f3gico. O coordenador-geral de Log\u00edstica do CNU explicou como ser\u00e1 o processo:<\/p>\n<blockquote><p>&#8220;O participante recebe o cart\u00e3o de resposta. Ele assina o seu pr\u00f3prio nome e escreve a frase de seguran\u00e7a, que \u00e9 uma frase por onde vai ser feito o exame grafol\u00f3gico dos aprovados. E a digital vai ser coletada logo no in\u00edcio da prova.\u00a0Al\u00e9m disso, n\u00f3s vamos trabalhar com detectores de metal, detectores de ponto eletr\u00f4nico, para impedir a a\u00e7\u00e3o de quadrilhas criminosas&#8221;.<\/p><\/blockquote>\n<h2 id=\"concurso-unificado-bate-recorde-com-2-milh\u00f5es-de-inscritos\">Concurso Unificado bate recorde com 2 milh\u00f5es de inscritos<\/h2>\n<p>O Concurso Unificado bateu um recorde, com o total de\u00a0<a href=\"https:\/\/folha.qconcursos.com\/n\/concurso-unificado-inscritos-por-bloco-tematico\">2.144.435 inscritos confirmados.<\/a><\/p>\n<p>A oferta \u00e9 de 6.640 vagas imediatas para diferentes cargos de n\u00edveis m\u00e9dio e superior de 21 \u00f3rg\u00e3os do Poder Executivo Federal.<\/p>\n<p>Essas oportunidades est\u00e3o agrupadas por oito blocos tem\u00e1ticos, que representam as \u00e1reas de Pol\u00edticas P\u00fablicas Brasileiras. S\u00f3 foi poss\u00edvel se candidatar para um dos blocos tem\u00e1ticos.<\/p>\n<p>Abaixo, veja a rela\u00e7\u00e3o candidato por vaga, de acordo com o bloco tem\u00e1tico do CNU:<\/p>\n<p><strong>Bloco 1 &#8211; Infraestrutura, Exatas e Engenharias<\/strong><\/p>\n<ul>\n<li>Vagas: 727<\/li>\n<li>Inscritos: 121.838<\/li>\n<li>Concorr\u00eancia: 167,59 candidatos<\/li>\n<\/ul>\n<p><strong>Bloco 2 &#8211; Tecnologia, Dados, e Informa\u00e7\u00e3o<\/strong><\/p>\n<ul>\n<li>Vagas: 597<\/li>\n<li>Inscritos: 77.943<\/li>\n<li>Concorr\u00eancia: 130,55 candidatos<\/li>\n<\/ul>\n<p><strong>Bloco 3 &#8211; Ambiental, Agr\u00e1rio e Biol\u00f3gicas<\/strong><\/p>\n<ul>\n<li>Vagas: 530<\/li>\n<li>Inscritos: 102.922<\/li>\n<li>Concorr\u00eancia: 194,19 candidatos<\/li>\n<\/ul>\n<p><strong>Bloco 4 &#8211; Trabalho e Sa\u00fade do Servidor<\/strong><\/p>\n<ul>\n<li>Vagas: 971<\/li>\n<li>Inscritos: 336.284<\/li>\n<li>Concorr\u00eancia: 346,32 candidatos<\/li>\n<\/ul>\n<p><strong>Bloco 5- Educa\u00e7\u00e3o, Sa\u00fade, Desenvolvimento Social e Direitos Humanos<\/strong><\/p>\n<ul>\n<li>Vagas: 1.016<\/li>\n<li>Inscritos: 300.766<\/li>\n<li>Concorr\u00eancia: 296,02 candidatos<\/li>\n<\/ul>\n<p><strong>Bloco 6 &#8211; Setores Econ\u00f4micos e Regula\u00e7\u00e3o<\/strong><\/p>\n<ul>\n<li>Vagas: 359<\/li>\n<li>Inscritos: 74.283<\/li>\n<li>Concorr\u00eancia: 206,91 candidatos<\/li>\n<\/ul>\n<p><strong>Bloco 7 &#8211; Gest\u00e3o Governamental e Administra\u00e7\u00e3o P\u00fablica<\/strong><\/p>\n<ul>\n<li>Vagas: 1.748<\/li>\n<li>Inscritos: 429.370<\/li>\n<li>Concorr\u00eancia: 245,63 candidatos<\/li>\n<\/ul>\n<p><strong>Bloco 8 &#8211; N\u00edvel Intermedi\u00e1rio<\/strong><\/p>\n<ul>\n<li>Vagas: 692<\/li>\n<li>Inscritos: 701.029<\/li>\n<li>Concorr\u00eancia: 1.013,04 candidatos<\/li>\n<\/ul>\n<\/article>\n","protected":false},"excerpt":{"rendered":"<p>Autor:Bruna Somma\u00a0 &#8211;\u00a0\u00a0 Confira as orienta\u00e7\u00f5es para as provas do Concurso Unificado, marcadas para domingo, 5 de maio. Mais de 2 milh\u00f5es de inscritos est\u00e3o convocados! No pr\u00f3ximo domingo, 5 de maio, ser\u00e3o realizadas as provas do\u00a0Concurso Nacional Unificado (CNU). Mais de 2 milh\u00f5es de inscritos est\u00e3o convocados para a etapa.As provas ser\u00e3o aplicadas em 228 cidades brasileiras. Os locais j\u00e1 est\u00e3o dispon\u00edveis para consulta pelos candidatos, por meio da\u00a0p\u00e1gina oficial do concurso. A seguir, confira orienta\u00e7\u00f5es sobre os hor\u00e1rios, itens obrigat\u00f3rios para as provas, documenta\u00e7\u00e3o, o que \u00e9 proibido e muito mais.N\u00e3o quer esquecer nenhum dos itens? Ent\u00e3o baixe o &#8220;Manual das Provas CNU&#8221;. Nele, voc\u00ea ter\u00e1 acesso a informa\u00e7\u00f5es compiladas e a um checklist para as provas.\u00a0BAIXE GRATUITAMENTE&hellip; <\/p>\n","protected":false},"author":2,"featured_media":365386,"comment_status":"open","ping_status":"open","sticky":false,"template":"","format":"standard","meta":{"_acf_changed":false,"footnotes":""},"categories":[31],"tags":[],"class_list":["post-367569","post","type-post","status-publish","format-standard","has-post-thumbnail","hentry","category-concursos"],"acf":[],"yoast_head":"<!-- This site is optimized with the Yoast SEO plugin v27.4 - https:\/\/yoast.com\/product\/yoast-seo-wordpress\/ -->\n<title>Concurso Unificado: veja orienta\u00e7\u00f5es para as provas de domingo, 5 - Blog do Farn\u00e9sio<\/title>\n<meta name=\"robots\" content=\"index, follow, max-snippet:-1, max-image-preview:large, max-video-preview:-1\" \/>\n<link rel=\"canonical\" href=\"https:\/\/blogdofarnesio.com.br\/?p=367569\" \/>\n<meta property=\"og:locale\" content=\"pt_BR\" \/>\n<meta property=\"og:type\" content=\"article\" \/>\n<meta property=\"og:title\" content=\"Concurso Unificado: veja orienta\u00e7\u00f5es para as provas de domingo, 5 - Blog do Farn\u00e9sio\" \/>\n<meta property=\"og:description\" content=\"Autor:Bruna Somma\u00a0 &#8211;\u00a0\u00a0 Confira as orienta\u00e7\u00f5es para as provas do Concurso Unificado, marcadas para domingo, 5 de maio. Mais de 2 milh\u00f5es de inscritos est\u00e3o convocados! No pr\u00f3ximo domingo, 5 de maio, ser\u00e3o realizadas as provas do\u00a0Concurso Nacional Unificado (CNU). Mais de 2 milh\u00f5es de inscritos est\u00e3o convocados para a etapa.As provas ser\u00e3o aplicadas em 228 cidades brasileiras. Os locais j\u00e1 est\u00e3o dispon\u00edveis para consulta pelos candidatos, por meio da\u00a0p\u00e1gina oficial do concurso. A seguir, confira orienta\u00e7\u00f5es sobre os hor\u00e1rios, itens obrigat\u00f3rios para as provas, documenta\u00e7\u00e3o, o que \u00e9 proibido e muito mais.N\u00e3o quer esquecer nenhum dos itens? Ent\u00e3o baixe o &#8220;Manual das Provas CNU&#8221;. Nele, voc\u00ea ter\u00e1 acesso a informa\u00e7\u00f5es compiladas e a um checklist para as provas.\u00a0BAIXE GRATUITAMENTE&hellip;\" \/>\n<meta property=\"og:url\" content=\"https:\/\/blogdofarnesio.com.br\/?p=367569\" \/>\n<meta property=\"og:site_name\" content=\"Blog do Farn\u00e9sio\" \/>\n<meta property=\"article:publisher\" content=\"https:\/\/www.facebook.com\/BlogQuerSaberPolitica\/\" \/>\n<meta property=\"article:author\" content=\"https:\/\/www.facebook.com\/?ref=tn_tnmn\" \/>\n<meta property=\"article:published_time\" content=\"2024-04-30T20:35:03+00:00\" \/>\n<meta property=\"og:image\" content=\"https:\/\/blogdofarnesio.com.br\/wp-content\/uploads\/2024\/04\/blogqspconcurso-unificado-e1712264806559.jpg\" \/>\n\t<meta property=\"og:image:width\" content=\"658\" \/>\n\t<meta property=\"og:image:height\" content=\"288\" \/>\n\t<meta property=\"og:image:type\" content=\"image\/jpeg\" \/>\n<meta name=\"author\" content=\"Farn\u00e9sio\" \/>\n<meta name=\"twitter:card\" content=\"summary_large_image\" \/>\n<meta name=\"twitter:label1\" content=\"Escrito por\" \/>\n\t<meta name=\"twitter:data1\" content=\"Farn\u00e9sio\" \/>\n\t<meta name=\"twitter:label2\" content=\"Est. tempo de leitura\" \/>\n\t<meta name=\"twitter:data2\" content=\"7 minutos\" \/>\n<script type=\"application\/ld+json\" class=\"yoast-schema-graph\">{\"@context\":\"https:\\\/\\\/schema.org\",\"@graph\":[{\"@type\":\"Article\",\"@id\":\"https:\\\/\\\/blogdofarnesio.com.br\\\/?p=367569#article\",\"isPartOf\":{\"@id\":\"https:\\\/\\\/blogdofarnesio.com.br\\\/?p=367569\"},\"author\":{\"name\":\"Farn\u00e9sio\",\"@id\":\"https:\\\/\\\/blogdofarnesio.com.br\\\/#\\\/schema\\\/person\\\/bb9b23ae3ad0609ce8df7b6c9e76824d\"},\"headline\":\"Concurso Unificado: veja orienta\u00e7\u00f5es para as provas de domingo, 5\",\"datePublished\":\"2024-04-30T20:35:03+00:00\",\"mainEntityOfPage\":{\"@id\":\"https:\\\/\\\/blogdofarnesio.com.br\\\/?p=367569\"},\"wordCount\":1572,\"commentCount\":0,\"publisher\":{\"@id\":\"https:\\\/\\\/blogdofarnesio.com.br\\\/#organization\"},\"image\":{\"@id\":\"https:\\\/\\\/blogdofarnesio.com.br\\\/?p=367569#primaryimage\"},\"thumbnailUrl\":\"https:\\\/\\\/blogdofarnesio.com.br\\\/wp-content\\\/uploads\\\/2024\\\/04\\\/blogqspconcurso-unificado-e1712264806559.jpg\",\"articleSection\":[\"Concursos\"],\"inLanguage\":\"pt-BR\",\"potentialAction\":[{\"@type\":\"CommentAction\",\"name\":\"Comment\",\"target\":[\"https:\\\/\\\/blogdofarnesio.com.br\\\/?p=367569#respond\"]}]},{\"@type\":\"WebPage\",\"@id\":\"https:\\\/\\\/blogdofarnesio.com.br\\\/?p=367569\",\"url\":\"https:\\\/\\\/blogdofarnesio.com.br\\\/?p=367569\",\"name\":\"Concurso Unificado: veja orienta\u00e7\u00f5es para as provas de domingo, 5 - Blog do Farn\u00e9sio\",\"isPartOf\":{\"@id\":\"https:\\\/\\\/blogdofarnesio.com.br\\\/#website\"},\"primaryImageOfPage\":{\"@id\":\"https:\\\/\\\/blogdofarnesio.com.br\\\/?p=367569#primaryimage\"},\"image\":{\"@id\":\"https:\\\/\\\/blogdofarnesio.com.br\\\/?p=367569#primaryimage\"},\"thumbnailUrl\":\"https:\\\/\\\/blogdofarnesio.com.br\\\/wp-content\\\/uploads\\\/2024\\\/04\\\/blogqspconcurso-unificado-e1712264806559.jpg\",\"datePublished\":\"2024-04-30T20:35:03+00:00\",\"breadcrumb\":{\"@id\":\"https:\\\/\\\/blogdofarnesio.com.br\\\/?p=367569#breadcrumb\"},\"inLanguage\":\"pt-BR\",\"potentialAction\":[{\"@type\":\"ReadAction\",\"target\":[\"https:\\\/\\\/blogdofarnesio.com.br\\\/?p=367569\"]}]},{\"@type\":\"ImageObject\",\"inLanguage\":\"pt-BR\",\"@id\":\"https:\\\/\\\/blogdofarnesio.com.br\\\/?p=367569#primaryimage\",\"url\":\"https:\\\/\\\/blogdofarnesio.com.br\\\/wp-content\\\/uploads\\\/2024\\\/04\\\/blogqspconcurso-unificado-e1712264806559.jpg\",\"contentUrl\":\"https:\\\/\\\/blogdofarnesio.com.br\\\/wp-content\\\/uploads\\\/2024\\\/04\\\/blogqspconcurso-unificado-e1712264806559.jpg\",\"width\":658,\"height\":288},{\"@type\":\"BreadcrumbList\",\"@id\":\"https:\\\/\\\/blogdofarnesio.com.br\\\/?p=367569#breadcrumb\",\"itemListElement\":[{\"@type\":\"ListItem\",\"position\":1,\"name\":\"In\u00edcio\",\"item\":\"https:\\\/\\\/blogdofarnesio.com.br\\\/\"},{\"@type\":\"ListItem\",\"position\":2,\"name\":\"Concurso Unificado: veja orienta\u00e7\u00f5es para as provas de domingo, 5\"}]},{\"@type\":\"WebSite\",\"@id\":\"https:\\\/\\\/blogdofarnesio.com.br\\\/#website\",\"url\":\"https:\\\/\\\/blogdofarnesio.com.br\\\/\",\"name\":\"Blog do Farn\u00e9sio\",\"description\":\"Quer Saber Pol\u00edtica?\",\"publisher\":{\"@id\":\"https:\\\/\\\/blogdofarnesio.com.br\\\/#organization\"},\"potentialAction\":[{\"@type\":\"SearchAction\",\"target\":{\"@type\":\"EntryPoint\",\"urlTemplate\":\"https:\\\/\\\/blogdofarnesio.com.br\\\/?s={search_term_string}\"},\"query-input\":{\"@type\":\"PropertyValueSpecification\",\"valueRequired\":true,\"valueName\":\"search_term_string\"}}],\"inLanguage\":\"pt-BR\"},{\"@type\":\"Organization\",\"@id\":\"https:\\\/\\\/blogdofarnesio.com.br\\\/#organization\",\"name\":\"Blog do Farn\u00e9sio\",\"url\":\"https:\\\/\\\/blogdofarnesio.com.br\\\/\",\"logo\":{\"@type\":\"ImageObject\",\"inLanguage\":\"pt-BR\",\"@id\":\"https:\\\/\\\/blogdofarnesio.com.br\\\/#\\\/schema\\\/logo\\\/image\\\/\",\"url\":\"https:\\\/\\\/blogdofarnesio.com.br\\\/wp-content\\\/uploads\\\/2026\\\/03\\\/cropped-logo_new-1.png\",\"contentUrl\":\"https:\\\/\\\/blogdofarnesio.com.br\\\/wp-content\\\/uploads\\\/2026\\\/03\\\/cropped-logo_new-1.png\",\"width\":881,\"height\":685,\"caption\":\"Blog do Farn\u00e9sio\"},\"image\":{\"@id\":\"https:\\\/\\\/blogdofarnesio.com.br\\\/#\\\/schema\\\/logo\\\/image\\\/\"},\"sameAs\":[\"https:\\\/\\\/www.facebook.com\\\/BlogQuerSaberPolitica\\\/\"]},{\"@type\":\"Person\",\"@id\":\"https:\\\/\\\/blogdofarnesio.com.br\\\/#\\\/schema\\\/person\\\/bb9b23ae3ad0609ce8df7b6c9e76824d\",\"name\":\"Farn\u00e9sio\",\"image\":{\"@type\":\"ImageObject\",\"inLanguage\":\"pt-BR\",\"@id\":\"https:\\\/\\\/secure.gravatar.com\\\/avatar\\\/986aa4c61ccdb66f8555bf88fc2a65609d00bcabd4d2d94377a727547345cbca?s=96&d=mm&r=g\",\"url\":\"https:\\\/\\\/secure.gravatar.com\\\/avatar\\\/986aa4c61ccdb66f8555bf88fc2a65609d00bcabd4d2d94377a727547345cbca?s=96&d=mm&r=g\",\"contentUrl\":\"https:\\\/\\\/secure.gravatar.com\\\/avatar\\\/986aa4c61ccdb66f8555bf88fc2a65609d00bcabd4d2d94377a727547345cbca?s=96&d=mm&r=g\",\"caption\":\"Farn\u00e9sio\"},\"description\":\"Radialista blogueiro, chegou a Petrolina\\\/Juazeiro em setembro de 1980, Farn\u00e9sio Silva \u00e9 de Arapiraca-Alagoas.\",\"sameAs\":[\"http:\\\/\\\/blogdofarnesio.com.br\",\"https:\\\/\\\/www.facebook.com\\\/?ref=tn_tnmn\",\"https:\\\/\\\/www.instagram.com\\\/?utm_source=pwa_homescreen\",\"https:\\\/\\\/youtube.com.br\\\/\"],\"url\":\"https:\\\/\\\/blogdofarnesio.com.br\\\/?author=2\"}]}<\/script>\n<!-- \/ Yoast SEO plugin. -->","yoast_head_json":{"title":"Concurso Unificado: veja orienta\u00e7\u00f5es para as provas de domingo, 5 - Blog do Farn\u00e9sio","robots":{"index":"index","follow":"follow","max-snippet":"max-snippet:-1","max-image-preview":"max-image-preview:large","max-video-preview":"max-video-preview:-1"},"canonical":"https:\/\/blogdofarnesio.com.br\/?p=367569","og_locale":"pt_BR","og_type":"article","og_title":"Concurso Unificado: veja orienta\u00e7\u00f5es para as provas de domingo, 5 - Blog do Farn\u00e9sio","og_description":"Autor:Bruna Somma\u00a0 &#8211;\u00a0\u00a0 Confira as orienta\u00e7\u00f5es para as provas do Concurso Unificado, marcadas para domingo, 5 de maio. Mais de 2 milh\u00f5es de inscritos est\u00e3o convocados! No pr\u00f3ximo domingo, 5 de maio, ser\u00e3o realizadas as provas do\u00a0Concurso Nacional Unificado (CNU). Mais de 2 milh\u00f5es de inscritos est\u00e3o convocados para a etapa.As provas ser\u00e3o aplicadas em 228 cidades brasileiras. Os locais j\u00e1 est\u00e3o dispon\u00edveis para consulta pelos candidatos, por meio da\u00a0p\u00e1gina oficial do concurso. A seguir, confira orienta\u00e7\u00f5es sobre os hor\u00e1rios, itens obrigat\u00f3rios para as provas, documenta\u00e7\u00e3o, o que \u00e9 proibido e muito mais.N\u00e3o quer esquecer nenhum dos itens? Ent\u00e3o baixe o &#8220;Manual das Provas CNU&#8221;. Nele, voc\u00ea ter\u00e1 acesso a informa\u00e7\u00f5es compiladas e a um checklist para as provas.\u00a0BAIXE GRATUITAMENTE&hellip;","og_url":"https:\/\/blogdofarnesio.com.br\/?p=367569","og_site_name":"Blog do Farn\u00e9sio","article_publisher":"https:\/\/www.facebook.com\/BlogQuerSaberPolitica\/","article_author":"https:\/\/www.facebook.com\/?ref=tn_tnmn","article_published_time":"2024-04-30T20:35:03+00:00","og_image":[{"width":658,"height":288,"url":"https:\/\/blogdofarnesio.com.br\/wp-content\/uploads\/2024\/04\/blogqspconcurso-unificado-e1712264806559.jpg","type":"image\/jpeg"}],"author":"Farn\u00e9sio","twitter_card":"summary_large_image","twitter_misc":{"Escrito por":"Farn\u00e9sio","Est. tempo de leitura":"7 minutos"},"schema":{"@context":"https:\/\/schema.org","@graph":[{"@type":"Article","@id":"https:\/\/blogdofarnesio.com.br\/?p=367569#article","isPartOf":{"@id":"https:\/\/blogdofarnesio.com.br\/?p=367569"},"author":{"name":"Farn\u00e9sio","@id":"https:\/\/blogdofarnesio.com.br\/#\/schema\/person\/bb9b23ae3ad0609ce8df7b6c9e76824d"},"headline":"Concurso Unificado: veja orienta\u00e7\u00f5es para as provas de domingo, 5","datePublished":"2024-04-30T20:35:03+00:00","mainEntityOfPage":{"@id":"https:\/\/blogdofarnesio.com.br\/?p=367569"},"wordCount":1572,"commentCount":0,"publisher":{"@id":"https:\/\/blogdofarnesio.com.br\/#organization"},"image":{"@id":"https:\/\/blogdofarnesio.com.br\/?p=367569#primaryimage"},"thumbnailUrl":"https:\/\/blogdofarnesio.com.br\/wp-content\/uploads\/2024\/04\/blogqspconcurso-unificado-e1712264806559.jpg","articleSection":["Concursos"],"inLanguage":"pt-BR","potentialAction":[{"@type":"CommentAction","name":"Comment","target":["https:\/\/blogdofarnesio.com.br\/?p=367569#respond"]}]},{"@type":"WebPage","@id":"https:\/\/blogdofarnesio.com.br\/?p=367569","url":"https:\/\/blogdofarnesio.com.br\/?p=367569","name":"Concurso Unificado: veja orienta\u00e7\u00f5es para as provas de domingo, 5 - Blog do Farn\u00e9sio","isPartOf":{"@id":"https:\/\/blogdofarnesio.com.br\/#website"},"primaryImageOfPage":{"@id":"https:\/\/blogdofarnesio.com.br\/?p=367569#primaryimage"},"image":{"@id":"https:\/\/blogdofarnesio.com.br\/?p=367569#primaryimage"},"thumbnailUrl":"https:\/\/blogdofarnesio.com.br\/wp-content\/uploads\/2024\/04\/blogqspconcurso-unificado-e1712264806559.jpg","datePublished":"2024-04-30T20:35:03+00:00","breadcrumb":{"@id":"https:\/\/blogdofarnesio.com.br\/?p=367569#breadcrumb"},"inLanguage":"pt-BR","potentialAction":[{"@type":"ReadAction","target":["https:\/\/blogdofarnesio.com.br\/?p=367569"]}]},{"@type":"ImageObject","inLanguage":"pt-BR","@id":"https:\/\/blogdofarnesio.com.br\/?p=367569#primaryimage","url":"https:\/\/blogdofarnesio.com.br\/wp-content\/uploads\/2024\/04\/blogqspconcurso-unificado-e1712264806559.jpg","contentUrl":"https:\/\/blogdofarnesio.com.br\/wp-content\/uploads\/2024\/04\/blogqspconcurso-unificado-e1712264806559.jpg","width":658,"height":288},{"@type":"BreadcrumbList","@id":"https:\/\/blogdofarnesio.com.br\/?p=367569#breadcrumb","itemListElement":[{"@type":"ListItem","position":1,"name":"In\u00edcio","item":"https:\/\/blogdofarnesio.com.br\/"},{"@type":"ListItem","position":2,"name":"Concurso Unificado: veja orienta\u00e7\u00f5es para as provas de domingo, 5"}]},{"@type":"WebSite","@id":"https:\/\/blogdofarnesio.com.br\/#website","url":"https:\/\/blogdofarnesio.com.br\/","name":"Blog do Farn\u00e9sio","description":"Quer Saber Pol\u00edtica?","publisher":{"@id":"https:\/\/blogdofarnesio.com.br\/#organization"},"potentialAction":[{"@type":"SearchAction","target":{"@type":"EntryPoint","urlTemplate":"https:\/\/blogdofarnesio.com.br\/?s={search_term_string}"},"query-input":{"@type":"PropertyValueSpecification","valueRequired":true,"valueName":"search_term_string"}}],"inLanguage":"pt-BR"},{"@type":"Organization","@id":"https:\/\/blogdofarnesio.com.br\/#organization","name":"Blog do Farn\u00e9sio","url":"https:\/\/blogdofarnesio.com.br\/","logo":{"@type":"ImageObject","inLanguage":"pt-BR","@id":"https:\/\/blogdofarnesio.com.br\/#\/schema\/logo\/image\/","url":"https:\/\/blogdofarnesio.com.br\/wp-content\/uploads\/2026\/03\/cropped-logo_new-1.png","contentUrl":"https:\/\/blogdofarnesio.com.br\/wp-content\/uploads\/2026\/03\/cropped-logo_new-1.png","width":881,"height":685,"caption":"Blog do Farn\u00e9sio"},"image":{"@id":"https:\/\/blogdofarnesio.com.br\/#\/schema\/logo\/image\/"},"sameAs":["https:\/\/www.facebook.com\/BlogQuerSaberPolitica\/"]},{"@type":"Person","@id":"https:\/\/blogdofarnesio.com.br\/#\/schema\/person\/bb9b23ae3ad0609ce8df7b6c9e76824d","name":"Farn\u00e9sio","image":{"@type":"ImageObject","inLanguage":"pt-BR","@id":"https:\/\/secure.gravatar.com\/avatar\/986aa4c61ccdb66f8555bf88fc2a65609d00bcabd4d2d94377a727547345cbca?s=96&d=mm&r=g","url":"https:\/\/secure.gravatar.com\/avatar\/986aa4c61ccdb66f8555bf88fc2a65609d00bcabd4d2d94377a727547345cbca?s=96&d=mm&r=g","contentUrl":"https:\/\/secure.gravatar.com\/avatar\/986aa4c61ccdb66f8555bf88fc2a65609d00bcabd4d2d94377a727547345cbca?s=96&d=mm&r=g","caption":"Farn\u00e9sio"},"description":"Radialista blogueiro, chegou a Petrolina\/Juazeiro em setembro de 1980, Farn\u00e9sio Silva \u00e9 de Arapiraca-Alagoas.","sameAs":["http:\/\/blogdofarnesio.com.br","https:\/\/www.facebook.com\/?ref=tn_tnmn","https:\/\/www.instagram.com\/?utm_source=pwa_homescreen","https:\/\/youtube.com.br\/"],"url":"https:\/\/blogdofarnesio.com.br\/?author=2"}]}},"_links":{"self":[{"href":"https:\/\/blogdofarnesio.com.br\/index.php?rest_route=\/wp\/v2\/posts\/367569","targetHints":{"allow":["GET"]}}],"collection":[{"href":"https:\/\/blogdofarnesio.com.br\/index.php?rest_route=\/wp\/v2\/posts"}],"about":[{"href":"https:\/\/blogdofarnesio.com.br\/index.php?rest_route=\/wp\/v2\/types\/post"}],"author":[{"embeddable":true,"href":"https:\/\/blogdofarnesio.com.br\/index.php?rest_route=\/wp\/v2\/users\/2"}],"replies":[{"embeddable":true,"href":"https:\/\/blogdofarnesio.com.br\/index.php?rest_route=%2Fwp%2Fv2%2Fcomments&post=367569"}],"version-history":[{"count":0,"href":"https:\/\/blogdofarnesio.com.br\/index.php?rest_route=\/wp\/v2\/posts\/367569\/revisions"}],"wp:featuredmedia":[{"embeddable":true,"href":"https:\/\/blogdofarnesio.com.br\/index.php?rest_route=\/wp\/v2\/media\/365386"}],"wp:attachment":[{"href":"https:\/\/blogdofarnesio.com.br\/index.php?rest_route=%2Fwp%2Fv2%2Fmedia&parent=367569"}],"wp:term":[{"taxonomy":"category","embeddable":true,"href":"https:\/\/blogdofarnesio.com.br\/index.php?rest_route=%2Fwp%2Fv2%2Fcategories&post=367569"},{"taxonomy":"post_tag","embeddable":true,"href":"https:\/\/blogdofarnesio.com.br\/index.php?rest_route=%2Fwp%2Fv2%2Ftags&post=367569"}],"curies":[{"name":"wp","href":"https:\/\/api.w.org\/{rel}","templated":true}]}}