{"id":367538,"date":"2024-04-30T17:05:09","date_gmt":"2024-04-30T20:05:09","guid":{"rendered":"https:\/\/blogdofarnesio.com.br\/?p=367538"},"modified":"2024-04-30T16:00:03","modified_gmt":"2024-04-30T19:00:03","slug":"prefeito-e-eleito-novamente-um-mes-apos-ser-cassado-por-compra-de-votos-no-rio-grande-do-sul","status":"publish","type":"post","link":"https:\/\/blogdofarnesio.com.br\/?p=367538","title":{"rendered":"Prefeito \u00e9 eleito novamente um m\u00eas ap\u00f3s ser cassado por compra de votos no Rio Grande do Sul"},"content":{"rendered":"<div class=\"sc-b4c8ccf3-0 fsXNOt\"><\/div>\n<div class=\"sc-81cf810-1 bYubFg\">\n<div class=\"sc-81cf810-3 gCNTHg\">\n<p dir=\"ltr\">Uma cidade do interior do Rio Grande do Sul elegeu novamente um prefeito que havia sido cassado cerca de um m\u00eas antes por compra de votos. Al\u00e9m do prefeito, o vice-prefeito e o presidente da C\u00e2mara de Vereadores da cidade foram cassados.<\/p>\n<p dir=\"ltr\">De acordo com o UOL, elei\u00e7\u00f5es suplementares foram realizadas neste domingo (28) no munic\u00edpio de S\u00e3o Francisco de Assis, a 434 km de Porto Alegre. A cidade de cerca de 18 mil habitantes elegeu novamente Paulo Renato Cortelini (MDB), que havia sido julgado pelo TSE por compra de votos h\u00e1 pouco mais de um m\u00eas.<\/p>\n<p dir=\"ltr\">Em mar\u00e7o deste ano, o prefeito foi cassado, junto ao vice-prefeito e ao presidente da C\u00e2mara. O mandato de Cortelini havia come\u00e7ado em 2020 e ap\u00f3s julgamento do Tribunal Superior Eleitoral (TSE), foi cassado em car\u00e1ter definitivo no dia 7 do m\u00eas passado.<\/p>\n<p dir=\"ltr\">Em menos de um m\u00eas, a cidade teve tr\u00eas prefeitos interinos diferentes. Como tamb\u00e9m foram cassados o vice-prefeito e o presidente da C\u00e2mara, o vice-presidente da Casa legislativa, Franklin Bui\u00fa Pereira (PDT), foi empossado interinamente.<\/p>\n<p dir=\"ltr\">Ap\u00f3s novas elei\u00e7\u00f5es na C\u00e2mara, o vereador Miguel Lamberty (MDB) substituiu Pereira, mas renunciou para poder concorrer a prefeito nas elei\u00e7\u00f5es de outubro. Desde ent\u00e3o, o presidente da C\u00e2mara passou a ser o vereador Ancelmo Olin (PDT).<\/p>\n<p dir=\"ltr\">Apesar de ter sido cassado, Cortelini n\u00e3o foi considerado ineleg\u00edvel pelo TSE. Os ministros decidiram que, ao contr\u00e1rio do vice, Jeremias Oliveira (PDT), e do presidente da C\u00e2mara, Vasco Carvalho (MDB), n\u00e3o havia comprova\u00e7\u00e3o da participa\u00e7\u00e3o de Cortelini nos il\u00edcitos eleitorais.<\/p>\n<p dir=\"ltr\">O vice-prefeito e o presidente da C\u00e2mara foram condenados por doa\u00e7\u00e3o de combust\u00edvel e cestas b\u00e1sicas em troca de votos durante a campanha de 2020. O novo mandato de Cortelini dura at\u00e9 o final deste ano, uma vez que a cidade ir\u00e1 escolher novos prefeito e vereadores durante as elei\u00e7\u00f5es municipais de 6 de outubro deste ano.<\/p>\n<\/div>\n<\/div>\n","protected":false},"excerpt":{"rendered":"<p>Uma cidade do interior do Rio Grande do Sul elegeu novamente um prefeito que havia sido cassado cerca de um m\u00eas antes por compra de votos. Al\u00e9m do prefeito, o vice-prefeito e o presidente da C\u00e2mara de Vereadores da cidade foram cassados. De acordo com o UOL, elei\u00e7\u00f5es suplementares foram realizadas neste domingo (28) no munic\u00edpio de S\u00e3o Francisco de Assis, a 434 km de Porto Alegre. A cidade de cerca de 18 mil habitantes elegeu novamente Paulo Renato Cortelini (MDB), que havia sido julgado pelo TSE por compra de votos h\u00e1 pouco mais de um m\u00eas. Em mar\u00e7o deste ano, o prefeito foi cassado, junto ao vice-prefeito e ao presidente da C\u00e2mara. O mandato de Cortelini havia come\u00e7ado em&hellip; <\/p>\n","protected":false},"author":2,"featured_media":367539,"comment_status":"open","ping_status":"open","sticky":false,"template":"","format":"standard","meta":{"_acf_changed":false,"footnotes":""},"categories":[43],"tags":[],"class_list":["post-367538","post","type-post","status-publish","format-standard","has-post-thumbnail","hentry","category-sem-categoria"],"acf":[],"yoast_head":"<!-- This site is optimized with the Yoast SEO plugin v27.4 - https:\/\/yoast.com\/product\/yoast-seo-wordpress\/ -->\n<title>Prefeito \u00e9 eleito novamente um m\u00eas ap\u00f3s ser cassado por compra de votos no Rio Grande do Sul - Blog do Farn\u00e9sio<\/title>\n<meta name=\"robots\" content=\"index, follow, max-snippet:-1, max-image-preview:large, max-video-preview:-1\" \/>\n<link rel=\"canonical\" href=\"https:\/\/blogdofarnesio.com.br\/?p=367538\" \/>\n<meta property=\"og:locale\" content=\"pt_BR\" \/>\n<meta property=\"og:type\" content=\"article\" \/>\n<meta property=\"og:title\" content=\"Prefeito \u00e9 eleito novamente um m\u00eas ap\u00f3s ser cassado por compra de votos no Rio Grande do Sul - Blog do Farn\u00e9sio\" \/>\n<meta property=\"og:description\" content=\"Uma cidade do interior do Rio Grande do Sul elegeu novamente um prefeito que havia sido cassado cerca de um m\u00eas antes por compra de votos. Al\u00e9m do prefeito, o vice-prefeito e o presidente da C\u00e2mara de Vereadores da cidade foram cassados. De acordo com o UOL, elei\u00e7\u00f5es suplementares foram realizadas neste domingo (28) no munic\u00edpio de S\u00e3o Francisco de Assis, a 434 km de Porto Alegre. A cidade de cerca de 18 mil habitantes elegeu novamente Paulo Renato Cortelini (MDB), que havia sido julgado pelo TSE por compra de votos h\u00e1 pouco mais de um m\u00eas. Em mar\u00e7o deste ano, o prefeito foi cassado, junto ao vice-prefeito e ao presidente da C\u00e2mara. O mandato de Cortelini havia come\u00e7ado em&hellip;\" \/>\n<meta property=\"og:url\" content=\"https:\/\/blogdofarnesio.com.br\/?p=367538\" \/>\n<meta property=\"og:site_name\" content=\"Blog do Farn\u00e9sio\" \/>\n<meta property=\"article:publisher\" content=\"https:\/\/www.facebook.com\/BlogQuerSaberPolitica\/\" \/>\n<meta property=\"article:author\" content=\"https:\/\/www.facebook.com\/?ref=tn_tnmn\" \/>\n<meta property=\"article:published_time\" content=\"2024-04-30T20:05:09+00:00\" \/>\n<meta property=\"og:image\" content=\"https:\/\/blogdofarnesio.com.br\/wp-content\/uploads\/2024\/04\/blogqsppref-cassado-eleito-e1714477828533.webp\" \/>\n\t<meta property=\"og:image:width\" content=\"600\" \/>\n\t<meta property=\"og:image:height\" content=\"315\" \/>\n\t<meta property=\"og:image:type\" content=\"image\/webp\" \/>\n<meta name=\"author\" content=\"Farn\u00e9sio\" \/>\n<meta name=\"twitter:card\" content=\"summary_large_image\" \/>\n<meta name=\"twitter:label1\" content=\"Escrito por\" \/>\n\t<meta name=\"twitter:data1\" content=\"Farn\u00e9sio\" \/>\n\t<meta name=\"twitter:label2\" content=\"Est. tempo de leitura\" \/>\n\t<meta name=\"twitter:data2\" content=\"2 minutos\" \/>\n<script type=\"application\/ld+json\" class=\"yoast-schema-graph\">{\"@context\":\"https:\\\/\\\/schema.org\",\"@graph\":[{\"@type\":\"Article\",\"@id\":\"https:\\\/\\\/blogdofarnesio.com.br\\\/?p=367538#article\",\"isPartOf\":{\"@id\":\"https:\\\/\\\/blogdofarnesio.com.br\\\/?p=367538\"},\"author\":{\"name\":\"Farn\u00e9sio\",\"@id\":\"https:\\\/\\\/blogdofarnesio.com.br\\\/#\\\/schema\\\/person\\\/bb9b23ae3ad0609ce8df7b6c9e76824d\"},\"headline\":\"Prefeito \u00e9 eleito novamente um m\u00eas ap\u00f3s ser cassado por compra de votos no Rio Grande do Sul\",\"datePublished\":\"2024-04-30T20:05:09+00:00\",\"mainEntityOfPage\":{\"@id\":\"https:\\\/\\\/blogdofarnesio.com.br\\\/?p=367538\"},\"wordCount\":358,\"commentCount\":0,\"publisher\":{\"@id\":\"https:\\\/\\\/blogdofarnesio.com.br\\\/#organization\"},\"image\":{\"@id\":\"https:\\\/\\\/blogdofarnesio.com.br\\\/?p=367538#primaryimage\"},\"thumbnailUrl\":\"https:\\\/\\\/blogdofarnesio.com.br\\\/wp-content\\\/uploads\\\/2024\\\/04\\\/blogqsppref-cassado-eleito-e1714477828533.webp\",\"inLanguage\":\"pt-BR\",\"potentialAction\":[{\"@type\":\"CommentAction\",\"name\":\"Comment\",\"target\":[\"https:\\\/\\\/blogdofarnesio.com.br\\\/?p=367538#respond\"]}]},{\"@type\":\"WebPage\",\"@id\":\"https:\\\/\\\/blogdofarnesio.com.br\\\/?p=367538\",\"url\":\"https:\\\/\\\/blogdofarnesio.com.br\\\/?p=367538\",\"name\":\"Prefeito \u00e9 eleito novamente um m\u00eas ap\u00f3s ser cassado por compra de votos no Rio Grande do Sul - Blog do Farn\u00e9sio\",\"isPartOf\":{\"@id\":\"https:\\\/\\\/blogdofarnesio.com.br\\\/#website\"},\"primaryImageOfPage\":{\"@id\":\"https:\\\/\\\/blogdofarnesio.com.br\\\/?p=367538#primaryimage\"},\"image\":{\"@id\":\"https:\\\/\\\/blogdofarnesio.com.br\\\/?p=367538#primaryimage\"},\"thumbnailUrl\":\"https:\\\/\\\/blogdofarnesio.com.br\\\/wp-content\\\/uploads\\\/2024\\\/04\\\/blogqsppref-cassado-eleito-e1714477828533.webp\",\"datePublished\":\"2024-04-30T20:05:09+00:00\",\"breadcrumb\":{\"@id\":\"https:\\\/\\\/blogdofarnesio.com.br\\\/?p=367538#breadcrumb\"},\"inLanguage\":\"pt-BR\",\"potentialAction\":[{\"@type\":\"ReadAction\",\"target\":[\"https:\\\/\\\/blogdofarnesio.com.br\\\/?p=367538\"]}]},{\"@type\":\"ImageObject\",\"inLanguage\":\"pt-BR\",\"@id\":\"https:\\\/\\\/blogdofarnesio.com.br\\\/?p=367538#primaryimage\",\"url\":\"https:\\\/\\\/blogdofarnesio.com.br\\\/wp-content\\\/uploads\\\/2024\\\/04\\\/blogqsppref-cassado-eleito-e1714477828533.webp\",\"contentUrl\":\"https:\\\/\\\/blogdofarnesio.com.br\\\/wp-content\\\/uploads\\\/2024\\\/04\\\/blogqsppref-cassado-eleito-e1714477828533.webp\",\"width\":600,\"height\":315},{\"@type\":\"BreadcrumbList\",\"@id\":\"https:\\\/\\\/blogdofarnesio.com.br\\\/?p=367538#breadcrumb\",\"itemListElement\":[{\"@type\":\"ListItem\",\"position\":1,\"name\":\"In\u00edcio\",\"item\":\"https:\\\/\\\/blogdofarnesio.com.br\\\/\"},{\"@type\":\"ListItem\",\"position\":2,\"name\":\"Prefeito \u00e9 eleito novamente um m\u00eas ap\u00f3s ser cassado por compra de votos no Rio Grande do Sul\"}]},{\"@type\":\"WebSite\",\"@id\":\"https:\\\/\\\/blogdofarnesio.com.br\\\/#website\",\"url\":\"https:\\\/\\\/blogdofarnesio.com.br\\\/\",\"name\":\"Blog do Farn\u00e9sio\",\"description\":\"Quer Saber Pol\u00edtica?\",\"publisher\":{\"@id\":\"https:\\\/\\\/blogdofarnesio.com.br\\\/#organization\"},\"potentialAction\":[{\"@type\":\"SearchAction\",\"target\":{\"@type\":\"EntryPoint\",\"urlTemplate\":\"https:\\\/\\\/blogdofarnesio.com.br\\\/?s={search_term_string}\"},\"query-input\":{\"@type\":\"PropertyValueSpecification\",\"valueRequired\":true,\"valueName\":\"search_term_string\"}}],\"inLanguage\":\"pt-BR\"},{\"@type\":\"Organization\",\"@id\":\"https:\\\/\\\/blogdofarnesio.com.br\\\/#organization\",\"name\":\"Blog do Farn\u00e9sio\",\"url\":\"https:\\\/\\\/blogdofarnesio.com.br\\\/\",\"logo\":{\"@type\":\"ImageObject\",\"inLanguage\":\"pt-BR\",\"@id\":\"https:\\\/\\\/blogdofarnesio.com.br\\\/#\\\/schema\\\/logo\\\/image\\\/\",\"url\":\"https:\\\/\\\/blogdofarnesio.com.br\\\/wp-content\\\/uploads\\\/2026\\\/03\\\/cropped-logo_new-1.png\",\"contentUrl\":\"https:\\\/\\\/blogdofarnesio.com.br\\\/wp-content\\\/uploads\\\/2026\\\/03\\\/cropped-logo_new-1.png\",\"width\":881,\"height\":685,\"caption\":\"Blog do Farn\u00e9sio\"},\"image\":{\"@id\":\"https:\\\/\\\/blogdofarnesio.com.br\\\/#\\\/schema\\\/logo\\\/image\\\/\"},\"sameAs\":[\"https:\\\/\\\/www.facebook.com\\\/BlogQuerSaberPolitica\\\/\"]},{\"@type\":\"Person\",\"@id\":\"https:\\\/\\\/blogdofarnesio.com.br\\\/#\\\/schema\\\/person\\\/bb9b23ae3ad0609ce8df7b6c9e76824d\",\"name\":\"Farn\u00e9sio\",\"image\":{\"@type\":\"ImageObject\",\"inLanguage\":\"pt-BR\",\"@id\":\"https:\\\/\\\/secure.gravatar.com\\\/avatar\\\/986aa4c61ccdb66f8555bf88fc2a65609d00bcabd4d2d94377a727547345cbca?s=96&d=mm&r=g\",\"url\":\"https:\\\/\\\/secure.gravatar.com\\\/avatar\\\/986aa4c61ccdb66f8555bf88fc2a65609d00bcabd4d2d94377a727547345cbca?s=96&d=mm&r=g\",\"contentUrl\":\"https:\\\/\\\/secure.gravatar.com\\\/avatar\\\/986aa4c61ccdb66f8555bf88fc2a65609d00bcabd4d2d94377a727547345cbca?s=96&d=mm&r=g\",\"caption\":\"Farn\u00e9sio\"},\"description\":\"Radialista blogueiro, chegou a Petrolina\\\/Juazeiro em setembro de 1980, Farn\u00e9sio Silva \u00e9 de Arapiraca-Alagoas.\",\"sameAs\":[\"http:\\\/\\\/blogdofarnesio.com.br\",\"https:\\\/\\\/www.facebook.com\\\/?ref=tn_tnmn\",\"https:\\\/\\\/www.instagram.com\\\/?utm_source=pwa_homescreen\",\"https:\\\/\\\/youtube.com.br\\\/\"],\"url\":\"https:\\\/\\\/blogdofarnesio.com.br\\\/?author=2\"}]}<\/script>\n<!-- \/ Yoast SEO plugin. -->","yoast_head_json":{"title":"Prefeito \u00e9 eleito novamente um m\u00eas ap\u00f3s ser cassado por compra de votos no Rio Grande do Sul - Blog do Farn\u00e9sio","robots":{"index":"index","follow":"follow","max-snippet":"max-snippet:-1","max-image-preview":"max-image-preview:large","max-video-preview":"max-video-preview:-1"},"canonical":"https:\/\/blogdofarnesio.com.br\/?p=367538","og_locale":"pt_BR","og_type":"article","og_title":"Prefeito \u00e9 eleito novamente um m\u00eas ap\u00f3s ser cassado por compra de votos no Rio Grande do Sul - Blog do Farn\u00e9sio","og_description":"Uma cidade do interior do Rio Grande do Sul elegeu novamente um prefeito que havia sido cassado cerca de um m\u00eas antes por compra de votos. Al\u00e9m do prefeito, o vice-prefeito e o presidente da C\u00e2mara de Vereadores da cidade foram cassados. De acordo com o UOL, elei\u00e7\u00f5es suplementares foram realizadas neste domingo (28) no munic\u00edpio de S\u00e3o Francisco de Assis, a 434 km de Porto Alegre. A cidade de cerca de 18 mil habitantes elegeu novamente Paulo Renato Cortelini (MDB), que havia sido julgado pelo TSE por compra de votos h\u00e1 pouco mais de um m\u00eas. Em mar\u00e7o deste ano, o prefeito foi cassado, junto ao vice-prefeito e ao presidente da C\u00e2mara. O mandato de Cortelini havia come\u00e7ado em&hellip;","og_url":"https:\/\/blogdofarnesio.com.br\/?p=367538","og_site_name":"Blog do Farn\u00e9sio","article_publisher":"https:\/\/www.facebook.com\/BlogQuerSaberPolitica\/","article_author":"https:\/\/www.facebook.com\/?ref=tn_tnmn","article_published_time":"2024-04-30T20:05:09+00:00","og_image":[{"width":600,"height":315,"url":"https:\/\/blogdofarnesio.com.br\/wp-content\/uploads\/2024\/04\/blogqsppref-cassado-eleito-e1714477828533.webp","type":"image\/webp"}],"author":"Farn\u00e9sio","twitter_card":"summary_large_image","twitter_misc":{"Escrito por":"Farn\u00e9sio","Est. tempo de leitura":"2 minutos"},"schema":{"@context":"https:\/\/schema.org","@graph":[{"@type":"Article","@id":"https:\/\/blogdofarnesio.com.br\/?p=367538#article","isPartOf":{"@id":"https:\/\/blogdofarnesio.com.br\/?p=367538"},"author":{"name":"Farn\u00e9sio","@id":"https:\/\/blogdofarnesio.com.br\/#\/schema\/person\/bb9b23ae3ad0609ce8df7b6c9e76824d"},"headline":"Prefeito \u00e9 eleito novamente um m\u00eas ap\u00f3s ser cassado por compra de votos no Rio Grande do Sul","datePublished":"2024-04-30T20:05:09+00:00","mainEntityOfPage":{"@id":"https:\/\/blogdofarnesio.com.br\/?p=367538"},"wordCount":358,"commentCount":0,"publisher":{"@id":"https:\/\/blogdofarnesio.com.br\/#organization"},"image":{"@id":"https:\/\/blogdofarnesio.com.br\/?p=367538#primaryimage"},"thumbnailUrl":"https:\/\/blogdofarnesio.com.br\/wp-content\/uploads\/2024\/04\/blogqsppref-cassado-eleito-e1714477828533.webp","inLanguage":"pt-BR","potentialAction":[{"@type":"CommentAction","name":"Comment","target":["https:\/\/blogdofarnesio.com.br\/?p=367538#respond"]}]},{"@type":"WebPage","@id":"https:\/\/blogdofarnesio.com.br\/?p=367538","url":"https:\/\/blogdofarnesio.com.br\/?p=367538","name":"Prefeito \u00e9 eleito novamente um m\u00eas ap\u00f3s ser cassado por compra de votos no Rio Grande do Sul - Blog do Farn\u00e9sio","isPartOf":{"@id":"https:\/\/blogdofarnesio.com.br\/#website"},"primaryImageOfPage":{"@id":"https:\/\/blogdofarnesio.com.br\/?p=367538#primaryimage"},"image":{"@id":"https:\/\/blogdofarnesio.com.br\/?p=367538#primaryimage"},"thumbnailUrl":"https:\/\/blogdofarnesio.com.br\/wp-content\/uploads\/2024\/04\/blogqsppref-cassado-eleito-e1714477828533.webp","datePublished":"2024-04-30T20:05:09+00:00","breadcrumb":{"@id":"https:\/\/blogdofarnesio.com.br\/?p=367538#breadcrumb"},"inLanguage":"pt-BR","potentialAction":[{"@type":"ReadAction","target":["https:\/\/blogdofarnesio.com.br\/?p=367538"]}]},{"@type":"ImageObject","inLanguage":"pt-BR","@id":"https:\/\/blogdofarnesio.com.br\/?p=367538#primaryimage","url":"https:\/\/blogdofarnesio.com.br\/wp-content\/uploads\/2024\/04\/blogqsppref-cassado-eleito-e1714477828533.webp","contentUrl":"https:\/\/blogdofarnesio.com.br\/wp-content\/uploads\/2024\/04\/blogqsppref-cassado-eleito-e1714477828533.webp","width":600,"height":315},{"@type":"BreadcrumbList","@id":"https:\/\/blogdofarnesio.com.br\/?p=367538#breadcrumb","itemListElement":[{"@type":"ListItem","position":1,"name":"In\u00edcio","item":"https:\/\/blogdofarnesio.com.br\/"},{"@type":"ListItem","position":2,"name":"Prefeito \u00e9 eleito novamente um m\u00eas ap\u00f3s ser cassado por compra de votos no Rio Grande do Sul"}]},{"@type":"WebSite","@id":"https:\/\/blogdofarnesio.com.br\/#website","url":"https:\/\/blogdofarnesio.com.br\/","name":"Blog do Farn\u00e9sio","description":"Quer Saber Pol\u00edtica?","publisher":{"@id":"https:\/\/blogdofarnesio.com.br\/#organization"},"potentialAction":[{"@type":"SearchAction","target":{"@type":"EntryPoint","urlTemplate":"https:\/\/blogdofarnesio.com.br\/?s={search_term_string}"},"query-input":{"@type":"PropertyValueSpecification","valueRequired":true,"valueName":"search_term_string"}}],"inLanguage":"pt-BR"},{"@type":"Organization","@id":"https:\/\/blogdofarnesio.com.br\/#organization","name":"Blog do Farn\u00e9sio","url":"https:\/\/blogdofarnesio.com.br\/","logo":{"@type":"ImageObject","inLanguage":"pt-BR","@id":"https:\/\/blogdofarnesio.com.br\/#\/schema\/logo\/image\/","url":"https:\/\/blogdofarnesio.com.br\/wp-content\/uploads\/2026\/03\/cropped-logo_new-1.png","contentUrl":"https:\/\/blogdofarnesio.com.br\/wp-content\/uploads\/2026\/03\/cropped-logo_new-1.png","width":881,"height":685,"caption":"Blog do Farn\u00e9sio"},"image":{"@id":"https:\/\/blogdofarnesio.com.br\/#\/schema\/logo\/image\/"},"sameAs":["https:\/\/www.facebook.com\/BlogQuerSaberPolitica\/"]},{"@type":"Person","@id":"https:\/\/blogdofarnesio.com.br\/#\/schema\/person\/bb9b23ae3ad0609ce8df7b6c9e76824d","name":"Farn\u00e9sio","image":{"@type":"ImageObject","inLanguage":"pt-BR","@id":"https:\/\/secure.gravatar.com\/avatar\/986aa4c61ccdb66f8555bf88fc2a65609d00bcabd4d2d94377a727547345cbca?s=96&d=mm&r=g","url":"https:\/\/secure.gravatar.com\/avatar\/986aa4c61ccdb66f8555bf88fc2a65609d00bcabd4d2d94377a727547345cbca?s=96&d=mm&r=g","contentUrl":"https:\/\/secure.gravatar.com\/avatar\/986aa4c61ccdb66f8555bf88fc2a65609d00bcabd4d2d94377a727547345cbca?s=96&d=mm&r=g","caption":"Farn\u00e9sio"},"description":"Radialista blogueiro, chegou a Petrolina\/Juazeiro em setembro de 1980, Farn\u00e9sio Silva \u00e9 de Arapiraca-Alagoas.","sameAs":["http:\/\/blogdofarnesio.com.br","https:\/\/www.facebook.com\/?ref=tn_tnmn","https:\/\/www.instagram.com\/?utm_source=pwa_homescreen","https:\/\/youtube.com.br\/"],"url":"https:\/\/blogdofarnesio.com.br\/?author=2"}]}},"_links":{"self":[{"href":"https:\/\/blogdofarnesio.com.br\/index.php?rest_route=\/wp\/v2\/posts\/367538","targetHints":{"allow":["GET"]}}],"collection":[{"href":"https:\/\/blogdofarnesio.com.br\/index.php?rest_route=\/wp\/v2\/posts"}],"about":[{"href":"https:\/\/blogdofarnesio.com.br\/index.php?rest_route=\/wp\/v2\/types\/post"}],"author":[{"embeddable":true,"href":"https:\/\/blogdofarnesio.com.br\/index.php?rest_route=\/wp\/v2\/users\/2"}],"replies":[{"embeddable":true,"href":"https:\/\/blogdofarnesio.com.br\/index.php?rest_route=%2Fwp%2Fv2%2Fcomments&post=367538"}],"version-history":[{"count":0,"href":"https:\/\/blogdofarnesio.com.br\/index.php?rest_route=\/wp\/v2\/posts\/367538\/revisions"}],"wp:featuredmedia":[{"embeddable":true,"href":"https:\/\/blogdofarnesio.com.br\/index.php?rest_route=\/wp\/v2\/media\/367539"}],"wp:attachment":[{"href":"https:\/\/blogdofarnesio.com.br\/index.php?rest_route=%2Fwp%2Fv2%2Fmedia&parent=367538"}],"wp:term":[{"taxonomy":"category","embeddable":true,"href":"https:\/\/blogdofarnesio.com.br\/index.php?rest_route=%2Fwp%2Fv2%2Fcategories&post=367538"},{"taxonomy":"post_tag","embeddable":true,"href":"https:\/\/blogdofarnesio.com.br\/index.php?rest_route=%2Fwp%2Fv2%2Ftags&post=367538"}],"curies":[{"name":"wp","href":"https:\/\/api.w.org\/{rel}","templated":true}]}}