{"id":367511,"date":"2024-05-01T11:00:43","date_gmt":"2024-05-01T14:00:43","guid":{"rendered":"https:\/\/blogdofarnesio.com.br\/?p=367511"},"modified":"2024-05-01T08:55:47","modified_gmt":"2024-05-01T11:55:47","slug":"9a-edicao-do-bora-petrolina-sera-realizada-no-proximo-sabado","status":"publish","type":"post","link":"https:\/\/blogdofarnesio.com.br\/?p=367511","title":{"rendered":"9\u00aa Edi\u00e7\u00e3o do Bora Petrolina ser\u00e1 realizada no pr\u00f3ximo s\u00e1bado"},"content":{"rendered":"<div id=\"nav\">\n<div id=\"speedbump\">\n<div class=\"ObxnS\">\n<div class=\"MefFWe\">\n<div class=\"hbTneb\">\n<div class=\"KkSzKc\">Com uma estrutura de s\u00e1bado para oferecer conforto e rapidez nos atendimentos, a Prefeitura de Petrolina vai levar s\u00e1bado (4), a partir das 8h, na Escola Municipal Santa Terezinha, a 9\u00b0 edi\u00e7\u00e3o do programa Bora Petrolina.<\/div>\n<div><\/div>\n<div class=\"KkSzKc\">Ser\u00e3o oferecidos diversos servi\u00e7os para a popula\u00e7\u00e3o do bairro Dom Avelar e dos bairros circunvizinhos, como Santa Luzia, S\u00e3o Joaquim, S\u00e3o Jorge, Mandacaru, Top\u00e1zio, Terras do Sul, Vila D\u00e9bora, Padre C\u00edcero 1 e 2 e Vila Rotary.<\/div>\n<\/div>\n<\/div>\n<\/div>\n<\/div>\n<\/div>\n<div id=\"views\">\n<div id=\"cv_\" class=\" q0CeU \">\n<div class=\"BMRW0e\">\n<div class=\"uQdvnb\">\n<div class=\"OM62re\">\n<div class=\"Atp2Qd\">\n<div class=\"gmSzme\" data-onclick=\"cvmsgcontainercl+23\">\n<div id=\"cvcmsg_18f2a95e292be78b\" class=\"ArwC7c\">\n<div id=\"cvcfullmsg_18f2a95e292be78b\" class=\"LnPMz\">\n<div id=\"cvcmsgbod_18f2a95e292be78b\" class=\"qgRHze\">\n<div class=\"lR4FQe\">\n<div class=\"IoGNdb Zc0jMc \" dir=\"ltr\">\n<div dir=\"ltr\">\n<p>Programa criado pela Prefeitura Municipal, al\u00e9m dos mais de 120 servi\u00e7os que ser\u00e3o disponibilizados pelas diversas secretarias municipais, o &#8220;Bora Petrolina&#8221; contar\u00e1 com a participa\u00e7\u00e3o de institui\u00e7\u00f5es parceiras como OAB Petrolina, INSS, Univasf, CDL, 5\u00b0 BPM, Faculdade Uninassau, Farm\u00e1cia Diariamente, Senac, Sest Senat, UPE, INCRA, Faculdade Soberana, Cl\u00ednica \u00c1tma, CDI, Unibras e Funda\u00e7\u00e3o Nilo Coelho.<\/p>\n<p>Ser\u00e3o disponibilizados servi\u00e7os em diversas \u00e1reas, entre os quais, atendimento m\u00e9dico e odontol\u00f3gico, exames laboratoriais e vacina\u00e7\u00e3o. A popula\u00e7\u00e3o vai poder contar tamb\u00e9m com aux\u00edlio para o cadastro \u00danico e atualiza\u00e7\u00e3o de dados cadastrais do aux\u00edlio Bolsa Fam\u00edlia, regulariza\u00e7\u00e3o fundi\u00e1ria, inclusive com a realiza\u00e7\u00e3o de cadastro para a obten\u00e7\u00e3o de t\u00edtulo de posse de im\u00f3vel, bem como, orienta\u00e7\u00f5es jur\u00eddicas sobre residentes e pens\u00e3o aliment\u00edcia.<\/p>\n<\/div>\n<\/div>\n<\/div>\n<\/div>\n<\/div>\n<\/div>\n<\/div>\n<\/div>\n<\/div>\n<\/div>\n<\/div>\n<\/div>\n<\/div>\n","protected":false},"excerpt":{"rendered":"<p>Com uma estrutura de s\u00e1bado para oferecer conforto e rapidez nos atendimentos, a Prefeitura de Petrolina vai levar s\u00e1bado (4), a partir das 8h, na Escola Municipal Santa Terezinha, a 9\u00b0 edi\u00e7\u00e3o do programa Bora Petrolina. Ser\u00e3o oferecidos diversos servi\u00e7os para a popula\u00e7\u00e3o do bairro Dom Avelar e dos bairros circunvizinhos, como Santa Luzia, S\u00e3o Joaquim, S\u00e3o Jorge, Mandacaru, Top\u00e1zio, Terras do Sul, Vila D\u00e9bora, Padre C\u00edcero 1 e 2 e Vila Rotary. Programa criado pela Prefeitura Municipal, al\u00e9m dos mais de 120 servi\u00e7os que ser\u00e3o disponibilizados pelas diversas secretarias municipais, o &#8220;Bora Petrolina&#8221; contar\u00e1 com a participa\u00e7\u00e3o de institui\u00e7\u00f5es parceiras como OAB Petrolina, INSS, Univasf, CDL, 5\u00b0 BPM, Faculdade Uninassau, Farm\u00e1cia Diariamente, Senac, Sest Senat, UPE, INCRA, Faculdade Soberana,&hellip; <\/p>\n","protected":false},"author":2,"featured_media":367514,"comment_status":"open","ping_status":"open","sticky":false,"template":"","format":"standard","meta":{"_acf_changed":false,"footnotes":""},"categories":[22],"tags":[],"class_list":["post-367511","post","type-post","status-publish","format-standard","has-post-thumbnail","hentry","category-acao-social"],"acf":[],"yoast_head":"<!-- This site is optimized with the Yoast SEO plugin v27.4 - https:\/\/yoast.com\/product\/yoast-seo-wordpress\/ -->\n<title>9\u00aa Edi\u00e7\u00e3o do Bora Petrolina ser\u00e1 realizada no pr\u00f3ximo s\u00e1bado - Blog do Farn\u00e9sio<\/title>\n<meta name=\"robots\" content=\"index, follow, max-snippet:-1, max-image-preview:large, max-video-preview:-1\" \/>\n<link rel=\"canonical\" href=\"https:\/\/blogdofarnesio.com.br\/?p=367511\" \/>\n<meta property=\"og:locale\" content=\"pt_BR\" \/>\n<meta property=\"og:type\" content=\"article\" \/>\n<meta property=\"og:title\" content=\"9\u00aa Edi\u00e7\u00e3o do Bora Petrolina ser\u00e1 realizada no pr\u00f3ximo s\u00e1bado - Blog do Farn\u00e9sio\" \/>\n<meta property=\"og:description\" content=\"Com uma estrutura de s\u00e1bado para oferecer conforto e rapidez nos atendimentos, a Prefeitura de Petrolina vai levar s\u00e1bado (4), a partir das 8h, na Escola Municipal Santa Terezinha, a 9\u00b0 edi\u00e7\u00e3o do programa Bora Petrolina. Ser\u00e3o oferecidos diversos servi\u00e7os para a popula\u00e7\u00e3o do bairro Dom Avelar e dos bairros circunvizinhos, como Santa Luzia, S\u00e3o Joaquim, S\u00e3o Jorge, Mandacaru, Top\u00e1zio, Terras do Sul, Vila D\u00e9bora, Padre C\u00edcero 1 e 2 e Vila Rotary. Programa criado pela Prefeitura Municipal, al\u00e9m dos mais de 120 servi\u00e7os que ser\u00e3o disponibilizados pelas diversas secretarias municipais, o &#8220;Bora Petrolina&#8221; contar\u00e1 com a participa\u00e7\u00e3o de institui\u00e7\u00f5es parceiras como OAB Petrolina, INSS, Univasf, CDL, 5\u00b0 BPM, Faculdade Uninassau, Farm\u00e1cia Diariamente, Senac, Sest Senat, UPE, INCRA, Faculdade Soberana,&hellip;\" \/>\n<meta property=\"og:url\" content=\"https:\/\/blogdofarnesio.com.br\/?p=367511\" \/>\n<meta property=\"og:site_name\" content=\"Blog do Farn\u00e9sio\" \/>\n<meta property=\"article:publisher\" content=\"https:\/\/www.facebook.com\/BlogQuerSaberPolitica\/\" \/>\n<meta property=\"article:author\" content=\"https:\/\/www.facebook.com\/?ref=tn_tnmn\" \/>\n<meta property=\"article:published_time\" content=\"2024-05-01T14:00:43+00:00\" \/>\n<meta property=\"og:image\" content=\"https:\/\/blogdofarnesio.com.br\/wp-content\/uploads\/2024\/04\/Bora-Petrolina-5-e1714428111174.jpg\" \/>\n\t<meta property=\"og:image:width\" content=\"500\" \/>\n\t<meta property=\"og:image:height\" content=\"334\" \/>\n\t<meta property=\"og:image:type\" content=\"image\/jpeg\" \/>\n<meta name=\"author\" content=\"Farn\u00e9sio\" \/>\n<meta name=\"twitter:card\" content=\"summary_large_image\" \/>\n<meta name=\"twitter:label1\" content=\"Escrito por\" \/>\n\t<meta name=\"twitter:data1\" content=\"Farn\u00e9sio\" \/>\n\t<meta name=\"twitter:label2\" content=\"Est. tempo de leitura\" \/>\n\t<meta name=\"twitter:data2\" content=\"2 minutos\" \/>\n<script type=\"application\/ld+json\" class=\"yoast-schema-graph\">{\"@context\":\"https:\\\/\\\/schema.org\",\"@graph\":[{\"@type\":\"Article\",\"@id\":\"https:\\\/\\\/blogdofarnesio.com.br\\\/?p=367511#article\",\"isPartOf\":{\"@id\":\"https:\\\/\\\/blogdofarnesio.com.br\\\/?p=367511\"},\"author\":{\"name\":\"Farn\u00e9sio\",\"@id\":\"https:\\\/\\\/blogdofarnesio.com.br\\\/#\\\/schema\\\/person\\\/bb9b23ae3ad0609ce8df7b6c9e76824d\"},\"headline\":\"9\u00aa Edi\u00e7\u00e3o do Bora Petrolina ser\u00e1 realizada no pr\u00f3ximo s\u00e1bado\",\"datePublished\":\"2024-05-01T14:00:43+00:00\",\"mainEntityOfPage\":{\"@id\":\"https:\\\/\\\/blogdofarnesio.com.br\\\/?p=367511\"},\"wordCount\":238,\"commentCount\":0,\"publisher\":{\"@id\":\"https:\\\/\\\/blogdofarnesio.com.br\\\/#organization\"},\"image\":{\"@id\":\"https:\\\/\\\/blogdofarnesio.com.br\\\/?p=367511#primaryimage\"},\"thumbnailUrl\":\"https:\\\/\\\/blogdofarnesio.com.br\\\/wp-content\\\/uploads\\\/2024\\\/04\\\/Bora-Petrolina-5-e1714428111174.jpg\",\"articleSection\":[\"A\u00e7\u00e3o Social\"],\"inLanguage\":\"pt-BR\",\"potentialAction\":[{\"@type\":\"CommentAction\",\"name\":\"Comment\",\"target\":[\"https:\\\/\\\/blogdofarnesio.com.br\\\/?p=367511#respond\"]}]},{\"@type\":\"WebPage\",\"@id\":\"https:\\\/\\\/blogdofarnesio.com.br\\\/?p=367511\",\"url\":\"https:\\\/\\\/blogdofarnesio.com.br\\\/?p=367511\",\"name\":\"9\u00aa Edi\u00e7\u00e3o do Bora Petrolina ser\u00e1 realizada no pr\u00f3ximo s\u00e1bado - Blog do Farn\u00e9sio\",\"isPartOf\":{\"@id\":\"https:\\\/\\\/blogdofarnesio.com.br\\\/#website\"},\"primaryImageOfPage\":{\"@id\":\"https:\\\/\\\/blogdofarnesio.com.br\\\/?p=367511#primaryimage\"},\"image\":{\"@id\":\"https:\\\/\\\/blogdofarnesio.com.br\\\/?p=367511#primaryimage\"},\"thumbnailUrl\":\"https:\\\/\\\/blogdofarnesio.com.br\\\/wp-content\\\/uploads\\\/2024\\\/04\\\/Bora-Petrolina-5-e1714428111174.jpg\",\"datePublished\":\"2024-05-01T14:00:43+00:00\",\"breadcrumb\":{\"@id\":\"https:\\\/\\\/blogdofarnesio.com.br\\\/?p=367511#breadcrumb\"},\"inLanguage\":\"pt-BR\",\"potentialAction\":[{\"@type\":\"ReadAction\",\"target\":[\"https:\\\/\\\/blogdofarnesio.com.br\\\/?p=367511\"]}]},{\"@type\":\"ImageObject\",\"inLanguage\":\"pt-BR\",\"@id\":\"https:\\\/\\\/blogdofarnesio.com.br\\\/?p=367511#primaryimage\",\"url\":\"https:\\\/\\\/blogdofarnesio.com.br\\\/wp-content\\\/uploads\\\/2024\\\/04\\\/Bora-Petrolina-5-e1714428111174.jpg\",\"contentUrl\":\"https:\\\/\\\/blogdofarnesio.com.br\\\/wp-content\\\/uploads\\\/2024\\\/04\\\/Bora-Petrolina-5-e1714428111174.jpg\",\"width\":500,\"height\":334},{\"@type\":\"BreadcrumbList\",\"@id\":\"https:\\\/\\\/blogdofarnesio.com.br\\\/?p=367511#breadcrumb\",\"itemListElement\":[{\"@type\":\"ListItem\",\"position\":1,\"name\":\"In\u00edcio\",\"item\":\"https:\\\/\\\/blogdofarnesio.com.br\\\/\"},{\"@type\":\"ListItem\",\"position\":2,\"name\":\"9\u00aa Edi\u00e7\u00e3o do Bora Petrolina ser\u00e1 realizada no pr\u00f3ximo s\u00e1bado\"}]},{\"@type\":\"WebSite\",\"@id\":\"https:\\\/\\\/blogdofarnesio.com.br\\\/#website\",\"url\":\"https:\\\/\\\/blogdofarnesio.com.br\\\/\",\"name\":\"Blog do Farn\u00e9sio\",\"description\":\"Quer Saber Pol\u00edtica?\",\"publisher\":{\"@id\":\"https:\\\/\\\/blogdofarnesio.com.br\\\/#organization\"},\"potentialAction\":[{\"@type\":\"SearchAction\",\"target\":{\"@type\":\"EntryPoint\",\"urlTemplate\":\"https:\\\/\\\/blogdofarnesio.com.br\\\/?s={search_term_string}\"},\"query-input\":{\"@type\":\"PropertyValueSpecification\",\"valueRequired\":true,\"valueName\":\"search_term_string\"}}],\"inLanguage\":\"pt-BR\"},{\"@type\":\"Organization\",\"@id\":\"https:\\\/\\\/blogdofarnesio.com.br\\\/#organization\",\"name\":\"Blog do Farn\u00e9sio\",\"url\":\"https:\\\/\\\/blogdofarnesio.com.br\\\/\",\"logo\":{\"@type\":\"ImageObject\",\"inLanguage\":\"pt-BR\",\"@id\":\"https:\\\/\\\/blogdofarnesio.com.br\\\/#\\\/schema\\\/logo\\\/image\\\/\",\"url\":\"https:\\\/\\\/blogdofarnesio.com.br\\\/wp-content\\\/uploads\\\/2026\\\/03\\\/cropped-logo_new-1.png\",\"contentUrl\":\"https:\\\/\\\/blogdofarnesio.com.br\\\/wp-content\\\/uploads\\\/2026\\\/03\\\/cropped-logo_new-1.png\",\"width\":881,\"height\":685,\"caption\":\"Blog do Farn\u00e9sio\"},\"image\":{\"@id\":\"https:\\\/\\\/blogdofarnesio.com.br\\\/#\\\/schema\\\/logo\\\/image\\\/\"},\"sameAs\":[\"https:\\\/\\\/www.facebook.com\\\/BlogQuerSaberPolitica\\\/\"]},{\"@type\":\"Person\",\"@id\":\"https:\\\/\\\/blogdofarnesio.com.br\\\/#\\\/schema\\\/person\\\/bb9b23ae3ad0609ce8df7b6c9e76824d\",\"name\":\"Farn\u00e9sio\",\"image\":{\"@type\":\"ImageObject\",\"inLanguage\":\"pt-BR\",\"@id\":\"https:\\\/\\\/secure.gravatar.com\\\/avatar\\\/986aa4c61ccdb66f8555bf88fc2a65609d00bcabd4d2d94377a727547345cbca?s=96&d=mm&r=g\",\"url\":\"https:\\\/\\\/secure.gravatar.com\\\/avatar\\\/986aa4c61ccdb66f8555bf88fc2a65609d00bcabd4d2d94377a727547345cbca?s=96&d=mm&r=g\",\"contentUrl\":\"https:\\\/\\\/secure.gravatar.com\\\/avatar\\\/986aa4c61ccdb66f8555bf88fc2a65609d00bcabd4d2d94377a727547345cbca?s=96&d=mm&r=g\",\"caption\":\"Farn\u00e9sio\"},\"description\":\"Radialista blogueiro, chegou a Petrolina\\\/Juazeiro em setembro de 1980, Farn\u00e9sio Silva \u00e9 de Arapiraca-Alagoas.\",\"sameAs\":[\"http:\\\/\\\/blogdofarnesio.com.br\",\"https:\\\/\\\/www.facebook.com\\\/?ref=tn_tnmn\",\"https:\\\/\\\/www.instagram.com\\\/?utm_source=pwa_homescreen\",\"https:\\\/\\\/youtube.com.br\\\/\"],\"url\":\"https:\\\/\\\/blogdofarnesio.com.br\\\/?author=2\"}]}<\/script>\n<!-- \/ Yoast SEO plugin. -->","yoast_head_json":{"title":"9\u00aa Edi\u00e7\u00e3o do Bora Petrolina ser\u00e1 realizada no pr\u00f3ximo s\u00e1bado - Blog do Farn\u00e9sio","robots":{"index":"index","follow":"follow","max-snippet":"max-snippet:-1","max-image-preview":"max-image-preview:large","max-video-preview":"max-video-preview:-1"},"canonical":"https:\/\/blogdofarnesio.com.br\/?p=367511","og_locale":"pt_BR","og_type":"article","og_title":"9\u00aa Edi\u00e7\u00e3o do Bora Petrolina ser\u00e1 realizada no pr\u00f3ximo s\u00e1bado - Blog do Farn\u00e9sio","og_description":"Com uma estrutura de s\u00e1bado para oferecer conforto e rapidez nos atendimentos, a Prefeitura de Petrolina vai levar s\u00e1bado (4), a partir das 8h, na Escola Municipal Santa Terezinha, a 9\u00b0 edi\u00e7\u00e3o do programa Bora Petrolina. Ser\u00e3o oferecidos diversos servi\u00e7os para a popula\u00e7\u00e3o do bairro Dom Avelar e dos bairros circunvizinhos, como Santa Luzia, S\u00e3o Joaquim, S\u00e3o Jorge, Mandacaru, Top\u00e1zio, Terras do Sul, Vila D\u00e9bora, Padre C\u00edcero 1 e 2 e Vila Rotary. Programa criado pela Prefeitura Municipal, al\u00e9m dos mais de 120 servi\u00e7os que ser\u00e3o disponibilizados pelas diversas secretarias municipais, o &#8220;Bora Petrolina&#8221; contar\u00e1 com a participa\u00e7\u00e3o de institui\u00e7\u00f5es parceiras como OAB Petrolina, INSS, Univasf, CDL, 5\u00b0 BPM, Faculdade Uninassau, Farm\u00e1cia Diariamente, Senac, Sest Senat, UPE, INCRA, Faculdade Soberana,&hellip;","og_url":"https:\/\/blogdofarnesio.com.br\/?p=367511","og_site_name":"Blog do Farn\u00e9sio","article_publisher":"https:\/\/www.facebook.com\/BlogQuerSaberPolitica\/","article_author":"https:\/\/www.facebook.com\/?ref=tn_tnmn","article_published_time":"2024-05-01T14:00:43+00:00","og_image":[{"width":500,"height":334,"url":"https:\/\/blogdofarnesio.com.br\/wp-content\/uploads\/2024\/04\/Bora-Petrolina-5-e1714428111174.jpg","type":"image\/jpeg"}],"author":"Farn\u00e9sio","twitter_card":"summary_large_image","twitter_misc":{"Escrito por":"Farn\u00e9sio","Est. tempo de leitura":"2 minutos"},"schema":{"@context":"https:\/\/schema.org","@graph":[{"@type":"Article","@id":"https:\/\/blogdofarnesio.com.br\/?p=367511#article","isPartOf":{"@id":"https:\/\/blogdofarnesio.com.br\/?p=367511"},"author":{"name":"Farn\u00e9sio","@id":"https:\/\/blogdofarnesio.com.br\/#\/schema\/person\/bb9b23ae3ad0609ce8df7b6c9e76824d"},"headline":"9\u00aa Edi\u00e7\u00e3o do Bora Petrolina ser\u00e1 realizada no pr\u00f3ximo s\u00e1bado","datePublished":"2024-05-01T14:00:43+00:00","mainEntityOfPage":{"@id":"https:\/\/blogdofarnesio.com.br\/?p=367511"},"wordCount":238,"commentCount":0,"publisher":{"@id":"https:\/\/blogdofarnesio.com.br\/#organization"},"image":{"@id":"https:\/\/blogdofarnesio.com.br\/?p=367511#primaryimage"},"thumbnailUrl":"https:\/\/blogdofarnesio.com.br\/wp-content\/uploads\/2024\/04\/Bora-Petrolina-5-e1714428111174.jpg","articleSection":["A\u00e7\u00e3o Social"],"inLanguage":"pt-BR","potentialAction":[{"@type":"CommentAction","name":"Comment","target":["https:\/\/blogdofarnesio.com.br\/?p=367511#respond"]}]},{"@type":"WebPage","@id":"https:\/\/blogdofarnesio.com.br\/?p=367511","url":"https:\/\/blogdofarnesio.com.br\/?p=367511","name":"9\u00aa Edi\u00e7\u00e3o do Bora Petrolina ser\u00e1 realizada no pr\u00f3ximo s\u00e1bado - Blog do Farn\u00e9sio","isPartOf":{"@id":"https:\/\/blogdofarnesio.com.br\/#website"},"primaryImageOfPage":{"@id":"https:\/\/blogdofarnesio.com.br\/?p=367511#primaryimage"},"image":{"@id":"https:\/\/blogdofarnesio.com.br\/?p=367511#primaryimage"},"thumbnailUrl":"https:\/\/blogdofarnesio.com.br\/wp-content\/uploads\/2024\/04\/Bora-Petrolina-5-e1714428111174.jpg","datePublished":"2024-05-01T14:00:43+00:00","breadcrumb":{"@id":"https:\/\/blogdofarnesio.com.br\/?p=367511#breadcrumb"},"inLanguage":"pt-BR","potentialAction":[{"@type":"ReadAction","target":["https:\/\/blogdofarnesio.com.br\/?p=367511"]}]},{"@type":"ImageObject","inLanguage":"pt-BR","@id":"https:\/\/blogdofarnesio.com.br\/?p=367511#primaryimage","url":"https:\/\/blogdofarnesio.com.br\/wp-content\/uploads\/2024\/04\/Bora-Petrolina-5-e1714428111174.jpg","contentUrl":"https:\/\/blogdofarnesio.com.br\/wp-content\/uploads\/2024\/04\/Bora-Petrolina-5-e1714428111174.jpg","width":500,"height":334},{"@type":"BreadcrumbList","@id":"https:\/\/blogdofarnesio.com.br\/?p=367511#breadcrumb","itemListElement":[{"@type":"ListItem","position":1,"name":"In\u00edcio","item":"https:\/\/blogdofarnesio.com.br\/"},{"@type":"ListItem","position":2,"name":"9\u00aa Edi\u00e7\u00e3o do Bora Petrolina ser\u00e1 realizada no pr\u00f3ximo s\u00e1bado"}]},{"@type":"WebSite","@id":"https:\/\/blogdofarnesio.com.br\/#website","url":"https:\/\/blogdofarnesio.com.br\/","name":"Blog do Farn\u00e9sio","description":"Quer Saber Pol\u00edtica?","publisher":{"@id":"https:\/\/blogdofarnesio.com.br\/#organization"},"potentialAction":[{"@type":"SearchAction","target":{"@type":"EntryPoint","urlTemplate":"https:\/\/blogdofarnesio.com.br\/?s={search_term_string}"},"query-input":{"@type":"PropertyValueSpecification","valueRequired":true,"valueName":"search_term_string"}}],"inLanguage":"pt-BR"},{"@type":"Organization","@id":"https:\/\/blogdofarnesio.com.br\/#organization","name":"Blog do Farn\u00e9sio","url":"https:\/\/blogdofarnesio.com.br\/","logo":{"@type":"ImageObject","inLanguage":"pt-BR","@id":"https:\/\/blogdofarnesio.com.br\/#\/schema\/logo\/image\/","url":"https:\/\/blogdofarnesio.com.br\/wp-content\/uploads\/2026\/03\/cropped-logo_new-1.png","contentUrl":"https:\/\/blogdofarnesio.com.br\/wp-content\/uploads\/2026\/03\/cropped-logo_new-1.png","width":881,"height":685,"caption":"Blog do Farn\u00e9sio"},"image":{"@id":"https:\/\/blogdofarnesio.com.br\/#\/schema\/logo\/image\/"},"sameAs":["https:\/\/www.facebook.com\/BlogQuerSaberPolitica\/"]},{"@type":"Person","@id":"https:\/\/blogdofarnesio.com.br\/#\/schema\/person\/bb9b23ae3ad0609ce8df7b6c9e76824d","name":"Farn\u00e9sio","image":{"@type":"ImageObject","inLanguage":"pt-BR","@id":"https:\/\/secure.gravatar.com\/avatar\/986aa4c61ccdb66f8555bf88fc2a65609d00bcabd4d2d94377a727547345cbca?s=96&d=mm&r=g","url":"https:\/\/secure.gravatar.com\/avatar\/986aa4c61ccdb66f8555bf88fc2a65609d00bcabd4d2d94377a727547345cbca?s=96&d=mm&r=g","contentUrl":"https:\/\/secure.gravatar.com\/avatar\/986aa4c61ccdb66f8555bf88fc2a65609d00bcabd4d2d94377a727547345cbca?s=96&d=mm&r=g","caption":"Farn\u00e9sio"},"description":"Radialista blogueiro, chegou a Petrolina\/Juazeiro em setembro de 1980, Farn\u00e9sio Silva \u00e9 de Arapiraca-Alagoas.","sameAs":["http:\/\/blogdofarnesio.com.br","https:\/\/www.facebook.com\/?ref=tn_tnmn","https:\/\/www.instagram.com\/?utm_source=pwa_homescreen","https:\/\/youtube.com.br\/"],"url":"https:\/\/blogdofarnesio.com.br\/?author=2"}]}},"_links":{"self":[{"href":"https:\/\/blogdofarnesio.com.br\/index.php?rest_route=\/wp\/v2\/posts\/367511","targetHints":{"allow":["GET"]}}],"collection":[{"href":"https:\/\/blogdofarnesio.com.br\/index.php?rest_route=\/wp\/v2\/posts"}],"about":[{"href":"https:\/\/blogdofarnesio.com.br\/index.php?rest_route=\/wp\/v2\/types\/post"}],"author":[{"embeddable":true,"href":"https:\/\/blogdofarnesio.com.br\/index.php?rest_route=\/wp\/v2\/users\/2"}],"replies":[{"embeddable":true,"href":"https:\/\/blogdofarnesio.com.br\/index.php?rest_route=%2Fwp%2Fv2%2Fcomments&post=367511"}],"version-history":[{"count":0,"href":"https:\/\/blogdofarnesio.com.br\/index.php?rest_route=\/wp\/v2\/posts\/367511\/revisions"}],"wp:featuredmedia":[{"embeddable":true,"href":"https:\/\/blogdofarnesio.com.br\/index.php?rest_route=\/wp\/v2\/media\/367514"}],"wp:attachment":[{"href":"https:\/\/blogdofarnesio.com.br\/index.php?rest_route=%2Fwp%2Fv2%2Fmedia&parent=367511"}],"wp:term":[{"taxonomy":"category","embeddable":true,"href":"https:\/\/blogdofarnesio.com.br\/index.php?rest_route=%2Fwp%2Fv2%2Fcategories&post=367511"},{"taxonomy":"post_tag","embeddable":true,"href":"https:\/\/blogdofarnesio.com.br\/index.php?rest_route=%2Fwp%2Fv2%2Ftags&post=367511"}],"curies":[{"name":"wp","href":"https:\/\/api.w.org\/{rel}","templated":true}]}}