{"id":367263,"date":"2024-04-27T09:31:09","date_gmt":"2024-04-27T12:31:09","guid":{"rendered":"https:\/\/blogdofarnesio.com.br\/?p=367263"},"modified":"2024-04-27T09:31:43","modified_gmt":"2024-04-27T12:31:43","slug":"compesa-divulga-nota-sobre-multa-aplicada-pela-agencia-reguladora-municipal-de-petrolina","status":"publish","type":"post","link":"https:\/\/blogdofarnesio.com.br\/?p=367263","title":{"rendered":"Compesa divulga nota sobre multa aplicada pela Ag\u00eancia Reguladora Municipal de Petrolina"},"content":{"rendered":"<div class=\"entry-content clearfix\">\n<p>Uma nota de esclarecimento a respeito da mat\u00e9ria \u201c<a href=\"https:\/\/www.alvinhopatriota.com.br\/compesa-e-multada-em-mais-de-r-372-mil-por-crime-ambiental-e-irregularidades-na-estacao-de-tratamento-de-esgoto-em-petrolina\/\" target=\"_blank\" rel=\"noopener\">Compesa \u00e9 multada em mais de R$ 372 mil por crime ambiental e irregularidades na esta\u00e7\u00e3o de tratamento de esgoto em Petrolina<\/a>\u201c. Confira abaixo:<\/p>\n<p><strong>Nota \u00e0 Imprensa<\/strong><\/p>\n<p>\u201cA Compesa informa que recebeu a aplica\u00e7\u00e3o da multa com surpresa e vai contestar judicialmente a medida da Ag\u00eancia Reguladora Municipal de Petrolina- Armup, \u00f3rg\u00e3o vinculado \u00e0 prefeitura de Petrolina.<\/p>\n<p>A pr\u00f3pria prefeitura decretou estado de emerg\u00eancia no dia 4 de abril em fun\u00e7\u00e3o da incid\u00eancia de fortes chuvas que alagaram ruas e avenidas. O bairro Jo\u00e3o de Deus, onde fica a Esta\u00e7\u00e3o de Tratamento de Esgoto (ETE), foi atingido, e a falta de drenagem para escoamento das \u00e1guas pluviais, de responsabilidade do munic\u00edpio, acabou provocando sobrecarga da ETE.<\/p>\n<p>Para amenizar a aus\u00eancia da drenagem, que tanto prejudica a opera\u00e7\u00e3o do sistema de esgotamento sanit\u00e1rio, a Compesa deu in\u00edcio a uma obra estruturadora, no bairro Jo\u00e3o de Deus, por entender que a popula\u00e7\u00e3o n\u00e3o pode ser penalizada, com v\u00e1rias interven\u00e7\u00f5es para ampliar a capacidade da rede coletora.<\/p>\n<p>A obra est\u00e1 40% executada e vai melhorar a capacidade operacional da ETE.\u201d<\/p>\n<\/div>\n","protected":false},"excerpt":{"rendered":"<p>Uma nota de esclarecimento a respeito da mat\u00e9ria \u201cCompesa \u00e9 multada em mais de R$ 372 mil por crime ambiental e irregularidades na esta\u00e7\u00e3o de tratamento de esgoto em Petrolina\u201c. Confira abaixo: Nota \u00e0 Imprensa \u201cA Compesa informa que recebeu a aplica\u00e7\u00e3o da multa com surpresa e vai contestar judicialmente a medida da Ag\u00eancia Reguladora Municipal de Petrolina- Armup, \u00f3rg\u00e3o vinculado \u00e0 prefeitura de Petrolina. A pr\u00f3pria prefeitura decretou estado de emerg\u00eancia no dia 4 de abril em fun\u00e7\u00e3o da incid\u00eancia de fortes chuvas que alagaram ruas e avenidas. O bairro Jo\u00e3o de Deus, onde fica a Esta\u00e7\u00e3o de Tratamento de Esgoto (ETE), foi atingido, e a falta de drenagem para escoamento das \u00e1guas pluviais, de responsabilidade do munic\u00edpio, acabou&hellip; <\/p>\n","protected":false},"author":2,"featured_media":334340,"comment_status":"open","ping_status":"open","sticky":false,"template":"","format":"standard","meta":{"_acf_changed":false,"footnotes":""},"categories":[56],"tags":[],"class_list":["post-367263","post","type-post","status-publish","format-standard","has-post-thumbnail","hentry","category-agua"],"acf":[],"yoast_head":"<!-- This site is optimized with the Yoast SEO plugin v27.4 - https:\/\/yoast.com\/product\/yoast-seo-wordpress\/ -->\n<title>Compesa divulga nota sobre multa aplicada pela Ag\u00eancia Reguladora Municipal de Petrolina - Blog do Farn\u00e9sio<\/title>\n<meta name=\"robots\" content=\"index, follow, max-snippet:-1, max-image-preview:large, max-video-preview:-1\" \/>\n<link rel=\"canonical\" href=\"https:\/\/blogdofarnesio.com.br\/?p=367263\" \/>\n<meta property=\"og:locale\" content=\"pt_BR\" \/>\n<meta property=\"og:type\" content=\"article\" \/>\n<meta property=\"og:title\" content=\"Compesa divulga nota sobre multa aplicada pela Ag\u00eancia Reguladora Municipal de Petrolina - Blog do Farn\u00e9sio\" \/>\n<meta property=\"og:description\" content=\"Uma nota de esclarecimento a respeito da mat\u00e9ria \u201cCompesa \u00e9 multada em mais de R$ 372 mil por crime ambiental e irregularidades na esta\u00e7\u00e3o de tratamento de esgoto em Petrolina\u201c. Confira abaixo: Nota \u00e0 Imprensa \u201cA Compesa informa que recebeu a aplica\u00e7\u00e3o da multa com surpresa e vai contestar judicialmente a medida da Ag\u00eancia Reguladora Municipal de Petrolina- Armup, \u00f3rg\u00e3o vinculado \u00e0 prefeitura de Petrolina. A pr\u00f3pria prefeitura decretou estado de emerg\u00eancia no dia 4 de abril em fun\u00e7\u00e3o da incid\u00eancia de fortes chuvas que alagaram ruas e avenidas. O bairro Jo\u00e3o de Deus, onde fica a Esta\u00e7\u00e3o de Tratamento de Esgoto (ETE), foi atingido, e a falta de drenagem para escoamento das \u00e1guas pluviais, de responsabilidade do munic\u00edpio, acabou&hellip;\" \/>\n<meta property=\"og:url\" content=\"https:\/\/blogdofarnesio.com.br\/?p=367263\" \/>\n<meta property=\"og:site_name\" content=\"Blog do Farn\u00e9sio\" \/>\n<meta property=\"article:publisher\" content=\"https:\/\/www.facebook.com\/BlogQuerSaberPolitica\/\" \/>\n<meta property=\"article:author\" content=\"https:\/\/www.facebook.com\/?ref=tn_tnmn\" \/>\n<meta property=\"article:published_time\" content=\"2024-04-27T12:31:09+00:00\" \/>\n<meta property=\"article:modified_time\" content=\"2024-04-27T12:31:43+00:00\" \/>\n<meta property=\"og:image\" content=\"https:\/\/blogdofarnesio.com.br\/wp-content\/uploads\/2023\/02\/blogqsp-.COMPESA.jpg\" \/>\n\t<meta property=\"og:image:width\" content=\"620\" \/>\n\t<meta property=\"og:image:height\" content=\"480\" \/>\n\t<meta property=\"og:image:type\" content=\"image\/jpeg\" \/>\n<meta name=\"author\" content=\"Farn\u00e9sio\" \/>\n<meta name=\"twitter:card\" content=\"summary_large_image\" \/>\n<meta name=\"twitter:label1\" content=\"Escrito por\" \/>\n\t<meta name=\"twitter:data1\" content=\"Farn\u00e9sio\" \/>\n\t<meta name=\"twitter:label2\" content=\"Est. tempo de leitura\" \/>\n\t<meta name=\"twitter:data2\" content=\"2 minutos\" \/>\n<script type=\"application\/ld+json\" class=\"yoast-schema-graph\">{\"@context\":\"https:\\\/\\\/schema.org\",\"@graph\":[{\"@type\":\"Article\",\"@id\":\"https:\\\/\\\/blogdofarnesio.com.br\\\/?p=367263#article\",\"isPartOf\":{\"@id\":\"https:\\\/\\\/blogdofarnesio.com.br\\\/?p=367263\"},\"author\":{\"name\":\"Farn\u00e9sio\",\"@id\":\"https:\\\/\\\/blogdofarnesio.com.br\\\/#\\\/schema\\\/person\\\/bb9b23ae3ad0609ce8df7b6c9e76824d\"},\"headline\":\"Compesa divulga nota sobre multa aplicada pela Ag\u00eancia Reguladora Municipal de Petrolina\",\"datePublished\":\"2024-04-27T12:31:09+00:00\",\"dateModified\":\"2024-04-27T12:31:43+00:00\",\"mainEntityOfPage\":{\"@id\":\"https:\\\/\\\/blogdofarnesio.com.br\\\/?p=367263\"},\"wordCount\":213,\"commentCount\":0,\"publisher\":{\"@id\":\"https:\\\/\\\/blogdofarnesio.com.br\\\/#organization\"},\"image\":{\"@id\":\"https:\\\/\\\/blogdofarnesio.com.br\\\/?p=367263#primaryimage\"},\"thumbnailUrl\":\"https:\\\/\\\/blogdofarnesio.com.br\\\/wp-content\\\/uploads\\\/2023\\\/02\\\/blogqsp-.COMPESA.jpg\",\"articleSection\":[\"\u00c1gua\"],\"inLanguage\":\"pt-BR\",\"potentialAction\":[{\"@type\":\"CommentAction\",\"name\":\"Comment\",\"target\":[\"https:\\\/\\\/blogdofarnesio.com.br\\\/?p=367263#respond\"]}]},{\"@type\":\"WebPage\",\"@id\":\"https:\\\/\\\/blogdofarnesio.com.br\\\/?p=367263\",\"url\":\"https:\\\/\\\/blogdofarnesio.com.br\\\/?p=367263\",\"name\":\"Compesa divulga nota sobre multa aplicada pela Ag\u00eancia Reguladora Municipal de Petrolina - Blog do Farn\u00e9sio\",\"isPartOf\":{\"@id\":\"https:\\\/\\\/blogdofarnesio.com.br\\\/#website\"},\"primaryImageOfPage\":{\"@id\":\"https:\\\/\\\/blogdofarnesio.com.br\\\/?p=367263#primaryimage\"},\"image\":{\"@id\":\"https:\\\/\\\/blogdofarnesio.com.br\\\/?p=367263#primaryimage\"},\"thumbnailUrl\":\"https:\\\/\\\/blogdofarnesio.com.br\\\/wp-content\\\/uploads\\\/2023\\\/02\\\/blogqsp-.COMPESA.jpg\",\"datePublished\":\"2024-04-27T12:31:09+00:00\",\"dateModified\":\"2024-04-27T12:31:43+00:00\",\"breadcrumb\":{\"@id\":\"https:\\\/\\\/blogdofarnesio.com.br\\\/?p=367263#breadcrumb\"},\"inLanguage\":\"pt-BR\",\"potentialAction\":[{\"@type\":\"ReadAction\",\"target\":[\"https:\\\/\\\/blogdofarnesio.com.br\\\/?p=367263\"]}]},{\"@type\":\"ImageObject\",\"inLanguage\":\"pt-BR\",\"@id\":\"https:\\\/\\\/blogdofarnesio.com.br\\\/?p=367263#primaryimage\",\"url\":\"https:\\\/\\\/blogdofarnesio.com.br\\\/wp-content\\\/uploads\\\/2023\\\/02\\\/blogqsp-.COMPESA.jpg\",\"contentUrl\":\"https:\\\/\\\/blogdofarnesio.com.br\\\/wp-content\\\/uploads\\\/2023\\\/02\\\/blogqsp-.COMPESA.jpg\",\"width\":620,\"height\":480},{\"@type\":\"BreadcrumbList\",\"@id\":\"https:\\\/\\\/blogdofarnesio.com.br\\\/?p=367263#breadcrumb\",\"itemListElement\":[{\"@type\":\"ListItem\",\"position\":1,\"name\":\"In\u00edcio\",\"item\":\"https:\\\/\\\/blogdofarnesio.com.br\\\/\"},{\"@type\":\"ListItem\",\"position\":2,\"name\":\"Compesa divulga nota sobre multa aplicada pela Ag\u00eancia Reguladora Municipal de Petrolina\"}]},{\"@type\":\"WebSite\",\"@id\":\"https:\\\/\\\/blogdofarnesio.com.br\\\/#website\",\"url\":\"https:\\\/\\\/blogdofarnesio.com.br\\\/\",\"name\":\"Blog do Farn\u00e9sio\",\"description\":\"Quer Saber Pol\u00edtica?\",\"publisher\":{\"@id\":\"https:\\\/\\\/blogdofarnesio.com.br\\\/#organization\"},\"potentialAction\":[{\"@type\":\"SearchAction\",\"target\":{\"@type\":\"EntryPoint\",\"urlTemplate\":\"https:\\\/\\\/blogdofarnesio.com.br\\\/?s={search_term_string}\"},\"query-input\":{\"@type\":\"PropertyValueSpecification\",\"valueRequired\":true,\"valueName\":\"search_term_string\"}}],\"inLanguage\":\"pt-BR\"},{\"@type\":\"Organization\",\"@id\":\"https:\\\/\\\/blogdofarnesio.com.br\\\/#organization\",\"name\":\"Blog do Farn\u00e9sio\",\"url\":\"https:\\\/\\\/blogdofarnesio.com.br\\\/\",\"logo\":{\"@type\":\"ImageObject\",\"inLanguage\":\"pt-BR\",\"@id\":\"https:\\\/\\\/blogdofarnesio.com.br\\\/#\\\/schema\\\/logo\\\/image\\\/\",\"url\":\"https:\\\/\\\/blogdofarnesio.com.br\\\/wp-content\\\/uploads\\\/2026\\\/03\\\/cropped-logo_new-1.png\",\"contentUrl\":\"https:\\\/\\\/blogdofarnesio.com.br\\\/wp-content\\\/uploads\\\/2026\\\/03\\\/cropped-logo_new-1.png\",\"width\":881,\"height\":685,\"caption\":\"Blog do Farn\u00e9sio\"},\"image\":{\"@id\":\"https:\\\/\\\/blogdofarnesio.com.br\\\/#\\\/schema\\\/logo\\\/image\\\/\"},\"sameAs\":[\"https:\\\/\\\/www.facebook.com\\\/BlogQuerSaberPolitica\\\/\"]},{\"@type\":\"Person\",\"@id\":\"https:\\\/\\\/blogdofarnesio.com.br\\\/#\\\/schema\\\/person\\\/bb9b23ae3ad0609ce8df7b6c9e76824d\",\"name\":\"Farn\u00e9sio\",\"image\":{\"@type\":\"ImageObject\",\"inLanguage\":\"pt-BR\",\"@id\":\"https:\\\/\\\/secure.gravatar.com\\\/avatar\\\/986aa4c61ccdb66f8555bf88fc2a65609d00bcabd4d2d94377a727547345cbca?s=96&d=mm&r=g\",\"url\":\"https:\\\/\\\/secure.gravatar.com\\\/avatar\\\/986aa4c61ccdb66f8555bf88fc2a65609d00bcabd4d2d94377a727547345cbca?s=96&d=mm&r=g\",\"contentUrl\":\"https:\\\/\\\/secure.gravatar.com\\\/avatar\\\/986aa4c61ccdb66f8555bf88fc2a65609d00bcabd4d2d94377a727547345cbca?s=96&d=mm&r=g\",\"caption\":\"Farn\u00e9sio\"},\"description\":\"Radialista blogueiro, chegou a Petrolina\\\/Juazeiro em setembro de 1980, Farn\u00e9sio Silva \u00e9 de Arapiraca-Alagoas.\",\"sameAs\":[\"http:\\\/\\\/blogdofarnesio.com.br\",\"https:\\\/\\\/www.facebook.com\\\/?ref=tn_tnmn\",\"https:\\\/\\\/www.instagram.com\\\/?utm_source=pwa_homescreen\",\"https:\\\/\\\/youtube.com.br\\\/\"],\"url\":\"https:\\\/\\\/blogdofarnesio.com.br\\\/?author=2\"}]}<\/script>\n<!-- \/ Yoast SEO plugin. -->","yoast_head_json":{"title":"Compesa divulga nota sobre multa aplicada pela Ag\u00eancia Reguladora Municipal de Petrolina - Blog do Farn\u00e9sio","robots":{"index":"index","follow":"follow","max-snippet":"max-snippet:-1","max-image-preview":"max-image-preview:large","max-video-preview":"max-video-preview:-1"},"canonical":"https:\/\/blogdofarnesio.com.br\/?p=367263","og_locale":"pt_BR","og_type":"article","og_title":"Compesa divulga nota sobre multa aplicada pela Ag\u00eancia Reguladora Municipal de Petrolina - Blog do Farn\u00e9sio","og_description":"Uma nota de esclarecimento a respeito da mat\u00e9ria \u201cCompesa \u00e9 multada em mais de R$ 372 mil por crime ambiental e irregularidades na esta\u00e7\u00e3o de tratamento de esgoto em Petrolina\u201c. Confira abaixo: Nota \u00e0 Imprensa \u201cA Compesa informa que recebeu a aplica\u00e7\u00e3o da multa com surpresa e vai contestar judicialmente a medida da Ag\u00eancia Reguladora Municipal de Petrolina- Armup, \u00f3rg\u00e3o vinculado \u00e0 prefeitura de Petrolina. A pr\u00f3pria prefeitura decretou estado de emerg\u00eancia no dia 4 de abril em fun\u00e7\u00e3o da incid\u00eancia de fortes chuvas que alagaram ruas e avenidas. O bairro Jo\u00e3o de Deus, onde fica a Esta\u00e7\u00e3o de Tratamento de Esgoto (ETE), foi atingido, e a falta de drenagem para escoamento das \u00e1guas pluviais, de responsabilidade do munic\u00edpio, acabou&hellip;","og_url":"https:\/\/blogdofarnesio.com.br\/?p=367263","og_site_name":"Blog do Farn\u00e9sio","article_publisher":"https:\/\/www.facebook.com\/BlogQuerSaberPolitica\/","article_author":"https:\/\/www.facebook.com\/?ref=tn_tnmn","article_published_time":"2024-04-27T12:31:09+00:00","article_modified_time":"2024-04-27T12:31:43+00:00","og_image":[{"width":620,"height":480,"url":"https:\/\/blogdofarnesio.com.br\/wp-content\/uploads\/2023\/02\/blogqsp-.COMPESA.jpg","type":"image\/jpeg"}],"author":"Farn\u00e9sio","twitter_card":"summary_large_image","twitter_misc":{"Escrito por":"Farn\u00e9sio","Est. tempo de leitura":"2 minutos"},"schema":{"@context":"https:\/\/schema.org","@graph":[{"@type":"Article","@id":"https:\/\/blogdofarnesio.com.br\/?p=367263#article","isPartOf":{"@id":"https:\/\/blogdofarnesio.com.br\/?p=367263"},"author":{"name":"Farn\u00e9sio","@id":"https:\/\/blogdofarnesio.com.br\/#\/schema\/person\/bb9b23ae3ad0609ce8df7b6c9e76824d"},"headline":"Compesa divulga nota sobre multa aplicada pela Ag\u00eancia Reguladora Municipal de Petrolina","datePublished":"2024-04-27T12:31:09+00:00","dateModified":"2024-04-27T12:31:43+00:00","mainEntityOfPage":{"@id":"https:\/\/blogdofarnesio.com.br\/?p=367263"},"wordCount":213,"commentCount":0,"publisher":{"@id":"https:\/\/blogdofarnesio.com.br\/#organization"},"image":{"@id":"https:\/\/blogdofarnesio.com.br\/?p=367263#primaryimage"},"thumbnailUrl":"https:\/\/blogdofarnesio.com.br\/wp-content\/uploads\/2023\/02\/blogqsp-.COMPESA.jpg","articleSection":["\u00c1gua"],"inLanguage":"pt-BR","potentialAction":[{"@type":"CommentAction","name":"Comment","target":["https:\/\/blogdofarnesio.com.br\/?p=367263#respond"]}]},{"@type":"WebPage","@id":"https:\/\/blogdofarnesio.com.br\/?p=367263","url":"https:\/\/blogdofarnesio.com.br\/?p=367263","name":"Compesa divulga nota sobre multa aplicada pela Ag\u00eancia Reguladora Municipal de Petrolina - Blog do Farn\u00e9sio","isPartOf":{"@id":"https:\/\/blogdofarnesio.com.br\/#website"},"primaryImageOfPage":{"@id":"https:\/\/blogdofarnesio.com.br\/?p=367263#primaryimage"},"image":{"@id":"https:\/\/blogdofarnesio.com.br\/?p=367263#primaryimage"},"thumbnailUrl":"https:\/\/blogdofarnesio.com.br\/wp-content\/uploads\/2023\/02\/blogqsp-.COMPESA.jpg","datePublished":"2024-04-27T12:31:09+00:00","dateModified":"2024-04-27T12:31:43+00:00","breadcrumb":{"@id":"https:\/\/blogdofarnesio.com.br\/?p=367263#breadcrumb"},"inLanguage":"pt-BR","potentialAction":[{"@type":"ReadAction","target":["https:\/\/blogdofarnesio.com.br\/?p=367263"]}]},{"@type":"ImageObject","inLanguage":"pt-BR","@id":"https:\/\/blogdofarnesio.com.br\/?p=367263#primaryimage","url":"https:\/\/blogdofarnesio.com.br\/wp-content\/uploads\/2023\/02\/blogqsp-.COMPESA.jpg","contentUrl":"https:\/\/blogdofarnesio.com.br\/wp-content\/uploads\/2023\/02\/blogqsp-.COMPESA.jpg","width":620,"height":480},{"@type":"BreadcrumbList","@id":"https:\/\/blogdofarnesio.com.br\/?p=367263#breadcrumb","itemListElement":[{"@type":"ListItem","position":1,"name":"In\u00edcio","item":"https:\/\/blogdofarnesio.com.br\/"},{"@type":"ListItem","position":2,"name":"Compesa divulga nota sobre multa aplicada pela Ag\u00eancia Reguladora Municipal de Petrolina"}]},{"@type":"WebSite","@id":"https:\/\/blogdofarnesio.com.br\/#website","url":"https:\/\/blogdofarnesio.com.br\/","name":"Blog do Farn\u00e9sio","description":"Quer Saber Pol\u00edtica?","publisher":{"@id":"https:\/\/blogdofarnesio.com.br\/#organization"},"potentialAction":[{"@type":"SearchAction","target":{"@type":"EntryPoint","urlTemplate":"https:\/\/blogdofarnesio.com.br\/?s={search_term_string}"},"query-input":{"@type":"PropertyValueSpecification","valueRequired":true,"valueName":"search_term_string"}}],"inLanguage":"pt-BR"},{"@type":"Organization","@id":"https:\/\/blogdofarnesio.com.br\/#organization","name":"Blog do Farn\u00e9sio","url":"https:\/\/blogdofarnesio.com.br\/","logo":{"@type":"ImageObject","inLanguage":"pt-BR","@id":"https:\/\/blogdofarnesio.com.br\/#\/schema\/logo\/image\/","url":"https:\/\/blogdofarnesio.com.br\/wp-content\/uploads\/2026\/03\/cropped-logo_new-1.png","contentUrl":"https:\/\/blogdofarnesio.com.br\/wp-content\/uploads\/2026\/03\/cropped-logo_new-1.png","width":881,"height":685,"caption":"Blog do Farn\u00e9sio"},"image":{"@id":"https:\/\/blogdofarnesio.com.br\/#\/schema\/logo\/image\/"},"sameAs":["https:\/\/www.facebook.com\/BlogQuerSaberPolitica\/"]},{"@type":"Person","@id":"https:\/\/blogdofarnesio.com.br\/#\/schema\/person\/bb9b23ae3ad0609ce8df7b6c9e76824d","name":"Farn\u00e9sio","image":{"@type":"ImageObject","inLanguage":"pt-BR","@id":"https:\/\/secure.gravatar.com\/avatar\/986aa4c61ccdb66f8555bf88fc2a65609d00bcabd4d2d94377a727547345cbca?s=96&d=mm&r=g","url":"https:\/\/secure.gravatar.com\/avatar\/986aa4c61ccdb66f8555bf88fc2a65609d00bcabd4d2d94377a727547345cbca?s=96&d=mm&r=g","contentUrl":"https:\/\/secure.gravatar.com\/avatar\/986aa4c61ccdb66f8555bf88fc2a65609d00bcabd4d2d94377a727547345cbca?s=96&d=mm&r=g","caption":"Farn\u00e9sio"},"description":"Radialista blogueiro, chegou a Petrolina\/Juazeiro em setembro de 1980, Farn\u00e9sio Silva \u00e9 de Arapiraca-Alagoas.","sameAs":["http:\/\/blogdofarnesio.com.br","https:\/\/www.facebook.com\/?ref=tn_tnmn","https:\/\/www.instagram.com\/?utm_source=pwa_homescreen","https:\/\/youtube.com.br\/"],"url":"https:\/\/blogdofarnesio.com.br\/?author=2"}]}},"_links":{"self":[{"href":"https:\/\/blogdofarnesio.com.br\/index.php?rest_route=\/wp\/v2\/posts\/367263","targetHints":{"allow":["GET"]}}],"collection":[{"href":"https:\/\/blogdofarnesio.com.br\/index.php?rest_route=\/wp\/v2\/posts"}],"about":[{"href":"https:\/\/blogdofarnesio.com.br\/index.php?rest_route=\/wp\/v2\/types\/post"}],"author":[{"embeddable":true,"href":"https:\/\/blogdofarnesio.com.br\/index.php?rest_route=\/wp\/v2\/users\/2"}],"replies":[{"embeddable":true,"href":"https:\/\/blogdofarnesio.com.br\/index.php?rest_route=%2Fwp%2Fv2%2Fcomments&post=367263"}],"version-history":[{"count":0,"href":"https:\/\/blogdofarnesio.com.br\/index.php?rest_route=\/wp\/v2\/posts\/367263\/revisions"}],"wp:featuredmedia":[{"embeddable":true,"href":"https:\/\/blogdofarnesio.com.br\/index.php?rest_route=\/wp\/v2\/media\/334340"}],"wp:attachment":[{"href":"https:\/\/blogdofarnesio.com.br\/index.php?rest_route=%2Fwp%2Fv2%2Fmedia&parent=367263"}],"wp:term":[{"taxonomy":"category","embeddable":true,"href":"https:\/\/blogdofarnesio.com.br\/index.php?rest_route=%2Fwp%2Fv2%2Fcategories&post=367263"},{"taxonomy":"post_tag","embeddable":true,"href":"https:\/\/blogdofarnesio.com.br\/index.php?rest_route=%2Fwp%2Fv2%2Ftags&post=367263"}],"curies":[{"name":"wp","href":"https:\/\/api.w.org\/{rel}","templated":true}]}}