{"id":366937,"date":"2024-04-28T08:00:08","date_gmt":"2024-04-28T11:00:08","guid":{"rendered":"https:\/\/blogdofarnesio.com.br\/?p=366937"},"modified":"2024-04-23T16:43:24","modified_gmt":"2024-04-23T19:43:24","slug":"dia-nacional-da-caatinga-celebrado-em-petrolina-com-oficinas-no-parque-municipal-josepha-coelho","status":"publish","type":"post","link":"https:\/\/blogdofarnesio.com.br\/2024\/04\/dia-nacional-da-caatinga-celebrado-em-petrolina-com-oficinas-no-parque-municipal-josepha-coelho\/","title":{"rendered":"Dia Nacional da Caatinga celebrado em Petrolina com oficinas no Parque Municipal Josepha Coelho"},"content":{"rendered":"<p>O Dia Nacional da Caatinga \u00e9 celebrado anualmente neste domingo dia 28 de abril. A data foi criada com o intuito de homenagear este bioma \u00fanico e tamb\u00e9m conscientizar as pessoas sobre a import\u00e2ncia da sua conserva\u00e7\u00e3o para o equil\u00edbrio ambiental.<\/p>\n<p>Na sexta-feira (26), a Ag\u00eancia Municipal do Meio Ambiente (AMMA) realizar\u00e1 uma a\u00e7\u00e3o no Parque Municipal Josepha Coelho, na arena 02 para comemorar a data.<\/p>\n<p><img loading=\"lazy\" decoding=\"async\" class=\"aligncenter wp-image-366372 size-full\" src=\"https:\/\/blogdofarnesio.com.br\/wp-content\/uploads\/2024\/04\/caatinga20220429_0039-e1713315806819.webp\" alt=\"\" width=\"500\" height=\"299\" \/>A a\u00e7\u00e3o foi aberta ao p\u00fablico e contou com a presen\u00e7a dos alunos da escola municipal professora Eliete Ara\u00fajo de Souza. S\u00e3o ofertadas oficinas com parcerias de outras institui\u00e7\u00f5es para apresentar a popula\u00e7\u00e3o sobre a import\u00e2ncia de conhecer e valorizar as diferentes caracter\u00edsticas dessa vegeta\u00e7\u00e3o, al\u00e9m da distribui\u00e7\u00e3o de mudas da esp\u00e9cie da caatinga.<\/p>\n<p>A Universidade Federal do Vale do S\u00e3o Francisco (UNIVASF) estar\u00e1 presente com o N\u00facleo de Ecologia e Monitoramento Ambiental (NEMA), o Espa\u00e7o Arte, Ci\u00eancia e Cultura e o Centro de Manejo de Fauna da Caatinga (CEMAFAUNA).<\/p>\n<figure id=\"attachment_293692\" aria-describedby=\"caption-attachment-293692\" style=\"width: 684px\" class=\"wp-caption aligncenter\"><img loading=\"lazy\" decoding=\"async\" class=\"wp-image-293692 size-full\" src=\"https:\/\/blogdofarnesio.com.br\/wp-content\/uploads\/2021\/08\/blogqsppet-parque-zoobotanico-oncas-2-e1629484838758.jpg\" alt=\"\" width=\"684\" height=\"387\" \/><figcaption id=\"caption-attachment-293692\" class=\"wp-caption-text\">Parque Zoobot\u00e2nico da Caatinga em Petrolina abre para visita\u00e7\u00e3o do p\u00fablico \u2014 Foto: Reprodu\u00e7\u00e3o\/ TV Grande Rio<\/figcaption><\/figure>\n<p>A Caatinga \u00e9 um bioma exclusivamente brasileiro, com biodiversidade que se adapta a escassez de \u00e1gua e as altas temperaturas. A sua preserva\u00e7\u00e3o \u00e9 importante para o planeta, pois ela \u00e9 respons\u00e1vel pela absor\u00e7\u00e3o do maior causador do efeito estufa.<\/p>\n<p>A Caatinga tamb\u00e9m \u00e9 rica em fonte de mat\u00e9rias-primas, como fibras, plantas medicinais e frutos silvestres.<\/p>\n","protected":false},"excerpt":{"rendered":"<p>O Dia Nacional da Caatinga \u00e9 celebrado anualmente neste domingo dia 28 de abril. A data foi criada com o intuito de homenagear este bioma \u00fanico e tamb\u00e9m conscientizar as pessoas sobre a import\u00e2ncia da sua conserva\u00e7\u00e3o para o equil\u00edbrio ambiental. Na sexta-feira (26), a Ag\u00eancia Municipal do Meio Ambiente (AMMA) realizar\u00e1 uma a\u00e7\u00e3o no Parque Municipal Josepha Coelho, na arena 02 para comemorar a data. A a\u00e7\u00e3o foi aberta ao p\u00fablico e contou com a presen\u00e7a dos alunos da escola municipal professora Eliete Ara\u00fajo de Souza. S\u00e3o ofertadas oficinas com parcerias de outras institui\u00e7\u00f5es para apresentar a popula\u00e7\u00e3o sobre a import\u00e2ncia de conhecer e valorizar as diferentes caracter\u00edsticas dessa vegeta\u00e7\u00e3o, al\u00e9m da distribui\u00e7\u00e3o de mudas da esp\u00e9cie da caatinga.&hellip; <\/p>\n","protected":false},"author":2,"featured_media":210002,"comment_status":"open","ping_status":"open","sticky":false,"template":"","format":"standard","meta":{"_acf_changed":false,"footnotes":""},"categories":[29],"tags":[],"class_list":["post-366937","post","type-post","status-publish","format-standard","has-post-thumbnail","hentry","category-meio-ambiente"],"acf":[],"yoast_head":"<!-- This site is optimized with the Yoast SEO plugin v27.5 - https:\/\/yoast.com\/product\/yoast-seo-wordpress\/ -->\n<title>Dia Nacional da Caatinga celebrado em Petrolina com oficinas no Parque Municipal Josepha Coelho - Blog do Farn\u00e9sio<\/title>\n<meta name=\"robots\" content=\"index, follow, max-snippet:-1, max-image-preview:large, max-video-preview:-1\" \/>\n<link rel=\"canonical\" href=\"https:\/\/blogdofarnesio.com.br\/2024\/04\/dia-nacional-da-caatinga-celebrado-em-petrolina-com-oficinas-no-parque-municipal-josepha-coelho\/\" \/>\n<meta property=\"og:locale\" content=\"pt_BR\" \/>\n<meta property=\"og:type\" content=\"article\" \/>\n<meta property=\"og:title\" content=\"Dia Nacional da Caatinga celebrado em Petrolina com oficinas no Parque Municipal Josepha Coelho - Blog do Farn\u00e9sio\" \/>\n<meta property=\"og:description\" content=\"O Dia Nacional da Caatinga \u00e9 celebrado anualmente neste domingo dia 28 de abril. A data foi criada com o intuito de homenagear este bioma \u00fanico e tamb\u00e9m conscientizar as pessoas sobre a import\u00e2ncia da sua conserva\u00e7\u00e3o para o equil\u00edbrio ambiental. Na sexta-feira (26), a Ag\u00eancia Municipal do Meio Ambiente (AMMA) realizar\u00e1 uma a\u00e7\u00e3o no Parque Municipal Josepha Coelho, na arena 02 para comemorar a data. A a\u00e7\u00e3o foi aberta ao p\u00fablico e contou com a presen\u00e7a dos alunos da escola municipal professora Eliete Ara\u00fajo de Souza. S\u00e3o ofertadas oficinas com parcerias de outras institui\u00e7\u00f5es para apresentar a popula\u00e7\u00e3o sobre a import\u00e2ncia de conhecer e valorizar as diferentes caracter\u00edsticas dessa vegeta\u00e7\u00e3o, al\u00e9m da distribui\u00e7\u00e3o de mudas da esp\u00e9cie da caatinga.&hellip;\" \/>\n<meta property=\"og:url\" content=\"https:\/\/blogdofarnesio.com.br\/2024\/04\/dia-nacional-da-caatinga-celebrado-em-petrolina-com-oficinas-no-parque-municipal-josepha-coelho\/\" \/>\n<meta property=\"og:site_name\" content=\"Blog do Farn\u00e9sio\" \/>\n<meta property=\"article:publisher\" content=\"https:\/\/www.facebook.com\/BlogQuerSaberPolitica\/\" \/>\n<meta property=\"article:author\" content=\"https:\/\/www.facebook.com\/?ref=tn_tnmn\" \/>\n<meta property=\"article:published_time\" content=\"2024-04-28T11:00:08+00:00\" \/>\n<meta property=\"og:image\" content=\"https:\/\/blogdofarnesio.com.br\/wp-content\/uploads\/2018\/09\/Sofreu-na-caatinga-foto-Farnesio-Silva-2012.jpg\" \/>\n\t<meta property=\"og:image:width\" content=\"480\" \/>\n\t<meta property=\"og:image:height\" content=\"360\" \/>\n\t<meta property=\"og:image:type\" content=\"image\/jpeg\" \/>\n<meta name=\"author\" content=\"Farn\u00e9sio\" \/>\n<meta name=\"twitter:card\" content=\"summary_large_image\" \/>\n<meta name=\"twitter:label1\" content=\"Escrito por\" \/>\n\t<meta name=\"twitter:data1\" content=\"Farn\u00e9sio\" \/>\n\t<meta name=\"twitter:label2\" content=\"Est. tempo de leitura\" \/>\n\t<meta name=\"twitter:data2\" content=\"2 minutos\" \/>\n<script type=\"application\/ld+json\" class=\"yoast-schema-graph\">{\"@context\":\"https:\\\/\\\/schema.org\",\"@graph\":[{\"@type\":\"Article\",\"@id\":\"https:\\\/\\\/blogdofarnesio.com.br\\\/2024\\\/04\\\/dia-nacional-da-caatinga-celebrado-em-petrolina-com-oficinas-no-parque-municipal-josepha-coelho\\\/#article\",\"isPartOf\":{\"@id\":\"https:\\\/\\\/blogdofarnesio.com.br\\\/2024\\\/04\\\/dia-nacional-da-caatinga-celebrado-em-petrolina-com-oficinas-no-parque-municipal-josepha-coelho\\\/\"},\"author\":{\"name\":\"Farn\u00e9sio\",\"@id\":\"https:\\\/\\\/blogdofarnesio.com.br\\\/#\\\/schema\\\/person\\\/bb9b23ae3ad0609ce8df7b6c9e76824d\"},\"headline\":\"Dia Nacional da Caatinga celebrado em Petrolina com oficinas no Parque Municipal Josepha Coelho\",\"datePublished\":\"2024-04-28T11:00:08+00:00\",\"mainEntityOfPage\":{\"@id\":\"https:\\\/\\\/blogdofarnesio.com.br\\\/2024\\\/04\\\/dia-nacional-da-caatinga-celebrado-em-petrolina-com-oficinas-no-parque-municipal-josepha-coelho\\\/\"},\"wordCount\":273,\"commentCount\":0,\"publisher\":{\"@id\":\"https:\\\/\\\/blogdofarnesio.com.br\\\/#organization\"},\"image\":{\"@id\":\"https:\\\/\\\/blogdofarnesio.com.br\\\/2024\\\/04\\\/dia-nacional-da-caatinga-celebrado-em-petrolina-com-oficinas-no-parque-municipal-josepha-coelho\\\/#primaryimage\"},\"thumbnailUrl\":\"https:\\\/\\\/blogdofarnesio.com.br\\\/wp-content\\\/uploads\\\/2018\\\/09\\\/Sofreu-na-caatinga-foto-Farnesio-Silva-2012.jpg\",\"articleSection\":[\"Meio Ambiente\"],\"inLanguage\":\"pt-BR\",\"potentialAction\":[{\"@type\":\"CommentAction\",\"name\":\"Comment\",\"target\":[\"https:\\\/\\\/blogdofarnesio.com.br\\\/2024\\\/04\\\/dia-nacional-da-caatinga-celebrado-em-petrolina-com-oficinas-no-parque-municipal-josepha-coelho\\\/#respond\"]}]},{\"@type\":\"WebPage\",\"@id\":\"https:\\\/\\\/blogdofarnesio.com.br\\\/2024\\\/04\\\/dia-nacional-da-caatinga-celebrado-em-petrolina-com-oficinas-no-parque-municipal-josepha-coelho\\\/\",\"url\":\"https:\\\/\\\/blogdofarnesio.com.br\\\/2024\\\/04\\\/dia-nacional-da-caatinga-celebrado-em-petrolina-com-oficinas-no-parque-municipal-josepha-coelho\\\/\",\"name\":\"Dia Nacional da Caatinga celebrado em Petrolina com oficinas no Parque Municipal Josepha Coelho - Blog do Farn\u00e9sio\",\"isPartOf\":{\"@id\":\"https:\\\/\\\/blogdofarnesio.com.br\\\/#website\"},\"primaryImageOfPage\":{\"@id\":\"https:\\\/\\\/blogdofarnesio.com.br\\\/2024\\\/04\\\/dia-nacional-da-caatinga-celebrado-em-petrolina-com-oficinas-no-parque-municipal-josepha-coelho\\\/#primaryimage\"},\"image\":{\"@id\":\"https:\\\/\\\/blogdofarnesio.com.br\\\/2024\\\/04\\\/dia-nacional-da-caatinga-celebrado-em-petrolina-com-oficinas-no-parque-municipal-josepha-coelho\\\/#primaryimage\"},\"thumbnailUrl\":\"https:\\\/\\\/blogdofarnesio.com.br\\\/wp-content\\\/uploads\\\/2018\\\/09\\\/Sofreu-na-caatinga-foto-Farnesio-Silva-2012.jpg\",\"datePublished\":\"2024-04-28T11:00:08+00:00\",\"breadcrumb\":{\"@id\":\"https:\\\/\\\/blogdofarnesio.com.br\\\/2024\\\/04\\\/dia-nacional-da-caatinga-celebrado-em-petrolina-com-oficinas-no-parque-municipal-josepha-coelho\\\/#breadcrumb\"},\"inLanguage\":\"pt-BR\",\"potentialAction\":[{\"@type\":\"ReadAction\",\"target\":[\"https:\\\/\\\/blogdofarnesio.com.br\\\/2024\\\/04\\\/dia-nacional-da-caatinga-celebrado-em-petrolina-com-oficinas-no-parque-municipal-josepha-coelho\\\/\"]}]},{\"@type\":\"ImageObject\",\"inLanguage\":\"pt-BR\",\"@id\":\"https:\\\/\\\/blogdofarnesio.com.br\\\/2024\\\/04\\\/dia-nacional-da-caatinga-celebrado-em-petrolina-com-oficinas-no-parque-municipal-josepha-coelho\\\/#primaryimage\",\"url\":\"https:\\\/\\\/blogdofarnesio.com.br\\\/wp-content\\\/uploads\\\/2018\\\/09\\\/Sofreu-na-caatinga-foto-Farnesio-Silva-2012.jpg\",\"contentUrl\":\"https:\\\/\\\/blogdofarnesio.com.br\\\/wp-content\\\/uploads\\\/2018\\\/09\\\/Sofreu-na-caatinga-foto-Farnesio-Silva-2012.jpg\",\"width\":480,\"height\":360,\"caption\":\"Sofreu-na-caatinga-foto-Farnesio-Silva\"},{\"@type\":\"BreadcrumbList\",\"@id\":\"https:\\\/\\\/blogdofarnesio.com.br\\\/2024\\\/04\\\/dia-nacional-da-caatinga-celebrado-em-petrolina-com-oficinas-no-parque-municipal-josepha-coelho\\\/#breadcrumb\",\"itemListElement\":[{\"@type\":\"ListItem\",\"position\":1,\"name\":\"In\u00edcio\",\"item\":\"https:\\\/\\\/blogdofarnesio.com.br\\\/\"},{\"@type\":\"ListItem\",\"position\":2,\"name\":\"Dia Nacional da Caatinga celebrado em Petrolina com oficinas no Parque Municipal Josepha Coelho\"}]},{\"@type\":\"WebSite\",\"@id\":\"https:\\\/\\\/blogdofarnesio.com.br\\\/#website\",\"url\":\"https:\\\/\\\/blogdofarnesio.com.br\\\/\",\"name\":\"Blog do Farn\u00e9sio\",\"description\":\"Quer Saber Pol\u00edtica?\",\"publisher\":{\"@id\":\"https:\\\/\\\/blogdofarnesio.com.br\\\/#organization\"},\"potentialAction\":[{\"@type\":\"SearchAction\",\"target\":{\"@type\":\"EntryPoint\",\"urlTemplate\":\"https:\\\/\\\/blogdofarnesio.com.br\\\/?s={search_term_string}\"},\"query-input\":{\"@type\":\"PropertyValueSpecification\",\"valueRequired\":true,\"valueName\":\"search_term_string\"}}],\"inLanguage\":\"pt-BR\"},{\"@type\":\"Organization\",\"@id\":\"https:\\\/\\\/blogdofarnesio.com.br\\\/#organization\",\"name\":\"Blog do Farn\u00e9sio\",\"url\":\"https:\\\/\\\/blogdofarnesio.com.br\\\/\",\"logo\":{\"@type\":\"ImageObject\",\"inLanguage\":\"pt-BR\",\"@id\":\"https:\\\/\\\/blogdofarnesio.com.br\\\/#\\\/schema\\\/logo\\\/image\\\/\",\"url\":\"https:\\\/\\\/blogdofarnesio.com.br\\\/wp-content\\\/uploads\\\/2026\\\/03\\\/cropped-logo_new-1.png\",\"contentUrl\":\"https:\\\/\\\/blogdofarnesio.com.br\\\/wp-content\\\/uploads\\\/2026\\\/03\\\/cropped-logo_new-1.png\",\"width\":881,\"height\":685,\"caption\":\"Blog do Farn\u00e9sio\"},\"image\":{\"@id\":\"https:\\\/\\\/blogdofarnesio.com.br\\\/#\\\/schema\\\/logo\\\/image\\\/\"},\"sameAs\":[\"https:\\\/\\\/www.facebook.com\\\/BlogQuerSaberPolitica\\\/\"]},{\"@type\":\"Person\",\"@id\":\"https:\\\/\\\/blogdofarnesio.com.br\\\/#\\\/schema\\\/person\\\/bb9b23ae3ad0609ce8df7b6c9e76824d\",\"name\":\"Farn\u00e9sio\",\"image\":{\"@type\":\"ImageObject\",\"inLanguage\":\"pt-BR\",\"@id\":\"https:\\\/\\\/secure.gravatar.com\\\/avatar\\\/986aa4c61ccdb66f8555bf88fc2a65609d00bcabd4d2d94377a727547345cbca?s=96&d=mm&r=g\",\"url\":\"https:\\\/\\\/secure.gravatar.com\\\/avatar\\\/986aa4c61ccdb66f8555bf88fc2a65609d00bcabd4d2d94377a727547345cbca?s=96&d=mm&r=g\",\"contentUrl\":\"https:\\\/\\\/secure.gravatar.com\\\/avatar\\\/986aa4c61ccdb66f8555bf88fc2a65609d00bcabd4d2d94377a727547345cbca?s=96&d=mm&r=g\",\"caption\":\"Farn\u00e9sio\"},\"description\":\"Radialista blogueiro, chegou a Petrolina\\\/Juazeiro em setembro de 1980, Farn\u00e9sio Silva \u00e9 de Arapiraca-Alagoas.\",\"sameAs\":[\"http:\\\/\\\/blogdofarnesio.com.br\",\"https:\\\/\\\/www.facebook.com\\\/?ref=tn_tnmn\",\"https:\\\/\\\/www.instagram.com\\\/?utm_source=pwa_homescreen\",\"https:\\\/\\\/youtube.com.br\\\/\"],\"url\":\"https:\\\/\\\/blogdofarnesio.com.br\\\/author\\\/farnesio-2\\\/\"}]}<\/script>\n<!-- \/ Yoast SEO plugin. -->","yoast_head_json":{"title":"Dia Nacional da Caatinga celebrado em Petrolina com oficinas no Parque Municipal Josepha Coelho - Blog do Farn\u00e9sio","robots":{"index":"index","follow":"follow","max-snippet":"max-snippet:-1","max-image-preview":"max-image-preview:large","max-video-preview":"max-video-preview:-1"},"canonical":"https:\/\/blogdofarnesio.com.br\/2024\/04\/dia-nacional-da-caatinga-celebrado-em-petrolina-com-oficinas-no-parque-municipal-josepha-coelho\/","og_locale":"pt_BR","og_type":"article","og_title":"Dia Nacional da Caatinga celebrado em Petrolina com oficinas no Parque Municipal Josepha Coelho - Blog do Farn\u00e9sio","og_description":"O Dia Nacional da Caatinga \u00e9 celebrado anualmente neste domingo dia 28 de abril. A data foi criada com o intuito de homenagear este bioma \u00fanico e tamb\u00e9m conscientizar as pessoas sobre a import\u00e2ncia da sua conserva\u00e7\u00e3o para o equil\u00edbrio ambiental. Na sexta-feira (26), a Ag\u00eancia Municipal do Meio Ambiente (AMMA) realizar\u00e1 uma a\u00e7\u00e3o no Parque Municipal Josepha Coelho, na arena 02 para comemorar a data. A a\u00e7\u00e3o foi aberta ao p\u00fablico e contou com a presen\u00e7a dos alunos da escola municipal professora Eliete Ara\u00fajo de Souza. S\u00e3o ofertadas oficinas com parcerias de outras institui\u00e7\u00f5es para apresentar a popula\u00e7\u00e3o sobre a import\u00e2ncia de conhecer e valorizar as diferentes caracter\u00edsticas dessa vegeta\u00e7\u00e3o, al\u00e9m da distribui\u00e7\u00e3o de mudas da esp\u00e9cie da caatinga.&hellip;","og_url":"https:\/\/blogdofarnesio.com.br\/2024\/04\/dia-nacional-da-caatinga-celebrado-em-petrolina-com-oficinas-no-parque-municipal-josepha-coelho\/","og_site_name":"Blog do Farn\u00e9sio","article_publisher":"https:\/\/www.facebook.com\/BlogQuerSaberPolitica\/","article_author":"https:\/\/www.facebook.com\/?ref=tn_tnmn","article_published_time":"2024-04-28T11:00:08+00:00","og_image":[{"width":480,"height":360,"url":"https:\/\/blogdofarnesio.com.br\/wp-content\/uploads\/2018\/09\/Sofreu-na-caatinga-foto-Farnesio-Silva-2012.jpg","type":"image\/jpeg"}],"author":"Farn\u00e9sio","twitter_card":"summary_large_image","twitter_misc":{"Escrito por":"Farn\u00e9sio","Est. tempo de leitura":"2 minutos"},"schema":{"@context":"https:\/\/schema.org","@graph":[{"@type":"Article","@id":"https:\/\/blogdofarnesio.com.br\/2024\/04\/dia-nacional-da-caatinga-celebrado-em-petrolina-com-oficinas-no-parque-municipal-josepha-coelho\/#article","isPartOf":{"@id":"https:\/\/blogdofarnesio.com.br\/2024\/04\/dia-nacional-da-caatinga-celebrado-em-petrolina-com-oficinas-no-parque-municipal-josepha-coelho\/"},"author":{"name":"Farn\u00e9sio","@id":"https:\/\/blogdofarnesio.com.br\/#\/schema\/person\/bb9b23ae3ad0609ce8df7b6c9e76824d"},"headline":"Dia Nacional da Caatinga celebrado em Petrolina com oficinas no Parque Municipal Josepha Coelho","datePublished":"2024-04-28T11:00:08+00:00","mainEntityOfPage":{"@id":"https:\/\/blogdofarnesio.com.br\/2024\/04\/dia-nacional-da-caatinga-celebrado-em-petrolina-com-oficinas-no-parque-municipal-josepha-coelho\/"},"wordCount":273,"commentCount":0,"publisher":{"@id":"https:\/\/blogdofarnesio.com.br\/#organization"},"image":{"@id":"https:\/\/blogdofarnesio.com.br\/2024\/04\/dia-nacional-da-caatinga-celebrado-em-petrolina-com-oficinas-no-parque-municipal-josepha-coelho\/#primaryimage"},"thumbnailUrl":"https:\/\/blogdofarnesio.com.br\/wp-content\/uploads\/2018\/09\/Sofreu-na-caatinga-foto-Farnesio-Silva-2012.jpg","articleSection":["Meio Ambiente"],"inLanguage":"pt-BR","potentialAction":[{"@type":"CommentAction","name":"Comment","target":["https:\/\/blogdofarnesio.com.br\/2024\/04\/dia-nacional-da-caatinga-celebrado-em-petrolina-com-oficinas-no-parque-municipal-josepha-coelho\/#respond"]}]},{"@type":"WebPage","@id":"https:\/\/blogdofarnesio.com.br\/2024\/04\/dia-nacional-da-caatinga-celebrado-em-petrolina-com-oficinas-no-parque-municipal-josepha-coelho\/","url":"https:\/\/blogdofarnesio.com.br\/2024\/04\/dia-nacional-da-caatinga-celebrado-em-petrolina-com-oficinas-no-parque-municipal-josepha-coelho\/","name":"Dia Nacional da Caatinga celebrado em Petrolina com oficinas no Parque Municipal Josepha Coelho - Blog do Farn\u00e9sio","isPartOf":{"@id":"https:\/\/blogdofarnesio.com.br\/#website"},"primaryImageOfPage":{"@id":"https:\/\/blogdofarnesio.com.br\/2024\/04\/dia-nacional-da-caatinga-celebrado-em-petrolina-com-oficinas-no-parque-municipal-josepha-coelho\/#primaryimage"},"image":{"@id":"https:\/\/blogdofarnesio.com.br\/2024\/04\/dia-nacional-da-caatinga-celebrado-em-petrolina-com-oficinas-no-parque-municipal-josepha-coelho\/#primaryimage"},"thumbnailUrl":"https:\/\/blogdofarnesio.com.br\/wp-content\/uploads\/2018\/09\/Sofreu-na-caatinga-foto-Farnesio-Silva-2012.jpg","datePublished":"2024-04-28T11:00:08+00:00","breadcrumb":{"@id":"https:\/\/blogdofarnesio.com.br\/2024\/04\/dia-nacional-da-caatinga-celebrado-em-petrolina-com-oficinas-no-parque-municipal-josepha-coelho\/#breadcrumb"},"inLanguage":"pt-BR","potentialAction":[{"@type":"ReadAction","target":["https:\/\/blogdofarnesio.com.br\/2024\/04\/dia-nacional-da-caatinga-celebrado-em-petrolina-com-oficinas-no-parque-municipal-josepha-coelho\/"]}]},{"@type":"ImageObject","inLanguage":"pt-BR","@id":"https:\/\/blogdofarnesio.com.br\/2024\/04\/dia-nacional-da-caatinga-celebrado-em-petrolina-com-oficinas-no-parque-municipal-josepha-coelho\/#primaryimage","url":"https:\/\/blogdofarnesio.com.br\/wp-content\/uploads\/2018\/09\/Sofreu-na-caatinga-foto-Farnesio-Silva-2012.jpg","contentUrl":"https:\/\/blogdofarnesio.com.br\/wp-content\/uploads\/2018\/09\/Sofreu-na-caatinga-foto-Farnesio-Silva-2012.jpg","width":480,"height":360,"caption":"Sofreu-na-caatinga-foto-Farnesio-Silva"},{"@type":"BreadcrumbList","@id":"https:\/\/blogdofarnesio.com.br\/2024\/04\/dia-nacional-da-caatinga-celebrado-em-petrolina-com-oficinas-no-parque-municipal-josepha-coelho\/#breadcrumb","itemListElement":[{"@type":"ListItem","position":1,"name":"In\u00edcio","item":"https:\/\/blogdofarnesio.com.br\/"},{"@type":"ListItem","position":2,"name":"Dia Nacional da Caatinga celebrado em Petrolina com oficinas no Parque Municipal Josepha Coelho"}]},{"@type":"WebSite","@id":"https:\/\/blogdofarnesio.com.br\/#website","url":"https:\/\/blogdofarnesio.com.br\/","name":"Blog do Farn\u00e9sio","description":"Quer Saber Pol\u00edtica?","publisher":{"@id":"https:\/\/blogdofarnesio.com.br\/#organization"},"potentialAction":[{"@type":"SearchAction","target":{"@type":"EntryPoint","urlTemplate":"https:\/\/blogdofarnesio.com.br\/?s={search_term_string}"},"query-input":{"@type":"PropertyValueSpecification","valueRequired":true,"valueName":"search_term_string"}}],"inLanguage":"pt-BR"},{"@type":"Organization","@id":"https:\/\/blogdofarnesio.com.br\/#organization","name":"Blog do Farn\u00e9sio","url":"https:\/\/blogdofarnesio.com.br\/","logo":{"@type":"ImageObject","inLanguage":"pt-BR","@id":"https:\/\/blogdofarnesio.com.br\/#\/schema\/logo\/image\/","url":"https:\/\/blogdofarnesio.com.br\/wp-content\/uploads\/2026\/03\/cropped-logo_new-1.png","contentUrl":"https:\/\/blogdofarnesio.com.br\/wp-content\/uploads\/2026\/03\/cropped-logo_new-1.png","width":881,"height":685,"caption":"Blog do Farn\u00e9sio"},"image":{"@id":"https:\/\/blogdofarnesio.com.br\/#\/schema\/logo\/image\/"},"sameAs":["https:\/\/www.facebook.com\/BlogQuerSaberPolitica\/"]},{"@type":"Person","@id":"https:\/\/blogdofarnesio.com.br\/#\/schema\/person\/bb9b23ae3ad0609ce8df7b6c9e76824d","name":"Farn\u00e9sio","image":{"@type":"ImageObject","inLanguage":"pt-BR","@id":"https:\/\/secure.gravatar.com\/avatar\/986aa4c61ccdb66f8555bf88fc2a65609d00bcabd4d2d94377a727547345cbca?s=96&d=mm&r=g","url":"https:\/\/secure.gravatar.com\/avatar\/986aa4c61ccdb66f8555bf88fc2a65609d00bcabd4d2d94377a727547345cbca?s=96&d=mm&r=g","contentUrl":"https:\/\/secure.gravatar.com\/avatar\/986aa4c61ccdb66f8555bf88fc2a65609d00bcabd4d2d94377a727547345cbca?s=96&d=mm&r=g","caption":"Farn\u00e9sio"},"description":"Radialista blogueiro, chegou a Petrolina\/Juazeiro em setembro de 1980, Farn\u00e9sio Silva \u00e9 de Arapiraca-Alagoas.","sameAs":["http:\/\/blogdofarnesio.com.br","https:\/\/www.facebook.com\/?ref=tn_tnmn","https:\/\/www.instagram.com\/?utm_source=pwa_homescreen","https:\/\/youtube.com.br\/"],"url":"https:\/\/blogdofarnesio.com.br\/author\/farnesio-2\/"}]}},"_links":{"self":[{"href":"https:\/\/blogdofarnesio.com.br\/wp-json\/wp\/v2\/posts\/366937","targetHints":{"allow":["GET"]}}],"collection":[{"href":"https:\/\/blogdofarnesio.com.br\/wp-json\/wp\/v2\/posts"}],"about":[{"href":"https:\/\/blogdofarnesio.com.br\/wp-json\/wp\/v2\/types\/post"}],"author":[{"embeddable":true,"href":"https:\/\/blogdofarnesio.com.br\/wp-json\/wp\/v2\/users\/2"}],"replies":[{"embeddable":true,"href":"https:\/\/blogdofarnesio.com.br\/wp-json\/wp\/v2\/comments?post=366937"}],"version-history":[{"count":0,"href":"https:\/\/blogdofarnesio.com.br\/wp-json\/wp\/v2\/posts\/366937\/revisions"}],"wp:featuredmedia":[{"embeddable":true,"href":"https:\/\/blogdofarnesio.com.br\/wp-json\/wp\/v2\/media\/210002"}],"wp:attachment":[{"href":"https:\/\/blogdofarnesio.com.br\/wp-json\/wp\/v2\/media?parent=366937"}],"wp:term":[{"taxonomy":"category","embeddable":true,"href":"https:\/\/blogdofarnesio.com.br\/wp-json\/wp\/v2\/categories?post=366937"},{"taxonomy":"post_tag","embeddable":true,"href":"https:\/\/blogdofarnesio.com.br\/wp-json\/wp\/v2\/tags?post=366937"}],"curies":[{"name":"wp","href":"https:\/\/api.w.org\/{rel}","templated":true}]}}