{"id":366618,"date":"2024-04-19T17:06:33","date_gmt":"2024-04-19T20:06:33","guid":{"rendered":"https:\/\/blogdofarnesio.com.br\/?p=366618"},"modified":"2024-04-19T10:08:48","modified_gmt":"2024-04-19T13:08:48","slug":"combustivel-sem-razao-para-aumento","status":"publish","type":"post","link":"https:\/\/blogdofarnesio.com.br\/?p=366618","title":{"rendered":"COMBUST\u00cdVEL: &#8216;SEM RAZ\u00c3O&#8217; PARA AUMENTO"},"content":{"rendered":"<p>Apesar de as cota\u00e7\u00f5es do petr\u00f3leo e do d\u00f3lar dispararem nas \u00faltimas semanas, o presidente da Petrobras, Jean Paul Prates, n\u00e3o d\u00e1 nenhum sinal de que pretende aumentar os pre\u00e7os da gasolina e do diesel.<\/p>\n<p>Em evento no Rio de Janeiro, o executivo afirmou que\u00a0<a href=\"https:\/\/r.emailabril.com.br\/mk\/cl\/f\/sh\/7nVU1aA2ng7ZOjpkfz6hY4Ati2kuF2Q\/2eg_NRPTVKus\" target=\"_blank\" rel=\"noopener\" data-saferedirecturl=\"https:\/\/www.google.com\/url?q=https:\/\/r.emailabril.com.br\/mk\/cl\/f\/sh\/7nVU1aA2ng7ZOjpkfz6hY4Ati2kuF2Q\/2eg_NRPTVKus&amp;source=gmail&amp;ust=1713612534289000&amp;usg=AOvVaw0jAZCtV1erN0I6eK5JLMnZ\"><strong>&#8220;n\u00e3o h\u00e1 raz\u00e3o&#8221;<\/strong><\/a>\u00a0para a empresa elevar os pre\u00e7os dos combust\u00edveis no momento.<\/p>\n<p>Segundo ele, o &#8220;cen\u00e1rio internacional est\u00e1 sendo monitorado&#8221;, mas, &#8220;por enquanto, n\u00e3o h\u00e1 nada que fa\u00e7a mover&#8221; os valores.<\/p>\n<p>Estima-se que o pre\u00e7o da gasolina, por exemplo, est\u00e1 24% defasado em rela\u00e7\u00e3o \u00e0 paridade internacional, o equivalente a 85 centavos por litro.<\/p>\n","protected":false},"excerpt":{"rendered":"<p>Apesar de as cota\u00e7\u00f5es do petr\u00f3leo e do d\u00f3lar dispararem nas \u00faltimas semanas, o presidente da Petrobras, Jean Paul Prates, n\u00e3o d\u00e1 nenhum sinal de que pretende aumentar os pre\u00e7os da gasolina e do diesel. Em evento no Rio de Janeiro, o executivo afirmou que\u00a0&#8220;n\u00e3o h\u00e1 raz\u00e3o&#8221;\u00a0para a empresa elevar os pre\u00e7os dos combust\u00edveis no momento. Segundo ele, o &#8220;cen\u00e1rio internacional est\u00e1 sendo monitorado&#8221;, mas, &#8220;por enquanto, n\u00e3o h\u00e1 nada que fa\u00e7a mover&#8221; os valores. Estima-se que o pre\u00e7o da gasolina, por exemplo, est\u00e1 24% defasado em rela\u00e7\u00e3o \u00e0 paridade internacional, o equivalente a 85 centavos por litro.<\/p>\n","protected":false},"author":2,"featured_media":210117,"comment_status":"open","ping_status":"open","sticky":false,"template":"","format":"standard","meta":{"_acf_changed":false,"footnotes":""},"categories":[20],"tags":[],"class_list":["post-366618","post","type-post","status-publish","format-standard","has-post-thumbnail","hentry","category-economia"],"acf":[],"yoast_head":"<!-- This site is optimized with the Yoast SEO plugin v27.4 - https:\/\/yoast.com\/product\/yoast-seo-wordpress\/ -->\n<title>COMBUST\u00cdVEL: &#039;SEM RAZ\u00c3O&#039; PARA AUMENTO - Blog do Farn\u00e9sio<\/title>\n<meta name=\"robots\" content=\"index, follow, max-snippet:-1, max-image-preview:large, max-video-preview:-1\" \/>\n<link rel=\"canonical\" href=\"https:\/\/blogdofarnesio.com.br\/?p=366618\" \/>\n<meta property=\"og:locale\" content=\"pt_BR\" \/>\n<meta property=\"og:type\" content=\"article\" \/>\n<meta property=\"og:title\" content=\"COMBUST\u00cdVEL: &#039;SEM RAZ\u00c3O&#039; PARA AUMENTO - Blog do Farn\u00e9sio\" \/>\n<meta property=\"og:description\" content=\"Apesar de as cota\u00e7\u00f5es do petr\u00f3leo e do d\u00f3lar dispararem nas \u00faltimas semanas, o presidente da Petrobras, Jean Paul Prates, n\u00e3o d\u00e1 nenhum sinal de que pretende aumentar os pre\u00e7os da gasolina e do diesel. Em evento no Rio de Janeiro, o executivo afirmou que\u00a0&#8220;n\u00e3o h\u00e1 raz\u00e3o&#8221;\u00a0para a empresa elevar os pre\u00e7os dos combust\u00edveis no momento. Segundo ele, o &#8220;cen\u00e1rio internacional est\u00e1 sendo monitorado&#8221;, mas, &#8220;por enquanto, n\u00e3o h\u00e1 nada que fa\u00e7a mover&#8221; os valores. Estima-se que o pre\u00e7o da gasolina, por exemplo, est\u00e1 24% defasado em rela\u00e7\u00e3o \u00e0 paridade internacional, o equivalente a 85 centavos por litro.\" \/>\n<meta property=\"og:url\" content=\"https:\/\/blogdofarnesio.com.br\/?p=366618\" \/>\n<meta property=\"og:site_name\" content=\"Blog do Farn\u00e9sio\" \/>\n<meta property=\"article:publisher\" content=\"https:\/\/www.facebook.com\/BlogQuerSaberPolitica\/\" \/>\n<meta property=\"article:author\" content=\"https:\/\/www.facebook.com\/?ref=tn_tnmn\" \/>\n<meta property=\"article:published_time\" content=\"2024-04-19T20:06:33+00:00\" \/>\n<meta property=\"og:image\" content=\"https:\/\/blogdofarnesio.com.br\/wp-content\/uploads\/2018\/09\/blogqspcombujstivelgasolina-e1596558231638.jpg\" \/>\n\t<meta property=\"og:image:width\" content=\"437\" \/>\n\t<meta property=\"og:image:height\" content=\"363\" \/>\n\t<meta property=\"og:image:type\" content=\"image\/jpeg\" \/>\n<meta name=\"author\" content=\"Farn\u00e9sio\" \/>\n<meta name=\"twitter:card\" content=\"summary_large_image\" \/>\n<meta name=\"twitter:label1\" content=\"Escrito por\" \/>\n\t<meta name=\"twitter:data1\" content=\"Farn\u00e9sio\" \/>\n\t<meta name=\"twitter:label2\" content=\"Est. tempo de leitura\" \/>\n\t<meta name=\"twitter:data2\" content=\"1 minuto\" \/>\n<script type=\"application\/ld+json\" class=\"yoast-schema-graph\">{\"@context\":\"https:\\\/\\\/schema.org\",\"@graph\":[{\"@type\":\"Article\",\"@id\":\"https:\\\/\\\/blogdofarnesio.com.br\\\/?p=366618#article\",\"isPartOf\":{\"@id\":\"https:\\\/\\\/blogdofarnesio.com.br\\\/?p=366618\"},\"author\":{\"name\":\"Farn\u00e9sio\",\"@id\":\"https:\\\/\\\/blogdofarnesio.com.br\\\/#\\\/schema\\\/person\\\/bb9b23ae3ad0609ce8df7b6c9e76824d\"},\"headline\":\"COMBUST\u00cdVEL: &#8216;SEM RAZ\u00c3O&#8217; PARA AUMENTO\",\"datePublished\":\"2024-04-19T20:06:33+00:00\",\"mainEntityOfPage\":{\"@id\":\"https:\\\/\\\/blogdofarnesio.com.br\\\/?p=366618\"},\"wordCount\":118,\"commentCount\":0,\"publisher\":{\"@id\":\"https:\\\/\\\/blogdofarnesio.com.br\\\/#organization\"},\"image\":{\"@id\":\"https:\\\/\\\/blogdofarnesio.com.br\\\/?p=366618#primaryimage\"},\"thumbnailUrl\":\"https:\\\/\\\/blogdofarnesio.com.br\\\/wp-content\\\/uploads\\\/2018\\\/09\\\/blogqspcombujstivelgasolina-e1596558231638.jpg\",\"articleSection\":[\"Economia\"],\"inLanguage\":\"pt-BR\",\"potentialAction\":[{\"@type\":\"CommentAction\",\"name\":\"Comment\",\"target\":[\"https:\\\/\\\/blogdofarnesio.com.br\\\/?p=366618#respond\"]}]},{\"@type\":\"WebPage\",\"@id\":\"https:\\\/\\\/blogdofarnesio.com.br\\\/?p=366618\",\"url\":\"https:\\\/\\\/blogdofarnesio.com.br\\\/?p=366618\",\"name\":\"COMBUST\u00cdVEL: 'SEM RAZ\u00c3O' PARA AUMENTO - Blog do Farn\u00e9sio\",\"isPartOf\":{\"@id\":\"https:\\\/\\\/blogdofarnesio.com.br\\\/#website\"},\"primaryImageOfPage\":{\"@id\":\"https:\\\/\\\/blogdofarnesio.com.br\\\/?p=366618#primaryimage\"},\"image\":{\"@id\":\"https:\\\/\\\/blogdofarnesio.com.br\\\/?p=366618#primaryimage\"},\"thumbnailUrl\":\"https:\\\/\\\/blogdofarnesio.com.br\\\/wp-content\\\/uploads\\\/2018\\\/09\\\/blogqspcombujstivelgasolina-e1596558231638.jpg\",\"datePublished\":\"2024-04-19T20:06:33+00:00\",\"breadcrumb\":{\"@id\":\"https:\\\/\\\/blogdofarnesio.com.br\\\/?p=366618#breadcrumb\"},\"inLanguage\":\"pt-BR\",\"potentialAction\":[{\"@type\":\"ReadAction\",\"target\":[\"https:\\\/\\\/blogdofarnesio.com.br\\\/?p=366618\"]}]},{\"@type\":\"ImageObject\",\"inLanguage\":\"pt-BR\",\"@id\":\"https:\\\/\\\/blogdofarnesio.com.br\\\/?p=366618#primaryimage\",\"url\":\"https:\\\/\\\/blogdofarnesio.com.br\\\/wp-content\\\/uploads\\\/2018\\\/09\\\/blogqspcombujstivelgasolina-e1596558231638.jpg\",\"contentUrl\":\"https:\\\/\\\/blogdofarnesio.com.br\\\/wp-content\\\/uploads\\\/2018\\\/09\\\/blogqspcombujstivelgasolina-e1596558231638.jpg\",\"width\":437,\"height\":363},{\"@type\":\"BreadcrumbList\",\"@id\":\"https:\\\/\\\/blogdofarnesio.com.br\\\/?p=366618#breadcrumb\",\"itemListElement\":[{\"@type\":\"ListItem\",\"position\":1,\"name\":\"In\u00edcio\",\"item\":\"https:\\\/\\\/blogdofarnesio.com.br\\\/\"},{\"@type\":\"ListItem\",\"position\":2,\"name\":\"COMBUST\u00cdVEL: &#8216;SEM RAZ\u00c3O&#8217; PARA AUMENTO\"}]},{\"@type\":\"WebSite\",\"@id\":\"https:\\\/\\\/blogdofarnesio.com.br\\\/#website\",\"url\":\"https:\\\/\\\/blogdofarnesio.com.br\\\/\",\"name\":\"Blog do Farn\u00e9sio\",\"description\":\"Quer Saber Pol\u00edtica?\",\"publisher\":{\"@id\":\"https:\\\/\\\/blogdofarnesio.com.br\\\/#organization\"},\"potentialAction\":[{\"@type\":\"SearchAction\",\"target\":{\"@type\":\"EntryPoint\",\"urlTemplate\":\"https:\\\/\\\/blogdofarnesio.com.br\\\/?s={search_term_string}\"},\"query-input\":{\"@type\":\"PropertyValueSpecification\",\"valueRequired\":true,\"valueName\":\"search_term_string\"}}],\"inLanguage\":\"pt-BR\"},{\"@type\":\"Organization\",\"@id\":\"https:\\\/\\\/blogdofarnesio.com.br\\\/#organization\",\"name\":\"Blog do Farn\u00e9sio\",\"url\":\"https:\\\/\\\/blogdofarnesio.com.br\\\/\",\"logo\":{\"@type\":\"ImageObject\",\"inLanguage\":\"pt-BR\",\"@id\":\"https:\\\/\\\/blogdofarnesio.com.br\\\/#\\\/schema\\\/logo\\\/image\\\/\",\"url\":\"https:\\\/\\\/blogdofarnesio.com.br\\\/wp-content\\\/uploads\\\/2026\\\/03\\\/cropped-logo_new-1.png\",\"contentUrl\":\"https:\\\/\\\/blogdofarnesio.com.br\\\/wp-content\\\/uploads\\\/2026\\\/03\\\/cropped-logo_new-1.png\",\"width\":881,\"height\":685,\"caption\":\"Blog do Farn\u00e9sio\"},\"image\":{\"@id\":\"https:\\\/\\\/blogdofarnesio.com.br\\\/#\\\/schema\\\/logo\\\/image\\\/\"},\"sameAs\":[\"https:\\\/\\\/www.facebook.com\\\/BlogQuerSaberPolitica\\\/\"]},{\"@type\":\"Person\",\"@id\":\"https:\\\/\\\/blogdofarnesio.com.br\\\/#\\\/schema\\\/person\\\/bb9b23ae3ad0609ce8df7b6c9e76824d\",\"name\":\"Farn\u00e9sio\",\"image\":{\"@type\":\"ImageObject\",\"inLanguage\":\"pt-BR\",\"@id\":\"https:\\\/\\\/secure.gravatar.com\\\/avatar\\\/986aa4c61ccdb66f8555bf88fc2a65609d00bcabd4d2d94377a727547345cbca?s=96&d=mm&r=g\",\"url\":\"https:\\\/\\\/secure.gravatar.com\\\/avatar\\\/986aa4c61ccdb66f8555bf88fc2a65609d00bcabd4d2d94377a727547345cbca?s=96&d=mm&r=g\",\"contentUrl\":\"https:\\\/\\\/secure.gravatar.com\\\/avatar\\\/986aa4c61ccdb66f8555bf88fc2a65609d00bcabd4d2d94377a727547345cbca?s=96&d=mm&r=g\",\"caption\":\"Farn\u00e9sio\"},\"description\":\"Radialista blogueiro, chegou a Petrolina\\\/Juazeiro em setembro de 1980, Farn\u00e9sio Silva \u00e9 de Arapiraca-Alagoas.\",\"sameAs\":[\"http:\\\/\\\/blogdofarnesio.com.br\",\"https:\\\/\\\/www.facebook.com\\\/?ref=tn_tnmn\",\"https:\\\/\\\/www.instagram.com\\\/?utm_source=pwa_homescreen\",\"https:\\\/\\\/youtube.com.br\\\/\"],\"url\":\"https:\\\/\\\/blogdofarnesio.com.br\\\/?author=2\"}]}<\/script>\n<!-- \/ Yoast SEO plugin. -->","yoast_head_json":{"title":"COMBUST\u00cdVEL: 'SEM RAZ\u00c3O' PARA AUMENTO - Blog do Farn\u00e9sio","robots":{"index":"index","follow":"follow","max-snippet":"max-snippet:-1","max-image-preview":"max-image-preview:large","max-video-preview":"max-video-preview:-1"},"canonical":"https:\/\/blogdofarnesio.com.br\/?p=366618","og_locale":"pt_BR","og_type":"article","og_title":"COMBUST\u00cdVEL: 'SEM RAZ\u00c3O' PARA AUMENTO - Blog do Farn\u00e9sio","og_description":"Apesar de as cota\u00e7\u00f5es do petr\u00f3leo e do d\u00f3lar dispararem nas \u00faltimas semanas, o presidente da Petrobras, Jean Paul Prates, n\u00e3o d\u00e1 nenhum sinal de que pretende aumentar os pre\u00e7os da gasolina e do diesel. Em evento no Rio de Janeiro, o executivo afirmou que\u00a0&#8220;n\u00e3o h\u00e1 raz\u00e3o&#8221;\u00a0para a empresa elevar os pre\u00e7os dos combust\u00edveis no momento. Segundo ele, o &#8220;cen\u00e1rio internacional est\u00e1 sendo monitorado&#8221;, mas, &#8220;por enquanto, n\u00e3o h\u00e1 nada que fa\u00e7a mover&#8221; os valores. Estima-se que o pre\u00e7o da gasolina, por exemplo, est\u00e1 24% defasado em rela\u00e7\u00e3o \u00e0 paridade internacional, o equivalente a 85 centavos por litro.","og_url":"https:\/\/blogdofarnesio.com.br\/?p=366618","og_site_name":"Blog do Farn\u00e9sio","article_publisher":"https:\/\/www.facebook.com\/BlogQuerSaberPolitica\/","article_author":"https:\/\/www.facebook.com\/?ref=tn_tnmn","article_published_time":"2024-04-19T20:06:33+00:00","og_image":[{"width":437,"height":363,"url":"https:\/\/blogdofarnesio.com.br\/wp-content\/uploads\/2018\/09\/blogqspcombujstivelgasolina-e1596558231638.jpg","type":"image\/jpeg"}],"author":"Farn\u00e9sio","twitter_card":"summary_large_image","twitter_misc":{"Escrito por":"Farn\u00e9sio","Est. tempo de leitura":"1 minuto"},"schema":{"@context":"https:\/\/schema.org","@graph":[{"@type":"Article","@id":"https:\/\/blogdofarnesio.com.br\/?p=366618#article","isPartOf":{"@id":"https:\/\/blogdofarnesio.com.br\/?p=366618"},"author":{"name":"Farn\u00e9sio","@id":"https:\/\/blogdofarnesio.com.br\/#\/schema\/person\/bb9b23ae3ad0609ce8df7b6c9e76824d"},"headline":"COMBUST\u00cdVEL: &#8216;SEM RAZ\u00c3O&#8217; PARA AUMENTO","datePublished":"2024-04-19T20:06:33+00:00","mainEntityOfPage":{"@id":"https:\/\/blogdofarnesio.com.br\/?p=366618"},"wordCount":118,"commentCount":0,"publisher":{"@id":"https:\/\/blogdofarnesio.com.br\/#organization"},"image":{"@id":"https:\/\/blogdofarnesio.com.br\/?p=366618#primaryimage"},"thumbnailUrl":"https:\/\/blogdofarnesio.com.br\/wp-content\/uploads\/2018\/09\/blogqspcombujstivelgasolina-e1596558231638.jpg","articleSection":["Economia"],"inLanguage":"pt-BR","potentialAction":[{"@type":"CommentAction","name":"Comment","target":["https:\/\/blogdofarnesio.com.br\/?p=366618#respond"]}]},{"@type":"WebPage","@id":"https:\/\/blogdofarnesio.com.br\/?p=366618","url":"https:\/\/blogdofarnesio.com.br\/?p=366618","name":"COMBUST\u00cdVEL: 'SEM RAZ\u00c3O' PARA AUMENTO - Blog do Farn\u00e9sio","isPartOf":{"@id":"https:\/\/blogdofarnesio.com.br\/#website"},"primaryImageOfPage":{"@id":"https:\/\/blogdofarnesio.com.br\/?p=366618#primaryimage"},"image":{"@id":"https:\/\/blogdofarnesio.com.br\/?p=366618#primaryimage"},"thumbnailUrl":"https:\/\/blogdofarnesio.com.br\/wp-content\/uploads\/2018\/09\/blogqspcombujstivelgasolina-e1596558231638.jpg","datePublished":"2024-04-19T20:06:33+00:00","breadcrumb":{"@id":"https:\/\/blogdofarnesio.com.br\/?p=366618#breadcrumb"},"inLanguage":"pt-BR","potentialAction":[{"@type":"ReadAction","target":["https:\/\/blogdofarnesio.com.br\/?p=366618"]}]},{"@type":"ImageObject","inLanguage":"pt-BR","@id":"https:\/\/blogdofarnesio.com.br\/?p=366618#primaryimage","url":"https:\/\/blogdofarnesio.com.br\/wp-content\/uploads\/2018\/09\/blogqspcombujstivelgasolina-e1596558231638.jpg","contentUrl":"https:\/\/blogdofarnesio.com.br\/wp-content\/uploads\/2018\/09\/blogqspcombujstivelgasolina-e1596558231638.jpg","width":437,"height":363},{"@type":"BreadcrumbList","@id":"https:\/\/blogdofarnesio.com.br\/?p=366618#breadcrumb","itemListElement":[{"@type":"ListItem","position":1,"name":"In\u00edcio","item":"https:\/\/blogdofarnesio.com.br\/"},{"@type":"ListItem","position":2,"name":"COMBUST\u00cdVEL: &#8216;SEM RAZ\u00c3O&#8217; PARA AUMENTO"}]},{"@type":"WebSite","@id":"https:\/\/blogdofarnesio.com.br\/#website","url":"https:\/\/blogdofarnesio.com.br\/","name":"Blog do Farn\u00e9sio","description":"Quer Saber Pol\u00edtica?","publisher":{"@id":"https:\/\/blogdofarnesio.com.br\/#organization"},"potentialAction":[{"@type":"SearchAction","target":{"@type":"EntryPoint","urlTemplate":"https:\/\/blogdofarnesio.com.br\/?s={search_term_string}"},"query-input":{"@type":"PropertyValueSpecification","valueRequired":true,"valueName":"search_term_string"}}],"inLanguage":"pt-BR"},{"@type":"Organization","@id":"https:\/\/blogdofarnesio.com.br\/#organization","name":"Blog do Farn\u00e9sio","url":"https:\/\/blogdofarnesio.com.br\/","logo":{"@type":"ImageObject","inLanguage":"pt-BR","@id":"https:\/\/blogdofarnesio.com.br\/#\/schema\/logo\/image\/","url":"https:\/\/blogdofarnesio.com.br\/wp-content\/uploads\/2026\/03\/cropped-logo_new-1.png","contentUrl":"https:\/\/blogdofarnesio.com.br\/wp-content\/uploads\/2026\/03\/cropped-logo_new-1.png","width":881,"height":685,"caption":"Blog do Farn\u00e9sio"},"image":{"@id":"https:\/\/blogdofarnesio.com.br\/#\/schema\/logo\/image\/"},"sameAs":["https:\/\/www.facebook.com\/BlogQuerSaberPolitica\/"]},{"@type":"Person","@id":"https:\/\/blogdofarnesio.com.br\/#\/schema\/person\/bb9b23ae3ad0609ce8df7b6c9e76824d","name":"Farn\u00e9sio","image":{"@type":"ImageObject","inLanguage":"pt-BR","@id":"https:\/\/secure.gravatar.com\/avatar\/986aa4c61ccdb66f8555bf88fc2a65609d00bcabd4d2d94377a727547345cbca?s=96&d=mm&r=g","url":"https:\/\/secure.gravatar.com\/avatar\/986aa4c61ccdb66f8555bf88fc2a65609d00bcabd4d2d94377a727547345cbca?s=96&d=mm&r=g","contentUrl":"https:\/\/secure.gravatar.com\/avatar\/986aa4c61ccdb66f8555bf88fc2a65609d00bcabd4d2d94377a727547345cbca?s=96&d=mm&r=g","caption":"Farn\u00e9sio"},"description":"Radialista blogueiro, chegou a Petrolina\/Juazeiro em setembro de 1980, Farn\u00e9sio Silva \u00e9 de Arapiraca-Alagoas.","sameAs":["http:\/\/blogdofarnesio.com.br","https:\/\/www.facebook.com\/?ref=tn_tnmn","https:\/\/www.instagram.com\/?utm_source=pwa_homescreen","https:\/\/youtube.com.br\/"],"url":"https:\/\/blogdofarnesio.com.br\/?author=2"}]}},"_links":{"self":[{"href":"https:\/\/blogdofarnesio.com.br\/index.php?rest_route=\/wp\/v2\/posts\/366618","targetHints":{"allow":["GET"]}}],"collection":[{"href":"https:\/\/blogdofarnesio.com.br\/index.php?rest_route=\/wp\/v2\/posts"}],"about":[{"href":"https:\/\/blogdofarnesio.com.br\/index.php?rest_route=\/wp\/v2\/types\/post"}],"author":[{"embeddable":true,"href":"https:\/\/blogdofarnesio.com.br\/index.php?rest_route=\/wp\/v2\/users\/2"}],"replies":[{"embeddable":true,"href":"https:\/\/blogdofarnesio.com.br\/index.php?rest_route=%2Fwp%2Fv2%2Fcomments&post=366618"}],"version-history":[{"count":0,"href":"https:\/\/blogdofarnesio.com.br\/index.php?rest_route=\/wp\/v2\/posts\/366618\/revisions"}],"wp:featuredmedia":[{"embeddable":true,"href":"https:\/\/blogdofarnesio.com.br\/index.php?rest_route=\/wp\/v2\/media\/210117"}],"wp:attachment":[{"href":"https:\/\/blogdofarnesio.com.br\/index.php?rest_route=%2Fwp%2Fv2%2Fmedia&parent=366618"}],"wp:term":[{"taxonomy":"category","embeddable":true,"href":"https:\/\/blogdofarnesio.com.br\/index.php?rest_route=%2Fwp%2Fv2%2Fcategories&post=366618"},{"taxonomy":"post_tag","embeddable":true,"href":"https:\/\/blogdofarnesio.com.br\/index.php?rest_route=%2Fwp%2Fv2%2Ftags&post=366618"}],"curies":[{"name":"wp","href":"https:\/\/api.w.org\/{rel}","templated":true}]}}