{"id":366603,"date":"2024-04-19T15:44:59","date_gmt":"2024-04-19T18:44:59","guid":{"rendered":"https:\/\/blogdofarnesio.com.br\/?p=366603"},"modified":"2024-04-19T08:56:36","modified_gmt":"2024-04-19T11:56:36","slug":"a-11a-exporajada-abre-hoje-oficialmente-o-ciclo-junino-de-petrolina","status":"publish","type":"post","link":"https:\/\/blogdofarnesio.com.br\/?p=366603","title":{"rendered":"A 11\u00aa ExpoRajada abre hoje oficialmente o ciclo junino de Petrolina"},"content":{"rendered":"<p><i>Os festejos juninos se estender\u00e3o at\u00e9 o dia 30 de junho<\/i><\/p>\n<p>Repetindo o sucesso do ano passado, come\u00e7a nesta sexta-feira (19) a 11\u00aa edi\u00e7\u00e3o da Feira de Exposi\u00e7\u00e3o de Caprinos e Ovinos de Rajada (ExpoRajada). A Feira acontece na quadra coberta da pra\u00e7a central do distrito de Rajada, na zona rural de Petrolina. O evento abre oficialmente o ciclo junino de 2024, e a programa\u00e7\u00e3o conta com concurso de animais, exposi\u00e7\u00e3o e shows musicais. A ExpoRajada vai at\u00e9 domingo (21).<\/p>\n<p>Os animais come\u00e7am a chegar a partir das 12h desta sexta-feira, e a partir das 21h o p\u00fablico vai contar com os shows de Thiago Aquino, S\u00e9rgio do Forr\u00f3 e Boteco Sertanejo. J\u00e1 no s\u00e1bado (20), tem concurso de caprinos e ovinos durante todo o dia, os animais ser\u00e3o avaliados pela ra\u00e7a, peso e cabra de leite. E a partir das 18h, acontecer\u00e1 o desfile aleg\u00f3rico, com o tema \u201cRajada \u2013 \u00c1guas que movem gera\u00e7\u00f5es\u201d. \u00c0 noite, a partir das 21h, ter\u00e3o os shows de Ad\u00e3ozinho de Rajada, Marcynho Sensa\u00e7\u00e3o e Brasas do Forr\u00f3. O encerramento \u00e9 no domingo (21), com o concurso dos animais e a entrega de premia\u00e7\u00f5es.<\/p>\n<p>O S\u00e3o Jo\u00e3o de Petrolina este ano vem com o tema \u201cViva a nossa arte\u201d, uma homenagem aos produtores de cultura em suas diversas representa\u00e7\u00f5es. Ap\u00f3s a ExpoRajada, o ciclo junino seguir\u00e1 com o tradicional S\u00e3o Jo\u00e3o dos Bairros, Jecana no Capim, Concurso de Quadrilhas, S\u00e3o Jo\u00e3o de Petrolina, entre outros eventos. O calend\u00e1rio junino aquece diversos setores da economia do munic\u00edpio, a exemplo dos segmentos de confec\u00e7\u00f5es, cal\u00e7ados, bares, lanchonetes e restaurantes.<\/p>\n<p><b>\u00a0<\/b><\/p>\n<p><b>Abaixo segue a programa\u00e7\u00e3o completa:<\/b><\/p>\n<p><b>\u00a0<\/b><\/p>\n<p><b>\u00a0<\/b><\/p>\n<p>17 e 18 de maio &#8211; S\u00e3o Jo\u00e3o dos Bairros (Jos\u00e9 e Maria)<\/p>\n<p>&nbsp;<\/p>\n<p>24 e 25 de maio &#8211; S\u00e3o Jo\u00e3o dos Bairros (Cohab Massangano)<\/p>\n<p>&nbsp;<\/p>\n<p>28 de maio a 2 de junho &#8211; Vaquejada<\/p>\n<p>&nbsp;<\/p>\n<p>7 a 8 de junho &#8211; Concurso de Quadrilhas Juninas<\/p>\n<p>&nbsp;<\/p>\n<p>7 a 9 de junho &#8211; Jecana<\/p>\n<p>&nbsp;<\/p>\n<p>9 de junho &#8211; Corrida dos Namorados<\/p>\n<p>&nbsp;<\/p>\n<p>10 de junho &#8211; Concerto Junino<\/p>\n<p>&nbsp;<\/p>\n<p>11 de junho \u2013 Concurso de Sanfoneiros<\/p>\n<p>&nbsp;<\/p>\n<p>12 de junho \u2013 Festival de Violeiros<\/p>\n<p>&nbsp;<\/p>\n<p>13 de junho &#8211; Festa de Santo Ant\u00f4nio na Ilha do Massangano<\/p>\n<p>&nbsp;<\/p>\n<p>14 a 24 de junho &#8211; S\u00e3o Jo\u00e3o no P\u00e1tio Ana das Carrancas<\/p>\n<p>&nbsp;<\/p>\n<p>29 de junho &#8211; Forr\u00f3 da Espora<\/p>\n<p>&nbsp;<\/p>\n<p>30 de junho &#8211; Missa do Vaqueiro<\/p>\n","protected":false},"excerpt":{"rendered":"<p>Os festejos juninos se estender\u00e3o at\u00e9 o dia 30 de junho Repetindo o sucesso do ano passado, come\u00e7a nesta sexta-feira (19) a 11\u00aa edi\u00e7\u00e3o da Feira de Exposi\u00e7\u00e3o de Caprinos e Ovinos de Rajada (ExpoRajada). A Feira acontece na quadra coberta da pra\u00e7a central do distrito de Rajada, na zona rural de Petrolina. O evento abre oficialmente o ciclo junino de 2024, e a programa\u00e7\u00e3o conta com concurso de animais, exposi\u00e7\u00e3o e shows musicais. A ExpoRajada vai at\u00e9 domingo (21). Os animais come\u00e7am a chegar a partir das 12h desta sexta-feira, e a partir das 21h o p\u00fablico vai contar com os shows de Thiago Aquino, S\u00e9rgio do Forr\u00f3 e Boteco Sertanejo. J\u00e1 no s\u00e1bado (20), tem concurso de caprinos&hellip; <\/p>\n","protected":false},"author":2,"featured_media":366339,"comment_status":"open","ping_status":"open","sticky":false,"template":"","format":"standard","meta":{"_acf_changed":false,"footnotes":""},"categories":[10],"tags":[],"class_list":["post-366603","post","type-post","status-publish","format-standard","has-post-thumbnail","hentry","category-cultura"],"acf":[],"yoast_head":"<!-- This site is optimized with the Yoast SEO plugin v27.4 - https:\/\/yoast.com\/product\/yoast-seo-wordpress\/ -->\n<title>A 11\u00aa ExpoRajada abre hoje oficialmente o ciclo junino de Petrolina - Blog do Farn\u00e9sio<\/title>\n<meta name=\"robots\" content=\"index, follow, max-snippet:-1, max-image-preview:large, max-video-preview:-1\" \/>\n<link rel=\"canonical\" href=\"https:\/\/blogdofarnesio.com.br\/?p=366603\" \/>\n<meta property=\"og:locale\" content=\"pt_BR\" \/>\n<meta property=\"og:type\" content=\"article\" \/>\n<meta property=\"og:title\" content=\"A 11\u00aa ExpoRajada abre hoje oficialmente o ciclo junino de Petrolina - Blog do Farn\u00e9sio\" \/>\n<meta property=\"og:description\" content=\"Os festejos juninos se estender\u00e3o at\u00e9 o dia 30 de junho Repetindo o sucesso do ano passado, come\u00e7a nesta sexta-feira (19) a 11\u00aa edi\u00e7\u00e3o da Feira de Exposi\u00e7\u00e3o de Caprinos e Ovinos de Rajada (ExpoRajada). A Feira acontece na quadra coberta da pra\u00e7a central do distrito de Rajada, na zona rural de Petrolina. O evento abre oficialmente o ciclo junino de 2024, e a programa\u00e7\u00e3o conta com concurso de animais, exposi\u00e7\u00e3o e shows musicais. A ExpoRajada vai at\u00e9 domingo (21). Os animais come\u00e7am a chegar a partir das 12h desta sexta-feira, e a partir das 21h o p\u00fablico vai contar com os shows de Thiago Aquino, S\u00e9rgio do Forr\u00f3 e Boteco Sertanejo. J\u00e1 no s\u00e1bado (20), tem concurso de caprinos&hellip;\" \/>\n<meta property=\"og:url\" content=\"https:\/\/blogdofarnesio.com.br\/?p=366603\" \/>\n<meta property=\"og:site_name\" content=\"Blog do Farn\u00e9sio\" \/>\n<meta property=\"article:publisher\" content=\"https:\/\/www.facebook.com\/BlogQuerSaberPolitica\/\" \/>\n<meta property=\"article:author\" content=\"https:\/\/www.facebook.com\/?ref=tn_tnmn\" \/>\n<meta property=\"article:published_time\" content=\"2024-04-19T18:44:59+00:00\" \/>\n<meta property=\"og:image\" content=\"https:\/\/blogdofarnesio.com.br\/wp-content\/uploads\/2024\/04\/blogqsppet-XI-ExpoRajada-2-e1713292400551.jpeg\" \/>\n\t<meta property=\"og:image:width\" content=\"580\" \/>\n\t<meta property=\"og:image:height\" content=\"416\" \/>\n\t<meta property=\"og:image:type\" content=\"image\/jpeg\" \/>\n<meta name=\"author\" content=\"Farn\u00e9sio\" \/>\n<meta name=\"twitter:card\" content=\"summary_large_image\" \/>\n<meta name=\"twitter:label1\" content=\"Escrito por\" \/>\n\t<meta name=\"twitter:data1\" content=\"Farn\u00e9sio\" \/>\n\t<meta name=\"twitter:label2\" content=\"Est. tempo de leitura\" \/>\n\t<meta name=\"twitter:data2\" content=\"3 minutos\" \/>\n<script type=\"application\/ld+json\" class=\"yoast-schema-graph\">{\"@context\":\"https:\\\/\\\/schema.org\",\"@graph\":[{\"@type\":\"Article\",\"@id\":\"https:\\\/\\\/blogdofarnesio.com.br\\\/?p=366603#article\",\"isPartOf\":{\"@id\":\"https:\\\/\\\/blogdofarnesio.com.br\\\/?p=366603\"},\"author\":{\"name\":\"Farn\u00e9sio\",\"@id\":\"https:\\\/\\\/blogdofarnesio.com.br\\\/#\\\/schema\\\/person\\\/bb9b23ae3ad0609ce8df7b6c9e76824d\"},\"headline\":\"A 11\u00aa ExpoRajada abre hoje oficialmente o ciclo junino de Petrolina\",\"datePublished\":\"2024-04-19T18:44:59+00:00\",\"mainEntityOfPage\":{\"@id\":\"https:\\\/\\\/blogdofarnesio.com.br\\\/?p=366603\"},\"wordCount\":416,\"commentCount\":0,\"publisher\":{\"@id\":\"https:\\\/\\\/blogdofarnesio.com.br\\\/#organization\"},\"image\":{\"@id\":\"https:\\\/\\\/blogdofarnesio.com.br\\\/?p=366603#primaryimage\"},\"thumbnailUrl\":\"https:\\\/\\\/blogdofarnesio.com.br\\\/wp-content\\\/uploads\\\/2024\\\/04\\\/blogqsppet-XI-ExpoRajada-2-e1713292400551.jpeg\",\"articleSection\":[\"Cultura\"],\"inLanguage\":\"pt-BR\",\"potentialAction\":[{\"@type\":\"CommentAction\",\"name\":\"Comment\",\"target\":[\"https:\\\/\\\/blogdofarnesio.com.br\\\/?p=366603#respond\"]}]},{\"@type\":\"WebPage\",\"@id\":\"https:\\\/\\\/blogdofarnesio.com.br\\\/?p=366603\",\"url\":\"https:\\\/\\\/blogdofarnesio.com.br\\\/?p=366603\",\"name\":\"A 11\u00aa ExpoRajada abre hoje oficialmente o ciclo junino de Petrolina - Blog do Farn\u00e9sio\",\"isPartOf\":{\"@id\":\"https:\\\/\\\/blogdofarnesio.com.br\\\/#website\"},\"primaryImageOfPage\":{\"@id\":\"https:\\\/\\\/blogdofarnesio.com.br\\\/?p=366603#primaryimage\"},\"image\":{\"@id\":\"https:\\\/\\\/blogdofarnesio.com.br\\\/?p=366603#primaryimage\"},\"thumbnailUrl\":\"https:\\\/\\\/blogdofarnesio.com.br\\\/wp-content\\\/uploads\\\/2024\\\/04\\\/blogqsppet-XI-ExpoRajada-2-e1713292400551.jpeg\",\"datePublished\":\"2024-04-19T18:44:59+00:00\",\"breadcrumb\":{\"@id\":\"https:\\\/\\\/blogdofarnesio.com.br\\\/?p=366603#breadcrumb\"},\"inLanguage\":\"pt-BR\",\"potentialAction\":[{\"@type\":\"ReadAction\",\"target\":[\"https:\\\/\\\/blogdofarnesio.com.br\\\/?p=366603\"]}]},{\"@type\":\"ImageObject\",\"inLanguage\":\"pt-BR\",\"@id\":\"https:\\\/\\\/blogdofarnesio.com.br\\\/?p=366603#primaryimage\",\"url\":\"https:\\\/\\\/blogdofarnesio.com.br\\\/wp-content\\\/uploads\\\/2024\\\/04\\\/blogqsppet-XI-ExpoRajada-2-e1713292400551.jpeg\",\"contentUrl\":\"https:\\\/\\\/blogdofarnesio.com.br\\\/wp-content\\\/uploads\\\/2024\\\/04\\\/blogqsppet-XI-ExpoRajada-2-e1713292400551.jpeg\",\"width\":580,\"height\":416},{\"@type\":\"BreadcrumbList\",\"@id\":\"https:\\\/\\\/blogdofarnesio.com.br\\\/?p=366603#breadcrumb\",\"itemListElement\":[{\"@type\":\"ListItem\",\"position\":1,\"name\":\"In\u00edcio\",\"item\":\"https:\\\/\\\/blogdofarnesio.com.br\\\/\"},{\"@type\":\"ListItem\",\"position\":2,\"name\":\"A 11\u00aa ExpoRajada abre hoje oficialmente o ciclo junino de Petrolina\"}]},{\"@type\":\"WebSite\",\"@id\":\"https:\\\/\\\/blogdofarnesio.com.br\\\/#website\",\"url\":\"https:\\\/\\\/blogdofarnesio.com.br\\\/\",\"name\":\"Blog do Farn\u00e9sio\",\"description\":\"Quer Saber Pol\u00edtica?\",\"publisher\":{\"@id\":\"https:\\\/\\\/blogdofarnesio.com.br\\\/#organization\"},\"potentialAction\":[{\"@type\":\"SearchAction\",\"target\":{\"@type\":\"EntryPoint\",\"urlTemplate\":\"https:\\\/\\\/blogdofarnesio.com.br\\\/?s={search_term_string}\"},\"query-input\":{\"@type\":\"PropertyValueSpecification\",\"valueRequired\":true,\"valueName\":\"search_term_string\"}}],\"inLanguage\":\"pt-BR\"},{\"@type\":\"Organization\",\"@id\":\"https:\\\/\\\/blogdofarnesio.com.br\\\/#organization\",\"name\":\"Blog do Farn\u00e9sio\",\"url\":\"https:\\\/\\\/blogdofarnesio.com.br\\\/\",\"logo\":{\"@type\":\"ImageObject\",\"inLanguage\":\"pt-BR\",\"@id\":\"https:\\\/\\\/blogdofarnesio.com.br\\\/#\\\/schema\\\/logo\\\/image\\\/\",\"url\":\"https:\\\/\\\/blogdofarnesio.com.br\\\/wp-content\\\/uploads\\\/2026\\\/03\\\/cropped-logo_new-1.png\",\"contentUrl\":\"https:\\\/\\\/blogdofarnesio.com.br\\\/wp-content\\\/uploads\\\/2026\\\/03\\\/cropped-logo_new-1.png\",\"width\":881,\"height\":685,\"caption\":\"Blog do Farn\u00e9sio\"},\"image\":{\"@id\":\"https:\\\/\\\/blogdofarnesio.com.br\\\/#\\\/schema\\\/logo\\\/image\\\/\"},\"sameAs\":[\"https:\\\/\\\/www.facebook.com\\\/BlogQuerSaberPolitica\\\/\"]},{\"@type\":\"Person\",\"@id\":\"https:\\\/\\\/blogdofarnesio.com.br\\\/#\\\/schema\\\/person\\\/bb9b23ae3ad0609ce8df7b6c9e76824d\",\"name\":\"Farn\u00e9sio\",\"image\":{\"@type\":\"ImageObject\",\"inLanguage\":\"pt-BR\",\"@id\":\"https:\\\/\\\/secure.gravatar.com\\\/avatar\\\/986aa4c61ccdb66f8555bf88fc2a65609d00bcabd4d2d94377a727547345cbca?s=96&d=mm&r=g\",\"url\":\"https:\\\/\\\/secure.gravatar.com\\\/avatar\\\/986aa4c61ccdb66f8555bf88fc2a65609d00bcabd4d2d94377a727547345cbca?s=96&d=mm&r=g\",\"contentUrl\":\"https:\\\/\\\/secure.gravatar.com\\\/avatar\\\/986aa4c61ccdb66f8555bf88fc2a65609d00bcabd4d2d94377a727547345cbca?s=96&d=mm&r=g\",\"caption\":\"Farn\u00e9sio\"},\"description\":\"Radialista blogueiro, chegou a Petrolina\\\/Juazeiro em setembro de 1980, Farn\u00e9sio Silva \u00e9 de Arapiraca-Alagoas.\",\"sameAs\":[\"http:\\\/\\\/blogdofarnesio.com.br\",\"https:\\\/\\\/www.facebook.com\\\/?ref=tn_tnmn\",\"https:\\\/\\\/www.instagram.com\\\/?utm_source=pwa_homescreen\",\"https:\\\/\\\/youtube.com.br\\\/\"],\"url\":\"https:\\\/\\\/blogdofarnesio.com.br\\\/?author=2\"}]}<\/script>\n<!-- \/ Yoast SEO plugin. -->","yoast_head_json":{"title":"A 11\u00aa ExpoRajada abre hoje oficialmente o ciclo junino de Petrolina - Blog do Farn\u00e9sio","robots":{"index":"index","follow":"follow","max-snippet":"max-snippet:-1","max-image-preview":"max-image-preview:large","max-video-preview":"max-video-preview:-1"},"canonical":"https:\/\/blogdofarnesio.com.br\/?p=366603","og_locale":"pt_BR","og_type":"article","og_title":"A 11\u00aa ExpoRajada abre hoje oficialmente o ciclo junino de Petrolina - Blog do Farn\u00e9sio","og_description":"Os festejos juninos se estender\u00e3o at\u00e9 o dia 30 de junho Repetindo o sucesso do ano passado, come\u00e7a nesta sexta-feira (19) a 11\u00aa edi\u00e7\u00e3o da Feira de Exposi\u00e7\u00e3o de Caprinos e Ovinos de Rajada (ExpoRajada). A Feira acontece na quadra coberta da pra\u00e7a central do distrito de Rajada, na zona rural de Petrolina. O evento abre oficialmente o ciclo junino de 2024, e a programa\u00e7\u00e3o conta com concurso de animais, exposi\u00e7\u00e3o e shows musicais. A ExpoRajada vai at\u00e9 domingo (21). Os animais come\u00e7am a chegar a partir das 12h desta sexta-feira, e a partir das 21h o p\u00fablico vai contar com os shows de Thiago Aquino, S\u00e9rgio do Forr\u00f3 e Boteco Sertanejo. J\u00e1 no s\u00e1bado (20), tem concurso de caprinos&hellip;","og_url":"https:\/\/blogdofarnesio.com.br\/?p=366603","og_site_name":"Blog do Farn\u00e9sio","article_publisher":"https:\/\/www.facebook.com\/BlogQuerSaberPolitica\/","article_author":"https:\/\/www.facebook.com\/?ref=tn_tnmn","article_published_time":"2024-04-19T18:44:59+00:00","og_image":[{"width":580,"height":416,"url":"https:\/\/blogdofarnesio.com.br\/wp-content\/uploads\/2024\/04\/blogqsppet-XI-ExpoRajada-2-e1713292400551.jpeg","type":"image\/jpeg"}],"author":"Farn\u00e9sio","twitter_card":"summary_large_image","twitter_misc":{"Escrito por":"Farn\u00e9sio","Est. tempo de leitura":"3 minutos"},"schema":{"@context":"https:\/\/schema.org","@graph":[{"@type":"Article","@id":"https:\/\/blogdofarnesio.com.br\/?p=366603#article","isPartOf":{"@id":"https:\/\/blogdofarnesio.com.br\/?p=366603"},"author":{"name":"Farn\u00e9sio","@id":"https:\/\/blogdofarnesio.com.br\/#\/schema\/person\/bb9b23ae3ad0609ce8df7b6c9e76824d"},"headline":"A 11\u00aa ExpoRajada abre hoje oficialmente o ciclo junino de Petrolina","datePublished":"2024-04-19T18:44:59+00:00","mainEntityOfPage":{"@id":"https:\/\/blogdofarnesio.com.br\/?p=366603"},"wordCount":416,"commentCount":0,"publisher":{"@id":"https:\/\/blogdofarnesio.com.br\/#organization"},"image":{"@id":"https:\/\/blogdofarnesio.com.br\/?p=366603#primaryimage"},"thumbnailUrl":"https:\/\/blogdofarnesio.com.br\/wp-content\/uploads\/2024\/04\/blogqsppet-XI-ExpoRajada-2-e1713292400551.jpeg","articleSection":["Cultura"],"inLanguage":"pt-BR","potentialAction":[{"@type":"CommentAction","name":"Comment","target":["https:\/\/blogdofarnesio.com.br\/?p=366603#respond"]}]},{"@type":"WebPage","@id":"https:\/\/blogdofarnesio.com.br\/?p=366603","url":"https:\/\/blogdofarnesio.com.br\/?p=366603","name":"A 11\u00aa ExpoRajada abre hoje oficialmente o ciclo junino de Petrolina - Blog do Farn\u00e9sio","isPartOf":{"@id":"https:\/\/blogdofarnesio.com.br\/#website"},"primaryImageOfPage":{"@id":"https:\/\/blogdofarnesio.com.br\/?p=366603#primaryimage"},"image":{"@id":"https:\/\/blogdofarnesio.com.br\/?p=366603#primaryimage"},"thumbnailUrl":"https:\/\/blogdofarnesio.com.br\/wp-content\/uploads\/2024\/04\/blogqsppet-XI-ExpoRajada-2-e1713292400551.jpeg","datePublished":"2024-04-19T18:44:59+00:00","breadcrumb":{"@id":"https:\/\/blogdofarnesio.com.br\/?p=366603#breadcrumb"},"inLanguage":"pt-BR","potentialAction":[{"@type":"ReadAction","target":["https:\/\/blogdofarnesio.com.br\/?p=366603"]}]},{"@type":"ImageObject","inLanguage":"pt-BR","@id":"https:\/\/blogdofarnesio.com.br\/?p=366603#primaryimage","url":"https:\/\/blogdofarnesio.com.br\/wp-content\/uploads\/2024\/04\/blogqsppet-XI-ExpoRajada-2-e1713292400551.jpeg","contentUrl":"https:\/\/blogdofarnesio.com.br\/wp-content\/uploads\/2024\/04\/blogqsppet-XI-ExpoRajada-2-e1713292400551.jpeg","width":580,"height":416},{"@type":"BreadcrumbList","@id":"https:\/\/blogdofarnesio.com.br\/?p=366603#breadcrumb","itemListElement":[{"@type":"ListItem","position":1,"name":"In\u00edcio","item":"https:\/\/blogdofarnesio.com.br\/"},{"@type":"ListItem","position":2,"name":"A 11\u00aa ExpoRajada abre hoje oficialmente o ciclo junino de Petrolina"}]},{"@type":"WebSite","@id":"https:\/\/blogdofarnesio.com.br\/#website","url":"https:\/\/blogdofarnesio.com.br\/","name":"Blog do Farn\u00e9sio","description":"Quer Saber Pol\u00edtica?","publisher":{"@id":"https:\/\/blogdofarnesio.com.br\/#organization"},"potentialAction":[{"@type":"SearchAction","target":{"@type":"EntryPoint","urlTemplate":"https:\/\/blogdofarnesio.com.br\/?s={search_term_string}"},"query-input":{"@type":"PropertyValueSpecification","valueRequired":true,"valueName":"search_term_string"}}],"inLanguage":"pt-BR"},{"@type":"Organization","@id":"https:\/\/blogdofarnesio.com.br\/#organization","name":"Blog do Farn\u00e9sio","url":"https:\/\/blogdofarnesio.com.br\/","logo":{"@type":"ImageObject","inLanguage":"pt-BR","@id":"https:\/\/blogdofarnesio.com.br\/#\/schema\/logo\/image\/","url":"https:\/\/blogdofarnesio.com.br\/wp-content\/uploads\/2026\/03\/cropped-logo_new-1.png","contentUrl":"https:\/\/blogdofarnesio.com.br\/wp-content\/uploads\/2026\/03\/cropped-logo_new-1.png","width":881,"height":685,"caption":"Blog do Farn\u00e9sio"},"image":{"@id":"https:\/\/blogdofarnesio.com.br\/#\/schema\/logo\/image\/"},"sameAs":["https:\/\/www.facebook.com\/BlogQuerSaberPolitica\/"]},{"@type":"Person","@id":"https:\/\/blogdofarnesio.com.br\/#\/schema\/person\/bb9b23ae3ad0609ce8df7b6c9e76824d","name":"Farn\u00e9sio","image":{"@type":"ImageObject","inLanguage":"pt-BR","@id":"https:\/\/secure.gravatar.com\/avatar\/986aa4c61ccdb66f8555bf88fc2a65609d00bcabd4d2d94377a727547345cbca?s=96&d=mm&r=g","url":"https:\/\/secure.gravatar.com\/avatar\/986aa4c61ccdb66f8555bf88fc2a65609d00bcabd4d2d94377a727547345cbca?s=96&d=mm&r=g","contentUrl":"https:\/\/secure.gravatar.com\/avatar\/986aa4c61ccdb66f8555bf88fc2a65609d00bcabd4d2d94377a727547345cbca?s=96&d=mm&r=g","caption":"Farn\u00e9sio"},"description":"Radialista blogueiro, chegou a Petrolina\/Juazeiro em setembro de 1980, Farn\u00e9sio Silva \u00e9 de Arapiraca-Alagoas.","sameAs":["http:\/\/blogdofarnesio.com.br","https:\/\/www.facebook.com\/?ref=tn_tnmn","https:\/\/www.instagram.com\/?utm_source=pwa_homescreen","https:\/\/youtube.com.br\/"],"url":"https:\/\/blogdofarnesio.com.br\/?author=2"}]}},"_links":{"self":[{"href":"https:\/\/blogdofarnesio.com.br\/index.php?rest_route=\/wp\/v2\/posts\/366603","targetHints":{"allow":["GET"]}}],"collection":[{"href":"https:\/\/blogdofarnesio.com.br\/index.php?rest_route=\/wp\/v2\/posts"}],"about":[{"href":"https:\/\/blogdofarnesio.com.br\/index.php?rest_route=\/wp\/v2\/types\/post"}],"author":[{"embeddable":true,"href":"https:\/\/blogdofarnesio.com.br\/index.php?rest_route=\/wp\/v2\/users\/2"}],"replies":[{"embeddable":true,"href":"https:\/\/blogdofarnesio.com.br\/index.php?rest_route=%2Fwp%2Fv2%2Fcomments&post=366603"}],"version-history":[{"count":0,"href":"https:\/\/blogdofarnesio.com.br\/index.php?rest_route=\/wp\/v2\/posts\/366603\/revisions"}],"wp:featuredmedia":[{"embeddable":true,"href":"https:\/\/blogdofarnesio.com.br\/index.php?rest_route=\/wp\/v2\/media\/366339"}],"wp:attachment":[{"href":"https:\/\/blogdofarnesio.com.br\/index.php?rest_route=%2Fwp%2Fv2%2Fmedia&parent=366603"}],"wp:term":[{"taxonomy":"category","embeddable":true,"href":"https:\/\/blogdofarnesio.com.br\/index.php?rest_route=%2Fwp%2Fv2%2Fcategories&post=366603"},{"taxonomy":"post_tag","embeddable":true,"href":"https:\/\/blogdofarnesio.com.br\/index.php?rest_route=%2Fwp%2Fv2%2Ftags&post=366603"}],"curies":[{"name":"wp","href":"https:\/\/api.w.org\/{rel}","templated":true}]}}