{"id":365938,"date":"2024-04-15T16:24:11","date_gmt":"2024-04-15T19:24:11","guid":{"rendered":"https:\/\/blogdofarnesio.com.br\/?p=365938"},"modified":"2024-04-15T14:40:37","modified_gmt":"2024-04-15T17:40:37","slug":"petrolina-publica-edital-para-eleicoes-do-conselho-municipal-de-politicas-culturais","status":"publish","type":"post","link":"https:\/\/blogdofarnesio.com.br\/?p=365938","title":{"rendered":"Petrolina publica edital para elei\u00e7\u00f5es do Conselho Municipal de Pol\u00edticas Culturais"},"content":{"rendered":"<p>A Prefeitura de Petrolina, por meio da Secretaria de Educa\u00e7\u00e3o, Cultura e Esportes, publicou o edital de convoca\u00e7\u00e3o para o preenchimento de vagas da sociedade civil que ir\u00e3o fazer parte do Conselho Municipal de Pol\u00edticas Culturais (CMPC), no bi\u00eanio 2024\/2026.<\/p>\n<p>O Conselho foi criado em 2023, com a finalidade de colaborar juntamente com a comunidade, de forma participativa e democr\u00e1tica, na cria\u00e7\u00e3o, fiscaliza\u00e7\u00e3o e manuten\u00e7\u00e3o de pol\u00edticas p\u00fablicas relacionadas \u00e0 cultura municipal.<\/p>\n<p>As inscri\u00e7\u00f5es para candidatos e eleitores, assim como a elei\u00e7\u00e3o para os novos membros do Conselho Municipal de Pol\u00edticas Culturais, est\u00e1 marcada para acontecer no pr\u00f3ximo dia 27 de abril, a partir das 16h, na Faculdade de Petrolina (FACAPE), localizada no Campus Universit\u00e1rio s\/n, bairro Cidade Universit\u00e1ria, em Petrolina.<\/p>\n<p>Para participar do processo eleitoral, seja como candidato ou eleitor, os interessados dever\u00e3o obrigatoriamente, se apresentarem no dia da elei\u00e7\u00e3o, comprovar alguns requisitos presentes no edital, entre os quais, no caso de candidatos, possuir domic\u00edlio no munic\u00edpio de Petrolina por pelos menos dois anos e ter ao menos dois anos de atua\u00e7\u00e3o no campo cultural do munic\u00edpio.<\/p>\n<p>O Edital com todas as informa\u00e7\u00f5es do processo eleitoral, est\u00e1 dispon\u00edvel aos interessados, no Di\u00e1rio Oficial do Munic\u00edpio, atrav\u00e9s do portal eletr\u00f4nico da Prefeitura Municipal de Petrolina, no endere\u00e7o:\u00a0<a href=\"https:\/\/petrolina.pe.gov.br\/\" target=\"_blank\" rel=\"noopener\" data-saferedirecturl=\"https:\/\/www.google.com\/url?q=https:\/\/petrolina.pe.gov.br&amp;source=gmail&amp;ust=1712930458099000&amp;usg=AOvVaw3DOd5flYaikVG9MzOP5cAd\">https:\/\/petrolina.pe.gov.br<\/a>.<\/p>\n","protected":false},"excerpt":{"rendered":"<p>A Prefeitura de Petrolina, por meio da Secretaria de Educa\u00e7\u00e3o, Cultura e Esportes, publicou o edital de convoca\u00e7\u00e3o para o preenchimento de vagas da sociedade civil que ir\u00e3o fazer parte do Conselho Municipal de Pol\u00edticas Culturais (CMPC), no bi\u00eanio 2024\/2026. O Conselho foi criado em 2023, com a finalidade de colaborar juntamente com a comunidade, de forma participativa e democr\u00e1tica, na cria\u00e7\u00e3o, fiscaliza\u00e7\u00e3o e manuten\u00e7\u00e3o de pol\u00edticas p\u00fablicas relacionadas \u00e0 cultura municipal. As inscri\u00e7\u00f5es para candidatos e eleitores, assim como a elei\u00e7\u00e3o para os novos membros do Conselho Municipal de Pol\u00edticas Culturais, est\u00e1 marcada para acontecer no pr\u00f3ximo dia 27 de abril, a partir das 16h, na Faculdade de Petrolina (FACAPE), localizada no Campus Universit\u00e1rio s\/n, bairro Cidade Universit\u00e1ria, em&hellip; <\/p>\n","protected":false},"author":2,"featured_media":261342,"comment_status":"open","ping_status":"open","sticky":false,"template":"","format":"standard","meta":{"_acf_changed":false,"footnotes":""},"categories":[10],"tags":[],"class_list":["post-365938","post","type-post","status-publish","format-standard","has-post-thumbnail","hentry","category-cultura"],"acf":[],"yoast_head":"<!-- This site is optimized with the Yoast SEO plugin v27.4 - https:\/\/yoast.com\/product\/yoast-seo-wordpress\/ -->\n<title>Petrolina publica edital para elei\u00e7\u00f5es do Conselho Municipal de Pol\u00edticas Culturais - Blog do Farn\u00e9sio<\/title>\n<meta name=\"robots\" content=\"index, follow, max-snippet:-1, max-image-preview:large, max-video-preview:-1\" \/>\n<link rel=\"canonical\" href=\"https:\/\/blogdofarnesio.com.br\/?p=365938\" \/>\n<meta property=\"og:locale\" content=\"pt_BR\" \/>\n<meta property=\"og:type\" content=\"article\" \/>\n<meta property=\"og:title\" content=\"Petrolina publica edital para elei\u00e7\u00f5es do Conselho Municipal de Pol\u00edticas Culturais - Blog do Farn\u00e9sio\" \/>\n<meta property=\"og:description\" content=\"A Prefeitura de Petrolina, por meio da Secretaria de Educa\u00e7\u00e3o, Cultura e Esportes, publicou o edital de convoca\u00e7\u00e3o para o preenchimento de vagas da sociedade civil que ir\u00e3o fazer parte do Conselho Municipal de Pol\u00edticas Culturais (CMPC), no bi\u00eanio 2024\/2026. O Conselho foi criado em 2023, com a finalidade de colaborar juntamente com a comunidade, de forma participativa e democr\u00e1tica, na cria\u00e7\u00e3o, fiscaliza\u00e7\u00e3o e manuten\u00e7\u00e3o de pol\u00edticas p\u00fablicas relacionadas \u00e0 cultura municipal. As inscri\u00e7\u00f5es para candidatos e eleitores, assim como a elei\u00e7\u00e3o para os novos membros do Conselho Municipal de Pol\u00edticas Culturais, est\u00e1 marcada para acontecer no pr\u00f3ximo dia 27 de abril, a partir das 16h, na Faculdade de Petrolina (FACAPE), localizada no Campus Universit\u00e1rio s\/n, bairro Cidade Universit\u00e1ria, em&hellip;\" \/>\n<meta property=\"og:url\" content=\"https:\/\/blogdofarnesio.com.br\/?p=365938\" \/>\n<meta property=\"og:site_name\" content=\"Blog do Farn\u00e9sio\" \/>\n<meta property=\"article:publisher\" content=\"https:\/\/www.facebook.com\/BlogQuerSaberPolitica\/\" \/>\n<meta property=\"article:author\" content=\"https:\/\/www.facebook.com\/?ref=tn_tnmn\" \/>\n<meta property=\"article:published_time\" content=\"2024-04-15T19:24:11+00:00\" \/>\n<meta property=\"og:image\" content=\"https:\/\/blogdofarnesio.com.br\/wp-content\/uploads\/2020\/07\/blogqsppet-forum-popular-de-cultura-e1647718680253.png\" \/>\n\t<meta property=\"og:image:width\" content=\"640\" \/>\n\t<meta property=\"og:image:height\" content=\"331\" \/>\n\t<meta property=\"og:image:type\" content=\"image\/png\" \/>\n<meta name=\"author\" content=\"Farn\u00e9sio\" \/>\n<meta name=\"twitter:card\" content=\"summary_large_image\" \/>\n<meta name=\"twitter:label1\" content=\"Escrito por\" \/>\n\t<meta name=\"twitter:data1\" content=\"Farn\u00e9sio\" \/>\n\t<meta name=\"twitter:label2\" content=\"Est. tempo de leitura\" \/>\n\t<meta name=\"twitter:data2\" content=\"2 minutos\" \/>\n<script type=\"application\/ld+json\" class=\"yoast-schema-graph\">{\"@context\":\"https:\\\/\\\/schema.org\",\"@graph\":[{\"@type\":\"Article\",\"@id\":\"https:\\\/\\\/blogdofarnesio.com.br\\\/?p=365938#article\",\"isPartOf\":{\"@id\":\"https:\\\/\\\/blogdofarnesio.com.br\\\/?p=365938\"},\"author\":{\"name\":\"Farn\u00e9sio\",\"@id\":\"https:\\\/\\\/blogdofarnesio.com.br\\\/#\\\/schema\\\/person\\\/bb9b23ae3ad0609ce8df7b6c9e76824d\"},\"headline\":\"Petrolina publica edital para elei\u00e7\u00f5es do Conselho Municipal de Pol\u00edticas Culturais\",\"datePublished\":\"2024-04-15T19:24:11+00:00\",\"mainEntityOfPage\":{\"@id\":\"https:\\\/\\\/blogdofarnesio.com.br\\\/?p=365938\"},\"wordCount\":252,\"commentCount\":0,\"publisher\":{\"@id\":\"https:\\\/\\\/blogdofarnesio.com.br\\\/#organization\"},\"image\":{\"@id\":\"https:\\\/\\\/blogdofarnesio.com.br\\\/?p=365938#primaryimage\"},\"thumbnailUrl\":\"https:\\\/\\\/blogdofarnesio.com.br\\\/wp-content\\\/uploads\\\/2020\\\/07\\\/blogqsppet-forum-popular-de-cultura-e1647718680253.png\",\"articleSection\":[\"Cultura\"],\"inLanguage\":\"pt-BR\",\"potentialAction\":[{\"@type\":\"CommentAction\",\"name\":\"Comment\",\"target\":[\"https:\\\/\\\/blogdofarnesio.com.br\\\/?p=365938#respond\"]}]},{\"@type\":\"WebPage\",\"@id\":\"https:\\\/\\\/blogdofarnesio.com.br\\\/?p=365938\",\"url\":\"https:\\\/\\\/blogdofarnesio.com.br\\\/?p=365938\",\"name\":\"Petrolina publica edital para elei\u00e7\u00f5es do Conselho Municipal de Pol\u00edticas Culturais - Blog do Farn\u00e9sio\",\"isPartOf\":{\"@id\":\"https:\\\/\\\/blogdofarnesio.com.br\\\/#website\"},\"primaryImageOfPage\":{\"@id\":\"https:\\\/\\\/blogdofarnesio.com.br\\\/?p=365938#primaryimage\"},\"image\":{\"@id\":\"https:\\\/\\\/blogdofarnesio.com.br\\\/?p=365938#primaryimage\"},\"thumbnailUrl\":\"https:\\\/\\\/blogdofarnesio.com.br\\\/wp-content\\\/uploads\\\/2020\\\/07\\\/blogqsppet-forum-popular-de-cultura-e1647718680253.png\",\"datePublished\":\"2024-04-15T19:24:11+00:00\",\"breadcrumb\":{\"@id\":\"https:\\\/\\\/blogdofarnesio.com.br\\\/?p=365938#breadcrumb\"},\"inLanguage\":\"pt-BR\",\"potentialAction\":[{\"@type\":\"ReadAction\",\"target\":[\"https:\\\/\\\/blogdofarnesio.com.br\\\/?p=365938\"]}]},{\"@type\":\"ImageObject\",\"inLanguage\":\"pt-BR\",\"@id\":\"https:\\\/\\\/blogdofarnesio.com.br\\\/?p=365938#primaryimage\",\"url\":\"https:\\\/\\\/blogdofarnesio.com.br\\\/wp-content\\\/uploads\\\/2020\\\/07\\\/blogqsppet-forum-popular-de-cultura-e1647718680253.png\",\"contentUrl\":\"https:\\\/\\\/blogdofarnesio.com.br\\\/wp-content\\\/uploads\\\/2020\\\/07\\\/blogqsppet-forum-popular-de-cultura-e1647718680253.png\",\"width\":640,\"height\":331},{\"@type\":\"BreadcrumbList\",\"@id\":\"https:\\\/\\\/blogdofarnesio.com.br\\\/?p=365938#breadcrumb\",\"itemListElement\":[{\"@type\":\"ListItem\",\"position\":1,\"name\":\"In\u00edcio\",\"item\":\"https:\\\/\\\/blogdofarnesio.com.br\\\/\"},{\"@type\":\"ListItem\",\"position\":2,\"name\":\"Petrolina publica edital para elei\u00e7\u00f5es do Conselho Municipal de Pol\u00edticas Culturais\"}]},{\"@type\":\"WebSite\",\"@id\":\"https:\\\/\\\/blogdofarnesio.com.br\\\/#website\",\"url\":\"https:\\\/\\\/blogdofarnesio.com.br\\\/\",\"name\":\"Blog do Farn\u00e9sio\",\"description\":\"Quer Saber Pol\u00edtica?\",\"publisher\":{\"@id\":\"https:\\\/\\\/blogdofarnesio.com.br\\\/#organization\"},\"potentialAction\":[{\"@type\":\"SearchAction\",\"target\":{\"@type\":\"EntryPoint\",\"urlTemplate\":\"https:\\\/\\\/blogdofarnesio.com.br\\\/?s={search_term_string}\"},\"query-input\":{\"@type\":\"PropertyValueSpecification\",\"valueRequired\":true,\"valueName\":\"search_term_string\"}}],\"inLanguage\":\"pt-BR\"},{\"@type\":\"Organization\",\"@id\":\"https:\\\/\\\/blogdofarnesio.com.br\\\/#organization\",\"name\":\"Blog do Farn\u00e9sio\",\"url\":\"https:\\\/\\\/blogdofarnesio.com.br\\\/\",\"logo\":{\"@type\":\"ImageObject\",\"inLanguage\":\"pt-BR\",\"@id\":\"https:\\\/\\\/blogdofarnesio.com.br\\\/#\\\/schema\\\/logo\\\/image\\\/\",\"url\":\"https:\\\/\\\/blogdofarnesio.com.br\\\/wp-content\\\/uploads\\\/2026\\\/03\\\/cropped-logo_new-1.png\",\"contentUrl\":\"https:\\\/\\\/blogdofarnesio.com.br\\\/wp-content\\\/uploads\\\/2026\\\/03\\\/cropped-logo_new-1.png\",\"width\":881,\"height\":685,\"caption\":\"Blog do Farn\u00e9sio\"},\"image\":{\"@id\":\"https:\\\/\\\/blogdofarnesio.com.br\\\/#\\\/schema\\\/logo\\\/image\\\/\"},\"sameAs\":[\"https:\\\/\\\/www.facebook.com\\\/BlogQuerSaberPolitica\\\/\"]},{\"@type\":\"Person\",\"@id\":\"https:\\\/\\\/blogdofarnesio.com.br\\\/#\\\/schema\\\/person\\\/bb9b23ae3ad0609ce8df7b6c9e76824d\",\"name\":\"Farn\u00e9sio\",\"image\":{\"@type\":\"ImageObject\",\"inLanguage\":\"pt-BR\",\"@id\":\"https:\\\/\\\/secure.gravatar.com\\\/avatar\\\/986aa4c61ccdb66f8555bf88fc2a65609d00bcabd4d2d94377a727547345cbca?s=96&d=mm&r=g\",\"url\":\"https:\\\/\\\/secure.gravatar.com\\\/avatar\\\/986aa4c61ccdb66f8555bf88fc2a65609d00bcabd4d2d94377a727547345cbca?s=96&d=mm&r=g\",\"contentUrl\":\"https:\\\/\\\/secure.gravatar.com\\\/avatar\\\/986aa4c61ccdb66f8555bf88fc2a65609d00bcabd4d2d94377a727547345cbca?s=96&d=mm&r=g\",\"caption\":\"Farn\u00e9sio\"},\"description\":\"Radialista blogueiro, chegou a Petrolina\\\/Juazeiro em setembro de 1980, Farn\u00e9sio Silva \u00e9 de Arapiraca-Alagoas.\",\"sameAs\":[\"http:\\\/\\\/blogdofarnesio.com.br\",\"https:\\\/\\\/www.facebook.com\\\/?ref=tn_tnmn\",\"https:\\\/\\\/www.instagram.com\\\/?utm_source=pwa_homescreen\",\"https:\\\/\\\/youtube.com.br\\\/\"],\"url\":\"https:\\\/\\\/blogdofarnesio.com.br\\\/?author=2\"}]}<\/script>\n<!-- \/ Yoast SEO plugin. -->","yoast_head_json":{"title":"Petrolina publica edital para elei\u00e7\u00f5es do Conselho Municipal de Pol\u00edticas Culturais - Blog do Farn\u00e9sio","robots":{"index":"index","follow":"follow","max-snippet":"max-snippet:-1","max-image-preview":"max-image-preview:large","max-video-preview":"max-video-preview:-1"},"canonical":"https:\/\/blogdofarnesio.com.br\/?p=365938","og_locale":"pt_BR","og_type":"article","og_title":"Petrolina publica edital para elei\u00e7\u00f5es do Conselho Municipal de Pol\u00edticas Culturais - Blog do Farn\u00e9sio","og_description":"A Prefeitura de Petrolina, por meio da Secretaria de Educa\u00e7\u00e3o, Cultura e Esportes, publicou o edital de convoca\u00e7\u00e3o para o preenchimento de vagas da sociedade civil que ir\u00e3o fazer parte do Conselho Municipal de Pol\u00edticas Culturais (CMPC), no bi\u00eanio 2024\/2026. O Conselho foi criado em 2023, com a finalidade de colaborar juntamente com a comunidade, de forma participativa e democr\u00e1tica, na cria\u00e7\u00e3o, fiscaliza\u00e7\u00e3o e manuten\u00e7\u00e3o de pol\u00edticas p\u00fablicas relacionadas \u00e0 cultura municipal. As inscri\u00e7\u00f5es para candidatos e eleitores, assim como a elei\u00e7\u00e3o para os novos membros do Conselho Municipal de Pol\u00edticas Culturais, est\u00e1 marcada para acontecer no pr\u00f3ximo dia 27 de abril, a partir das 16h, na Faculdade de Petrolina (FACAPE), localizada no Campus Universit\u00e1rio s\/n, bairro Cidade Universit\u00e1ria, em&hellip;","og_url":"https:\/\/blogdofarnesio.com.br\/?p=365938","og_site_name":"Blog do Farn\u00e9sio","article_publisher":"https:\/\/www.facebook.com\/BlogQuerSaberPolitica\/","article_author":"https:\/\/www.facebook.com\/?ref=tn_tnmn","article_published_time":"2024-04-15T19:24:11+00:00","og_image":[{"width":640,"height":331,"url":"https:\/\/blogdofarnesio.com.br\/wp-content\/uploads\/2020\/07\/blogqsppet-forum-popular-de-cultura-e1647718680253.png","type":"image\/png"}],"author":"Farn\u00e9sio","twitter_card":"summary_large_image","twitter_misc":{"Escrito por":"Farn\u00e9sio","Est. tempo de leitura":"2 minutos"},"schema":{"@context":"https:\/\/schema.org","@graph":[{"@type":"Article","@id":"https:\/\/blogdofarnesio.com.br\/?p=365938#article","isPartOf":{"@id":"https:\/\/blogdofarnesio.com.br\/?p=365938"},"author":{"name":"Farn\u00e9sio","@id":"https:\/\/blogdofarnesio.com.br\/#\/schema\/person\/bb9b23ae3ad0609ce8df7b6c9e76824d"},"headline":"Petrolina publica edital para elei\u00e7\u00f5es do Conselho Municipal de Pol\u00edticas Culturais","datePublished":"2024-04-15T19:24:11+00:00","mainEntityOfPage":{"@id":"https:\/\/blogdofarnesio.com.br\/?p=365938"},"wordCount":252,"commentCount":0,"publisher":{"@id":"https:\/\/blogdofarnesio.com.br\/#organization"},"image":{"@id":"https:\/\/blogdofarnesio.com.br\/?p=365938#primaryimage"},"thumbnailUrl":"https:\/\/blogdofarnesio.com.br\/wp-content\/uploads\/2020\/07\/blogqsppet-forum-popular-de-cultura-e1647718680253.png","articleSection":["Cultura"],"inLanguage":"pt-BR","potentialAction":[{"@type":"CommentAction","name":"Comment","target":["https:\/\/blogdofarnesio.com.br\/?p=365938#respond"]}]},{"@type":"WebPage","@id":"https:\/\/blogdofarnesio.com.br\/?p=365938","url":"https:\/\/blogdofarnesio.com.br\/?p=365938","name":"Petrolina publica edital para elei\u00e7\u00f5es do Conselho Municipal de Pol\u00edticas Culturais - Blog do Farn\u00e9sio","isPartOf":{"@id":"https:\/\/blogdofarnesio.com.br\/#website"},"primaryImageOfPage":{"@id":"https:\/\/blogdofarnesio.com.br\/?p=365938#primaryimage"},"image":{"@id":"https:\/\/blogdofarnesio.com.br\/?p=365938#primaryimage"},"thumbnailUrl":"https:\/\/blogdofarnesio.com.br\/wp-content\/uploads\/2020\/07\/blogqsppet-forum-popular-de-cultura-e1647718680253.png","datePublished":"2024-04-15T19:24:11+00:00","breadcrumb":{"@id":"https:\/\/blogdofarnesio.com.br\/?p=365938#breadcrumb"},"inLanguage":"pt-BR","potentialAction":[{"@type":"ReadAction","target":["https:\/\/blogdofarnesio.com.br\/?p=365938"]}]},{"@type":"ImageObject","inLanguage":"pt-BR","@id":"https:\/\/blogdofarnesio.com.br\/?p=365938#primaryimage","url":"https:\/\/blogdofarnesio.com.br\/wp-content\/uploads\/2020\/07\/blogqsppet-forum-popular-de-cultura-e1647718680253.png","contentUrl":"https:\/\/blogdofarnesio.com.br\/wp-content\/uploads\/2020\/07\/blogqsppet-forum-popular-de-cultura-e1647718680253.png","width":640,"height":331},{"@type":"BreadcrumbList","@id":"https:\/\/blogdofarnesio.com.br\/?p=365938#breadcrumb","itemListElement":[{"@type":"ListItem","position":1,"name":"In\u00edcio","item":"https:\/\/blogdofarnesio.com.br\/"},{"@type":"ListItem","position":2,"name":"Petrolina publica edital para elei\u00e7\u00f5es do Conselho Municipal de Pol\u00edticas Culturais"}]},{"@type":"WebSite","@id":"https:\/\/blogdofarnesio.com.br\/#website","url":"https:\/\/blogdofarnesio.com.br\/","name":"Blog do Farn\u00e9sio","description":"Quer Saber Pol\u00edtica?","publisher":{"@id":"https:\/\/blogdofarnesio.com.br\/#organization"},"potentialAction":[{"@type":"SearchAction","target":{"@type":"EntryPoint","urlTemplate":"https:\/\/blogdofarnesio.com.br\/?s={search_term_string}"},"query-input":{"@type":"PropertyValueSpecification","valueRequired":true,"valueName":"search_term_string"}}],"inLanguage":"pt-BR"},{"@type":"Organization","@id":"https:\/\/blogdofarnesio.com.br\/#organization","name":"Blog do Farn\u00e9sio","url":"https:\/\/blogdofarnesio.com.br\/","logo":{"@type":"ImageObject","inLanguage":"pt-BR","@id":"https:\/\/blogdofarnesio.com.br\/#\/schema\/logo\/image\/","url":"https:\/\/blogdofarnesio.com.br\/wp-content\/uploads\/2026\/03\/cropped-logo_new-1.png","contentUrl":"https:\/\/blogdofarnesio.com.br\/wp-content\/uploads\/2026\/03\/cropped-logo_new-1.png","width":881,"height":685,"caption":"Blog do Farn\u00e9sio"},"image":{"@id":"https:\/\/blogdofarnesio.com.br\/#\/schema\/logo\/image\/"},"sameAs":["https:\/\/www.facebook.com\/BlogQuerSaberPolitica\/"]},{"@type":"Person","@id":"https:\/\/blogdofarnesio.com.br\/#\/schema\/person\/bb9b23ae3ad0609ce8df7b6c9e76824d","name":"Farn\u00e9sio","image":{"@type":"ImageObject","inLanguage":"pt-BR","@id":"https:\/\/secure.gravatar.com\/avatar\/986aa4c61ccdb66f8555bf88fc2a65609d00bcabd4d2d94377a727547345cbca?s=96&d=mm&r=g","url":"https:\/\/secure.gravatar.com\/avatar\/986aa4c61ccdb66f8555bf88fc2a65609d00bcabd4d2d94377a727547345cbca?s=96&d=mm&r=g","contentUrl":"https:\/\/secure.gravatar.com\/avatar\/986aa4c61ccdb66f8555bf88fc2a65609d00bcabd4d2d94377a727547345cbca?s=96&d=mm&r=g","caption":"Farn\u00e9sio"},"description":"Radialista blogueiro, chegou a Petrolina\/Juazeiro em setembro de 1980, Farn\u00e9sio Silva \u00e9 de Arapiraca-Alagoas.","sameAs":["http:\/\/blogdofarnesio.com.br","https:\/\/www.facebook.com\/?ref=tn_tnmn","https:\/\/www.instagram.com\/?utm_source=pwa_homescreen","https:\/\/youtube.com.br\/"],"url":"https:\/\/blogdofarnesio.com.br\/?author=2"}]}},"_links":{"self":[{"href":"https:\/\/blogdofarnesio.com.br\/index.php?rest_route=\/wp\/v2\/posts\/365938","targetHints":{"allow":["GET"]}}],"collection":[{"href":"https:\/\/blogdofarnesio.com.br\/index.php?rest_route=\/wp\/v2\/posts"}],"about":[{"href":"https:\/\/blogdofarnesio.com.br\/index.php?rest_route=\/wp\/v2\/types\/post"}],"author":[{"embeddable":true,"href":"https:\/\/blogdofarnesio.com.br\/index.php?rest_route=\/wp\/v2\/users\/2"}],"replies":[{"embeddable":true,"href":"https:\/\/blogdofarnesio.com.br\/index.php?rest_route=%2Fwp%2Fv2%2Fcomments&post=365938"}],"version-history":[{"count":0,"href":"https:\/\/blogdofarnesio.com.br\/index.php?rest_route=\/wp\/v2\/posts\/365938\/revisions"}],"wp:featuredmedia":[{"embeddable":true,"href":"https:\/\/blogdofarnesio.com.br\/index.php?rest_route=\/wp\/v2\/media\/261342"}],"wp:attachment":[{"href":"https:\/\/blogdofarnesio.com.br\/index.php?rest_route=%2Fwp%2Fv2%2Fmedia&parent=365938"}],"wp:term":[{"taxonomy":"category","embeddable":true,"href":"https:\/\/blogdofarnesio.com.br\/index.php?rest_route=%2Fwp%2Fv2%2Fcategories&post=365938"},{"taxonomy":"post_tag","embeddable":true,"href":"https:\/\/blogdofarnesio.com.br\/index.php?rest_route=%2Fwp%2Fv2%2Ftags&post=365938"}],"curies":[{"name":"wp","href":"https:\/\/api.w.org\/{rel}","templated":true}]}}