{"id":365919,"date":"2024-04-11T13:00:41","date_gmt":"2024-04-11T16:00:41","guid":{"rendered":"https:\/\/blogdofarnesio.com.br\/?p=365919"},"modified":"2024-04-11T09:45:05","modified_gmt":"2024-04-11T12:45:05","slug":"guilherme-coelho-discute-sobre-oportunidade-de-contratacao-temporaria-dos-beneficiarios-do-bolsa-familia-com-sindicato-dos-trabalhadores-rurais","status":"publish","type":"post","link":"https:\/\/blogdofarnesio.com.br\/?p=365919","title":{"rendered":"Guilherme Coelho discute oportunidade de contrata\u00e7\u00e3o tempor\u00e1ria dos benefici\u00e1rios do Bolsa Fam\u00edlia com Sindicato dos Trabalhadores Rurais"},"content":{"rendered":"<p style=\"font-weight: 400;\">Nesta quarta-feira (10), o presidente da Associa\u00e7\u00e3o Brasileira dos Produtores Exportadores de Frutas (Abrafrutas), Guilherme Coelho, esteve reunido com a diretoria do Sindicato dos Trabalhadores e Trabalhadoras Assalariados Rurais de Petrolina (STTAR). Entre os assuntos discutidos est\u00e1 a proposta que permite aos benefici\u00e1rios do Bolsa Fam\u00edlia trabalharem temporariamente sem o risco de perda do benef\u00edcio.<\/p>\n<p style=\"font-weight: 400;\">De acordo com Guilherme Coelho, a fruticultura, assim como outros setores do agroneg\u00f3cio, vem enfrentando dificuldades para contrata\u00e7\u00e3o de m\u00e3o de obra. Durante o encontro com o presidente Luiz In\u00e1cio Lula da Silva, no \u00faltimo dia 21 de mar\u00e7o, o presidente da Abrafrutas sugeriu garantir a continuidade do Bolsa Fam\u00edlia para os trabalhadores tempor\u00e1rios.<\/p>\n<p style=\"font-weight: 400;\">&#8220;Estamos empenhados em encontrar solu\u00e7\u00f5es que assegurem o sustento dos trabalhadores sazonais, garantindo tamb\u00e9m a efici\u00eancia das opera\u00e7\u00f5es agr\u00edcolas. Estou em contato com representantes de diversas categorias e fiz quest\u00e3o de ouvir a diretoria Sindicato dos Trabalhadores Rurais de Petrolina e pedir apoio para viabilizarmos essa proposta\u201d, afirmou Guilherme Coelho.<\/p>\n<p style=\"font-weight: 400;\">Para a presidente do STTAR, Maria Joelma, a medida trar\u00e1 benef\u00edcios tanto para os trabalhadores, quanto para os empres\u00e1rios. \u201cO empres\u00e1rio ter\u00e1 a m\u00e3o de obra qualificada, o trabalhador ter\u00e1 uma renda extra, al\u00e9m dos benef\u00edcios previdenci\u00e1rios que o registro na Carteira de Trabalho oferece\u201d, comentou.<\/p>\n<p style=\"font-weight: 400;\">Tamb\u00e9m participaram do encontro o vereador Ronaldo Silva, a vice-diretora do STTAR, Adelina Mariana, diretora de Forma\u00e7\u00e3o Sindical, Simone Paim, diretora de Mulheres e Juventude, Gl\u00e1ucia Lima, diretor Financeiro, Francisco Pascoal, diretor de Sa\u00fade do Trabalhador, Ant\u00f4nio Nilson e o diretor de Meio Ambiente e o diretor de Pol\u00edticas Salariais, Jos\u00e9 Roberto.<\/p>\n","protected":false},"excerpt":{"rendered":"<p>Nesta quarta-feira (10), o presidente da Associa\u00e7\u00e3o Brasileira dos Produtores Exportadores de Frutas (Abrafrutas), Guilherme Coelho, esteve reunido com a diretoria do Sindicato dos Trabalhadores e Trabalhadoras Assalariados Rurais de Petrolina (STTAR). Entre os assuntos discutidos est\u00e1 a proposta que permite aos benefici\u00e1rios do Bolsa Fam\u00edlia trabalharem temporariamente sem o risco de perda do benef\u00edcio. De acordo com Guilherme Coelho, a fruticultura, assim como outros setores do agroneg\u00f3cio, vem enfrentando dificuldades para contrata\u00e7\u00e3o de m\u00e3o de obra. Durante o encontro com o presidente Luiz In\u00e1cio Lula da Silva, no \u00faltimo dia 21 de mar\u00e7o, o presidente da Abrafrutas sugeriu garantir a continuidade do Bolsa Fam\u00edlia para os trabalhadores tempor\u00e1rios. &#8220;Estamos empenhados em encontrar solu\u00e7\u00f5es que assegurem o sustento dos trabalhadores&hellip; <\/p>\n","protected":false},"author":2,"featured_media":365920,"comment_status":"open","ping_status":"open","sticky":false,"template":"","format":"standard","meta":{"_acf_changed":false,"footnotes":""},"categories":[13],"tags":[],"class_list":["post-365919","post","type-post","status-publish","format-standard","has-post-thumbnail","hentry","category-fruticultura"],"acf":[],"yoast_head":"<!-- This site is optimized with the Yoast SEO plugin v27.4 - https:\/\/yoast.com\/product\/yoast-seo-wordpress\/ -->\n<title>Guilherme Coelho discute oportunidade de contrata\u00e7\u00e3o tempor\u00e1ria dos benefici\u00e1rios do Bolsa Fam\u00edlia com Sindicato dos Trabalhadores Rurais - Blog do Farn\u00e9sio<\/title>\n<meta name=\"robots\" content=\"index, follow, max-snippet:-1, max-image-preview:large, max-video-preview:-1\" \/>\n<link rel=\"canonical\" href=\"https:\/\/blogdofarnesio.com.br\/?p=365919\" \/>\n<meta property=\"og:locale\" content=\"pt_BR\" \/>\n<meta property=\"og:type\" content=\"article\" \/>\n<meta property=\"og:title\" content=\"Guilherme Coelho discute oportunidade de contrata\u00e7\u00e3o tempor\u00e1ria dos benefici\u00e1rios do Bolsa Fam\u00edlia com Sindicato dos Trabalhadores Rurais - Blog do Farn\u00e9sio\" \/>\n<meta property=\"og:description\" content=\"Nesta quarta-feira (10), o presidente da Associa\u00e7\u00e3o Brasileira dos Produtores Exportadores de Frutas (Abrafrutas), Guilherme Coelho, esteve reunido com a diretoria do Sindicato dos Trabalhadores e Trabalhadoras Assalariados Rurais de Petrolina (STTAR). Entre os assuntos discutidos est\u00e1 a proposta que permite aos benefici\u00e1rios do Bolsa Fam\u00edlia trabalharem temporariamente sem o risco de perda do benef\u00edcio. De acordo com Guilherme Coelho, a fruticultura, assim como outros setores do agroneg\u00f3cio, vem enfrentando dificuldades para contrata\u00e7\u00e3o de m\u00e3o de obra. Durante o encontro com o presidente Luiz In\u00e1cio Lula da Silva, no \u00faltimo dia 21 de mar\u00e7o, o presidente da Abrafrutas sugeriu garantir a continuidade do Bolsa Fam\u00edlia para os trabalhadores tempor\u00e1rios. &#8220;Estamos empenhados em encontrar solu\u00e7\u00f5es que assegurem o sustento dos trabalhadores&hellip;\" \/>\n<meta property=\"og:url\" content=\"https:\/\/blogdofarnesio.com.br\/?p=365919\" \/>\n<meta property=\"og:site_name\" content=\"Blog do Farn\u00e9sio\" \/>\n<meta property=\"article:publisher\" content=\"https:\/\/www.facebook.com\/BlogQuerSaberPolitica\/\" \/>\n<meta property=\"article:author\" content=\"https:\/\/www.facebook.com\/?ref=tn_tnmn\" \/>\n<meta property=\"article:published_time\" content=\"2024-04-11T16:00:41+00:00\" \/>\n<meta property=\"og:image\" content=\"https:\/\/blogdofarnesio.com.br\/wp-content\/uploads\/2024\/04\/blogqspabrafrutas-guilherme-sindicato-STTR-e1712839408776.jpeg\" \/>\n\t<meta property=\"og:image:width\" content=\"600\" \/>\n\t<meta property=\"og:image:height\" content=\"386\" \/>\n\t<meta property=\"og:image:type\" content=\"image\/jpeg\" \/>\n<meta name=\"author\" content=\"Farn\u00e9sio\" \/>\n<meta name=\"twitter:card\" content=\"summary_large_image\" \/>\n<meta name=\"twitter:label1\" content=\"Escrito por\" \/>\n\t<meta name=\"twitter:data1\" content=\"Farn\u00e9sio\" \/>\n\t<meta name=\"twitter:label2\" content=\"Est. tempo de leitura\" \/>\n\t<meta name=\"twitter:data2\" content=\"2 minutos\" \/>\n<script type=\"application\/ld+json\" class=\"yoast-schema-graph\">{\"@context\":\"https:\\\/\\\/schema.org\",\"@graph\":[{\"@type\":\"Article\",\"@id\":\"https:\\\/\\\/blogdofarnesio.com.br\\\/?p=365919#article\",\"isPartOf\":{\"@id\":\"https:\\\/\\\/blogdofarnesio.com.br\\\/?p=365919\"},\"author\":{\"name\":\"Farn\u00e9sio\",\"@id\":\"https:\\\/\\\/blogdofarnesio.com.br\\\/#\\\/schema\\\/person\\\/bb9b23ae3ad0609ce8df7b6c9e76824d\"},\"headline\":\"Guilherme Coelho discute oportunidade de contrata\u00e7\u00e3o tempor\u00e1ria dos benefici\u00e1rios do Bolsa Fam\u00edlia com Sindicato dos Trabalhadores Rurais\",\"datePublished\":\"2024-04-11T16:00:41+00:00\",\"mainEntityOfPage\":{\"@id\":\"https:\\\/\\\/blogdofarnesio.com.br\\\/?p=365919\"},\"wordCount\":306,\"commentCount\":0,\"publisher\":{\"@id\":\"https:\\\/\\\/blogdofarnesio.com.br\\\/#organization\"},\"image\":{\"@id\":\"https:\\\/\\\/blogdofarnesio.com.br\\\/?p=365919#primaryimage\"},\"thumbnailUrl\":\"https:\\\/\\\/blogdofarnesio.com.br\\\/wp-content\\\/uploads\\\/2024\\\/04\\\/blogqspabrafrutas-guilherme-sindicato-STTR-e1712839408776.jpeg\",\"articleSection\":[\"Fruticultura\"],\"inLanguage\":\"pt-BR\",\"potentialAction\":[{\"@type\":\"CommentAction\",\"name\":\"Comment\",\"target\":[\"https:\\\/\\\/blogdofarnesio.com.br\\\/?p=365919#respond\"]}]},{\"@type\":\"WebPage\",\"@id\":\"https:\\\/\\\/blogdofarnesio.com.br\\\/?p=365919\",\"url\":\"https:\\\/\\\/blogdofarnesio.com.br\\\/?p=365919\",\"name\":\"Guilherme Coelho discute oportunidade de contrata\u00e7\u00e3o tempor\u00e1ria dos benefici\u00e1rios do Bolsa Fam\u00edlia com Sindicato dos Trabalhadores Rurais - Blog do Farn\u00e9sio\",\"isPartOf\":{\"@id\":\"https:\\\/\\\/blogdofarnesio.com.br\\\/#website\"},\"primaryImageOfPage\":{\"@id\":\"https:\\\/\\\/blogdofarnesio.com.br\\\/?p=365919#primaryimage\"},\"image\":{\"@id\":\"https:\\\/\\\/blogdofarnesio.com.br\\\/?p=365919#primaryimage\"},\"thumbnailUrl\":\"https:\\\/\\\/blogdofarnesio.com.br\\\/wp-content\\\/uploads\\\/2024\\\/04\\\/blogqspabrafrutas-guilherme-sindicato-STTR-e1712839408776.jpeg\",\"datePublished\":\"2024-04-11T16:00:41+00:00\",\"breadcrumb\":{\"@id\":\"https:\\\/\\\/blogdofarnesio.com.br\\\/?p=365919#breadcrumb\"},\"inLanguage\":\"pt-BR\",\"potentialAction\":[{\"@type\":\"ReadAction\",\"target\":[\"https:\\\/\\\/blogdofarnesio.com.br\\\/?p=365919\"]}]},{\"@type\":\"ImageObject\",\"inLanguage\":\"pt-BR\",\"@id\":\"https:\\\/\\\/blogdofarnesio.com.br\\\/?p=365919#primaryimage\",\"url\":\"https:\\\/\\\/blogdofarnesio.com.br\\\/wp-content\\\/uploads\\\/2024\\\/04\\\/blogqspabrafrutas-guilherme-sindicato-STTR-e1712839408776.jpeg\",\"contentUrl\":\"https:\\\/\\\/blogdofarnesio.com.br\\\/wp-content\\\/uploads\\\/2024\\\/04\\\/blogqspabrafrutas-guilherme-sindicato-STTR-e1712839408776.jpeg\",\"width\":600,\"height\":386},{\"@type\":\"BreadcrumbList\",\"@id\":\"https:\\\/\\\/blogdofarnesio.com.br\\\/?p=365919#breadcrumb\",\"itemListElement\":[{\"@type\":\"ListItem\",\"position\":1,\"name\":\"In\u00edcio\",\"item\":\"https:\\\/\\\/blogdofarnesio.com.br\\\/\"},{\"@type\":\"ListItem\",\"position\":2,\"name\":\"Guilherme Coelho discute oportunidade de contrata\u00e7\u00e3o tempor\u00e1ria dos benefici\u00e1rios do Bolsa Fam\u00edlia com Sindicato dos Trabalhadores Rurais\"}]},{\"@type\":\"WebSite\",\"@id\":\"https:\\\/\\\/blogdofarnesio.com.br\\\/#website\",\"url\":\"https:\\\/\\\/blogdofarnesio.com.br\\\/\",\"name\":\"Blog do Farn\u00e9sio\",\"description\":\"Quer Saber Pol\u00edtica?\",\"publisher\":{\"@id\":\"https:\\\/\\\/blogdofarnesio.com.br\\\/#organization\"},\"potentialAction\":[{\"@type\":\"SearchAction\",\"target\":{\"@type\":\"EntryPoint\",\"urlTemplate\":\"https:\\\/\\\/blogdofarnesio.com.br\\\/?s={search_term_string}\"},\"query-input\":{\"@type\":\"PropertyValueSpecification\",\"valueRequired\":true,\"valueName\":\"search_term_string\"}}],\"inLanguage\":\"pt-BR\"},{\"@type\":\"Organization\",\"@id\":\"https:\\\/\\\/blogdofarnesio.com.br\\\/#organization\",\"name\":\"Blog do Farn\u00e9sio\",\"url\":\"https:\\\/\\\/blogdofarnesio.com.br\\\/\",\"logo\":{\"@type\":\"ImageObject\",\"inLanguage\":\"pt-BR\",\"@id\":\"https:\\\/\\\/blogdofarnesio.com.br\\\/#\\\/schema\\\/logo\\\/image\\\/\",\"url\":\"https:\\\/\\\/blogdofarnesio.com.br\\\/wp-content\\\/uploads\\\/2026\\\/03\\\/cropped-logo_new-1.png\",\"contentUrl\":\"https:\\\/\\\/blogdofarnesio.com.br\\\/wp-content\\\/uploads\\\/2026\\\/03\\\/cropped-logo_new-1.png\",\"width\":881,\"height\":685,\"caption\":\"Blog do Farn\u00e9sio\"},\"image\":{\"@id\":\"https:\\\/\\\/blogdofarnesio.com.br\\\/#\\\/schema\\\/logo\\\/image\\\/\"},\"sameAs\":[\"https:\\\/\\\/www.facebook.com\\\/BlogQuerSaberPolitica\\\/\"]},{\"@type\":\"Person\",\"@id\":\"https:\\\/\\\/blogdofarnesio.com.br\\\/#\\\/schema\\\/person\\\/bb9b23ae3ad0609ce8df7b6c9e76824d\",\"name\":\"Farn\u00e9sio\",\"image\":{\"@type\":\"ImageObject\",\"inLanguage\":\"pt-BR\",\"@id\":\"https:\\\/\\\/secure.gravatar.com\\\/avatar\\\/986aa4c61ccdb66f8555bf88fc2a65609d00bcabd4d2d94377a727547345cbca?s=96&d=mm&r=g\",\"url\":\"https:\\\/\\\/secure.gravatar.com\\\/avatar\\\/986aa4c61ccdb66f8555bf88fc2a65609d00bcabd4d2d94377a727547345cbca?s=96&d=mm&r=g\",\"contentUrl\":\"https:\\\/\\\/secure.gravatar.com\\\/avatar\\\/986aa4c61ccdb66f8555bf88fc2a65609d00bcabd4d2d94377a727547345cbca?s=96&d=mm&r=g\",\"caption\":\"Farn\u00e9sio\"},\"description\":\"Radialista blogueiro, chegou a Petrolina\\\/Juazeiro em setembro de 1980, Farn\u00e9sio Silva \u00e9 de Arapiraca-Alagoas.\",\"sameAs\":[\"http:\\\/\\\/blogdofarnesio.com.br\",\"https:\\\/\\\/www.facebook.com\\\/?ref=tn_tnmn\",\"https:\\\/\\\/www.instagram.com\\\/?utm_source=pwa_homescreen\",\"https:\\\/\\\/youtube.com.br\\\/\"],\"url\":\"https:\\\/\\\/blogdofarnesio.com.br\\\/?author=2\"}]}<\/script>\n<!-- \/ Yoast SEO plugin. -->","yoast_head_json":{"title":"Guilherme Coelho discute oportunidade de contrata\u00e7\u00e3o tempor\u00e1ria dos benefici\u00e1rios do Bolsa Fam\u00edlia com Sindicato dos Trabalhadores Rurais - Blog do Farn\u00e9sio","robots":{"index":"index","follow":"follow","max-snippet":"max-snippet:-1","max-image-preview":"max-image-preview:large","max-video-preview":"max-video-preview:-1"},"canonical":"https:\/\/blogdofarnesio.com.br\/?p=365919","og_locale":"pt_BR","og_type":"article","og_title":"Guilherme Coelho discute oportunidade de contrata\u00e7\u00e3o tempor\u00e1ria dos benefici\u00e1rios do Bolsa Fam\u00edlia com Sindicato dos Trabalhadores Rurais - Blog do Farn\u00e9sio","og_description":"Nesta quarta-feira (10), o presidente da Associa\u00e7\u00e3o Brasileira dos Produtores Exportadores de Frutas (Abrafrutas), Guilherme Coelho, esteve reunido com a diretoria do Sindicato dos Trabalhadores e Trabalhadoras Assalariados Rurais de Petrolina (STTAR). Entre os assuntos discutidos est\u00e1 a proposta que permite aos benefici\u00e1rios do Bolsa Fam\u00edlia trabalharem temporariamente sem o risco de perda do benef\u00edcio. De acordo com Guilherme Coelho, a fruticultura, assim como outros setores do agroneg\u00f3cio, vem enfrentando dificuldades para contrata\u00e7\u00e3o de m\u00e3o de obra. Durante o encontro com o presidente Luiz In\u00e1cio Lula da Silva, no \u00faltimo dia 21 de mar\u00e7o, o presidente da Abrafrutas sugeriu garantir a continuidade do Bolsa Fam\u00edlia para os trabalhadores tempor\u00e1rios. &#8220;Estamos empenhados em encontrar solu\u00e7\u00f5es que assegurem o sustento dos trabalhadores&hellip;","og_url":"https:\/\/blogdofarnesio.com.br\/?p=365919","og_site_name":"Blog do Farn\u00e9sio","article_publisher":"https:\/\/www.facebook.com\/BlogQuerSaberPolitica\/","article_author":"https:\/\/www.facebook.com\/?ref=tn_tnmn","article_published_time":"2024-04-11T16:00:41+00:00","og_image":[{"width":600,"height":386,"url":"https:\/\/blogdofarnesio.com.br\/wp-content\/uploads\/2024\/04\/blogqspabrafrutas-guilherme-sindicato-STTR-e1712839408776.jpeg","type":"image\/jpeg"}],"author":"Farn\u00e9sio","twitter_card":"summary_large_image","twitter_misc":{"Escrito por":"Farn\u00e9sio","Est. tempo de leitura":"2 minutos"},"schema":{"@context":"https:\/\/schema.org","@graph":[{"@type":"Article","@id":"https:\/\/blogdofarnesio.com.br\/?p=365919#article","isPartOf":{"@id":"https:\/\/blogdofarnesio.com.br\/?p=365919"},"author":{"name":"Farn\u00e9sio","@id":"https:\/\/blogdofarnesio.com.br\/#\/schema\/person\/bb9b23ae3ad0609ce8df7b6c9e76824d"},"headline":"Guilherme Coelho discute oportunidade de contrata\u00e7\u00e3o tempor\u00e1ria dos benefici\u00e1rios do Bolsa Fam\u00edlia com Sindicato dos Trabalhadores Rurais","datePublished":"2024-04-11T16:00:41+00:00","mainEntityOfPage":{"@id":"https:\/\/blogdofarnesio.com.br\/?p=365919"},"wordCount":306,"commentCount":0,"publisher":{"@id":"https:\/\/blogdofarnesio.com.br\/#organization"},"image":{"@id":"https:\/\/blogdofarnesio.com.br\/?p=365919#primaryimage"},"thumbnailUrl":"https:\/\/blogdofarnesio.com.br\/wp-content\/uploads\/2024\/04\/blogqspabrafrutas-guilherme-sindicato-STTR-e1712839408776.jpeg","articleSection":["Fruticultura"],"inLanguage":"pt-BR","potentialAction":[{"@type":"CommentAction","name":"Comment","target":["https:\/\/blogdofarnesio.com.br\/?p=365919#respond"]}]},{"@type":"WebPage","@id":"https:\/\/blogdofarnesio.com.br\/?p=365919","url":"https:\/\/blogdofarnesio.com.br\/?p=365919","name":"Guilherme Coelho discute oportunidade de contrata\u00e7\u00e3o tempor\u00e1ria dos benefici\u00e1rios do Bolsa Fam\u00edlia com Sindicato dos Trabalhadores Rurais - Blog do Farn\u00e9sio","isPartOf":{"@id":"https:\/\/blogdofarnesio.com.br\/#website"},"primaryImageOfPage":{"@id":"https:\/\/blogdofarnesio.com.br\/?p=365919#primaryimage"},"image":{"@id":"https:\/\/blogdofarnesio.com.br\/?p=365919#primaryimage"},"thumbnailUrl":"https:\/\/blogdofarnesio.com.br\/wp-content\/uploads\/2024\/04\/blogqspabrafrutas-guilherme-sindicato-STTR-e1712839408776.jpeg","datePublished":"2024-04-11T16:00:41+00:00","breadcrumb":{"@id":"https:\/\/blogdofarnesio.com.br\/?p=365919#breadcrumb"},"inLanguage":"pt-BR","potentialAction":[{"@type":"ReadAction","target":["https:\/\/blogdofarnesio.com.br\/?p=365919"]}]},{"@type":"ImageObject","inLanguage":"pt-BR","@id":"https:\/\/blogdofarnesio.com.br\/?p=365919#primaryimage","url":"https:\/\/blogdofarnesio.com.br\/wp-content\/uploads\/2024\/04\/blogqspabrafrutas-guilherme-sindicato-STTR-e1712839408776.jpeg","contentUrl":"https:\/\/blogdofarnesio.com.br\/wp-content\/uploads\/2024\/04\/blogqspabrafrutas-guilherme-sindicato-STTR-e1712839408776.jpeg","width":600,"height":386},{"@type":"BreadcrumbList","@id":"https:\/\/blogdofarnesio.com.br\/?p=365919#breadcrumb","itemListElement":[{"@type":"ListItem","position":1,"name":"In\u00edcio","item":"https:\/\/blogdofarnesio.com.br\/"},{"@type":"ListItem","position":2,"name":"Guilherme Coelho discute oportunidade de contrata\u00e7\u00e3o tempor\u00e1ria dos benefici\u00e1rios do Bolsa Fam\u00edlia com Sindicato dos Trabalhadores Rurais"}]},{"@type":"WebSite","@id":"https:\/\/blogdofarnesio.com.br\/#website","url":"https:\/\/blogdofarnesio.com.br\/","name":"Blog do Farn\u00e9sio","description":"Quer Saber Pol\u00edtica?","publisher":{"@id":"https:\/\/blogdofarnesio.com.br\/#organization"},"potentialAction":[{"@type":"SearchAction","target":{"@type":"EntryPoint","urlTemplate":"https:\/\/blogdofarnesio.com.br\/?s={search_term_string}"},"query-input":{"@type":"PropertyValueSpecification","valueRequired":true,"valueName":"search_term_string"}}],"inLanguage":"pt-BR"},{"@type":"Organization","@id":"https:\/\/blogdofarnesio.com.br\/#organization","name":"Blog do Farn\u00e9sio","url":"https:\/\/blogdofarnesio.com.br\/","logo":{"@type":"ImageObject","inLanguage":"pt-BR","@id":"https:\/\/blogdofarnesio.com.br\/#\/schema\/logo\/image\/","url":"https:\/\/blogdofarnesio.com.br\/wp-content\/uploads\/2026\/03\/cropped-logo_new-1.png","contentUrl":"https:\/\/blogdofarnesio.com.br\/wp-content\/uploads\/2026\/03\/cropped-logo_new-1.png","width":881,"height":685,"caption":"Blog do Farn\u00e9sio"},"image":{"@id":"https:\/\/blogdofarnesio.com.br\/#\/schema\/logo\/image\/"},"sameAs":["https:\/\/www.facebook.com\/BlogQuerSaberPolitica\/"]},{"@type":"Person","@id":"https:\/\/blogdofarnesio.com.br\/#\/schema\/person\/bb9b23ae3ad0609ce8df7b6c9e76824d","name":"Farn\u00e9sio","image":{"@type":"ImageObject","inLanguage":"pt-BR","@id":"https:\/\/secure.gravatar.com\/avatar\/986aa4c61ccdb66f8555bf88fc2a65609d00bcabd4d2d94377a727547345cbca?s=96&d=mm&r=g","url":"https:\/\/secure.gravatar.com\/avatar\/986aa4c61ccdb66f8555bf88fc2a65609d00bcabd4d2d94377a727547345cbca?s=96&d=mm&r=g","contentUrl":"https:\/\/secure.gravatar.com\/avatar\/986aa4c61ccdb66f8555bf88fc2a65609d00bcabd4d2d94377a727547345cbca?s=96&d=mm&r=g","caption":"Farn\u00e9sio"},"description":"Radialista blogueiro, chegou a Petrolina\/Juazeiro em setembro de 1980, Farn\u00e9sio Silva \u00e9 de Arapiraca-Alagoas.","sameAs":["http:\/\/blogdofarnesio.com.br","https:\/\/www.facebook.com\/?ref=tn_tnmn","https:\/\/www.instagram.com\/?utm_source=pwa_homescreen","https:\/\/youtube.com.br\/"],"url":"https:\/\/blogdofarnesio.com.br\/?author=2"}]}},"_links":{"self":[{"href":"https:\/\/blogdofarnesio.com.br\/index.php?rest_route=\/wp\/v2\/posts\/365919","targetHints":{"allow":["GET"]}}],"collection":[{"href":"https:\/\/blogdofarnesio.com.br\/index.php?rest_route=\/wp\/v2\/posts"}],"about":[{"href":"https:\/\/blogdofarnesio.com.br\/index.php?rest_route=\/wp\/v2\/types\/post"}],"author":[{"embeddable":true,"href":"https:\/\/blogdofarnesio.com.br\/index.php?rest_route=\/wp\/v2\/users\/2"}],"replies":[{"embeddable":true,"href":"https:\/\/blogdofarnesio.com.br\/index.php?rest_route=%2Fwp%2Fv2%2Fcomments&post=365919"}],"version-history":[{"count":0,"href":"https:\/\/blogdofarnesio.com.br\/index.php?rest_route=\/wp\/v2\/posts\/365919\/revisions"}],"wp:featuredmedia":[{"embeddable":true,"href":"https:\/\/blogdofarnesio.com.br\/index.php?rest_route=\/wp\/v2\/media\/365920"}],"wp:attachment":[{"href":"https:\/\/blogdofarnesio.com.br\/index.php?rest_route=%2Fwp%2Fv2%2Fmedia&parent=365919"}],"wp:term":[{"taxonomy":"category","embeddable":true,"href":"https:\/\/blogdofarnesio.com.br\/index.php?rest_route=%2Fwp%2Fv2%2Fcategories&post=365919"},{"taxonomy":"post_tag","embeddable":true,"href":"https:\/\/blogdofarnesio.com.br\/index.php?rest_route=%2Fwp%2Fv2%2Ftags&post=365919"}],"curies":[{"name":"wp","href":"https:\/\/api.w.org\/{rel}","templated":true}]}}